{"id":132260,"date":"2022-04-14T00:33:36","date_gmt":"2022-04-13T23:33:36","guid":{"rendered":"https:\/\/radioljubuski.ba\/?p=132260"},"modified":"2022-04-14T00:33:37","modified_gmt":"2022-04-13T23:33:37","slug":"dobio-vozila-i-novac-za-posao-niti-je-sto-uradio-niti-je-vratio-vozila","status":"publish","type":"post","link":"https:\/\/radioljubuski.ba\/index.php\/2022\/04\/14\/dobio-vozila-i-novac-za-posao-niti-je-sto-uradio-niti-je-vratio-vozila\/","title":{"rendered":"Dobio vozila i novac za posao, niti je \u0161to uradio, niti je vratio vozila"},"content":{"rendered":"\n<p>Banjalu\u010dka policija uhitila je osobu D.B. zbog sumnje da je po\u010dinio dva kaznena djela &#8220;Utaja&#8221;.<\/p>\n\n\n\n<p><br>&#8220;Nadle\u017enoj policijskoj stanici, istog dana, od strane o\u0161te\u0107enih lica, prijavljeno je, da su licu D.B. povjerili dva vozila, kako bi isti izvr\u0161io limarske radove, te mu je jedno o\u0161te\u0107eno lice dalo novac u iznosu od 3.000KM. Osumnji\u010deno lice nije izvr\u0161ilo dogovorene limarske radove, niti je vratilo novac i vozila, o\u0161te\u0107enim licima, te je na taj na\u010din po\u010dinio navedena kaznena djela&#8221;, stoji u priop\u0107enju PU Banja Luka.<\/p>\n\n\n\n<p>O svemu je obavije\u0161ten de\u017eurni tu\u017eitelj OJT Banja Luka.<\/p>\n\n\n\n<p>Izvor:pogled.ba<\/p>\n","protected":false},"excerpt":{"rendered":"<p>Banjalu\u010dka policija uhitila je osobu D.B. zbog sumnje da je po\u010dinio dva kaznena djela &#8220;Utaja&#8221;. &#8220;Nadle\u017enoj policijskoj stanici, istog dana, od strane o\u0161te\u0107enih lica, prijavljeno je, da su licu D.B. povjerili dva vozila, kako bi isti izvr\u0161io limarske radove, te mu je jedno o\u0161te\u0107eno lice dalo novac u iznosu od 3.000KM. Osumnji\u010deno lice nije izvr\u0161ilo [&hellip;]<\/p>\n","protected":false},"author":2,"featured_media":132261,"comment_status":"closed","ping_status":"closed","sticky":false,"template":"","format":"standard","meta":{"h5ap_radio_sources":[],"footnotes":""},"categories":[1],"tags":[],"class_list":["post-132260","post","type-post","status-publish","format-standard","has-post-thumbnail","hentry","category-bihiregija"],"yoast_head":"<!-- This site is optimized with the Yoast SEO plugin v27.5 - https:\/\/yoast.com\/product\/yoast-seo-wordpress\/ -->\n<title>Dobio vozila i novac za posao, niti je \u0161to uradio, niti je vratio vozila - RADIO LJUBU\u0160KI<\/title>\n<meta name=\"robots\" content=\"index, follow, max-snippet:-1, max-image-preview:large, max-video-preview:-1\" \/>\n<link rel=\"canonical\" href=\"https:\/\/radioljubuski.ba\/index.php\/2022\/04\/14\/dobio-vozila-i-novac-za-posao-niti-je-sto-uradio-niti-je-vratio-vozila\/\" \/>\n<meta property=\"og:locale\" content=\"hr_HR\" \/>\n<meta property=\"og:type\" content=\"article\" \/>\n<meta property=\"og:title\" content=\"Dobio vozila i novac za posao, niti je \u0161to uradio, niti je vratio vozila - RADIO LJUBU\u0160KI\" \/>\n<meta property=\"og:description\" content=\"Banjalu\u010dka policija uhitila je osobu D.B. zbog sumnje da je po\u010dinio dva kaznena djela &#8220;Utaja&#8221;. &#8220;Nadle\u017enoj policijskoj stanici, istog dana, od strane o\u0161te\u0107enih lica, prijavljeno je, da su licu D.B. povjerili dva vozila, kako bi isti izvr\u0161io limarske radove, te mu je jedno o\u0161te\u0107eno lice dalo novac u iznosu od 3.000KM. Osumnji\u010deno lice nije izvr\u0161ilo [&hellip;]\" \/>\n<meta property=\"og:url\" content=\"https:\/\/radioljubuski.ba\/index.php\/2022\/04\/14\/dobio-vozila-i-novac-za-posao-niti-je-sto-uradio-niti-je-vratio-vozila\/\" \/>\n<meta property=\"og:site_name\" content=\"RADIO LJUBU\u0160KI\" \/>\n<meta property=\"article:publisher\" content=\"https:\/\/www.facebook.com\/Radiio-Ljubuski-1490835324566332\" \/>\n<meta property=\"article:published_time\" content=\"2022-04-13T23:33:36+00:00\" \/>\n<meta property=\"article:modified_time\" content=\"2022-04-13T23:33:37+00:00\" \/>\n<meta property=\"og:image\" content=\"https:\/\/radioljubuski.ba\/wp-content\/uploads\/2022\/04\/8-2022-01-21-14-33-43-mup-usk-1.jpg\" \/>\n\t<meta property=\"og:image:width\" content=\"1000\" \/>\n\t<meta property=\"og:image:height\" content=\"625\" \/>\n\t<meta property=\"og:image:type\" content=\"image\/jpeg\" \/>\n<meta name=\"author\" content=\"Radio Ljubu\u0161ki\" \/>\n<meta name=\"twitter:card\" content=\"summary_large_image\" \/>\n<meta name=\"twitter:creator\" content=\"@radioljubuski\" \/>\n<meta name=\"twitter:site\" content=\"@radioljubuski\" \/>\n<meta name=\"twitter:label1\" content=\"Napisao\/la\" \/>\n\t<meta name=\"twitter:data1\" content=\"Radio Ljubu\u0161ki\" \/>\n\t<meta name=\"twitter:label2\" content=\"Procijenjeno vrijeme \u010ditanja\" \/>\n\t<meta name=\"twitter:data2\" content=\"1 minuta\" \/>\n<script type=\"application\/ld+json\" class=\"yoast-schema-graph\">{\"@context\":\"https:\\\/\\\/schema.org\",\"@graph\":[{\"@type\":\"Article\",\"@id\":\"https:\\\/\\\/radioljubuski.ba\\\/index.php\\\/2022\\\/04\\\/14\\\/dobio-vozila-i-novac-za-posao-niti-je-sto-uradio-niti-je-vratio-vozila\\\/#article\",\"isPartOf\":{\"@id\":\"https:\\\/\\\/radioljubuski.ba\\\/index.php\\\/2022\\\/04\\\/14\\\/dobio-vozila-i-novac-za-posao-niti-je-sto-uradio-niti-je-vratio-vozila\\\/\"},\"author\":{\"name\":\"Radio Ljubu\u0161ki\",\"@id\":\"https:\\\/\\\/radioljubuski.ba\\\/#\\\/schema\\\/person\\\/19fc700381a780f69665d7956c469e3b\"},\"headline\":\"Dobio vozila i novac za posao, niti je \u0161to uradio, niti je vratio vozila\",\"datePublished\":\"2022-04-13T23:33:36+00:00\",\"dateModified\":\"2022-04-13T23:33:37+00:00\",\"mainEntityOfPage\":{\"@id\":\"https:\\\/\\\/radioljubuski.ba\\\/index.php\\\/2022\\\/04\\\/14\\\/dobio-vozila-i-novac-za-posao-niti-je-sto-uradio-niti-je-vratio-vozila\\\/\"},\"wordCount\":127,\"publisher\":{\"@id\":\"https:\\\/\\\/radioljubuski.ba\\\/#organization\"},\"image\":{\"@id\":\"https:\\\/\\\/radioljubuski.ba\\\/index.php\\\/2022\\\/04\\\/14\\\/dobio-vozila-i-novac-za-posao-niti-je-sto-uradio-niti-je-vratio-vozila\\\/#primaryimage\"},\"thumbnailUrl\":\"https:\\\/\\\/radioljubuski.ba\\\/wp-content\\\/uploads\\\/2022\\\/04\\\/8-2022-01-21-14-33-43-mup-usk-1.jpg\",\"articleSection\":[\"BIH i regija\"],\"inLanguage\":\"hr\"},{\"@type\":\"WebPage\",\"@id\":\"https:\\\/\\\/radioljubuski.ba\\\/index.php\\\/2022\\\/04\\\/14\\\/dobio-vozila-i-novac-za-posao-niti-je-sto-uradio-niti-je-vratio-vozila\\\/\",\"url\":\"https:\\\/\\\/radioljubuski.ba\\\/index.php\\\/2022\\\/04\\\/14\\\/dobio-vozila-i-novac-za-posao-niti-je-sto-uradio-niti-je-vratio-vozila\\\/\",\"name\":\"Dobio vozila i novac za posao, niti je \u0161to uradio, niti je vratio vozila - RADIO LJUBU\u0160KI\",\"isPartOf\":{\"@id\":\"https:\\\/\\\/radioljubuski.ba\\\/#website\"},\"primaryImageOfPage\":{\"@id\":\"https:\\\/\\\/radioljubuski.ba\\\/index.php\\\/2022\\\/04\\\/14\\\/dobio-vozila-i-novac-za-posao-niti-je-sto-uradio-niti-je-vratio-vozila\\\/#primaryimage\"},\"image\":{\"@id\":\"https:\\\/\\\/radioljubuski.ba\\\/index.php\\\/2022\\\/04\\\/14\\\/dobio-vozila-i-novac-za-posao-niti-je-sto-uradio-niti-je-vratio-vozila\\\/#primaryimage\"},\"thumbnailUrl\":\"https:\\\/\\\/radioljubuski.ba\\\/wp-content\\\/uploads\\\/2022\\\/04\\\/8-2022-01-21-14-33-43-mup-usk-1.jpg\",\"datePublished\":\"2022-04-13T23:33:36+00:00\",\"dateModified\":\"2022-04-13T23:33:37+00:00\",\"breadcrumb\":{\"@id\":\"https:\\\/\\\/radioljubuski.ba\\\/index.php\\\/2022\\\/04\\\/14\\\/dobio-vozila-i-novac-za-posao-niti-je-sto-uradio-niti-je-vratio-vozila\\\/#breadcrumb\"},\"inLanguage\":\"hr\",\"potentialAction\":[{\"@type\":\"ReadAction\",\"target\":[\"https:\\\/\\\/radioljubuski.ba\\\/index.php\\\/2022\\\/04\\\/14\\\/dobio-vozila-i-novac-za-posao-niti-je-sto-uradio-niti-je-vratio-vozila\\\/\"]}]},{\"@type\":\"ImageObject\",\"inLanguage\":\"hr\",\"@id\":\"https:\\\/\\\/radioljubuski.ba\\\/index.php\\\/2022\\\/04\\\/14\\\/dobio-vozila-i-novac-za-posao-niti-je-sto-uradio-niti-je-vratio-vozila\\\/#primaryimage\",\"url\":\"https:\\\/\\\/radioljubuski.ba\\\/wp-content\\\/uploads\\\/2022\\\/04\\\/8-2022-01-21-14-33-43-mup-usk-1.jpg\",\"contentUrl\":\"https:\\\/\\\/radioljubuski.ba\\\/wp-content\\\/uploads\\\/2022\\\/04\\\/8-2022-01-21-14-33-43-mup-usk-1.jpg\",\"width\":1000,\"height\":625},{\"@type\":\"BreadcrumbList\",\"@id\":\"https:\\\/\\\/radioljubuski.ba\\\/index.php\\\/2022\\\/04\\\/14\\\/dobio-vozila-i-novac-za-posao-niti-je-sto-uradio-niti-je-vratio-vozila\\\/#breadcrumb\",\"itemListElement\":[{\"@type\":\"ListItem\",\"position\":1,\"name\":\"Po\u010detna stranica\",\"item\":\"https:\\\/\\\/radioljubuski.ba\\\/\"},{\"@type\":\"ListItem\",\"position\":2,\"name\":\"Dobio vozila i novac za posao, niti je \u0161to uradio, niti je vratio vozila\"}]},{\"@type\":\"WebSite\",\"@id\":\"https:\\\/\\\/radioljubuski.ba\\\/#website\",\"url\":\"https:\\\/\\\/radioljubuski.ba\\\/\",\"name\":\"Radio Ljubu\u0161ki\",\"description\":\"Sun\u010dana frekvencija Hercegovine\",\"publisher\":{\"@id\":\"https:\\\/\\\/radioljubuski.ba\\\/#organization\"},\"potentialAction\":[{\"@type\":\"SearchAction\",\"target\":{\"@type\":\"EntryPoint\",\"urlTemplate\":\"https:\\\/\\\/radioljubuski.ba\\\/?s={search_term_string}\"},\"query-input\":{\"@type\":\"PropertyValueSpecification\",\"valueRequired\":true,\"valueName\":\"search_term_string\"}}],\"inLanguage\":\"hr\"},{\"@type\":\"Organization\",\"@id\":\"https:\\\/\\\/radioljubuski.ba\\\/#organization\",\"name\":\"Radio Ljubu\u0161ki\",\"url\":\"https:\\\/\\\/radioljubuski.ba\\\/\",\"logo\":{\"@type\":\"ImageObject\",\"inLanguage\":\"hr\",\"@id\":\"https:\\\/\\\/radioljubuski.ba\\\/#\\\/schema\\\/logo\\\/image\\\/\",\"url\":\"https:\\\/\\\/radioljubuski.ba\\\/wp-content\\\/uploads\\\/2021\\\/02\\\/cropped-Radio_Ljubuski_logo1.jpg\",\"contentUrl\":\"https:\\\/\\\/radioljubuski.ba\\\/wp-content\\\/uploads\\\/2021\\\/02\\\/cropped-Radio_Ljubuski_logo1.jpg\",\"width\":512,\"height\":512,\"caption\":\"Radio Ljubu\u0161ki\"},\"image\":{\"@id\":\"https:\\\/\\\/radioljubuski.ba\\\/#\\\/schema\\\/logo\\\/image\\\/\"},\"sameAs\":[\"https:\\\/\\\/www.facebook.com\\\/Radiio-Ljubuski-1490835324566332\",\"https:\\\/\\\/x.com\\\/radioljubuski\",\"https:\\\/\\\/hr.linkedin.com\\\/company\\\/radio-ljubuski\",\"https:\\\/\\\/www.youtube.com\\\/channel\\\/UCHYaeO_n0Db3tjNGudGpXyw\"]},{\"@type\":\"Person\",\"@id\":\"https:\\\/\\\/radioljubuski.ba\\\/#\\\/schema\\\/person\\\/19fc700381a780f69665d7956c469e3b\",\"name\":\"Radio Ljubu\u0161ki\"}]}<\/script>\n<!-- \/ Yoast SEO plugin. -->","yoast_head_json":{"title":"Dobio vozila i novac za posao, niti je \u0161to uradio, niti je vratio vozila - RADIO LJUBU\u0160KI","robots":{"index":"index","follow":"follow","max-snippet":"max-snippet:-1","max-image-preview":"max-image-preview:large","max-video-preview":"max-video-preview:-1"},"canonical":"https:\/\/radioljubuski.ba\/index.php\/2022\/04\/14\/dobio-vozila-i-novac-za-posao-niti-je-sto-uradio-niti-je-vratio-vozila\/","og_locale":"hr_HR","og_type":"article","og_title":"Dobio vozila i novac za posao, niti je \u0161to uradio, niti je vratio vozila - RADIO LJUBU\u0160KI","og_description":"Banjalu\u010dka policija uhitila je osobu D.B. zbog sumnje da je po\u010dinio dva kaznena djela &#8220;Utaja&#8221;. &#8220;Nadle\u017enoj policijskoj stanici, istog dana, od strane o\u0161te\u0107enih lica, prijavljeno je, da su licu D.B. povjerili dva vozila, kako bi isti izvr\u0161io limarske radove, te mu je jedno o\u0161te\u0107eno lice dalo novac u iznosu od 3.000KM. Osumnji\u010deno lice nije izvr\u0161ilo [&hellip;]","og_url":"https:\/\/radioljubuski.ba\/index.php\/2022\/04\/14\/dobio-vozila-i-novac-za-posao-niti-je-sto-uradio-niti-je-vratio-vozila\/","og_site_name":"RADIO LJUBU\u0160KI","article_publisher":"https:\/\/www.facebook.com\/Radiio-Ljubuski-1490835324566332","article_published_time":"2022-04-13T23:33:36+00:00","article_modified_time":"2022-04-13T23:33:37+00:00","og_image":[{"width":1000,"height":625,"url":"https:\/\/radioljubuski.ba\/wp-content\/uploads\/2022\/04\/8-2022-01-21-14-33-43-mup-usk-1.jpg","type":"image\/jpeg"}],"author":"Radio Ljubu\u0161ki","twitter_card":"summary_large_image","twitter_creator":"@radioljubuski","twitter_site":"@radioljubuski","twitter_misc":{"Napisao\/la":"Radio Ljubu\u0161ki","Procijenjeno vrijeme \u010ditanja":"1 minuta"},"schema":{"@context":"https:\/\/schema.org","@graph":[{"@type":"Article","@id":"https:\/\/radioljubuski.ba\/index.php\/2022\/04\/14\/dobio-vozila-i-novac-za-posao-niti-je-sto-uradio-niti-je-vratio-vozila\/#article","isPartOf":{"@id":"https:\/\/radioljubuski.ba\/index.php\/2022\/04\/14\/dobio-vozila-i-novac-za-posao-niti-je-sto-uradio-niti-je-vratio-vozila\/"},"author":{"name":"Radio Ljubu\u0161ki","@id":"https:\/\/radioljubuski.ba\/#\/schema\/person\/19fc700381a780f69665d7956c469e3b"},"headline":"Dobio vozila i novac za posao, niti je \u0161to uradio, niti je vratio vozila","datePublished":"2022-04-13T23:33:36+00:00","dateModified":"2022-04-13T23:33:37+00:00","mainEntityOfPage":{"@id":"https:\/\/radioljubuski.ba\/index.php\/2022\/04\/14\/dobio-vozila-i-novac-za-posao-niti-je-sto-uradio-niti-je-vratio-vozila\/"},"wordCount":127,"publisher":{"@id":"https:\/\/radioljubuski.ba\/#organization"},"image":{"@id":"https:\/\/radioljubuski.ba\/index.php\/2022\/04\/14\/dobio-vozila-i-novac-za-posao-niti-je-sto-uradio-niti-je-vratio-vozila\/#primaryimage"},"thumbnailUrl":"https:\/\/radioljubuski.ba\/wp-content\/uploads\/2022\/04\/8-2022-01-21-14-33-43-mup-usk-1.jpg","articleSection":["BIH i regija"],"inLanguage":"hr"},{"@type":"WebPage","@id":"https:\/\/radioljubuski.ba\/index.php\/2022\/04\/14\/dobio-vozila-i-novac-za-posao-niti-je-sto-uradio-niti-je-vratio-vozila\/","url":"https:\/\/radioljubuski.ba\/index.php\/2022\/04\/14\/dobio-vozila-i-novac-za-posao-niti-je-sto-uradio-niti-je-vratio-vozila\/","name":"Dobio vozila i novac za posao, niti je \u0161to uradio, niti je vratio vozila - RADIO LJUBU\u0160KI","isPartOf":{"@id":"https:\/\/radioljubuski.ba\/#website"},"primaryImageOfPage":{"@id":"https:\/\/radioljubuski.ba\/index.php\/2022\/04\/14\/dobio-vozila-i-novac-za-posao-niti-je-sto-uradio-niti-je-vratio-vozila\/#primaryimage"},"image":{"@id":"https:\/\/radioljubuski.ba\/index.php\/2022\/04\/14\/dobio-vozila-i-novac-za-posao-niti-je-sto-uradio-niti-je-vratio-vozila\/#primaryimage"},"thumbnailUrl":"https:\/\/radioljubuski.ba\/wp-content\/uploads\/2022\/04\/8-2022-01-21-14-33-43-mup-usk-1.jpg","datePublished":"2022-04-13T23:33:36+00:00","dateModified":"2022-04-13T23:33:37+00:00","breadcrumb":{"@id":"https:\/\/radioljubuski.ba\/index.php\/2022\/04\/14\/dobio-vozila-i-novac-za-posao-niti-je-sto-uradio-niti-je-vratio-vozila\/#breadcrumb"},"inLanguage":"hr","potentialAction":[{"@type":"ReadAction","target":["https:\/\/radioljubuski.ba\/index.php\/2022\/04\/14\/dobio-vozila-i-novac-za-posao-niti-je-sto-uradio-niti-je-vratio-vozila\/"]}]},{"@type":"ImageObject","inLanguage":"hr","@id":"https:\/\/radioljubuski.ba\/index.php\/2022\/04\/14\/dobio-vozila-i-novac-za-posao-niti-je-sto-uradio-niti-je-vratio-vozila\/#primaryimage","url":"https:\/\/radioljubuski.ba\/wp-content\/uploads\/2022\/04\/8-2022-01-21-14-33-43-mup-usk-1.jpg","contentUrl":"https:\/\/radioljubuski.ba\/wp-content\/uploads\/2022\/04\/8-2022-01-21-14-33-43-mup-usk-1.jpg","width":1000,"height":625},{"@type":"BreadcrumbList","@id":"https:\/\/radioljubuski.ba\/index.php\/2022\/04\/14\/dobio-vozila-i-novac-za-posao-niti-je-sto-uradio-niti-je-vratio-vozila\/#breadcrumb","itemListElement":[{"@type":"ListItem","position":1,"name":"Po\u010detna stranica","item":"https:\/\/radioljubuski.ba\/"},{"@type":"ListItem","position":2,"name":"Dobio vozila i novac za posao, niti je \u0161to uradio, niti je vratio vozila"}]},{"@type":"WebSite","@id":"https:\/\/radioljubuski.ba\/#website","url":"https:\/\/radioljubuski.ba\/","name":"Radio Ljubu\u0161ki","description":"Sun\u010dana frekvencija Hercegovine","publisher":{"@id":"https:\/\/radioljubuski.ba\/#organization"},"potentialAction":[{"@type":"SearchAction","target":{"@type":"EntryPoint","urlTemplate":"https:\/\/radioljubuski.ba\/?s={search_term_string}"},"query-input":{"@type":"PropertyValueSpecification","valueRequired":true,"valueName":"search_term_string"}}],"inLanguage":"hr"},{"@type":"Organization","@id":"https:\/\/radioljubuski.ba\/#organization","name":"Radio Ljubu\u0161ki","url":"https:\/\/radioljubuski.ba\/","logo":{"@type":"ImageObject","inLanguage":"hr","@id":"https:\/\/radioljubuski.ba\/#\/schema\/logo\/image\/","url":"https:\/\/radioljubuski.ba\/wp-content\/uploads\/2021\/02\/cropped-Radio_Ljubuski_logo1.jpg","contentUrl":"https:\/\/radioljubuski.ba\/wp-content\/uploads\/2021\/02\/cropped-Radio_Ljubuski_logo1.jpg","width":512,"height":512,"caption":"Radio Ljubu\u0161ki"},"image":{"@id":"https:\/\/radioljubuski.ba\/#\/schema\/logo\/image\/"},"sameAs":["https:\/\/www.facebook.com\/Radiio-Ljubuski-1490835324566332","https:\/\/x.com\/radioljubuski","https:\/\/hr.linkedin.com\/company\/radio-ljubuski","https:\/\/www.youtube.com\/channel\/UCHYaeO_n0Db3tjNGudGpXyw"]},{"@type":"Person","@id":"https:\/\/radioljubuski.ba\/#\/schema\/person\/19fc700381a780f69665d7956c469e3b","name":"Radio Ljubu\u0161ki"}]}},"_links":{"self":[{"href":"https:\/\/radioljubuski.ba\/index.php\/wp-json\/wp\/v2\/posts\/132260","targetHints":{"allow":["GET"]}}],"collection":[{"href":"https:\/\/radioljubuski.ba\/index.php\/wp-json\/wp\/v2\/posts"}],"about":[{"href":"https:\/\/radioljubuski.ba\/index.php\/wp-json\/wp\/v2\/types\/post"}],"author":[{"embeddable":true,"href":"https:\/\/radioljubuski.ba\/index.php\/wp-json\/wp\/v2\/users\/2"}],"replies":[{"embeddable":true,"href":"https:\/\/radioljubuski.ba\/index.php\/wp-json\/wp\/v2\/comments?post=132260"}],"version-history":[{"count":1,"href":"https:\/\/radioljubuski.ba\/index.php\/wp-json\/wp\/v2\/posts\/132260\/revisions"}],"predecessor-version":[{"id":132262,"href":"https:\/\/radioljubuski.ba\/index.php\/wp-json\/wp\/v2\/posts\/132260\/revisions\/132262"}],"wp:featuredmedia":[{"embeddable":true,"href":"https:\/\/radioljubuski.ba\/index.php\/wp-json\/wp\/v2\/media\/132261"}],"wp:attachment":[{"href":"https:\/\/radioljubuski.ba\/index.php\/wp-json\/wp\/v2\/media?parent=132260"}],"wp:term":[{"taxonomy":"category","embeddable":true,"href":"https:\/\/radioljubuski.ba\/index.php\/wp-json\/wp\/v2\/categories?post=132260"},{"taxonomy":"post_tag","embeddable":true,"href":"https:\/\/radioljubuski.ba\/index.php\/wp-json\/wp\/v2\/tags?post=132260"}],"curies":[{"name":"wp","href":"https:\/\/api.w.org\/{rel}","templated":true}]}}