{"id":132280,"date":"2022-04-14T00:45:08","date_gmt":"2022-04-13T23:45:08","guid":{"rendered":"https:\/\/radioljubuski.ba\/?p=132280"},"modified":"2022-04-14T00:45:09","modified_gmt":"2022-04-13T23:45:09","slug":"grad-mostar-o-radnom-vremenu-posljednjih-dana-suoceni-smo-sa-brojnim-pitanjima-poslodavaca","status":"publish","type":"post","link":"https:\/\/radioljubuski.ba\/index.php\/2022\/04\/14\/grad-mostar-o-radnom-vremenu-posljednjih-dana-suoceni-smo-sa-brojnim-pitanjima-poslodavaca\/","title":{"rendered":"Grad Mostar o radnom vremenu: Posljednjih dana suo\u010deni smo sa brojnim pitanjima poslodavaca&#8230;"},"content":{"rendered":"\n<p>Slu\u017eba za inspekcijske poslove Grada Mostara vr\u0161i pripreme za implementaciju Odluke o radnom vremenu objekata u kojima pravne i fizi\u010dke osobe obavljaju djelatnost na podru\u010dju Grada Mostara(\u201eSlu\u017ebeni glasnik Grada Mostara\u201cbroj 04\/22).<\/p>\n\n\n\n<p>Posljednjih dana suo\u010deni smo sa brojnim pitanjima poslodavaca koja se odnose na aspekt primjene Odluke, posebno u dijelu utvr\u0111ivanja neradnog dana.<\/p>\n\n\n\n<p>S tim u vezi, obavje\u0161tavamo sve poslovne subjekte koji podlije\u017eu ograni\u010denjima propisanim \u010dlanom 5., \u010dlanom 8. i \u010dlanom 9. Odluke, a koji su izabrali neki drugi dan u tjednu kao neradni a ne nedjelju, da su du\u017eni obratiti se Zahtjevom Slu\u017ebi za inspekcijske poslove, za dono\u0161enje Rje\u0161enja kojim \u0107e im se odobriti drugi dan kao neradni.<\/p>\n\n\n\n<p>Obavijest o radnom vremenu, koja \u0107e sadr\u017eavati podatke i o neradnom danu svi poslovni subjekti du\u017eni su vidno istaknuti na ulaznim vratima objekta ili na neki drugi prikladan na\u010din.<\/p>\n\n\n\n<p>Tako\u0111er, upu\u0107ujemo informaciju tr\u017enim centrima kao i poslovnim subjektima koji obavljaju djelatnosti u sklopu istih, da je mjerodavno radno vrijeme ono koje utvrdi tr\u017eni centar, te su ga se du\u017eni pridr\u017eavati subjekti koji posluju u sklopu istoga.<\/p>\n\n\n\n<p>Obzirom da nije bilo upita koji se odnose na neradne dane dr\u017eavnih praznika, to zaklju\u010dujemo da oko ovog pitanja nema nejasno\u0107a. Stoga, upozoravamo poslovne subjekte, na koje se odnosi ovo ograni\u010denje, da ve\u0107 za predstoje\u0107i prvosvibanjski dr\u017eavni praznik ne\u0107e mo\u0107i raditi u dane 1. i 2. svibanj 2022.<\/p>\n\n\n\n<p>Zaprije\u0107ene kazne, za neodre\u0111ivanje radnog vremena shodno Odluci, kre\u0107u se u rasponu 1000 KM-3000 KM za pravne osobe, 500 KM &#8211; 1000 KM za odgovorna lica u pravnim osobama, te za fizi\u010dke osobe 200 KM &#8211; 500 KM.<\/p>\n\n\n\n<p>Za prekr\u0161aj neisticanja radnog vremena i nepridr\u017eavanja utvr\u0111enog radnog vremena, shodno Zakonu o unutra\u0161njoj trgovini, zaprije\u0107ena kazna pravnim osobama kre\u0107e se u rasponu 2000 KM 10000 KM, odgovornim licima u pravnim osobama 500 KM &#8211; 1500 KM, te fizi\u010dkim osobama-trgovcima 500 KM &#8211; 1200 KM.<\/p>\n\n\n\n<p>Pozivamo sve poslovne subjekte koji na podru\u010dju Grada Mostara obavljaju djelatnosti da svoje radno vrijeme usklade sa va\u017ee\u0107im propisima, navodi se u priop\u0107enju iz Grada Mostara.<\/p>\n\n\n\n<p>Izvor:pogled.ba<\/p>\n","protected":false},"excerpt":{"rendered":"<p>Slu\u017eba za inspekcijske poslove Grada Mostara vr\u0161i pripreme za implementaciju Odluke o radnom vremenu objekata u kojima pravne i fizi\u010dke osobe obavljaju djelatnost na podru\u010dju Grada Mostara(\u201eSlu\u017ebeni glasnik Grada Mostara\u201cbroj 04\/22). Posljednjih dana suo\u010deni smo sa brojnim pitanjima poslodavaca koja se odnose na aspekt primjene Odluke, posebno u dijelu utvr\u0111ivanja neradnog dana. S tim u [&hellip;]<\/p>\n","protected":false},"author":2,"featured_media":132281,"comment_status":"closed","ping_status":"closed","sticky":false,"template":"","format":"standard","meta":{"h5ap_radio_sources":[],"footnotes":""},"categories":[1],"tags":[],"class_list":["post-132280","post","type-post","status-publish","format-standard","has-post-thumbnail","hentry","category-bihiregija"],"yoast_head":"<!-- This site is optimized with the Yoast SEO plugin v27.5 - https:\/\/yoast.com\/product\/yoast-seo-wordpress\/ -->\n<title>Grad Mostar o radnom vremenu: Posljednjih dana suo\u010deni smo sa brojnim pitanjima poslodavaca... - RADIO LJUBU\u0160KI<\/title>\n<meta name=\"robots\" content=\"index, follow, max-snippet:-1, max-image-preview:large, max-video-preview:-1\" \/>\n<link rel=\"canonical\" href=\"https:\/\/radioljubuski.ba\/index.php\/2022\/04\/14\/grad-mostar-o-radnom-vremenu-posljednjih-dana-suoceni-smo-sa-brojnim-pitanjima-poslodavaca\/\" \/>\n<meta property=\"og:locale\" content=\"hr_HR\" \/>\n<meta property=\"og:type\" content=\"article\" \/>\n<meta property=\"og:title\" content=\"Grad Mostar o radnom vremenu: Posljednjih dana suo\u010deni smo sa brojnim pitanjima poslodavaca... - RADIO LJUBU\u0160KI\" \/>\n<meta property=\"og:description\" content=\"Slu\u017eba za inspekcijske poslove Grada Mostara vr\u0161i pripreme za implementaciju Odluke o radnom vremenu objekata u kojima pravne i fizi\u010dke osobe obavljaju djelatnost na podru\u010dju Grada Mostara(\u201eSlu\u017ebeni glasnik Grada Mostara\u201cbroj 04\/22). Posljednjih dana suo\u010deni smo sa brojnim pitanjima poslodavaca koja se odnose na aspekt primjene Odluke, posebno u dijelu utvr\u0111ivanja neradnog dana. S tim u [&hellip;]\" \/>\n<meta property=\"og:url\" content=\"https:\/\/radioljubuski.ba\/index.php\/2022\/04\/14\/grad-mostar-o-radnom-vremenu-posljednjih-dana-suoceni-smo-sa-brojnim-pitanjima-poslodavaca\/\" \/>\n<meta property=\"og:site_name\" content=\"RADIO LJUBU\u0160KI\" \/>\n<meta property=\"article:publisher\" content=\"https:\/\/www.facebook.com\/Radiio-Ljubuski-1490835324566332\" \/>\n<meta property=\"article:published_time\" content=\"2022-04-13T23:45:08+00:00\" \/>\n<meta property=\"article:modified_time\" content=\"2022-04-13T23:45:09+00:00\" \/>\n<meta property=\"og:image\" content=\"https:\/\/radioljubuski.ba\/wp-content\/uploads\/2022\/04\/radno_vrijeme.jpg\" \/>\n\t<meta property=\"og:image:width\" content=\"640\" \/>\n\t<meta property=\"og:image:height\" content=\"426\" \/>\n\t<meta property=\"og:image:type\" content=\"image\/jpeg\" \/>\n<meta name=\"author\" content=\"Radio Ljubu\u0161ki\" \/>\n<meta name=\"twitter:card\" content=\"summary_large_image\" \/>\n<meta name=\"twitter:creator\" content=\"@radioljubuski\" \/>\n<meta name=\"twitter:site\" content=\"@radioljubuski\" \/>\n<meta name=\"twitter:label1\" content=\"Napisao\/la\" \/>\n\t<meta name=\"twitter:data1\" content=\"Radio Ljubu\u0161ki\" \/>\n\t<meta name=\"twitter:label2\" content=\"Procijenjeno vrijeme \u010ditanja\" \/>\n\t<meta name=\"twitter:data2\" content=\"2 minute\" \/>\n<script type=\"application\/ld+json\" class=\"yoast-schema-graph\">{\"@context\":\"https:\\\/\\\/schema.org\",\"@graph\":[{\"@type\":\"Article\",\"@id\":\"https:\\\/\\\/radioljubuski.ba\\\/index.php\\\/2022\\\/04\\\/14\\\/grad-mostar-o-radnom-vremenu-posljednjih-dana-suoceni-smo-sa-brojnim-pitanjima-poslodavaca\\\/#article\",\"isPartOf\":{\"@id\":\"https:\\\/\\\/radioljubuski.ba\\\/index.php\\\/2022\\\/04\\\/14\\\/grad-mostar-o-radnom-vremenu-posljednjih-dana-suoceni-smo-sa-brojnim-pitanjima-poslodavaca\\\/\"},\"author\":{\"name\":\"Radio Ljubu\u0161ki\",\"@id\":\"https:\\\/\\\/radioljubuski.ba\\\/#\\\/schema\\\/person\\\/19fc700381a780f69665d7956c469e3b\"},\"headline\":\"Grad Mostar o radnom vremenu: Posljednjih dana suo\u010deni smo sa brojnim pitanjima poslodavaca&#8230;\",\"datePublished\":\"2022-04-13T23:45:08+00:00\",\"dateModified\":\"2022-04-13T23:45:09+00:00\",\"mainEntityOfPage\":{\"@id\":\"https:\\\/\\\/radioljubuski.ba\\\/index.php\\\/2022\\\/04\\\/14\\\/grad-mostar-o-radnom-vremenu-posljednjih-dana-suoceni-smo-sa-brojnim-pitanjima-poslodavaca\\\/\"},\"wordCount\":378,\"publisher\":{\"@id\":\"https:\\\/\\\/radioljubuski.ba\\\/#organization\"},\"image\":{\"@id\":\"https:\\\/\\\/radioljubuski.ba\\\/index.php\\\/2022\\\/04\\\/14\\\/grad-mostar-o-radnom-vremenu-posljednjih-dana-suoceni-smo-sa-brojnim-pitanjima-poslodavaca\\\/#primaryimage\"},\"thumbnailUrl\":\"https:\\\/\\\/radioljubuski.ba\\\/wp-content\\\/uploads\\\/2022\\\/04\\\/radno_vrijeme.jpg\",\"articleSection\":[\"BIH i regija\"],\"inLanguage\":\"hr\"},{\"@type\":\"WebPage\",\"@id\":\"https:\\\/\\\/radioljubuski.ba\\\/index.php\\\/2022\\\/04\\\/14\\\/grad-mostar-o-radnom-vremenu-posljednjih-dana-suoceni-smo-sa-brojnim-pitanjima-poslodavaca\\\/\",\"url\":\"https:\\\/\\\/radioljubuski.ba\\\/index.php\\\/2022\\\/04\\\/14\\\/grad-mostar-o-radnom-vremenu-posljednjih-dana-suoceni-smo-sa-brojnim-pitanjima-poslodavaca\\\/\",\"name\":\"Grad Mostar o radnom vremenu: Posljednjih dana suo\u010deni smo sa brojnim pitanjima poslodavaca... - RADIO LJUBU\u0160KI\",\"isPartOf\":{\"@id\":\"https:\\\/\\\/radioljubuski.ba\\\/#website\"},\"primaryImageOfPage\":{\"@id\":\"https:\\\/\\\/radioljubuski.ba\\\/index.php\\\/2022\\\/04\\\/14\\\/grad-mostar-o-radnom-vremenu-posljednjih-dana-suoceni-smo-sa-brojnim-pitanjima-poslodavaca\\\/#primaryimage\"},\"image\":{\"@id\":\"https:\\\/\\\/radioljubuski.ba\\\/index.php\\\/2022\\\/04\\\/14\\\/grad-mostar-o-radnom-vremenu-posljednjih-dana-suoceni-smo-sa-brojnim-pitanjima-poslodavaca\\\/#primaryimage\"},\"thumbnailUrl\":\"https:\\\/\\\/radioljubuski.ba\\\/wp-content\\\/uploads\\\/2022\\\/04\\\/radno_vrijeme.jpg\",\"datePublished\":\"2022-04-13T23:45:08+00:00\",\"dateModified\":\"2022-04-13T23:45:09+00:00\",\"breadcrumb\":{\"@id\":\"https:\\\/\\\/radioljubuski.ba\\\/index.php\\\/2022\\\/04\\\/14\\\/grad-mostar-o-radnom-vremenu-posljednjih-dana-suoceni-smo-sa-brojnim-pitanjima-poslodavaca\\\/#breadcrumb\"},\"inLanguage\":\"hr\",\"potentialAction\":[{\"@type\":\"ReadAction\",\"target\":[\"https:\\\/\\\/radioljubuski.ba\\\/index.php\\\/2022\\\/04\\\/14\\\/grad-mostar-o-radnom-vremenu-posljednjih-dana-suoceni-smo-sa-brojnim-pitanjima-poslodavaca\\\/\"]}]},{\"@type\":\"ImageObject\",\"inLanguage\":\"hr\",\"@id\":\"https:\\\/\\\/radioljubuski.ba\\\/index.php\\\/2022\\\/04\\\/14\\\/grad-mostar-o-radnom-vremenu-posljednjih-dana-suoceni-smo-sa-brojnim-pitanjima-poslodavaca\\\/#primaryimage\",\"url\":\"https:\\\/\\\/radioljubuski.ba\\\/wp-content\\\/uploads\\\/2022\\\/04\\\/radno_vrijeme.jpg\",\"contentUrl\":\"https:\\\/\\\/radioljubuski.ba\\\/wp-content\\\/uploads\\\/2022\\\/04\\\/radno_vrijeme.jpg\",\"width\":640,\"height\":426},{\"@type\":\"BreadcrumbList\",\"@id\":\"https:\\\/\\\/radioljubuski.ba\\\/index.php\\\/2022\\\/04\\\/14\\\/grad-mostar-o-radnom-vremenu-posljednjih-dana-suoceni-smo-sa-brojnim-pitanjima-poslodavaca\\\/#breadcrumb\",\"itemListElement\":[{\"@type\":\"ListItem\",\"position\":1,\"name\":\"Po\u010detna stranica\",\"item\":\"https:\\\/\\\/radioljubuski.ba\\\/\"},{\"@type\":\"ListItem\",\"position\":2,\"name\":\"Grad Mostar o radnom vremenu: Posljednjih dana suo\u010deni smo sa brojnim pitanjima poslodavaca&#8230;\"}]},{\"@type\":\"WebSite\",\"@id\":\"https:\\\/\\\/radioljubuski.ba\\\/#website\",\"url\":\"https:\\\/\\\/radioljubuski.ba\\\/\",\"name\":\"Radio Ljubu\u0161ki\",\"description\":\"Sun\u010dana frekvencija Hercegovine\",\"publisher\":{\"@id\":\"https:\\\/\\\/radioljubuski.ba\\\/#organization\"},\"potentialAction\":[{\"@type\":\"SearchAction\",\"target\":{\"@type\":\"EntryPoint\",\"urlTemplate\":\"https:\\\/\\\/radioljubuski.ba\\\/?s={search_term_string}\"},\"query-input\":{\"@type\":\"PropertyValueSpecification\",\"valueRequired\":true,\"valueName\":\"search_term_string\"}}],\"inLanguage\":\"hr\"},{\"@type\":\"Organization\",\"@id\":\"https:\\\/\\\/radioljubuski.ba\\\/#organization\",\"name\":\"Radio Ljubu\u0161ki\",\"url\":\"https:\\\/\\\/radioljubuski.ba\\\/\",\"logo\":{\"@type\":\"ImageObject\",\"inLanguage\":\"hr\",\"@id\":\"https:\\\/\\\/radioljubuski.ba\\\/#\\\/schema\\\/logo\\\/image\\\/\",\"url\":\"https:\\\/\\\/radioljubuski.ba\\\/wp-content\\\/uploads\\\/2021\\\/02\\\/cropped-Radio_Ljubuski_logo1.jpg\",\"contentUrl\":\"https:\\\/\\\/radioljubuski.ba\\\/wp-content\\\/uploads\\\/2021\\\/02\\\/cropped-Radio_Ljubuski_logo1.jpg\",\"width\":512,\"height\":512,\"caption\":\"Radio Ljubu\u0161ki\"},\"image\":{\"@id\":\"https:\\\/\\\/radioljubuski.ba\\\/#\\\/schema\\\/logo\\\/image\\\/\"},\"sameAs\":[\"https:\\\/\\\/www.facebook.com\\\/Radiio-Ljubuski-1490835324566332\",\"https:\\\/\\\/x.com\\\/radioljubuski\",\"https:\\\/\\\/hr.linkedin.com\\\/company\\\/radio-ljubuski\",\"https:\\\/\\\/www.youtube.com\\\/channel\\\/UCHYaeO_n0Db3tjNGudGpXyw\"]},{\"@type\":\"Person\",\"@id\":\"https:\\\/\\\/radioljubuski.ba\\\/#\\\/schema\\\/person\\\/19fc700381a780f69665d7956c469e3b\",\"name\":\"Radio Ljubu\u0161ki\"}]}<\/script>\n<!-- \/ Yoast SEO plugin. -->","yoast_head_json":{"title":"Grad Mostar o radnom vremenu: Posljednjih dana suo\u010deni smo sa brojnim pitanjima poslodavaca... - RADIO LJUBU\u0160KI","robots":{"index":"index","follow":"follow","max-snippet":"max-snippet:-1","max-image-preview":"max-image-preview:large","max-video-preview":"max-video-preview:-1"},"canonical":"https:\/\/radioljubuski.ba\/index.php\/2022\/04\/14\/grad-mostar-o-radnom-vremenu-posljednjih-dana-suoceni-smo-sa-brojnim-pitanjima-poslodavaca\/","og_locale":"hr_HR","og_type":"article","og_title":"Grad Mostar o radnom vremenu: Posljednjih dana suo\u010deni smo sa brojnim pitanjima poslodavaca... - RADIO LJUBU\u0160KI","og_description":"Slu\u017eba za inspekcijske poslove Grada Mostara vr\u0161i pripreme za implementaciju Odluke o radnom vremenu objekata u kojima pravne i fizi\u010dke osobe obavljaju djelatnost na podru\u010dju Grada Mostara(\u201eSlu\u017ebeni glasnik Grada Mostara\u201cbroj 04\/22). Posljednjih dana suo\u010deni smo sa brojnim pitanjima poslodavaca koja se odnose na aspekt primjene Odluke, posebno u dijelu utvr\u0111ivanja neradnog dana. S tim u [&hellip;]","og_url":"https:\/\/radioljubuski.ba\/index.php\/2022\/04\/14\/grad-mostar-o-radnom-vremenu-posljednjih-dana-suoceni-smo-sa-brojnim-pitanjima-poslodavaca\/","og_site_name":"RADIO LJUBU\u0160KI","article_publisher":"https:\/\/www.facebook.com\/Radiio-Ljubuski-1490835324566332","article_published_time":"2022-04-13T23:45:08+00:00","article_modified_time":"2022-04-13T23:45:09+00:00","og_image":[{"width":640,"height":426,"url":"https:\/\/radioljubuski.ba\/wp-content\/uploads\/2022\/04\/radno_vrijeme.jpg","type":"image\/jpeg"}],"author":"Radio Ljubu\u0161ki","twitter_card":"summary_large_image","twitter_creator":"@radioljubuski","twitter_site":"@radioljubuski","twitter_misc":{"Napisao\/la":"Radio Ljubu\u0161ki","Procijenjeno vrijeme \u010ditanja":"2 minute"},"schema":{"@context":"https:\/\/schema.org","@graph":[{"@type":"Article","@id":"https:\/\/radioljubuski.ba\/index.php\/2022\/04\/14\/grad-mostar-o-radnom-vremenu-posljednjih-dana-suoceni-smo-sa-brojnim-pitanjima-poslodavaca\/#article","isPartOf":{"@id":"https:\/\/radioljubuski.ba\/index.php\/2022\/04\/14\/grad-mostar-o-radnom-vremenu-posljednjih-dana-suoceni-smo-sa-brojnim-pitanjima-poslodavaca\/"},"author":{"name":"Radio Ljubu\u0161ki","@id":"https:\/\/radioljubuski.ba\/#\/schema\/person\/19fc700381a780f69665d7956c469e3b"},"headline":"Grad Mostar o radnom vremenu: Posljednjih dana suo\u010deni smo sa brojnim pitanjima poslodavaca&#8230;","datePublished":"2022-04-13T23:45:08+00:00","dateModified":"2022-04-13T23:45:09+00:00","mainEntityOfPage":{"@id":"https:\/\/radioljubuski.ba\/index.php\/2022\/04\/14\/grad-mostar-o-radnom-vremenu-posljednjih-dana-suoceni-smo-sa-brojnim-pitanjima-poslodavaca\/"},"wordCount":378,"publisher":{"@id":"https:\/\/radioljubuski.ba\/#organization"},"image":{"@id":"https:\/\/radioljubuski.ba\/index.php\/2022\/04\/14\/grad-mostar-o-radnom-vremenu-posljednjih-dana-suoceni-smo-sa-brojnim-pitanjima-poslodavaca\/#primaryimage"},"thumbnailUrl":"https:\/\/radioljubuski.ba\/wp-content\/uploads\/2022\/04\/radno_vrijeme.jpg","articleSection":["BIH i regija"],"inLanguage":"hr"},{"@type":"WebPage","@id":"https:\/\/radioljubuski.ba\/index.php\/2022\/04\/14\/grad-mostar-o-radnom-vremenu-posljednjih-dana-suoceni-smo-sa-brojnim-pitanjima-poslodavaca\/","url":"https:\/\/radioljubuski.ba\/index.php\/2022\/04\/14\/grad-mostar-o-radnom-vremenu-posljednjih-dana-suoceni-smo-sa-brojnim-pitanjima-poslodavaca\/","name":"Grad Mostar o radnom vremenu: Posljednjih dana suo\u010deni smo sa brojnim pitanjima poslodavaca... - RADIO LJUBU\u0160KI","isPartOf":{"@id":"https:\/\/radioljubuski.ba\/#website"},"primaryImageOfPage":{"@id":"https:\/\/radioljubuski.ba\/index.php\/2022\/04\/14\/grad-mostar-o-radnom-vremenu-posljednjih-dana-suoceni-smo-sa-brojnim-pitanjima-poslodavaca\/#primaryimage"},"image":{"@id":"https:\/\/radioljubuski.ba\/index.php\/2022\/04\/14\/grad-mostar-o-radnom-vremenu-posljednjih-dana-suoceni-smo-sa-brojnim-pitanjima-poslodavaca\/#primaryimage"},"thumbnailUrl":"https:\/\/radioljubuski.ba\/wp-content\/uploads\/2022\/04\/radno_vrijeme.jpg","datePublished":"2022-04-13T23:45:08+00:00","dateModified":"2022-04-13T23:45:09+00:00","breadcrumb":{"@id":"https:\/\/radioljubuski.ba\/index.php\/2022\/04\/14\/grad-mostar-o-radnom-vremenu-posljednjih-dana-suoceni-smo-sa-brojnim-pitanjima-poslodavaca\/#breadcrumb"},"inLanguage":"hr","potentialAction":[{"@type":"ReadAction","target":["https:\/\/radioljubuski.ba\/index.php\/2022\/04\/14\/grad-mostar-o-radnom-vremenu-posljednjih-dana-suoceni-smo-sa-brojnim-pitanjima-poslodavaca\/"]}]},{"@type":"ImageObject","inLanguage":"hr","@id":"https:\/\/radioljubuski.ba\/index.php\/2022\/04\/14\/grad-mostar-o-radnom-vremenu-posljednjih-dana-suoceni-smo-sa-brojnim-pitanjima-poslodavaca\/#primaryimage","url":"https:\/\/radioljubuski.ba\/wp-content\/uploads\/2022\/04\/radno_vrijeme.jpg","contentUrl":"https:\/\/radioljubuski.ba\/wp-content\/uploads\/2022\/04\/radno_vrijeme.jpg","width":640,"height":426},{"@type":"BreadcrumbList","@id":"https:\/\/radioljubuski.ba\/index.php\/2022\/04\/14\/grad-mostar-o-radnom-vremenu-posljednjih-dana-suoceni-smo-sa-brojnim-pitanjima-poslodavaca\/#breadcrumb","itemListElement":[{"@type":"ListItem","position":1,"name":"Po\u010detna stranica","item":"https:\/\/radioljubuski.ba\/"},{"@type":"ListItem","position":2,"name":"Grad Mostar o radnom vremenu: Posljednjih dana suo\u010deni smo sa brojnim pitanjima poslodavaca&#8230;"}]},{"@type":"WebSite","@id":"https:\/\/radioljubuski.ba\/#website","url":"https:\/\/radioljubuski.ba\/","name":"Radio Ljubu\u0161ki","description":"Sun\u010dana frekvencija Hercegovine","publisher":{"@id":"https:\/\/radioljubuski.ba\/#organization"},"potentialAction":[{"@type":"SearchAction","target":{"@type":"EntryPoint","urlTemplate":"https:\/\/radioljubuski.ba\/?s={search_term_string}"},"query-input":{"@type":"PropertyValueSpecification","valueRequired":true,"valueName":"search_term_string"}}],"inLanguage":"hr"},{"@type":"Organization","@id":"https:\/\/radioljubuski.ba\/#organization","name":"Radio Ljubu\u0161ki","url":"https:\/\/radioljubuski.ba\/","logo":{"@type":"ImageObject","inLanguage":"hr","@id":"https:\/\/radioljubuski.ba\/#\/schema\/logo\/image\/","url":"https:\/\/radioljubuski.ba\/wp-content\/uploads\/2021\/02\/cropped-Radio_Ljubuski_logo1.jpg","contentUrl":"https:\/\/radioljubuski.ba\/wp-content\/uploads\/2021\/02\/cropped-Radio_Ljubuski_logo1.jpg","width":512,"height":512,"caption":"Radio Ljubu\u0161ki"},"image":{"@id":"https:\/\/radioljubuski.ba\/#\/schema\/logo\/image\/"},"sameAs":["https:\/\/www.facebook.com\/Radiio-Ljubuski-1490835324566332","https:\/\/x.com\/radioljubuski","https:\/\/hr.linkedin.com\/company\/radio-ljubuski","https:\/\/www.youtube.com\/channel\/UCHYaeO_n0Db3tjNGudGpXyw"]},{"@type":"Person","@id":"https:\/\/radioljubuski.ba\/#\/schema\/person\/19fc700381a780f69665d7956c469e3b","name":"Radio Ljubu\u0161ki"}]}},"_links":{"self":[{"href":"https:\/\/radioljubuski.ba\/index.php\/wp-json\/wp\/v2\/posts\/132280","targetHints":{"allow":["GET"]}}],"collection":[{"href":"https:\/\/radioljubuski.ba\/index.php\/wp-json\/wp\/v2\/posts"}],"about":[{"href":"https:\/\/radioljubuski.ba\/index.php\/wp-json\/wp\/v2\/types\/post"}],"author":[{"embeddable":true,"href":"https:\/\/radioljubuski.ba\/index.php\/wp-json\/wp\/v2\/users\/2"}],"replies":[{"embeddable":true,"href":"https:\/\/radioljubuski.ba\/index.php\/wp-json\/wp\/v2\/comments?post=132280"}],"version-history":[{"count":1,"href":"https:\/\/radioljubuski.ba\/index.php\/wp-json\/wp\/v2\/posts\/132280\/revisions"}],"predecessor-version":[{"id":132282,"href":"https:\/\/radioljubuski.ba\/index.php\/wp-json\/wp\/v2\/posts\/132280\/revisions\/132282"}],"wp:featuredmedia":[{"embeddable":true,"href":"https:\/\/radioljubuski.ba\/index.php\/wp-json\/wp\/v2\/media\/132281"}],"wp:attachment":[{"href":"https:\/\/radioljubuski.ba\/index.php\/wp-json\/wp\/v2\/media?parent=132280"}],"wp:term":[{"taxonomy":"category","embeddable":true,"href":"https:\/\/radioljubuski.ba\/index.php\/wp-json\/wp\/v2\/categories?post=132280"},{"taxonomy":"post_tag","embeddable":true,"href":"https:\/\/radioljubuski.ba\/index.php\/wp-json\/wp\/v2\/tags?post=132280"}],"curies":[{"name":"wp","href":"https:\/\/api.w.org\/{rel}","templated":true}]}}