{"id":132288,"date":"2022-04-14T00:50:24","date_gmt":"2022-04-13T23:50:24","guid":{"rendered":"https:\/\/radioljubuski.ba\/?p=132288"},"modified":"2022-04-14T00:50:25","modified_gmt":"2022-04-13T23:50:25","slug":"ravnateljica-bolnice-u-skoplju-pogrijesila-sam-sto-nisam-odmah-rekla-da-je-totova-smrt-jako-sumnjiva","status":"publish","type":"post","link":"https:\/\/radioljubuski.ba\/index.php\/2022\/04\/14\/ravnateljica-bolnice-u-skoplju-pogrijesila-sam-sto-nisam-odmah-rekla-da-je-totova-smrt-jako-sumnjiva\/","title":{"rendered":"Ravnateljica bolnice u Skoplju: &#8216;Pogrije\u0161ila sam \u0161to nisam odmah rekla da je Totova smrt jako sumnjiva&#8217;"},"content":{"rendered":"\n<p>Hrvatski rukometa\u0161, 28-godi\u0161nji Denis Tot, preminuo je od poljedica brutalnog poremla\u0107ivaja u Skoplju. Pokojnik je ju\u010der pokopan urodnom \u0110akovu, a ravnateljica skopske bolnice Karil, dr. Maja Mojsova, ka\u017ee da je njezina prva izjava o Totu bila nespretno izre\u010dena.<\/p>\n\n\n\n<p>Ona je, naime, kao i sjevernomakedonska policija isprva demantirala da je Tot bio pretu\u010den. \u010cak je i Totov brat Boris najprije izjavio da je Denis umro od zastoja srca, a ne od posljedica zadobivenih udaraca.<\/p>\n\n\n\n<p>&#8220;Moja izjava tog dana nespretno je shva\u0107ena, ja sam pogrije\u0161ila \u0161to nisam novinarima odmah rekla da je smrt jako sumnjiva. To smo svi odmah znali jer na tijelu Denisa Tota uistinu nije bilo tragova nasilja ili bilo \u010dega \u0161to bi upu\u0107ivalo na fizi\u010dki obra\u010dun. Me\u0111utim, jasno je bilo da je rije\u010d o zdravom sporta\u0161u i da pri\u010da nije tako jednostavna. Osim toga, toksikolo\u0161ki nalaz pokazao je da Tot nije konzumirao nedozvoljene supstancije&#8221;, kazala je Mojsova z<a href=\"https:\/\/www.vecernji.hr\/vijesti\/ravnateljica-bolnice-u-skopju-o-totu-moja-izjava-bila-je-nespretna-znala-sam-da-je-smrt-sumnjiva-1578463\" target=\"_blank\" rel=\"noreferrer noopener\">a Ve\u010dernji list.<\/a><\/p>\n\n\n\n<p>Tot je, ka\u017ee ona, u bolnicu dovezen 7. travnja oko 4 sata ujutro i srce mu nije kucalo.<\/p>\n\n\n\n<p>&#8220;Na\u0161 lije\u010dni\u010dki tim ga je hitno reanimirao, nakon 15 minuta vratili smo ga u \u017eivot, a nalaz je pokazao povi\u0161ene sr\u010dane enzime i otok mozga. To je razlog zbog kojeg smo komunicirali prema javnosti da je preminuo od sr\u010danog zastoja. Zato \u0161to je to slu\u017ebeni nalaz pokazao. Tek \u0107e sudsko-medicinska obdukcija pokazati na koji je na\u010din premla\u0107ivanje dovelo do zatajenja srca&#8221;, kazala je dr. Mojsov.<\/p>\n\n\n\n<p>Ispri\u010dala se \u0161to je njezina izjava nespretno interpretirana pa se stekao dojam da se ne\u0161to skriva.<\/p>\n\n\n\n<p>&#8220;Uistinu se ni\u0161ta ne skriva. Svi novinari u Sjevernoj Makedoniji znaju da sam vrlo transparentna osoba i uvijek na usluzi kada su u pitanju informacije. Osim toga, o cijelom slu\u010daju upravo smo mi obavijestili policiju&#8221;, rekla je Mojsova za Ve\u010dernji list dodav\u0161i da je oko Denisa Tota bio anga\u017eiran tim najpresti\u017enijih neurokirurga i abdominalnih kirurga.<\/p>\n\n\n\n<p>Ina\u010de, prvoosumnji\u010deni za ubojstvo Tota, Angelo Gorgievski, predao se rano jutros policiji nakon \u0161to je za njim raspisana me\u0111unarodna tjeralica.<\/p>\n\n\n\n<p>Izvor:vecernji.ba<\/p>\n","protected":false},"excerpt":{"rendered":"<p>Hrvatski rukometa\u0161, 28-godi\u0161nji Denis Tot, preminuo je od poljedica brutalnog poremla\u0107ivaja u Skoplju. Pokojnik je ju\u010der pokopan urodnom \u0110akovu, a ravnateljica skopske bolnice Karil, dr. Maja Mojsova, ka\u017ee da je njezina prva izjava o Totu bila nespretno izre\u010dena. Ona je, naime, kao i sjevernomakedonska policija isprva demantirala da je Tot bio pretu\u010den. \u010cak je i [&hellip;]<\/p>\n","protected":false},"author":2,"featured_media":130632,"comment_status":"closed","ping_status":"closed","sticky":false,"template":"","format":"standard","meta":{"h5ap_radio_sources":[],"footnotes":""},"categories":[1],"tags":[],"class_list":["post-132288","post","type-post","status-publish","format-standard","has-post-thumbnail","hentry","category-bihiregija"],"yoast_head":"<!-- This site is optimized with the Yoast SEO plugin v27.5 - https:\/\/yoast.com\/product\/yoast-seo-wordpress\/ -->\n<title>Ravnateljica bolnice u Skoplju: &#039;Pogrije\u0161ila sam \u0161to nisam odmah rekla da je Totova smrt jako sumnjiva&#039; - RADIO LJUBU\u0160KI<\/title>\n<meta name=\"robots\" content=\"index, follow, max-snippet:-1, max-image-preview:large, max-video-preview:-1\" \/>\n<link rel=\"canonical\" href=\"https:\/\/radioljubuski.ba\/index.php\/2022\/04\/14\/ravnateljica-bolnice-u-skoplju-pogrijesila-sam-sto-nisam-odmah-rekla-da-je-totova-smrt-jako-sumnjiva\/\" \/>\n<meta property=\"og:locale\" content=\"hr_HR\" \/>\n<meta property=\"og:type\" content=\"article\" \/>\n<meta property=\"og:title\" content=\"Ravnateljica bolnice u Skoplju: &#039;Pogrije\u0161ila sam \u0161to nisam odmah rekla da je Totova smrt jako sumnjiva&#039; - RADIO LJUBU\u0160KI\" \/>\n<meta property=\"og:description\" content=\"Hrvatski rukometa\u0161, 28-godi\u0161nji Denis Tot, preminuo je od poljedica brutalnog poremla\u0107ivaja u Skoplju. Pokojnik je ju\u010der pokopan urodnom \u0110akovu, a ravnateljica skopske bolnice Karil, dr. Maja Mojsova, ka\u017ee da je njezina prva izjava o Totu bila nespretno izre\u010dena. Ona je, naime, kao i sjevernomakedonska policija isprva demantirala da je Tot bio pretu\u010den. \u010cak je i [&hellip;]\" \/>\n<meta property=\"og:url\" content=\"https:\/\/radioljubuski.ba\/index.php\/2022\/04\/14\/ravnateljica-bolnice-u-skoplju-pogrijesila-sam-sto-nisam-odmah-rekla-da-je-totova-smrt-jako-sumnjiva\/\" \/>\n<meta property=\"og:site_name\" content=\"RADIO LJUBU\u0160KI\" \/>\n<meta property=\"article:publisher\" content=\"https:\/\/www.facebook.com\/Radiio-Ljubuski-1490835324566332\" \/>\n<meta property=\"article:published_time\" content=\"2022-04-13T23:50:24+00:00\" \/>\n<meta property=\"article:modified_time\" content=\"2022-04-13T23:50:25+00:00\" \/>\n<meta property=\"og:image\" content=\"https:\/\/radioljubuski.ba\/wp-content\/uploads\/2022\/04\/8-2022-04-09-17-42-51-tod-denis.jpg\" \/>\n\t<meta property=\"og:image:width\" content=\"1000\" \/>\n\t<meta property=\"og:image:height\" content=\"625\" \/>\n\t<meta property=\"og:image:type\" content=\"image\/jpeg\" \/>\n<meta name=\"author\" content=\"Radio Ljubu\u0161ki\" \/>\n<meta name=\"twitter:card\" content=\"summary_large_image\" \/>\n<meta name=\"twitter:creator\" content=\"@radioljubuski\" \/>\n<meta name=\"twitter:site\" content=\"@radioljubuski\" \/>\n<meta name=\"twitter:label1\" content=\"Napisao\/la\" \/>\n\t<meta name=\"twitter:data1\" content=\"Radio Ljubu\u0161ki\" \/>\n\t<meta name=\"twitter:label2\" content=\"Procijenjeno vrijeme \u010ditanja\" \/>\n\t<meta name=\"twitter:data2\" content=\"2 minute\" \/>\n<script type=\"application\/ld+json\" class=\"yoast-schema-graph\">{\"@context\":\"https:\\\/\\\/schema.org\",\"@graph\":[{\"@type\":\"Article\",\"@id\":\"https:\\\/\\\/radioljubuski.ba\\\/index.php\\\/2022\\\/04\\\/14\\\/ravnateljica-bolnice-u-skoplju-pogrijesila-sam-sto-nisam-odmah-rekla-da-je-totova-smrt-jako-sumnjiva\\\/#article\",\"isPartOf\":{\"@id\":\"https:\\\/\\\/radioljubuski.ba\\\/index.php\\\/2022\\\/04\\\/14\\\/ravnateljica-bolnice-u-skoplju-pogrijesila-sam-sto-nisam-odmah-rekla-da-je-totova-smrt-jako-sumnjiva\\\/\"},\"author\":{\"name\":\"Radio Ljubu\u0161ki\",\"@id\":\"https:\\\/\\\/radioljubuski.ba\\\/#\\\/schema\\\/person\\\/19fc700381a780f69665d7956c469e3b\"},\"headline\":\"Ravnateljica bolnice u Skoplju: &#8216;Pogrije\u0161ila sam \u0161to nisam odmah rekla da je Totova smrt jako sumnjiva&#8217;\",\"datePublished\":\"2022-04-13T23:50:24+00:00\",\"dateModified\":\"2022-04-13T23:50:25+00:00\",\"mainEntityOfPage\":{\"@id\":\"https:\\\/\\\/radioljubuski.ba\\\/index.php\\\/2022\\\/04\\\/14\\\/ravnateljica-bolnice-u-skoplju-pogrijesila-sam-sto-nisam-odmah-rekla-da-je-totova-smrt-jako-sumnjiva\\\/\"},\"wordCount\":378,\"publisher\":{\"@id\":\"https:\\\/\\\/radioljubuski.ba\\\/#organization\"},\"image\":{\"@id\":\"https:\\\/\\\/radioljubuski.ba\\\/index.php\\\/2022\\\/04\\\/14\\\/ravnateljica-bolnice-u-skoplju-pogrijesila-sam-sto-nisam-odmah-rekla-da-je-totova-smrt-jako-sumnjiva\\\/#primaryimage\"},\"thumbnailUrl\":\"https:\\\/\\\/radioljubuski.ba\\\/wp-content\\\/uploads\\\/2022\\\/04\\\/8-2022-04-09-17-42-51-tod-denis.jpg\",\"articleSection\":[\"BIH i regija\"],\"inLanguage\":\"hr\"},{\"@type\":\"WebPage\",\"@id\":\"https:\\\/\\\/radioljubuski.ba\\\/index.php\\\/2022\\\/04\\\/14\\\/ravnateljica-bolnice-u-skoplju-pogrijesila-sam-sto-nisam-odmah-rekla-da-je-totova-smrt-jako-sumnjiva\\\/\",\"url\":\"https:\\\/\\\/radioljubuski.ba\\\/index.php\\\/2022\\\/04\\\/14\\\/ravnateljica-bolnice-u-skoplju-pogrijesila-sam-sto-nisam-odmah-rekla-da-je-totova-smrt-jako-sumnjiva\\\/\",\"name\":\"Ravnateljica bolnice u Skoplju: 'Pogrije\u0161ila sam \u0161to nisam odmah rekla da je Totova smrt jako sumnjiva' - RADIO LJUBU\u0160KI\",\"isPartOf\":{\"@id\":\"https:\\\/\\\/radioljubuski.ba\\\/#website\"},\"primaryImageOfPage\":{\"@id\":\"https:\\\/\\\/radioljubuski.ba\\\/index.php\\\/2022\\\/04\\\/14\\\/ravnateljica-bolnice-u-skoplju-pogrijesila-sam-sto-nisam-odmah-rekla-da-je-totova-smrt-jako-sumnjiva\\\/#primaryimage\"},\"image\":{\"@id\":\"https:\\\/\\\/radioljubuski.ba\\\/index.php\\\/2022\\\/04\\\/14\\\/ravnateljica-bolnice-u-skoplju-pogrijesila-sam-sto-nisam-odmah-rekla-da-je-totova-smrt-jako-sumnjiva\\\/#primaryimage\"},\"thumbnailUrl\":\"https:\\\/\\\/radioljubuski.ba\\\/wp-content\\\/uploads\\\/2022\\\/04\\\/8-2022-04-09-17-42-51-tod-denis.jpg\",\"datePublished\":\"2022-04-13T23:50:24+00:00\",\"dateModified\":\"2022-04-13T23:50:25+00:00\",\"breadcrumb\":{\"@id\":\"https:\\\/\\\/radioljubuski.ba\\\/index.php\\\/2022\\\/04\\\/14\\\/ravnateljica-bolnice-u-skoplju-pogrijesila-sam-sto-nisam-odmah-rekla-da-je-totova-smrt-jako-sumnjiva\\\/#breadcrumb\"},\"inLanguage\":\"hr\",\"potentialAction\":[{\"@type\":\"ReadAction\",\"target\":[\"https:\\\/\\\/radioljubuski.ba\\\/index.php\\\/2022\\\/04\\\/14\\\/ravnateljica-bolnice-u-skoplju-pogrijesila-sam-sto-nisam-odmah-rekla-da-je-totova-smrt-jako-sumnjiva\\\/\"]}]},{\"@type\":\"ImageObject\",\"inLanguage\":\"hr\",\"@id\":\"https:\\\/\\\/radioljubuski.ba\\\/index.php\\\/2022\\\/04\\\/14\\\/ravnateljica-bolnice-u-skoplju-pogrijesila-sam-sto-nisam-odmah-rekla-da-je-totova-smrt-jako-sumnjiva\\\/#primaryimage\",\"url\":\"https:\\\/\\\/radioljubuski.ba\\\/wp-content\\\/uploads\\\/2022\\\/04\\\/8-2022-04-09-17-42-51-tod-denis.jpg\",\"contentUrl\":\"https:\\\/\\\/radioljubuski.ba\\\/wp-content\\\/uploads\\\/2022\\\/04\\\/8-2022-04-09-17-42-51-tod-denis.jpg\",\"width\":1000,\"height\":625},{\"@type\":\"BreadcrumbList\",\"@id\":\"https:\\\/\\\/radioljubuski.ba\\\/index.php\\\/2022\\\/04\\\/14\\\/ravnateljica-bolnice-u-skoplju-pogrijesila-sam-sto-nisam-odmah-rekla-da-je-totova-smrt-jako-sumnjiva\\\/#breadcrumb\",\"itemListElement\":[{\"@type\":\"ListItem\",\"position\":1,\"name\":\"Po\u010detna stranica\",\"item\":\"https:\\\/\\\/radioljubuski.ba\\\/\"},{\"@type\":\"ListItem\",\"position\":2,\"name\":\"Ravnateljica bolnice u Skoplju: &#8216;Pogrije\u0161ila sam \u0161to nisam odmah rekla da je Totova smrt jako sumnjiva&#8217;\"}]},{\"@type\":\"WebSite\",\"@id\":\"https:\\\/\\\/radioljubuski.ba\\\/#website\",\"url\":\"https:\\\/\\\/radioljubuski.ba\\\/\",\"name\":\"Radio Ljubu\u0161ki\",\"description\":\"Sun\u010dana frekvencija Hercegovine\",\"publisher\":{\"@id\":\"https:\\\/\\\/radioljubuski.ba\\\/#organization\"},\"potentialAction\":[{\"@type\":\"SearchAction\",\"target\":{\"@type\":\"EntryPoint\",\"urlTemplate\":\"https:\\\/\\\/radioljubuski.ba\\\/?s={search_term_string}\"},\"query-input\":{\"@type\":\"PropertyValueSpecification\",\"valueRequired\":true,\"valueName\":\"search_term_string\"}}],\"inLanguage\":\"hr\"},{\"@type\":\"Organization\",\"@id\":\"https:\\\/\\\/radioljubuski.ba\\\/#organization\",\"name\":\"Radio Ljubu\u0161ki\",\"url\":\"https:\\\/\\\/radioljubuski.ba\\\/\",\"logo\":{\"@type\":\"ImageObject\",\"inLanguage\":\"hr\",\"@id\":\"https:\\\/\\\/radioljubuski.ba\\\/#\\\/schema\\\/logo\\\/image\\\/\",\"url\":\"https:\\\/\\\/radioljubuski.ba\\\/wp-content\\\/uploads\\\/2021\\\/02\\\/cropped-Radio_Ljubuski_logo1.jpg\",\"contentUrl\":\"https:\\\/\\\/radioljubuski.ba\\\/wp-content\\\/uploads\\\/2021\\\/02\\\/cropped-Radio_Ljubuski_logo1.jpg\",\"width\":512,\"height\":512,\"caption\":\"Radio Ljubu\u0161ki\"},\"image\":{\"@id\":\"https:\\\/\\\/radioljubuski.ba\\\/#\\\/schema\\\/logo\\\/image\\\/\"},\"sameAs\":[\"https:\\\/\\\/www.facebook.com\\\/Radiio-Ljubuski-1490835324566332\",\"https:\\\/\\\/x.com\\\/radioljubuski\",\"https:\\\/\\\/hr.linkedin.com\\\/company\\\/radio-ljubuski\",\"https:\\\/\\\/www.youtube.com\\\/channel\\\/UCHYaeO_n0Db3tjNGudGpXyw\"]},{\"@type\":\"Person\",\"@id\":\"https:\\\/\\\/radioljubuski.ba\\\/#\\\/schema\\\/person\\\/19fc700381a780f69665d7956c469e3b\",\"name\":\"Radio Ljubu\u0161ki\"}]}<\/script>\n<!-- \/ Yoast SEO plugin. -->","yoast_head_json":{"title":"Ravnateljica bolnice u Skoplju: 'Pogrije\u0161ila sam \u0161to nisam odmah rekla da je Totova smrt jako sumnjiva' - RADIO LJUBU\u0160KI","robots":{"index":"index","follow":"follow","max-snippet":"max-snippet:-1","max-image-preview":"max-image-preview:large","max-video-preview":"max-video-preview:-1"},"canonical":"https:\/\/radioljubuski.ba\/index.php\/2022\/04\/14\/ravnateljica-bolnice-u-skoplju-pogrijesila-sam-sto-nisam-odmah-rekla-da-je-totova-smrt-jako-sumnjiva\/","og_locale":"hr_HR","og_type":"article","og_title":"Ravnateljica bolnice u Skoplju: 'Pogrije\u0161ila sam \u0161to nisam odmah rekla da je Totova smrt jako sumnjiva' - RADIO LJUBU\u0160KI","og_description":"Hrvatski rukometa\u0161, 28-godi\u0161nji Denis Tot, preminuo je od poljedica brutalnog poremla\u0107ivaja u Skoplju. Pokojnik je ju\u010der pokopan urodnom \u0110akovu, a ravnateljica skopske bolnice Karil, dr. Maja Mojsova, ka\u017ee da je njezina prva izjava o Totu bila nespretno izre\u010dena. Ona je, naime, kao i sjevernomakedonska policija isprva demantirala da je Tot bio pretu\u010den. \u010cak je i [&hellip;]","og_url":"https:\/\/radioljubuski.ba\/index.php\/2022\/04\/14\/ravnateljica-bolnice-u-skoplju-pogrijesila-sam-sto-nisam-odmah-rekla-da-je-totova-smrt-jako-sumnjiva\/","og_site_name":"RADIO LJUBU\u0160KI","article_publisher":"https:\/\/www.facebook.com\/Radiio-Ljubuski-1490835324566332","article_published_time":"2022-04-13T23:50:24+00:00","article_modified_time":"2022-04-13T23:50:25+00:00","og_image":[{"width":1000,"height":625,"url":"https:\/\/radioljubuski.ba\/wp-content\/uploads\/2022\/04\/8-2022-04-09-17-42-51-tod-denis.jpg","type":"image\/jpeg"}],"author":"Radio Ljubu\u0161ki","twitter_card":"summary_large_image","twitter_creator":"@radioljubuski","twitter_site":"@radioljubuski","twitter_misc":{"Napisao\/la":"Radio Ljubu\u0161ki","Procijenjeno vrijeme \u010ditanja":"2 minute"},"schema":{"@context":"https:\/\/schema.org","@graph":[{"@type":"Article","@id":"https:\/\/radioljubuski.ba\/index.php\/2022\/04\/14\/ravnateljica-bolnice-u-skoplju-pogrijesila-sam-sto-nisam-odmah-rekla-da-je-totova-smrt-jako-sumnjiva\/#article","isPartOf":{"@id":"https:\/\/radioljubuski.ba\/index.php\/2022\/04\/14\/ravnateljica-bolnice-u-skoplju-pogrijesila-sam-sto-nisam-odmah-rekla-da-je-totova-smrt-jako-sumnjiva\/"},"author":{"name":"Radio Ljubu\u0161ki","@id":"https:\/\/radioljubuski.ba\/#\/schema\/person\/19fc700381a780f69665d7956c469e3b"},"headline":"Ravnateljica bolnice u Skoplju: &#8216;Pogrije\u0161ila sam \u0161to nisam odmah rekla da je Totova smrt jako sumnjiva&#8217;","datePublished":"2022-04-13T23:50:24+00:00","dateModified":"2022-04-13T23:50:25+00:00","mainEntityOfPage":{"@id":"https:\/\/radioljubuski.ba\/index.php\/2022\/04\/14\/ravnateljica-bolnice-u-skoplju-pogrijesila-sam-sto-nisam-odmah-rekla-da-je-totova-smrt-jako-sumnjiva\/"},"wordCount":378,"publisher":{"@id":"https:\/\/radioljubuski.ba\/#organization"},"image":{"@id":"https:\/\/radioljubuski.ba\/index.php\/2022\/04\/14\/ravnateljica-bolnice-u-skoplju-pogrijesila-sam-sto-nisam-odmah-rekla-da-je-totova-smrt-jako-sumnjiva\/#primaryimage"},"thumbnailUrl":"https:\/\/radioljubuski.ba\/wp-content\/uploads\/2022\/04\/8-2022-04-09-17-42-51-tod-denis.jpg","articleSection":["BIH i regija"],"inLanguage":"hr"},{"@type":"WebPage","@id":"https:\/\/radioljubuski.ba\/index.php\/2022\/04\/14\/ravnateljica-bolnice-u-skoplju-pogrijesila-sam-sto-nisam-odmah-rekla-da-je-totova-smrt-jako-sumnjiva\/","url":"https:\/\/radioljubuski.ba\/index.php\/2022\/04\/14\/ravnateljica-bolnice-u-skoplju-pogrijesila-sam-sto-nisam-odmah-rekla-da-je-totova-smrt-jako-sumnjiva\/","name":"Ravnateljica bolnice u Skoplju: 'Pogrije\u0161ila sam \u0161to nisam odmah rekla da je Totova smrt jako sumnjiva' - RADIO LJUBU\u0160KI","isPartOf":{"@id":"https:\/\/radioljubuski.ba\/#website"},"primaryImageOfPage":{"@id":"https:\/\/radioljubuski.ba\/index.php\/2022\/04\/14\/ravnateljica-bolnice-u-skoplju-pogrijesila-sam-sto-nisam-odmah-rekla-da-je-totova-smrt-jako-sumnjiva\/#primaryimage"},"image":{"@id":"https:\/\/radioljubuski.ba\/index.php\/2022\/04\/14\/ravnateljica-bolnice-u-skoplju-pogrijesila-sam-sto-nisam-odmah-rekla-da-je-totova-smrt-jako-sumnjiva\/#primaryimage"},"thumbnailUrl":"https:\/\/radioljubuski.ba\/wp-content\/uploads\/2022\/04\/8-2022-04-09-17-42-51-tod-denis.jpg","datePublished":"2022-04-13T23:50:24+00:00","dateModified":"2022-04-13T23:50:25+00:00","breadcrumb":{"@id":"https:\/\/radioljubuski.ba\/index.php\/2022\/04\/14\/ravnateljica-bolnice-u-skoplju-pogrijesila-sam-sto-nisam-odmah-rekla-da-je-totova-smrt-jako-sumnjiva\/#breadcrumb"},"inLanguage":"hr","potentialAction":[{"@type":"ReadAction","target":["https:\/\/radioljubuski.ba\/index.php\/2022\/04\/14\/ravnateljica-bolnice-u-skoplju-pogrijesila-sam-sto-nisam-odmah-rekla-da-je-totova-smrt-jako-sumnjiva\/"]}]},{"@type":"ImageObject","inLanguage":"hr","@id":"https:\/\/radioljubuski.ba\/index.php\/2022\/04\/14\/ravnateljica-bolnice-u-skoplju-pogrijesila-sam-sto-nisam-odmah-rekla-da-je-totova-smrt-jako-sumnjiva\/#primaryimage","url":"https:\/\/radioljubuski.ba\/wp-content\/uploads\/2022\/04\/8-2022-04-09-17-42-51-tod-denis.jpg","contentUrl":"https:\/\/radioljubuski.ba\/wp-content\/uploads\/2022\/04\/8-2022-04-09-17-42-51-tod-denis.jpg","width":1000,"height":625},{"@type":"BreadcrumbList","@id":"https:\/\/radioljubuski.ba\/index.php\/2022\/04\/14\/ravnateljica-bolnice-u-skoplju-pogrijesila-sam-sto-nisam-odmah-rekla-da-je-totova-smrt-jako-sumnjiva\/#breadcrumb","itemListElement":[{"@type":"ListItem","position":1,"name":"Po\u010detna stranica","item":"https:\/\/radioljubuski.ba\/"},{"@type":"ListItem","position":2,"name":"Ravnateljica bolnice u Skoplju: &#8216;Pogrije\u0161ila sam \u0161to nisam odmah rekla da je Totova smrt jako sumnjiva&#8217;"}]},{"@type":"WebSite","@id":"https:\/\/radioljubuski.ba\/#website","url":"https:\/\/radioljubuski.ba\/","name":"Radio Ljubu\u0161ki","description":"Sun\u010dana frekvencija Hercegovine","publisher":{"@id":"https:\/\/radioljubuski.ba\/#organization"},"potentialAction":[{"@type":"SearchAction","target":{"@type":"EntryPoint","urlTemplate":"https:\/\/radioljubuski.ba\/?s={search_term_string}"},"query-input":{"@type":"PropertyValueSpecification","valueRequired":true,"valueName":"search_term_string"}}],"inLanguage":"hr"},{"@type":"Organization","@id":"https:\/\/radioljubuski.ba\/#organization","name":"Radio Ljubu\u0161ki","url":"https:\/\/radioljubuski.ba\/","logo":{"@type":"ImageObject","inLanguage":"hr","@id":"https:\/\/radioljubuski.ba\/#\/schema\/logo\/image\/","url":"https:\/\/radioljubuski.ba\/wp-content\/uploads\/2021\/02\/cropped-Radio_Ljubuski_logo1.jpg","contentUrl":"https:\/\/radioljubuski.ba\/wp-content\/uploads\/2021\/02\/cropped-Radio_Ljubuski_logo1.jpg","width":512,"height":512,"caption":"Radio Ljubu\u0161ki"},"image":{"@id":"https:\/\/radioljubuski.ba\/#\/schema\/logo\/image\/"},"sameAs":["https:\/\/www.facebook.com\/Radiio-Ljubuski-1490835324566332","https:\/\/x.com\/radioljubuski","https:\/\/hr.linkedin.com\/company\/radio-ljubuski","https:\/\/www.youtube.com\/channel\/UCHYaeO_n0Db3tjNGudGpXyw"]},{"@type":"Person","@id":"https:\/\/radioljubuski.ba\/#\/schema\/person\/19fc700381a780f69665d7956c469e3b","name":"Radio Ljubu\u0161ki"}]}},"_links":{"self":[{"href":"https:\/\/radioljubuski.ba\/index.php\/wp-json\/wp\/v2\/posts\/132288","targetHints":{"allow":["GET"]}}],"collection":[{"href":"https:\/\/radioljubuski.ba\/index.php\/wp-json\/wp\/v2\/posts"}],"about":[{"href":"https:\/\/radioljubuski.ba\/index.php\/wp-json\/wp\/v2\/types\/post"}],"author":[{"embeddable":true,"href":"https:\/\/radioljubuski.ba\/index.php\/wp-json\/wp\/v2\/users\/2"}],"replies":[{"embeddable":true,"href":"https:\/\/radioljubuski.ba\/index.php\/wp-json\/wp\/v2\/comments?post=132288"}],"version-history":[{"count":1,"href":"https:\/\/radioljubuski.ba\/index.php\/wp-json\/wp\/v2\/posts\/132288\/revisions"}],"predecessor-version":[{"id":132289,"href":"https:\/\/radioljubuski.ba\/index.php\/wp-json\/wp\/v2\/posts\/132288\/revisions\/132289"}],"wp:featuredmedia":[{"embeddable":true,"href":"https:\/\/radioljubuski.ba\/index.php\/wp-json\/wp\/v2\/media\/130632"}],"wp:attachment":[{"href":"https:\/\/radioljubuski.ba\/index.php\/wp-json\/wp\/v2\/media?parent=132288"}],"wp:term":[{"taxonomy":"category","embeddable":true,"href":"https:\/\/radioljubuski.ba\/index.php\/wp-json\/wp\/v2\/categories?post=132288"},{"taxonomy":"post_tag","embeddable":true,"href":"https:\/\/radioljubuski.ba\/index.php\/wp-json\/wp\/v2\/tags?post=132288"}],"curies":[{"name":"wp","href":"https:\/\/api.w.org\/{rel}","templated":true}]}}