{"id":132290,"date":"2022-04-14T00:51:48","date_gmt":"2022-04-13T23:51:48","guid":{"rendered":"https:\/\/radioljubuski.ba\/?p=132290"},"modified":"2022-04-14T00:51:50","modified_gmt":"2022-04-13T23:51:50","slug":"vlada-zzh-donijela-odluku-o-prestanku-stanja-nesrece","status":"publish","type":"post","link":"https:\/\/radioljubuski.ba\/index.php\/2022\/04\/14\/vlada-zzh-donijela-odluku-o-prestanku-stanja-nesrece\/","title":{"rendered":"Vlada \u017dZH donijela odluku o prestanku stanja nesre\u0107e"},"content":{"rendered":"\n<p>Vlada \u017dZH je na utorak odr\u017eanoj 122. sjednici donijela Odluku o progla\u0161enju prestanka stanja nesre\u0107e na podru\u010dju \u017dupanije Zapadnohercegova\u010dke. Ovo zna\u010di da su sve mjere koje su bile propisane kako bi se sprije\u010dilo \u0161irenje korona virusa, sada van snage u \u017dupaniji zapadnohercegova\u010dkoj.<\/p>\n\n\n\n<p>Podsjetimo, na sjednici \u017dupanijskog sto\u017eera civilne za\u0161tite odr\u017eanoj 27. kolovoza 2020. godine donesen je Zaklju\u010dak o prijedlogu dono\u0161enja Odluke o progla\u0161enju stanja nesre\u0107e za podru\u010dje \u017dupanije Zapadnohercegova\u010dke. Istog dana, na 63. sjednici Vlade \u017dupanije Zapadnohercegova\u010dke donesena je Odluka o progla\u0161enju stanja nesre\u0107e na podru\u010dju \u017dupanije Zapadnohercegova\u010dke prouzrokovane neposrednom opasno\u0161\u0107u od \u0161irenja zarazne bolesti koronavirusa (COVID-19).<\/p>\n\n\n\n<p>Ina\u010de, prema Zavodu za javno zdravstvo Federacije Bosne i Hercegovine, prema podacima pod stranice Zavoda covid-19.ba, &nbsp;u \u017dupaniji zapadnohercegova\u010dkoj je od po\u010detka pandemije u o\u017eujku 2020. godine do danas testirano 55 983 osoba, registrirano je 16 495 zara\u017eenih koronavirusom, a preminulo 396 osoba. Podsjetimo i da je prvi slu\u010daj zaraze u na\u0161oj \u017eupaniji zabilje\u017een u \u0160irokom Brijegu 24. o\u017eujka 2020. godine. U Posu\u0161ju je prvi slu\u010daj zabilje\u017een 28. o\u017eujka 2020. godine.<\/p>\n\n\n\n<p>Bez obzira na zalaganje stru\u010dnjaka, u na\u0161oj \u017eupaniji u korona krizi nije bilo do sada ni pretjeranog zanimanja za cijepiva protiv koronavirusa. Prema posljednjim podacima Zavoda za javno zdraVstvo \u017dZH Zaklju\u010dno sa 10. travnja 2022. godine u \u017dupaniji Zapadnohercegova\u010dkoj ukupno je administrirano 20.701 doza cjepiva protiv COVID-19, od toga je prvom dozom cijepljeno 9.607 osoba, drugom dozom 9.376 osoba, a tre\u0107om dozom je cijepljeno 1.718 osoba. \u201eU \u017dupaniji Zapadnohercegova\u010dkoj ukupno je zaprimljeno 25.854 doze cjepiva protiv COVID-19. U razdoblju od 04. travnja do 10. travnja 2022. godine u \u017dupaniji Zapadnohercegova\u010dkoj ukupno je cijepljeno 39 osoba. Na dan 10. travnja 2022. godine u \u017dupaniji Zapadnohercegova\u010dkoj ukupno je preostalo 1.182 doze cjepiva\u201c, priop\u0107eno je u tjednom izvje\u0161\u0107u Zavoda za javno zdravstvo \u017dZH.<\/p>\n\n\n\n<p>Izvor:pogled.ba<\/p>\n","protected":false},"excerpt":{"rendered":"<p>Vlada \u017dZH je na utorak odr\u017eanoj 122. sjednici donijela Odluku o progla\u0161enju prestanka stanja nesre\u0107e na podru\u010dju \u017dupanije Zapadnohercegova\u010dke. Ovo zna\u010di da su sve mjere koje su bile propisane kako bi se sprije\u010dilo \u0161irenje korona virusa, sada van snage u \u017dupaniji zapadnohercegova\u010dkoj. Podsjetimo, na sjednici \u017dupanijskog sto\u017eera civilne za\u0161tite odr\u017eanoj 27. kolovoza 2020. godine donesen [&hellip;]<\/p>\n","protected":false},"author":2,"featured_media":1057,"comment_status":"closed","ping_status":"closed","sticky":false,"template":"","format":"standard","meta":{"h5ap_radio_sources":[],"footnotes":""},"categories":[1],"tags":[],"class_list":["post-132290","post","type-post","status-publish","format-standard","has-post-thumbnail","hentry","category-bihiregija"],"yoast_head":"<!-- This site is optimized with the Yoast SEO plugin v27.5 - https:\/\/yoast.com\/product\/yoast-seo-wordpress\/ -->\n<title>Vlada \u017dZH donijela odluku o prestanku stanja nesre\u0107e - RADIO LJUBU\u0160KI<\/title>\n<meta name=\"robots\" content=\"index, follow, max-snippet:-1, max-image-preview:large, max-video-preview:-1\" \/>\n<link rel=\"canonical\" href=\"https:\/\/radioljubuski.ba\/index.php\/2022\/04\/14\/vlada-zzh-donijela-odluku-o-prestanku-stanja-nesrece\/\" \/>\n<meta property=\"og:locale\" content=\"hr_HR\" \/>\n<meta property=\"og:type\" content=\"article\" \/>\n<meta property=\"og:title\" content=\"Vlada \u017dZH donijela odluku o prestanku stanja nesre\u0107e - RADIO LJUBU\u0160KI\" \/>\n<meta property=\"og:description\" content=\"Vlada \u017dZH je na utorak odr\u017eanoj 122. sjednici donijela Odluku o progla\u0161enju prestanka stanja nesre\u0107e na podru\u010dju \u017dupanije Zapadnohercegova\u010dke. Ovo zna\u010di da su sve mjere koje su bile propisane kako bi se sprije\u010dilo \u0161irenje korona virusa, sada van snage u \u017dupaniji zapadnohercegova\u010dkoj. Podsjetimo, na sjednici \u017dupanijskog sto\u017eera civilne za\u0161tite odr\u017eanoj 27. kolovoza 2020. godine donesen [&hellip;]\" \/>\n<meta property=\"og:url\" content=\"https:\/\/radioljubuski.ba\/index.php\/2022\/04\/14\/vlada-zzh-donijela-odluku-o-prestanku-stanja-nesrece\/\" \/>\n<meta property=\"og:site_name\" content=\"RADIO LJUBU\u0160KI\" \/>\n<meta property=\"article:publisher\" content=\"https:\/\/www.facebook.com\/Radiio-Ljubuski-1490835324566332\" \/>\n<meta property=\"article:published_time\" content=\"2022-04-13T23:51:48+00:00\" \/>\n<meta property=\"article:modified_time\" content=\"2022-04-13T23:51:50+00:00\" \/>\n<meta property=\"og:image\" content=\"https:\/\/radioljubuski.ba\/wp-content\/uploads\/2021\/03\/vlada-zzh.jpg\" \/>\n\t<meta property=\"og:image:width\" content=\"900\" \/>\n\t<meta property=\"og:image:height\" content=\"500\" \/>\n\t<meta property=\"og:image:type\" content=\"image\/jpeg\" \/>\n<meta name=\"author\" content=\"Radio Ljubu\u0161ki\" \/>\n<meta name=\"twitter:card\" content=\"summary_large_image\" \/>\n<meta name=\"twitter:creator\" content=\"@radioljubuski\" \/>\n<meta name=\"twitter:site\" content=\"@radioljubuski\" \/>\n<meta name=\"twitter:label1\" content=\"Napisao\/la\" \/>\n\t<meta name=\"twitter:data1\" content=\"Radio Ljubu\u0161ki\" \/>\n\t<meta name=\"twitter:label2\" content=\"Procijenjeno vrijeme \u010ditanja\" \/>\n\t<meta name=\"twitter:data2\" content=\"2 minute\" \/>\n<script type=\"application\/ld+json\" class=\"yoast-schema-graph\">{\"@context\":\"https:\\\/\\\/schema.org\",\"@graph\":[{\"@type\":\"Article\",\"@id\":\"https:\\\/\\\/radioljubuski.ba\\\/index.php\\\/2022\\\/04\\\/14\\\/vlada-zzh-donijela-odluku-o-prestanku-stanja-nesrece\\\/#article\",\"isPartOf\":{\"@id\":\"https:\\\/\\\/radioljubuski.ba\\\/index.php\\\/2022\\\/04\\\/14\\\/vlada-zzh-donijela-odluku-o-prestanku-stanja-nesrece\\\/\"},\"author\":{\"name\":\"Radio Ljubu\u0161ki\",\"@id\":\"https:\\\/\\\/radioljubuski.ba\\\/#\\\/schema\\\/person\\\/19fc700381a780f69665d7956c469e3b\"},\"headline\":\"Vlada \u017dZH donijela odluku o prestanku stanja nesre\u0107e\",\"datePublished\":\"2022-04-13T23:51:48+00:00\",\"dateModified\":\"2022-04-13T23:51:50+00:00\",\"mainEntityOfPage\":{\"@id\":\"https:\\\/\\\/radioljubuski.ba\\\/index.php\\\/2022\\\/04\\\/14\\\/vlada-zzh-donijela-odluku-o-prestanku-stanja-nesrece\\\/\"},\"wordCount\":320,\"publisher\":{\"@id\":\"https:\\\/\\\/radioljubuski.ba\\\/#organization\"},\"image\":{\"@id\":\"https:\\\/\\\/radioljubuski.ba\\\/index.php\\\/2022\\\/04\\\/14\\\/vlada-zzh-donijela-odluku-o-prestanku-stanja-nesrece\\\/#primaryimage\"},\"thumbnailUrl\":\"https:\\\/\\\/radioljubuski.ba\\\/wp-content\\\/uploads\\\/2021\\\/03\\\/vlada-zzh.jpg\",\"articleSection\":[\"BIH i regija\"],\"inLanguage\":\"hr\"},{\"@type\":\"WebPage\",\"@id\":\"https:\\\/\\\/radioljubuski.ba\\\/index.php\\\/2022\\\/04\\\/14\\\/vlada-zzh-donijela-odluku-o-prestanku-stanja-nesrece\\\/\",\"url\":\"https:\\\/\\\/radioljubuski.ba\\\/index.php\\\/2022\\\/04\\\/14\\\/vlada-zzh-donijela-odluku-o-prestanku-stanja-nesrece\\\/\",\"name\":\"Vlada \u017dZH donijela odluku o prestanku stanja nesre\u0107e - RADIO LJUBU\u0160KI\",\"isPartOf\":{\"@id\":\"https:\\\/\\\/radioljubuski.ba\\\/#website\"},\"primaryImageOfPage\":{\"@id\":\"https:\\\/\\\/radioljubuski.ba\\\/index.php\\\/2022\\\/04\\\/14\\\/vlada-zzh-donijela-odluku-o-prestanku-stanja-nesrece\\\/#primaryimage\"},\"image\":{\"@id\":\"https:\\\/\\\/radioljubuski.ba\\\/index.php\\\/2022\\\/04\\\/14\\\/vlada-zzh-donijela-odluku-o-prestanku-stanja-nesrece\\\/#primaryimage\"},\"thumbnailUrl\":\"https:\\\/\\\/radioljubuski.ba\\\/wp-content\\\/uploads\\\/2021\\\/03\\\/vlada-zzh.jpg\",\"datePublished\":\"2022-04-13T23:51:48+00:00\",\"dateModified\":\"2022-04-13T23:51:50+00:00\",\"breadcrumb\":{\"@id\":\"https:\\\/\\\/radioljubuski.ba\\\/index.php\\\/2022\\\/04\\\/14\\\/vlada-zzh-donijela-odluku-o-prestanku-stanja-nesrece\\\/#breadcrumb\"},\"inLanguage\":\"hr\",\"potentialAction\":[{\"@type\":\"ReadAction\",\"target\":[\"https:\\\/\\\/radioljubuski.ba\\\/index.php\\\/2022\\\/04\\\/14\\\/vlada-zzh-donijela-odluku-o-prestanku-stanja-nesrece\\\/\"]}]},{\"@type\":\"ImageObject\",\"inLanguage\":\"hr\",\"@id\":\"https:\\\/\\\/radioljubuski.ba\\\/index.php\\\/2022\\\/04\\\/14\\\/vlada-zzh-donijela-odluku-o-prestanku-stanja-nesrece\\\/#primaryimage\",\"url\":\"https:\\\/\\\/radioljubuski.ba\\\/wp-content\\\/uploads\\\/2021\\\/03\\\/vlada-zzh.jpg\",\"contentUrl\":\"https:\\\/\\\/radioljubuski.ba\\\/wp-content\\\/uploads\\\/2021\\\/03\\\/vlada-zzh.jpg\",\"width\":900,\"height\":500},{\"@type\":\"BreadcrumbList\",\"@id\":\"https:\\\/\\\/radioljubuski.ba\\\/index.php\\\/2022\\\/04\\\/14\\\/vlada-zzh-donijela-odluku-o-prestanku-stanja-nesrece\\\/#breadcrumb\",\"itemListElement\":[{\"@type\":\"ListItem\",\"position\":1,\"name\":\"Po\u010detna stranica\",\"item\":\"https:\\\/\\\/radioljubuski.ba\\\/\"},{\"@type\":\"ListItem\",\"position\":2,\"name\":\"Vlada \u017dZH donijela odluku o prestanku stanja nesre\u0107e\"}]},{\"@type\":\"WebSite\",\"@id\":\"https:\\\/\\\/radioljubuski.ba\\\/#website\",\"url\":\"https:\\\/\\\/radioljubuski.ba\\\/\",\"name\":\"Radio Ljubu\u0161ki\",\"description\":\"Sun\u010dana frekvencija Hercegovine\",\"publisher\":{\"@id\":\"https:\\\/\\\/radioljubuski.ba\\\/#organization\"},\"potentialAction\":[{\"@type\":\"SearchAction\",\"target\":{\"@type\":\"EntryPoint\",\"urlTemplate\":\"https:\\\/\\\/radioljubuski.ba\\\/?s={search_term_string}\"},\"query-input\":{\"@type\":\"PropertyValueSpecification\",\"valueRequired\":true,\"valueName\":\"search_term_string\"}}],\"inLanguage\":\"hr\"},{\"@type\":\"Organization\",\"@id\":\"https:\\\/\\\/radioljubuski.ba\\\/#organization\",\"name\":\"Radio Ljubu\u0161ki\",\"url\":\"https:\\\/\\\/radioljubuski.ba\\\/\",\"logo\":{\"@type\":\"ImageObject\",\"inLanguage\":\"hr\",\"@id\":\"https:\\\/\\\/radioljubuski.ba\\\/#\\\/schema\\\/logo\\\/image\\\/\",\"url\":\"https:\\\/\\\/radioljubuski.ba\\\/wp-content\\\/uploads\\\/2021\\\/02\\\/cropped-Radio_Ljubuski_logo1.jpg\",\"contentUrl\":\"https:\\\/\\\/radioljubuski.ba\\\/wp-content\\\/uploads\\\/2021\\\/02\\\/cropped-Radio_Ljubuski_logo1.jpg\",\"width\":512,\"height\":512,\"caption\":\"Radio Ljubu\u0161ki\"},\"image\":{\"@id\":\"https:\\\/\\\/radioljubuski.ba\\\/#\\\/schema\\\/logo\\\/image\\\/\"},\"sameAs\":[\"https:\\\/\\\/www.facebook.com\\\/Radiio-Ljubuski-1490835324566332\",\"https:\\\/\\\/x.com\\\/radioljubuski\",\"https:\\\/\\\/hr.linkedin.com\\\/company\\\/radio-ljubuski\",\"https:\\\/\\\/www.youtube.com\\\/channel\\\/UCHYaeO_n0Db3tjNGudGpXyw\"]},{\"@type\":\"Person\",\"@id\":\"https:\\\/\\\/radioljubuski.ba\\\/#\\\/schema\\\/person\\\/19fc700381a780f69665d7956c469e3b\",\"name\":\"Radio Ljubu\u0161ki\"}]}<\/script>\n<!-- \/ Yoast SEO plugin. -->","yoast_head_json":{"title":"Vlada \u017dZH donijela odluku o prestanku stanja nesre\u0107e - RADIO LJUBU\u0160KI","robots":{"index":"index","follow":"follow","max-snippet":"max-snippet:-1","max-image-preview":"max-image-preview:large","max-video-preview":"max-video-preview:-1"},"canonical":"https:\/\/radioljubuski.ba\/index.php\/2022\/04\/14\/vlada-zzh-donijela-odluku-o-prestanku-stanja-nesrece\/","og_locale":"hr_HR","og_type":"article","og_title":"Vlada \u017dZH donijela odluku o prestanku stanja nesre\u0107e - RADIO LJUBU\u0160KI","og_description":"Vlada \u017dZH je na utorak odr\u017eanoj 122. sjednici donijela Odluku o progla\u0161enju prestanka stanja nesre\u0107e na podru\u010dju \u017dupanije Zapadnohercegova\u010dke. Ovo zna\u010di da su sve mjere koje su bile propisane kako bi se sprije\u010dilo \u0161irenje korona virusa, sada van snage u \u017dupaniji zapadnohercegova\u010dkoj. Podsjetimo, na sjednici \u017dupanijskog sto\u017eera civilne za\u0161tite odr\u017eanoj 27. kolovoza 2020. godine donesen [&hellip;]","og_url":"https:\/\/radioljubuski.ba\/index.php\/2022\/04\/14\/vlada-zzh-donijela-odluku-o-prestanku-stanja-nesrece\/","og_site_name":"RADIO LJUBU\u0160KI","article_publisher":"https:\/\/www.facebook.com\/Radiio-Ljubuski-1490835324566332","article_published_time":"2022-04-13T23:51:48+00:00","article_modified_time":"2022-04-13T23:51:50+00:00","og_image":[{"width":900,"height":500,"url":"https:\/\/radioljubuski.ba\/wp-content\/uploads\/2021\/03\/vlada-zzh.jpg","type":"image\/jpeg"}],"author":"Radio Ljubu\u0161ki","twitter_card":"summary_large_image","twitter_creator":"@radioljubuski","twitter_site":"@radioljubuski","twitter_misc":{"Napisao\/la":"Radio Ljubu\u0161ki","Procijenjeno vrijeme \u010ditanja":"2 minute"},"schema":{"@context":"https:\/\/schema.org","@graph":[{"@type":"Article","@id":"https:\/\/radioljubuski.ba\/index.php\/2022\/04\/14\/vlada-zzh-donijela-odluku-o-prestanku-stanja-nesrece\/#article","isPartOf":{"@id":"https:\/\/radioljubuski.ba\/index.php\/2022\/04\/14\/vlada-zzh-donijela-odluku-o-prestanku-stanja-nesrece\/"},"author":{"name":"Radio Ljubu\u0161ki","@id":"https:\/\/radioljubuski.ba\/#\/schema\/person\/19fc700381a780f69665d7956c469e3b"},"headline":"Vlada \u017dZH donijela odluku o prestanku stanja nesre\u0107e","datePublished":"2022-04-13T23:51:48+00:00","dateModified":"2022-04-13T23:51:50+00:00","mainEntityOfPage":{"@id":"https:\/\/radioljubuski.ba\/index.php\/2022\/04\/14\/vlada-zzh-donijela-odluku-o-prestanku-stanja-nesrece\/"},"wordCount":320,"publisher":{"@id":"https:\/\/radioljubuski.ba\/#organization"},"image":{"@id":"https:\/\/radioljubuski.ba\/index.php\/2022\/04\/14\/vlada-zzh-donijela-odluku-o-prestanku-stanja-nesrece\/#primaryimage"},"thumbnailUrl":"https:\/\/radioljubuski.ba\/wp-content\/uploads\/2021\/03\/vlada-zzh.jpg","articleSection":["BIH i regija"],"inLanguage":"hr"},{"@type":"WebPage","@id":"https:\/\/radioljubuski.ba\/index.php\/2022\/04\/14\/vlada-zzh-donijela-odluku-o-prestanku-stanja-nesrece\/","url":"https:\/\/radioljubuski.ba\/index.php\/2022\/04\/14\/vlada-zzh-donijela-odluku-o-prestanku-stanja-nesrece\/","name":"Vlada \u017dZH donijela odluku o prestanku stanja nesre\u0107e - RADIO LJUBU\u0160KI","isPartOf":{"@id":"https:\/\/radioljubuski.ba\/#website"},"primaryImageOfPage":{"@id":"https:\/\/radioljubuski.ba\/index.php\/2022\/04\/14\/vlada-zzh-donijela-odluku-o-prestanku-stanja-nesrece\/#primaryimage"},"image":{"@id":"https:\/\/radioljubuski.ba\/index.php\/2022\/04\/14\/vlada-zzh-donijela-odluku-o-prestanku-stanja-nesrece\/#primaryimage"},"thumbnailUrl":"https:\/\/radioljubuski.ba\/wp-content\/uploads\/2021\/03\/vlada-zzh.jpg","datePublished":"2022-04-13T23:51:48+00:00","dateModified":"2022-04-13T23:51:50+00:00","breadcrumb":{"@id":"https:\/\/radioljubuski.ba\/index.php\/2022\/04\/14\/vlada-zzh-donijela-odluku-o-prestanku-stanja-nesrece\/#breadcrumb"},"inLanguage":"hr","potentialAction":[{"@type":"ReadAction","target":["https:\/\/radioljubuski.ba\/index.php\/2022\/04\/14\/vlada-zzh-donijela-odluku-o-prestanku-stanja-nesrece\/"]}]},{"@type":"ImageObject","inLanguage":"hr","@id":"https:\/\/radioljubuski.ba\/index.php\/2022\/04\/14\/vlada-zzh-donijela-odluku-o-prestanku-stanja-nesrece\/#primaryimage","url":"https:\/\/radioljubuski.ba\/wp-content\/uploads\/2021\/03\/vlada-zzh.jpg","contentUrl":"https:\/\/radioljubuski.ba\/wp-content\/uploads\/2021\/03\/vlada-zzh.jpg","width":900,"height":500},{"@type":"BreadcrumbList","@id":"https:\/\/radioljubuski.ba\/index.php\/2022\/04\/14\/vlada-zzh-donijela-odluku-o-prestanku-stanja-nesrece\/#breadcrumb","itemListElement":[{"@type":"ListItem","position":1,"name":"Po\u010detna stranica","item":"https:\/\/radioljubuski.ba\/"},{"@type":"ListItem","position":2,"name":"Vlada \u017dZH donijela odluku o prestanku stanja nesre\u0107e"}]},{"@type":"WebSite","@id":"https:\/\/radioljubuski.ba\/#website","url":"https:\/\/radioljubuski.ba\/","name":"Radio Ljubu\u0161ki","description":"Sun\u010dana frekvencija Hercegovine","publisher":{"@id":"https:\/\/radioljubuski.ba\/#organization"},"potentialAction":[{"@type":"SearchAction","target":{"@type":"EntryPoint","urlTemplate":"https:\/\/radioljubuski.ba\/?s={search_term_string}"},"query-input":{"@type":"PropertyValueSpecification","valueRequired":true,"valueName":"search_term_string"}}],"inLanguage":"hr"},{"@type":"Organization","@id":"https:\/\/radioljubuski.ba\/#organization","name":"Radio Ljubu\u0161ki","url":"https:\/\/radioljubuski.ba\/","logo":{"@type":"ImageObject","inLanguage":"hr","@id":"https:\/\/radioljubuski.ba\/#\/schema\/logo\/image\/","url":"https:\/\/radioljubuski.ba\/wp-content\/uploads\/2021\/02\/cropped-Radio_Ljubuski_logo1.jpg","contentUrl":"https:\/\/radioljubuski.ba\/wp-content\/uploads\/2021\/02\/cropped-Radio_Ljubuski_logo1.jpg","width":512,"height":512,"caption":"Radio Ljubu\u0161ki"},"image":{"@id":"https:\/\/radioljubuski.ba\/#\/schema\/logo\/image\/"},"sameAs":["https:\/\/www.facebook.com\/Radiio-Ljubuski-1490835324566332","https:\/\/x.com\/radioljubuski","https:\/\/hr.linkedin.com\/company\/radio-ljubuski","https:\/\/www.youtube.com\/channel\/UCHYaeO_n0Db3tjNGudGpXyw"]},{"@type":"Person","@id":"https:\/\/radioljubuski.ba\/#\/schema\/person\/19fc700381a780f69665d7956c469e3b","name":"Radio Ljubu\u0161ki"}]}},"_links":{"self":[{"href":"https:\/\/radioljubuski.ba\/index.php\/wp-json\/wp\/v2\/posts\/132290","targetHints":{"allow":["GET"]}}],"collection":[{"href":"https:\/\/radioljubuski.ba\/index.php\/wp-json\/wp\/v2\/posts"}],"about":[{"href":"https:\/\/radioljubuski.ba\/index.php\/wp-json\/wp\/v2\/types\/post"}],"author":[{"embeddable":true,"href":"https:\/\/radioljubuski.ba\/index.php\/wp-json\/wp\/v2\/users\/2"}],"replies":[{"embeddable":true,"href":"https:\/\/radioljubuski.ba\/index.php\/wp-json\/wp\/v2\/comments?post=132290"}],"version-history":[{"count":1,"href":"https:\/\/radioljubuski.ba\/index.php\/wp-json\/wp\/v2\/posts\/132290\/revisions"}],"predecessor-version":[{"id":132291,"href":"https:\/\/radioljubuski.ba\/index.php\/wp-json\/wp\/v2\/posts\/132290\/revisions\/132291"}],"wp:featuredmedia":[{"embeddable":true,"href":"https:\/\/radioljubuski.ba\/index.php\/wp-json\/wp\/v2\/media\/1057"}],"wp:attachment":[{"href":"https:\/\/radioljubuski.ba\/index.php\/wp-json\/wp\/v2\/media?parent=132290"}],"wp:term":[{"taxonomy":"category","embeddable":true,"href":"https:\/\/radioljubuski.ba\/index.php\/wp-json\/wp\/v2\/categories?post=132290"},{"taxonomy":"post_tag","embeddable":true,"href":"https:\/\/radioljubuski.ba\/index.php\/wp-json\/wp\/v2\/tags?post=132290"}],"curies":[{"name":"wp","href":"https:\/\/api.w.org\/{rel}","templated":true}]}}