{"id":132294,"date":"2022-04-14T00:54:19","date_gmt":"2022-04-13T23:54:19","guid":{"rendered":"https:\/\/radioljubuski.ba\/?p=132294"},"modified":"2022-04-14T00:54:21","modified_gmt":"2022-04-13T23:54:21","slug":"hrvatska-spremacice-digle-cijenu-rada","status":"publish","type":"post","link":"https:\/\/radioljubuski.ba\/index.php\/2022\/04\/14\/hrvatska-spremacice-digle-cijenu-rada\/","title":{"rendered":"Hrvatska: Sprema\u010dice digle cijenu rada"},"content":{"rendered":"\n<p>Usluge pospremanja apartmana i hotelskim soba u zemlji gdje svi iznajmljuju itekako su potrebne, ali time se poslom ne \u017eele baviti mnogi.<\/p>\n\n\n\n<p>I takvom matematikom stigli smo do paprenih cijena. Neki u oglasniku ve\u0107 tra\u017ee 100 kuna po satu, pi\u0161e&nbsp;<a href=\"https:\/\/www.rtl.hr\/vijesti-hr\/novosti\/hrvatska\/4226256\/hoce-li-cistacice-ovo-ljeto-zaradjivati-vise-od-zubara-trebamo-ih-malo-ih-je-pa-cijene-ciscenja-rastu-do-100-kuna-po-satu\/\" target=\"_blank\" rel=\"noreferrer noopener\">RTL.<\/a><\/p>\n\n\n\n<p>Promijeniti plahte, oprati podove, o\u010distiti sobu. Posao \u010dista\u010dice sve je samo ne glamurozan, ali kad krene gu\u017eva itekako su tra\u017eene i itekako dobro pla\u0107ene. Danas ih se i mo\u017ee na\u0107i za 50 kuna po satu. Ali ne zadugo.<\/p>\n\n\n\n<p>\u201cMi nismo na\u0161e cijene dizali zadnjih deset godina, a \u0161to ne zna\u010di da u dogledno vrijeme ne\u0107emo jer smo prisiljeni zbog poskupljenja goriva, sredstava za \u010di\u0161\u0107enje i ne mo\u017eemo s u ovim cijenama vi\u0161e snalaziti\u201d, obja\u0161njava vlasnica agencije za \u010di\u0161\u0107enje Ivanka Gabri\u0107.<\/p>\n\n\n\n<p>Sve je poskupjelo pa \u0107e i \u010di\u0161\u0107enje. U oglasnicima neki ve\u0107 tra\u017ee od 70 do 100 kuna po satu. I u hotelima ka\u017eu sobarice su na cijeni, pla\u0107a im je u posljednje dvije godine narasla za 30-ak posto.<\/p>\n\n\n\n<p>\u201cSvakako mislim da \u0107e ove godine cijene i\u0107i do 70 kuna po sati, mislim da \u0107e to otprilike biti tako\u201d, rekla je predsjednica Hrvatske udruge obiteljskog smje\u0161taja Barbara Markovi\u0107.<\/p>\n\n\n\n<p>\u201cSko\u010dila je pla\u0107a kako je i\u0161la potra\u017enja tako je pla\u0107a jednako tako narasla. Odnosno potra\u017eivanje osoblja iz doma\u0107instava\u201d, tvrdi direktorica hotela Nevena Toma\u0161 \u010cike\u0161.<\/p>\n\n\n\n<p>U zemlji s milijun apartmana prona\u0107i \u010dista\u010dicu mo\u017ee biti te\u0161ko. Jo\u0161 te\u017ee u manjim mjestima i na otocima.<\/p>\n\n\n\n<p>\u201cGdje god je te\u0161ko dohvatljivo, gdje ljudi imaju dodatni tro\u0161ak za do\u0107i i \u010distiti, boravka, trajekt, goriva koje su se pove\u0107ale. Vjerujem da \u0107e oni tra\u017eiti vi\u0161e novaca\u201d, smatra predsjednica Hrvatske udruge obiteljskog smje\u0161taja.<\/p>\n\n\n\n<p>Ali svi se nadaju da sat \u010di\u0161\u0107enja ovog ljeta ne\u0107e biti 100 kuna.<\/p>\n\n\n\n<p>\u201cO\u010dekujemo u ovom trenutku da \u0107e svi oni koji tra\u017ee posao spustiti loptu, a nemaju svi odre\u0111ene kvalitete i kompetencije, a tra\u017ee iznimno velik primanja i dohotke. Onda dolazimo do kona\u010dne izlazne cijene koja je izuzetno visoko. To je nekakva za\u010darani krug tako da o\u010dekujem da \u0107e sve nekako stabilizirati\u201d, pojasnio je predsjednik HGK Split Joze Toma\u0161.<\/p>\n\n\n\n<p>Dakle, \u010dista\u010dica je malo, svi ih trebaju, a pla\u0107a je dobra. Eto vam prijedloga kako provesti ljeto.<\/p>\n\n\n\n<p>Izvor:pogled.ba<\/p>\n","protected":false},"excerpt":{"rendered":"<p>Usluge pospremanja apartmana i hotelskim soba u zemlji gdje svi iznajmljuju itekako su potrebne, ali time se poslom ne \u017eele baviti mnogi. I takvom matematikom stigli smo do paprenih cijena. Neki u oglasniku ve\u0107 tra\u017ee 100 kuna po satu, pi\u0161e&nbsp;RTL. Promijeniti plahte, oprati podove, o\u010distiti sobu. Posao \u010dista\u010dice sve je samo ne glamurozan, ali kad [&hellip;]<\/p>\n","protected":false},"author":2,"featured_media":132295,"comment_status":"closed","ping_status":"closed","sticky":false,"template":"","format":"standard","meta":{"h5ap_radio_sources":[],"footnotes":""},"categories":[1],"tags":[],"class_list":["post-132294","post","type-post","status-publish","format-standard","has-post-thumbnail","hentry","category-bihiregija"],"yoast_head":"<!-- This site is optimized with the Yoast SEO plugin v27.5 - https:\/\/yoast.com\/product\/yoast-seo-wordpress\/ -->\n<title>Hrvatska: Sprema\u010dice digle cijenu rada - RADIO LJUBU\u0160KI<\/title>\n<meta name=\"robots\" content=\"index, follow, max-snippet:-1, max-image-preview:large, max-video-preview:-1\" \/>\n<link rel=\"canonical\" href=\"https:\/\/radioljubuski.ba\/index.php\/2022\/04\/14\/hrvatska-spremacice-digle-cijenu-rada\/\" \/>\n<meta property=\"og:locale\" content=\"hr_HR\" \/>\n<meta property=\"og:type\" content=\"article\" \/>\n<meta property=\"og:title\" content=\"Hrvatska: Sprema\u010dice digle cijenu rada - RADIO LJUBU\u0160KI\" \/>\n<meta property=\"og:description\" content=\"Usluge pospremanja apartmana i hotelskim soba u zemlji gdje svi iznajmljuju itekako su potrebne, ali time se poslom ne \u017eele baviti mnogi. I takvom matematikom stigli smo do paprenih cijena. Neki u oglasniku ve\u0107 tra\u017ee 100 kuna po satu, pi\u0161e&nbsp;RTL. Promijeniti plahte, oprati podove, o\u010distiti sobu. Posao \u010dista\u010dice sve je samo ne glamurozan, ali kad [&hellip;]\" \/>\n<meta property=\"og:url\" content=\"https:\/\/radioljubuski.ba\/index.php\/2022\/04\/14\/hrvatska-spremacice-digle-cijenu-rada\/\" \/>\n<meta property=\"og:site_name\" content=\"RADIO LJUBU\u0160KI\" \/>\n<meta property=\"article:publisher\" content=\"https:\/\/www.facebook.com\/Radiio-Ljubuski-1490835324566332\" \/>\n<meta property=\"article:published_time\" content=\"2022-04-13T23:54:19+00:00\" \/>\n<meta property=\"article:modified_time\" content=\"2022-04-13T23:54:21+00:00\" \/>\n<meta property=\"og:image\" content=\"https:\/\/radioljubuski.ba\/wp-content\/uploads\/2022\/04\/8-2022-04-13-14-45-33-cistacica.jpg\" \/>\n\t<meta property=\"og:image:width\" content=\"1000\" \/>\n\t<meta property=\"og:image:height\" content=\"625\" \/>\n\t<meta property=\"og:image:type\" content=\"image\/jpeg\" \/>\n<meta name=\"author\" content=\"Radio Ljubu\u0161ki\" \/>\n<meta name=\"twitter:card\" content=\"summary_large_image\" \/>\n<meta name=\"twitter:creator\" content=\"@radioljubuski\" \/>\n<meta name=\"twitter:site\" content=\"@radioljubuski\" \/>\n<meta name=\"twitter:label1\" content=\"Napisao\/la\" \/>\n\t<meta name=\"twitter:data1\" content=\"Radio Ljubu\u0161ki\" \/>\n\t<meta name=\"twitter:label2\" content=\"Procijenjeno vrijeme \u010ditanja\" \/>\n\t<meta name=\"twitter:data2\" content=\"2 minute\" \/>\n<script type=\"application\/ld+json\" class=\"yoast-schema-graph\">{\"@context\":\"https:\\\/\\\/schema.org\",\"@graph\":[{\"@type\":\"Article\",\"@id\":\"https:\\\/\\\/radioljubuski.ba\\\/index.php\\\/2022\\\/04\\\/14\\\/hrvatska-spremacice-digle-cijenu-rada\\\/#article\",\"isPartOf\":{\"@id\":\"https:\\\/\\\/radioljubuski.ba\\\/index.php\\\/2022\\\/04\\\/14\\\/hrvatska-spremacice-digle-cijenu-rada\\\/\"},\"author\":{\"name\":\"Radio Ljubu\u0161ki\",\"@id\":\"https:\\\/\\\/radioljubuski.ba\\\/#\\\/schema\\\/person\\\/19fc700381a780f69665d7956c469e3b\"},\"headline\":\"Hrvatska: Sprema\u010dice digle cijenu rada\",\"datePublished\":\"2022-04-13T23:54:19+00:00\",\"dateModified\":\"2022-04-13T23:54:21+00:00\",\"mainEntityOfPage\":{\"@id\":\"https:\\\/\\\/radioljubuski.ba\\\/index.php\\\/2022\\\/04\\\/14\\\/hrvatska-spremacice-digle-cijenu-rada\\\/\"},\"wordCount\":408,\"publisher\":{\"@id\":\"https:\\\/\\\/radioljubuski.ba\\\/#organization\"},\"image\":{\"@id\":\"https:\\\/\\\/radioljubuski.ba\\\/index.php\\\/2022\\\/04\\\/14\\\/hrvatska-spremacice-digle-cijenu-rada\\\/#primaryimage\"},\"thumbnailUrl\":\"https:\\\/\\\/radioljubuski.ba\\\/wp-content\\\/uploads\\\/2022\\\/04\\\/8-2022-04-13-14-45-33-cistacica.jpg\",\"articleSection\":[\"BIH i regija\"],\"inLanguage\":\"hr\"},{\"@type\":\"WebPage\",\"@id\":\"https:\\\/\\\/radioljubuski.ba\\\/index.php\\\/2022\\\/04\\\/14\\\/hrvatska-spremacice-digle-cijenu-rada\\\/\",\"url\":\"https:\\\/\\\/radioljubuski.ba\\\/index.php\\\/2022\\\/04\\\/14\\\/hrvatska-spremacice-digle-cijenu-rada\\\/\",\"name\":\"Hrvatska: Sprema\u010dice digle cijenu rada - RADIO LJUBU\u0160KI\",\"isPartOf\":{\"@id\":\"https:\\\/\\\/radioljubuski.ba\\\/#website\"},\"primaryImageOfPage\":{\"@id\":\"https:\\\/\\\/radioljubuski.ba\\\/index.php\\\/2022\\\/04\\\/14\\\/hrvatska-spremacice-digle-cijenu-rada\\\/#primaryimage\"},\"image\":{\"@id\":\"https:\\\/\\\/radioljubuski.ba\\\/index.php\\\/2022\\\/04\\\/14\\\/hrvatska-spremacice-digle-cijenu-rada\\\/#primaryimage\"},\"thumbnailUrl\":\"https:\\\/\\\/radioljubuski.ba\\\/wp-content\\\/uploads\\\/2022\\\/04\\\/8-2022-04-13-14-45-33-cistacica.jpg\",\"datePublished\":\"2022-04-13T23:54:19+00:00\",\"dateModified\":\"2022-04-13T23:54:21+00:00\",\"breadcrumb\":{\"@id\":\"https:\\\/\\\/radioljubuski.ba\\\/index.php\\\/2022\\\/04\\\/14\\\/hrvatska-spremacice-digle-cijenu-rada\\\/#breadcrumb\"},\"inLanguage\":\"hr\",\"potentialAction\":[{\"@type\":\"ReadAction\",\"target\":[\"https:\\\/\\\/radioljubuski.ba\\\/index.php\\\/2022\\\/04\\\/14\\\/hrvatska-spremacice-digle-cijenu-rada\\\/\"]}]},{\"@type\":\"ImageObject\",\"inLanguage\":\"hr\",\"@id\":\"https:\\\/\\\/radioljubuski.ba\\\/index.php\\\/2022\\\/04\\\/14\\\/hrvatska-spremacice-digle-cijenu-rada\\\/#primaryimage\",\"url\":\"https:\\\/\\\/radioljubuski.ba\\\/wp-content\\\/uploads\\\/2022\\\/04\\\/8-2022-04-13-14-45-33-cistacica.jpg\",\"contentUrl\":\"https:\\\/\\\/radioljubuski.ba\\\/wp-content\\\/uploads\\\/2022\\\/04\\\/8-2022-04-13-14-45-33-cistacica.jpg\",\"width\":1000,\"height\":625},{\"@type\":\"BreadcrumbList\",\"@id\":\"https:\\\/\\\/radioljubuski.ba\\\/index.php\\\/2022\\\/04\\\/14\\\/hrvatska-spremacice-digle-cijenu-rada\\\/#breadcrumb\",\"itemListElement\":[{\"@type\":\"ListItem\",\"position\":1,\"name\":\"Po\u010detna stranica\",\"item\":\"https:\\\/\\\/radioljubuski.ba\\\/\"},{\"@type\":\"ListItem\",\"position\":2,\"name\":\"Hrvatska: Sprema\u010dice digle cijenu rada\"}]},{\"@type\":\"WebSite\",\"@id\":\"https:\\\/\\\/radioljubuski.ba\\\/#website\",\"url\":\"https:\\\/\\\/radioljubuski.ba\\\/\",\"name\":\"Radio Ljubu\u0161ki\",\"description\":\"Sun\u010dana frekvencija Hercegovine\",\"publisher\":{\"@id\":\"https:\\\/\\\/radioljubuski.ba\\\/#organization\"},\"potentialAction\":[{\"@type\":\"SearchAction\",\"target\":{\"@type\":\"EntryPoint\",\"urlTemplate\":\"https:\\\/\\\/radioljubuski.ba\\\/?s={search_term_string}\"},\"query-input\":{\"@type\":\"PropertyValueSpecification\",\"valueRequired\":true,\"valueName\":\"search_term_string\"}}],\"inLanguage\":\"hr\"},{\"@type\":\"Organization\",\"@id\":\"https:\\\/\\\/radioljubuski.ba\\\/#organization\",\"name\":\"Radio Ljubu\u0161ki\",\"url\":\"https:\\\/\\\/radioljubuski.ba\\\/\",\"logo\":{\"@type\":\"ImageObject\",\"inLanguage\":\"hr\",\"@id\":\"https:\\\/\\\/radioljubuski.ba\\\/#\\\/schema\\\/logo\\\/image\\\/\",\"url\":\"https:\\\/\\\/radioljubuski.ba\\\/wp-content\\\/uploads\\\/2021\\\/02\\\/cropped-Radio_Ljubuski_logo1.jpg\",\"contentUrl\":\"https:\\\/\\\/radioljubuski.ba\\\/wp-content\\\/uploads\\\/2021\\\/02\\\/cropped-Radio_Ljubuski_logo1.jpg\",\"width\":512,\"height\":512,\"caption\":\"Radio Ljubu\u0161ki\"},\"image\":{\"@id\":\"https:\\\/\\\/radioljubuski.ba\\\/#\\\/schema\\\/logo\\\/image\\\/\"},\"sameAs\":[\"https:\\\/\\\/www.facebook.com\\\/Radiio-Ljubuski-1490835324566332\",\"https:\\\/\\\/x.com\\\/radioljubuski\",\"https:\\\/\\\/hr.linkedin.com\\\/company\\\/radio-ljubuski\",\"https:\\\/\\\/www.youtube.com\\\/channel\\\/UCHYaeO_n0Db3tjNGudGpXyw\"]},{\"@type\":\"Person\",\"@id\":\"https:\\\/\\\/radioljubuski.ba\\\/#\\\/schema\\\/person\\\/19fc700381a780f69665d7956c469e3b\",\"name\":\"Radio Ljubu\u0161ki\"}]}<\/script>\n<!-- \/ Yoast SEO plugin. -->","yoast_head_json":{"title":"Hrvatska: Sprema\u010dice digle cijenu rada - RADIO LJUBU\u0160KI","robots":{"index":"index","follow":"follow","max-snippet":"max-snippet:-1","max-image-preview":"max-image-preview:large","max-video-preview":"max-video-preview:-1"},"canonical":"https:\/\/radioljubuski.ba\/index.php\/2022\/04\/14\/hrvatska-spremacice-digle-cijenu-rada\/","og_locale":"hr_HR","og_type":"article","og_title":"Hrvatska: Sprema\u010dice digle cijenu rada - RADIO LJUBU\u0160KI","og_description":"Usluge pospremanja apartmana i hotelskim soba u zemlji gdje svi iznajmljuju itekako su potrebne, ali time se poslom ne \u017eele baviti mnogi. I takvom matematikom stigli smo do paprenih cijena. Neki u oglasniku ve\u0107 tra\u017ee 100 kuna po satu, pi\u0161e&nbsp;RTL. Promijeniti plahte, oprati podove, o\u010distiti sobu. Posao \u010dista\u010dice sve je samo ne glamurozan, ali kad [&hellip;]","og_url":"https:\/\/radioljubuski.ba\/index.php\/2022\/04\/14\/hrvatska-spremacice-digle-cijenu-rada\/","og_site_name":"RADIO LJUBU\u0160KI","article_publisher":"https:\/\/www.facebook.com\/Radiio-Ljubuski-1490835324566332","article_published_time":"2022-04-13T23:54:19+00:00","article_modified_time":"2022-04-13T23:54:21+00:00","og_image":[{"width":1000,"height":625,"url":"https:\/\/radioljubuski.ba\/wp-content\/uploads\/2022\/04\/8-2022-04-13-14-45-33-cistacica.jpg","type":"image\/jpeg"}],"author":"Radio Ljubu\u0161ki","twitter_card":"summary_large_image","twitter_creator":"@radioljubuski","twitter_site":"@radioljubuski","twitter_misc":{"Napisao\/la":"Radio Ljubu\u0161ki","Procijenjeno vrijeme \u010ditanja":"2 minute"},"schema":{"@context":"https:\/\/schema.org","@graph":[{"@type":"Article","@id":"https:\/\/radioljubuski.ba\/index.php\/2022\/04\/14\/hrvatska-spremacice-digle-cijenu-rada\/#article","isPartOf":{"@id":"https:\/\/radioljubuski.ba\/index.php\/2022\/04\/14\/hrvatska-spremacice-digle-cijenu-rada\/"},"author":{"name":"Radio Ljubu\u0161ki","@id":"https:\/\/radioljubuski.ba\/#\/schema\/person\/19fc700381a780f69665d7956c469e3b"},"headline":"Hrvatska: Sprema\u010dice digle cijenu rada","datePublished":"2022-04-13T23:54:19+00:00","dateModified":"2022-04-13T23:54:21+00:00","mainEntityOfPage":{"@id":"https:\/\/radioljubuski.ba\/index.php\/2022\/04\/14\/hrvatska-spremacice-digle-cijenu-rada\/"},"wordCount":408,"publisher":{"@id":"https:\/\/radioljubuski.ba\/#organization"},"image":{"@id":"https:\/\/radioljubuski.ba\/index.php\/2022\/04\/14\/hrvatska-spremacice-digle-cijenu-rada\/#primaryimage"},"thumbnailUrl":"https:\/\/radioljubuski.ba\/wp-content\/uploads\/2022\/04\/8-2022-04-13-14-45-33-cistacica.jpg","articleSection":["BIH i regija"],"inLanguage":"hr"},{"@type":"WebPage","@id":"https:\/\/radioljubuski.ba\/index.php\/2022\/04\/14\/hrvatska-spremacice-digle-cijenu-rada\/","url":"https:\/\/radioljubuski.ba\/index.php\/2022\/04\/14\/hrvatska-spremacice-digle-cijenu-rada\/","name":"Hrvatska: Sprema\u010dice digle cijenu rada - RADIO LJUBU\u0160KI","isPartOf":{"@id":"https:\/\/radioljubuski.ba\/#website"},"primaryImageOfPage":{"@id":"https:\/\/radioljubuski.ba\/index.php\/2022\/04\/14\/hrvatska-spremacice-digle-cijenu-rada\/#primaryimage"},"image":{"@id":"https:\/\/radioljubuski.ba\/index.php\/2022\/04\/14\/hrvatska-spremacice-digle-cijenu-rada\/#primaryimage"},"thumbnailUrl":"https:\/\/radioljubuski.ba\/wp-content\/uploads\/2022\/04\/8-2022-04-13-14-45-33-cistacica.jpg","datePublished":"2022-04-13T23:54:19+00:00","dateModified":"2022-04-13T23:54:21+00:00","breadcrumb":{"@id":"https:\/\/radioljubuski.ba\/index.php\/2022\/04\/14\/hrvatska-spremacice-digle-cijenu-rada\/#breadcrumb"},"inLanguage":"hr","potentialAction":[{"@type":"ReadAction","target":["https:\/\/radioljubuski.ba\/index.php\/2022\/04\/14\/hrvatska-spremacice-digle-cijenu-rada\/"]}]},{"@type":"ImageObject","inLanguage":"hr","@id":"https:\/\/radioljubuski.ba\/index.php\/2022\/04\/14\/hrvatska-spremacice-digle-cijenu-rada\/#primaryimage","url":"https:\/\/radioljubuski.ba\/wp-content\/uploads\/2022\/04\/8-2022-04-13-14-45-33-cistacica.jpg","contentUrl":"https:\/\/radioljubuski.ba\/wp-content\/uploads\/2022\/04\/8-2022-04-13-14-45-33-cistacica.jpg","width":1000,"height":625},{"@type":"BreadcrumbList","@id":"https:\/\/radioljubuski.ba\/index.php\/2022\/04\/14\/hrvatska-spremacice-digle-cijenu-rada\/#breadcrumb","itemListElement":[{"@type":"ListItem","position":1,"name":"Po\u010detna stranica","item":"https:\/\/radioljubuski.ba\/"},{"@type":"ListItem","position":2,"name":"Hrvatska: Sprema\u010dice digle cijenu rada"}]},{"@type":"WebSite","@id":"https:\/\/radioljubuski.ba\/#website","url":"https:\/\/radioljubuski.ba\/","name":"Radio Ljubu\u0161ki","description":"Sun\u010dana frekvencija Hercegovine","publisher":{"@id":"https:\/\/radioljubuski.ba\/#organization"},"potentialAction":[{"@type":"SearchAction","target":{"@type":"EntryPoint","urlTemplate":"https:\/\/radioljubuski.ba\/?s={search_term_string}"},"query-input":{"@type":"PropertyValueSpecification","valueRequired":true,"valueName":"search_term_string"}}],"inLanguage":"hr"},{"@type":"Organization","@id":"https:\/\/radioljubuski.ba\/#organization","name":"Radio Ljubu\u0161ki","url":"https:\/\/radioljubuski.ba\/","logo":{"@type":"ImageObject","inLanguage":"hr","@id":"https:\/\/radioljubuski.ba\/#\/schema\/logo\/image\/","url":"https:\/\/radioljubuski.ba\/wp-content\/uploads\/2021\/02\/cropped-Radio_Ljubuski_logo1.jpg","contentUrl":"https:\/\/radioljubuski.ba\/wp-content\/uploads\/2021\/02\/cropped-Radio_Ljubuski_logo1.jpg","width":512,"height":512,"caption":"Radio Ljubu\u0161ki"},"image":{"@id":"https:\/\/radioljubuski.ba\/#\/schema\/logo\/image\/"},"sameAs":["https:\/\/www.facebook.com\/Radiio-Ljubuski-1490835324566332","https:\/\/x.com\/radioljubuski","https:\/\/hr.linkedin.com\/company\/radio-ljubuski","https:\/\/www.youtube.com\/channel\/UCHYaeO_n0Db3tjNGudGpXyw"]},{"@type":"Person","@id":"https:\/\/radioljubuski.ba\/#\/schema\/person\/19fc700381a780f69665d7956c469e3b","name":"Radio Ljubu\u0161ki"}]}},"_links":{"self":[{"href":"https:\/\/radioljubuski.ba\/index.php\/wp-json\/wp\/v2\/posts\/132294","targetHints":{"allow":["GET"]}}],"collection":[{"href":"https:\/\/radioljubuski.ba\/index.php\/wp-json\/wp\/v2\/posts"}],"about":[{"href":"https:\/\/radioljubuski.ba\/index.php\/wp-json\/wp\/v2\/types\/post"}],"author":[{"embeddable":true,"href":"https:\/\/radioljubuski.ba\/index.php\/wp-json\/wp\/v2\/users\/2"}],"replies":[{"embeddable":true,"href":"https:\/\/radioljubuski.ba\/index.php\/wp-json\/wp\/v2\/comments?post=132294"}],"version-history":[{"count":1,"href":"https:\/\/radioljubuski.ba\/index.php\/wp-json\/wp\/v2\/posts\/132294\/revisions"}],"predecessor-version":[{"id":132296,"href":"https:\/\/radioljubuski.ba\/index.php\/wp-json\/wp\/v2\/posts\/132294\/revisions\/132296"}],"wp:featuredmedia":[{"embeddable":true,"href":"https:\/\/radioljubuski.ba\/index.php\/wp-json\/wp\/v2\/media\/132295"}],"wp:attachment":[{"href":"https:\/\/radioljubuski.ba\/index.php\/wp-json\/wp\/v2\/media?parent=132294"}],"wp:term":[{"taxonomy":"category","embeddable":true,"href":"https:\/\/radioljubuski.ba\/index.php\/wp-json\/wp\/v2\/categories?post=132294"},{"taxonomy":"post_tag","embeddable":true,"href":"https:\/\/radioljubuski.ba\/index.php\/wp-json\/wp\/v2\/tags?post=132294"}],"curies":[{"name":"wp","href":"https:\/\/api.w.org\/{rel}","templated":true}]}}