{"id":132300,"date":"2022-04-14T00:56:17","date_gmt":"2022-04-13T23:56:17","guid":{"rendered":"https:\/\/radioljubuski.ba\/?p=132300"},"modified":"2022-04-14T00:56:18","modified_gmt":"2022-04-13T23:56:18","slug":"njemacka-novi-detalji-nesrece-u-kojoj-je-stradao-bh-drzavljanin","status":"publish","type":"post","link":"https:\/\/radioljubuski.ba\/index.php\/2022\/04\/14\/njemacka-novi-detalji-nesrece-u-kojoj-je-stradao-bh-drzavljanin\/","title":{"rendered":"Njema\u010dka: Novi detalji nesre\u0107e u kojoj je stradao bh. dr\u017eavljanin"},"content":{"rendered":"\n<p>Dr\u017eavljanin BiH D.Lj. (25) poginuo je ju\u010der kada se, kako prenose njema\u010dki mediji, kombi u kojem se vozio sudario s kamionom, dok su ozlije\u0161eni preba\u010deni u bolnicu.<\/p>\n\n\n\n<p>U utorak poposne dogodila se te\u0161ka prometna nesre\u0107a na autocesti A3 u Njema\u010dkoj, iza Hildener Kreuz u smjeru Oberhausena.<\/p>\n\n\n\n<p>Prema podacima policije, preminuo je 25-godi\u0161njak iz Bosne i Hercegovine koji je s obitelji \u017eivio u M\u00fchlheimu. Iza sebe ostavio trudnu suprugu i dvogodi\u0161nju k\u0107er.<\/p>\n\n\n\n<p>Prema policiji, njegovih pet suputnika samo je lak\u0161e ozlije\u0111eno \u2013 kao i 42-godi\u0161nji voza\u010d poluprikolice jedne \u0161pediterske kompanije Saarland, koji je udario u stra\u017enji desni dio kombija sa svojim kamionom.<\/p>\n\n\n\n<p>Policija je objavila da je oko 17 sati \u0161est radnika nakon zavr\u0161enog posla krenulo ku\u0107i. Me\u0111utim ubrzo nakon Hildener Kreuza u njihovo vozilo se zabio kamion. Voza\u010d je izgubio kontrolu nad vozilom koje je udarilo u betonsku ogradu s desne strane prilikom \u010dega su otkinuta bo\u010dna vrata. Tom prilikom 25-godi\u0161njak je izba\u010den iz vozila te je prema svemu sude\u0107i preminuo na mjestu nesre\u0107e, prenose&nbsp;<a href=\"https:\/\/rp-online.de\/nrw\/staedte\/hilden\/unfall-a3-nahe-kreuz-hilden-ein-toter-bei-unfall-25-jaehriger-stirbt_aid-68042627\" target=\"_blank\" rel=\"noreferrer noopener\">njema\u010dki mediji.<\/a><\/p>\n\n\n\n<p>Izvor:pogled.ba<\/p>\n","protected":false},"excerpt":{"rendered":"<p>Dr\u017eavljanin BiH D.Lj. (25) poginuo je ju\u010der kada se, kako prenose njema\u010dki mediji, kombi u kojem se vozio sudario s kamionom, dok su ozlije\u0161eni preba\u010deni u bolnicu. U utorak poposne dogodila se te\u0161ka prometna nesre\u0107a na autocesti A3 u Njema\u010dkoj, iza Hildener Kreuz u smjeru Oberhausena. Prema podacima policije, preminuo je 25-godi\u0161njak iz Bosne i [&hellip;]<\/p>\n","protected":false},"author":2,"featured_media":0,"comment_status":"closed","ping_status":"closed","sticky":false,"template":"","format":"standard","meta":{"h5ap_radio_sources":[],"footnotes":""},"categories":[1],"tags":[],"class_list":["post-132300","post","type-post","status-publish","format-standard","hentry","category-bihiregija"],"yoast_head":"<!-- This site is optimized with the Yoast SEO plugin v27.5 - https:\/\/yoast.com\/product\/yoast-seo-wordpress\/ -->\n<title>Njema\u010dka: Novi detalji nesre\u0107e u kojoj je stradao bh. dr\u017eavljanin - RADIO LJUBU\u0160KI<\/title>\n<meta name=\"robots\" content=\"index, follow, max-snippet:-1, max-image-preview:large, max-video-preview:-1\" \/>\n<link rel=\"canonical\" href=\"https:\/\/radioljubuski.ba\/index.php\/2022\/04\/14\/njemacka-novi-detalji-nesrece-u-kojoj-je-stradao-bh-drzavljanin\/\" \/>\n<meta property=\"og:locale\" content=\"hr_HR\" \/>\n<meta property=\"og:type\" content=\"article\" \/>\n<meta property=\"og:title\" content=\"Njema\u010dka: Novi detalji nesre\u0107e u kojoj je stradao bh. dr\u017eavljanin - RADIO LJUBU\u0160KI\" \/>\n<meta property=\"og:description\" content=\"Dr\u017eavljanin BiH D.Lj. (25) poginuo je ju\u010der kada se, kako prenose njema\u010dki mediji, kombi u kojem se vozio sudario s kamionom, dok su ozlije\u0161eni preba\u010deni u bolnicu. U utorak poposne dogodila se te\u0161ka prometna nesre\u0107a na autocesti A3 u Njema\u010dkoj, iza Hildener Kreuz u smjeru Oberhausena. Prema podacima policije, preminuo je 25-godi\u0161njak iz Bosne i [&hellip;]\" \/>\n<meta property=\"og:url\" content=\"https:\/\/radioljubuski.ba\/index.php\/2022\/04\/14\/njemacka-novi-detalji-nesrece-u-kojoj-je-stradao-bh-drzavljanin\/\" \/>\n<meta property=\"og:site_name\" content=\"RADIO LJUBU\u0160KI\" \/>\n<meta property=\"article:publisher\" content=\"https:\/\/www.facebook.com\/Radiio-Ljubuski-1490835324566332\" \/>\n<meta property=\"article:published_time\" content=\"2022-04-13T23:56:17+00:00\" \/>\n<meta property=\"article:modified_time\" content=\"2022-04-13T23:56:18+00:00\" \/>\n<meta property=\"og:image\" content=\"https:\/\/radioljubuski.ba\/wp-content\/uploads\/2022\/04\/8-2022-04-13-14-59-15-kombi-nesreca.jpg\" \/>\n\t<meta property=\"og:image:width\" content=\"1000\" \/>\n\t<meta property=\"og:image:height\" content=\"625\" \/>\n\t<meta property=\"og:image:type\" content=\"image\/jpeg\" \/>\n<meta name=\"author\" content=\"Radio Ljubu\u0161ki\" \/>\n<meta name=\"twitter:card\" content=\"summary_large_image\" \/>\n<meta name=\"twitter:creator\" content=\"@radioljubuski\" \/>\n<meta name=\"twitter:site\" content=\"@radioljubuski\" \/>\n<meta name=\"twitter:label1\" content=\"Napisao\/la\" \/>\n\t<meta name=\"twitter:data1\" content=\"Radio Ljubu\u0161ki\" \/>\n\t<meta name=\"twitter:label2\" content=\"Procijenjeno vrijeme \u010ditanja\" \/>\n\t<meta name=\"twitter:data2\" content=\"1 minuta\" \/>\n<script type=\"application\/ld+json\" class=\"yoast-schema-graph\">{\"@context\":\"https:\\\/\\\/schema.org\",\"@graph\":[{\"@type\":\"Article\",\"@id\":\"https:\\\/\\\/radioljubuski.ba\\\/index.php\\\/2022\\\/04\\\/14\\\/njemacka-novi-detalji-nesrece-u-kojoj-je-stradao-bh-drzavljanin\\\/#article\",\"isPartOf\":{\"@id\":\"https:\\\/\\\/radioljubuski.ba\\\/index.php\\\/2022\\\/04\\\/14\\\/njemacka-novi-detalji-nesrece-u-kojoj-je-stradao-bh-drzavljanin\\\/\"},\"author\":{\"name\":\"Radio Ljubu\u0161ki\",\"@id\":\"https:\\\/\\\/radioljubuski.ba\\\/#\\\/schema\\\/person\\\/19fc700381a780f69665d7956c469e3b\"},\"headline\":\"Njema\u010dka: Novi detalji nesre\u0107e u kojoj je stradao bh. dr\u017eavljanin\",\"datePublished\":\"2022-04-13T23:56:17+00:00\",\"dateModified\":\"2022-04-13T23:56:18+00:00\",\"mainEntityOfPage\":{\"@id\":\"https:\\\/\\\/radioljubuski.ba\\\/index.php\\\/2022\\\/04\\\/14\\\/njemacka-novi-detalji-nesrece-u-kojoj-je-stradao-bh-drzavljanin\\\/\"},\"wordCount\":207,\"publisher\":{\"@id\":\"https:\\\/\\\/radioljubuski.ba\\\/#organization\"},\"articleSection\":[\"BIH i regija\"],\"inLanguage\":\"hr\"},{\"@type\":\"WebPage\",\"@id\":\"https:\\\/\\\/radioljubuski.ba\\\/index.php\\\/2022\\\/04\\\/14\\\/njemacka-novi-detalji-nesrece-u-kojoj-je-stradao-bh-drzavljanin\\\/\",\"url\":\"https:\\\/\\\/radioljubuski.ba\\\/index.php\\\/2022\\\/04\\\/14\\\/njemacka-novi-detalji-nesrece-u-kojoj-je-stradao-bh-drzavljanin\\\/\",\"name\":\"Njema\u010dka: Novi detalji nesre\u0107e u kojoj je stradao bh. dr\u017eavljanin - RADIO LJUBU\u0160KI\",\"isPartOf\":{\"@id\":\"https:\\\/\\\/radioljubuski.ba\\\/#website\"},\"datePublished\":\"2022-04-13T23:56:17+00:00\",\"dateModified\":\"2022-04-13T23:56:18+00:00\",\"breadcrumb\":{\"@id\":\"https:\\\/\\\/radioljubuski.ba\\\/index.php\\\/2022\\\/04\\\/14\\\/njemacka-novi-detalji-nesrece-u-kojoj-je-stradao-bh-drzavljanin\\\/#breadcrumb\"},\"inLanguage\":\"hr\",\"potentialAction\":[{\"@type\":\"ReadAction\",\"target\":[\"https:\\\/\\\/radioljubuski.ba\\\/index.php\\\/2022\\\/04\\\/14\\\/njemacka-novi-detalji-nesrece-u-kojoj-je-stradao-bh-drzavljanin\\\/\"]}]},{\"@type\":\"BreadcrumbList\",\"@id\":\"https:\\\/\\\/radioljubuski.ba\\\/index.php\\\/2022\\\/04\\\/14\\\/njemacka-novi-detalji-nesrece-u-kojoj-je-stradao-bh-drzavljanin\\\/#breadcrumb\",\"itemListElement\":[{\"@type\":\"ListItem\",\"position\":1,\"name\":\"Po\u010detna stranica\",\"item\":\"https:\\\/\\\/radioljubuski.ba\\\/\"},{\"@type\":\"ListItem\",\"position\":2,\"name\":\"Njema\u010dka: Novi detalji nesre\u0107e u kojoj je stradao bh. dr\u017eavljanin\"}]},{\"@type\":\"WebSite\",\"@id\":\"https:\\\/\\\/radioljubuski.ba\\\/#website\",\"url\":\"https:\\\/\\\/radioljubuski.ba\\\/\",\"name\":\"Radio Ljubu\u0161ki\",\"description\":\"Sun\u010dana frekvencija Hercegovine\",\"publisher\":{\"@id\":\"https:\\\/\\\/radioljubuski.ba\\\/#organization\"},\"potentialAction\":[{\"@type\":\"SearchAction\",\"target\":{\"@type\":\"EntryPoint\",\"urlTemplate\":\"https:\\\/\\\/radioljubuski.ba\\\/?s={search_term_string}\"},\"query-input\":{\"@type\":\"PropertyValueSpecification\",\"valueRequired\":true,\"valueName\":\"search_term_string\"}}],\"inLanguage\":\"hr\"},{\"@type\":\"Organization\",\"@id\":\"https:\\\/\\\/radioljubuski.ba\\\/#organization\",\"name\":\"Radio Ljubu\u0161ki\",\"url\":\"https:\\\/\\\/radioljubuski.ba\\\/\",\"logo\":{\"@type\":\"ImageObject\",\"inLanguage\":\"hr\",\"@id\":\"https:\\\/\\\/radioljubuski.ba\\\/#\\\/schema\\\/logo\\\/image\\\/\",\"url\":\"https:\\\/\\\/radioljubuski.ba\\\/wp-content\\\/uploads\\\/2021\\\/02\\\/cropped-Radio_Ljubuski_logo1.jpg\",\"contentUrl\":\"https:\\\/\\\/radioljubuski.ba\\\/wp-content\\\/uploads\\\/2021\\\/02\\\/cropped-Radio_Ljubuski_logo1.jpg\",\"width\":512,\"height\":512,\"caption\":\"Radio Ljubu\u0161ki\"},\"image\":{\"@id\":\"https:\\\/\\\/radioljubuski.ba\\\/#\\\/schema\\\/logo\\\/image\\\/\"},\"sameAs\":[\"https:\\\/\\\/www.facebook.com\\\/Radiio-Ljubuski-1490835324566332\",\"https:\\\/\\\/x.com\\\/radioljubuski\",\"https:\\\/\\\/hr.linkedin.com\\\/company\\\/radio-ljubuski\",\"https:\\\/\\\/www.youtube.com\\\/channel\\\/UCHYaeO_n0Db3tjNGudGpXyw\"]},{\"@type\":\"Person\",\"@id\":\"https:\\\/\\\/radioljubuski.ba\\\/#\\\/schema\\\/person\\\/19fc700381a780f69665d7956c469e3b\",\"name\":\"Radio Ljubu\u0161ki\"}]}<\/script>\n<!-- \/ Yoast SEO plugin. -->","yoast_head_json":{"title":"Njema\u010dka: Novi detalji nesre\u0107e u kojoj je stradao bh. dr\u017eavljanin - RADIO LJUBU\u0160KI","robots":{"index":"index","follow":"follow","max-snippet":"max-snippet:-1","max-image-preview":"max-image-preview:large","max-video-preview":"max-video-preview:-1"},"canonical":"https:\/\/radioljubuski.ba\/index.php\/2022\/04\/14\/njemacka-novi-detalji-nesrece-u-kojoj-je-stradao-bh-drzavljanin\/","og_locale":"hr_HR","og_type":"article","og_title":"Njema\u010dka: Novi detalji nesre\u0107e u kojoj je stradao bh. dr\u017eavljanin - RADIO LJUBU\u0160KI","og_description":"Dr\u017eavljanin BiH D.Lj. (25) poginuo je ju\u010der kada se, kako prenose njema\u010dki mediji, kombi u kojem se vozio sudario s kamionom, dok su ozlije\u0161eni preba\u010deni u bolnicu. U utorak poposne dogodila se te\u0161ka prometna nesre\u0107a na autocesti A3 u Njema\u010dkoj, iza Hildener Kreuz u smjeru Oberhausena. Prema podacima policije, preminuo je 25-godi\u0161njak iz Bosne i [&hellip;]","og_url":"https:\/\/radioljubuski.ba\/index.php\/2022\/04\/14\/njemacka-novi-detalji-nesrece-u-kojoj-je-stradao-bh-drzavljanin\/","og_site_name":"RADIO LJUBU\u0160KI","article_publisher":"https:\/\/www.facebook.com\/Radiio-Ljubuski-1490835324566332","article_published_time":"2022-04-13T23:56:17+00:00","article_modified_time":"2022-04-13T23:56:18+00:00","og_image":[{"width":1000,"height":625,"url":"https:\/\/radioljubuski.ba\/wp-content\/uploads\/2022\/04\/8-2022-04-13-14-59-15-kombi-nesreca.jpg","type":"image\/jpeg"}],"author":"Radio Ljubu\u0161ki","twitter_card":"summary_large_image","twitter_creator":"@radioljubuski","twitter_site":"@radioljubuski","twitter_misc":{"Napisao\/la":"Radio Ljubu\u0161ki","Procijenjeno vrijeme \u010ditanja":"1 minuta"},"schema":{"@context":"https:\/\/schema.org","@graph":[{"@type":"Article","@id":"https:\/\/radioljubuski.ba\/index.php\/2022\/04\/14\/njemacka-novi-detalji-nesrece-u-kojoj-je-stradao-bh-drzavljanin\/#article","isPartOf":{"@id":"https:\/\/radioljubuski.ba\/index.php\/2022\/04\/14\/njemacka-novi-detalji-nesrece-u-kojoj-je-stradao-bh-drzavljanin\/"},"author":{"name":"Radio Ljubu\u0161ki","@id":"https:\/\/radioljubuski.ba\/#\/schema\/person\/19fc700381a780f69665d7956c469e3b"},"headline":"Njema\u010dka: Novi detalji nesre\u0107e u kojoj je stradao bh. dr\u017eavljanin","datePublished":"2022-04-13T23:56:17+00:00","dateModified":"2022-04-13T23:56:18+00:00","mainEntityOfPage":{"@id":"https:\/\/radioljubuski.ba\/index.php\/2022\/04\/14\/njemacka-novi-detalji-nesrece-u-kojoj-je-stradao-bh-drzavljanin\/"},"wordCount":207,"publisher":{"@id":"https:\/\/radioljubuski.ba\/#organization"},"articleSection":["BIH i regija"],"inLanguage":"hr"},{"@type":"WebPage","@id":"https:\/\/radioljubuski.ba\/index.php\/2022\/04\/14\/njemacka-novi-detalji-nesrece-u-kojoj-je-stradao-bh-drzavljanin\/","url":"https:\/\/radioljubuski.ba\/index.php\/2022\/04\/14\/njemacka-novi-detalji-nesrece-u-kojoj-je-stradao-bh-drzavljanin\/","name":"Njema\u010dka: Novi detalji nesre\u0107e u kojoj je stradao bh. dr\u017eavljanin - RADIO LJUBU\u0160KI","isPartOf":{"@id":"https:\/\/radioljubuski.ba\/#website"},"datePublished":"2022-04-13T23:56:17+00:00","dateModified":"2022-04-13T23:56:18+00:00","breadcrumb":{"@id":"https:\/\/radioljubuski.ba\/index.php\/2022\/04\/14\/njemacka-novi-detalji-nesrece-u-kojoj-je-stradao-bh-drzavljanin\/#breadcrumb"},"inLanguage":"hr","potentialAction":[{"@type":"ReadAction","target":["https:\/\/radioljubuski.ba\/index.php\/2022\/04\/14\/njemacka-novi-detalji-nesrece-u-kojoj-je-stradao-bh-drzavljanin\/"]}]},{"@type":"BreadcrumbList","@id":"https:\/\/radioljubuski.ba\/index.php\/2022\/04\/14\/njemacka-novi-detalji-nesrece-u-kojoj-je-stradao-bh-drzavljanin\/#breadcrumb","itemListElement":[{"@type":"ListItem","position":1,"name":"Po\u010detna stranica","item":"https:\/\/radioljubuski.ba\/"},{"@type":"ListItem","position":2,"name":"Njema\u010dka: Novi detalji nesre\u0107e u kojoj je stradao bh. dr\u017eavljanin"}]},{"@type":"WebSite","@id":"https:\/\/radioljubuski.ba\/#website","url":"https:\/\/radioljubuski.ba\/","name":"Radio Ljubu\u0161ki","description":"Sun\u010dana frekvencija Hercegovine","publisher":{"@id":"https:\/\/radioljubuski.ba\/#organization"},"potentialAction":[{"@type":"SearchAction","target":{"@type":"EntryPoint","urlTemplate":"https:\/\/radioljubuski.ba\/?s={search_term_string}"},"query-input":{"@type":"PropertyValueSpecification","valueRequired":true,"valueName":"search_term_string"}}],"inLanguage":"hr"},{"@type":"Organization","@id":"https:\/\/radioljubuski.ba\/#organization","name":"Radio Ljubu\u0161ki","url":"https:\/\/radioljubuski.ba\/","logo":{"@type":"ImageObject","inLanguage":"hr","@id":"https:\/\/radioljubuski.ba\/#\/schema\/logo\/image\/","url":"https:\/\/radioljubuski.ba\/wp-content\/uploads\/2021\/02\/cropped-Radio_Ljubuski_logo1.jpg","contentUrl":"https:\/\/radioljubuski.ba\/wp-content\/uploads\/2021\/02\/cropped-Radio_Ljubuski_logo1.jpg","width":512,"height":512,"caption":"Radio Ljubu\u0161ki"},"image":{"@id":"https:\/\/radioljubuski.ba\/#\/schema\/logo\/image\/"},"sameAs":["https:\/\/www.facebook.com\/Radiio-Ljubuski-1490835324566332","https:\/\/x.com\/radioljubuski","https:\/\/hr.linkedin.com\/company\/radio-ljubuski","https:\/\/www.youtube.com\/channel\/UCHYaeO_n0Db3tjNGudGpXyw"]},{"@type":"Person","@id":"https:\/\/radioljubuski.ba\/#\/schema\/person\/19fc700381a780f69665d7956c469e3b","name":"Radio Ljubu\u0161ki"}]}},"_links":{"self":[{"href":"https:\/\/radioljubuski.ba\/index.php\/wp-json\/wp\/v2\/posts\/132300","targetHints":{"allow":["GET"]}}],"collection":[{"href":"https:\/\/radioljubuski.ba\/index.php\/wp-json\/wp\/v2\/posts"}],"about":[{"href":"https:\/\/radioljubuski.ba\/index.php\/wp-json\/wp\/v2\/types\/post"}],"author":[{"embeddable":true,"href":"https:\/\/radioljubuski.ba\/index.php\/wp-json\/wp\/v2\/users\/2"}],"replies":[{"embeddable":true,"href":"https:\/\/radioljubuski.ba\/index.php\/wp-json\/wp\/v2\/comments?post=132300"}],"version-history":[{"count":1,"href":"https:\/\/radioljubuski.ba\/index.php\/wp-json\/wp\/v2\/posts\/132300\/revisions"}],"predecessor-version":[{"id":132302,"href":"https:\/\/radioljubuski.ba\/index.php\/wp-json\/wp\/v2\/posts\/132300\/revisions\/132302"}],"wp:attachment":[{"href":"https:\/\/radioljubuski.ba\/index.php\/wp-json\/wp\/v2\/media?parent=132300"}],"wp:term":[{"taxonomy":"category","embeddable":true,"href":"https:\/\/radioljubuski.ba\/index.php\/wp-json\/wp\/v2\/categories?post=132300"},{"taxonomy":"post_tag","embeddable":true,"href":"https:\/\/radioljubuski.ba\/index.php\/wp-json\/wp\/v2\/tags?post=132300"}],"curies":[{"name":"wp","href":"https:\/\/api.w.org\/{rel}","templated":true}]}}