{"id":132306,"date":"2022-04-14T00:59:25","date_gmt":"2022-04-13T23:59:25","guid":{"rendered":"https:\/\/radioljubuski.ba\/?p=132306"},"modified":"2022-04-14T00:59:25","modified_gmt":"2022-04-13T23:59:25","slug":"institut-za-nestale-osobe-nije-pronadena-masovna-grobnica-u-dvoristu-fate-orlovic","status":"publish","type":"post","link":"https:\/\/radioljubuski.ba\/index.php\/2022\/04\/14\/institut-za-nestale-osobe-nije-pronadena-masovna-grobnica-u-dvoristu-fate-orlovic\/","title":{"rendered":"Institut za nestale osobe: Nije prona\u0111ena masovna grobnica u dvori\u0161tu  Fate Orlovi\u0107"},"content":{"rendered":"\n<p>&nbsp;U dvori\u0161tu &nbsp;Fate Orlovi\u0107 u Konjevi\u0107 Polju od jutros su vr\u0161ena &nbsp;iskopavanja na mjestu nekada\u0161nje ilegalno izgra\u0111ene crkve, a nakon prijava da se tu nalazi masovna grobnica.<\/p>\n\n\n\n<p>Iskopavanje zemlji\u0161ta vr\u0161io je Institut za nestale osobe BiH, a kako je za Fenu iz ove institucije potvrdila glasnogovornica Emza Fazli\u0107, u popodnevnim satima zavr\u0161ena je pretraga terena i iskopavanje, te nije prona\u0111ena nikakva masovna grobnica.<\/p>\n\n\n\n<p>S dana\u0161njim provjerama pristiglih prijava Institut za nestale osobe, kako je re\u010deno, &nbsp;zavr\u0161io je iskopavanje zemlji\u0161ta ispred ku\u0107e nane Fate Orlovi\u0107, te nema potrebe za daljim nastavkom aktivnosti.<\/p>\n\n\n\n<p>Izvor:pogled.ba<\/p>\n","protected":false},"excerpt":{"rendered":"<p>&nbsp;U dvori\u0161tu &nbsp;Fate Orlovi\u0107 u Konjevi\u0107 Polju od jutros su vr\u0161ena &nbsp;iskopavanja na mjestu nekada\u0161nje ilegalno izgra\u0111ene crkve, a nakon prijava da se tu nalazi masovna grobnica. Iskopavanje zemlji\u0161ta vr\u0161io je Institut za nestale osobe BiH, a kako je za Fenu iz ove institucije potvrdila glasnogovornica Emza Fazli\u0107, u popodnevnim satima zavr\u0161ena je pretraga terena [&hellip;]<\/p>\n","protected":false},"author":2,"featured_media":132307,"comment_status":"closed","ping_status":"closed","sticky":false,"template":"","format":"standard","meta":{"h5ap_radio_sources":[],"footnotes":""},"categories":[1],"tags":[],"class_list":["post-132306","post","type-post","status-publish","format-standard","has-post-thumbnail","hentry","category-bihiregija"],"yoast_head":"<!-- This site is optimized with the Yoast SEO plugin v27.5 - https:\/\/yoast.com\/product\/yoast-seo-wordpress\/ -->\n<title>Institut za nestale osobe: Nije prona\u0111ena masovna grobnica u dvori\u0161tu Fate Orlovi\u0107 - RADIO LJUBU\u0160KI<\/title>\n<meta name=\"robots\" content=\"index, follow, max-snippet:-1, max-image-preview:large, max-video-preview:-1\" \/>\n<link rel=\"canonical\" href=\"https:\/\/radioljubuski.ba\/index.php\/2022\/04\/14\/institut-za-nestale-osobe-nije-pronadena-masovna-grobnica-u-dvoristu-fate-orlovic\/\" \/>\n<meta property=\"og:locale\" content=\"hr_HR\" \/>\n<meta property=\"og:type\" content=\"article\" \/>\n<meta property=\"og:title\" content=\"Institut za nestale osobe: Nije prona\u0111ena masovna grobnica u dvori\u0161tu Fate Orlovi\u0107 - RADIO LJUBU\u0160KI\" \/>\n<meta property=\"og:description\" content=\"&nbsp;U dvori\u0161tu &nbsp;Fate Orlovi\u0107 u Konjevi\u0107 Polju od jutros su vr\u0161ena &nbsp;iskopavanja na mjestu nekada\u0161nje ilegalno izgra\u0111ene crkve, a nakon prijava da se tu nalazi masovna grobnica. Iskopavanje zemlji\u0161ta vr\u0161io je Institut za nestale osobe BiH, a kako je za Fenu iz ove institucije potvrdila glasnogovornica Emza Fazli\u0107, u popodnevnim satima zavr\u0161ena je pretraga terena [&hellip;]\" \/>\n<meta property=\"og:url\" content=\"https:\/\/radioljubuski.ba\/index.php\/2022\/04\/14\/institut-za-nestale-osobe-nije-pronadena-masovna-grobnica-u-dvoristu-fate-orlovic\/\" \/>\n<meta property=\"og:site_name\" content=\"RADIO LJUBU\u0160KI\" \/>\n<meta property=\"article:publisher\" content=\"https:\/\/www.facebook.com\/Radiio-Ljubuski-1490835324566332\" \/>\n<meta property=\"article:published_time\" content=\"2022-04-13T23:59:25+00:00\" \/>\n<meta property=\"og:image\" content=\"https:\/\/radioljubuski.ba\/wp-content\/uploads\/2022\/04\/2-2022-04-13-15-57-18-l_378a67c365761cf439eef91d7f9e544f.jpg\" \/>\n\t<meta property=\"og:image:width\" content=\"1000\" \/>\n\t<meta property=\"og:image:height\" content=\"625\" \/>\n\t<meta property=\"og:image:type\" content=\"image\/jpeg\" \/>\n<meta name=\"author\" content=\"Radio Ljubu\u0161ki\" \/>\n<meta name=\"twitter:card\" content=\"summary_large_image\" \/>\n<meta name=\"twitter:creator\" content=\"@radioljubuski\" \/>\n<meta name=\"twitter:site\" content=\"@radioljubuski\" \/>\n<meta name=\"twitter:label1\" content=\"Napisao\/la\" \/>\n\t<meta name=\"twitter:data1\" content=\"Radio Ljubu\u0161ki\" \/>\n\t<meta name=\"twitter:label2\" content=\"Procijenjeno vrijeme \u010ditanja\" \/>\n\t<meta name=\"twitter:data2\" content=\"1 minuta\" \/>\n<script type=\"application\/ld+json\" class=\"yoast-schema-graph\">{\"@context\":\"https:\\\/\\\/schema.org\",\"@graph\":[{\"@type\":\"Article\",\"@id\":\"https:\\\/\\\/radioljubuski.ba\\\/index.php\\\/2022\\\/04\\\/14\\\/institut-za-nestale-osobe-nije-pronadena-masovna-grobnica-u-dvoristu-fate-orlovic\\\/#article\",\"isPartOf\":{\"@id\":\"https:\\\/\\\/radioljubuski.ba\\\/index.php\\\/2022\\\/04\\\/14\\\/institut-za-nestale-osobe-nije-pronadena-masovna-grobnica-u-dvoristu-fate-orlovic\\\/\"},\"author\":{\"name\":\"Radio Ljubu\u0161ki\",\"@id\":\"https:\\\/\\\/radioljubuski.ba\\\/#\\\/schema\\\/person\\\/19fc700381a780f69665d7956c469e3b\"},\"headline\":\"Institut za nestale osobe: Nije prona\u0111ena masovna grobnica u dvori\u0161tu Fate Orlovi\u0107\",\"datePublished\":\"2022-04-13T23:59:25+00:00\",\"mainEntityOfPage\":{\"@id\":\"https:\\\/\\\/radioljubuski.ba\\\/index.php\\\/2022\\\/04\\\/14\\\/institut-za-nestale-osobe-nije-pronadena-masovna-grobnica-u-dvoristu-fate-orlovic\\\/\"},\"wordCount\":125,\"publisher\":{\"@id\":\"https:\\\/\\\/radioljubuski.ba\\\/#organization\"},\"image\":{\"@id\":\"https:\\\/\\\/radioljubuski.ba\\\/index.php\\\/2022\\\/04\\\/14\\\/institut-za-nestale-osobe-nije-pronadena-masovna-grobnica-u-dvoristu-fate-orlovic\\\/#primaryimage\"},\"thumbnailUrl\":\"https:\\\/\\\/radioljubuski.ba\\\/wp-content\\\/uploads\\\/2022\\\/04\\\/2-2022-04-13-15-57-18-l_378a67c365761cf439eef91d7f9e544f.jpg\",\"articleSection\":[\"BIH i regija\"],\"inLanguage\":\"hr\"},{\"@type\":\"WebPage\",\"@id\":\"https:\\\/\\\/radioljubuski.ba\\\/index.php\\\/2022\\\/04\\\/14\\\/institut-za-nestale-osobe-nije-pronadena-masovna-grobnica-u-dvoristu-fate-orlovic\\\/\",\"url\":\"https:\\\/\\\/radioljubuski.ba\\\/index.php\\\/2022\\\/04\\\/14\\\/institut-za-nestale-osobe-nije-pronadena-masovna-grobnica-u-dvoristu-fate-orlovic\\\/\",\"name\":\"Institut za nestale osobe: Nije prona\u0111ena masovna grobnica u dvori\u0161tu Fate Orlovi\u0107 - RADIO LJUBU\u0160KI\",\"isPartOf\":{\"@id\":\"https:\\\/\\\/radioljubuski.ba\\\/#website\"},\"primaryImageOfPage\":{\"@id\":\"https:\\\/\\\/radioljubuski.ba\\\/index.php\\\/2022\\\/04\\\/14\\\/institut-za-nestale-osobe-nije-pronadena-masovna-grobnica-u-dvoristu-fate-orlovic\\\/#primaryimage\"},\"image\":{\"@id\":\"https:\\\/\\\/radioljubuski.ba\\\/index.php\\\/2022\\\/04\\\/14\\\/institut-za-nestale-osobe-nije-pronadena-masovna-grobnica-u-dvoristu-fate-orlovic\\\/#primaryimage\"},\"thumbnailUrl\":\"https:\\\/\\\/radioljubuski.ba\\\/wp-content\\\/uploads\\\/2022\\\/04\\\/2-2022-04-13-15-57-18-l_378a67c365761cf439eef91d7f9e544f.jpg\",\"datePublished\":\"2022-04-13T23:59:25+00:00\",\"breadcrumb\":{\"@id\":\"https:\\\/\\\/radioljubuski.ba\\\/index.php\\\/2022\\\/04\\\/14\\\/institut-za-nestale-osobe-nije-pronadena-masovna-grobnica-u-dvoristu-fate-orlovic\\\/#breadcrumb\"},\"inLanguage\":\"hr\",\"potentialAction\":[{\"@type\":\"ReadAction\",\"target\":[\"https:\\\/\\\/radioljubuski.ba\\\/index.php\\\/2022\\\/04\\\/14\\\/institut-za-nestale-osobe-nije-pronadena-masovna-grobnica-u-dvoristu-fate-orlovic\\\/\"]}]},{\"@type\":\"ImageObject\",\"inLanguage\":\"hr\",\"@id\":\"https:\\\/\\\/radioljubuski.ba\\\/index.php\\\/2022\\\/04\\\/14\\\/institut-za-nestale-osobe-nije-pronadena-masovna-grobnica-u-dvoristu-fate-orlovic\\\/#primaryimage\",\"url\":\"https:\\\/\\\/radioljubuski.ba\\\/wp-content\\\/uploads\\\/2022\\\/04\\\/2-2022-04-13-15-57-18-l_378a67c365761cf439eef91d7f9e544f.jpg\",\"contentUrl\":\"https:\\\/\\\/radioljubuski.ba\\\/wp-content\\\/uploads\\\/2022\\\/04\\\/2-2022-04-13-15-57-18-l_378a67c365761cf439eef91d7f9e544f.jpg\",\"width\":1000,\"height\":625},{\"@type\":\"BreadcrumbList\",\"@id\":\"https:\\\/\\\/radioljubuski.ba\\\/index.php\\\/2022\\\/04\\\/14\\\/institut-za-nestale-osobe-nije-pronadena-masovna-grobnica-u-dvoristu-fate-orlovic\\\/#breadcrumb\",\"itemListElement\":[{\"@type\":\"ListItem\",\"position\":1,\"name\":\"Po\u010detna stranica\",\"item\":\"https:\\\/\\\/radioljubuski.ba\\\/\"},{\"@type\":\"ListItem\",\"position\":2,\"name\":\"Institut za nestale osobe: Nije prona\u0111ena masovna grobnica u dvori\u0161tu Fate Orlovi\u0107\"}]},{\"@type\":\"WebSite\",\"@id\":\"https:\\\/\\\/radioljubuski.ba\\\/#website\",\"url\":\"https:\\\/\\\/radioljubuski.ba\\\/\",\"name\":\"Radio Ljubu\u0161ki\",\"description\":\"Sun\u010dana frekvencija Hercegovine\",\"publisher\":{\"@id\":\"https:\\\/\\\/radioljubuski.ba\\\/#organization\"},\"potentialAction\":[{\"@type\":\"SearchAction\",\"target\":{\"@type\":\"EntryPoint\",\"urlTemplate\":\"https:\\\/\\\/radioljubuski.ba\\\/?s={search_term_string}\"},\"query-input\":{\"@type\":\"PropertyValueSpecification\",\"valueRequired\":true,\"valueName\":\"search_term_string\"}}],\"inLanguage\":\"hr\"},{\"@type\":\"Organization\",\"@id\":\"https:\\\/\\\/radioljubuski.ba\\\/#organization\",\"name\":\"Radio Ljubu\u0161ki\",\"url\":\"https:\\\/\\\/radioljubuski.ba\\\/\",\"logo\":{\"@type\":\"ImageObject\",\"inLanguage\":\"hr\",\"@id\":\"https:\\\/\\\/radioljubuski.ba\\\/#\\\/schema\\\/logo\\\/image\\\/\",\"url\":\"https:\\\/\\\/radioljubuski.ba\\\/wp-content\\\/uploads\\\/2021\\\/02\\\/cropped-Radio_Ljubuski_logo1.jpg\",\"contentUrl\":\"https:\\\/\\\/radioljubuski.ba\\\/wp-content\\\/uploads\\\/2021\\\/02\\\/cropped-Radio_Ljubuski_logo1.jpg\",\"width\":512,\"height\":512,\"caption\":\"Radio Ljubu\u0161ki\"},\"image\":{\"@id\":\"https:\\\/\\\/radioljubuski.ba\\\/#\\\/schema\\\/logo\\\/image\\\/\"},\"sameAs\":[\"https:\\\/\\\/www.facebook.com\\\/Radiio-Ljubuski-1490835324566332\",\"https:\\\/\\\/x.com\\\/radioljubuski\",\"https:\\\/\\\/hr.linkedin.com\\\/company\\\/radio-ljubuski\",\"https:\\\/\\\/www.youtube.com\\\/channel\\\/UCHYaeO_n0Db3tjNGudGpXyw\"]},{\"@type\":\"Person\",\"@id\":\"https:\\\/\\\/radioljubuski.ba\\\/#\\\/schema\\\/person\\\/19fc700381a780f69665d7956c469e3b\",\"name\":\"Radio Ljubu\u0161ki\"}]}<\/script>\n<!-- \/ Yoast SEO plugin. -->","yoast_head_json":{"title":"Institut za nestale osobe: Nije prona\u0111ena masovna grobnica u dvori\u0161tu Fate Orlovi\u0107 - RADIO LJUBU\u0160KI","robots":{"index":"index","follow":"follow","max-snippet":"max-snippet:-1","max-image-preview":"max-image-preview:large","max-video-preview":"max-video-preview:-1"},"canonical":"https:\/\/radioljubuski.ba\/index.php\/2022\/04\/14\/institut-za-nestale-osobe-nije-pronadena-masovna-grobnica-u-dvoristu-fate-orlovic\/","og_locale":"hr_HR","og_type":"article","og_title":"Institut za nestale osobe: Nije prona\u0111ena masovna grobnica u dvori\u0161tu Fate Orlovi\u0107 - RADIO LJUBU\u0160KI","og_description":"&nbsp;U dvori\u0161tu &nbsp;Fate Orlovi\u0107 u Konjevi\u0107 Polju od jutros su vr\u0161ena &nbsp;iskopavanja na mjestu nekada\u0161nje ilegalno izgra\u0111ene crkve, a nakon prijava da se tu nalazi masovna grobnica. Iskopavanje zemlji\u0161ta vr\u0161io je Institut za nestale osobe BiH, a kako je za Fenu iz ove institucije potvrdila glasnogovornica Emza Fazli\u0107, u popodnevnim satima zavr\u0161ena je pretraga terena [&hellip;]","og_url":"https:\/\/radioljubuski.ba\/index.php\/2022\/04\/14\/institut-za-nestale-osobe-nije-pronadena-masovna-grobnica-u-dvoristu-fate-orlovic\/","og_site_name":"RADIO LJUBU\u0160KI","article_publisher":"https:\/\/www.facebook.com\/Radiio-Ljubuski-1490835324566332","article_published_time":"2022-04-13T23:59:25+00:00","og_image":[{"width":1000,"height":625,"url":"https:\/\/radioljubuski.ba\/wp-content\/uploads\/2022\/04\/2-2022-04-13-15-57-18-l_378a67c365761cf439eef91d7f9e544f.jpg","type":"image\/jpeg"}],"author":"Radio Ljubu\u0161ki","twitter_card":"summary_large_image","twitter_creator":"@radioljubuski","twitter_site":"@radioljubuski","twitter_misc":{"Napisao\/la":"Radio Ljubu\u0161ki","Procijenjeno vrijeme \u010ditanja":"1 minuta"},"schema":{"@context":"https:\/\/schema.org","@graph":[{"@type":"Article","@id":"https:\/\/radioljubuski.ba\/index.php\/2022\/04\/14\/institut-za-nestale-osobe-nije-pronadena-masovna-grobnica-u-dvoristu-fate-orlovic\/#article","isPartOf":{"@id":"https:\/\/radioljubuski.ba\/index.php\/2022\/04\/14\/institut-za-nestale-osobe-nije-pronadena-masovna-grobnica-u-dvoristu-fate-orlovic\/"},"author":{"name":"Radio Ljubu\u0161ki","@id":"https:\/\/radioljubuski.ba\/#\/schema\/person\/19fc700381a780f69665d7956c469e3b"},"headline":"Institut za nestale osobe: Nije prona\u0111ena masovna grobnica u dvori\u0161tu Fate Orlovi\u0107","datePublished":"2022-04-13T23:59:25+00:00","mainEntityOfPage":{"@id":"https:\/\/radioljubuski.ba\/index.php\/2022\/04\/14\/institut-za-nestale-osobe-nije-pronadena-masovna-grobnica-u-dvoristu-fate-orlovic\/"},"wordCount":125,"publisher":{"@id":"https:\/\/radioljubuski.ba\/#organization"},"image":{"@id":"https:\/\/radioljubuski.ba\/index.php\/2022\/04\/14\/institut-za-nestale-osobe-nije-pronadena-masovna-grobnica-u-dvoristu-fate-orlovic\/#primaryimage"},"thumbnailUrl":"https:\/\/radioljubuski.ba\/wp-content\/uploads\/2022\/04\/2-2022-04-13-15-57-18-l_378a67c365761cf439eef91d7f9e544f.jpg","articleSection":["BIH i regija"],"inLanguage":"hr"},{"@type":"WebPage","@id":"https:\/\/radioljubuski.ba\/index.php\/2022\/04\/14\/institut-za-nestale-osobe-nije-pronadena-masovna-grobnica-u-dvoristu-fate-orlovic\/","url":"https:\/\/radioljubuski.ba\/index.php\/2022\/04\/14\/institut-za-nestale-osobe-nije-pronadena-masovna-grobnica-u-dvoristu-fate-orlovic\/","name":"Institut za nestale osobe: Nije prona\u0111ena masovna grobnica u dvori\u0161tu Fate Orlovi\u0107 - RADIO LJUBU\u0160KI","isPartOf":{"@id":"https:\/\/radioljubuski.ba\/#website"},"primaryImageOfPage":{"@id":"https:\/\/radioljubuski.ba\/index.php\/2022\/04\/14\/institut-za-nestale-osobe-nije-pronadena-masovna-grobnica-u-dvoristu-fate-orlovic\/#primaryimage"},"image":{"@id":"https:\/\/radioljubuski.ba\/index.php\/2022\/04\/14\/institut-za-nestale-osobe-nije-pronadena-masovna-grobnica-u-dvoristu-fate-orlovic\/#primaryimage"},"thumbnailUrl":"https:\/\/radioljubuski.ba\/wp-content\/uploads\/2022\/04\/2-2022-04-13-15-57-18-l_378a67c365761cf439eef91d7f9e544f.jpg","datePublished":"2022-04-13T23:59:25+00:00","breadcrumb":{"@id":"https:\/\/radioljubuski.ba\/index.php\/2022\/04\/14\/institut-za-nestale-osobe-nije-pronadena-masovna-grobnica-u-dvoristu-fate-orlovic\/#breadcrumb"},"inLanguage":"hr","potentialAction":[{"@type":"ReadAction","target":["https:\/\/radioljubuski.ba\/index.php\/2022\/04\/14\/institut-za-nestale-osobe-nije-pronadena-masovna-grobnica-u-dvoristu-fate-orlovic\/"]}]},{"@type":"ImageObject","inLanguage":"hr","@id":"https:\/\/radioljubuski.ba\/index.php\/2022\/04\/14\/institut-za-nestale-osobe-nije-pronadena-masovna-grobnica-u-dvoristu-fate-orlovic\/#primaryimage","url":"https:\/\/radioljubuski.ba\/wp-content\/uploads\/2022\/04\/2-2022-04-13-15-57-18-l_378a67c365761cf439eef91d7f9e544f.jpg","contentUrl":"https:\/\/radioljubuski.ba\/wp-content\/uploads\/2022\/04\/2-2022-04-13-15-57-18-l_378a67c365761cf439eef91d7f9e544f.jpg","width":1000,"height":625},{"@type":"BreadcrumbList","@id":"https:\/\/radioljubuski.ba\/index.php\/2022\/04\/14\/institut-za-nestale-osobe-nije-pronadena-masovna-grobnica-u-dvoristu-fate-orlovic\/#breadcrumb","itemListElement":[{"@type":"ListItem","position":1,"name":"Po\u010detna stranica","item":"https:\/\/radioljubuski.ba\/"},{"@type":"ListItem","position":2,"name":"Institut za nestale osobe: Nije prona\u0111ena masovna grobnica u dvori\u0161tu Fate Orlovi\u0107"}]},{"@type":"WebSite","@id":"https:\/\/radioljubuski.ba\/#website","url":"https:\/\/radioljubuski.ba\/","name":"Radio Ljubu\u0161ki","description":"Sun\u010dana frekvencija Hercegovine","publisher":{"@id":"https:\/\/radioljubuski.ba\/#organization"},"potentialAction":[{"@type":"SearchAction","target":{"@type":"EntryPoint","urlTemplate":"https:\/\/radioljubuski.ba\/?s={search_term_string}"},"query-input":{"@type":"PropertyValueSpecification","valueRequired":true,"valueName":"search_term_string"}}],"inLanguage":"hr"},{"@type":"Organization","@id":"https:\/\/radioljubuski.ba\/#organization","name":"Radio Ljubu\u0161ki","url":"https:\/\/radioljubuski.ba\/","logo":{"@type":"ImageObject","inLanguage":"hr","@id":"https:\/\/radioljubuski.ba\/#\/schema\/logo\/image\/","url":"https:\/\/radioljubuski.ba\/wp-content\/uploads\/2021\/02\/cropped-Radio_Ljubuski_logo1.jpg","contentUrl":"https:\/\/radioljubuski.ba\/wp-content\/uploads\/2021\/02\/cropped-Radio_Ljubuski_logo1.jpg","width":512,"height":512,"caption":"Radio Ljubu\u0161ki"},"image":{"@id":"https:\/\/radioljubuski.ba\/#\/schema\/logo\/image\/"},"sameAs":["https:\/\/www.facebook.com\/Radiio-Ljubuski-1490835324566332","https:\/\/x.com\/radioljubuski","https:\/\/hr.linkedin.com\/company\/radio-ljubuski","https:\/\/www.youtube.com\/channel\/UCHYaeO_n0Db3tjNGudGpXyw"]},{"@type":"Person","@id":"https:\/\/radioljubuski.ba\/#\/schema\/person\/19fc700381a780f69665d7956c469e3b","name":"Radio Ljubu\u0161ki"}]}},"_links":{"self":[{"href":"https:\/\/radioljubuski.ba\/index.php\/wp-json\/wp\/v2\/posts\/132306","targetHints":{"allow":["GET"]}}],"collection":[{"href":"https:\/\/radioljubuski.ba\/index.php\/wp-json\/wp\/v2\/posts"}],"about":[{"href":"https:\/\/radioljubuski.ba\/index.php\/wp-json\/wp\/v2\/types\/post"}],"author":[{"embeddable":true,"href":"https:\/\/radioljubuski.ba\/index.php\/wp-json\/wp\/v2\/users\/2"}],"replies":[{"embeddable":true,"href":"https:\/\/radioljubuski.ba\/index.php\/wp-json\/wp\/v2\/comments?post=132306"}],"version-history":[{"count":1,"href":"https:\/\/radioljubuski.ba\/index.php\/wp-json\/wp\/v2\/posts\/132306\/revisions"}],"predecessor-version":[{"id":132308,"href":"https:\/\/radioljubuski.ba\/index.php\/wp-json\/wp\/v2\/posts\/132306\/revisions\/132308"}],"wp:featuredmedia":[{"embeddable":true,"href":"https:\/\/radioljubuski.ba\/index.php\/wp-json\/wp\/v2\/media\/132307"}],"wp:attachment":[{"href":"https:\/\/radioljubuski.ba\/index.php\/wp-json\/wp\/v2\/media?parent=132306"}],"wp:term":[{"taxonomy":"category","embeddable":true,"href":"https:\/\/radioljubuski.ba\/index.php\/wp-json\/wp\/v2\/categories?post=132306"},{"taxonomy":"post_tag","embeddable":true,"href":"https:\/\/radioljubuski.ba\/index.php\/wp-json\/wp\/v2\/tags?post=132306"}],"curies":[{"name":"wp","href":"https:\/\/api.w.org\/{rel}","templated":true}]}}