{"id":132309,"date":"2022-04-14T01:01:09","date_gmt":"2022-04-14T00:01:09","guid":{"rendered":"https:\/\/radioljubuski.ba\/?p=132309"},"modified":"2022-04-14T01:01:10","modified_gmt":"2022-04-14T00:01:10","slug":"vucic-kakve-avione-imaju-nasi-susjedi-bolje-da-smo-kupili-sprej-za-komarce","status":"publish","type":"post","link":"https:\/\/radioljubuski.ba\/index.php\/2022\/04\/14\/vucic-kakve-avione-imaju-nasi-susjedi-bolje-da-smo-kupili-sprej-za-komarce\/","title":{"rendered":"Vu\u010di\u0107: Kakve avione imaju na\u0161i susjedi, bolje da smo kupili sprej za komarce"},"content":{"rendered":"\n<p>Predsjednik Srbije Aleksandar Vu\u010di\u0107 optu\u017eio je crnogorskog predsjednika Mila \u0110ukanovi\u0107a i kosovskog premijera Albina Kurtija da \u0161ire &#8220;ogoljenu mr\u017enju prema Srbima i Srbiji&#8221; i da imaju najizrazitiju ulogu u kampanji la\u017ei protiv slu\u017ebenog Beograda.<\/p>\n\n\n\n<p>U obra\u0107anju preko portala dnevnog lista Informer Vu\u010di\u0107 je rekao da se kampanja &#8220;\u017eigosanja Srbije&#8221; iz pojedinih centara mo\u0107i i dijela regije provodi intenzivno u posljednjih \u0161est mjeseci, prenosi N1.<\/p>\n\n\n\n<p>&#8220;Ne od ju\u010der, najizrazitija uloga u ogoljenoj mr\u017enji prema Srbiji dolazi od Albina Kurtija i Mila \u0110ukanovi\u0107a. Razumije se da se uvijek slu\u017ee ogoljenim la\u017eima da sebe predstave kao tobo\u017enje \u017ertve, a Srbiju kao opakog agresora koji ih ugro\u017eava&#8221;, rekao je Vu\u010di\u0107.<\/p>\n\n\n\n<p>On je rekao da su njih dvojica sada iskoristili &#8220;legitimnu, potpuno regularnu i transparentnu&#8221; kupnju obrambenog kineskog sustava PVO FK-3, kako bi cijelom svijetu rekli da je Srbija kineski i ruski prijatelj i da nekoga ugro\u017eava, iako se nalazi u NATO okru\u017eenju.<\/p>\n\n\n\n<p><strong>&#8220;Bolje bi nam bilo da smo kupili sprej za komarce&#8221;<\/strong><br>&#8220;Kako ih to ugro\u017eavamo defenzivnim oru\u017ejem, nisu u stanju kazati. Jer to je sistem koji slu\u017ei za obranu od krstare\u0107ih raketa i aviona koji bi naru\u0161ili zra\u010dni prostor Srbije. Kako to ugro\u017eavamo Pri\u0161tinu i Podgoricu? Kakve zra\u010dne snage posjeduju, bolje bi nam bilo da smo kupili sprej za komarce&#8221;, rekao je on.<\/p>\n\n\n\n<p>Vu\u010di\u0107 je kritizirao tvrdnje Kurtija da je Srbija kupila to oru\u017eje jer je u panici da ostane sama.<\/p>\n\n\n\n<p>&#8220;Srbija je, kao vojno neutralna zemlja, sama u cijeloj \u0161iroj regiji. U cirkusu ste vidjeli lavove, slonove, tigrove, ali nikada niste vuka samotnjaka. Uvijek bih prije bio vuk samotnjak nego bestidna i nemoralna hijena, ma koliko da ima hijena. Bez obzira je li ih tri, pet, \u0161est ili 19\u2026 Hijeni morate odati priznanje na krvolo\u010dnosti, ako ni na \u010demu drugom. Jo\u0161 je gore biti muha zujara koja se vrti oko hijene i \u010deka da im donese plijen, kao \u0161to su Kurti i \u0110ukanovi\u0107&#8221;, rekao je Vu\u010di\u0107.<\/p>\n\n\n\n<p>On je ocijenio da Kurti i \u0110ukanovi\u0107 imaju mnogo ve\u0107ih problema, poput kriminala, korupcije i ekonomije.<\/p>\n\n\n\n<p>&#8220;Moja molba za vas je da ostavite Srbiju na miru. Srbija \u0107e na\u0107i svoj put. Ponosni smo na \u010dinjenicu da \u017eelimo sa\u010duvati svoju zemlju, a ne da NATO to \u010dini u na\u0161e ime. U tome se razlikujemo i ne stidimo se toga&#8221;, rekao je Vu\u010di\u0107.<\/p>\n\n\n\n<p>Izvor:N1<\/p>\n","protected":false},"excerpt":{"rendered":"<p>Predsjednik Srbije Aleksandar Vu\u010di\u0107 optu\u017eio je crnogorskog predsjednika Mila \u0110ukanovi\u0107a i kosovskog premijera Albina Kurtija da \u0161ire &#8220;ogoljenu mr\u017enju prema Srbima i Srbiji&#8221; i da imaju najizrazitiju ulogu u kampanji la\u017ei protiv slu\u017ebenog Beograda. U obra\u0107anju preko portala dnevnog lista Informer Vu\u010di\u0107 je rekao da se kampanja &#8220;\u017eigosanja Srbije&#8221; iz pojedinih centara mo\u0107i i dijela [&hellip;]<\/p>\n","protected":false},"author":2,"featured_media":2842,"comment_status":"closed","ping_status":"closed","sticky":false,"template":"","format":"standard","meta":{"h5ap_radio_sources":[],"footnotes":""},"categories":[1],"tags":[],"class_list":["post-132309","post","type-post","status-publish","format-standard","has-post-thumbnail","hentry","category-bihiregija"],"yoast_head":"<!-- This site is optimized with the Yoast SEO plugin v27.5 - https:\/\/yoast.com\/product\/yoast-seo-wordpress\/ -->\n<title>Vu\u010di\u0107: Kakve avione imaju na\u0161i susjedi, bolje da smo kupili sprej za komarce - RADIO LJUBU\u0160KI<\/title>\n<meta name=\"robots\" content=\"index, follow, max-snippet:-1, max-image-preview:large, max-video-preview:-1\" \/>\n<link rel=\"canonical\" href=\"https:\/\/radioljubuski.ba\/index.php\/2022\/04\/14\/vucic-kakve-avione-imaju-nasi-susjedi-bolje-da-smo-kupili-sprej-za-komarce\/\" \/>\n<meta property=\"og:locale\" content=\"hr_HR\" \/>\n<meta property=\"og:type\" content=\"article\" \/>\n<meta property=\"og:title\" content=\"Vu\u010di\u0107: Kakve avione imaju na\u0161i susjedi, bolje da smo kupili sprej za komarce - RADIO LJUBU\u0160KI\" \/>\n<meta property=\"og:description\" content=\"Predsjednik Srbije Aleksandar Vu\u010di\u0107 optu\u017eio je crnogorskog predsjednika Mila \u0110ukanovi\u0107a i kosovskog premijera Albina Kurtija da \u0161ire &#8220;ogoljenu mr\u017enju prema Srbima i Srbiji&#8221; i da imaju najizrazitiju ulogu u kampanji la\u017ei protiv slu\u017ebenog Beograda. U obra\u0107anju preko portala dnevnog lista Informer Vu\u010di\u0107 je rekao da se kampanja &#8220;\u017eigosanja Srbije&#8221; iz pojedinih centara mo\u0107i i dijela [&hellip;]\" \/>\n<meta property=\"og:url\" content=\"https:\/\/radioljubuski.ba\/index.php\/2022\/04\/14\/vucic-kakve-avione-imaju-nasi-susjedi-bolje-da-smo-kupili-sprej-za-komarce\/\" \/>\n<meta property=\"og:site_name\" content=\"RADIO LJUBU\u0160KI\" \/>\n<meta property=\"article:publisher\" content=\"https:\/\/www.facebook.com\/Radiio-Ljubuski-1490835324566332\" \/>\n<meta property=\"article:published_time\" content=\"2022-04-14T00:01:09+00:00\" \/>\n<meta property=\"article:modified_time\" content=\"2022-04-14T00:01:10+00:00\" \/>\n<meta property=\"og:image\" content=\"https:\/\/radioljubuski.ba\/wp-content\/uploads\/2021\/03\/vucic_afp.jpg\" \/>\n\t<meta property=\"og:image:width\" content=\"840\" \/>\n\t<meta property=\"og:image:height\" content=\"470\" \/>\n\t<meta property=\"og:image:type\" content=\"image\/jpeg\" \/>\n<meta name=\"author\" content=\"Radio Ljubu\u0161ki\" \/>\n<meta name=\"twitter:card\" content=\"summary_large_image\" \/>\n<meta name=\"twitter:creator\" content=\"@radioljubuski\" \/>\n<meta name=\"twitter:site\" content=\"@radioljubuski\" \/>\n<meta name=\"twitter:label1\" content=\"Napisao\/la\" \/>\n\t<meta name=\"twitter:data1\" content=\"Radio Ljubu\u0161ki\" \/>\n\t<meta name=\"twitter:label2\" content=\"Procijenjeno vrijeme \u010ditanja\" \/>\n\t<meta name=\"twitter:data2\" content=\"2 minute\" \/>\n<script type=\"application\/ld+json\" class=\"yoast-schema-graph\">{\"@context\":\"https:\\\/\\\/schema.org\",\"@graph\":[{\"@type\":\"Article\",\"@id\":\"https:\\\/\\\/radioljubuski.ba\\\/index.php\\\/2022\\\/04\\\/14\\\/vucic-kakve-avione-imaju-nasi-susjedi-bolje-da-smo-kupili-sprej-za-komarce\\\/#article\",\"isPartOf\":{\"@id\":\"https:\\\/\\\/radioljubuski.ba\\\/index.php\\\/2022\\\/04\\\/14\\\/vucic-kakve-avione-imaju-nasi-susjedi-bolje-da-smo-kupili-sprej-za-komarce\\\/\"},\"author\":{\"name\":\"Radio Ljubu\u0161ki\",\"@id\":\"https:\\\/\\\/radioljubuski.ba\\\/#\\\/schema\\\/person\\\/19fc700381a780f69665d7956c469e3b\"},\"headline\":\"Vu\u010di\u0107: Kakve avione imaju na\u0161i susjedi, bolje da smo kupili sprej za komarce\",\"datePublished\":\"2022-04-14T00:01:09+00:00\",\"dateModified\":\"2022-04-14T00:01:10+00:00\",\"mainEntityOfPage\":{\"@id\":\"https:\\\/\\\/radioljubuski.ba\\\/index.php\\\/2022\\\/04\\\/14\\\/vucic-kakve-avione-imaju-nasi-susjedi-bolje-da-smo-kupili-sprej-za-komarce\\\/\"},\"wordCount\":428,\"publisher\":{\"@id\":\"https:\\\/\\\/radioljubuski.ba\\\/#organization\"},\"image\":{\"@id\":\"https:\\\/\\\/radioljubuski.ba\\\/index.php\\\/2022\\\/04\\\/14\\\/vucic-kakve-avione-imaju-nasi-susjedi-bolje-da-smo-kupili-sprej-za-komarce\\\/#primaryimage\"},\"thumbnailUrl\":\"https:\\\/\\\/radioljubuski.ba\\\/wp-content\\\/uploads\\\/2021\\\/03\\\/vucic_afp.jpg\",\"articleSection\":[\"BIH i regija\"],\"inLanguage\":\"hr\"},{\"@type\":\"WebPage\",\"@id\":\"https:\\\/\\\/radioljubuski.ba\\\/index.php\\\/2022\\\/04\\\/14\\\/vucic-kakve-avione-imaju-nasi-susjedi-bolje-da-smo-kupili-sprej-za-komarce\\\/\",\"url\":\"https:\\\/\\\/radioljubuski.ba\\\/index.php\\\/2022\\\/04\\\/14\\\/vucic-kakve-avione-imaju-nasi-susjedi-bolje-da-smo-kupili-sprej-za-komarce\\\/\",\"name\":\"Vu\u010di\u0107: Kakve avione imaju na\u0161i susjedi, bolje da smo kupili sprej za komarce - RADIO LJUBU\u0160KI\",\"isPartOf\":{\"@id\":\"https:\\\/\\\/radioljubuski.ba\\\/#website\"},\"primaryImageOfPage\":{\"@id\":\"https:\\\/\\\/radioljubuski.ba\\\/index.php\\\/2022\\\/04\\\/14\\\/vucic-kakve-avione-imaju-nasi-susjedi-bolje-da-smo-kupili-sprej-za-komarce\\\/#primaryimage\"},\"image\":{\"@id\":\"https:\\\/\\\/radioljubuski.ba\\\/index.php\\\/2022\\\/04\\\/14\\\/vucic-kakve-avione-imaju-nasi-susjedi-bolje-da-smo-kupili-sprej-za-komarce\\\/#primaryimage\"},\"thumbnailUrl\":\"https:\\\/\\\/radioljubuski.ba\\\/wp-content\\\/uploads\\\/2021\\\/03\\\/vucic_afp.jpg\",\"datePublished\":\"2022-04-14T00:01:09+00:00\",\"dateModified\":\"2022-04-14T00:01:10+00:00\",\"breadcrumb\":{\"@id\":\"https:\\\/\\\/radioljubuski.ba\\\/index.php\\\/2022\\\/04\\\/14\\\/vucic-kakve-avione-imaju-nasi-susjedi-bolje-da-smo-kupili-sprej-za-komarce\\\/#breadcrumb\"},\"inLanguage\":\"hr\",\"potentialAction\":[{\"@type\":\"ReadAction\",\"target\":[\"https:\\\/\\\/radioljubuski.ba\\\/index.php\\\/2022\\\/04\\\/14\\\/vucic-kakve-avione-imaju-nasi-susjedi-bolje-da-smo-kupili-sprej-za-komarce\\\/\"]}]},{\"@type\":\"ImageObject\",\"inLanguage\":\"hr\",\"@id\":\"https:\\\/\\\/radioljubuski.ba\\\/index.php\\\/2022\\\/04\\\/14\\\/vucic-kakve-avione-imaju-nasi-susjedi-bolje-da-smo-kupili-sprej-za-komarce\\\/#primaryimage\",\"url\":\"https:\\\/\\\/radioljubuski.ba\\\/wp-content\\\/uploads\\\/2021\\\/03\\\/vucic_afp.jpg\",\"contentUrl\":\"https:\\\/\\\/radioljubuski.ba\\\/wp-content\\\/uploads\\\/2021\\\/03\\\/vucic_afp.jpg\",\"width\":840,\"height\":470},{\"@type\":\"BreadcrumbList\",\"@id\":\"https:\\\/\\\/radioljubuski.ba\\\/index.php\\\/2022\\\/04\\\/14\\\/vucic-kakve-avione-imaju-nasi-susjedi-bolje-da-smo-kupili-sprej-za-komarce\\\/#breadcrumb\",\"itemListElement\":[{\"@type\":\"ListItem\",\"position\":1,\"name\":\"Po\u010detna stranica\",\"item\":\"https:\\\/\\\/radioljubuski.ba\\\/\"},{\"@type\":\"ListItem\",\"position\":2,\"name\":\"Vu\u010di\u0107: Kakve avione imaju na\u0161i susjedi, bolje da smo kupili sprej za komarce\"}]},{\"@type\":\"WebSite\",\"@id\":\"https:\\\/\\\/radioljubuski.ba\\\/#website\",\"url\":\"https:\\\/\\\/radioljubuski.ba\\\/\",\"name\":\"Radio Ljubu\u0161ki\",\"description\":\"Sun\u010dana frekvencija Hercegovine\",\"publisher\":{\"@id\":\"https:\\\/\\\/radioljubuski.ba\\\/#organization\"},\"potentialAction\":[{\"@type\":\"SearchAction\",\"target\":{\"@type\":\"EntryPoint\",\"urlTemplate\":\"https:\\\/\\\/radioljubuski.ba\\\/?s={search_term_string}\"},\"query-input\":{\"@type\":\"PropertyValueSpecification\",\"valueRequired\":true,\"valueName\":\"search_term_string\"}}],\"inLanguage\":\"hr\"},{\"@type\":\"Organization\",\"@id\":\"https:\\\/\\\/radioljubuski.ba\\\/#organization\",\"name\":\"Radio Ljubu\u0161ki\",\"url\":\"https:\\\/\\\/radioljubuski.ba\\\/\",\"logo\":{\"@type\":\"ImageObject\",\"inLanguage\":\"hr\",\"@id\":\"https:\\\/\\\/radioljubuski.ba\\\/#\\\/schema\\\/logo\\\/image\\\/\",\"url\":\"https:\\\/\\\/radioljubuski.ba\\\/wp-content\\\/uploads\\\/2021\\\/02\\\/cropped-Radio_Ljubuski_logo1.jpg\",\"contentUrl\":\"https:\\\/\\\/radioljubuski.ba\\\/wp-content\\\/uploads\\\/2021\\\/02\\\/cropped-Radio_Ljubuski_logo1.jpg\",\"width\":512,\"height\":512,\"caption\":\"Radio Ljubu\u0161ki\"},\"image\":{\"@id\":\"https:\\\/\\\/radioljubuski.ba\\\/#\\\/schema\\\/logo\\\/image\\\/\"},\"sameAs\":[\"https:\\\/\\\/www.facebook.com\\\/Radiio-Ljubuski-1490835324566332\",\"https:\\\/\\\/x.com\\\/radioljubuski\",\"https:\\\/\\\/hr.linkedin.com\\\/company\\\/radio-ljubuski\",\"https:\\\/\\\/www.youtube.com\\\/channel\\\/UCHYaeO_n0Db3tjNGudGpXyw\"]},{\"@type\":\"Person\",\"@id\":\"https:\\\/\\\/radioljubuski.ba\\\/#\\\/schema\\\/person\\\/19fc700381a780f69665d7956c469e3b\",\"name\":\"Radio Ljubu\u0161ki\"}]}<\/script>\n<!-- \/ Yoast SEO plugin. -->","yoast_head_json":{"title":"Vu\u010di\u0107: Kakve avione imaju na\u0161i susjedi, bolje da smo kupili sprej za komarce - RADIO LJUBU\u0160KI","robots":{"index":"index","follow":"follow","max-snippet":"max-snippet:-1","max-image-preview":"max-image-preview:large","max-video-preview":"max-video-preview:-1"},"canonical":"https:\/\/radioljubuski.ba\/index.php\/2022\/04\/14\/vucic-kakve-avione-imaju-nasi-susjedi-bolje-da-smo-kupili-sprej-za-komarce\/","og_locale":"hr_HR","og_type":"article","og_title":"Vu\u010di\u0107: Kakve avione imaju na\u0161i susjedi, bolje da smo kupili sprej za komarce - RADIO LJUBU\u0160KI","og_description":"Predsjednik Srbije Aleksandar Vu\u010di\u0107 optu\u017eio je crnogorskog predsjednika Mila \u0110ukanovi\u0107a i kosovskog premijera Albina Kurtija da \u0161ire &#8220;ogoljenu mr\u017enju prema Srbima i Srbiji&#8221; i da imaju najizrazitiju ulogu u kampanji la\u017ei protiv slu\u017ebenog Beograda. U obra\u0107anju preko portala dnevnog lista Informer Vu\u010di\u0107 je rekao da se kampanja &#8220;\u017eigosanja Srbije&#8221; iz pojedinih centara mo\u0107i i dijela [&hellip;]","og_url":"https:\/\/radioljubuski.ba\/index.php\/2022\/04\/14\/vucic-kakve-avione-imaju-nasi-susjedi-bolje-da-smo-kupili-sprej-za-komarce\/","og_site_name":"RADIO LJUBU\u0160KI","article_publisher":"https:\/\/www.facebook.com\/Radiio-Ljubuski-1490835324566332","article_published_time":"2022-04-14T00:01:09+00:00","article_modified_time":"2022-04-14T00:01:10+00:00","og_image":[{"width":840,"height":470,"url":"https:\/\/radioljubuski.ba\/wp-content\/uploads\/2021\/03\/vucic_afp.jpg","type":"image\/jpeg"}],"author":"Radio Ljubu\u0161ki","twitter_card":"summary_large_image","twitter_creator":"@radioljubuski","twitter_site":"@radioljubuski","twitter_misc":{"Napisao\/la":"Radio Ljubu\u0161ki","Procijenjeno vrijeme \u010ditanja":"2 minute"},"schema":{"@context":"https:\/\/schema.org","@graph":[{"@type":"Article","@id":"https:\/\/radioljubuski.ba\/index.php\/2022\/04\/14\/vucic-kakve-avione-imaju-nasi-susjedi-bolje-da-smo-kupili-sprej-za-komarce\/#article","isPartOf":{"@id":"https:\/\/radioljubuski.ba\/index.php\/2022\/04\/14\/vucic-kakve-avione-imaju-nasi-susjedi-bolje-da-smo-kupili-sprej-za-komarce\/"},"author":{"name":"Radio Ljubu\u0161ki","@id":"https:\/\/radioljubuski.ba\/#\/schema\/person\/19fc700381a780f69665d7956c469e3b"},"headline":"Vu\u010di\u0107: Kakve avione imaju na\u0161i susjedi, bolje da smo kupili sprej za komarce","datePublished":"2022-04-14T00:01:09+00:00","dateModified":"2022-04-14T00:01:10+00:00","mainEntityOfPage":{"@id":"https:\/\/radioljubuski.ba\/index.php\/2022\/04\/14\/vucic-kakve-avione-imaju-nasi-susjedi-bolje-da-smo-kupili-sprej-za-komarce\/"},"wordCount":428,"publisher":{"@id":"https:\/\/radioljubuski.ba\/#organization"},"image":{"@id":"https:\/\/radioljubuski.ba\/index.php\/2022\/04\/14\/vucic-kakve-avione-imaju-nasi-susjedi-bolje-da-smo-kupili-sprej-za-komarce\/#primaryimage"},"thumbnailUrl":"https:\/\/radioljubuski.ba\/wp-content\/uploads\/2021\/03\/vucic_afp.jpg","articleSection":["BIH i regija"],"inLanguage":"hr"},{"@type":"WebPage","@id":"https:\/\/radioljubuski.ba\/index.php\/2022\/04\/14\/vucic-kakve-avione-imaju-nasi-susjedi-bolje-da-smo-kupili-sprej-za-komarce\/","url":"https:\/\/radioljubuski.ba\/index.php\/2022\/04\/14\/vucic-kakve-avione-imaju-nasi-susjedi-bolje-da-smo-kupili-sprej-za-komarce\/","name":"Vu\u010di\u0107: Kakve avione imaju na\u0161i susjedi, bolje da smo kupili sprej za komarce - RADIO LJUBU\u0160KI","isPartOf":{"@id":"https:\/\/radioljubuski.ba\/#website"},"primaryImageOfPage":{"@id":"https:\/\/radioljubuski.ba\/index.php\/2022\/04\/14\/vucic-kakve-avione-imaju-nasi-susjedi-bolje-da-smo-kupili-sprej-za-komarce\/#primaryimage"},"image":{"@id":"https:\/\/radioljubuski.ba\/index.php\/2022\/04\/14\/vucic-kakve-avione-imaju-nasi-susjedi-bolje-da-smo-kupili-sprej-za-komarce\/#primaryimage"},"thumbnailUrl":"https:\/\/radioljubuski.ba\/wp-content\/uploads\/2021\/03\/vucic_afp.jpg","datePublished":"2022-04-14T00:01:09+00:00","dateModified":"2022-04-14T00:01:10+00:00","breadcrumb":{"@id":"https:\/\/radioljubuski.ba\/index.php\/2022\/04\/14\/vucic-kakve-avione-imaju-nasi-susjedi-bolje-da-smo-kupili-sprej-za-komarce\/#breadcrumb"},"inLanguage":"hr","potentialAction":[{"@type":"ReadAction","target":["https:\/\/radioljubuski.ba\/index.php\/2022\/04\/14\/vucic-kakve-avione-imaju-nasi-susjedi-bolje-da-smo-kupili-sprej-za-komarce\/"]}]},{"@type":"ImageObject","inLanguage":"hr","@id":"https:\/\/radioljubuski.ba\/index.php\/2022\/04\/14\/vucic-kakve-avione-imaju-nasi-susjedi-bolje-da-smo-kupili-sprej-za-komarce\/#primaryimage","url":"https:\/\/radioljubuski.ba\/wp-content\/uploads\/2021\/03\/vucic_afp.jpg","contentUrl":"https:\/\/radioljubuski.ba\/wp-content\/uploads\/2021\/03\/vucic_afp.jpg","width":840,"height":470},{"@type":"BreadcrumbList","@id":"https:\/\/radioljubuski.ba\/index.php\/2022\/04\/14\/vucic-kakve-avione-imaju-nasi-susjedi-bolje-da-smo-kupili-sprej-za-komarce\/#breadcrumb","itemListElement":[{"@type":"ListItem","position":1,"name":"Po\u010detna stranica","item":"https:\/\/radioljubuski.ba\/"},{"@type":"ListItem","position":2,"name":"Vu\u010di\u0107: Kakve avione imaju na\u0161i susjedi, bolje da smo kupili sprej za komarce"}]},{"@type":"WebSite","@id":"https:\/\/radioljubuski.ba\/#website","url":"https:\/\/radioljubuski.ba\/","name":"Radio Ljubu\u0161ki","description":"Sun\u010dana frekvencija Hercegovine","publisher":{"@id":"https:\/\/radioljubuski.ba\/#organization"},"potentialAction":[{"@type":"SearchAction","target":{"@type":"EntryPoint","urlTemplate":"https:\/\/radioljubuski.ba\/?s={search_term_string}"},"query-input":{"@type":"PropertyValueSpecification","valueRequired":true,"valueName":"search_term_string"}}],"inLanguage":"hr"},{"@type":"Organization","@id":"https:\/\/radioljubuski.ba\/#organization","name":"Radio Ljubu\u0161ki","url":"https:\/\/radioljubuski.ba\/","logo":{"@type":"ImageObject","inLanguage":"hr","@id":"https:\/\/radioljubuski.ba\/#\/schema\/logo\/image\/","url":"https:\/\/radioljubuski.ba\/wp-content\/uploads\/2021\/02\/cropped-Radio_Ljubuski_logo1.jpg","contentUrl":"https:\/\/radioljubuski.ba\/wp-content\/uploads\/2021\/02\/cropped-Radio_Ljubuski_logo1.jpg","width":512,"height":512,"caption":"Radio Ljubu\u0161ki"},"image":{"@id":"https:\/\/radioljubuski.ba\/#\/schema\/logo\/image\/"},"sameAs":["https:\/\/www.facebook.com\/Radiio-Ljubuski-1490835324566332","https:\/\/x.com\/radioljubuski","https:\/\/hr.linkedin.com\/company\/radio-ljubuski","https:\/\/www.youtube.com\/channel\/UCHYaeO_n0Db3tjNGudGpXyw"]},{"@type":"Person","@id":"https:\/\/radioljubuski.ba\/#\/schema\/person\/19fc700381a780f69665d7956c469e3b","name":"Radio Ljubu\u0161ki"}]}},"_links":{"self":[{"href":"https:\/\/radioljubuski.ba\/index.php\/wp-json\/wp\/v2\/posts\/132309","targetHints":{"allow":["GET"]}}],"collection":[{"href":"https:\/\/radioljubuski.ba\/index.php\/wp-json\/wp\/v2\/posts"}],"about":[{"href":"https:\/\/radioljubuski.ba\/index.php\/wp-json\/wp\/v2\/types\/post"}],"author":[{"embeddable":true,"href":"https:\/\/radioljubuski.ba\/index.php\/wp-json\/wp\/v2\/users\/2"}],"replies":[{"embeddable":true,"href":"https:\/\/radioljubuski.ba\/index.php\/wp-json\/wp\/v2\/comments?post=132309"}],"version-history":[{"count":1,"href":"https:\/\/radioljubuski.ba\/index.php\/wp-json\/wp\/v2\/posts\/132309\/revisions"}],"predecessor-version":[{"id":132310,"href":"https:\/\/radioljubuski.ba\/index.php\/wp-json\/wp\/v2\/posts\/132309\/revisions\/132310"}],"wp:featuredmedia":[{"embeddable":true,"href":"https:\/\/radioljubuski.ba\/index.php\/wp-json\/wp\/v2\/media\/2842"}],"wp:attachment":[{"href":"https:\/\/radioljubuski.ba\/index.php\/wp-json\/wp\/v2\/media?parent=132309"}],"wp:term":[{"taxonomy":"category","embeddable":true,"href":"https:\/\/radioljubuski.ba\/index.php\/wp-json\/wp\/v2\/categories?post=132309"},{"taxonomy":"post_tag","embeddable":true,"href":"https:\/\/radioljubuski.ba\/index.php\/wp-json\/wp\/v2\/tags?post=132309"}],"curies":[{"name":"wp","href":"https:\/\/api.w.org\/{rel}","templated":true}]}}