{"id":132311,"date":"2022-04-14T01:03:01","date_gmt":"2022-04-14T00:03:01","guid":{"rendered":"https:\/\/radioljubuski.ba\/?p=132311"},"modified":"2022-04-14T01:03:02","modified_gmt":"2022-04-14T00:03:02","slug":"u-medugorju-ocekuju-milijun-nocenja-u-2022","status":"publish","type":"post","link":"https:\/\/radioljubuski.ba\/index.php\/2022\/04\/14\/u-medugorju-ocekuju-milijun-nocenja-u-2022\/","title":{"rendered":"U Me\u0111ugorju o\u010dekuju milijun no\u0107enja u 2022."},"content":{"rendered":"\n<p>Turisti\u010dki djelatnici u Me\u0111ugorju izrazili su zadovoljstvo zbog dolaska ve\u0107eg broja hodo\u010dasnika za Cvjetnicu i Veliki tjedan \u0161to daje optimizam da bi ove godine mogli ostvariti polovicu, odnosno milijun no\u0107enja u odnosu na predpandemijsko vrijeme.<\/p>\n\n\n\n<p>Oko 1.500 hodo\u010dasnika iz Hrvatske provelo je potkraj pro\u0161loga tjedna i Cvjetnicu u svjetski poznatom hodo\u010dasni\u010dkom mjestu Me\u0111ugorju, a me\u0111u brojnijim skupinama su bili vjernici iz Poljske, Austrije, Italije i Irske.<\/p>\n\n\n\n<p><br>&#8220;Mo\u017eemo o\u010dekivati povratak hodo\u010da\u0161\u0107a u Me\u0111ugorje. Naznake su da \u0107e taj broj biti dosegnut s 50 posto od predpandemijskog makar kada se ima na umu buking i rezervacije&#8221;, rekao je za Hinu predsjednik udruge turizma i hotelijerstva u Me\u0111ugorju Davor Ljubi\u0107.<\/p>\n\n\n\n<p><br>Pojasnio je kako to podrazumijeva da bi ove godine u Me\u0111ugorju moglo biti oko milijun no\u0107enja. Ljubi\u0107 je naveo kako je Veliki tjedan razmjerno dobro popunjen u Me\u0111ugorju. Posebno va\u017enim smatra \u0161to popu\u0161taju epidemiolo\u0161ke mjere, te \u0161to je pove\u0107an broj zra\u010dnih linija s Mostarom.<\/p>\n\n\n\n<p><br>&#8220;Najvi\u0161e raduje broj charter letova prema Mostaru. Ova godina \u0107e biti godina povratka ukoliko se ne dogode nove nepredvi\u0111ene stvari&#8221;, dodao je.<br>Uz hrvatske hodo\u010dasnike, ove godine o\u010dekuje se dolazak velikog broja vjernika iz Poljske, Italije, Irske, ali i Sjedinjenih Ameri\u010dkih Dr\u017eava. Po njegovim rije\u010dima velikom povratku ameri\u010dkih hodo\u010dasnika najvi\u0161e je pridonijelo otvaranje zra\u010dnoga mosta Hrvatske i New Yorka.<\/p>\n\n\n\n<p><br>&#8220;Nije isklju\u010deno da ove godine budemo imali rekordan broj hodo\u010dasnika iz SAD-a prema Me\u0111ugorju u zadnjih 20-tak godina&#8221;, naveo je Ljubi\u0107.<br>Prema procjenama u Me\u0111ugorju je predpandemijske 2019. ostvareno dva milijuna no\u0107enja, te je ovo mjesto posjetilo vi\u0161e od milijun turista.<br>Fenomen Me\u0111ugorja vezuje se uz tvrdnje \u0161estero vidjelaca da im se od 1981. ukazuje Gospa. Sveta Stolica istra\u017euje taj fenomen, a posebno povjerenstvo je svoj nalaz na kona\u010dni pravorijek dostavilo svetome ocu Franji.&nbsp;<\/p>\n\n\n\n<p><br>U me\u0111uvremenu je papa imenovao posebnog apostolskog vizitatora za Me\u0111ugorje. Na toj se poziciji trenuta\u010dno nalazi talijanski nadbiskup Aldo Cavalli.<\/p>\n\n\n\n<p>Izvor:<\/p>\n","protected":false},"excerpt":{"rendered":"<p>Turisti\u010dki djelatnici u Me\u0111ugorju izrazili su zadovoljstvo zbog dolaska ve\u0107eg broja hodo\u010dasnika za Cvjetnicu i Veliki tjedan \u0161to daje optimizam da bi ove godine mogli ostvariti polovicu, odnosno milijun no\u0107enja u odnosu na predpandemijsko vrijeme. Oko 1.500 hodo\u010dasnika iz Hrvatske provelo je potkraj pro\u0161loga tjedna i Cvjetnicu u svjetski poznatom hodo\u010dasni\u010dkom mjestu Me\u0111ugorju, a me\u0111u [&hellip;]<\/p>\n","protected":false},"author":2,"featured_media":34841,"comment_status":"closed","ping_status":"closed","sticky":false,"template":"","format":"standard","meta":{"h5ap_radio_sources":[],"footnotes":""},"categories":[1],"tags":[],"class_list":["post-132311","post","type-post","status-publish","format-standard","has-post-thumbnail","hentry","category-bihiregija"],"yoast_head":"<!-- This site is optimized with the Yoast SEO plugin v27.5 - https:\/\/yoast.com\/product\/yoast-seo-wordpress\/ -->\n<title>U Me\u0111ugorju o\u010dekuju milijun no\u0107enja u 2022. - RADIO LJUBU\u0160KI<\/title>\n<meta name=\"robots\" content=\"index, follow, max-snippet:-1, max-image-preview:large, max-video-preview:-1\" \/>\n<link rel=\"canonical\" href=\"https:\/\/radioljubuski.ba\/index.php\/2022\/04\/14\/u-medugorju-ocekuju-milijun-nocenja-u-2022\/\" \/>\n<meta property=\"og:locale\" content=\"hr_HR\" \/>\n<meta property=\"og:type\" content=\"article\" \/>\n<meta property=\"og:title\" content=\"U Me\u0111ugorju o\u010dekuju milijun no\u0107enja u 2022. - RADIO LJUBU\u0160KI\" \/>\n<meta property=\"og:description\" content=\"Turisti\u010dki djelatnici u Me\u0111ugorju izrazili su zadovoljstvo zbog dolaska ve\u0107eg broja hodo\u010dasnika za Cvjetnicu i Veliki tjedan \u0161to daje optimizam da bi ove godine mogli ostvariti polovicu, odnosno milijun no\u0107enja u odnosu na predpandemijsko vrijeme. Oko 1.500 hodo\u010dasnika iz Hrvatske provelo je potkraj pro\u0161loga tjedna i Cvjetnicu u svjetski poznatom hodo\u010dasni\u010dkom mjestu Me\u0111ugorju, a me\u0111u [&hellip;]\" \/>\n<meta property=\"og:url\" content=\"https:\/\/radioljubuski.ba\/index.php\/2022\/04\/14\/u-medugorju-ocekuju-milijun-nocenja-u-2022\/\" \/>\n<meta property=\"og:site_name\" content=\"RADIO LJUBU\u0160KI\" \/>\n<meta property=\"article:publisher\" content=\"https:\/\/www.facebook.com\/Radiio-Ljubuski-1490835324566332\" \/>\n<meta property=\"article:published_time\" content=\"2022-04-14T00:03:01+00:00\" \/>\n<meta property=\"article:modified_time\" content=\"2022-04-14T00:03:02+00:00\" \/>\n<meta property=\"og:image\" content=\"https:\/\/radioljubuski.ba\/wp-content\/uploads\/2021\/06\/medjugorje.jpg\" \/>\n\t<meta property=\"og:image:width\" content=\"1000\" \/>\n\t<meta property=\"og:image:height\" content=\"625\" \/>\n\t<meta property=\"og:image:type\" content=\"image\/jpeg\" \/>\n<meta name=\"author\" content=\"Radio Ljubu\u0161ki\" \/>\n<meta name=\"twitter:card\" content=\"summary_large_image\" \/>\n<meta name=\"twitter:creator\" content=\"@radioljubuski\" \/>\n<meta name=\"twitter:site\" content=\"@radioljubuski\" \/>\n<meta name=\"twitter:label1\" content=\"Napisao\/la\" \/>\n\t<meta name=\"twitter:data1\" content=\"Radio Ljubu\u0161ki\" \/>\n\t<meta name=\"twitter:label2\" content=\"Procijenjeno vrijeme \u010ditanja\" \/>\n\t<meta name=\"twitter:data2\" content=\"2 minute\" \/>\n<script type=\"application\/ld+json\" class=\"yoast-schema-graph\">{\"@context\":\"https:\\\/\\\/schema.org\",\"@graph\":[{\"@type\":\"Article\",\"@id\":\"https:\\\/\\\/radioljubuski.ba\\\/index.php\\\/2022\\\/04\\\/14\\\/u-medugorju-ocekuju-milijun-nocenja-u-2022\\\/#article\",\"isPartOf\":{\"@id\":\"https:\\\/\\\/radioljubuski.ba\\\/index.php\\\/2022\\\/04\\\/14\\\/u-medugorju-ocekuju-milijun-nocenja-u-2022\\\/\"},\"author\":{\"name\":\"Radio Ljubu\u0161ki\",\"@id\":\"https:\\\/\\\/radioljubuski.ba\\\/#\\\/schema\\\/person\\\/19fc700381a780f69665d7956c469e3b\"},\"headline\":\"U Me\u0111ugorju o\u010dekuju milijun no\u0107enja u 2022.\",\"datePublished\":\"2022-04-14T00:03:01+00:00\",\"dateModified\":\"2022-04-14T00:03:02+00:00\",\"mainEntityOfPage\":{\"@id\":\"https:\\\/\\\/radioljubuski.ba\\\/index.php\\\/2022\\\/04\\\/14\\\/u-medugorju-ocekuju-milijun-nocenja-u-2022\\\/\"},\"wordCount\":359,\"publisher\":{\"@id\":\"https:\\\/\\\/radioljubuski.ba\\\/#organization\"},\"image\":{\"@id\":\"https:\\\/\\\/radioljubuski.ba\\\/index.php\\\/2022\\\/04\\\/14\\\/u-medugorju-ocekuju-milijun-nocenja-u-2022\\\/#primaryimage\"},\"thumbnailUrl\":\"https:\\\/\\\/radioljubuski.ba\\\/wp-content\\\/uploads\\\/2021\\\/06\\\/medjugorje.jpg\",\"articleSection\":[\"BIH i regija\"],\"inLanguage\":\"hr\"},{\"@type\":\"WebPage\",\"@id\":\"https:\\\/\\\/radioljubuski.ba\\\/index.php\\\/2022\\\/04\\\/14\\\/u-medugorju-ocekuju-milijun-nocenja-u-2022\\\/\",\"url\":\"https:\\\/\\\/radioljubuski.ba\\\/index.php\\\/2022\\\/04\\\/14\\\/u-medugorju-ocekuju-milijun-nocenja-u-2022\\\/\",\"name\":\"U Me\u0111ugorju o\u010dekuju milijun no\u0107enja u 2022. - RADIO LJUBU\u0160KI\",\"isPartOf\":{\"@id\":\"https:\\\/\\\/radioljubuski.ba\\\/#website\"},\"primaryImageOfPage\":{\"@id\":\"https:\\\/\\\/radioljubuski.ba\\\/index.php\\\/2022\\\/04\\\/14\\\/u-medugorju-ocekuju-milijun-nocenja-u-2022\\\/#primaryimage\"},\"image\":{\"@id\":\"https:\\\/\\\/radioljubuski.ba\\\/index.php\\\/2022\\\/04\\\/14\\\/u-medugorju-ocekuju-milijun-nocenja-u-2022\\\/#primaryimage\"},\"thumbnailUrl\":\"https:\\\/\\\/radioljubuski.ba\\\/wp-content\\\/uploads\\\/2021\\\/06\\\/medjugorje.jpg\",\"datePublished\":\"2022-04-14T00:03:01+00:00\",\"dateModified\":\"2022-04-14T00:03:02+00:00\",\"breadcrumb\":{\"@id\":\"https:\\\/\\\/radioljubuski.ba\\\/index.php\\\/2022\\\/04\\\/14\\\/u-medugorju-ocekuju-milijun-nocenja-u-2022\\\/#breadcrumb\"},\"inLanguage\":\"hr\",\"potentialAction\":[{\"@type\":\"ReadAction\",\"target\":[\"https:\\\/\\\/radioljubuski.ba\\\/index.php\\\/2022\\\/04\\\/14\\\/u-medugorju-ocekuju-milijun-nocenja-u-2022\\\/\"]}]},{\"@type\":\"ImageObject\",\"inLanguage\":\"hr\",\"@id\":\"https:\\\/\\\/radioljubuski.ba\\\/index.php\\\/2022\\\/04\\\/14\\\/u-medugorju-ocekuju-milijun-nocenja-u-2022\\\/#primaryimage\",\"url\":\"https:\\\/\\\/radioljubuski.ba\\\/wp-content\\\/uploads\\\/2021\\\/06\\\/medjugorje.jpg\",\"contentUrl\":\"https:\\\/\\\/radioljubuski.ba\\\/wp-content\\\/uploads\\\/2021\\\/06\\\/medjugorje.jpg\",\"width\":1000,\"height\":625},{\"@type\":\"BreadcrumbList\",\"@id\":\"https:\\\/\\\/radioljubuski.ba\\\/index.php\\\/2022\\\/04\\\/14\\\/u-medugorju-ocekuju-milijun-nocenja-u-2022\\\/#breadcrumb\",\"itemListElement\":[{\"@type\":\"ListItem\",\"position\":1,\"name\":\"Po\u010detna stranica\",\"item\":\"https:\\\/\\\/radioljubuski.ba\\\/\"},{\"@type\":\"ListItem\",\"position\":2,\"name\":\"U Me\u0111ugorju o\u010dekuju milijun no\u0107enja u 2022.\"}]},{\"@type\":\"WebSite\",\"@id\":\"https:\\\/\\\/radioljubuski.ba\\\/#website\",\"url\":\"https:\\\/\\\/radioljubuski.ba\\\/\",\"name\":\"Radio Ljubu\u0161ki\",\"description\":\"Sun\u010dana frekvencija Hercegovine\",\"publisher\":{\"@id\":\"https:\\\/\\\/radioljubuski.ba\\\/#organization\"},\"potentialAction\":[{\"@type\":\"SearchAction\",\"target\":{\"@type\":\"EntryPoint\",\"urlTemplate\":\"https:\\\/\\\/radioljubuski.ba\\\/?s={search_term_string}\"},\"query-input\":{\"@type\":\"PropertyValueSpecification\",\"valueRequired\":true,\"valueName\":\"search_term_string\"}}],\"inLanguage\":\"hr\"},{\"@type\":\"Organization\",\"@id\":\"https:\\\/\\\/radioljubuski.ba\\\/#organization\",\"name\":\"Radio Ljubu\u0161ki\",\"url\":\"https:\\\/\\\/radioljubuski.ba\\\/\",\"logo\":{\"@type\":\"ImageObject\",\"inLanguage\":\"hr\",\"@id\":\"https:\\\/\\\/radioljubuski.ba\\\/#\\\/schema\\\/logo\\\/image\\\/\",\"url\":\"https:\\\/\\\/radioljubuski.ba\\\/wp-content\\\/uploads\\\/2021\\\/02\\\/cropped-Radio_Ljubuski_logo1.jpg\",\"contentUrl\":\"https:\\\/\\\/radioljubuski.ba\\\/wp-content\\\/uploads\\\/2021\\\/02\\\/cropped-Radio_Ljubuski_logo1.jpg\",\"width\":512,\"height\":512,\"caption\":\"Radio Ljubu\u0161ki\"},\"image\":{\"@id\":\"https:\\\/\\\/radioljubuski.ba\\\/#\\\/schema\\\/logo\\\/image\\\/\"},\"sameAs\":[\"https:\\\/\\\/www.facebook.com\\\/Radiio-Ljubuski-1490835324566332\",\"https:\\\/\\\/x.com\\\/radioljubuski\",\"https:\\\/\\\/hr.linkedin.com\\\/company\\\/radio-ljubuski\",\"https:\\\/\\\/www.youtube.com\\\/channel\\\/UCHYaeO_n0Db3tjNGudGpXyw\"]},{\"@type\":\"Person\",\"@id\":\"https:\\\/\\\/radioljubuski.ba\\\/#\\\/schema\\\/person\\\/19fc700381a780f69665d7956c469e3b\",\"name\":\"Radio Ljubu\u0161ki\"}]}<\/script>\n<!-- \/ Yoast SEO plugin. -->","yoast_head_json":{"title":"U Me\u0111ugorju o\u010dekuju milijun no\u0107enja u 2022. - RADIO LJUBU\u0160KI","robots":{"index":"index","follow":"follow","max-snippet":"max-snippet:-1","max-image-preview":"max-image-preview:large","max-video-preview":"max-video-preview:-1"},"canonical":"https:\/\/radioljubuski.ba\/index.php\/2022\/04\/14\/u-medugorju-ocekuju-milijun-nocenja-u-2022\/","og_locale":"hr_HR","og_type":"article","og_title":"U Me\u0111ugorju o\u010dekuju milijun no\u0107enja u 2022. - RADIO LJUBU\u0160KI","og_description":"Turisti\u010dki djelatnici u Me\u0111ugorju izrazili su zadovoljstvo zbog dolaska ve\u0107eg broja hodo\u010dasnika za Cvjetnicu i Veliki tjedan \u0161to daje optimizam da bi ove godine mogli ostvariti polovicu, odnosno milijun no\u0107enja u odnosu na predpandemijsko vrijeme. Oko 1.500 hodo\u010dasnika iz Hrvatske provelo je potkraj pro\u0161loga tjedna i Cvjetnicu u svjetski poznatom hodo\u010dasni\u010dkom mjestu Me\u0111ugorju, a me\u0111u [&hellip;]","og_url":"https:\/\/radioljubuski.ba\/index.php\/2022\/04\/14\/u-medugorju-ocekuju-milijun-nocenja-u-2022\/","og_site_name":"RADIO LJUBU\u0160KI","article_publisher":"https:\/\/www.facebook.com\/Radiio-Ljubuski-1490835324566332","article_published_time":"2022-04-14T00:03:01+00:00","article_modified_time":"2022-04-14T00:03:02+00:00","og_image":[{"width":1000,"height":625,"url":"https:\/\/radioljubuski.ba\/wp-content\/uploads\/2021\/06\/medjugorje.jpg","type":"image\/jpeg"}],"author":"Radio Ljubu\u0161ki","twitter_card":"summary_large_image","twitter_creator":"@radioljubuski","twitter_site":"@radioljubuski","twitter_misc":{"Napisao\/la":"Radio Ljubu\u0161ki","Procijenjeno vrijeme \u010ditanja":"2 minute"},"schema":{"@context":"https:\/\/schema.org","@graph":[{"@type":"Article","@id":"https:\/\/radioljubuski.ba\/index.php\/2022\/04\/14\/u-medugorju-ocekuju-milijun-nocenja-u-2022\/#article","isPartOf":{"@id":"https:\/\/radioljubuski.ba\/index.php\/2022\/04\/14\/u-medugorju-ocekuju-milijun-nocenja-u-2022\/"},"author":{"name":"Radio Ljubu\u0161ki","@id":"https:\/\/radioljubuski.ba\/#\/schema\/person\/19fc700381a780f69665d7956c469e3b"},"headline":"U Me\u0111ugorju o\u010dekuju milijun no\u0107enja u 2022.","datePublished":"2022-04-14T00:03:01+00:00","dateModified":"2022-04-14T00:03:02+00:00","mainEntityOfPage":{"@id":"https:\/\/radioljubuski.ba\/index.php\/2022\/04\/14\/u-medugorju-ocekuju-milijun-nocenja-u-2022\/"},"wordCount":359,"publisher":{"@id":"https:\/\/radioljubuski.ba\/#organization"},"image":{"@id":"https:\/\/radioljubuski.ba\/index.php\/2022\/04\/14\/u-medugorju-ocekuju-milijun-nocenja-u-2022\/#primaryimage"},"thumbnailUrl":"https:\/\/radioljubuski.ba\/wp-content\/uploads\/2021\/06\/medjugorje.jpg","articleSection":["BIH i regija"],"inLanguage":"hr"},{"@type":"WebPage","@id":"https:\/\/radioljubuski.ba\/index.php\/2022\/04\/14\/u-medugorju-ocekuju-milijun-nocenja-u-2022\/","url":"https:\/\/radioljubuski.ba\/index.php\/2022\/04\/14\/u-medugorju-ocekuju-milijun-nocenja-u-2022\/","name":"U Me\u0111ugorju o\u010dekuju milijun no\u0107enja u 2022. - RADIO LJUBU\u0160KI","isPartOf":{"@id":"https:\/\/radioljubuski.ba\/#website"},"primaryImageOfPage":{"@id":"https:\/\/radioljubuski.ba\/index.php\/2022\/04\/14\/u-medugorju-ocekuju-milijun-nocenja-u-2022\/#primaryimage"},"image":{"@id":"https:\/\/radioljubuski.ba\/index.php\/2022\/04\/14\/u-medugorju-ocekuju-milijun-nocenja-u-2022\/#primaryimage"},"thumbnailUrl":"https:\/\/radioljubuski.ba\/wp-content\/uploads\/2021\/06\/medjugorje.jpg","datePublished":"2022-04-14T00:03:01+00:00","dateModified":"2022-04-14T00:03:02+00:00","breadcrumb":{"@id":"https:\/\/radioljubuski.ba\/index.php\/2022\/04\/14\/u-medugorju-ocekuju-milijun-nocenja-u-2022\/#breadcrumb"},"inLanguage":"hr","potentialAction":[{"@type":"ReadAction","target":["https:\/\/radioljubuski.ba\/index.php\/2022\/04\/14\/u-medugorju-ocekuju-milijun-nocenja-u-2022\/"]}]},{"@type":"ImageObject","inLanguage":"hr","@id":"https:\/\/radioljubuski.ba\/index.php\/2022\/04\/14\/u-medugorju-ocekuju-milijun-nocenja-u-2022\/#primaryimage","url":"https:\/\/radioljubuski.ba\/wp-content\/uploads\/2021\/06\/medjugorje.jpg","contentUrl":"https:\/\/radioljubuski.ba\/wp-content\/uploads\/2021\/06\/medjugorje.jpg","width":1000,"height":625},{"@type":"BreadcrumbList","@id":"https:\/\/radioljubuski.ba\/index.php\/2022\/04\/14\/u-medugorju-ocekuju-milijun-nocenja-u-2022\/#breadcrumb","itemListElement":[{"@type":"ListItem","position":1,"name":"Po\u010detna stranica","item":"https:\/\/radioljubuski.ba\/"},{"@type":"ListItem","position":2,"name":"U Me\u0111ugorju o\u010dekuju milijun no\u0107enja u 2022."}]},{"@type":"WebSite","@id":"https:\/\/radioljubuski.ba\/#website","url":"https:\/\/radioljubuski.ba\/","name":"Radio Ljubu\u0161ki","description":"Sun\u010dana frekvencija Hercegovine","publisher":{"@id":"https:\/\/radioljubuski.ba\/#organization"},"potentialAction":[{"@type":"SearchAction","target":{"@type":"EntryPoint","urlTemplate":"https:\/\/radioljubuski.ba\/?s={search_term_string}"},"query-input":{"@type":"PropertyValueSpecification","valueRequired":true,"valueName":"search_term_string"}}],"inLanguage":"hr"},{"@type":"Organization","@id":"https:\/\/radioljubuski.ba\/#organization","name":"Radio Ljubu\u0161ki","url":"https:\/\/radioljubuski.ba\/","logo":{"@type":"ImageObject","inLanguage":"hr","@id":"https:\/\/radioljubuski.ba\/#\/schema\/logo\/image\/","url":"https:\/\/radioljubuski.ba\/wp-content\/uploads\/2021\/02\/cropped-Radio_Ljubuski_logo1.jpg","contentUrl":"https:\/\/radioljubuski.ba\/wp-content\/uploads\/2021\/02\/cropped-Radio_Ljubuski_logo1.jpg","width":512,"height":512,"caption":"Radio Ljubu\u0161ki"},"image":{"@id":"https:\/\/radioljubuski.ba\/#\/schema\/logo\/image\/"},"sameAs":["https:\/\/www.facebook.com\/Radiio-Ljubuski-1490835324566332","https:\/\/x.com\/radioljubuski","https:\/\/hr.linkedin.com\/company\/radio-ljubuski","https:\/\/www.youtube.com\/channel\/UCHYaeO_n0Db3tjNGudGpXyw"]},{"@type":"Person","@id":"https:\/\/radioljubuski.ba\/#\/schema\/person\/19fc700381a780f69665d7956c469e3b","name":"Radio Ljubu\u0161ki"}]}},"_links":{"self":[{"href":"https:\/\/radioljubuski.ba\/index.php\/wp-json\/wp\/v2\/posts\/132311","targetHints":{"allow":["GET"]}}],"collection":[{"href":"https:\/\/radioljubuski.ba\/index.php\/wp-json\/wp\/v2\/posts"}],"about":[{"href":"https:\/\/radioljubuski.ba\/index.php\/wp-json\/wp\/v2\/types\/post"}],"author":[{"embeddable":true,"href":"https:\/\/radioljubuski.ba\/index.php\/wp-json\/wp\/v2\/users\/2"}],"replies":[{"embeddable":true,"href":"https:\/\/radioljubuski.ba\/index.php\/wp-json\/wp\/v2\/comments?post=132311"}],"version-history":[{"count":1,"href":"https:\/\/radioljubuski.ba\/index.php\/wp-json\/wp\/v2\/posts\/132311\/revisions"}],"predecessor-version":[{"id":132312,"href":"https:\/\/radioljubuski.ba\/index.php\/wp-json\/wp\/v2\/posts\/132311\/revisions\/132312"}],"wp:featuredmedia":[{"embeddable":true,"href":"https:\/\/radioljubuski.ba\/index.php\/wp-json\/wp\/v2\/media\/34841"}],"wp:attachment":[{"href":"https:\/\/radioljubuski.ba\/index.php\/wp-json\/wp\/v2\/media?parent=132311"}],"wp:term":[{"taxonomy":"category","embeddable":true,"href":"https:\/\/radioljubuski.ba\/index.php\/wp-json\/wp\/v2\/categories?post=132311"},{"taxonomy":"post_tag","embeddable":true,"href":"https:\/\/radioljubuski.ba\/index.php\/wp-json\/wp\/v2\/tags?post=132311"}],"curies":[{"name":"wp","href":"https:\/\/api.w.org\/{rel}","templated":true}]}}