{"id":132319,"date":"2022-04-14T01:07:11","date_gmt":"2022-04-14T00:07:11","guid":{"rendered":"https:\/\/radioljubuski.ba\/?p=132319"},"modified":"2022-04-14T01:07:12","modified_gmt":"2022-04-14T00:07:12","slug":"9-godisnja-ukrajinka-napisala-pismo-majci-koja-je-poginula-u-ratu-srest-cemo-se","status":"publish","type":"post","link":"https:\/\/radioljubuski.ba\/index.php\/2022\/04\/14\/9-godisnja-ukrajinka-napisala-pismo-majci-koja-je-poginula-u-ratu-srest-cemo-se\/","title":{"rendered":"9-godi\u0161nja Ukrajinka napisala pismo majci koja je poginula u ratu: &#8220;Srest \u0107emo se&#8230;&#8221;"},"content":{"rendered":"\n<p>Na TwItteru je osvanula fotografija pisma koje je devetogodi\u0161nja Ukrajinka Galia napisala svojoj majci, koja je umrla u gradu Borodjanki tijekom ruskih napada.<\/p>\n\n\n\n<p>Fotografiju je prvi podijelio Anton Gera\u0161\u010denko, savjetnik ministra vanjskih poslova Ukrajine, a njegova objava izazvala je mno\u0161tvo reakcija. Galia je pismo napisala 8. o\u017eujka, manje od dva tjedna nakon \u0161to je ruski predsjednik Vladimir Putin izvr\u0161io invaziju na Ukrajinu.<\/p>\n\n\n\n<p>&#8220;Mama, ovo pismo je poklon za tebe&#8230; Ako misli\u0161 da si me bez razloga njegovala, nisi u pravu. Hvala ti za ovih devet godina. Hvala ti za moje djetinjstvo. Ti si najbolja majka na svijetu. Nikada te ne\u0107u zaboraviti. \u017delim ti svu sre\u0107u na nebu. Opet \u0107emo se sresti u raju. Pona\u0161at \u0107u se tako da zaslu\u017eim i\u0107i u raj. Ljubim te&#8221;, napisala je Galia u pismu.<\/p>\n\n\n\n<blockquote class=\"twitter-tweet\"><p lang=\"en\" dir=\"ltr\">Here&#39;s the letter from 9-old girl to her mom who died in <a href=\"https:\/\/twitter.com\/hashtag\/Borodianka?src=hash&amp;ref_src=twsrc%5Etfw\">#Borodianka<\/a>.<br><br>&quot;Mom!<br><br>You&#39;re the best mom in the whole world. I&#39;ll never forget you. I wish you&#39;ll get in Heaven and be happy there. I&#39;ll do my best to be a good person and get in Heaven too. See you in Heaven! <br><br>Galia xx&quot;. <a href=\"https:\/\/t.co\/07l7vfQxM4\">pic.twitter.com\/07l7vfQxM4<\/a><\/p>&mdash; Anton Gerashchenko (@Gerashchenko_en) <a href=\"https:\/\/twitter.com\/Gerashchenko_en\/status\/1512392063123402758?ref_src=twsrc%5Etfw\">April 8, 2022<\/a><\/blockquote> <script async src=\"https:\/\/platform.twitter.com\/widgets.js\" charset=\"utf-8\"><\/script>\n\n\n\n<p>Fotografija ovog pisma ubrzo se pro\u0161irila dru\u0161tvenim mre\u017eama.<\/p>\n\n\n\n<p>&#8220;Ovo je tako srcedrapaju\u0107e. Stvarno trebamo u\u010diniti vi\u0161e da se ova situacija zaustavi&#8221;, &#8220;Molim vas, pro\u010ditajte i dijelite ovo pismo. Zaustavimo rat u Ukrajini&#8221;, &#8220;U Ukrajini stradaju nevini ljudi&#8221;, &#8220;Dr\u017ei se, an\u0111ele. Mama \u0107e uvijek biti uz tebe&#8221;, samo su neki od komentara na Twitteru.<\/p>\n\n\n\n<p>Podsje\u0107amo, ukrajinski predsjednik Volodimir Zelenskij nedavno je rekao kako su u Ukrajini ubijeni deseci tisu\u0107a ljudi.<\/p>\n\n\n\n<p>&#8220;Ovo je \u010disti teror nad civilima. Ovo je poku\u0161aj da se slomi duh naroda, da se Ukrajinci pokore&#8221;, rekao je izme\u0111u ostaloga Zelenskij, prenosi CBS.<\/p>\n\n\n\n<p>Izvor:index.hr<\/p>\n","protected":false},"excerpt":{"rendered":"<p>Na TwItteru je osvanula fotografija pisma koje je devetogodi\u0161nja Ukrajinka Galia napisala svojoj majci, koja je umrla u gradu Borodjanki tijekom ruskih napada. Fotografiju je prvi podijelio Anton Gera\u0161\u010denko, savjetnik ministra vanjskih poslova Ukrajine, a njegova objava izazvala je mno\u0161tvo reakcija. Galia je pismo napisala 8. o\u017eujka, manje od dva tjedna nakon \u0161to je ruski [&hellip;]<\/p>\n","protected":false},"author":2,"featured_media":132320,"comment_status":"closed","ping_status":"closed","sticky":false,"template":"","format":"standard","meta":{"h5ap_radio_sources":[],"footnotes":""},"categories":[1],"tags":[],"class_list":["post-132319","post","type-post","status-publish","format-standard","has-post-thumbnail","hentry","category-bihiregija"],"yoast_head":"<!-- This site is optimized with the Yoast SEO plugin v27.5 - https:\/\/yoast.com\/product\/yoast-seo-wordpress\/ -->\n<title>9-godi\u0161nja Ukrajinka napisala pismo majci koja je poginula u ratu: &quot;Srest \u0107emo se...&quot; - RADIO LJUBU\u0160KI<\/title>\n<meta name=\"robots\" content=\"index, follow, max-snippet:-1, max-image-preview:large, max-video-preview:-1\" \/>\n<link rel=\"canonical\" href=\"https:\/\/radioljubuski.ba\/index.php\/2022\/04\/14\/9-godisnja-ukrajinka-napisala-pismo-majci-koja-je-poginula-u-ratu-srest-cemo-se\/\" \/>\n<meta property=\"og:locale\" content=\"hr_HR\" \/>\n<meta property=\"og:type\" content=\"article\" \/>\n<meta property=\"og:title\" content=\"9-godi\u0161nja Ukrajinka napisala pismo majci koja je poginula u ratu: &quot;Srest \u0107emo se...&quot; - RADIO LJUBU\u0160KI\" \/>\n<meta property=\"og:description\" content=\"Na TwItteru je osvanula fotografija pisma koje je devetogodi\u0161nja Ukrajinka Galia napisala svojoj majci, koja je umrla u gradu Borodjanki tijekom ruskih napada. Fotografiju je prvi podijelio Anton Gera\u0161\u010denko, savjetnik ministra vanjskih poslova Ukrajine, a njegova objava izazvala je mno\u0161tvo reakcija. Galia je pismo napisala 8. o\u017eujka, manje od dva tjedna nakon \u0161to je ruski [&hellip;]\" \/>\n<meta property=\"og:url\" content=\"https:\/\/radioljubuski.ba\/index.php\/2022\/04\/14\/9-godisnja-ukrajinka-napisala-pismo-majci-koja-je-poginula-u-ratu-srest-cemo-se\/\" \/>\n<meta property=\"og:site_name\" content=\"RADIO LJUBU\u0160KI\" \/>\n<meta property=\"article:publisher\" content=\"https:\/\/www.facebook.com\/Radiio-Ljubuski-1490835324566332\" \/>\n<meta property=\"article:published_time\" content=\"2022-04-14T00:07:11+00:00\" \/>\n<meta property=\"article:modified_time\" content=\"2022-04-14T00:07:12+00:00\" \/>\n<meta property=\"og:image\" content=\"https:\/\/radioljubuski.ba\/wp-content\/uploads\/2022\/04\/2-2022-04-13-16-24-46-591b32fb-0540-4862-872f-2cb47bab7f57.jpg\" \/>\n\t<meta property=\"og:image:width\" content=\"1000\" \/>\n\t<meta property=\"og:image:height\" content=\"625\" \/>\n\t<meta property=\"og:image:type\" content=\"image\/jpeg\" \/>\n<meta name=\"author\" content=\"Radio Ljubu\u0161ki\" \/>\n<meta name=\"twitter:card\" content=\"summary_large_image\" \/>\n<meta name=\"twitter:creator\" content=\"@radioljubuski\" \/>\n<meta name=\"twitter:site\" content=\"@radioljubuski\" \/>\n<meta name=\"twitter:label1\" content=\"Napisao\/la\" \/>\n\t<meta name=\"twitter:data1\" content=\"Radio Ljubu\u0161ki\" \/>\n\t<meta name=\"twitter:label2\" content=\"Procijenjeno vrijeme \u010ditanja\" \/>\n\t<meta name=\"twitter:data2\" content=\"2 minute\" \/>\n<script type=\"application\/ld+json\" class=\"yoast-schema-graph\">{\"@context\":\"https:\\\/\\\/schema.org\",\"@graph\":[{\"@type\":\"Article\",\"@id\":\"https:\\\/\\\/radioljubuski.ba\\\/index.php\\\/2022\\\/04\\\/14\\\/9-godisnja-ukrajinka-napisala-pismo-majci-koja-je-poginula-u-ratu-srest-cemo-se\\\/#article\",\"isPartOf\":{\"@id\":\"https:\\\/\\\/radioljubuski.ba\\\/index.php\\\/2022\\\/04\\\/14\\\/9-godisnja-ukrajinka-napisala-pismo-majci-koja-je-poginula-u-ratu-srest-cemo-se\\\/\"},\"author\":{\"name\":\"Radio Ljubu\u0161ki\",\"@id\":\"https:\\\/\\\/radioljubuski.ba\\\/#\\\/schema\\\/person\\\/19fc700381a780f69665d7956c469e3b\"},\"headline\":\"9-godi\u0161nja Ukrajinka napisala pismo majci koja je poginula u ratu: &#8220;Srest \u0107emo se&#8230;&#8221;\",\"datePublished\":\"2022-04-14T00:07:11+00:00\",\"dateModified\":\"2022-04-14T00:07:12+00:00\",\"mainEntityOfPage\":{\"@id\":\"https:\\\/\\\/radioljubuski.ba\\\/index.php\\\/2022\\\/04\\\/14\\\/9-godisnja-ukrajinka-napisala-pismo-majci-koja-je-poginula-u-ratu-srest-cemo-se\\\/\"},\"wordCount\":336,\"publisher\":{\"@id\":\"https:\\\/\\\/radioljubuski.ba\\\/#organization\"},\"image\":{\"@id\":\"https:\\\/\\\/radioljubuski.ba\\\/index.php\\\/2022\\\/04\\\/14\\\/9-godisnja-ukrajinka-napisala-pismo-majci-koja-je-poginula-u-ratu-srest-cemo-se\\\/#primaryimage\"},\"thumbnailUrl\":\"https:\\\/\\\/radioljubuski.ba\\\/wp-content\\\/uploads\\\/2022\\\/04\\\/2-2022-04-13-16-24-46-591b32fb-0540-4862-872f-2cb47bab7f57.jpg\",\"articleSection\":[\"BIH i regija\"],\"inLanguage\":\"hr\"},{\"@type\":\"WebPage\",\"@id\":\"https:\\\/\\\/radioljubuski.ba\\\/index.php\\\/2022\\\/04\\\/14\\\/9-godisnja-ukrajinka-napisala-pismo-majci-koja-je-poginula-u-ratu-srest-cemo-se\\\/\",\"url\":\"https:\\\/\\\/radioljubuski.ba\\\/index.php\\\/2022\\\/04\\\/14\\\/9-godisnja-ukrajinka-napisala-pismo-majci-koja-je-poginula-u-ratu-srest-cemo-se\\\/\",\"name\":\"9-godi\u0161nja Ukrajinka napisala pismo majci koja je poginula u ratu: \\\"Srest \u0107emo se...\\\" - RADIO LJUBU\u0160KI\",\"isPartOf\":{\"@id\":\"https:\\\/\\\/radioljubuski.ba\\\/#website\"},\"primaryImageOfPage\":{\"@id\":\"https:\\\/\\\/radioljubuski.ba\\\/index.php\\\/2022\\\/04\\\/14\\\/9-godisnja-ukrajinka-napisala-pismo-majci-koja-je-poginula-u-ratu-srest-cemo-se\\\/#primaryimage\"},\"image\":{\"@id\":\"https:\\\/\\\/radioljubuski.ba\\\/index.php\\\/2022\\\/04\\\/14\\\/9-godisnja-ukrajinka-napisala-pismo-majci-koja-je-poginula-u-ratu-srest-cemo-se\\\/#primaryimage\"},\"thumbnailUrl\":\"https:\\\/\\\/radioljubuski.ba\\\/wp-content\\\/uploads\\\/2022\\\/04\\\/2-2022-04-13-16-24-46-591b32fb-0540-4862-872f-2cb47bab7f57.jpg\",\"datePublished\":\"2022-04-14T00:07:11+00:00\",\"dateModified\":\"2022-04-14T00:07:12+00:00\",\"breadcrumb\":{\"@id\":\"https:\\\/\\\/radioljubuski.ba\\\/index.php\\\/2022\\\/04\\\/14\\\/9-godisnja-ukrajinka-napisala-pismo-majci-koja-je-poginula-u-ratu-srest-cemo-se\\\/#breadcrumb\"},\"inLanguage\":\"hr\",\"potentialAction\":[{\"@type\":\"ReadAction\",\"target\":[\"https:\\\/\\\/radioljubuski.ba\\\/index.php\\\/2022\\\/04\\\/14\\\/9-godisnja-ukrajinka-napisala-pismo-majci-koja-je-poginula-u-ratu-srest-cemo-se\\\/\"]}]},{\"@type\":\"ImageObject\",\"inLanguage\":\"hr\",\"@id\":\"https:\\\/\\\/radioljubuski.ba\\\/index.php\\\/2022\\\/04\\\/14\\\/9-godisnja-ukrajinka-napisala-pismo-majci-koja-je-poginula-u-ratu-srest-cemo-se\\\/#primaryimage\",\"url\":\"https:\\\/\\\/radioljubuski.ba\\\/wp-content\\\/uploads\\\/2022\\\/04\\\/2-2022-04-13-16-24-46-591b32fb-0540-4862-872f-2cb47bab7f57.jpg\",\"contentUrl\":\"https:\\\/\\\/radioljubuski.ba\\\/wp-content\\\/uploads\\\/2022\\\/04\\\/2-2022-04-13-16-24-46-591b32fb-0540-4862-872f-2cb47bab7f57.jpg\",\"width\":1000,\"height\":625},{\"@type\":\"BreadcrumbList\",\"@id\":\"https:\\\/\\\/radioljubuski.ba\\\/index.php\\\/2022\\\/04\\\/14\\\/9-godisnja-ukrajinka-napisala-pismo-majci-koja-je-poginula-u-ratu-srest-cemo-se\\\/#breadcrumb\",\"itemListElement\":[{\"@type\":\"ListItem\",\"position\":1,\"name\":\"Po\u010detna stranica\",\"item\":\"https:\\\/\\\/radioljubuski.ba\\\/\"},{\"@type\":\"ListItem\",\"position\":2,\"name\":\"9-godi\u0161nja Ukrajinka napisala pismo majci koja je poginula u ratu: &#8220;Srest \u0107emo se&#8230;&#8221;\"}]},{\"@type\":\"WebSite\",\"@id\":\"https:\\\/\\\/radioljubuski.ba\\\/#website\",\"url\":\"https:\\\/\\\/radioljubuski.ba\\\/\",\"name\":\"Radio Ljubu\u0161ki\",\"description\":\"Sun\u010dana frekvencija Hercegovine\",\"publisher\":{\"@id\":\"https:\\\/\\\/radioljubuski.ba\\\/#organization\"},\"potentialAction\":[{\"@type\":\"SearchAction\",\"target\":{\"@type\":\"EntryPoint\",\"urlTemplate\":\"https:\\\/\\\/radioljubuski.ba\\\/?s={search_term_string}\"},\"query-input\":{\"@type\":\"PropertyValueSpecification\",\"valueRequired\":true,\"valueName\":\"search_term_string\"}}],\"inLanguage\":\"hr\"},{\"@type\":\"Organization\",\"@id\":\"https:\\\/\\\/radioljubuski.ba\\\/#organization\",\"name\":\"Radio Ljubu\u0161ki\",\"url\":\"https:\\\/\\\/radioljubuski.ba\\\/\",\"logo\":{\"@type\":\"ImageObject\",\"inLanguage\":\"hr\",\"@id\":\"https:\\\/\\\/radioljubuski.ba\\\/#\\\/schema\\\/logo\\\/image\\\/\",\"url\":\"https:\\\/\\\/radioljubuski.ba\\\/wp-content\\\/uploads\\\/2021\\\/02\\\/cropped-Radio_Ljubuski_logo1.jpg\",\"contentUrl\":\"https:\\\/\\\/radioljubuski.ba\\\/wp-content\\\/uploads\\\/2021\\\/02\\\/cropped-Radio_Ljubuski_logo1.jpg\",\"width\":512,\"height\":512,\"caption\":\"Radio Ljubu\u0161ki\"},\"image\":{\"@id\":\"https:\\\/\\\/radioljubuski.ba\\\/#\\\/schema\\\/logo\\\/image\\\/\"},\"sameAs\":[\"https:\\\/\\\/www.facebook.com\\\/Radiio-Ljubuski-1490835324566332\",\"https:\\\/\\\/x.com\\\/radioljubuski\",\"https:\\\/\\\/hr.linkedin.com\\\/company\\\/radio-ljubuski\",\"https:\\\/\\\/www.youtube.com\\\/channel\\\/UCHYaeO_n0Db3tjNGudGpXyw\"]},{\"@type\":\"Person\",\"@id\":\"https:\\\/\\\/radioljubuski.ba\\\/#\\\/schema\\\/person\\\/19fc700381a780f69665d7956c469e3b\",\"name\":\"Radio Ljubu\u0161ki\"}]}<\/script>\n<!-- \/ Yoast SEO plugin. -->","yoast_head_json":{"title":"9-godi\u0161nja Ukrajinka napisala pismo majci koja je poginula u ratu: \"Srest \u0107emo se...\" - RADIO LJUBU\u0160KI","robots":{"index":"index","follow":"follow","max-snippet":"max-snippet:-1","max-image-preview":"max-image-preview:large","max-video-preview":"max-video-preview:-1"},"canonical":"https:\/\/radioljubuski.ba\/index.php\/2022\/04\/14\/9-godisnja-ukrajinka-napisala-pismo-majci-koja-je-poginula-u-ratu-srest-cemo-se\/","og_locale":"hr_HR","og_type":"article","og_title":"9-godi\u0161nja Ukrajinka napisala pismo majci koja je poginula u ratu: \"Srest \u0107emo se...\" - RADIO LJUBU\u0160KI","og_description":"Na TwItteru je osvanula fotografija pisma koje je devetogodi\u0161nja Ukrajinka Galia napisala svojoj majci, koja je umrla u gradu Borodjanki tijekom ruskih napada. Fotografiju je prvi podijelio Anton Gera\u0161\u010denko, savjetnik ministra vanjskih poslova Ukrajine, a njegova objava izazvala je mno\u0161tvo reakcija. Galia je pismo napisala 8. o\u017eujka, manje od dva tjedna nakon \u0161to je ruski [&hellip;]","og_url":"https:\/\/radioljubuski.ba\/index.php\/2022\/04\/14\/9-godisnja-ukrajinka-napisala-pismo-majci-koja-je-poginula-u-ratu-srest-cemo-se\/","og_site_name":"RADIO LJUBU\u0160KI","article_publisher":"https:\/\/www.facebook.com\/Radiio-Ljubuski-1490835324566332","article_published_time":"2022-04-14T00:07:11+00:00","article_modified_time":"2022-04-14T00:07:12+00:00","og_image":[{"width":1000,"height":625,"url":"https:\/\/radioljubuski.ba\/wp-content\/uploads\/2022\/04\/2-2022-04-13-16-24-46-591b32fb-0540-4862-872f-2cb47bab7f57.jpg","type":"image\/jpeg"}],"author":"Radio Ljubu\u0161ki","twitter_card":"summary_large_image","twitter_creator":"@radioljubuski","twitter_site":"@radioljubuski","twitter_misc":{"Napisao\/la":"Radio Ljubu\u0161ki","Procijenjeno vrijeme \u010ditanja":"2 minute"},"schema":{"@context":"https:\/\/schema.org","@graph":[{"@type":"Article","@id":"https:\/\/radioljubuski.ba\/index.php\/2022\/04\/14\/9-godisnja-ukrajinka-napisala-pismo-majci-koja-je-poginula-u-ratu-srest-cemo-se\/#article","isPartOf":{"@id":"https:\/\/radioljubuski.ba\/index.php\/2022\/04\/14\/9-godisnja-ukrajinka-napisala-pismo-majci-koja-je-poginula-u-ratu-srest-cemo-se\/"},"author":{"name":"Radio Ljubu\u0161ki","@id":"https:\/\/radioljubuski.ba\/#\/schema\/person\/19fc700381a780f69665d7956c469e3b"},"headline":"9-godi\u0161nja Ukrajinka napisala pismo majci koja je poginula u ratu: &#8220;Srest \u0107emo se&#8230;&#8221;","datePublished":"2022-04-14T00:07:11+00:00","dateModified":"2022-04-14T00:07:12+00:00","mainEntityOfPage":{"@id":"https:\/\/radioljubuski.ba\/index.php\/2022\/04\/14\/9-godisnja-ukrajinka-napisala-pismo-majci-koja-je-poginula-u-ratu-srest-cemo-se\/"},"wordCount":336,"publisher":{"@id":"https:\/\/radioljubuski.ba\/#organization"},"image":{"@id":"https:\/\/radioljubuski.ba\/index.php\/2022\/04\/14\/9-godisnja-ukrajinka-napisala-pismo-majci-koja-je-poginula-u-ratu-srest-cemo-se\/#primaryimage"},"thumbnailUrl":"https:\/\/radioljubuski.ba\/wp-content\/uploads\/2022\/04\/2-2022-04-13-16-24-46-591b32fb-0540-4862-872f-2cb47bab7f57.jpg","articleSection":["BIH i regija"],"inLanguage":"hr"},{"@type":"WebPage","@id":"https:\/\/radioljubuski.ba\/index.php\/2022\/04\/14\/9-godisnja-ukrajinka-napisala-pismo-majci-koja-je-poginula-u-ratu-srest-cemo-se\/","url":"https:\/\/radioljubuski.ba\/index.php\/2022\/04\/14\/9-godisnja-ukrajinka-napisala-pismo-majci-koja-je-poginula-u-ratu-srest-cemo-se\/","name":"9-godi\u0161nja Ukrajinka napisala pismo majci koja je poginula u ratu: \"Srest \u0107emo se...\" - RADIO LJUBU\u0160KI","isPartOf":{"@id":"https:\/\/radioljubuski.ba\/#website"},"primaryImageOfPage":{"@id":"https:\/\/radioljubuski.ba\/index.php\/2022\/04\/14\/9-godisnja-ukrajinka-napisala-pismo-majci-koja-je-poginula-u-ratu-srest-cemo-se\/#primaryimage"},"image":{"@id":"https:\/\/radioljubuski.ba\/index.php\/2022\/04\/14\/9-godisnja-ukrajinka-napisala-pismo-majci-koja-je-poginula-u-ratu-srest-cemo-se\/#primaryimage"},"thumbnailUrl":"https:\/\/radioljubuski.ba\/wp-content\/uploads\/2022\/04\/2-2022-04-13-16-24-46-591b32fb-0540-4862-872f-2cb47bab7f57.jpg","datePublished":"2022-04-14T00:07:11+00:00","dateModified":"2022-04-14T00:07:12+00:00","breadcrumb":{"@id":"https:\/\/radioljubuski.ba\/index.php\/2022\/04\/14\/9-godisnja-ukrajinka-napisala-pismo-majci-koja-je-poginula-u-ratu-srest-cemo-se\/#breadcrumb"},"inLanguage":"hr","potentialAction":[{"@type":"ReadAction","target":["https:\/\/radioljubuski.ba\/index.php\/2022\/04\/14\/9-godisnja-ukrajinka-napisala-pismo-majci-koja-je-poginula-u-ratu-srest-cemo-se\/"]}]},{"@type":"ImageObject","inLanguage":"hr","@id":"https:\/\/radioljubuski.ba\/index.php\/2022\/04\/14\/9-godisnja-ukrajinka-napisala-pismo-majci-koja-je-poginula-u-ratu-srest-cemo-se\/#primaryimage","url":"https:\/\/radioljubuski.ba\/wp-content\/uploads\/2022\/04\/2-2022-04-13-16-24-46-591b32fb-0540-4862-872f-2cb47bab7f57.jpg","contentUrl":"https:\/\/radioljubuski.ba\/wp-content\/uploads\/2022\/04\/2-2022-04-13-16-24-46-591b32fb-0540-4862-872f-2cb47bab7f57.jpg","width":1000,"height":625},{"@type":"BreadcrumbList","@id":"https:\/\/radioljubuski.ba\/index.php\/2022\/04\/14\/9-godisnja-ukrajinka-napisala-pismo-majci-koja-je-poginula-u-ratu-srest-cemo-se\/#breadcrumb","itemListElement":[{"@type":"ListItem","position":1,"name":"Po\u010detna stranica","item":"https:\/\/radioljubuski.ba\/"},{"@type":"ListItem","position":2,"name":"9-godi\u0161nja Ukrajinka napisala pismo majci koja je poginula u ratu: &#8220;Srest \u0107emo se&#8230;&#8221;"}]},{"@type":"WebSite","@id":"https:\/\/radioljubuski.ba\/#website","url":"https:\/\/radioljubuski.ba\/","name":"Radio Ljubu\u0161ki","description":"Sun\u010dana frekvencija Hercegovine","publisher":{"@id":"https:\/\/radioljubuski.ba\/#organization"},"potentialAction":[{"@type":"SearchAction","target":{"@type":"EntryPoint","urlTemplate":"https:\/\/radioljubuski.ba\/?s={search_term_string}"},"query-input":{"@type":"PropertyValueSpecification","valueRequired":true,"valueName":"search_term_string"}}],"inLanguage":"hr"},{"@type":"Organization","@id":"https:\/\/radioljubuski.ba\/#organization","name":"Radio Ljubu\u0161ki","url":"https:\/\/radioljubuski.ba\/","logo":{"@type":"ImageObject","inLanguage":"hr","@id":"https:\/\/radioljubuski.ba\/#\/schema\/logo\/image\/","url":"https:\/\/radioljubuski.ba\/wp-content\/uploads\/2021\/02\/cropped-Radio_Ljubuski_logo1.jpg","contentUrl":"https:\/\/radioljubuski.ba\/wp-content\/uploads\/2021\/02\/cropped-Radio_Ljubuski_logo1.jpg","width":512,"height":512,"caption":"Radio Ljubu\u0161ki"},"image":{"@id":"https:\/\/radioljubuski.ba\/#\/schema\/logo\/image\/"},"sameAs":["https:\/\/www.facebook.com\/Radiio-Ljubuski-1490835324566332","https:\/\/x.com\/radioljubuski","https:\/\/hr.linkedin.com\/company\/radio-ljubuski","https:\/\/www.youtube.com\/channel\/UCHYaeO_n0Db3tjNGudGpXyw"]},{"@type":"Person","@id":"https:\/\/radioljubuski.ba\/#\/schema\/person\/19fc700381a780f69665d7956c469e3b","name":"Radio Ljubu\u0161ki"}]}},"_links":{"self":[{"href":"https:\/\/radioljubuski.ba\/index.php\/wp-json\/wp\/v2\/posts\/132319","targetHints":{"allow":["GET"]}}],"collection":[{"href":"https:\/\/radioljubuski.ba\/index.php\/wp-json\/wp\/v2\/posts"}],"about":[{"href":"https:\/\/radioljubuski.ba\/index.php\/wp-json\/wp\/v2\/types\/post"}],"author":[{"embeddable":true,"href":"https:\/\/radioljubuski.ba\/index.php\/wp-json\/wp\/v2\/users\/2"}],"replies":[{"embeddable":true,"href":"https:\/\/radioljubuski.ba\/index.php\/wp-json\/wp\/v2\/comments?post=132319"}],"version-history":[{"count":1,"href":"https:\/\/radioljubuski.ba\/index.php\/wp-json\/wp\/v2\/posts\/132319\/revisions"}],"predecessor-version":[{"id":132321,"href":"https:\/\/radioljubuski.ba\/index.php\/wp-json\/wp\/v2\/posts\/132319\/revisions\/132321"}],"wp:featuredmedia":[{"embeddable":true,"href":"https:\/\/radioljubuski.ba\/index.php\/wp-json\/wp\/v2\/media\/132320"}],"wp:attachment":[{"href":"https:\/\/radioljubuski.ba\/index.php\/wp-json\/wp\/v2\/media?parent=132319"}],"wp:term":[{"taxonomy":"category","embeddable":true,"href":"https:\/\/radioljubuski.ba\/index.php\/wp-json\/wp\/v2\/categories?post=132319"},{"taxonomy":"post_tag","embeddable":true,"href":"https:\/\/radioljubuski.ba\/index.php\/wp-json\/wp\/v2\/tags?post=132319"}],"curies":[{"name":"wp","href":"https:\/\/api.w.org\/{rel}","templated":true}]}}