{"id":132322,"date":"2022-04-14T01:08:12","date_gmt":"2022-04-14T00:08:12","guid":{"rendered":"https:\/\/radioljubuski.ba\/?p=132322"},"modified":"2022-04-14T01:08:13","modified_gmt":"2022-04-14T00:08:13","slug":"gradsko-vijece-mostara-usvojilo-odluku-o-kreditnom-zaduzenju-za-izgradnju-sportske-dvorane","status":"publish","type":"post","link":"https:\/\/radioljubuski.ba\/index.php\/2022\/04\/14\/gradsko-vijece-mostara-usvojilo-odluku-o-kreditnom-zaduzenju-za-izgradnju-sportske-dvorane\/","title":{"rendered":"Gradsko vije\u0107e Mostara usvojilo Odluku o kreditnom zadu\u017eenju za izgradnju sportske dvorane"},"content":{"rendered":"\n<p>Vije\u0107nici Gradskog vije\u0107a Mostara usvojili su u srijedu Odluku o kreditnom zadu\u017eenju Grada Mostara kod Razvojne banke Vije\u0107a Europe (CEB) za izgradnju sportske dvorane u iznosu od 12 milijuna eura.<\/p>\n\n\n\n<p>Izvjestitelj spomenute odluke, mostarski gradona\u010delnik Mario Kordi\u0107 podsjetio je kako je ranije iz federalnog prora\u010duna za nastavak gradnje sportske dvorane izdvojeno 3,5 milijuna maraka \u0161to bi, prema njihovim prvim procjenama, moglo biti dovoljno za po\u010detak nastavka radova. &nbsp;<\/p>\n\n\n\n<p>On smatra kako je za o\u010dekivati ve\u0107 sljede\u0107ih mjesec dana da \u0107e se raditi neke aktivnosti na dvorani.<\/p>\n\n\n\n<p>Kako je pojasnio Kordi\u0107, dokument ide na usvajanje Vije\u0107u ministara BiH jer je rije\u010d o projektu od dr\u017eavnog interesa, koje bi trebalo dati &#8220;zeleno svjetlo&#8221;, a onda se s njim (odobrenim dokumentom) ide prema banci.<\/p>\n\n\n\n<p>&#8211; Za o\u010dekivati je da do kraja godine imamo poslo\u017eenu dokumentaciju te da bi ve\u0107 sljede\u0107e godine mogli krenuti u zavr\u0161etak sportske dvorane u Mostaru &#8211; kazao je mostarski gradona\u010delnik.<\/p>\n\n\n\n<p>Ovaj put, optimisti\u010dan je on, to je realno jer su ozbiljno, kako ka\u017ee, pristupili problemu, a imaju i potporu i me\u0111unarodne zajednice te im u prilog ide i \u010dvrsto obe\u0107anih 9,5 milijuna eura grant sredstava.<\/p>\n\n\n\n<p>Tako\u0111er, na Gradskom vije\u0107u usvojene su: Odluka o dono\u0161enju i provo\u0111enju izmjena i dopuna Regulacijskog plana &#8220;\u0160iri kompleks putni\u010dkog, \u017eeljezni\u010dkog i autobusnog terminala&#8221;, potom Odluka o dono\u0161enju Programa ure\u0111enja gra\u0111evnog zemlji\u0161ta za izmjene i dopune Regulacijskog plana &#8220;\u0160iri kompleks putni\u010dkog, \u017eeljezni\u010dkog i autobusnog terminala&#8221;, Odluka o dono\u0161enju i provo\u0111enju izmjena i dopuna Regulacijskog plana &#8220;Rodo\u010d III&#8221; te Program ure\u0111enja gra\u0111evinskog zemlji\u0161ta za izmjene i dopune Regulacijskog plana &#8220;Rodo\u010d III&#8221;.<\/p>\n\n\n\n<p>Vije\u0107e je usvojilo i odluke o pristupanju izradi izmjena i dopuna regulacijskih planova i programa ure\u0111enja &#8220;Zgoni II&#8221;, &nbsp;&#8220;Centar II&#8221;, &nbsp;Gnojnice&#8221; i &#8220;Ko\u010dine&#8221; &nbsp;<\/p>\n\n\n\n<p>&#8211; To zna\u010di da intenzivno radimo na izradi regulacionih planova kako bismo omogu\u0107ili nesmetano eventualno investiranje u gradu Mostaru \u2013 istaknuo je predsjedavaju\u0107i Gradskoga vije\u0107a Salem Mari\u0107.<\/p>\n\n\n\n<p>Vije\u0107nik Arman Zalihi\u0107 (SDP) istaknuo je kako nema ni\u0161ta protiv tih regulacijskih planova ali je napomenuo kako takav plan ne postoji za samo sredi\u0161te Grada, \u0161to je za njega &#8220;nepojmljivo&#8221;.<\/p>\n\n\n\n<p>&#8211; Nepojmljivo mi je da u samom sredi\u0161tu grada nemamo regulacijski plan. Ako ho\u0107emo Mostar kao urbanu i sre\u0111enu cjelinu moramo pristupiti izradi tog plana i za sredi\u0161te Grada &#8211; podvukao je Zalihi\u0107. &nbsp;<\/p>\n\n\n\n<p>Izvor:pogled.ba<\/p>\n","protected":false},"excerpt":{"rendered":"<p>Vije\u0107nici Gradskog vije\u0107a Mostara usvojili su u srijedu Odluku o kreditnom zadu\u017eenju Grada Mostara kod Razvojne banke Vije\u0107a Europe (CEB) za izgradnju sportske dvorane u iznosu od 12 milijuna eura. Izvjestitelj spomenute odluke, mostarski gradona\u010delnik Mario Kordi\u0107 podsjetio je kako je ranije iz federalnog prora\u010duna za nastavak gradnje sportske dvorane izdvojeno 3,5 milijuna maraka \u0161to [&hellip;]<\/p>\n","protected":false},"author":2,"featured_media":132323,"comment_status":"closed","ping_status":"closed","sticky":false,"template":"","format":"standard","meta":{"h5ap_radio_sources":[],"footnotes":""},"categories":[1],"tags":[],"class_list":["post-132322","post","type-post","status-publish","format-standard","has-post-thumbnail","hentry","category-bihiregija"],"yoast_head":"<!-- This site is optimized with the Yoast SEO plugin v27.5 - https:\/\/yoast.com\/product\/yoast-seo-wordpress\/ -->\n<title>Gradsko vije\u0107e Mostara usvojilo Odluku o kreditnom zadu\u017eenju za izgradnju sportske dvorane - RADIO LJUBU\u0160KI<\/title>\n<meta name=\"robots\" content=\"index, follow, max-snippet:-1, max-image-preview:large, max-video-preview:-1\" \/>\n<link rel=\"canonical\" href=\"https:\/\/radioljubuski.ba\/index.php\/2022\/04\/14\/gradsko-vijece-mostara-usvojilo-odluku-o-kreditnom-zaduzenju-za-izgradnju-sportske-dvorane\/\" \/>\n<meta property=\"og:locale\" content=\"hr_HR\" \/>\n<meta property=\"og:type\" content=\"article\" \/>\n<meta property=\"og:title\" content=\"Gradsko vije\u0107e Mostara usvojilo Odluku o kreditnom zadu\u017eenju za izgradnju sportske dvorane - RADIO LJUBU\u0160KI\" \/>\n<meta property=\"og:description\" content=\"Vije\u0107nici Gradskog vije\u0107a Mostara usvojili su u srijedu Odluku o kreditnom zadu\u017eenju Grada Mostara kod Razvojne banke Vije\u0107a Europe (CEB) za izgradnju sportske dvorane u iznosu od 12 milijuna eura. Izvjestitelj spomenute odluke, mostarski gradona\u010delnik Mario Kordi\u0107 podsjetio je kako je ranije iz federalnog prora\u010duna za nastavak gradnje sportske dvorane izdvojeno 3,5 milijuna maraka \u0161to [&hellip;]\" \/>\n<meta property=\"og:url\" content=\"https:\/\/radioljubuski.ba\/index.php\/2022\/04\/14\/gradsko-vijece-mostara-usvojilo-odluku-o-kreditnom-zaduzenju-za-izgradnju-sportske-dvorane\/\" \/>\n<meta property=\"og:site_name\" content=\"RADIO LJUBU\u0160KI\" \/>\n<meta property=\"article:publisher\" content=\"https:\/\/www.facebook.com\/Radiio-Ljubuski-1490835324566332\" \/>\n<meta property=\"article:published_time\" content=\"2022-04-14T00:08:12+00:00\" \/>\n<meta property=\"article:modified_time\" content=\"2022-04-14T00:08:13+00:00\" \/>\n<meta property=\"og:image\" content=\"https:\/\/radioljubuski.ba\/wp-content\/uploads\/2022\/04\/2-2022-04-13-16-32-16-220413_sjednica_gradskog_vijeca_grada_mostara_grad_mostar_55065.jpg\" \/>\n\t<meta property=\"og:image:width\" content=\"1000\" \/>\n\t<meta property=\"og:image:height\" content=\"625\" \/>\n\t<meta property=\"og:image:type\" content=\"image\/jpeg\" \/>\n<meta name=\"author\" content=\"Radio Ljubu\u0161ki\" \/>\n<meta name=\"twitter:card\" content=\"summary_large_image\" \/>\n<meta name=\"twitter:creator\" content=\"@radioljubuski\" \/>\n<meta name=\"twitter:site\" content=\"@radioljubuski\" \/>\n<meta name=\"twitter:label1\" content=\"Napisao\/la\" \/>\n\t<meta name=\"twitter:data1\" content=\"Radio Ljubu\u0161ki\" \/>\n\t<meta name=\"twitter:label2\" content=\"Procijenjeno vrijeme \u010ditanja\" \/>\n\t<meta name=\"twitter:data2\" content=\"2 minute\" \/>\n<script type=\"application\/ld+json\" class=\"yoast-schema-graph\">{\"@context\":\"https:\\\/\\\/schema.org\",\"@graph\":[{\"@type\":\"Article\",\"@id\":\"https:\\\/\\\/radioljubuski.ba\\\/index.php\\\/2022\\\/04\\\/14\\\/gradsko-vijece-mostara-usvojilo-odluku-o-kreditnom-zaduzenju-za-izgradnju-sportske-dvorane\\\/#article\",\"isPartOf\":{\"@id\":\"https:\\\/\\\/radioljubuski.ba\\\/index.php\\\/2022\\\/04\\\/14\\\/gradsko-vijece-mostara-usvojilo-odluku-o-kreditnom-zaduzenju-za-izgradnju-sportske-dvorane\\\/\"},\"author\":{\"name\":\"Radio Ljubu\u0161ki\",\"@id\":\"https:\\\/\\\/radioljubuski.ba\\\/#\\\/schema\\\/person\\\/19fc700381a780f69665d7956c469e3b\"},\"headline\":\"Gradsko vije\u0107e Mostara usvojilo Odluku o kreditnom zadu\u017eenju za izgradnju sportske dvorane\",\"datePublished\":\"2022-04-14T00:08:12+00:00\",\"dateModified\":\"2022-04-14T00:08:13+00:00\",\"mainEntityOfPage\":{\"@id\":\"https:\\\/\\\/radioljubuski.ba\\\/index.php\\\/2022\\\/04\\\/14\\\/gradsko-vijece-mostara-usvojilo-odluku-o-kreditnom-zaduzenju-za-izgradnju-sportske-dvorane\\\/\"},\"wordCount\":436,\"publisher\":{\"@id\":\"https:\\\/\\\/radioljubuski.ba\\\/#organization\"},\"image\":{\"@id\":\"https:\\\/\\\/radioljubuski.ba\\\/index.php\\\/2022\\\/04\\\/14\\\/gradsko-vijece-mostara-usvojilo-odluku-o-kreditnom-zaduzenju-za-izgradnju-sportske-dvorane\\\/#primaryimage\"},\"thumbnailUrl\":\"https:\\\/\\\/radioljubuski.ba\\\/wp-content\\\/uploads\\\/2022\\\/04\\\/2-2022-04-13-16-32-16-220413_sjednica_gradskog_vijeca_grada_mostara_grad_mostar_55065.jpg\",\"articleSection\":[\"BIH i regija\"],\"inLanguage\":\"hr\"},{\"@type\":\"WebPage\",\"@id\":\"https:\\\/\\\/radioljubuski.ba\\\/index.php\\\/2022\\\/04\\\/14\\\/gradsko-vijece-mostara-usvojilo-odluku-o-kreditnom-zaduzenju-za-izgradnju-sportske-dvorane\\\/\",\"url\":\"https:\\\/\\\/radioljubuski.ba\\\/index.php\\\/2022\\\/04\\\/14\\\/gradsko-vijece-mostara-usvojilo-odluku-o-kreditnom-zaduzenju-za-izgradnju-sportske-dvorane\\\/\",\"name\":\"Gradsko vije\u0107e Mostara usvojilo Odluku o kreditnom zadu\u017eenju za izgradnju sportske dvorane - RADIO LJUBU\u0160KI\",\"isPartOf\":{\"@id\":\"https:\\\/\\\/radioljubuski.ba\\\/#website\"},\"primaryImageOfPage\":{\"@id\":\"https:\\\/\\\/radioljubuski.ba\\\/index.php\\\/2022\\\/04\\\/14\\\/gradsko-vijece-mostara-usvojilo-odluku-o-kreditnom-zaduzenju-za-izgradnju-sportske-dvorane\\\/#primaryimage\"},\"image\":{\"@id\":\"https:\\\/\\\/radioljubuski.ba\\\/index.php\\\/2022\\\/04\\\/14\\\/gradsko-vijece-mostara-usvojilo-odluku-o-kreditnom-zaduzenju-za-izgradnju-sportske-dvorane\\\/#primaryimage\"},\"thumbnailUrl\":\"https:\\\/\\\/radioljubuski.ba\\\/wp-content\\\/uploads\\\/2022\\\/04\\\/2-2022-04-13-16-32-16-220413_sjednica_gradskog_vijeca_grada_mostara_grad_mostar_55065.jpg\",\"datePublished\":\"2022-04-14T00:08:12+00:00\",\"dateModified\":\"2022-04-14T00:08:13+00:00\",\"breadcrumb\":{\"@id\":\"https:\\\/\\\/radioljubuski.ba\\\/index.php\\\/2022\\\/04\\\/14\\\/gradsko-vijece-mostara-usvojilo-odluku-o-kreditnom-zaduzenju-za-izgradnju-sportske-dvorane\\\/#breadcrumb\"},\"inLanguage\":\"hr\",\"potentialAction\":[{\"@type\":\"ReadAction\",\"target\":[\"https:\\\/\\\/radioljubuski.ba\\\/index.php\\\/2022\\\/04\\\/14\\\/gradsko-vijece-mostara-usvojilo-odluku-o-kreditnom-zaduzenju-za-izgradnju-sportske-dvorane\\\/\"]}]},{\"@type\":\"ImageObject\",\"inLanguage\":\"hr\",\"@id\":\"https:\\\/\\\/radioljubuski.ba\\\/index.php\\\/2022\\\/04\\\/14\\\/gradsko-vijece-mostara-usvojilo-odluku-o-kreditnom-zaduzenju-za-izgradnju-sportske-dvorane\\\/#primaryimage\",\"url\":\"https:\\\/\\\/radioljubuski.ba\\\/wp-content\\\/uploads\\\/2022\\\/04\\\/2-2022-04-13-16-32-16-220413_sjednica_gradskog_vijeca_grada_mostara_grad_mostar_55065.jpg\",\"contentUrl\":\"https:\\\/\\\/radioljubuski.ba\\\/wp-content\\\/uploads\\\/2022\\\/04\\\/2-2022-04-13-16-32-16-220413_sjednica_gradskog_vijeca_grada_mostara_grad_mostar_55065.jpg\",\"width\":1000,\"height\":625},{\"@type\":\"BreadcrumbList\",\"@id\":\"https:\\\/\\\/radioljubuski.ba\\\/index.php\\\/2022\\\/04\\\/14\\\/gradsko-vijece-mostara-usvojilo-odluku-o-kreditnom-zaduzenju-za-izgradnju-sportske-dvorane\\\/#breadcrumb\",\"itemListElement\":[{\"@type\":\"ListItem\",\"position\":1,\"name\":\"Po\u010detna stranica\",\"item\":\"https:\\\/\\\/radioljubuski.ba\\\/\"},{\"@type\":\"ListItem\",\"position\":2,\"name\":\"Gradsko vije\u0107e Mostara usvojilo Odluku o kreditnom zadu\u017eenju za izgradnju sportske dvorane\"}]},{\"@type\":\"WebSite\",\"@id\":\"https:\\\/\\\/radioljubuski.ba\\\/#website\",\"url\":\"https:\\\/\\\/radioljubuski.ba\\\/\",\"name\":\"Radio Ljubu\u0161ki\",\"description\":\"Sun\u010dana frekvencija Hercegovine\",\"publisher\":{\"@id\":\"https:\\\/\\\/radioljubuski.ba\\\/#organization\"},\"potentialAction\":[{\"@type\":\"SearchAction\",\"target\":{\"@type\":\"EntryPoint\",\"urlTemplate\":\"https:\\\/\\\/radioljubuski.ba\\\/?s={search_term_string}\"},\"query-input\":{\"@type\":\"PropertyValueSpecification\",\"valueRequired\":true,\"valueName\":\"search_term_string\"}}],\"inLanguage\":\"hr\"},{\"@type\":\"Organization\",\"@id\":\"https:\\\/\\\/radioljubuski.ba\\\/#organization\",\"name\":\"Radio Ljubu\u0161ki\",\"url\":\"https:\\\/\\\/radioljubuski.ba\\\/\",\"logo\":{\"@type\":\"ImageObject\",\"inLanguage\":\"hr\",\"@id\":\"https:\\\/\\\/radioljubuski.ba\\\/#\\\/schema\\\/logo\\\/image\\\/\",\"url\":\"https:\\\/\\\/radioljubuski.ba\\\/wp-content\\\/uploads\\\/2021\\\/02\\\/cropped-Radio_Ljubuski_logo1.jpg\",\"contentUrl\":\"https:\\\/\\\/radioljubuski.ba\\\/wp-content\\\/uploads\\\/2021\\\/02\\\/cropped-Radio_Ljubuski_logo1.jpg\",\"width\":512,\"height\":512,\"caption\":\"Radio Ljubu\u0161ki\"},\"image\":{\"@id\":\"https:\\\/\\\/radioljubuski.ba\\\/#\\\/schema\\\/logo\\\/image\\\/\"},\"sameAs\":[\"https:\\\/\\\/www.facebook.com\\\/Radiio-Ljubuski-1490835324566332\",\"https:\\\/\\\/x.com\\\/radioljubuski\",\"https:\\\/\\\/hr.linkedin.com\\\/company\\\/radio-ljubuski\",\"https:\\\/\\\/www.youtube.com\\\/channel\\\/UCHYaeO_n0Db3tjNGudGpXyw\"]},{\"@type\":\"Person\",\"@id\":\"https:\\\/\\\/radioljubuski.ba\\\/#\\\/schema\\\/person\\\/19fc700381a780f69665d7956c469e3b\",\"name\":\"Radio Ljubu\u0161ki\"}]}<\/script>\n<!-- \/ Yoast SEO plugin. -->","yoast_head_json":{"title":"Gradsko vije\u0107e Mostara usvojilo Odluku o kreditnom zadu\u017eenju za izgradnju sportske dvorane - RADIO LJUBU\u0160KI","robots":{"index":"index","follow":"follow","max-snippet":"max-snippet:-1","max-image-preview":"max-image-preview:large","max-video-preview":"max-video-preview:-1"},"canonical":"https:\/\/radioljubuski.ba\/index.php\/2022\/04\/14\/gradsko-vijece-mostara-usvojilo-odluku-o-kreditnom-zaduzenju-za-izgradnju-sportske-dvorane\/","og_locale":"hr_HR","og_type":"article","og_title":"Gradsko vije\u0107e Mostara usvojilo Odluku o kreditnom zadu\u017eenju za izgradnju sportske dvorane - RADIO LJUBU\u0160KI","og_description":"Vije\u0107nici Gradskog vije\u0107a Mostara usvojili su u srijedu Odluku o kreditnom zadu\u017eenju Grada Mostara kod Razvojne banke Vije\u0107a Europe (CEB) za izgradnju sportske dvorane u iznosu od 12 milijuna eura. Izvjestitelj spomenute odluke, mostarski gradona\u010delnik Mario Kordi\u0107 podsjetio je kako je ranije iz federalnog prora\u010duna za nastavak gradnje sportske dvorane izdvojeno 3,5 milijuna maraka \u0161to [&hellip;]","og_url":"https:\/\/radioljubuski.ba\/index.php\/2022\/04\/14\/gradsko-vijece-mostara-usvojilo-odluku-o-kreditnom-zaduzenju-za-izgradnju-sportske-dvorane\/","og_site_name":"RADIO LJUBU\u0160KI","article_publisher":"https:\/\/www.facebook.com\/Radiio-Ljubuski-1490835324566332","article_published_time":"2022-04-14T00:08:12+00:00","article_modified_time":"2022-04-14T00:08:13+00:00","og_image":[{"width":1000,"height":625,"url":"https:\/\/radioljubuski.ba\/wp-content\/uploads\/2022\/04\/2-2022-04-13-16-32-16-220413_sjednica_gradskog_vijeca_grada_mostara_grad_mostar_55065.jpg","type":"image\/jpeg"}],"author":"Radio Ljubu\u0161ki","twitter_card":"summary_large_image","twitter_creator":"@radioljubuski","twitter_site":"@radioljubuski","twitter_misc":{"Napisao\/la":"Radio Ljubu\u0161ki","Procijenjeno vrijeme \u010ditanja":"2 minute"},"schema":{"@context":"https:\/\/schema.org","@graph":[{"@type":"Article","@id":"https:\/\/radioljubuski.ba\/index.php\/2022\/04\/14\/gradsko-vijece-mostara-usvojilo-odluku-o-kreditnom-zaduzenju-za-izgradnju-sportske-dvorane\/#article","isPartOf":{"@id":"https:\/\/radioljubuski.ba\/index.php\/2022\/04\/14\/gradsko-vijece-mostara-usvojilo-odluku-o-kreditnom-zaduzenju-za-izgradnju-sportske-dvorane\/"},"author":{"name":"Radio Ljubu\u0161ki","@id":"https:\/\/radioljubuski.ba\/#\/schema\/person\/19fc700381a780f69665d7956c469e3b"},"headline":"Gradsko vije\u0107e Mostara usvojilo Odluku o kreditnom zadu\u017eenju za izgradnju sportske dvorane","datePublished":"2022-04-14T00:08:12+00:00","dateModified":"2022-04-14T00:08:13+00:00","mainEntityOfPage":{"@id":"https:\/\/radioljubuski.ba\/index.php\/2022\/04\/14\/gradsko-vijece-mostara-usvojilo-odluku-o-kreditnom-zaduzenju-za-izgradnju-sportske-dvorane\/"},"wordCount":436,"publisher":{"@id":"https:\/\/radioljubuski.ba\/#organization"},"image":{"@id":"https:\/\/radioljubuski.ba\/index.php\/2022\/04\/14\/gradsko-vijece-mostara-usvojilo-odluku-o-kreditnom-zaduzenju-za-izgradnju-sportske-dvorane\/#primaryimage"},"thumbnailUrl":"https:\/\/radioljubuski.ba\/wp-content\/uploads\/2022\/04\/2-2022-04-13-16-32-16-220413_sjednica_gradskog_vijeca_grada_mostara_grad_mostar_55065.jpg","articleSection":["BIH i regija"],"inLanguage":"hr"},{"@type":"WebPage","@id":"https:\/\/radioljubuski.ba\/index.php\/2022\/04\/14\/gradsko-vijece-mostara-usvojilo-odluku-o-kreditnom-zaduzenju-za-izgradnju-sportske-dvorane\/","url":"https:\/\/radioljubuski.ba\/index.php\/2022\/04\/14\/gradsko-vijece-mostara-usvojilo-odluku-o-kreditnom-zaduzenju-za-izgradnju-sportske-dvorane\/","name":"Gradsko vije\u0107e Mostara usvojilo Odluku o kreditnom zadu\u017eenju za izgradnju sportske dvorane - RADIO LJUBU\u0160KI","isPartOf":{"@id":"https:\/\/radioljubuski.ba\/#website"},"primaryImageOfPage":{"@id":"https:\/\/radioljubuski.ba\/index.php\/2022\/04\/14\/gradsko-vijece-mostara-usvojilo-odluku-o-kreditnom-zaduzenju-za-izgradnju-sportske-dvorane\/#primaryimage"},"image":{"@id":"https:\/\/radioljubuski.ba\/index.php\/2022\/04\/14\/gradsko-vijece-mostara-usvojilo-odluku-o-kreditnom-zaduzenju-za-izgradnju-sportske-dvorane\/#primaryimage"},"thumbnailUrl":"https:\/\/radioljubuski.ba\/wp-content\/uploads\/2022\/04\/2-2022-04-13-16-32-16-220413_sjednica_gradskog_vijeca_grada_mostara_grad_mostar_55065.jpg","datePublished":"2022-04-14T00:08:12+00:00","dateModified":"2022-04-14T00:08:13+00:00","breadcrumb":{"@id":"https:\/\/radioljubuski.ba\/index.php\/2022\/04\/14\/gradsko-vijece-mostara-usvojilo-odluku-o-kreditnom-zaduzenju-za-izgradnju-sportske-dvorane\/#breadcrumb"},"inLanguage":"hr","potentialAction":[{"@type":"ReadAction","target":["https:\/\/radioljubuski.ba\/index.php\/2022\/04\/14\/gradsko-vijece-mostara-usvojilo-odluku-o-kreditnom-zaduzenju-za-izgradnju-sportske-dvorane\/"]}]},{"@type":"ImageObject","inLanguage":"hr","@id":"https:\/\/radioljubuski.ba\/index.php\/2022\/04\/14\/gradsko-vijece-mostara-usvojilo-odluku-o-kreditnom-zaduzenju-za-izgradnju-sportske-dvorane\/#primaryimage","url":"https:\/\/radioljubuski.ba\/wp-content\/uploads\/2022\/04\/2-2022-04-13-16-32-16-220413_sjednica_gradskog_vijeca_grada_mostara_grad_mostar_55065.jpg","contentUrl":"https:\/\/radioljubuski.ba\/wp-content\/uploads\/2022\/04\/2-2022-04-13-16-32-16-220413_sjednica_gradskog_vijeca_grada_mostara_grad_mostar_55065.jpg","width":1000,"height":625},{"@type":"BreadcrumbList","@id":"https:\/\/radioljubuski.ba\/index.php\/2022\/04\/14\/gradsko-vijece-mostara-usvojilo-odluku-o-kreditnom-zaduzenju-za-izgradnju-sportske-dvorane\/#breadcrumb","itemListElement":[{"@type":"ListItem","position":1,"name":"Po\u010detna stranica","item":"https:\/\/radioljubuski.ba\/"},{"@type":"ListItem","position":2,"name":"Gradsko vije\u0107e Mostara usvojilo Odluku o kreditnom zadu\u017eenju za izgradnju sportske dvorane"}]},{"@type":"WebSite","@id":"https:\/\/radioljubuski.ba\/#website","url":"https:\/\/radioljubuski.ba\/","name":"Radio Ljubu\u0161ki","description":"Sun\u010dana frekvencija Hercegovine","publisher":{"@id":"https:\/\/radioljubuski.ba\/#organization"},"potentialAction":[{"@type":"SearchAction","target":{"@type":"EntryPoint","urlTemplate":"https:\/\/radioljubuski.ba\/?s={search_term_string}"},"query-input":{"@type":"PropertyValueSpecification","valueRequired":true,"valueName":"search_term_string"}}],"inLanguage":"hr"},{"@type":"Organization","@id":"https:\/\/radioljubuski.ba\/#organization","name":"Radio Ljubu\u0161ki","url":"https:\/\/radioljubuski.ba\/","logo":{"@type":"ImageObject","inLanguage":"hr","@id":"https:\/\/radioljubuski.ba\/#\/schema\/logo\/image\/","url":"https:\/\/radioljubuski.ba\/wp-content\/uploads\/2021\/02\/cropped-Radio_Ljubuski_logo1.jpg","contentUrl":"https:\/\/radioljubuski.ba\/wp-content\/uploads\/2021\/02\/cropped-Radio_Ljubuski_logo1.jpg","width":512,"height":512,"caption":"Radio Ljubu\u0161ki"},"image":{"@id":"https:\/\/radioljubuski.ba\/#\/schema\/logo\/image\/"},"sameAs":["https:\/\/www.facebook.com\/Radiio-Ljubuski-1490835324566332","https:\/\/x.com\/radioljubuski","https:\/\/hr.linkedin.com\/company\/radio-ljubuski","https:\/\/www.youtube.com\/channel\/UCHYaeO_n0Db3tjNGudGpXyw"]},{"@type":"Person","@id":"https:\/\/radioljubuski.ba\/#\/schema\/person\/19fc700381a780f69665d7956c469e3b","name":"Radio Ljubu\u0161ki"}]}},"_links":{"self":[{"href":"https:\/\/radioljubuski.ba\/index.php\/wp-json\/wp\/v2\/posts\/132322","targetHints":{"allow":["GET"]}}],"collection":[{"href":"https:\/\/radioljubuski.ba\/index.php\/wp-json\/wp\/v2\/posts"}],"about":[{"href":"https:\/\/radioljubuski.ba\/index.php\/wp-json\/wp\/v2\/types\/post"}],"author":[{"embeddable":true,"href":"https:\/\/radioljubuski.ba\/index.php\/wp-json\/wp\/v2\/users\/2"}],"replies":[{"embeddable":true,"href":"https:\/\/radioljubuski.ba\/index.php\/wp-json\/wp\/v2\/comments?post=132322"}],"version-history":[{"count":1,"href":"https:\/\/radioljubuski.ba\/index.php\/wp-json\/wp\/v2\/posts\/132322\/revisions"}],"predecessor-version":[{"id":132324,"href":"https:\/\/radioljubuski.ba\/index.php\/wp-json\/wp\/v2\/posts\/132322\/revisions\/132324"}],"wp:featuredmedia":[{"embeddable":true,"href":"https:\/\/radioljubuski.ba\/index.php\/wp-json\/wp\/v2\/media\/132323"}],"wp:attachment":[{"href":"https:\/\/radioljubuski.ba\/index.php\/wp-json\/wp\/v2\/media?parent=132322"}],"wp:term":[{"taxonomy":"category","embeddable":true,"href":"https:\/\/radioljubuski.ba\/index.php\/wp-json\/wp\/v2\/categories?post=132322"},{"taxonomy":"post_tag","embeddable":true,"href":"https:\/\/radioljubuski.ba\/index.php\/wp-json\/wp\/v2\/tags?post=132322"}],"curies":[{"name":"wp","href":"https:\/\/api.w.org\/{rel}","templated":true}]}}