{"id":132325,"date":"2022-04-14T01:09:34","date_gmt":"2022-04-14T00:09:34","guid":{"rendered":"https:\/\/radioljubuski.ba\/?p=132325"},"modified":"2022-04-14T01:09:34","modified_gmt":"2022-04-14T00:09:34","slug":"ispitivanjem-vjestaka-christhopha-rojahna-nastavljeno-sudenje-u-slucaju-respiratori","status":"publish","type":"post","link":"https:\/\/radioljubuski.ba\/index.php\/2022\/04\/14\/ispitivanjem-vjestaka-christhopha-rojahna-nastavljeno-sudenje-u-slucaju-respiratori\/","title":{"rendered":"Ispitivanjem vje\u0161taka Christhopha Rojahna nastavljeno su\u0111enje u &#8216;slu\u010daju Respiratori&#8217;"},"content":{"rendered":"\n<p>Vje\u0161tak Christhoph Rojahn je, referiraju\u0107i se na set dokumenata Tu\u017eiteljstva BiH koji su mu dati na uvid, a koji se odnose na nabavku respiratora koje je FBiH uvezla iz Kine, kazao kako nije na\u0161ao nikakva odstupanja u pogledu analiziranih dokumenata, navode\u0107i kako brojevi na isplatama odgovaraju brojevima na ugovorima.<\/p>\n\n\n\n<p>Direktnim i unakrsnim ispitivanjem vje\u0161taka financijske struke Christopha Rojahna, koga je anga\u017eirala obrana prvooptu\u017eenog, danas je u Sudu BiH nastavljeno su\u0111enje u predmetu &#8216;Novali\u0107 i drugi&#8217; u vezi s nabavkom 100 respiratora, vrijednosti 10.530.000 KM, koje je za potrebe Federalne uprave Civilne za\u0161tite (FUCZ) iz Kine uvezla firma &#8220;F. H. Srebrena malina\u201d.<\/p>\n\n\n\n<p>Odgovaraju\u0107i na upite braniteljice federalnog premijera Fadila Novali\u0107a, advokatice Vasvije Vidovi\u0107, Rojahn je detaljno opisao vlastiti \u017eivotni i obrazovni put od studija i diplomiranja u Njema\u010dkoj, \u0161kolovanja na Oxfordu i Birminghamu (Engleska) do obrane doktorata u M\u00fcnchenu, uklju\u010duju\u0107i i dodatne edukacije u oblasti borbe protiv me\u0111unarodne korupcije, kao i sudjelovanje na brojnim zna\u010dajnim skupovima diljem svijeta.<\/p>\n\n\n\n<p>Naveo je kako je anga\u017eiran u svjetski poznatim kompanijama kakve su &#8211; Delloittte, KPMG i PwC, podsje\u0107aju\u0107i kako je radio razli\u010dite ekspertize te bio anga\u017eiran u izradi antikorupcijske strategije u SR Njema\u010dkoj, te da se njegovo iskustvo ve\u017ee i za forenziku i forenzi\u010dno ra\u010dunovodstvo.<\/p>\n\n\n\n<p>U kontekstu opsega i aspekata vje\u0161ta\u010denje potvrdio je kako je od njega zatra\u017eeno da se o\u010dituje o ugovornom odnosu, pla\u0107anju, procjeni konzistentnosti raspolo\u017eive dokumentacije, ostvarenom profitu u sklopu spomenute transakcije, te istra\u017ei podatke o bonitetu kineskih kompanija &#8211; proizvo\u0111a\u010da i dobavlja\u010da respiratora i procjeni navode o \u201cpranju novca\u201d.<\/p>\n\n\n\n<p>Vje\u0161tak je, obrazla\u017eu\u0107i nalaze do kojih je do\u0161ao, podsjetio na dokumente u koje je imao uvid, uklju\u010duju\u0107i ugovore i aneks ugovora koji se ti\u010du kupovine spomenutih respiratora, te fakture, predra\u010dune, ra\u010dune i analiti\u010dke kartice.<\/p>\n\n\n\n<p>U pogledu cijene respiratora ACM 812 A, vje\u0161tak se pozvao na online platforme kakva je Alibaba u Kini, i druge raspolo\u017eive pokazatelje, ocijeniv\u0161i kako je u o\u017eujku i travnju 2020. godine tr\u017ei\u0161te bilo veoma nestabilno, te da se cijena respiratora koja je prije Covida -19 bila nekoliko tisu\u0107a dolara, nakon progla\u0161enja pandemije popela na petocifrene brojke te dostigla cijenu od oko 52.000 dolara.<\/p>\n\n\n\n<p>Prema podacima do koji je do\u0161ao, a u kontekstu ponuda na Internetu iz inkriminiranog perioda, cijene respiratora su bile ne\u0161to vi\u0161e od 30.000, odnosno 40.000 dolara, dok je jedna ponuda glasila na 17.000.<\/p>\n\n\n\n<p>Vje\u0161tak se izjasnio i u pogledu mar\u017ee koja je ostvarena u ovoj vrsti transakcije te naveo kako je ona na temelju izra\u010duna iznosila sedam posto, \u0161to je ocijenio &#8220;malom cifrom&#8221;, imaju\u0107i u vidu \u201ceksploziju\u201d cijena medicinske opreme u analiziranom razdoblju.<\/p>\n\n\n\n<p>U pogledu boniteta kineskih kompanija &#8211; proizvo\u0111a\u010da i dobavlja\u010da, vje\u0161tak je kazao kako je proizvo\u0111a\u010d imao potrebne certifikate (ukupno pet) , te da su ACM 812 A respiratori dio proizvodnog programa u sklopu registrirane djelatnosti spomenute kineske kompanije.<\/p>\n\n\n\n<p>U osvrtu na reputaciju tih kompanija, vje\u0161tak je kazao kako nije na\u0161ao podatke o naru\u0161avanju njihovog poslovnog ugleda, navode\u0107i kako ih nije bilo u registrima sumnjivih poslova, niti prekr\u0161aja \u010dije je baze pregledao.<\/p>\n\n\n\n<p>Dodao je kako je kompanija-dobavlja\u010d registrirana za prodaju medicinskih aparata (klasa 3).<\/p>\n\n\n\n<p>U vezi s tu\u017ebenim navodima o \u201cpranju novca\u201d, vje\u0161tak je, uz opasku da ne\u0107e tuma\u010diti propise, kazao kako je izvor novca kojim su respiratori pla\u0107eni, zapravo, javna sredstva, te da ne mo\u017ee razumjeti u kojem je trenutku izvr\u0161eno to predikatno krivi\u010dno djelo.<\/p>\n\n\n\n<p>Na upit odvjetnice &#8211; ima li dokaza ili indicija da je njen branjenik (Novali\u0107) inicirao bilo kakvu uplatu, vje\u0161tak je odgovorio da nema.<\/p>\n\n\n\n<p>Zastupnik optu\u017ebe, tu\u017eitelj Mirza Hukelji\u0107 je u unakrsnom ispitivanju problematizirao odre\u0111en broj pitanja, po\u010dev\u0161i od tvrdnje da se radi o istra\u017eitelju, a ne vje\u0161taku, te primjedbi na na\u010din njegovog direktnog ispitivanja, do prirode samih zaklju\u010daka i dostatnosti dokumentacije.<\/p>\n\n\n\n<p>Vje\u0161tak je kazao da je dokumentaciju dobivao u du\u017eem vremenskom periodu te da se radilo o ukupno 27 dokaza koje je imao za analizu.<\/p>\n\n\n\n<p>Tu\u017eitelj je prigovorio na dio nalaza u kojem vje\u0161tak govori o tipu respiratora, navode\u0107i kako on (vje\u0161tak) nema nikakve medicinske kvalifikacije, na \u0161to je vje\u0161tak odgovorio da je u nalazu govorio o kori\u0161tenju respiratora, a ne njihovoj namjeni, ukazuju\u0107i na distinkciju izme\u0111u ta dva pojma, te da se njegovi zaklju\u010dci ti\u010du komercijalnog aspekta\/cijene respiratora.<\/p>\n\n\n\n<p>Na upit optu\u017ebe mo\u017ee li se izjasniti da li je kontaktirao dvije spomenute kineske firme, vje\u0161tak je kazao da ne zna, da nije siguran, te da bi trebao provjeriti u e-mail prepiski.<\/p>\n\n\n\n<p>U kontekstu podataka o poslovnoj reputaciji dviju kineskih firmi, vje\u0161tak je naveo kako je do tih podataka do\u0161ao koriste\u0107i se eksternim provajderima, budu\u0107i da nema znanje kineskog jezika.<\/p>\n\n\n\n<p>U nastavku glavnog pretresa razmatrani su podnesci obrane koji se ti\u010du pristupa odre\u0111enim dokumentima, te u sudski spis ulo\u017eeni materijalni dokazi.<\/p>\n\n\n\n<p>Izvor:pogled.ba<\/p>\n","protected":false},"excerpt":{"rendered":"<p>Vje\u0161tak Christhoph Rojahn je, referiraju\u0107i se na set dokumenata Tu\u017eiteljstva BiH koji su mu dati na uvid, a koji se odnose na nabavku respiratora koje je FBiH uvezla iz Kine, kazao kako nije na\u0161ao nikakva odstupanja u pogledu analiziranih dokumenata, navode\u0107i kako brojevi na isplatama odgovaraju brojevima na ugovorima. Direktnim i unakrsnim ispitivanjem vje\u0161taka financijske [&hellip;]<\/p>\n","protected":false},"author":2,"featured_media":132326,"comment_status":"closed","ping_status":"closed","sticky":false,"template":"","format":"standard","meta":{"h5ap_radio_sources":[],"footnotes":""},"categories":[1],"tags":[],"class_list":["post-132325","post","type-post","status-publish","format-standard","has-post-thumbnail","hentry","category-bihiregija"],"yoast_head":"<!-- This site is optimized with the Yoast SEO plugin v27.5 - https:\/\/yoast.com\/product\/yoast-seo-wordpress\/ -->\n<title>Ispitivanjem vje\u0161taka Christhopha Rojahna nastavljeno su\u0111enje u &#039;slu\u010daju Respiratori&#039; - RADIO LJUBU\u0160KI<\/title>\n<meta name=\"robots\" content=\"index, follow, max-snippet:-1, max-image-preview:large, max-video-preview:-1\" \/>\n<link rel=\"canonical\" href=\"https:\/\/radioljubuski.ba\/index.php\/2022\/04\/14\/ispitivanjem-vjestaka-christhopha-rojahna-nastavljeno-sudenje-u-slucaju-respiratori\/\" \/>\n<meta property=\"og:locale\" content=\"hr_HR\" \/>\n<meta property=\"og:type\" content=\"article\" \/>\n<meta property=\"og:title\" content=\"Ispitivanjem vje\u0161taka Christhopha Rojahna nastavljeno su\u0111enje u &#039;slu\u010daju Respiratori&#039; - RADIO LJUBU\u0160KI\" \/>\n<meta property=\"og:description\" content=\"Vje\u0161tak Christhoph Rojahn je, referiraju\u0107i se na set dokumenata Tu\u017eiteljstva BiH koji su mu dati na uvid, a koji se odnose na nabavku respiratora koje je FBiH uvezla iz Kine, kazao kako nije na\u0161ao nikakva odstupanja u pogledu analiziranih dokumenata, navode\u0107i kako brojevi na isplatama odgovaraju brojevima na ugovorima. Direktnim i unakrsnim ispitivanjem vje\u0161taka financijske [&hellip;]\" \/>\n<meta property=\"og:url\" content=\"https:\/\/radioljubuski.ba\/index.php\/2022\/04\/14\/ispitivanjem-vjestaka-christhopha-rojahna-nastavljeno-sudenje-u-slucaju-respiratori\/\" \/>\n<meta property=\"og:site_name\" content=\"RADIO LJUBU\u0160KI\" \/>\n<meta property=\"article:publisher\" content=\"https:\/\/www.facebook.com\/Radiio-Ljubuski-1490835324566332\" \/>\n<meta property=\"article:published_time\" content=\"2022-04-14T00:09:34+00:00\" \/>\n<meta property=\"og:image\" content=\"https:\/\/radioljubuski.ba\/wp-content\/uploads\/2022\/04\/2-2022-04-13-16-49-38-l_087a367ef0e035627d3985b728803066.jpg\" \/>\n\t<meta property=\"og:image:width\" content=\"1000\" \/>\n\t<meta property=\"og:image:height\" content=\"625\" \/>\n\t<meta property=\"og:image:type\" content=\"image\/jpeg\" \/>\n<meta name=\"author\" content=\"Radio Ljubu\u0161ki\" \/>\n<meta name=\"twitter:card\" content=\"summary_large_image\" \/>\n<meta name=\"twitter:creator\" content=\"@radioljubuski\" \/>\n<meta name=\"twitter:site\" content=\"@radioljubuski\" \/>\n<meta name=\"twitter:label1\" content=\"Napisao\/la\" \/>\n\t<meta name=\"twitter:data1\" content=\"Radio Ljubu\u0161ki\" \/>\n\t<meta name=\"twitter:label2\" content=\"Procijenjeno vrijeme \u010ditanja\" \/>\n\t<meta name=\"twitter:data2\" content=\"4 minute\" \/>\n<script type=\"application\/ld+json\" class=\"yoast-schema-graph\">{\"@context\":\"https:\\\/\\\/schema.org\",\"@graph\":[{\"@type\":\"Article\",\"@id\":\"https:\\\/\\\/radioljubuski.ba\\\/index.php\\\/2022\\\/04\\\/14\\\/ispitivanjem-vjestaka-christhopha-rojahna-nastavljeno-sudenje-u-slucaju-respiratori\\\/#article\",\"isPartOf\":{\"@id\":\"https:\\\/\\\/radioljubuski.ba\\\/index.php\\\/2022\\\/04\\\/14\\\/ispitivanjem-vjestaka-christhopha-rojahna-nastavljeno-sudenje-u-slucaju-respiratori\\\/\"},\"author\":{\"name\":\"Radio Ljubu\u0161ki\",\"@id\":\"https:\\\/\\\/radioljubuski.ba\\\/#\\\/schema\\\/person\\\/19fc700381a780f69665d7956c469e3b\"},\"headline\":\"Ispitivanjem vje\u0161taka Christhopha Rojahna nastavljeno su\u0111enje u &#8216;slu\u010daju Respiratori&#8217;\",\"datePublished\":\"2022-04-14T00:09:34+00:00\",\"mainEntityOfPage\":{\"@id\":\"https:\\\/\\\/radioljubuski.ba\\\/index.php\\\/2022\\\/04\\\/14\\\/ispitivanjem-vjestaka-christhopha-rojahna-nastavljeno-sudenje-u-slucaju-respiratori\\\/\"},\"wordCount\":880,\"publisher\":{\"@id\":\"https:\\\/\\\/radioljubuski.ba\\\/#organization\"},\"image\":{\"@id\":\"https:\\\/\\\/radioljubuski.ba\\\/index.php\\\/2022\\\/04\\\/14\\\/ispitivanjem-vjestaka-christhopha-rojahna-nastavljeno-sudenje-u-slucaju-respiratori\\\/#primaryimage\"},\"thumbnailUrl\":\"https:\\\/\\\/radioljubuski.ba\\\/wp-content\\\/uploads\\\/2022\\\/04\\\/2-2022-04-13-16-49-38-l_087a367ef0e035627d3985b728803066.jpg\",\"articleSection\":[\"BIH i regija\"],\"inLanguage\":\"hr\"},{\"@type\":\"WebPage\",\"@id\":\"https:\\\/\\\/radioljubuski.ba\\\/index.php\\\/2022\\\/04\\\/14\\\/ispitivanjem-vjestaka-christhopha-rojahna-nastavljeno-sudenje-u-slucaju-respiratori\\\/\",\"url\":\"https:\\\/\\\/radioljubuski.ba\\\/index.php\\\/2022\\\/04\\\/14\\\/ispitivanjem-vjestaka-christhopha-rojahna-nastavljeno-sudenje-u-slucaju-respiratori\\\/\",\"name\":\"Ispitivanjem vje\u0161taka Christhopha Rojahna nastavljeno su\u0111enje u 'slu\u010daju Respiratori' - RADIO LJUBU\u0160KI\",\"isPartOf\":{\"@id\":\"https:\\\/\\\/radioljubuski.ba\\\/#website\"},\"primaryImageOfPage\":{\"@id\":\"https:\\\/\\\/radioljubuski.ba\\\/index.php\\\/2022\\\/04\\\/14\\\/ispitivanjem-vjestaka-christhopha-rojahna-nastavljeno-sudenje-u-slucaju-respiratori\\\/#primaryimage\"},\"image\":{\"@id\":\"https:\\\/\\\/radioljubuski.ba\\\/index.php\\\/2022\\\/04\\\/14\\\/ispitivanjem-vjestaka-christhopha-rojahna-nastavljeno-sudenje-u-slucaju-respiratori\\\/#primaryimage\"},\"thumbnailUrl\":\"https:\\\/\\\/radioljubuski.ba\\\/wp-content\\\/uploads\\\/2022\\\/04\\\/2-2022-04-13-16-49-38-l_087a367ef0e035627d3985b728803066.jpg\",\"datePublished\":\"2022-04-14T00:09:34+00:00\",\"breadcrumb\":{\"@id\":\"https:\\\/\\\/radioljubuski.ba\\\/index.php\\\/2022\\\/04\\\/14\\\/ispitivanjem-vjestaka-christhopha-rojahna-nastavljeno-sudenje-u-slucaju-respiratori\\\/#breadcrumb\"},\"inLanguage\":\"hr\",\"potentialAction\":[{\"@type\":\"ReadAction\",\"target\":[\"https:\\\/\\\/radioljubuski.ba\\\/index.php\\\/2022\\\/04\\\/14\\\/ispitivanjem-vjestaka-christhopha-rojahna-nastavljeno-sudenje-u-slucaju-respiratori\\\/\"]}]},{\"@type\":\"ImageObject\",\"inLanguage\":\"hr\",\"@id\":\"https:\\\/\\\/radioljubuski.ba\\\/index.php\\\/2022\\\/04\\\/14\\\/ispitivanjem-vjestaka-christhopha-rojahna-nastavljeno-sudenje-u-slucaju-respiratori\\\/#primaryimage\",\"url\":\"https:\\\/\\\/radioljubuski.ba\\\/wp-content\\\/uploads\\\/2022\\\/04\\\/2-2022-04-13-16-49-38-l_087a367ef0e035627d3985b728803066.jpg\",\"contentUrl\":\"https:\\\/\\\/radioljubuski.ba\\\/wp-content\\\/uploads\\\/2022\\\/04\\\/2-2022-04-13-16-49-38-l_087a367ef0e035627d3985b728803066.jpg\",\"width\":1000,\"height\":625},{\"@type\":\"BreadcrumbList\",\"@id\":\"https:\\\/\\\/radioljubuski.ba\\\/index.php\\\/2022\\\/04\\\/14\\\/ispitivanjem-vjestaka-christhopha-rojahna-nastavljeno-sudenje-u-slucaju-respiratori\\\/#breadcrumb\",\"itemListElement\":[{\"@type\":\"ListItem\",\"position\":1,\"name\":\"Po\u010detna stranica\",\"item\":\"https:\\\/\\\/radioljubuski.ba\\\/\"},{\"@type\":\"ListItem\",\"position\":2,\"name\":\"Ispitivanjem vje\u0161taka Christhopha Rojahna nastavljeno su\u0111enje u &#8216;slu\u010daju Respiratori&#8217;\"}]},{\"@type\":\"WebSite\",\"@id\":\"https:\\\/\\\/radioljubuski.ba\\\/#website\",\"url\":\"https:\\\/\\\/radioljubuski.ba\\\/\",\"name\":\"Radio Ljubu\u0161ki\",\"description\":\"Sun\u010dana frekvencija Hercegovine\",\"publisher\":{\"@id\":\"https:\\\/\\\/radioljubuski.ba\\\/#organization\"},\"potentialAction\":[{\"@type\":\"SearchAction\",\"target\":{\"@type\":\"EntryPoint\",\"urlTemplate\":\"https:\\\/\\\/radioljubuski.ba\\\/?s={search_term_string}\"},\"query-input\":{\"@type\":\"PropertyValueSpecification\",\"valueRequired\":true,\"valueName\":\"search_term_string\"}}],\"inLanguage\":\"hr\"},{\"@type\":\"Organization\",\"@id\":\"https:\\\/\\\/radioljubuski.ba\\\/#organization\",\"name\":\"Radio Ljubu\u0161ki\",\"url\":\"https:\\\/\\\/radioljubuski.ba\\\/\",\"logo\":{\"@type\":\"ImageObject\",\"inLanguage\":\"hr\",\"@id\":\"https:\\\/\\\/radioljubuski.ba\\\/#\\\/schema\\\/logo\\\/image\\\/\",\"url\":\"https:\\\/\\\/radioljubuski.ba\\\/wp-content\\\/uploads\\\/2021\\\/02\\\/cropped-Radio_Ljubuski_logo1.jpg\",\"contentUrl\":\"https:\\\/\\\/radioljubuski.ba\\\/wp-content\\\/uploads\\\/2021\\\/02\\\/cropped-Radio_Ljubuski_logo1.jpg\",\"width\":512,\"height\":512,\"caption\":\"Radio Ljubu\u0161ki\"},\"image\":{\"@id\":\"https:\\\/\\\/radioljubuski.ba\\\/#\\\/schema\\\/logo\\\/image\\\/\"},\"sameAs\":[\"https:\\\/\\\/www.facebook.com\\\/Radiio-Ljubuski-1490835324566332\",\"https:\\\/\\\/x.com\\\/radioljubuski\",\"https:\\\/\\\/hr.linkedin.com\\\/company\\\/radio-ljubuski\",\"https:\\\/\\\/www.youtube.com\\\/channel\\\/UCHYaeO_n0Db3tjNGudGpXyw\"]},{\"@type\":\"Person\",\"@id\":\"https:\\\/\\\/radioljubuski.ba\\\/#\\\/schema\\\/person\\\/19fc700381a780f69665d7956c469e3b\",\"name\":\"Radio Ljubu\u0161ki\"}]}<\/script>\n<!-- \/ Yoast SEO plugin. -->","yoast_head_json":{"title":"Ispitivanjem vje\u0161taka Christhopha Rojahna nastavljeno su\u0111enje u 'slu\u010daju Respiratori' - RADIO LJUBU\u0160KI","robots":{"index":"index","follow":"follow","max-snippet":"max-snippet:-1","max-image-preview":"max-image-preview:large","max-video-preview":"max-video-preview:-1"},"canonical":"https:\/\/radioljubuski.ba\/index.php\/2022\/04\/14\/ispitivanjem-vjestaka-christhopha-rojahna-nastavljeno-sudenje-u-slucaju-respiratori\/","og_locale":"hr_HR","og_type":"article","og_title":"Ispitivanjem vje\u0161taka Christhopha Rojahna nastavljeno su\u0111enje u 'slu\u010daju Respiratori' - RADIO LJUBU\u0160KI","og_description":"Vje\u0161tak Christhoph Rojahn je, referiraju\u0107i se na set dokumenata Tu\u017eiteljstva BiH koji su mu dati na uvid, a koji se odnose na nabavku respiratora koje je FBiH uvezla iz Kine, kazao kako nije na\u0161ao nikakva odstupanja u pogledu analiziranih dokumenata, navode\u0107i kako brojevi na isplatama odgovaraju brojevima na ugovorima. Direktnim i unakrsnim ispitivanjem vje\u0161taka financijske [&hellip;]","og_url":"https:\/\/radioljubuski.ba\/index.php\/2022\/04\/14\/ispitivanjem-vjestaka-christhopha-rojahna-nastavljeno-sudenje-u-slucaju-respiratori\/","og_site_name":"RADIO LJUBU\u0160KI","article_publisher":"https:\/\/www.facebook.com\/Radiio-Ljubuski-1490835324566332","article_published_time":"2022-04-14T00:09:34+00:00","og_image":[{"width":1000,"height":625,"url":"https:\/\/radioljubuski.ba\/wp-content\/uploads\/2022\/04\/2-2022-04-13-16-49-38-l_087a367ef0e035627d3985b728803066.jpg","type":"image\/jpeg"}],"author":"Radio Ljubu\u0161ki","twitter_card":"summary_large_image","twitter_creator":"@radioljubuski","twitter_site":"@radioljubuski","twitter_misc":{"Napisao\/la":"Radio Ljubu\u0161ki","Procijenjeno vrijeme \u010ditanja":"4 minute"},"schema":{"@context":"https:\/\/schema.org","@graph":[{"@type":"Article","@id":"https:\/\/radioljubuski.ba\/index.php\/2022\/04\/14\/ispitivanjem-vjestaka-christhopha-rojahna-nastavljeno-sudenje-u-slucaju-respiratori\/#article","isPartOf":{"@id":"https:\/\/radioljubuski.ba\/index.php\/2022\/04\/14\/ispitivanjem-vjestaka-christhopha-rojahna-nastavljeno-sudenje-u-slucaju-respiratori\/"},"author":{"name":"Radio Ljubu\u0161ki","@id":"https:\/\/radioljubuski.ba\/#\/schema\/person\/19fc700381a780f69665d7956c469e3b"},"headline":"Ispitivanjem vje\u0161taka Christhopha Rojahna nastavljeno su\u0111enje u &#8216;slu\u010daju Respiratori&#8217;","datePublished":"2022-04-14T00:09:34+00:00","mainEntityOfPage":{"@id":"https:\/\/radioljubuski.ba\/index.php\/2022\/04\/14\/ispitivanjem-vjestaka-christhopha-rojahna-nastavljeno-sudenje-u-slucaju-respiratori\/"},"wordCount":880,"publisher":{"@id":"https:\/\/radioljubuski.ba\/#organization"},"image":{"@id":"https:\/\/radioljubuski.ba\/index.php\/2022\/04\/14\/ispitivanjem-vjestaka-christhopha-rojahna-nastavljeno-sudenje-u-slucaju-respiratori\/#primaryimage"},"thumbnailUrl":"https:\/\/radioljubuski.ba\/wp-content\/uploads\/2022\/04\/2-2022-04-13-16-49-38-l_087a367ef0e035627d3985b728803066.jpg","articleSection":["BIH i regija"],"inLanguage":"hr"},{"@type":"WebPage","@id":"https:\/\/radioljubuski.ba\/index.php\/2022\/04\/14\/ispitivanjem-vjestaka-christhopha-rojahna-nastavljeno-sudenje-u-slucaju-respiratori\/","url":"https:\/\/radioljubuski.ba\/index.php\/2022\/04\/14\/ispitivanjem-vjestaka-christhopha-rojahna-nastavljeno-sudenje-u-slucaju-respiratori\/","name":"Ispitivanjem vje\u0161taka Christhopha Rojahna nastavljeno su\u0111enje u 'slu\u010daju Respiratori' - RADIO LJUBU\u0160KI","isPartOf":{"@id":"https:\/\/radioljubuski.ba\/#website"},"primaryImageOfPage":{"@id":"https:\/\/radioljubuski.ba\/index.php\/2022\/04\/14\/ispitivanjem-vjestaka-christhopha-rojahna-nastavljeno-sudenje-u-slucaju-respiratori\/#primaryimage"},"image":{"@id":"https:\/\/radioljubuski.ba\/index.php\/2022\/04\/14\/ispitivanjem-vjestaka-christhopha-rojahna-nastavljeno-sudenje-u-slucaju-respiratori\/#primaryimage"},"thumbnailUrl":"https:\/\/radioljubuski.ba\/wp-content\/uploads\/2022\/04\/2-2022-04-13-16-49-38-l_087a367ef0e035627d3985b728803066.jpg","datePublished":"2022-04-14T00:09:34+00:00","breadcrumb":{"@id":"https:\/\/radioljubuski.ba\/index.php\/2022\/04\/14\/ispitivanjem-vjestaka-christhopha-rojahna-nastavljeno-sudenje-u-slucaju-respiratori\/#breadcrumb"},"inLanguage":"hr","potentialAction":[{"@type":"ReadAction","target":["https:\/\/radioljubuski.ba\/index.php\/2022\/04\/14\/ispitivanjem-vjestaka-christhopha-rojahna-nastavljeno-sudenje-u-slucaju-respiratori\/"]}]},{"@type":"ImageObject","inLanguage":"hr","@id":"https:\/\/radioljubuski.ba\/index.php\/2022\/04\/14\/ispitivanjem-vjestaka-christhopha-rojahna-nastavljeno-sudenje-u-slucaju-respiratori\/#primaryimage","url":"https:\/\/radioljubuski.ba\/wp-content\/uploads\/2022\/04\/2-2022-04-13-16-49-38-l_087a367ef0e035627d3985b728803066.jpg","contentUrl":"https:\/\/radioljubuski.ba\/wp-content\/uploads\/2022\/04\/2-2022-04-13-16-49-38-l_087a367ef0e035627d3985b728803066.jpg","width":1000,"height":625},{"@type":"BreadcrumbList","@id":"https:\/\/radioljubuski.ba\/index.php\/2022\/04\/14\/ispitivanjem-vjestaka-christhopha-rojahna-nastavljeno-sudenje-u-slucaju-respiratori\/#breadcrumb","itemListElement":[{"@type":"ListItem","position":1,"name":"Po\u010detna stranica","item":"https:\/\/radioljubuski.ba\/"},{"@type":"ListItem","position":2,"name":"Ispitivanjem vje\u0161taka Christhopha Rojahna nastavljeno su\u0111enje u &#8216;slu\u010daju Respiratori&#8217;"}]},{"@type":"WebSite","@id":"https:\/\/radioljubuski.ba\/#website","url":"https:\/\/radioljubuski.ba\/","name":"Radio Ljubu\u0161ki","description":"Sun\u010dana frekvencija Hercegovine","publisher":{"@id":"https:\/\/radioljubuski.ba\/#organization"},"potentialAction":[{"@type":"SearchAction","target":{"@type":"EntryPoint","urlTemplate":"https:\/\/radioljubuski.ba\/?s={search_term_string}"},"query-input":{"@type":"PropertyValueSpecification","valueRequired":true,"valueName":"search_term_string"}}],"inLanguage":"hr"},{"@type":"Organization","@id":"https:\/\/radioljubuski.ba\/#organization","name":"Radio Ljubu\u0161ki","url":"https:\/\/radioljubuski.ba\/","logo":{"@type":"ImageObject","inLanguage":"hr","@id":"https:\/\/radioljubuski.ba\/#\/schema\/logo\/image\/","url":"https:\/\/radioljubuski.ba\/wp-content\/uploads\/2021\/02\/cropped-Radio_Ljubuski_logo1.jpg","contentUrl":"https:\/\/radioljubuski.ba\/wp-content\/uploads\/2021\/02\/cropped-Radio_Ljubuski_logo1.jpg","width":512,"height":512,"caption":"Radio Ljubu\u0161ki"},"image":{"@id":"https:\/\/radioljubuski.ba\/#\/schema\/logo\/image\/"},"sameAs":["https:\/\/www.facebook.com\/Radiio-Ljubuski-1490835324566332","https:\/\/x.com\/radioljubuski","https:\/\/hr.linkedin.com\/company\/radio-ljubuski","https:\/\/www.youtube.com\/channel\/UCHYaeO_n0Db3tjNGudGpXyw"]},{"@type":"Person","@id":"https:\/\/radioljubuski.ba\/#\/schema\/person\/19fc700381a780f69665d7956c469e3b","name":"Radio Ljubu\u0161ki"}]}},"_links":{"self":[{"href":"https:\/\/radioljubuski.ba\/index.php\/wp-json\/wp\/v2\/posts\/132325","targetHints":{"allow":["GET"]}}],"collection":[{"href":"https:\/\/radioljubuski.ba\/index.php\/wp-json\/wp\/v2\/posts"}],"about":[{"href":"https:\/\/radioljubuski.ba\/index.php\/wp-json\/wp\/v2\/types\/post"}],"author":[{"embeddable":true,"href":"https:\/\/radioljubuski.ba\/index.php\/wp-json\/wp\/v2\/users\/2"}],"replies":[{"embeddable":true,"href":"https:\/\/radioljubuski.ba\/index.php\/wp-json\/wp\/v2\/comments?post=132325"}],"version-history":[{"count":1,"href":"https:\/\/radioljubuski.ba\/index.php\/wp-json\/wp\/v2\/posts\/132325\/revisions"}],"predecessor-version":[{"id":132327,"href":"https:\/\/radioljubuski.ba\/index.php\/wp-json\/wp\/v2\/posts\/132325\/revisions\/132327"}],"wp:featuredmedia":[{"embeddable":true,"href":"https:\/\/radioljubuski.ba\/index.php\/wp-json\/wp\/v2\/media\/132326"}],"wp:attachment":[{"href":"https:\/\/radioljubuski.ba\/index.php\/wp-json\/wp\/v2\/media?parent=132325"}],"wp:term":[{"taxonomy":"category","embeddable":true,"href":"https:\/\/radioljubuski.ba\/index.php\/wp-json\/wp\/v2\/categories?post=132325"},{"taxonomy":"post_tag","embeddable":true,"href":"https:\/\/radioljubuski.ba\/index.php\/wp-json\/wp\/v2\/tags?post=132325"}],"curies":[{"name":"wp","href":"https:\/\/api.w.org\/{rel}","templated":true}]}}