{"id":132328,"date":"2022-04-14T01:24:43","date_gmt":"2022-04-14T00:24:43","guid":{"rendered":"https:\/\/radioljubuski.ba\/?p=132328"},"modified":"2022-04-14T01:24:44","modified_gmt":"2022-04-14T00:24:44","slug":"u-neumu-donesena-odluka-o-prekategorizaciji-granicnog-prijelaza-duzi-imotica","status":"publish","type":"post","link":"https:\/\/radioljubuski.ba\/index.php\/2022\/04\/14\/u-neumu-donesena-odluka-o-prekategorizaciji-granicnog-prijelaza-duzi-imotica\/","title":{"rendered":"U Neumu donesena Odluka o prekategorizaciji grani\u010dnog prijelaza Du\u017ei- Imotica"},"content":{"rendered":"\n<p>Mje\u0161ovito povjerenstvo za pra\u0107enje provedbe Ugovora izme\u0111u Hrvatske i BiH o grani\u010dnim prijelazima sastalo se u srijedu u Neumu gdje je donijelo odluke kojima \u0107e se olak\u0161ati svakodnevni prelasci granice lokalnog stanovni\u0161tva.<\/p>\n\n\n\n<p>Radi se o me\u0111uresornom povjerenstvu kojeg \u010dine \u010dlanovi razli\u010ditih dr\u017eavnih tijela dviju dr\u017eava koji u svojoj nadle\u017enosti imaju nadzor nad prometom putnika i roba preko grani\u010dnih prijelaza, odnosno osiguranje infrastrukturnih uvjeta za siguran i brzi prelazak granice, objavili su iz Op\u0107ine Neum.<\/p>\n\n\n\n<p>Sastanku su nazo\u010dili predsjednik Me\u0111unarodnog povjerenstva za granice Bo\u017eo Zovko (BiH) te Zoran Ni\u010deno (RH), voditelj me\u0111uresorne skupine za Integrirano upravljanje granicom i predsjednik Mje\u0161ovitog povjerenstva za pra\u0107enje provedbe Ugovora izme\u0111u Bosne i Hercegovine i Republike Hrvatske o grani\u010dnim prijelazima te Mje\u0161ovitog povjerenstva za provedbu Sporazuma izme\u0111u Republike Hrvatske i Bosne i Hercegovine o pograni\u010dnom prometu.<\/p>\n\n\n\n<p>Iz Op\u0107ine Neum podsje\u0107aju kako je cilj ovoga povjerenstva razmotriti sve zahtjeve jedinica lokalne i podru\u010dne, odnosno regionalne samouprave te unutar zakonskih mogu\u0107nosti izna\u0107i mogu\u0107nosti kojima \u0107e se olak\u0161ati prelazak dr\u017eavne granice, posebice lokalnom stanovni\u0161tvu.<\/p>\n\n\n\n<p>Tako\u0111er je navedno kako je Op\u0107ina Neum zaprimila Odluku povjerenstva kojom se odobrava me\u0111unarodni promet putnika preko stalnog grani\u010dnog prijelaza za pograni\u010dni promet Du\u017ei-Imotica.<\/p>\n\n\n\n<p>Odluka \u0107e s primjenjivati od 15. travnja 2022. godine.<\/p>\n\n\n\n<p>Radno vrijeme stalnog grani\u010dnog prijelaza za pograni\u010dni promet je svakim danom 24 sata, u trajanju od tri mjeseca, odnosno do odr\u017eavanja sljede\u0107e sjednice Mje\u0161ovitog povjerenstva, stoji u priop\u0107enju.<\/p>\n\n\n\n<p>Izvor:pogled.ba<\/p>\n","protected":false},"excerpt":{"rendered":"<p>Mje\u0161ovito povjerenstvo za pra\u0107enje provedbe Ugovora izme\u0111u Hrvatske i BiH o grani\u010dnim prijelazima sastalo se u srijedu u Neumu gdje je donijelo odluke kojima \u0107e se olak\u0161ati svakodnevni prelasci granice lokalnog stanovni\u0161tva. Radi se o me\u0111uresornom povjerenstvu kojeg \u010dine \u010dlanovi razli\u010ditih dr\u017eavnih tijela dviju dr\u017eava koji u svojoj nadle\u017enosti imaju nadzor nad prometom putnika i [&hellip;]<\/p>\n","protected":false},"author":2,"featured_media":132329,"comment_status":"closed","ping_status":"closed","sticky":false,"template":"","format":"standard","meta":{"h5ap_radio_sources":[],"footnotes":""},"categories":[1],"tags":[],"class_list":["post-132328","post","type-post","status-publish","format-standard","has-post-thumbnail","hentry","category-bihiregija"],"yoast_head":"<!-- This site is optimized with the Yoast SEO plugin v27.5 - https:\/\/yoast.com\/product\/yoast-seo-wordpress\/ -->\n<title>U Neumu donesena Odluka o prekategorizaciji grani\u010dnog prijelaza Du\u017ei- Imotica - RADIO LJUBU\u0160KI<\/title>\n<meta name=\"robots\" content=\"index, follow, max-snippet:-1, max-image-preview:large, max-video-preview:-1\" \/>\n<link rel=\"canonical\" href=\"https:\/\/radioljubuski.ba\/index.php\/2022\/04\/14\/u-neumu-donesena-odluka-o-prekategorizaciji-granicnog-prijelaza-duzi-imotica\/\" \/>\n<meta property=\"og:locale\" content=\"hr_HR\" \/>\n<meta property=\"og:type\" content=\"article\" \/>\n<meta property=\"og:title\" content=\"U Neumu donesena Odluka o prekategorizaciji grani\u010dnog prijelaza Du\u017ei- Imotica - RADIO LJUBU\u0160KI\" \/>\n<meta property=\"og:description\" content=\"Mje\u0161ovito povjerenstvo za pra\u0107enje provedbe Ugovora izme\u0111u Hrvatske i BiH o grani\u010dnim prijelazima sastalo se u srijedu u Neumu gdje je donijelo odluke kojima \u0107e se olak\u0161ati svakodnevni prelasci granice lokalnog stanovni\u0161tva. Radi se o me\u0111uresornom povjerenstvu kojeg \u010dine \u010dlanovi razli\u010ditih dr\u017eavnih tijela dviju dr\u017eava koji u svojoj nadle\u017enosti imaju nadzor nad prometom putnika i [&hellip;]\" \/>\n<meta property=\"og:url\" content=\"https:\/\/radioljubuski.ba\/index.php\/2022\/04\/14\/u-neumu-donesena-odluka-o-prekategorizaciji-granicnog-prijelaza-duzi-imotica\/\" \/>\n<meta property=\"og:site_name\" content=\"RADIO LJUBU\u0160KI\" \/>\n<meta property=\"article:publisher\" content=\"https:\/\/www.facebook.com\/Radiio-Ljubuski-1490835324566332\" \/>\n<meta property=\"article:published_time\" content=\"2022-04-14T00:24:43+00:00\" \/>\n<meta property=\"article:modified_time\" content=\"2022-04-14T00:24:44+00:00\" \/>\n<meta property=\"og:image\" content=\"https:\/\/radioljubuski.ba\/wp-content\/uploads\/2022\/04\/2-2022-04-13-20-00-51-l_919ebfbc45e6c1b9be84fa96856738e2.jpg\" \/>\n\t<meta property=\"og:image:width\" content=\"1000\" \/>\n\t<meta property=\"og:image:height\" content=\"625\" \/>\n\t<meta property=\"og:image:type\" content=\"image\/jpeg\" \/>\n<meta name=\"author\" content=\"Radio Ljubu\u0161ki\" \/>\n<meta name=\"twitter:card\" content=\"summary_large_image\" \/>\n<meta name=\"twitter:creator\" content=\"@radioljubuski\" \/>\n<meta name=\"twitter:site\" content=\"@radioljubuski\" \/>\n<meta name=\"twitter:label1\" content=\"Napisao\/la\" \/>\n\t<meta name=\"twitter:data1\" content=\"Radio Ljubu\u0161ki\" \/>\n\t<meta name=\"twitter:label2\" content=\"Procijenjeno vrijeme \u010ditanja\" \/>\n\t<meta name=\"twitter:data2\" content=\"1 minuta\" \/>\n<script type=\"application\/ld+json\" class=\"yoast-schema-graph\">{\"@context\":\"https:\\\/\\\/schema.org\",\"@graph\":[{\"@type\":\"Article\",\"@id\":\"https:\\\/\\\/radioljubuski.ba\\\/index.php\\\/2022\\\/04\\\/14\\\/u-neumu-donesena-odluka-o-prekategorizaciji-granicnog-prijelaza-duzi-imotica\\\/#article\",\"isPartOf\":{\"@id\":\"https:\\\/\\\/radioljubuski.ba\\\/index.php\\\/2022\\\/04\\\/14\\\/u-neumu-donesena-odluka-o-prekategorizaciji-granicnog-prijelaza-duzi-imotica\\\/\"},\"author\":{\"name\":\"Radio Ljubu\u0161ki\",\"@id\":\"https:\\\/\\\/radioljubuski.ba\\\/#\\\/schema\\\/person\\\/19fc700381a780f69665d7956c469e3b\"},\"headline\":\"U Neumu donesena Odluka o prekategorizaciji grani\u010dnog prijelaza Du\u017ei- Imotica\",\"datePublished\":\"2022-04-14T00:24:43+00:00\",\"dateModified\":\"2022-04-14T00:24:44+00:00\",\"mainEntityOfPage\":{\"@id\":\"https:\\\/\\\/radioljubuski.ba\\\/index.php\\\/2022\\\/04\\\/14\\\/u-neumu-donesena-odluka-o-prekategorizaciji-granicnog-prijelaza-duzi-imotica\\\/\"},\"wordCount\":284,\"publisher\":{\"@id\":\"https:\\\/\\\/radioljubuski.ba\\\/#organization\"},\"image\":{\"@id\":\"https:\\\/\\\/radioljubuski.ba\\\/index.php\\\/2022\\\/04\\\/14\\\/u-neumu-donesena-odluka-o-prekategorizaciji-granicnog-prijelaza-duzi-imotica\\\/#primaryimage\"},\"thumbnailUrl\":\"https:\\\/\\\/radioljubuski.ba\\\/wp-content\\\/uploads\\\/2022\\\/04\\\/2-2022-04-13-20-00-51-l_919ebfbc45e6c1b9be84fa96856738e2.jpg\",\"articleSection\":[\"BIH i regija\"],\"inLanguage\":\"hr\"},{\"@type\":\"WebPage\",\"@id\":\"https:\\\/\\\/radioljubuski.ba\\\/index.php\\\/2022\\\/04\\\/14\\\/u-neumu-donesena-odluka-o-prekategorizaciji-granicnog-prijelaza-duzi-imotica\\\/\",\"url\":\"https:\\\/\\\/radioljubuski.ba\\\/index.php\\\/2022\\\/04\\\/14\\\/u-neumu-donesena-odluka-o-prekategorizaciji-granicnog-prijelaza-duzi-imotica\\\/\",\"name\":\"U Neumu donesena Odluka o prekategorizaciji grani\u010dnog prijelaza Du\u017ei- Imotica - RADIO LJUBU\u0160KI\",\"isPartOf\":{\"@id\":\"https:\\\/\\\/radioljubuski.ba\\\/#website\"},\"primaryImageOfPage\":{\"@id\":\"https:\\\/\\\/radioljubuski.ba\\\/index.php\\\/2022\\\/04\\\/14\\\/u-neumu-donesena-odluka-o-prekategorizaciji-granicnog-prijelaza-duzi-imotica\\\/#primaryimage\"},\"image\":{\"@id\":\"https:\\\/\\\/radioljubuski.ba\\\/index.php\\\/2022\\\/04\\\/14\\\/u-neumu-donesena-odluka-o-prekategorizaciji-granicnog-prijelaza-duzi-imotica\\\/#primaryimage\"},\"thumbnailUrl\":\"https:\\\/\\\/radioljubuski.ba\\\/wp-content\\\/uploads\\\/2022\\\/04\\\/2-2022-04-13-20-00-51-l_919ebfbc45e6c1b9be84fa96856738e2.jpg\",\"datePublished\":\"2022-04-14T00:24:43+00:00\",\"dateModified\":\"2022-04-14T00:24:44+00:00\",\"breadcrumb\":{\"@id\":\"https:\\\/\\\/radioljubuski.ba\\\/index.php\\\/2022\\\/04\\\/14\\\/u-neumu-donesena-odluka-o-prekategorizaciji-granicnog-prijelaza-duzi-imotica\\\/#breadcrumb\"},\"inLanguage\":\"hr\",\"potentialAction\":[{\"@type\":\"ReadAction\",\"target\":[\"https:\\\/\\\/radioljubuski.ba\\\/index.php\\\/2022\\\/04\\\/14\\\/u-neumu-donesena-odluka-o-prekategorizaciji-granicnog-prijelaza-duzi-imotica\\\/\"]}]},{\"@type\":\"ImageObject\",\"inLanguage\":\"hr\",\"@id\":\"https:\\\/\\\/radioljubuski.ba\\\/index.php\\\/2022\\\/04\\\/14\\\/u-neumu-donesena-odluka-o-prekategorizaciji-granicnog-prijelaza-duzi-imotica\\\/#primaryimage\",\"url\":\"https:\\\/\\\/radioljubuski.ba\\\/wp-content\\\/uploads\\\/2022\\\/04\\\/2-2022-04-13-20-00-51-l_919ebfbc45e6c1b9be84fa96856738e2.jpg\",\"contentUrl\":\"https:\\\/\\\/radioljubuski.ba\\\/wp-content\\\/uploads\\\/2022\\\/04\\\/2-2022-04-13-20-00-51-l_919ebfbc45e6c1b9be84fa96856738e2.jpg\",\"width\":1000,\"height\":625},{\"@type\":\"BreadcrumbList\",\"@id\":\"https:\\\/\\\/radioljubuski.ba\\\/index.php\\\/2022\\\/04\\\/14\\\/u-neumu-donesena-odluka-o-prekategorizaciji-granicnog-prijelaza-duzi-imotica\\\/#breadcrumb\",\"itemListElement\":[{\"@type\":\"ListItem\",\"position\":1,\"name\":\"Po\u010detna stranica\",\"item\":\"https:\\\/\\\/radioljubuski.ba\\\/\"},{\"@type\":\"ListItem\",\"position\":2,\"name\":\"U Neumu donesena Odluka o prekategorizaciji grani\u010dnog prijelaza Du\u017ei- Imotica\"}]},{\"@type\":\"WebSite\",\"@id\":\"https:\\\/\\\/radioljubuski.ba\\\/#website\",\"url\":\"https:\\\/\\\/radioljubuski.ba\\\/\",\"name\":\"Radio Ljubu\u0161ki\",\"description\":\"Sun\u010dana frekvencija Hercegovine\",\"publisher\":{\"@id\":\"https:\\\/\\\/radioljubuski.ba\\\/#organization\"},\"potentialAction\":[{\"@type\":\"SearchAction\",\"target\":{\"@type\":\"EntryPoint\",\"urlTemplate\":\"https:\\\/\\\/radioljubuski.ba\\\/?s={search_term_string}\"},\"query-input\":{\"@type\":\"PropertyValueSpecification\",\"valueRequired\":true,\"valueName\":\"search_term_string\"}}],\"inLanguage\":\"hr\"},{\"@type\":\"Organization\",\"@id\":\"https:\\\/\\\/radioljubuski.ba\\\/#organization\",\"name\":\"Radio Ljubu\u0161ki\",\"url\":\"https:\\\/\\\/radioljubuski.ba\\\/\",\"logo\":{\"@type\":\"ImageObject\",\"inLanguage\":\"hr\",\"@id\":\"https:\\\/\\\/radioljubuski.ba\\\/#\\\/schema\\\/logo\\\/image\\\/\",\"url\":\"https:\\\/\\\/radioljubuski.ba\\\/wp-content\\\/uploads\\\/2021\\\/02\\\/cropped-Radio_Ljubuski_logo1.jpg\",\"contentUrl\":\"https:\\\/\\\/radioljubuski.ba\\\/wp-content\\\/uploads\\\/2021\\\/02\\\/cropped-Radio_Ljubuski_logo1.jpg\",\"width\":512,\"height\":512,\"caption\":\"Radio Ljubu\u0161ki\"},\"image\":{\"@id\":\"https:\\\/\\\/radioljubuski.ba\\\/#\\\/schema\\\/logo\\\/image\\\/\"},\"sameAs\":[\"https:\\\/\\\/www.facebook.com\\\/Radiio-Ljubuski-1490835324566332\",\"https:\\\/\\\/x.com\\\/radioljubuski\",\"https:\\\/\\\/hr.linkedin.com\\\/company\\\/radio-ljubuski\",\"https:\\\/\\\/www.youtube.com\\\/channel\\\/UCHYaeO_n0Db3tjNGudGpXyw\"]},{\"@type\":\"Person\",\"@id\":\"https:\\\/\\\/radioljubuski.ba\\\/#\\\/schema\\\/person\\\/19fc700381a780f69665d7956c469e3b\",\"name\":\"Radio Ljubu\u0161ki\"}]}<\/script>\n<!-- \/ Yoast SEO plugin. -->","yoast_head_json":{"title":"U Neumu donesena Odluka o prekategorizaciji grani\u010dnog prijelaza Du\u017ei- Imotica - RADIO LJUBU\u0160KI","robots":{"index":"index","follow":"follow","max-snippet":"max-snippet:-1","max-image-preview":"max-image-preview:large","max-video-preview":"max-video-preview:-1"},"canonical":"https:\/\/radioljubuski.ba\/index.php\/2022\/04\/14\/u-neumu-donesena-odluka-o-prekategorizaciji-granicnog-prijelaza-duzi-imotica\/","og_locale":"hr_HR","og_type":"article","og_title":"U Neumu donesena Odluka o prekategorizaciji grani\u010dnog prijelaza Du\u017ei- Imotica - RADIO LJUBU\u0160KI","og_description":"Mje\u0161ovito povjerenstvo za pra\u0107enje provedbe Ugovora izme\u0111u Hrvatske i BiH o grani\u010dnim prijelazima sastalo se u srijedu u Neumu gdje je donijelo odluke kojima \u0107e se olak\u0161ati svakodnevni prelasci granice lokalnog stanovni\u0161tva. Radi se o me\u0111uresornom povjerenstvu kojeg \u010dine \u010dlanovi razli\u010ditih dr\u017eavnih tijela dviju dr\u017eava koji u svojoj nadle\u017enosti imaju nadzor nad prometom putnika i [&hellip;]","og_url":"https:\/\/radioljubuski.ba\/index.php\/2022\/04\/14\/u-neumu-donesena-odluka-o-prekategorizaciji-granicnog-prijelaza-duzi-imotica\/","og_site_name":"RADIO LJUBU\u0160KI","article_publisher":"https:\/\/www.facebook.com\/Radiio-Ljubuski-1490835324566332","article_published_time":"2022-04-14T00:24:43+00:00","article_modified_time":"2022-04-14T00:24:44+00:00","og_image":[{"width":1000,"height":625,"url":"https:\/\/radioljubuski.ba\/wp-content\/uploads\/2022\/04\/2-2022-04-13-20-00-51-l_919ebfbc45e6c1b9be84fa96856738e2.jpg","type":"image\/jpeg"}],"author":"Radio Ljubu\u0161ki","twitter_card":"summary_large_image","twitter_creator":"@radioljubuski","twitter_site":"@radioljubuski","twitter_misc":{"Napisao\/la":"Radio Ljubu\u0161ki","Procijenjeno vrijeme \u010ditanja":"1 minuta"},"schema":{"@context":"https:\/\/schema.org","@graph":[{"@type":"Article","@id":"https:\/\/radioljubuski.ba\/index.php\/2022\/04\/14\/u-neumu-donesena-odluka-o-prekategorizaciji-granicnog-prijelaza-duzi-imotica\/#article","isPartOf":{"@id":"https:\/\/radioljubuski.ba\/index.php\/2022\/04\/14\/u-neumu-donesena-odluka-o-prekategorizaciji-granicnog-prijelaza-duzi-imotica\/"},"author":{"name":"Radio Ljubu\u0161ki","@id":"https:\/\/radioljubuski.ba\/#\/schema\/person\/19fc700381a780f69665d7956c469e3b"},"headline":"U Neumu donesena Odluka o prekategorizaciji grani\u010dnog prijelaza Du\u017ei- Imotica","datePublished":"2022-04-14T00:24:43+00:00","dateModified":"2022-04-14T00:24:44+00:00","mainEntityOfPage":{"@id":"https:\/\/radioljubuski.ba\/index.php\/2022\/04\/14\/u-neumu-donesena-odluka-o-prekategorizaciji-granicnog-prijelaza-duzi-imotica\/"},"wordCount":284,"publisher":{"@id":"https:\/\/radioljubuski.ba\/#organization"},"image":{"@id":"https:\/\/radioljubuski.ba\/index.php\/2022\/04\/14\/u-neumu-donesena-odluka-o-prekategorizaciji-granicnog-prijelaza-duzi-imotica\/#primaryimage"},"thumbnailUrl":"https:\/\/radioljubuski.ba\/wp-content\/uploads\/2022\/04\/2-2022-04-13-20-00-51-l_919ebfbc45e6c1b9be84fa96856738e2.jpg","articleSection":["BIH i regija"],"inLanguage":"hr"},{"@type":"WebPage","@id":"https:\/\/radioljubuski.ba\/index.php\/2022\/04\/14\/u-neumu-donesena-odluka-o-prekategorizaciji-granicnog-prijelaza-duzi-imotica\/","url":"https:\/\/radioljubuski.ba\/index.php\/2022\/04\/14\/u-neumu-donesena-odluka-o-prekategorizaciji-granicnog-prijelaza-duzi-imotica\/","name":"U Neumu donesena Odluka o prekategorizaciji grani\u010dnog prijelaza Du\u017ei- Imotica - RADIO LJUBU\u0160KI","isPartOf":{"@id":"https:\/\/radioljubuski.ba\/#website"},"primaryImageOfPage":{"@id":"https:\/\/radioljubuski.ba\/index.php\/2022\/04\/14\/u-neumu-donesena-odluka-o-prekategorizaciji-granicnog-prijelaza-duzi-imotica\/#primaryimage"},"image":{"@id":"https:\/\/radioljubuski.ba\/index.php\/2022\/04\/14\/u-neumu-donesena-odluka-o-prekategorizaciji-granicnog-prijelaza-duzi-imotica\/#primaryimage"},"thumbnailUrl":"https:\/\/radioljubuski.ba\/wp-content\/uploads\/2022\/04\/2-2022-04-13-20-00-51-l_919ebfbc45e6c1b9be84fa96856738e2.jpg","datePublished":"2022-04-14T00:24:43+00:00","dateModified":"2022-04-14T00:24:44+00:00","breadcrumb":{"@id":"https:\/\/radioljubuski.ba\/index.php\/2022\/04\/14\/u-neumu-donesena-odluka-o-prekategorizaciji-granicnog-prijelaza-duzi-imotica\/#breadcrumb"},"inLanguage":"hr","potentialAction":[{"@type":"ReadAction","target":["https:\/\/radioljubuski.ba\/index.php\/2022\/04\/14\/u-neumu-donesena-odluka-o-prekategorizaciji-granicnog-prijelaza-duzi-imotica\/"]}]},{"@type":"ImageObject","inLanguage":"hr","@id":"https:\/\/radioljubuski.ba\/index.php\/2022\/04\/14\/u-neumu-donesena-odluka-o-prekategorizaciji-granicnog-prijelaza-duzi-imotica\/#primaryimage","url":"https:\/\/radioljubuski.ba\/wp-content\/uploads\/2022\/04\/2-2022-04-13-20-00-51-l_919ebfbc45e6c1b9be84fa96856738e2.jpg","contentUrl":"https:\/\/radioljubuski.ba\/wp-content\/uploads\/2022\/04\/2-2022-04-13-20-00-51-l_919ebfbc45e6c1b9be84fa96856738e2.jpg","width":1000,"height":625},{"@type":"BreadcrumbList","@id":"https:\/\/radioljubuski.ba\/index.php\/2022\/04\/14\/u-neumu-donesena-odluka-o-prekategorizaciji-granicnog-prijelaza-duzi-imotica\/#breadcrumb","itemListElement":[{"@type":"ListItem","position":1,"name":"Po\u010detna stranica","item":"https:\/\/radioljubuski.ba\/"},{"@type":"ListItem","position":2,"name":"U Neumu donesena Odluka o prekategorizaciji grani\u010dnog prijelaza Du\u017ei- Imotica"}]},{"@type":"WebSite","@id":"https:\/\/radioljubuski.ba\/#website","url":"https:\/\/radioljubuski.ba\/","name":"Radio Ljubu\u0161ki","description":"Sun\u010dana frekvencija Hercegovine","publisher":{"@id":"https:\/\/radioljubuski.ba\/#organization"},"potentialAction":[{"@type":"SearchAction","target":{"@type":"EntryPoint","urlTemplate":"https:\/\/radioljubuski.ba\/?s={search_term_string}"},"query-input":{"@type":"PropertyValueSpecification","valueRequired":true,"valueName":"search_term_string"}}],"inLanguage":"hr"},{"@type":"Organization","@id":"https:\/\/radioljubuski.ba\/#organization","name":"Radio Ljubu\u0161ki","url":"https:\/\/radioljubuski.ba\/","logo":{"@type":"ImageObject","inLanguage":"hr","@id":"https:\/\/radioljubuski.ba\/#\/schema\/logo\/image\/","url":"https:\/\/radioljubuski.ba\/wp-content\/uploads\/2021\/02\/cropped-Radio_Ljubuski_logo1.jpg","contentUrl":"https:\/\/radioljubuski.ba\/wp-content\/uploads\/2021\/02\/cropped-Radio_Ljubuski_logo1.jpg","width":512,"height":512,"caption":"Radio Ljubu\u0161ki"},"image":{"@id":"https:\/\/radioljubuski.ba\/#\/schema\/logo\/image\/"},"sameAs":["https:\/\/www.facebook.com\/Radiio-Ljubuski-1490835324566332","https:\/\/x.com\/radioljubuski","https:\/\/hr.linkedin.com\/company\/radio-ljubuski","https:\/\/www.youtube.com\/channel\/UCHYaeO_n0Db3tjNGudGpXyw"]},{"@type":"Person","@id":"https:\/\/radioljubuski.ba\/#\/schema\/person\/19fc700381a780f69665d7956c469e3b","name":"Radio Ljubu\u0161ki"}]}},"_links":{"self":[{"href":"https:\/\/radioljubuski.ba\/index.php\/wp-json\/wp\/v2\/posts\/132328","targetHints":{"allow":["GET"]}}],"collection":[{"href":"https:\/\/radioljubuski.ba\/index.php\/wp-json\/wp\/v2\/posts"}],"about":[{"href":"https:\/\/radioljubuski.ba\/index.php\/wp-json\/wp\/v2\/types\/post"}],"author":[{"embeddable":true,"href":"https:\/\/radioljubuski.ba\/index.php\/wp-json\/wp\/v2\/users\/2"}],"replies":[{"embeddable":true,"href":"https:\/\/radioljubuski.ba\/index.php\/wp-json\/wp\/v2\/comments?post=132328"}],"version-history":[{"count":1,"href":"https:\/\/radioljubuski.ba\/index.php\/wp-json\/wp\/v2\/posts\/132328\/revisions"}],"predecessor-version":[{"id":132330,"href":"https:\/\/radioljubuski.ba\/index.php\/wp-json\/wp\/v2\/posts\/132328\/revisions\/132330"}],"wp:featuredmedia":[{"embeddable":true,"href":"https:\/\/radioljubuski.ba\/index.php\/wp-json\/wp\/v2\/media\/132329"}],"wp:attachment":[{"href":"https:\/\/radioljubuski.ba\/index.php\/wp-json\/wp\/v2\/media?parent=132328"}],"wp:term":[{"taxonomy":"category","embeddable":true,"href":"https:\/\/radioljubuski.ba\/index.php\/wp-json\/wp\/v2\/categories?post=132328"},{"taxonomy":"post_tag","embeddable":true,"href":"https:\/\/radioljubuski.ba\/index.php\/wp-json\/wp\/v2\/tags?post=132328"}],"curies":[{"name":"wp","href":"https:\/\/api.w.org\/{rel}","templated":true}]}}