{"id":132358,"date":"2022-04-14T01:41:19","date_gmt":"2022-04-14T00:41:19","guid":{"rendered":"https:\/\/radioljubuski.ba\/?p=132358"},"modified":"2022-04-14T01:41:20","modified_gmt":"2022-04-14T00:41:20","slug":"cetvorica-predsjednika-u-borodjanki-ovo-je-mjesto-boli-i-patnje","status":"publish","type":"post","link":"https:\/\/radioljubuski.ba\/index.php\/2022\/04\/14\/cetvorica-predsjednika-u-borodjanki-ovo-je-mjesto-boli-i-patnje\/","title":{"rendered":"\u010cetvorica predsjednika u Borodjanki: Ovo je mjesto boli i patnje"},"content":{"rendered":"\n<p>Predsjednici Poljske i balti\u010dkih zemalja u srijedu su posjetili BorodJanku, gradi\u0107 u blizini Kijeva koji je litavski predsjednik Gitanas Nauseda opisao \u201enatopljenim bolom i patnjom\u201c nakon \u201ebrutalnih ratnih zlo\u010dina\u201c.&nbsp;<\/p>\n\n\n\n<p>Nauseda i njegovi kolege, Poljak Andrzej Duda, Estonac Alar Karis i Latvijac Egils Levits u Ukrajinu su stigli zajedno vlakom u cilju iskazivanja podr\u0161ke ukrajinskom predsjedniku Volodimiru Zelenskiju \u201eu trenutku klju\u010dnom\u201c za Ukrajinu, rekao je u srijedu ujutro poljski \u010delnik.&nbsp;<\/p>\n\n\n\n<p>&#8220;Ovdje je tamna strana \u010dovje\u010danstva pokazala svoje lice&#8221;, napisao je na Twitteru Nauseda, nakon zaustavljanja u bombama uni\u0161tenoj Borodjanki koja je bila popri\u0161te navodnih zlostavljanja tijekom duge ruske okupacije.<\/p>\n\n\n\n<p>To mjesto je \u201enatopljeno patnjom i boli\u201c, a \u201eukrajinski civili su tamo ubijani i mu\u010deni\u201c, rekao je Litavac, ponoviv\u0161i kako ruski ratni zlo\u010dini ne\u0107e ostati bez kazne.&nbsp;<\/p>\n\n\n\n<p>&#8220;Ovaj rat, moramo ga pobijediti&#8221;, inzistirao je litavski predsjednik.<\/p>\n\n\n\n<p>Detalji o posjetu predsjednika nisu bili javni iz sigurnosnih razloga.&nbsp;<\/p>\n\n\n\n<p>Poljski je predsjednik na Twitteru objavio fotografiju na kojoj se vidi s ukrajinskim kolegom Volodimirom Zelenskijem.<\/p>\n\n\n\n<p>\u010cetvorica predsjednika su se uo\u010di puta u Ukrajinu sastala u Rzesz\u00f3wu, gradu na jugoistoku Poljske, na susretu na temu solidarnosti s Ukrajinom.&nbsp;<\/p>\n\n\n\n<p>Njema\u010dki predsjednik Frank-Walter Steinmeier, koji je u utorak posjetio Var\u0161avu, rekao je da je tako\u0111er razmi\u0161ljao o odlasku u Ukrajinu s drugim \u0161efovima dr\u017eava, ali ga je ukrajinska vlada u tome odbila.<\/p>\n\n\n\n<p>Steinmeiera je ukrajinska strana kritizirala zbog odnosa s Rusijom posljednjih godina.<\/p>\n\n\n\n<p>Ranije ovaj mjesec ukrajinski veleposlanik u Njema\u010dkoj optu\u017eio je predsjednika te zemlje da je razvio \u201epaukovu mre\u017eu kontakata\u201c u Rusiji te da se oko njega nalazi niz proruski orijentiranih politi\u010dara.<\/p>\n\n\n\n<p>Izvor:pogled.ba<\/p>\n","protected":false},"excerpt":{"rendered":"<p>Predsjednici Poljske i balti\u010dkih zemalja u srijedu su posjetili BorodJanku, gradi\u0107 u blizini Kijeva koji je litavski predsjednik Gitanas Nauseda opisao \u201enatopljenim bolom i patnjom\u201c nakon \u201ebrutalnih ratnih zlo\u010dina\u201c.&nbsp; Nauseda i njegovi kolege, Poljak Andrzej Duda, Estonac Alar Karis i Latvijac Egils Levits u Ukrajinu su stigli zajedno vlakom u cilju iskazivanja podr\u0161ke ukrajinskom predsjedniku [&hellip;]<\/p>\n","protected":false},"author":2,"featured_media":132359,"comment_status":"closed","ping_status":"closed","sticky":false,"template":"","format":"standard","meta":{"h5ap_radio_sources":[],"footnotes":""},"categories":[1],"tags":[],"class_list":["post-132358","post","type-post","status-publish","format-standard","has-post-thumbnail","hentry","category-bihiregija"],"yoast_head":"<!-- This site is optimized with the Yoast SEO plugin v27.5 - https:\/\/yoast.com\/product\/yoast-seo-wordpress\/ -->\n<title>\u010cetvorica predsjednika u Borodjanki: Ovo je mjesto boli i patnje - RADIO LJUBU\u0160KI<\/title>\n<meta name=\"robots\" content=\"index, follow, max-snippet:-1, max-image-preview:large, max-video-preview:-1\" \/>\n<link rel=\"canonical\" href=\"https:\/\/radioljubuski.ba\/index.php\/2022\/04\/14\/cetvorica-predsjednika-u-borodjanki-ovo-je-mjesto-boli-i-patnje\/\" \/>\n<meta property=\"og:locale\" content=\"hr_HR\" \/>\n<meta property=\"og:type\" content=\"article\" \/>\n<meta property=\"og:title\" content=\"\u010cetvorica predsjednika u Borodjanki: Ovo je mjesto boli i patnje - RADIO LJUBU\u0160KI\" \/>\n<meta property=\"og:description\" content=\"Predsjednici Poljske i balti\u010dkih zemalja u srijedu su posjetili BorodJanku, gradi\u0107 u blizini Kijeva koji je litavski predsjednik Gitanas Nauseda opisao \u201enatopljenim bolom i patnjom\u201c nakon \u201ebrutalnih ratnih zlo\u010dina\u201c.&nbsp; Nauseda i njegovi kolege, Poljak Andrzej Duda, Estonac Alar Karis i Latvijac Egils Levits u Ukrajinu su stigli zajedno vlakom u cilju iskazivanja podr\u0161ke ukrajinskom predsjedniku [&hellip;]\" \/>\n<meta property=\"og:url\" content=\"https:\/\/radioljubuski.ba\/index.php\/2022\/04\/14\/cetvorica-predsjednika-u-borodjanki-ovo-je-mjesto-boli-i-patnje\/\" \/>\n<meta property=\"og:site_name\" content=\"RADIO LJUBU\u0160KI\" \/>\n<meta property=\"article:publisher\" content=\"https:\/\/www.facebook.com\/Radiio-Ljubuski-1490835324566332\" \/>\n<meta property=\"article:published_time\" content=\"2022-04-14T00:41:19+00:00\" \/>\n<meta property=\"article:modified_time\" content=\"2022-04-14T00:41:20+00:00\" \/>\n<meta property=\"og:image\" content=\"https:\/\/radioljubuski.ba\/wp-content\/uploads\/2022\/04\/2-2022-04-13-19-50-44-330900.jpeg\" \/>\n\t<meta property=\"og:image:width\" content=\"1000\" \/>\n\t<meta property=\"og:image:height\" content=\"625\" \/>\n\t<meta property=\"og:image:type\" content=\"image\/jpeg\" \/>\n<meta name=\"author\" content=\"Radio Ljubu\u0161ki\" \/>\n<meta name=\"twitter:card\" content=\"summary_large_image\" \/>\n<meta name=\"twitter:creator\" content=\"@radioljubuski\" \/>\n<meta name=\"twitter:site\" content=\"@radioljubuski\" \/>\n<meta name=\"twitter:label1\" content=\"Napisao\/la\" \/>\n\t<meta name=\"twitter:data1\" content=\"Radio Ljubu\u0161ki\" \/>\n\t<meta name=\"twitter:label2\" content=\"Procijenjeno vrijeme \u010ditanja\" \/>\n\t<meta name=\"twitter:data2\" content=\"2 minute\" \/>\n<script type=\"application\/ld+json\" class=\"yoast-schema-graph\">{\"@context\":\"https:\\\/\\\/schema.org\",\"@graph\":[{\"@type\":\"Article\",\"@id\":\"https:\\\/\\\/radioljubuski.ba\\\/index.php\\\/2022\\\/04\\\/14\\\/cetvorica-predsjednika-u-borodjanki-ovo-je-mjesto-boli-i-patnje\\\/#article\",\"isPartOf\":{\"@id\":\"https:\\\/\\\/radioljubuski.ba\\\/index.php\\\/2022\\\/04\\\/14\\\/cetvorica-predsjednika-u-borodjanki-ovo-je-mjesto-boli-i-patnje\\\/\"},\"author\":{\"name\":\"Radio Ljubu\u0161ki\",\"@id\":\"https:\\\/\\\/radioljubuski.ba\\\/#\\\/schema\\\/person\\\/19fc700381a780f69665d7956c469e3b\"},\"headline\":\"\u010cetvorica predsjednika u Borodjanki: Ovo je mjesto boli i patnje\",\"datePublished\":\"2022-04-14T00:41:19+00:00\",\"dateModified\":\"2022-04-14T00:41:20+00:00\",\"mainEntityOfPage\":{\"@id\":\"https:\\\/\\\/radioljubuski.ba\\\/index.php\\\/2022\\\/04\\\/14\\\/cetvorica-predsjednika-u-borodjanki-ovo-je-mjesto-boli-i-patnje\\\/\"},\"wordCount\":295,\"publisher\":{\"@id\":\"https:\\\/\\\/radioljubuski.ba\\\/#organization\"},\"image\":{\"@id\":\"https:\\\/\\\/radioljubuski.ba\\\/index.php\\\/2022\\\/04\\\/14\\\/cetvorica-predsjednika-u-borodjanki-ovo-je-mjesto-boli-i-patnje\\\/#primaryimage\"},\"thumbnailUrl\":\"https:\\\/\\\/radioljubuski.ba\\\/wp-content\\\/uploads\\\/2022\\\/04\\\/2-2022-04-13-19-50-44-330900.jpeg\",\"articleSection\":[\"BIH i regija\"],\"inLanguage\":\"hr\"},{\"@type\":\"WebPage\",\"@id\":\"https:\\\/\\\/radioljubuski.ba\\\/index.php\\\/2022\\\/04\\\/14\\\/cetvorica-predsjednika-u-borodjanki-ovo-je-mjesto-boli-i-patnje\\\/\",\"url\":\"https:\\\/\\\/radioljubuski.ba\\\/index.php\\\/2022\\\/04\\\/14\\\/cetvorica-predsjednika-u-borodjanki-ovo-je-mjesto-boli-i-patnje\\\/\",\"name\":\"\u010cetvorica predsjednika u Borodjanki: Ovo je mjesto boli i patnje - RADIO LJUBU\u0160KI\",\"isPartOf\":{\"@id\":\"https:\\\/\\\/radioljubuski.ba\\\/#website\"},\"primaryImageOfPage\":{\"@id\":\"https:\\\/\\\/radioljubuski.ba\\\/index.php\\\/2022\\\/04\\\/14\\\/cetvorica-predsjednika-u-borodjanki-ovo-je-mjesto-boli-i-patnje\\\/#primaryimage\"},\"image\":{\"@id\":\"https:\\\/\\\/radioljubuski.ba\\\/index.php\\\/2022\\\/04\\\/14\\\/cetvorica-predsjednika-u-borodjanki-ovo-je-mjesto-boli-i-patnje\\\/#primaryimage\"},\"thumbnailUrl\":\"https:\\\/\\\/radioljubuski.ba\\\/wp-content\\\/uploads\\\/2022\\\/04\\\/2-2022-04-13-19-50-44-330900.jpeg\",\"datePublished\":\"2022-04-14T00:41:19+00:00\",\"dateModified\":\"2022-04-14T00:41:20+00:00\",\"breadcrumb\":{\"@id\":\"https:\\\/\\\/radioljubuski.ba\\\/index.php\\\/2022\\\/04\\\/14\\\/cetvorica-predsjednika-u-borodjanki-ovo-je-mjesto-boli-i-patnje\\\/#breadcrumb\"},\"inLanguage\":\"hr\",\"potentialAction\":[{\"@type\":\"ReadAction\",\"target\":[\"https:\\\/\\\/radioljubuski.ba\\\/index.php\\\/2022\\\/04\\\/14\\\/cetvorica-predsjednika-u-borodjanki-ovo-je-mjesto-boli-i-patnje\\\/\"]}]},{\"@type\":\"ImageObject\",\"inLanguage\":\"hr\",\"@id\":\"https:\\\/\\\/radioljubuski.ba\\\/index.php\\\/2022\\\/04\\\/14\\\/cetvorica-predsjednika-u-borodjanki-ovo-je-mjesto-boli-i-patnje\\\/#primaryimage\",\"url\":\"https:\\\/\\\/radioljubuski.ba\\\/wp-content\\\/uploads\\\/2022\\\/04\\\/2-2022-04-13-19-50-44-330900.jpeg\",\"contentUrl\":\"https:\\\/\\\/radioljubuski.ba\\\/wp-content\\\/uploads\\\/2022\\\/04\\\/2-2022-04-13-19-50-44-330900.jpeg\",\"width\":1000,\"height\":625},{\"@type\":\"BreadcrumbList\",\"@id\":\"https:\\\/\\\/radioljubuski.ba\\\/index.php\\\/2022\\\/04\\\/14\\\/cetvorica-predsjednika-u-borodjanki-ovo-je-mjesto-boli-i-patnje\\\/#breadcrumb\",\"itemListElement\":[{\"@type\":\"ListItem\",\"position\":1,\"name\":\"Po\u010detna stranica\",\"item\":\"https:\\\/\\\/radioljubuski.ba\\\/\"},{\"@type\":\"ListItem\",\"position\":2,\"name\":\"\u010cetvorica predsjednika u Borodjanki: Ovo je mjesto boli i patnje\"}]},{\"@type\":\"WebSite\",\"@id\":\"https:\\\/\\\/radioljubuski.ba\\\/#website\",\"url\":\"https:\\\/\\\/radioljubuski.ba\\\/\",\"name\":\"Radio Ljubu\u0161ki\",\"description\":\"Sun\u010dana frekvencija Hercegovine\",\"publisher\":{\"@id\":\"https:\\\/\\\/radioljubuski.ba\\\/#organization\"},\"potentialAction\":[{\"@type\":\"SearchAction\",\"target\":{\"@type\":\"EntryPoint\",\"urlTemplate\":\"https:\\\/\\\/radioljubuski.ba\\\/?s={search_term_string}\"},\"query-input\":{\"@type\":\"PropertyValueSpecification\",\"valueRequired\":true,\"valueName\":\"search_term_string\"}}],\"inLanguage\":\"hr\"},{\"@type\":\"Organization\",\"@id\":\"https:\\\/\\\/radioljubuski.ba\\\/#organization\",\"name\":\"Radio Ljubu\u0161ki\",\"url\":\"https:\\\/\\\/radioljubuski.ba\\\/\",\"logo\":{\"@type\":\"ImageObject\",\"inLanguage\":\"hr\",\"@id\":\"https:\\\/\\\/radioljubuski.ba\\\/#\\\/schema\\\/logo\\\/image\\\/\",\"url\":\"https:\\\/\\\/radioljubuski.ba\\\/wp-content\\\/uploads\\\/2021\\\/02\\\/cropped-Radio_Ljubuski_logo1.jpg\",\"contentUrl\":\"https:\\\/\\\/radioljubuski.ba\\\/wp-content\\\/uploads\\\/2021\\\/02\\\/cropped-Radio_Ljubuski_logo1.jpg\",\"width\":512,\"height\":512,\"caption\":\"Radio Ljubu\u0161ki\"},\"image\":{\"@id\":\"https:\\\/\\\/radioljubuski.ba\\\/#\\\/schema\\\/logo\\\/image\\\/\"},\"sameAs\":[\"https:\\\/\\\/www.facebook.com\\\/Radiio-Ljubuski-1490835324566332\",\"https:\\\/\\\/x.com\\\/radioljubuski\",\"https:\\\/\\\/hr.linkedin.com\\\/company\\\/radio-ljubuski\",\"https:\\\/\\\/www.youtube.com\\\/channel\\\/UCHYaeO_n0Db3tjNGudGpXyw\"]},{\"@type\":\"Person\",\"@id\":\"https:\\\/\\\/radioljubuski.ba\\\/#\\\/schema\\\/person\\\/19fc700381a780f69665d7956c469e3b\",\"name\":\"Radio Ljubu\u0161ki\"}]}<\/script>\n<!-- \/ Yoast SEO plugin. -->","yoast_head_json":{"title":"\u010cetvorica predsjednika u Borodjanki: Ovo je mjesto boli i patnje - RADIO LJUBU\u0160KI","robots":{"index":"index","follow":"follow","max-snippet":"max-snippet:-1","max-image-preview":"max-image-preview:large","max-video-preview":"max-video-preview:-1"},"canonical":"https:\/\/radioljubuski.ba\/index.php\/2022\/04\/14\/cetvorica-predsjednika-u-borodjanki-ovo-je-mjesto-boli-i-patnje\/","og_locale":"hr_HR","og_type":"article","og_title":"\u010cetvorica predsjednika u Borodjanki: Ovo je mjesto boli i patnje - RADIO LJUBU\u0160KI","og_description":"Predsjednici Poljske i balti\u010dkih zemalja u srijedu su posjetili BorodJanku, gradi\u0107 u blizini Kijeva koji je litavski predsjednik Gitanas Nauseda opisao \u201enatopljenim bolom i patnjom\u201c nakon \u201ebrutalnih ratnih zlo\u010dina\u201c.&nbsp; Nauseda i njegovi kolege, Poljak Andrzej Duda, Estonac Alar Karis i Latvijac Egils Levits u Ukrajinu su stigli zajedno vlakom u cilju iskazivanja podr\u0161ke ukrajinskom predsjedniku [&hellip;]","og_url":"https:\/\/radioljubuski.ba\/index.php\/2022\/04\/14\/cetvorica-predsjednika-u-borodjanki-ovo-je-mjesto-boli-i-patnje\/","og_site_name":"RADIO LJUBU\u0160KI","article_publisher":"https:\/\/www.facebook.com\/Radiio-Ljubuski-1490835324566332","article_published_time":"2022-04-14T00:41:19+00:00","article_modified_time":"2022-04-14T00:41:20+00:00","og_image":[{"width":1000,"height":625,"url":"https:\/\/radioljubuski.ba\/wp-content\/uploads\/2022\/04\/2-2022-04-13-19-50-44-330900.jpeg","type":"image\/jpeg"}],"author":"Radio Ljubu\u0161ki","twitter_card":"summary_large_image","twitter_creator":"@radioljubuski","twitter_site":"@radioljubuski","twitter_misc":{"Napisao\/la":"Radio Ljubu\u0161ki","Procijenjeno vrijeme \u010ditanja":"2 minute"},"schema":{"@context":"https:\/\/schema.org","@graph":[{"@type":"Article","@id":"https:\/\/radioljubuski.ba\/index.php\/2022\/04\/14\/cetvorica-predsjednika-u-borodjanki-ovo-je-mjesto-boli-i-patnje\/#article","isPartOf":{"@id":"https:\/\/radioljubuski.ba\/index.php\/2022\/04\/14\/cetvorica-predsjednika-u-borodjanki-ovo-je-mjesto-boli-i-patnje\/"},"author":{"name":"Radio Ljubu\u0161ki","@id":"https:\/\/radioljubuski.ba\/#\/schema\/person\/19fc700381a780f69665d7956c469e3b"},"headline":"\u010cetvorica predsjednika u Borodjanki: Ovo je mjesto boli i patnje","datePublished":"2022-04-14T00:41:19+00:00","dateModified":"2022-04-14T00:41:20+00:00","mainEntityOfPage":{"@id":"https:\/\/radioljubuski.ba\/index.php\/2022\/04\/14\/cetvorica-predsjednika-u-borodjanki-ovo-je-mjesto-boli-i-patnje\/"},"wordCount":295,"publisher":{"@id":"https:\/\/radioljubuski.ba\/#organization"},"image":{"@id":"https:\/\/radioljubuski.ba\/index.php\/2022\/04\/14\/cetvorica-predsjednika-u-borodjanki-ovo-je-mjesto-boli-i-patnje\/#primaryimage"},"thumbnailUrl":"https:\/\/radioljubuski.ba\/wp-content\/uploads\/2022\/04\/2-2022-04-13-19-50-44-330900.jpeg","articleSection":["BIH i regija"],"inLanguage":"hr"},{"@type":"WebPage","@id":"https:\/\/radioljubuski.ba\/index.php\/2022\/04\/14\/cetvorica-predsjednika-u-borodjanki-ovo-je-mjesto-boli-i-patnje\/","url":"https:\/\/radioljubuski.ba\/index.php\/2022\/04\/14\/cetvorica-predsjednika-u-borodjanki-ovo-je-mjesto-boli-i-patnje\/","name":"\u010cetvorica predsjednika u Borodjanki: Ovo je mjesto boli i patnje - RADIO LJUBU\u0160KI","isPartOf":{"@id":"https:\/\/radioljubuski.ba\/#website"},"primaryImageOfPage":{"@id":"https:\/\/radioljubuski.ba\/index.php\/2022\/04\/14\/cetvorica-predsjednika-u-borodjanki-ovo-je-mjesto-boli-i-patnje\/#primaryimage"},"image":{"@id":"https:\/\/radioljubuski.ba\/index.php\/2022\/04\/14\/cetvorica-predsjednika-u-borodjanki-ovo-je-mjesto-boli-i-patnje\/#primaryimage"},"thumbnailUrl":"https:\/\/radioljubuski.ba\/wp-content\/uploads\/2022\/04\/2-2022-04-13-19-50-44-330900.jpeg","datePublished":"2022-04-14T00:41:19+00:00","dateModified":"2022-04-14T00:41:20+00:00","breadcrumb":{"@id":"https:\/\/radioljubuski.ba\/index.php\/2022\/04\/14\/cetvorica-predsjednika-u-borodjanki-ovo-je-mjesto-boli-i-patnje\/#breadcrumb"},"inLanguage":"hr","potentialAction":[{"@type":"ReadAction","target":["https:\/\/radioljubuski.ba\/index.php\/2022\/04\/14\/cetvorica-predsjednika-u-borodjanki-ovo-je-mjesto-boli-i-patnje\/"]}]},{"@type":"ImageObject","inLanguage":"hr","@id":"https:\/\/radioljubuski.ba\/index.php\/2022\/04\/14\/cetvorica-predsjednika-u-borodjanki-ovo-je-mjesto-boli-i-patnje\/#primaryimage","url":"https:\/\/radioljubuski.ba\/wp-content\/uploads\/2022\/04\/2-2022-04-13-19-50-44-330900.jpeg","contentUrl":"https:\/\/radioljubuski.ba\/wp-content\/uploads\/2022\/04\/2-2022-04-13-19-50-44-330900.jpeg","width":1000,"height":625},{"@type":"BreadcrumbList","@id":"https:\/\/radioljubuski.ba\/index.php\/2022\/04\/14\/cetvorica-predsjednika-u-borodjanki-ovo-je-mjesto-boli-i-patnje\/#breadcrumb","itemListElement":[{"@type":"ListItem","position":1,"name":"Po\u010detna stranica","item":"https:\/\/radioljubuski.ba\/"},{"@type":"ListItem","position":2,"name":"\u010cetvorica predsjednika u Borodjanki: Ovo je mjesto boli i patnje"}]},{"@type":"WebSite","@id":"https:\/\/radioljubuski.ba\/#website","url":"https:\/\/radioljubuski.ba\/","name":"Radio Ljubu\u0161ki","description":"Sun\u010dana frekvencija Hercegovine","publisher":{"@id":"https:\/\/radioljubuski.ba\/#organization"},"potentialAction":[{"@type":"SearchAction","target":{"@type":"EntryPoint","urlTemplate":"https:\/\/radioljubuski.ba\/?s={search_term_string}"},"query-input":{"@type":"PropertyValueSpecification","valueRequired":true,"valueName":"search_term_string"}}],"inLanguage":"hr"},{"@type":"Organization","@id":"https:\/\/radioljubuski.ba\/#organization","name":"Radio Ljubu\u0161ki","url":"https:\/\/radioljubuski.ba\/","logo":{"@type":"ImageObject","inLanguage":"hr","@id":"https:\/\/radioljubuski.ba\/#\/schema\/logo\/image\/","url":"https:\/\/radioljubuski.ba\/wp-content\/uploads\/2021\/02\/cropped-Radio_Ljubuski_logo1.jpg","contentUrl":"https:\/\/radioljubuski.ba\/wp-content\/uploads\/2021\/02\/cropped-Radio_Ljubuski_logo1.jpg","width":512,"height":512,"caption":"Radio Ljubu\u0161ki"},"image":{"@id":"https:\/\/radioljubuski.ba\/#\/schema\/logo\/image\/"},"sameAs":["https:\/\/www.facebook.com\/Radiio-Ljubuski-1490835324566332","https:\/\/x.com\/radioljubuski","https:\/\/hr.linkedin.com\/company\/radio-ljubuski","https:\/\/www.youtube.com\/channel\/UCHYaeO_n0Db3tjNGudGpXyw"]},{"@type":"Person","@id":"https:\/\/radioljubuski.ba\/#\/schema\/person\/19fc700381a780f69665d7956c469e3b","name":"Radio Ljubu\u0161ki"}]}},"_links":{"self":[{"href":"https:\/\/radioljubuski.ba\/index.php\/wp-json\/wp\/v2\/posts\/132358","targetHints":{"allow":["GET"]}}],"collection":[{"href":"https:\/\/radioljubuski.ba\/index.php\/wp-json\/wp\/v2\/posts"}],"about":[{"href":"https:\/\/radioljubuski.ba\/index.php\/wp-json\/wp\/v2\/types\/post"}],"author":[{"embeddable":true,"href":"https:\/\/radioljubuski.ba\/index.php\/wp-json\/wp\/v2\/users\/2"}],"replies":[{"embeddable":true,"href":"https:\/\/radioljubuski.ba\/index.php\/wp-json\/wp\/v2\/comments?post=132358"}],"version-history":[{"count":1,"href":"https:\/\/radioljubuski.ba\/index.php\/wp-json\/wp\/v2\/posts\/132358\/revisions"}],"predecessor-version":[{"id":132360,"href":"https:\/\/radioljubuski.ba\/index.php\/wp-json\/wp\/v2\/posts\/132358\/revisions\/132360"}],"wp:featuredmedia":[{"embeddable":true,"href":"https:\/\/radioljubuski.ba\/index.php\/wp-json\/wp\/v2\/media\/132359"}],"wp:attachment":[{"href":"https:\/\/radioljubuski.ba\/index.php\/wp-json\/wp\/v2\/media?parent=132358"}],"wp:term":[{"taxonomy":"category","embeddable":true,"href":"https:\/\/radioljubuski.ba\/index.php\/wp-json\/wp\/v2\/categories?post=132358"},{"taxonomy":"post_tag","embeddable":true,"href":"https:\/\/radioljubuski.ba\/index.php\/wp-json\/wp\/v2\/tags?post=132358"}],"curies":[{"name":"wp","href":"https:\/\/api.w.org\/{rel}","templated":true}]}}