{"id":132361,"date":"2022-04-14T01:43:05","date_gmt":"2022-04-14T00:43:05","guid":{"rendered":"https:\/\/radioljubuski.ba\/?p=132361"},"modified":"2022-04-14T01:43:07","modified_gmt":"2022-04-14T00:43:07","slug":"sto-sve-morate-popraviti-i-kontrolirati-na-vozilu-nakon-zimskog-razdoblja-video","status":"publish","type":"post","link":"https:\/\/radioljubuski.ba\/index.php\/2022\/04\/14\/sto-sve-morate-popraviti-i-kontrolirati-na-vozilu-nakon-zimskog-razdoblja-video\/","title":{"rendered":"\u0160to sve morate popraviti i kontrolirati na vozilu nakon zimskog razdoblja?! &#8211; video"},"content":{"rendered":"\n<p>Prilikom zamjene zimskih guma i stavljanja ljetnih preporuka je kontrolirati ispravnost geometrije kota\u010da jer je ona va\u017ena za dobra vozna svojstva automobila<\/p>\n\n\n\n<p>Nakon zimskih mjeseci automobil treba pregledati i pripremiti u proljetnom periodu kako bismo spremno do\u010dekali ljetne mjesece, koji znaju predstavljati izazov za starija vozila. Tada se mogu javiti neispravnosti tijekom visokih vanjskih dnevnih temperatura. U proljetnom periodu u skladu s zakonom preporuka je koristiti ljetne gume na automobilu koje omogu\u0107avaju bolje prianjanje na kolniku. Prilikom zamjene zimskih guma i stavljanja ljetnih preporuka je kontrolirati ispravnost geometrije kota\u010da jer je ona va\u017ena za dobra vozna svojstva automobila.<\/p>\n\n\n\n<p>Tijekom zimskih mjeseci metlice brisa\u010da bile su podlo\u017ene o\u0161te\u0107enjima pa ih treba pregledati u proljetnom periodu i po potrebi zamijeniti. Po\u017eeljno je pregledati vjetrobransko staklo na vozilu jer su mogu\u0107a sitna o\u0161te\u0107enja od sitnog posipa koji se zimi nanosi na kolnik, a koji mo\u017ee sadr\u017eavati i kamen\u010di\u0107e, koje kota\u010di vozila ispred nas zahvate i podignu s kolnika tijekom vo\u017enje i izbace na vjetrobransko staklo. Oni mogu prouzro\u010diti sitna o\u0161te\u0107enja na vjetrobranskom staklu ili obojenim dijelovima vozila. Niske temperature, led, kamen\u010di\u0107i, vlaga i sol u zimskom periodu mogu o\u0161tetiti vanjske dijelove vozila pa ih treba u prolje\u0107e popraviti. Tako \u0107e se izbje\u0107i daljnja o\u0161te\u0107enja na vozilu.<\/p>\n\n\n\n<p>Sami mo\u017eete dosta toga u\u010diniti. Vanjskim i unutarnjim pranjem automobila, osim ne\u010disto\u0107a, mogu se odstraniti o ostaci soli &nbsp;\u010dime \u0107e se sprije\u010diti pojava korozije. U proljetnim mjesecima kre\u0107e pelud, vi\u0161e je padalina, a u ljetnim danima tu su i insketi. Uvijek brinite o tome da imate dovoljno teku\u0107ine za pranje stakala. Klju\u010dno je zbog va\u0161e sigurnosti imati \u010dista vjetrobranska stakla.<\/p>\n\n\n\n<p>Prije odlaska na du\u017ei put preporuka je provesti standardne kontrole, a to su razina ulja u motoru, razina rashladne teku\u0107ine, razina teku\u0107ine za stakla, tlak u gumama uklju\u010duju\u0107i i tlak u rezervnoj gumi, sadr\u017eaj obavezne opreme u vozilu, kontrola ispravnosti vanjskog osvjetljenja vozila kao i druge radnje koje su navedene u korisni\u010dkom priru\u010dniku vozila (a mo\u017ee ih provesti voza\u010d).<\/p>\n\n\n\n<p>Sljede\u0107e preglede najbolje je prepustiti stru\u010dnjacima: odr\u017eavanje pogonskog motora i mjenja\u010da, elektrike i elektronike vozila, ovjesa, upravlja\u010da, ko\u010dnica, rashladnog klima ure\u0111aja, stanja karoserije i ostalih klju\u010dnih dijelova vozila.<\/p>\n\n\n\n<p>U prolje\u0107e je idealno rezervirati servisni termin te redovno odr\u017eavati i kontrolirati vozilo jer je kra\u0107e vrijeme \u010dekanja na ugovoreni termin pregleda ili popravka vozila u odnosu ljetni perioda kada po\u010dinju godi\u0161nji odmori servisera. Pogledajte HAK-ov video s instrukcijama\u2026<\/p>\n\n\n\n<iframe loading=\"lazy\" title=\"Priprema automobila za prolje\u0107e i ljeto 2022.\" width=\"640\" height=\"360\" src=\"https:\/\/www.youtube.com\/embed\/65oi8EZoQkk?feature=oembed\" frameborder=\"0\" allow=\"accelerometer; autoplay; clipboard-write; encrypted-media; gyroscope; picture-in-picture; web-share\" referrerpolicy=\"strict-origin-when-cross-origin\" allowfullscreen><\/iframe>\n\n\n\n<p>Izvor:revija HAK<\/p>\n","protected":false},"excerpt":{"rendered":"<p>Prilikom zamjene zimskih guma i stavljanja ljetnih preporuka je kontrolirati ispravnost geometrije kota\u010da jer je ona va\u017ena za dobra vozna svojstva automobila Nakon zimskih mjeseci automobil treba pregledati i pripremiti u proljetnom periodu kako bismo spremno do\u010dekali ljetne mjesece, koji znaju predstavljati izazov za starija vozila. Tada se mogu javiti neispravnosti tijekom visokih vanjskih dnevnih [&hellip;]<\/p>\n","protected":false},"author":2,"featured_media":132362,"comment_status":"closed","ping_status":"closed","sticky":false,"template":"","format":"standard","meta":{"h5ap_radio_sources":[],"footnotes":""},"categories":[1],"tags":[],"class_list":["post-132361","post","type-post","status-publish","format-standard","has-post-thumbnail","hentry","category-bihiregija"],"yoast_head":"<!-- This site is optimized with the Yoast SEO plugin v27.5 - https:\/\/yoast.com\/product\/yoast-seo-wordpress\/ -->\n<title>\u0160to sve morate popraviti i kontrolirati na vozilu nakon zimskog razdoblja?! - video - RADIO LJUBU\u0160KI<\/title>\n<meta name=\"robots\" content=\"index, follow, max-snippet:-1, max-image-preview:large, max-video-preview:-1\" \/>\n<link rel=\"canonical\" href=\"https:\/\/radioljubuski.ba\/index.php\/2022\/04\/14\/sto-sve-morate-popraviti-i-kontrolirati-na-vozilu-nakon-zimskog-razdoblja-video\/\" \/>\n<meta property=\"og:locale\" content=\"hr_HR\" \/>\n<meta property=\"og:type\" content=\"article\" \/>\n<meta property=\"og:title\" content=\"\u0160to sve morate popraviti i kontrolirati na vozilu nakon zimskog razdoblja?! - video - RADIO LJUBU\u0160KI\" \/>\n<meta property=\"og:description\" content=\"Prilikom zamjene zimskih guma i stavljanja ljetnih preporuka je kontrolirati ispravnost geometrije kota\u010da jer je ona va\u017ena za dobra vozna svojstva automobila Nakon zimskih mjeseci automobil treba pregledati i pripremiti u proljetnom periodu kako bismo spremno do\u010dekali ljetne mjesece, koji znaju predstavljati izazov za starija vozila. Tada se mogu javiti neispravnosti tijekom visokih vanjskih dnevnih [&hellip;]\" \/>\n<meta property=\"og:url\" content=\"https:\/\/radioljubuski.ba\/index.php\/2022\/04\/14\/sto-sve-morate-popraviti-i-kontrolirati-na-vozilu-nakon-zimskog-razdoblja-video\/\" \/>\n<meta property=\"og:site_name\" content=\"RADIO LJUBU\u0160KI\" \/>\n<meta property=\"article:publisher\" content=\"https:\/\/www.facebook.com\/Radiio-Ljubuski-1490835324566332\" \/>\n<meta property=\"article:published_time\" content=\"2022-04-14T00:43:05+00:00\" \/>\n<meta property=\"article:modified_time\" content=\"2022-04-14T00:43:07+00:00\" \/>\n<meta property=\"og:image\" content=\"https:\/\/radioljubuski.ba\/wp-content\/uploads\/2022\/04\/8-2022-02-02-11-48-45-SLOVENIJA-AUTOCESTA.jpg\" \/>\n\t<meta property=\"og:image:width\" content=\"1000\" \/>\n\t<meta property=\"og:image:height\" content=\"625\" \/>\n\t<meta property=\"og:image:type\" content=\"image\/jpeg\" \/>\n<meta name=\"author\" content=\"Radio Ljubu\u0161ki\" \/>\n<meta name=\"twitter:card\" content=\"summary_large_image\" \/>\n<meta name=\"twitter:creator\" content=\"@radioljubuski\" \/>\n<meta name=\"twitter:site\" content=\"@radioljubuski\" \/>\n<meta name=\"twitter:label1\" content=\"Napisao\/la\" \/>\n\t<meta name=\"twitter:data1\" content=\"Radio Ljubu\u0161ki\" \/>\n\t<meta name=\"twitter:label2\" content=\"Procijenjeno vrijeme \u010ditanja\" \/>\n\t<meta name=\"twitter:data2\" content=\"2 minute\" \/>\n<script type=\"application\/ld+json\" class=\"yoast-schema-graph\">{\"@context\":\"https:\\\/\\\/schema.org\",\"@graph\":[{\"@type\":\"Article\",\"@id\":\"https:\\\/\\\/radioljubuski.ba\\\/index.php\\\/2022\\\/04\\\/14\\\/sto-sve-morate-popraviti-i-kontrolirati-na-vozilu-nakon-zimskog-razdoblja-video\\\/#article\",\"isPartOf\":{\"@id\":\"https:\\\/\\\/radioljubuski.ba\\\/index.php\\\/2022\\\/04\\\/14\\\/sto-sve-morate-popraviti-i-kontrolirati-na-vozilu-nakon-zimskog-razdoblja-video\\\/\"},\"author\":{\"name\":\"Radio Ljubu\u0161ki\",\"@id\":\"https:\\\/\\\/radioljubuski.ba\\\/#\\\/schema\\\/person\\\/19fc700381a780f69665d7956c469e3b\"},\"headline\":\"\u0160to sve morate popraviti i kontrolirati na vozilu nakon zimskog razdoblja?! &#8211; video\",\"datePublished\":\"2022-04-14T00:43:05+00:00\",\"dateModified\":\"2022-04-14T00:43:07+00:00\",\"mainEntityOfPage\":{\"@id\":\"https:\\\/\\\/radioljubuski.ba\\\/index.php\\\/2022\\\/04\\\/14\\\/sto-sve-morate-popraviti-i-kontrolirati-na-vozilu-nakon-zimskog-razdoblja-video\\\/\"},\"wordCount\":476,\"publisher\":{\"@id\":\"https:\\\/\\\/radioljubuski.ba\\\/#organization\"},\"image\":{\"@id\":\"https:\\\/\\\/radioljubuski.ba\\\/index.php\\\/2022\\\/04\\\/14\\\/sto-sve-morate-popraviti-i-kontrolirati-na-vozilu-nakon-zimskog-razdoblja-video\\\/#primaryimage\"},\"thumbnailUrl\":\"https:\\\/\\\/radioljubuski.ba\\\/wp-content\\\/uploads\\\/2022\\\/04\\\/8-2022-02-02-11-48-45-SLOVENIJA-AUTOCESTA.jpg\",\"articleSection\":[\"BIH i regija\"],\"inLanguage\":\"hr\"},{\"@type\":\"WebPage\",\"@id\":\"https:\\\/\\\/radioljubuski.ba\\\/index.php\\\/2022\\\/04\\\/14\\\/sto-sve-morate-popraviti-i-kontrolirati-na-vozilu-nakon-zimskog-razdoblja-video\\\/\",\"url\":\"https:\\\/\\\/radioljubuski.ba\\\/index.php\\\/2022\\\/04\\\/14\\\/sto-sve-morate-popraviti-i-kontrolirati-na-vozilu-nakon-zimskog-razdoblja-video\\\/\",\"name\":\"\u0160to sve morate popraviti i kontrolirati na vozilu nakon zimskog razdoblja?! - video - RADIO LJUBU\u0160KI\",\"isPartOf\":{\"@id\":\"https:\\\/\\\/radioljubuski.ba\\\/#website\"},\"primaryImageOfPage\":{\"@id\":\"https:\\\/\\\/radioljubuski.ba\\\/index.php\\\/2022\\\/04\\\/14\\\/sto-sve-morate-popraviti-i-kontrolirati-na-vozilu-nakon-zimskog-razdoblja-video\\\/#primaryimage\"},\"image\":{\"@id\":\"https:\\\/\\\/radioljubuski.ba\\\/index.php\\\/2022\\\/04\\\/14\\\/sto-sve-morate-popraviti-i-kontrolirati-na-vozilu-nakon-zimskog-razdoblja-video\\\/#primaryimage\"},\"thumbnailUrl\":\"https:\\\/\\\/radioljubuski.ba\\\/wp-content\\\/uploads\\\/2022\\\/04\\\/8-2022-02-02-11-48-45-SLOVENIJA-AUTOCESTA.jpg\",\"datePublished\":\"2022-04-14T00:43:05+00:00\",\"dateModified\":\"2022-04-14T00:43:07+00:00\",\"breadcrumb\":{\"@id\":\"https:\\\/\\\/radioljubuski.ba\\\/index.php\\\/2022\\\/04\\\/14\\\/sto-sve-morate-popraviti-i-kontrolirati-na-vozilu-nakon-zimskog-razdoblja-video\\\/#breadcrumb\"},\"inLanguage\":\"hr\",\"potentialAction\":[{\"@type\":\"ReadAction\",\"target\":[\"https:\\\/\\\/radioljubuski.ba\\\/index.php\\\/2022\\\/04\\\/14\\\/sto-sve-morate-popraviti-i-kontrolirati-na-vozilu-nakon-zimskog-razdoblja-video\\\/\"]}]},{\"@type\":\"ImageObject\",\"inLanguage\":\"hr\",\"@id\":\"https:\\\/\\\/radioljubuski.ba\\\/index.php\\\/2022\\\/04\\\/14\\\/sto-sve-morate-popraviti-i-kontrolirati-na-vozilu-nakon-zimskog-razdoblja-video\\\/#primaryimage\",\"url\":\"https:\\\/\\\/radioljubuski.ba\\\/wp-content\\\/uploads\\\/2022\\\/04\\\/8-2022-02-02-11-48-45-SLOVENIJA-AUTOCESTA.jpg\",\"contentUrl\":\"https:\\\/\\\/radioljubuski.ba\\\/wp-content\\\/uploads\\\/2022\\\/04\\\/8-2022-02-02-11-48-45-SLOVENIJA-AUTOCESTA.jpg\",\"width\":1000,\"height\":625},{\"@type\":\"BreadcrumbList\",\"@id\":\"https:\\\/\\\/radioljubuski.ba\\\/index.php\\\/2022\\\/04\\\/14\\\/sto-sve-morate-popraviti-i-kontrolirati-na-vozilu-nakon-zimskog-razdoblja-video\\\/#breadcrumb\",\"itemListElement\":[{\"@type\":\"ListItem\",\"position\":1,\"name\":\"Po\u010detna stranica\",\"item\":\"https:\\\/\\\/radioljubuski.ba\\\/\"},{\"@type\":\"ListItem\",\"position\":2,\"name\":\"\u0160to sve morate popraviti i kontrolirati na vozilu nakon zimskog razdoblja?! &#8211; video\"}]},{\"@type\":\"WebSite\",\"@id\":\"https:\\\/\\\/radioljubuski.ba\\\/#website\",\"url\":\"https:\\\/\\\/radioljubuski.ba\\\/\",\"name\":\"Radio Ljubu\u0161ki\",\"description\":\"Sun\u010dana frekvencija Hercegovine\",\"publisher\":{\"@id\":\"https:\\\/\\\/radioljubuski.ba\\\/#organization\"},\"potentialAction\":[{\"@type\":\"SearchAction\",\"target\":{\"@type\":\"EntryPoint\",\"urlTemplate\":\"https:\\\/\\\/radioljubuski.ba\\\/?s={search_term_string}\"},\"query-input\":{\"@type\":\"PropertyValueSpecification\",\"valueRequired\":true,\"valueName\":\"search_term_string\"}}],\"inLanguage\":\"hr\"},{\"@type\":\"Organization\",\"@id\":\"https:\\\/\\\/radioljubuski.ba\\\/#organization\",\"name\":\"Radio Ljubu\u0161ki\",\"url\":\"https:\\\/\\\/radioljubuski.ba\\\/\",\"logo\":{\"@type\":\"ImageObject\",\"inLanguage\":\"hr\",\"@id\":\"https:\\\/\\\/radioljubuski.ba\\\/#\\\/schema\\\/logo\\\/image\\\/\",\"url\":\"https:\\\/\\\/radioljubuski.ba\\\/wp-content\\\/uploads\\\/2021\\\/02\\\/cropped-Radio_Ljubuski_logo1.jpg\",\"contentUrl\":\"https:\\\/\\\/radioljubuski.ba\\\/wp-content\\\/uploads\\\/2021\\\/02\\\/cropped-Radio_Ljubuski_logo1.jpg\",\"width\":512,\"height\":512,\"caption\":\"Radio Ljubu\u0161ki\"},\"image\":{\"@id\":\"https:\\\/\\\/radioljubuski.ba\\\/#\\\/schema\\\/logo\\\/image\\\/\"},\"sameAs\":[\"https:\\\/\\\/www.facebook.com\\\/Radiio-Ljubuski-1490835324566332\",\"https:\\\/\\\/x.com\\\/radioljubuski\",\"https:\\\/\\\/hr.linkedin.com\\\/company\\\/radio-ljubuski\",\"https:\\\/\\\/www.youtube.com\\\/channel\\\/UCHYaeO_n0Db3tjNGudGpXyw\"]},{\"@type\":\"Person\",\"@id\":\"https:\\\/\\\/radioljubuski.ba\\\/#\\\/schema\\\/person\\\/19fc700381a780f69665d7956c469e3b\",\"name\":\"Radio Ljubu\u0161ki\"}]}<\/script>\n<!-- \/ Yoast SEO plugin. -->","yoast_head_json":{"title":"\u0160to sve morate popraviti i kontrolirati na vozilu nakon zimskog razdoblja?! - video - RADIO LJUBU\u0160KI","robots":{"index":"index","follow":"follow","max-snippet":"max-snippet:-1","max-image-preview":"max-image-preview:large","max-video-preview":"max-video-preview:-1"},"canonical":"https:\/\/radioljubuski.ba\/index.php\/2022\/04\/14\/sto-sve-morate-popraviti-i-kontrolirati-na-vozilu-nakon-zimskog-razdoblja-video\/","og_locale":"hr_HR","og_type":"article","og_title":"\u0160to sve morate popraviti i kontrolirati na vozilu nakon zimskog razdoblja?! - video - RADIO LJUBU\u0160KI","og_description":"Prilikom zamjene zimskih guma i stavljanja ljetnih preporuka je kontrolirati ispravnost geometrije kota\u010da jer je ona va\u017ena za dobra vozna svojstva automobila Nakon zimskih mjeseci automobil treba pregledati i pripremiti u proljetnom periodu kako bismo spremno do\u010dekali ljetne mjesece, koji znaju predstavljati izazov za starija vozila. Tada se mogu javiti neispravnosti tijekom visokih vanjskih dnevnih [&hellip;]","og_url":"https:\/\/radioljubuski.ba\/index.php\/2022\/04\/14\/sto-sve-morate-popraviti-i-kontrolirati-na-vozilu-nakon-zimskog-razdoblja-video\/","og_site_name":"RADIO LJUBU\u0160KI","article_publisher":"https:\/\/www.facebook.com\/Radiio-Ljubuski-1490835324566332","article_published_time":"2022-04-14T00:43:05+00:00","article_modified_time":"2022-04-14T00:43:07+00:00","og_image":[{"width":1000,"height":625,"url":"https:\/\/radioljubuski.ba\/wp-content\/uploads\/2022\/04\/8-2022-02-02-11-48-45-SLOVENIJA-AUTOCESTA.jpg","type":"image\/jpeg"}],"author":"Radio Ljubu\u0161ki","twitter_card":"summary_large_image","twitter_creator":"@radioljubuski","twitter_site":"@radioljubuski","twitter_misc":{"Napisao\/la":"Radio Ljubu\u0161ki","Procijenjeno vrijeme \u010ditanja":"2 minute"},"schema":{"@context":"https:\/\/schema.org","@graph":[{"@type":"Article","@id":"https:\/\/radioljubuski.ba\/index.php\/2022\/04\/14\/sto-sve-morate-popraviti-i-kontrolirati-na-vozilu-nakon-zimskog-razdoblja-video\/#article","isPartOf":{"@id":"https:\/\/radioljubuski.ba\/index.php\/2022\/04\/14\/sto-sve-morate-popraviti-i-kontrolirati-na-vozilu-nakon-zimskog-razdoblja-video\/"},"author":{"name":"Radio Ljubu\u0161ki","@id":"https:\/\/radioljubuski.ba\/#\/schema\/person\/19fc700381a780f69665d7956c469e3b"},"headline":"\u0160to sve morate popraviti i kontrolirati na vozilu nakon zimskog razdoblja?! &#8211; video","datePublished":"2022-04-14T00:43:05+00:00","dateModified":"2022-04-14T00:43:07+00:00","mainEntityOfPage":{"@id":"https:\/\/radioljubuski.ba\/index.php\/2022\/04\/14\/sto-sve-morate-popraviti-i-kontrolirati-na-vozilu-nakon-zimskog-razdoblja-video\/"},"wordCount":476,"publisher":{"@id":"https:\/\/radioljubuski.ba\/#organization"},"image":{"@id":"https:\/\/radioljubuski.ba\/index.php\/2022\/04\/14\/sto-sve-morate-popraviti-i-kontrolirati-na-vozilu-nakon-zimskog-razdoblja-video\/#primaryimage"},"thumbnailUrl":"https:\/\/radioljubuski.ba\/wp-content\/uploads\/2022\/04\/8-2022-02-02-11-48-45-SLOVENIJA-AUTOCESTA.jpg","articleSection":["BIH i regija"],"inLanguage":"hr"},{"@type":"WebPage","@id":"https:\/\/radioljubuski.ba\/index.php\/2022\/04\/14\/sto-sve-morate-popraviti-i-kontrolirati-na-vozilu-nakon-zimskog-razdoblja-video\/","url":"https:\/\/radioljubuski.ba\/index.php\/2022\/04\/14\/sto-sve-morate-popraviti-i-kontrolirati-na-vozilu-nakon-zimskog-razdoblja-video\/","name":"\u0160to sve morate popraviti i kontrolirati na vozilu nakon zimskog razdoblja?! - video - RADIO LJUBU\u0160KI","isPartOf":{"@id":"https:\/\/radioljubuski.ba\/#website"},"primaryImageOfPage":{"@id":"https:\/\/radioljubuski.ba\/index.php\/2022\/04\/14\/sto-sve-morate-popraviti-i-kontrolirati-na-vozilu-nakon-zimskog-razdoblja-video\/#primaryimage"},"image":{"@id":"https:\/\/radioljubuski.ba\/index.php\/2022\/04\/14\/sto-sve-morate-popraviti-i-kontrolirati-na-vozilu-nakon-zimskog-razdoblja-video\/#primaryimage"},"thumbnailUrl":"https:\/\/radioljubuski.ba\/wp-content\/uploads\/2022\/04\/8-2022-02-02-11-48-45-SLOVENIJA-AUTOCESTA.jpg","datePublished":"2022-04-14T00:43:05+00:00","dateModified":"2022-04-14T00:43:07+00:00","breadcrumb":{"@id":"https:\/\/radioljubuski.ba\/index.php\/2022\/04\/14\/sto-sve-morate-popraviti-i-kontrolirati-na-vozilu-nakon-zimskog-razdoblja-video\/#breadcrumb"},"inLanguage":"hr","potentialAction":[{"@type":"ReadAction","target":["https:\/\/radioljubuski.ba\/index.php\/2022\/04\/14\/sto-sve-morate-popraviti-i-kontrolirati-na-vozilu-nakon-zimskog-razdoblja-video\/"]}]},{"@type":"ImageObject","inLanguage":"hr","@id":"https:\/\/radioljubuski.ba\/index.php\/2022\/04\/14\/sto-sve-morate-popraviti-i-kontrolirati-na-vozilu-nakon-zimskog-razdoblja-video\/#primaryimage","url":"https:\/\/radioljubuski.ba\/wp-content\/uploads\/2022\/04\/8-2022-02-02-11-48-45-SLOVENIJA-AUTOCESTA.jpg","contentUrl":"https:\/\/radioljubuski.ba\/wp-content\/uploads\/2022\/04\/8-2022-02-02-11-48-45-SLOVENIJA-AUTOCESTA.jpg","width":1000,"height":625},{"@type":"BreadcrumbList","@id":"https:\/\/radioljubuski.ba\/index.php\/2022\/04\/14\/sto-sve-morate-popraviti-i-kontrolirati-na-vozilu-nakon-zimskog-razdoblja-video\/#breadcrumb","itemListElement":[{"@type":"ListItem","position":1,"name":"Po\u010detna stranica","item":"https:\/\/radioljubuski.ba\/"},{"@type":"ListItem","position":2,"name":"\u0160to sve morate popraviti i kontrolirati na vozilu nakon zimskog razdoblja?! &#8211; video"}]},{"@type":"WebSite","@id":"https:\/\/radioljubuski.ba\/#website","url":"https:\/\/radioljubuski.ba\/","name":"Radio Ljubu\u0161ki","description":"Sun\u010dana frekvencija Hercegovine","publisher":{"@id":"https:\/\/radioljubuski.ba\/#organization"},"potentialAction":[{"@type":"SearchAction","target":{"@type":"EntryPoint","urlTemplate":"https:\/\/radioljubuski.ba\/?s={search_term_string}"},"query-input":{"@type":"PropertyValueSpecification","valueRequired":true,"valueName":"search_term_string"}}],"inLanguage":"hr"},{"@type":"Organization","@id":"https:\/\/radioljubuski.ba\/#organization","name":"Radio Ljubu\u0161ki","url":"https:\/\/radioljubuski.ba\/","logo":{"@type":"ImageObject","inLanguage":"hr","@id":"https:\/\/radioljubuski.ba\/#\/schema\/logo\/image\/","url":"https:\/\/radioljubuski.ba\/wp-content\/uploads\/2021\/02\/cropped-Radio_Ljubuski_logo1.jpg","contentUrl":"https:\/\/radioljubuski.ba\/wp-content\/uploads\/2021\/02\/cropped-Radio_Ljubuski_logo1.jpg","width":512,"height":512,"caption":"Radio Ljubu\u0161ki"},"image":{"@id":"https:\/\/radioljubuski.ba\/#\/schema\/logo\/image\/"},"sameAs":["https:\/\/www.facebook.com\/Radiio-Ljubuski-1490835324566332","https:\/\/x.com\/radioljubuski","https:\/\/hr.linkedin.com\/company\/radio-ljubuski","https:\/\/www.youtube.com\/channel\/UCHYaeO_n0Db3tjNGudGpXyw"]},{"@type":"Person","@id":"https:\/\/radioljubuski.ba\/#\/schema\/person\/19fc700381a780f69665d7956c469e3b","name":"Radio Ljubu\u0161ki"}]}},"_links":{"self":[{"href":"https:\/\/radioljubuski.ba\/index.php\/wp-json\/wp\/v2\/posts\/132361","targetHints":{"allow":["GET"]}}],"collection":[{"href":"https:\/\/radioljubuski.ba\/index.php\/wp-json\/wp\/v2\/posts"}],"about":[{"href":"https:\/\/radioljubuski.ba\/index.php\/wp-json\/wp\/v2\/types\/post"}],"author":[{"embeddable":true,"href":"https:\/\/radioljubuski.ba\/index.php\/wp-json\/wp\/v2\/users\/2"}],"replies":[{"embeddable":true,"href":"https:\/\/radioljubuski.ba\/index.php\/wp-json\/wp\/v2\/comments?post=132361"}],"version-history":[{"count":1,"href":"https:\/\/radioljubuski.ba\/index.php\/wp-json\/wp\/v2\/posts\/132361\/revisions"}],"predecessor-version":[{"id":132363,"href":"https:\/\/radioljubuski.ba\/index.php\/wp-json\/wp\/v2\/posts\/132361\/revisions\/132363"}],"wp:featuredmedia":[{"embeddable":true,"href":"https:\/\/radioljubuski.ba\/index.php\/wp-json\/wp\/v2\/media\/132362"}],"wp:attachment":[{"href":"https:\/\/radioljubuski.ba\/index.php\/wp-json\/wp\/v2\/media?parent=132361"}],"wp:term":[{"taxonomy":"category","embeddable":true,"href":"https:\/\/radioljubuski.ba\/index.php\/wp-json\/wp\/v2\/categories?post=132361"},{"taxonomy":"post_tag","embeddable":true,"href":"https:\/\/radioljubuski.ba\/index.php\/wp-json\/wp\/v2\/tags?post=132361"}],"curies":[{"name":"wp","href":"https:\/\/api.w.org\/{rel}","templated":true}]}}