{"id":132367,"date":"2022-04-14T01:46:30","date_gmt":"2022-04-14T00:46:30","guid":{"rendered":"https:\/\/radioljubuski.ba\/?p=132367"},"modified":"2022-04-14T01:46:31","modified_gmt":"2022-04-14T00:46:31","slug":"objavljen-video-prevrnutog-helikoptera-oruzanih-snaga-bih","status":"publish","type":"post","link":"https:\/\/radioljubuski.ba\/index.php\/2022\/04\/14\/objavljen-video-prevrnutog-helikoptera-oruzanih-snaga-bih\/","title":{"rendered":"Objavljen video prevrnutog helikoptera Oru\u017eanih snaga BiH"},"content":{"rendered":"\n<p>Na poligonu kod Visokog jutros se prevrnuo helikopter Oru\u017eanih snaga BiH prilikom redovne leta\u010dke obuke helikopterskih jedinica Brigade zra\u010dnih snaga BiH, pri \u010demu nije bilo stradalih, ni te\u017ee ozlije\u0111enih.<\/p>\n\n\n\n<p>Iz Ministarstva obrane Bosne i Hercegovine priop\u0107eno je da na helikopteru ima vidljivih o\u0161te\u0107enja.<\/p>\n\n\n\n<p>Navodi se da se dinami\u010dko prevrtanje na zemlju dogodio u 11:30 sati, te da je rije\u010d o helikopteru \u201cBell huey II\u201d, ameri\u010dke proizvodnje, \u010dija je primopredaja OS BiH obavljena sredinom prosinca pro\u0161le godine.Ovaj helikopter jedan je od \u010detiri ameri\u010dka helikoptera, \u010diji je ugovor o nabavci ukupne vrijednosti 38.539.378 ameri\u010dkih dolara, od \u010dega je BiH sudjelovala s 4.360.000 dolara, odnosno 7,5 milijuna KM, kroz program FMS-a.<\/p>\n\n\n\n<p>Na mjesto nesre\u0107e stigla je nadle\u017ena jedinica Oru\u017eanih snaga za osiguravanje mjesta doga\u0111aja, a obavije\u0161teni su i nadle\u017eni organi koji \u0107e provesti uvi\u0111aj.<\/p>\n\n\n\n<p>Zajedni\u010dki sto\u017eer Oru\u017eanih snaga BiH poduzet \u0107e sve zakonom propisane procedure u vezi sa ovim doga\u0111ajem, te o tome blagovremeno obavijestiti javnost, navode iz ministarstva.<\/p>\n\n\n\nhttps:\/\/www.youtube.com\/watch?v=Hmp_es33VSA\n\n\n\n<p>Izvor:pogled.ba<\/p>\n","protected":false},"excerpt":{"rendered":"<p>Na poligonu kod Visokog jutros se prevrnuo helikopter Oru\u017eanih snaga BiH prilikom redovne leta\u010dke obuke helikopterskih jedinica Brigade zra\u010dnih snaga BiH, pri \u010demu nije bilo stradalih, ni te\u017ee ozlije\u0111enih. Iz Ministarstva obrane Bosne i Hercegovine priop\u0107eno je da na helikopteru ima vidljivih o\u0161te\u0107enja. Navodi se da se dinami\u010dko prevrtanje na zemlju dogodio u 11:30 sati, [&hellip;]<\/p>\n","protected":false},"author":2,"featured_media":132368,"comment_status":"closed","ping_status":"closed","sticky":false,"template":"","format":"standard","meta":{"h5ap_radio_sources":[],"footnotes":""},"categories":[1],"tags":[],"class_list":["post-132367","post","type-post","status-publish","format-standard","has-post-thumbnail","hentry","category-bihiregija"],"yoast_head":"<!-- This site is optimized with the Yoast SEO plugin v27.5 - https:\/\/yoast.com\/product\/yoast-seo-wordpress\/ -->\n<title>Objavljen video prevrnutog helikoptera Oru\u017eanih snaga BiH - RADIO LJUBU\u0160KI<\/title>\n<meta name=\"robots\" content=\"index, follow, max-snippet:-1, max-image-preview:large, max-video-preview:-1\" \/>\n<link rel=\"canonical\" href=\"https:\/\/radioljubuski.ba\/index.php\/2022\/04\/14\/objavljen-video-prevrnutog-helikoptera-oruzanih-snaga-bih\/\" \/>\n<meta property=\"og:locale\" content=\"hr_HR\" \/>\n<meta property=\"og:type\" content=\"article\" \/>\n<meta property=\"og:title\" content=\"Objavljen video prevrnutog helikoptera Oru\u017eanih snaga BiH - RADIO LJUBU\u0160KI\" \/>\n<meta property=\"og:description\" content=\"Na poligonu kod Visokog jutros se prevrnuo helikopter Oru\u017eanih snaga BiH prilikom redovne leta\u010dke obuke helikopterskih jedinica Brigade zra\u010dnih snaga BiH, pri \u010demu nije bilo stradalih, ni te\u017ee ozlije\u0111enih. Iz Ministarstva obrane Bosne i Hercegovine priop\u0107eno je da na helikopteru ima vidljivih o\u0161te\u0107enja. Navodi se da se dinami\u010dko prevrtanje na zemlju dogodio u 11:30 sati, [&hellip;]\" \/>\n<meta property=\"og:url\" content=\"https:\/\/radioljubuski.ba\/index.php\/2022\/04\/14\/objavljen-video-prevrnutog-helikoptera-oruzanih-snaga-bih\/\" \/>\n<meta property=\"og:site_name\" content=\"RADIO LJUBU\u0160KI\" \/>\n<meta property=\"article:publisher\" content=\"https:\/\/www.facebook.com\/Radiio-Ljubuski-1490835324566332\" \/>\n<meta property=\"article:published_time\" content=\"2022-04-14T00:46:30+00:00\" \/>\n<meta property=\"article:modified_time\" content=\"2022-04-14T00:46:31+00:00\" \/>\n<meta property=\"og:image\" content=\"https:\/\/radioljubuski.ba\/wp-content\/uploads\/2022\/04\/8-2022-04-13-19-26-33-HELIC.jpg\" \/>\n\t<meta property=\"og:image:width\" content=\"1000\" \/>\n\t<meta property=\"og:image:height\" content=\"625\" \/>\n\t<meta property=\"og:image:type\" content=\"image\/jpeg\" \/>\n<meta name=\"author\" content=\"Radio Ljubu\u0161ki\" \/>\n<meta name=\"twitter:card\" content=\"summary_large_image\" \/>\n<meta name=\"twitter:creator\" content=\"@radioljubuski\" \/>\n<meta name=\"twitter:site\" content=\"@radioljubuski\" \/>\n<meta name=\"twitter:label1\" content=\"Napisao\/la\" \/>\n\t<meta name=\"twitter:data1\" content=\"Radio Ljubu\u0161ki\" \/>\n\t<meta name=\"twitter:label2\" content=\"Procijenjeno vrijeme \u010ditanja\" \/>\n\t<meta name=\"twitter:data2\" content=\"1 minuta\" \/>\n<script type=\"application\/ld+json\" class=\"yoast-schema-graph\">{\"@context\":\"https:\\\/\\\/schema.org\",\"@graph\":[{\"@type\":\"Article\",\"@id\":\"https:\\\/\\\/radioljubuski.ba\\\/index.php\\\/2022\\\/04\\\/14\\\/objavljen-video-prevrnutog-helikoptera-oruzanih-snaga-bih\\\/#article\",\"isPartOf\":{\"@id\":\"https:\\\/\\\/radioljubuski.ba\\\/index.php\\\/2022\\\/04\\\/14\\\/objavljen-video-prevrnutog-helikoptera-oruzanih-snaga-bih\\\/\"},\"author\":{\"name\":\"Radio Ljubu\u0161ki\",\"@id\":\"https:\\\/\\\/radioljubuski.ba\\\/#\\\/schema\\\/person\\\/19fc700381a780f69665d7956c469e3b\"},\"headline\":\"Objavljen video prevrnutog helikoptera Oru\u017eanih snaga BiH\",\"datePublished\":\"2022-04-14T00:46:30+00:00\",\"dateModified\":\"2022-04-14T00:46:31+00:00\",\"mainEntityOfPage\":{\"@id\":\"https:\\\/\\\/radioljubuski.ba\\\/index.php\\\/2022\\\/04\\\/14\\\/objavljen-video-prevrnutog-helikoptera-oruzanih-snaga-bih\\\/\"},\"wordCount\":197,\"publisher\":{\"@id\":\"https:\\\/\\\/radioljubuski.ba\\\/#organization\"},\"image\":{\"@id\":\"https:\\\/\\\/radioljubuski.ba\\\/index.php\\\/2022\\\/04\\\/14\\\/objavljen-video-prevrnutog-helikoptera-oruzanih-snaga-bih\\\/#primaryimage\"},\"thumbnailUrl\":\"https:\\\/\\\/radioljubuski.ba\\\/wp-content\\\/uploads\\\/2022\\\/04\\\/8-2022-04-13-19-26-33-HELIC.jpg\",\"articleSection\":[\"BIH i regija\"],\"inLanguage\":\"hr\"},{\"@type\":\"WebPage\",\"@id\":\"https:\\\/\\\/radioljubuski.ba\\\/index.php\\\/2022\\\/04\\\/14\\\/objavljen-video-prevrnutog-helikoptera-oruzanih-snaga-bih\\\/\",\"url\":\"https:\\\/\\\/radioljubuski.ba\\\/index.php\\\/2022\\\/04\\\/14\\\/objavljen-video-prevrnutog-helikoptera-oruzanih-snaga-bih\\\/\",\"name\":\"Objavljen video prevrnutog helikoptera Oru\u017eanih snaga BiH - RADIO LJUBU\u0160KI\",\"isPartOf\":{\"@id\":\"https:\\\/\\\/radioljubuski.ba\\\/#website\"},\"primaryImageOfPage\":{\"@id\":\"https:\\\/\\\/radioljubuski.ba\\\/index.php\\\/2022\\\/04\\\/14\\\/objavljen-video-prevrnutog-helikoptera-oruzanih-snaga-bih\\\/#primaryimage\"},\"image\":{\"@id\":\"https:\\\/\\\/radioljubuski.ba\\\/index.php\\\/2022\\\/04\\\/14\\\/objavljen-video-prevrnutog-helikoptera-oruzanih-snaga-bih\\\/#primaryimage\"},\"thumbnailUrl\":\"https:\\\/\\\/radioljubuski.ba\\\/wp-content\\\/uploads\\\/2022\\\/04\\\/8-2022-04-13-19-26-33-HELIC.jpg\",\"datePublished\":\"2022-04-14T00:46:30+00:00\",\"dateModified\":\"2022-04-14T00:46:31+00:00\",\"breadcrumb\":{\"@id\":\"https:\\\/\\\/radioljubuski.ba\\\/index.php\\\/2022\\\/04\\\/14\\\/objavljen-video-prevrnutog-helikoptera-oruzanih-snaga-bih\\\/#breadcrumb\"},\"inLanguage\":\"hr\",\"potentialAction\":[{\"@type\":\"ReadAction\",\"target\":[\"https:\\\/\\\/radioljubuski.ba\\\/index.php\\\/2022\\\/04\\\/14\\\/objavljen-video-prevrnutog-helikoptera-oruzanih-snaga-bih\\\/\"]}]},{\"@type\":\"ImageObject\",\"inLanguage\":\"hr\",\"@id\":\"https:\\\/\\\/radioljubuski.ba\\\/index.php\\\/2022\\\/04\\\/14\\\/objavljen-video-prevrnutog-helikoptera-oruzanih-snaga-bih\\\/#primaryimage\",\"url\":\"https:\\\/\\\/radioljubuski.ba\\\/wp-content\\\/uploads\\\/2022\\\/04\\\/8-2022-04-13-19-26-33-HELIC.jpg\",\"contentUrl\":\"https:\\\/\\\/radioljubuski.ba\\\/wp-content\\\/uploads\\\/2022\\\/04\\\/8-2022-04-13-19-26-33-HELIC.jpg\",\"width\":1000,\"height\":625},{\"@type\":\"BreadcrumbList\",\"@id\":\"https:\\\/\\\/radioljubuski.ba\\\/index.php\\\/2022\\\/04\\\/14\\\/objavljen-video-prevrnutog-helikoptera-oruzanih-snaga-bih\\\/#breadcrumb\",\"itemListElement\":[{\"@type\":\"ListItem\",\"position\":1,\"name\":\"Po\u010detna stranica\",\"item\":\"https:\\\/\\\/radioljubuski.ba\\\/\"},{\"@type\":\"ListItem\",\"position\":2,\"name\":\"Objavljen video prevrnutog helikoptera Oru\u017eanih snaga BiH\"}]},{\"@type\":\"WebSite\",\"@id\":\"https:\\\/\\\/radioljubuski.ba\\\/#website\",\"url\":\"https:\\\/\\\/radioljubuski.ba\\\/\",\"name\":\"Radio Ljubu\u0161ki\",\"description\":\"Sun\u010dana frekvencija Hercegovine\",\"publisher\":{\"@id\":\"https:\\\/\\\/radioljubuski.ba\\\/#organization\"},\"potentialAction\":[{\"@type\":\"SearchAction\",\"target\":{\"@type\":\"EntryPoint\",\"urlTemplate\":\"https:\\\/\\\/radioljubuski.ba\\\/?s={search_term_string}\"},\"query-input\":{\"@type\":\"PropertyValueSpecification\",\"valueRequired\":true,\"valueName\":\"search_term_string\"}}],\"inLanguage\":\"hr\"},{\"@type\":\"Organization\",\"@id\":\"https:\\\/\\\/radioljubuski.ba\\\/#organization\",\"name\":\"Radio Ljubu\u0161ki\",\"url\":\"https:\\\/\\\/radioljubuski.ba\\\/\",\"logo\":{\"@type\":\"ImageObject\",\"inLanguage\":\"hr\",\"@id\":\"https:\\\/\\\/radioljubuski.ba\\\/#\\\/schema\\\/logo\\\/image\\\/\",\"url\":\"https:\\\/\\\/radioljubuski.ba\\\/wp-content\\\/uploads\\\/2021\\\/02\\\/cropped-Radio_Ljubuski_logo1.jpg\",\"contentUrl\":\"https:\\\/\\\/radioljubuski.ba\\\/wp-content\\\/uploads\\\/2021\\\/02\\\/cropped-Radio_Ljubuski_logo1.jpg\",\"width\":512,\"height\":512,\"caption\":\"Radio Ljubu\u0161ki\"},\"image\":{\"@id\":\"https:\\\/\\\/radioljubuski.ba\\\/#\\\/schema\\\/logo\\\/image\\\/\"},\"sameAs\":[\"https:\\\/\\\/www.facebook.com\\\/Radiio-Ljubuski-1490835324566332\",\"https:\\\/\\\/x.com\\\/radioljubuski\",\"https:\\\/\\\/hr.linkedin.com\\\/company\\\/radio-ljubuski\",\"https:\\\/\\\/www.youtube.com\\\/channel\\\/UCHYaeO_n0Db3tjNGudGpXyw\"]},{\"@type\":\"Person\",\"@id\":\"https:\\\/\\\/radioljubuski.ba\\\/#\\\/schema\\\/person\\\/19fc700381a780f69665d7956c469e3b\",\"name\":\"Radio Ljubu\u0161ki\"}]}<\/script>\n<!-- \/ Yoast SEO plugin. -->","yoast_head_json":{"title":"Objavljen video prevrnutog helikoptera Oru\u017eanih snaga BiH - RADIO LJUBU\u0160KI","robots":{"index":"index","follow":"follow","max-snippet":"max-snippet:-1","max-image-preview":"max-image-preview:large","max-video-preview":"max-video-preview:-1"},"canonical":"https:\/\/radioljubuski.ba\/index.php\/2022\/04\/14\/objavljen-video-prevrnutog-helikoptera-oruzanih-snaga-bih\/","og_locale":"hr_HR","og_type":"article","og_title":"Objavljen video prevrnutog helikoptera Oru\u017eanih snaga BiH - RADIO LJUBU\u0160KI","og_description":"Na poligonu kod Visokog jutros se prevrnuo helikopter Oru\u017eanih snaga BiH prilikom redovne leta\u010dke obuke helikopterskih jedinica Brigade zra\u010dnih snaga BiH, pri \u010demu nije bilo stradalih, ni te\u017ee ozlije\u0111enih. Iz Ministarstva obrane Bosne i Hercegovine priop\u0107eno je da na helikopteru ima vidljivih o\u0161te\u0107enja. Navodi se da se dinami\u010dko prevrtanje na zemlju dogodio u 11:30 sati, [&hellip;]","og_url":"https:\/\/radioljubuski.ba\/index.php\/2022\/04\/14\/objavljen-video-prevrnutog-helikoptera-oruzanih-snaga-bih\/","og_site_name":"RADIO LJUBU\u0160KI","article_publisher":"https:\/\/www.facebook.com\/Radiio-Ljubuski-1490835324566332","article_published_time":"2022-04-14T00:46:30+00:00","article_modified_time":"2022-04-14T00:46:31+00:00","og_image":[{"width":1000,"height":625,"url":"https:\/\/radioljubuski.ba\/wp-content\/uploads\/2022\/04\/8-2022-04-13-19-26-33-HELIC.jpg","type":"image\/jpeg"}],"author":"Radio Ljubu\u0161ki","twitter_card":"summary_large_image","twitter_creator":"@radioljubuski","twitter_site":"@radioljubuski","twitter_misc":{"Napisao\/la":"Radio Ljubu\u0161ki","Procijenjeno vrijeme \u010ditanja":"1 minuta"},"schema":{"@context":"https:\/\/schema.org","@graph":[{"@type":"Article","@id":"https:\/\/radioljubuski.ba\/index.php\/2022\/04\/14\/objavljen-video-prevrnutog-helikoptera-oruzanih-snaga-bih\/#article","isPartOf":{"@id":"https:\/\/radioljubuski.ba\/index.php\/2022\/04\/14\/objavljen-video-prevrnutog-helikoptera-oruzanih-snaga-bih\/"},"author":{"name":"Radio Ljubu\u0161ki","@id":"https:\/\/radioljubuski.ba\/#\/schema\/person\/19fc700381a780f69665d7956c469e3b"},"headline":"Objavljen video prevrnutog helikoptera Oru\u017eanih snaga BiH","datePublished":"2022-04-14T00:46:30+00:00","dateModified":"2022-04-14T00:46:31+00:00","mainEntityOfPage":{"@id":"https:\/\/radioljubuski.ba\/index.php\/2022\/04\/14\/objavljen-video-prevrnutog-helikoptera-oruzanih-snaga-bih\/"},"wordCount":197,"publisher":{"@id":"https:\/\/radioljubuski.ba\/#organization"},"image":{"@id":"https:\/\/radioljubuski.ba\/index.php\/2022\/04\/14\/objavljen-video-prevrnutog-helikoptera-oruzanih-snaga-bih\/#primaryimage"},"thumbnailUrl":"https:\/\/radioljubuski.ba\/wp-content\/uploads\/2022\/04\/8-2022-04-13-19-26-33-HELIC.jpg","articleSection":["BIH i regija"],"inLanguage":"hr"},{"@type":"WebPage","@id":"https:\/\/radioljubuski.ba\/index.php\/2022\/04\/14\/objavljen-video-prevrnutog-helikoptera-oruzanih-snaga-bih\/","url":"https:\/\/radioljubuski.ba\/index.php\/2022\/04\/14\/objavljen-video-prevrnutog-helikoptera-oruzanih-snaga-bih\/","name":"Objavljen video prevrnutog helikoptera Oru\u017eanih snaga BiH - RADIO LJUBU\u0160KI","isPartOf":{"@id":"https:\/\/radioljubuski.ba\/#website"},"primaryImageOfPage":{"@id":"https:\/\/radioljubuski.ba\/index.php\/2022\/04\/14\/objavljen-video-prevrnutog-helikoptera-oruzanih-snaga-bih\/#primaryimage"},"image":{"@id":"https:\/\/radioljubuski.ba\/index.php\/2022\/04\/14\/objavljen-video-prevrnutog-helikoptera-oruzanih-snaga-bih\/#primaryimage"},"thumbnailUrl":"https:\/\/radioljubuski.ba\/wp-content\/uploads\/2022\/04\/8-2022-04-13-19-26-33-HELIC.jpg","datePublished":"2022-04-14T00:46:30+00:00","dateModified":"2022-04-14T00:46:31+00:00","breadcrumb":{"@id":"https:\/\/radioljubuski.ba\/index.php\/2022\/04\/14\/objavljen-video-prevrnutog-helikoptera-oruzanih-snaga-bih\/#breadcrumb"},"inLanguage":"hr","potentialAction":[{"@type":"ReadAction","target":["https:\/\/radioljubuski.ba\/index.php\/2022\/04\/14\/objavljen-video-prevrnutog-helikoptera-oruzanih-snaga-bih\/"]}]},{"@type":"ImageObject","inLanguage":"hr","@id":"https:\/\/radioljubuski.ba\/index.php\/2022\/04\/14\/objavljen-video-prevrnutog-helikoptera-oruzanih-snaga-bih\/#primaryimage","url":"https:\/\/radioljubuski.ba\/wp-content\/uploads\/2022\/04\/8-2022-04-13-19-26-33-HELIC.jpg","contentUrl":"https:\/\/radioljubuski.ba\/wp-content\/uploads\/2022\/04\/8-2022-04-13-19-26-33-HELIC.jpg","width":1000,"height":625},{"@type":"BreadcrumbList","@id":"https:\/\/radioljubuski.ba\/index.php\/2022\/04\/14\/objavljen-video-prevrnutog-helikoptera-oruzanih-snaga-bih\/#breadcrumb","itemListElement":[{"@type":"ListItem","position":1,"name":"Po\u010detna stranica","item":"https:\/\/radioljubuski.ba\/"},{"@type":"ListItem","position":2,"name":"Objavljen video prevrnutog helikoptera Oru\u017eanih snaga BiH"}]},{"@type":"WebSite","@id":"https:\/\/radioljubuski.ba\/#website","url":"https:\/\/radioljubuski.ba\/","name":"Radio Ljubu\u0161ki","description":"Sun\u010dana frekvencija Hercegovine","publisher":{"@id":"https:\/\/radioljubuski.ba\/#organization"},"potentialAction":[{"@type":"SearchAction","target":{"@type":"EntryPoint","urlTemplate":"https:\/\/radioljubuski.ba\/?s={search_term_string}"},"query-input":{"@type":"PropertyValueSpecification","valueRequired":true,"valueName":"search_term_string"}}],"inLanguage":"hr"},{"@type":"Organization","@id":"https:\/\/radioljubuski.ba\/#organization","name":"Radio Ljubu\u0161ki","url":"https:\/\/radioljubuski.ba\/","logo":{"@type":"ImageObject","inLanguage":"hr","@id":"https:\/\/radioljubuski.ba\/#\/schema\/logo\/image\/","url":"https:\/\/radioljubuski.ba\/wp-content\/uploads\/2021\/02\/cropped-Radio_Ljubuski_logo1.jpg","contentUrl":"https:\/\/radioljubuski.ba\/wp-content\/uploads\/2021\/02\/cropped-Radio_Ljubuski_logo1.jpg","width":512,"height":512,"caption":"Radio Ljubu\u0161ki"},"image":{"@id":"https:\/\/radioljubuski.ba\/#\/schema\/logo\/image\/"},"sameAs":["https:\/\/www.facebook.com\/Radiio-Ljubuski-1490835324566332","https:\/\/x.com\/radioljubuski","https:\/\/hr.linkedin.com\/company\/radio-ljubuski","https:\/\/www.youtube.com\/channel\/UCHYaeO_n0Db3tjNGudGpXyw"]},{"@type":"Person","@id":"https:\/\/radioljubuski.ba\/#\/schema\/person\/19fc700381a780f69665d7956c469e3b","name":"Radio Ljubu\u0161ki"}]}},"_links":{"self":[{"href":"https:\/\/radioljubuski.ba\/index.php\/wp-json\/wp\/v2\/posts\/132367","targetHints":{"allow":["GET"]}}],"collection":[{"href":"https:\/\/radioljubuski.ba\/index.php\/wp-json\/wp\/v2\/posts"}],"about":[{"href":"https:\/\/radioljubuski.ba\/index.php\/wp-json\/wp\/v2\/types\/post"}],"author":[{"embeddable":true,"href":"https:\/\/radioljubuski.ba\/index.php\/wp-json\/wp\/v2\/users\/2"}],"replies":[{"embeddable":true,"href":"https:\/\/radioljubuski.ba\/index.php\/wp-json\/wp\/v2\/comments?post=132367"}],"version-history":[{"count":1,"href":"https:\/\/radioljubuski.ba\/index.php\/wp-json\/wp\/v2\/posts\/132367\/revisions"}],"predecessor-version":[{"id":132369,"href":"https:\/\/radioljubuski.ba\/index.php\/wp-json\/wp\/v2\/posts\/132367\/revisions\/132369"}],"wp:featuredmedia":[{"embeddable":true,"href":"https:\/\/radioljubuski.ba\/index.php\/wp-json\/wp\/v2\/media\/132368"}],"wp:attachment":[{"href":"https:\/\/radioljubuski.ba\/index.php\/wp-json\/wp\/v2\/media?parent=132367"}],"wp:term":[{"taxonomy":"category","embeddable":true,"href":"https:\/\/radioljubuski.ba\/index.php\/wp-json\/wp\/v2\/categories?post=132367"},{"taxonomy":"post_tag","embeddable":true,"href":"https:\/\/radioljubuski.ba\/index.php\/wp-json\/wp\/v2\/tags?post=132367"}],"curies":[{"name":"wp","href":"https:\/\/api.w.org\/{rel}","templated":true}]}}