{"id":132376,"date":"2022-04-14T01:49:50","date_gmt":"2022-04-14T00:49:50","guid":{"rendered":"https:\/\/radioljubuski.ba\/?p=132376"},"modified":"2022-04-14T01:49:52","modified_gmt":"2022-04-14T00:49:52","slug":"helena-loncar-raste-interes-za-zaposljavanje-u-2022-cemo-pomoci-da-vise-od-11-000-osoba-dobije-posao","status":"publish","type":"post","link":"https:\/\/radioljubuski.ba\/index.php\/2022\/04\/14\/helena-loncar-raste-interes-za-zaposljavanje-u-2022-cemo-pomoci-da-vise-od-11-000-osoba-dobije-posao\/","title":{"rendered":"Helena Lon\u010dar: Raste interes za zapo\u0161ljavanje, u 2022. \u0107emo pomo\u0107i da vi\u0161e od 11.000 osoba dobije posao"},"content":{"rendered":"\n<p>Potpora zapo\u0161ljavanju i samozapo\u0161ljavanju razli\u010ditih kategorija gra\u0111ana, po\u010dev\u0161i od mladih, preko \u017eena pa do razvoja\u010denih branitelja, a kroz koje se namjerava obuhvatiti vi\u0161e od 11.000 osoba u ovoj godini, pokazatelj je odgovorne politike Federalnog zavoda za zapo\u0161ljavanje koji \u017eeli dati svoj doprinos oporavku tr\u017ei\u0161ta rada u Federaciji BiH, stimulirati poslodavce, ali i osobe bez posla te u kona\u010dnici omogu\u0107iti gospodarsko ja\u010danje. O realizaciji do sada pu\u0161tenih mjera, planovima, kao i rezultatima istra\u017eivanja tr\u017ei\u0161ta rada, a koje pokazuje ja\u010danje zanimanja poslodavaca za nova zapo\u0161ljavanja, za&nbsp;<a href=\"https:\/\/www.vecernji.ba\/vijesti\/raste-interes-za-zaposljavanje-u-2022-cemo-pomoci-da-vise-od-11-000-osoba-dobije-posao-1578562\">Ve\u010dernji list<\/a>&nbsp;govori Helena Lon\u010dar, ravnateljica Federalnog zavoda za zapo\u0161ljavanje.<\/p>\n\n\n\n<p><strong>Federalni zavod za zapo\u0161ljavanje pustio je u opticaj mjere iz dvaju programa; programa sufinanciranja zapo\u0161ljavanja i programa sufinanciranja samozapo\u0161ljavanja &#8211; startup, a ve\u0107 prvih dana bilo je vidljivo iznimno zanimanje. Mo\u017eete li nam objasniti osnovne karakteristike ovih programa?<\/strong><\/p>\n\n\n\n<p>&#8211; Objavili smo pozive za dva programa &#8211; prvi je onaj koji se odnosi na sufinanciranje zapo\u0161ljavanja, a drugi za sufinanciranje samozapo\u0161ljavanja. U okviru programa zapo\u0161ljavanja postoji cijeli jedan set mjera, po\u010dev\u0161i od mjera koje se odnose na prvo radno iskustvo, preko mjera za mlade osobe koje ve\u0107 imaju iskustvo, kao i dugoro\u010dno nezaposlene osobe, pa do zapo\u0161ljavanja \u017eena i razvoja\u010denih branitelja, kao i mjera sezonskog rada i pomo\u0107i potrebnima. Osim ovih mjera, mi imamo i mjeru koja se zove \u201cTra\u017eim poslodavca\u201d, a kroz koju se izravno prijavljuju nezaposlene osobe kako bi dobile vau\u010dere, odnosno pravo na subvenciju, a taj poziv namjeravamo uputiti po\u010detkom \u0161estog mjeseca. Kada je rije\u010d o drugom programu, a koji se odnosi na sufinanciranje samozapo\u0161ljavanje ili startupa, unutar njega tako\u0111er imamo nekoliko kategorija. Primjer je startup za mlade, a tu je i startup za \u017eene u iznosu od 3 milijuna KM, kao i startup za sve na koji se mogu prijaviti za sve kategorije i to u iznosu od pet i pol milijuna KM te startup za razvoja\u010dene u iznosu od oko pola milijuna. Dakle, ukupno smo pustili 13 milijuna KM za program startupa kao i 27 milijuna KM za program mjera koje su i\u0161le za poslodavce. Dakle, ukupno oko 40 milijuna maraka.<\/p>\n\n\n\n<p><strong>&nbsp;Koliko ste zadovoljni odjekom u poslovnoj zajednici, ali i javnosti?<\/strong><\/p>\n\n\n\n<p>&#8211; Kada je rije\u010d o realizaciji, treba re\u0107i kako je vladao veliki interes. Evo, mi smo po prvom pozivu za poslodavce kroz koji je pu\u0161teno 27 milijuna do\u0161li u situaciju u kojoj je rezervirano 26 milijuna KM. A kada je u pitanju program startup, od ukupno 13 milijuna tako\u0111er jedan milijun nije rezerviran. Ovaj \u0107e se novac prenamijeniti u druge blagajne gdje postoji interes. Kada gledamo sam interes, njega mo\u017eemo analizirati kroz broj onih koji su na listi \u010dekanja. Kada je u pitanju startup, imamo 734 prijave na \u010dekanju i oni potra\u017euju oko 7 milijuna. Dakle, da smo imali jo\u0161 sedam milijuna, bili bi rezervirani i taj bi novac zadovoljio interes. Kada je u pitanju program za poslodavce, tu imamo oko 1700 prijava na \u010dekanju i oni potra\u017euju oko 18 milijuna. Evo, to je pokazatelj dviju \u010dinjenica; prva je da postoji iznimno veliki interes, \u0161to je dobro, jer upu\u0107uje da postoji potreba za zapo\u0161ljavanjem i pokretanjem biznisa. S druge strane, pokazuje se da mi, na\u017ealost, nemamo dovoljno sredstava da damo potporu poslodavcima i nezaposlenim osobama. Nama bi bilo drago da imamo vi\u0161e, ali i ovo je solidan iznos sredstava, to su na\u0161e \u010dinjenice.<\/p>\n\n\n\n<p><strong>Mo\u017eete li nam predstaviti budu\u0107e aktivnosti koje su planirane u ovoj godini, a kroz koje se tako\u0111er \u017eeli pru\u017eiti potpora oporavku tr\u017ei\u0161ta rada?<\/strong><\/p>\n\n\n\n<p>&#8211; Dakle, raspisat \u0107emo poziv po mjeri \u201cTra\u017eim poslodavca\u201d, a koji je tako\u0111er jedna vrsta mjere kojom se daje potpora, najprije nezaposlenoj osobi da dobije vau\u010der, a ona na\u0111e poslodavca. Imamo i neke druge programe, poput programa \u201cObuka i rad\u201d koji donosi Federalni zavod i koji se realizira preko Upravnog odbora. Taj program je naveden na na\u0161em portalu, tu su i obrasci za prijavu te moram re\u0107i kako je on jednostavan. Dok ima novca, svaki pojedina\u010dni zahtjev se obra\u0111uje na Upravnom odboru. Istodobno, u pripremi je i jedan novi program koji do sada nismo imali na na\u010din kako ga sada pripremamo, a odnosi se na sufinanciranje samozapo\u0161ljavanja i zapo\u0161ljavanja u podru\u010dju poljoprivrede. Program \u0107e biti napravljen za razdoblje od dvije godine, a kroz njega \u0107emo davati potporu za otvaranje i registraciju poljoprivrednih obrta.<\/p>\n\n\n\n<p><strong>Mo\u017ee li se napraviti procjena koliko bi nezaposlenih osoba, a sukladno svim navedenim programima i mjerama, trebalo biti obuhva\u0107eno u ovoj godini?<\/strong><\/p>\n\n\n\n<p>&#8211; Kada govorimo o obuhvatu, manji dio osoba u\u0111e u program obuke, ali mi i to smatramo obuhvatom jer je jedan cilj osobu zaposliti, a drugi je cilj osobu u\u010diniti konkurentnijom na tr\u017ei\u0161tu rada. Dakle, kada joj omogu\u0107imo tu vrstu potpore, ona \u0107e na\u0107i posao. Evo, konkretno, po programu sufinanciranja zapo\u0161ljavanja imamo cilj obuhvatiti 9 tisu\u0107a osoba, a kroz program startupa dvije i pol tisu\u0107e osoba &#8211; dakle, zajedno oko 11 i pol tisu\u0107a osoba.<\/p>\n\n\n\n<p><strong>Je li ra\u0111eno novo istra\u017eivanja na tr\u017ei\u0161tu rada u smislu raspolo\u017eenja u poslovnoj zajednici kada govorimo o novim zapo\u0161ljavanjima?<\/strong><\/p>\n\n\n\n<p><strong>\u0160to pokazuju novi rezultati, odnosno mo\u017eemo li o\u010dekivati porast zanimanja za nova zapo\u0161ljavanja?<\/strong><\/p>\n\n\n\n<p>&#8211; Naravno, radili smo istra\u017eivanje za 2021.\/2022., a imamo i istra\u017eivanje za 2020.\/2021. To je jako zanimljivo istra\u017eivanje u kojemu se mo\u017ee pro\u010ditati mnogo podataka. Radi se o podacima vezanim za stanje na tr\u017ei\u0161tu rada, uz anketiranje poslodavaca, a sve zajedno omogu\u0107uje nam uvid u trendove poslovanja i procjene, kao i potrebe za zapo\u0161ljavanje. Preko anketiranja poslodavaca do\u0161li smo do zaklju\u010dka kako su oni iskazali ve\u0107i interes za zapo\u0161ljavanje kroz zadnje istra\u017eivanje u odnosu na ono prethodno. Naime, u istra\u017eivanju 2020.\/2021. oko 50 posto anketiranih izjasnilo se da \u017eele zapo\u0161ljavati, dok je u novom istra\u017eivanju taj postotak jo\u0161 i ve\u0107i.<\/p>\n\n\n\n<p>Izvor:vecernji.ba<\/p>\n","protected":false},"excerpt":{"rendered":"<p>Potpora zapo\u0161ljavanju i samozapo\u0161ljavanju razli\u010ditih kategorija gra\u0111ana, po\u010dev\u0161i od mladih, preko \u017eena pa do razvoja\u010denih branitelja, a kroz koje se namjerava obuhvatiti vi\u0161e od 11.000 osoba u ovoj godini, pokazatelj je odgovorne politike Federalnog zavoda za zapo\u0161ljavanje koji \u017eeli dati svoj doprinos oporavku tr\u017ei\u0161ta rada u Federaciji BiH, stimulirati poslodavce, ali i osobe bez posla [&hellip;]<\/p>\n","protected":false},"author":2,"featured_media":126631,"comment_status":"closed","ping_status":"closed","sticky":false,"template":"","format":"standard","meta":{"h5ap_radio_sources":[],"footnotes":""},"categories":[1],"tags":[],"class_list":["post-132376","post","type-post","status-publish","format-standard","has-post-thumbnail","hentry","category-bihiregija"],"yoast_head":"<!-- This site is optimized with the Yoast SEO plugin v27.5 - https:\/\/yoast.com\/product\/yoast-seo-wordpress\/ -->\n<title>Helena Lon\u010dar: Raste interes za zapo\u0161ljavanje, u 2022. \u0107emo pomo\u0107i da vi\u0161e od 11.000 osoba dobije posao - RADIO LJUBU\u0160KI<\/title>\n<meta name=\"robots\" content=\"index, follow, max-snippet:-1, max-image-preview:large, max-video-preview:-1\" \/>\n<link rel=\"canonical\" href=\"https:\/\/radioljubuski.ba\/index.php\/2022\/04\/14\/helena-loncar-raste-interes-za-zaposljavanje-u-2022-cemo-pomoci-da-vise-od-11-000-osoba-dobije-posao\/\" \/>\n<meta property=\"og:locale\" content=\"hr_HR\" \/>\n<meta property=\"og:type\" content=\"article\" \/>\n<meta property=\"og:title\" content=\"Helena Lon\u010dar: Raste interes za zapo\u0161ljavanje, u 2022. \u0107emo pomo\u0107i da vi\u0161e od 11.000 osoba dobije posao - RADIO LJUBU\u0160KI\" \/>\n<meta property=\"og:description\" content=\"Potpora zapo\u0161ljavanju i samozapo\u0161ljavanju razli\u010ditih kategorija gra\u0111ana, po\u010dev\u0161i od mladih, preko \u017eena pa do razvoja\u010denih branitelja, a kroz koje se namjerava obuhvatiti vi\u0161e od 11.000 osoba u ovoj godini, pokazatelj je odgovorne politike Federalnog zavoda za zapo\u0161ljavanje koji \u017eeli dati svoj doprinos oporavku tr\u017ei\u0161ta rada u Federaciji BiH, stimulirati poslodavce, ali i osobe bez posla [&hellip;]\" \/>\n<meta property=\"og:url\" content=\"https:\/\/radioljubuski.ba\/index.php\/2022\/04\/14\/helena-loncar-raste-interes-za-zaposljavanje-u-2022-cemo-pomoci-da-vise-od-11-000-osoba-dobije-posao\/\" \/>\n<meta property=\"og:site_name\" content=\"RADIO LJUBU\u0160KI\" \/>\n<meta property=\"article:publisher\" content=\"https:\/\/www.facebook.com\/Radiio-Ljubuski-1490835324566332\" \/>\n<meta property=\"article:published_time\" content=\"2022-04-14T00:49:50+00:00\" \/>\n<meta property=\"article:modified_time\" content=\"2022-04-14T00:49:52+00:00\" \/>\n<meta property=\"og:image\" content=\"https:\/\/radioljubuski.ba\/wp-content\/uploads\/2022\/03\/biro.jpg\" \/>\n\t<meta property=\"og:image:width\" content=\"710\" \/>\n\t<meta property=\"og:image:height\" content=\"380\" \/>\n\t<meta property=\"og:image:type\" content=\"image\/jpeg\" \/>\n<meta name=\"author\" content=\"Radio Ljubu\u0161ki\" \/>\n<meta name=\"twitter:card\" content=\"summary_large_image\" \/>\n<meta name=\"twitter:creator\" content=\"@radioljubuski\" \/>\n<meta name=\"twitter:site\" content=\"@radioljubuski\" \/>\n<meta name=\"twitter:label1\" content=\"Napisao\/la\" \/>\n\t<meta name=\"twitter:data1\" content=\"Radio Ljubu\u0161ki\" \/>\n\t<meta name=\"twitter:label2\" content=\"Procijenjeno vrijeme \u010ditanja\" \/>\n\t<meta name=\"twitter:data2\" content=\"5 minuta\" \/>\n<script type=\"application\/ld+json\" class=\"yoast-schema-graph\">{\"@context\":\"https:\\\/\\\/schema.org\",\"@graph\":[{\"@type\":\"Article\",\"@id\":\"https:\\\/\\\/radioljubuski.ba\\\/index.php\\\/2022\\\/04\\\/14\\\/helena-loncar-raste-interes-za-zaposljavanje-u-2022-cemo-pomoci-da-vise-od-11-000-osoba-dobije-posao\\\/#article\",\"isPartOf\":{\"@id\":\"https:\\\/\\\/radioljubuski.ba\\\/index.php\\\/2022\\\/04\\\/14\\\/helena-loncar-raste-interes-za-zaposljavanje-u-2022-cemo-pomoci-da-vise-od-11-000-osoba-dobije-posao\\\/\"},\"author\":{\"name\":\"Radio Ljubu\u0161ki\",\"@id\":\"https:\\\/\\\/radioljubuski.ba\\\/#\\\/schema\\\/person\\\/19fc700381a780f69665d7956c469e3b\"},\"headline\":\"Helena Lon\u010dar: Raste interes za zapo\u0161ljavanje, u 2022. \u0107emo pomo\u0107i da vi\u0161e od 11.000 osoba dobije posao\",\"datePublished\":\"2022-04-14T00:49:50+00:00\",\"dateModified\":\"2022-04-14T00:49:52+00:00\",\"mainEntityOfPage\":{\"@id\":\"https:\\\/\\\/radioljubuski.ba\\\/index.php\\\/2022\\\/04\\\/14\\\/helena-loncar-raste-interes-za-zaposljavanje-u-2022-cemo-pomoci-da-vise-od-11-000-osoba-dobije-posao\\\/\"},\"wordCount\":1046,\"publisher\":{\"@id\":\"https:\\\/\\\/radioljubuski.ba\\\/#organization\"},\"image\":{\"@id\":\"https:\\\/\\\/radioljubuski.ba\\\/index.php\\\/2022\\\/04\\\/14\\\/helena-loncar-raste-interes-za-zaposljavanje-u-2022-cemo-pomoci-da-vise-od-11-000-osoba-dobije-posao\\\/#primaryimage\"},\"thumbnailUrl\":\"https:\\\/\\\/radioljubuski.ba\\\/wp-content\\\/uploads\\\/2022\\\/03\\\/biro.jpg\",\"articleSection\":[\"BIH i regija\"],\"inLanguage\":\"hr\"},{\"@type\":\"WebPage\",\"@id\":\"https:\\\/\\\/radioljubuski.ba\\\/index.php\\\/2022\\\/04\\\/14\\\/helena-loncar-raste-interes-za-zaposljavanje-u-2022-cemo-pomoci-da-vise-od-11-000-osoba-dobije-posao\\\/\",\"url\":\"https:\\\/\\\/radioljubuski.ba\\\/index.php\\\/2022\\\/04\\\/14\\\/helena-loncar-raste-interes-za-zaposljavanje-u-2022-cemo-pomoci-da-vise-od-11-000-osoba-dobije-posao\\\/\",\"name\":\"Helena Lon\u010dar: Raste interes za zapo\u0161ljavanje, u 2022. \u0107emo pomo\u0107i da vi\u0161e od 11.000 osoba dobije posao - RADIO LJUBU\u0160KI\",\"isPartOf\":{\"@id\":\"https:\\\/\\\/radioljubuski.ba\\\/#website\"},\"primaryImageOfPage\":{\"@id\":\"https:\\\/\\\/radioljubuski.ba\\\/index.php\\\/2022\\\/04\\\/14\\\/helena-loncar-raste-interes-za-zaposljavanje-u-2022-cemo-pomoci-da-vise-od-11-000-osoba-dobije-posao\\\/#primaryimage\"},\"image\":{\"@id\":\"https:\\\/\\\/radioljubuski.ba\\\/index.php\\\/2022\\\/04\\\/14\\\/helena-loncar-raste-interes-za-zaposljavanje-u-2022-cemo-pomoci-da-vise-od-11-000-osoba-dobije-posao\\\/#primaryimage\"},\"thumbnailUrl\":\"https:\\\/\\\/radioljubuski.ba\\\/wp-content\\\/uploads\\\/2022\\\/03\\\/biro.jpg\",\"datePublished\":\"2022-04-14T00:49:50+00:00\",\"dateModified\":\"2022-04-14T00:49:52+00:00\",\"breadcrumb\":{\"@id\":\"https:\\\/\\\/radioljubuski.ba\\\/index.php\\\/2022\\\/04\\\/14\\\/helena-loncar-raste-interes-za-zaposljavanje-u-2022-cemo-pomoci-da-vise-od-11-000-osoba-dobije-posao\\\/#breadcrumb\"},\"inLanguage\":\"hr\",\"potentialAction\":[{\"@type\":\"ReadAction\",\"target\":[\"https:\\\/\\\/radioljubuski.ba\\\/index.php\\\/2022\\\/04\\\/14\\\/helena-loncar-raste-interes-za-zaposljavanje-u-2022-cemo-pomoci-da-vise-od-11-000-osoba-dobije-posao\\\/\"]}]},{\"@type\":\"ImageObject\",\"inLanguage\":\"hr\",\"@id\":\"https:\\\/\\\/radioljubuski.ba\\\/index.php\\\/2022\\\/04\\\/14\\\/helena-loncar-raste-interes-za-zaposljavanje-u-2022-cemo-pomoci-da-vise-od-11-000-osoba-dobije-posao\\\/#primaryimage\",\"url\":\"https:\\\/\\\/radioljubuski.ba\\\/wp-content\\\/uploads\\\/2022\\\/03\\\/biro.jpg\",\"contentUrl\":\"https:\\\/\\\/radioljubuski.ba\\\/wp-content\\\/uploads\\\/2022\\\/03\\\/biro.jpg\",\"width\":710,\"height\":380},{\"@type\":\"BreadcrumbList\",\"@id\":\"https:\\\/\\\/radioljubuski.ba\\\/index.php\\\/2022\\\/04\\\/14\\\/helena-loncar-raste-interes-za-zaposljavanje-u-2022-cemo-pomoci-da-vise-od-11-000-osoba-dobije-posao\\\/#breadcrumb\",\"itemListElement\":[{\"@type\":\"ListItem\",\"position\":1,\"name\":\"Po\u010detna stranica\",\"item\":\"https:\\\/\\\/radioljubuski.ba\\\/\"},{\"@type\":\"ListItem\",\"position\":2,\"name\":\"Helena Lon\u010dar: Raste interes za zapo\u0161ljavanje, u 2022. \u0107emo pomo\u0107i da vi\u0161e od 11.000 osoba dobije posao\"}]},{\"@type\":\"WebSite\",\"@id\":\"https:\\\/\\\/radioljubuski.ba\\\/#website\",\"url\":\"https:\\\/\\\/radioljubuski.ba\\\/\",\"name\":\"Radio Ljubu\u0161ki\",\"description\":\"Sun\u010dana frekvencija Hercegovine\",\"publisher\":{\"@id\":\"https:\\\/\\\/radioljubuski.ba\\\/#organization\"},\"potentialAction\":[{\"@type\":\"SearchAction\",\"target\":{\"@type\":\"EntryPoint\",\"urlTemplate\":\"https:\\\/\\\/radioljubuski.ba\\\/?s={search_term_string}\"},\"query-input\":{\"@type\":\"PropertyValueSpecification\",\"valueRequired\":true,\"valueName\":\"search_term_string\"}}],\"inLanguage\":\"hr\"},{\"@type\":\"Organization\",\"@id\":\"https:\\\/\\\/radioljubuski.ba\\\/#organization\",\"name\":\"Radio Ljubu\u0161ki\",\"url\":\"https:\\\/\\\/radioljubuski.ba\\\/\",\"logo\":{\"@type\":\"ImageObject\",\"inLanguage\":\"hr\",\"@id\":\"https:\\\/\\\/radioljubuski.ba\\\/#\\\/schema\\\/logo\\\/image\\\/\",\"url\":\"https:\\\/\\\/radioljubuski.ba\\\/wp-content\\\/uploads\\\/2021\\\/02\\\/cropped-Radio_Ljubuski_logo1.jpg\",\"contentUrl\":\"https:\\\/\\\/radioljubuski.ba\\\/wp-content\\\/uploads\\\/2021\\\/02\\\/cropped-Radio_Ljubuski_logo1.jpg\",\"width\":512,\"height\":512,\"caption\":\"Radio Ljubu\u0161ki\"},\"image\":{\"@id\":\"https:\\\/\\\/radioljubuski.ba\\\/#\\\/schema\\\/logo\\\/image\\\/\"},\"sameAs\":[\"https:\\\/\\\/www.facebook.com\\\/Radiio-Ljubuski-1490835324566332\",\"https:\\\/\\\/x.com\\\/radioljubuski\",\"https:\\\/\\\/hr.linkedin.com\\\/company\\\/radio-ljubuski\",\"https:\\\/\\\/www.youtube.com\\\/channel\\\/UCHYaeO_n0Db3tjNGudGpXyw\"]},{\"@type\":\"Person\",\"@id\":\"https:\\\/\\\/radioljubuski.ba\\\/#\\\/schema\\\/person\\\/19fc700381a780f69665d7956c469e3b\",\"name\":\"Radio Ljubu\u0161ki\"}]}<\/script>\n<!-- \/ Yoast SEO plugin. -->","yoast_head_json":{"title":"Helena Lon\u010dar: Raste interes za zapo\u0161ljavanje, u 2022. \u0107emo pomo\u0107i da vi\u0161e od 11.000 osoba dobije posao - RADIO LJUBU\u0160KI","robots":{"index":"index","follow":"follow","max-snippet":"max-snippet:-1","max-image-preview":"max-image-preview:large","max-video-preview":"max-video-preview:-1"},"canonical":"https:\/\/radioljubuski.ba\/index.php\/2022\/04\/14\/helena-loncar-raste-interes-za-zaposljavanje-u-2022-cemo-pomoci-da-vise-od-11-000-osoba-dobije-posao\/","og_locale":"hr_HR","og_type":"article","og_title":"Helena Lon\u010dar: Raste interes za zapo\u0161ljavanje, u 2022. \u0107emo pomo\u0107i da vi\u0161e od 11.000 osoba dobije posao - RADIO LJUBU\u0160KI","og_description":"Potpora zapo\u0161ljavanju i samozapo\u0161ljavanju razli\u010ditih kategorija gra\u0111ana, po\u010dev\u0161i od mladih, preko \u017eena pa do razvoja\u010denih branitelja, a kroz koje se namjerava obuhvatiti vi\u0161e od 11.000 osoba u ovoj godini, pokazatelj je odgovorne politike Federalnog zavoda za zapo\u0161ljavanje koji \u017eeli dati svoj doprinos oporavku tr\u017ei\u0161ta rada u Federaciji BiH, stimulirati poslodavce, ali i osobe bez posla [&hellip;]","og_url":"https:\/\/radioljubuski.ba\/index.php\/2022\/04\/14\/helena-loncar-raste-interes-za-zaposljavanje-u-2022-cemo-pomoci-da-vise-od-11-000-osoba-dobije-posao\/","og_site_name":"RADIO LJUBU\u0160KI","article_publisher":"https:\/\/www.facebook.com\/Radiio-Ljubuski-1490835324566332","article_published_time":"2022-04-14T00:49:50+00:00","article_modified_time":"2022-04-14T00:49:52+00:00","og_image":[{"width":710,"height":380,"url":"https:\/\/radioljubuski.ba\/wp-content\/uploads\/2022\/03\/biro.jpg","type":"image\/jpeg"}],"author":"Radio Ljubu\u0161ki","twitter_card":"summary_large_image","twitter_creator":"@radioljubuski","twitter_site":"@radioljubuski","twitter_misc":{"Napisao\/la":"Radio Ljubu\u0161ki","Procijenjeno vrijeme \u010ditanja":"5 minuta"},"schema":{"@context":"https:\/\/schema.org","@graph":[{"@type":"Article","@id":"https:\/\/radioljubuski.ba\/index.php\/2022\/04\/14\/helena-loncar-raste-interes-za-zaposljavanje-u-2022-cemo-pomoci-da-vise-od-11-000-osoba-dobije-posao\/#article","isPartOf":{"@id":"https:\/\/radioljubuski.ba\/index.php\/2022\/04\/14\/helena-loncar-raste-interes-za-zaposljavanje-u-2022-cemo-pomoci-da-vise-od-11-000-osoba-dobije-posao\/"},"author":{"name":"Radio Ljubu\u0161ki","@id":"https:\/\/radioljubuski.ba\/#\/schema\/person\/19fc700381a780f69665d7956c469e3b"},"headline":"Helena Lon\u010dar: Raste interes za zapo\u0161ljavanje, u 2022. \u0107emo pomo\u0107i da vi\u0161e od 11.000 osoba dobije posao","datePublished":"2022-04-14T00:49:50+00:00","dateModified":"2022-04-14T00:49:52+00:00","mainEntityOfPage":{"@id":"https:\/\/radioljubuski.ba\/index.php\/2022\/04\/14\/helena-loncar-raste-interes-za-zaposljavanje-u-2022-cemo-pomoci-da-vise-od-11-000-osoba-dobije-posao\/"},"wordCount":1046,"publisher":{"@id":"https:\/\/radioljubuski.ba\/#organization"},"image":{"@id":"https:\/\/radioljubuski.ba\/index.php\/2022\/04\/14\/helena-loncar-raste-interes-za-zaposljavanje-u-2022-cemo-pomoci-da-vise-od-11-000-osoba-dobije-posao\/#primaryimage"},"thumbnailUrl":"https:\/\/radioljubuski.ba\/wp-content\/uploads\/2022\/03\/biro.jpg","articleSection":["BIH i regija"],"inLanguage":"hr"},{"@type":"WebPage","@id":"https:\/\/radioljubuski.ba\/index.php\/2022\/04\/14\/helena-loncar-raste-interes-za-zaposljavanje-u-2022-cemo-pomoci-da-vise-od-11-000-osoba-dobije-posao\/","url":"https:\/\/radioljubuski.ba\/index.php\/2022\/04\/14\/helena-loncar-raste-interes-za-zaposljavanje-u-2022-cemo-pomoci-da-vise-od-11-000-osoba-dobije-posao\/","name":"Helena Lon\u010dar: Raste interes za zapo\u0161ljavanje, u 2022. \u0107emo pomo\u0107i da vi\u0161e od 11.000 osoba dobije posao - RADIO LJUBU\u0160KI","isPartOf":{"@id":"https:\/\/radioljubuski.ba\/#website"},"primaryImageOfPage":{"@id":"https:\/\/radioljubuski.ba\/index.php\/2022\/04\/14\/helena-loncar-raste-interes-za-zaposljavanje-u-2022-cemo-pomoci-da-vise-od-11-000-osoba-dobije-posao\/#primaryimage"},"image":{"@id":"https:\/\/radioljubuski.ba\/index.php\/2022\/04\/14\/helena-loncar-raste-interes-za-zaposljavanje-u-2022-cemo-pomoci-da-vise-od-11-000-osoba-dobije-posao\/#primaryimage"},"thumbnailUrl":"https:\/\/radioljubuski.ba\/wp-content\/uploads\/2022\/03\/biro.jpg","datePublished":"2022-04-14T00:49:50+00:00","dateModified":"2022-04-14T00:49:52+00:00","breadcrumb":{"@id":"https:\/\/radioljubuski.ba\/index.php\/2022\/04\/14\/helena-loncar-raste-interes-za-zaposljavanje-u-2022-cemo-pomoci-da-vise-od-11-000-osoba-dobije-posao\/#breadcrumb"},"inLanguage":"hr","potentialAction":[{"@type":"ReadAction","target":["https:\/\/radioljubuski.ba\/index.php\/2022\/04\/14\/helena-loncar-raste-interes-za-zaposljavanje-u-2022-cemo-pomoci-da-vise-od-11-000-osoba-dobije-posao\/"]}]},{"@type":"ImageObject","inLanguage":"hr","@id":"https:\/\/radioljubuski.ba\/index.php\/2022\/04\/14\/helena-loncar-raste-interes-za-zaposljavanje-u-2022-cemo-pomoci-da-vise-od-11-000-osoba-dobije-posao\/#primaryimage","url":"https:\/\/radioljubuski.ba\/wp-content\/uploads\/2022\/03\/biro.jpg","contentUrl":"https:\/\/radioljubuski.ba\/wp-content\/uploads\/2022\/03\/biro.jpg","width":710,"height":380},{"@type":"BreadcrumbList","@id":"https:\/\/radioljubuski.ba\/index.php\/2022\/04\/14\/helena-loncar-raste-interes-za-zaposljavanje-u-2022-cemo-pomoci-da-vise-od-11-000-osoba-dobije-posao\/#breadcrumb","itemListElement":[{"@type":"ListItem","position":1,"name":"Po\u010detna stranica","item":"https:\/\/radioljubuski.ba\/"},{"@type":"ListItem","position":2,"name":"Helena Lon\u010dar: Raste interes za zapo\u0161ljavanje, u 2022. \u0107emo pomo\u0107i da vi\u0161e od 11.000 osoba dobije posao"}]},{"@type":"WebSite","@id":"https:\/\/radioljubuski.ba\/#website","url":"https:\/\/radioljubuski.ba\/","name":"Radio Ljubu\u0161ki","description":"Sun\u010dana frekvencija Hercegovine","publisher":{"@id":"https:\/\/radioljubuski.ba\/#organization"},"potentialAction":[{"@type":"SearchAction","target":{"@type":"EntryPoint","urlTemplate":"https:\/\/radioljubuski.ba\/?s={search_term_string}"},"query-input":{"@type":"PropertyValueSpecification","valueRequired":true,"valueName":"search_term_string"}}],"inLanguage":"hr"},{"@type":"Organization","@id":"https:\/\/radioljubuski.ba\/#organization","name":"Radio Ljubu\u0161ki","url":"https:\/\/radioljubuski.ba\/","logo":{"@type":"ImageObject","inLanguage":"hr","@id":"https:\/\/radioljubuski.ba\/#\/schema\/logo\/image\/","url":"https:\/\/radioljubuski.ba\/wp-content\/uploads\/2021\/02\/cropped-Radio_Ljubuski_logo1.jpg","contentUrl":"https:\/\/radioljubuski.ba\/wp-content\/uploads\/2021\/02\/cropped-Radio_Ljubuski_logo1.jpg","width":512,"height":512,"caption":"Radio Ljubu\u0161ki"},"image":{"@id":"https:\/\/radioljubuski.ba\/#\/schema\/logo\/image\/"},"sameAs":["https:\/\/www.facebook.com\/Radiio-Ljubuski-1490835324566332","https:\/\/x.com\/radioljubuski","https:\/\/hr.linkedin.com\/company\/radio-ljubuski","https:\/\/www.youtube.com\/channel\/UCHYaeO_n0Db3tjNGudGpXyw"]},{"@type":"Person","@id":"https:\/\/radioljubuski.ba\/#\/schema\/person\/19fc700381a780f69665d7956c469e3b","name":"Radio Ljubu\u0161ki"}]}},"_links":{"self":[{"href":"https:\/\/radioljubuski.ba\/index.php\/wp-json\/wp\/v2\/posts\/132376","targetHints":{"allow":["GET"]}}],"collection":[{"href":"https:\/\/radioljubuski.ba\/index.php\/wp-json\/wp\/v2\/posts"}],"about":[{"href":"https:\/\/radioljubuski.ba\/index.php\/wp-json\/wp\/v2\/types\/post"}],"author":[{"embeddable":true,"href":"https:\/\/radioljubuski.ba\/index.php\/wp-json\/wp\/v2\/users\/2"}],"replies":[{"embeddable":true,"href":"https:\/\/radioljubuski.ba\/index.php\/wp-json\/wp\/v2\/comments?post=132376"}],"version-history":[{"count":1,"href":"https:\/\/radioljubuski.ba\/index.php\/wp-json\/wp\/v2\/posts\/132376\/revisions"}],"predecessor-version":[{"id":132377,"href":"https:\/\/radioljubuski.ba\/index.php\/wp-json\/wp\/v2\/posts\/132376\/revisions\/132377"}],"wp:featuredmedia":[{"embeddable":true,"href":"https:\/\/radioljubuski.ba\/index.php\/wp-json\/wp\/v2\/media\/126631"}],"wp:attachment":[{"href":"https:\/\/radioljubuski.ba\/index.php\/wp-json\/wp\/v2\/media?parent=132376"}],"wp:term":[{"taxonomy":"category","embeddable":true,"href":"https:\/\/radioljubuski.ba\/index.php\/wp-json\/wp\/v2\/categories?post=132376"},{"taxonomy":"post_tag","embeddable":true,"href":"https:\/\/radioljubuski.ba\/index.php\/wp-json\/wp\/v2\/tags?post=132376"}],"curies":[{"name":"wp","href":"https:\/\/api.w.org\/{rel}","templated":true}]}}