{"id":132378,"date":"2022-04-14T01:51:12","date_gmt":"2022-04-14T00:51:12","guid":{"rendered":"https:\/\/radioljubuski.ba\/?p=132378"},"modified":"2022-04-14T01:51:14","modified_gmt":"2022-04-14T00:51:14","slug":"hrvati-iz-bih-i-dalje-ne-mogu-u-rh-bez-covid-potvrda-trazi-se-ukidanje-mjera","status":"publish","type":"post","link":"https:\/\/radioljubuski.ba\/index.php\/2022\/04\/14\/hrvati-iz-bih-i-dalje-ne-mogu-u-rh-bez-covid-potvrda-trazi-se-ukidanje-mjera\/","title":{"rendered":"Hrvati iz BiH i dalje ne mogu u RH bez COVID potvrda, tra\u017ei se ukidanje mjera"},"content":{"rendered":"\n<p>Zastupnik Mosta u Hrvatskome saboru Nikola Grmoja kritizirao je vladu zbog toga \u0161to s promjenom epidemiolo\u0161kih pravila za ulazak u Republiku Hrvatsku nije olak\u0161ala uvjete sunarodnjacima iz Bosne i Hercegovine, pi\u0161e Ve\u010dernji list BiH.<\/p>\n\n\n\n<p>\u010cak niti onima koji imaju dr\u017eavljanstvo Hrvatske, odnosno zemalja Europske unije. Besmisleno ograni\u010denje &#8220;Hrvati iz BiH ne mogu u Hrvatsku na dulje od 12 sati bez testa. To ograni\u010denje je na snazi iako smo ukinuli gotovo sve mjere. Osim toga, u Hrvatsku \u0107e neometano ulaziti dr\u017eavljani europskih zemalja, ali ne i na\u0161i sunarodnjaci i dr\u017eavljani iz BiH. Ukidajte to besmisleno ograni\u010denje&#8221;, napisao je Grmoja na svome Facebook profilu.<\/p>\n\n\n\n<p>Nedugo nakon toga ova objava prikupila je 1500 lajkova te su napisane stotine komentara. Jedan od njih je i Robert \u010cule iz Mostara koji je ironi\u010dno naveo kako je hrvatska Vlada u pravu jer bi se oni koji prije\u0111u granicu i zadr\u017ee se du\u017ee mogli na kraju i zaraziti. Katica Mati\u0107, podrijetlom iz Br\u010dkog, a koja \u017eivi u Hrvatskoj, navodi da doslovno ne mo\u017ee u svoj rodni grad mjesecima jer nije cijepljena. Ivana Peri\u0107 Rabhi istaknula je kako \u0107e se ta mjera ukinuti &#8220;samo kad bude dan izbora&#8221;.<\/p>\n\n\n\n<p>S proteklim vikendom vlasti Republike Hrvatske ukinule su doslovno sve ograni\u010davaju\u0107e mjere koje se ti\u010du prijelaza granice u Republiku Hrvatsku za one koji ulaze s teritorija dr\u017eava \u010dlanica Europske unije, no ne i za tre\u0107e zemlje u koje spada i Bosna i Hercegovina.<\/p>\n\n\n\n<p>Na upit voditelju Slu\u017ebe grani\u010dne policije za susjedne zemlje Ravnateljstva policije Tomislavu Kufneru s obzirom na to da brojni Hrvati koji \u017eive u BiH imaju i hrvatsko dr\u017eavljanstvo te koje pravilo sada za njih vrijedi, on je odgovorio kako je pravilo jednako za sve koji dolaze iz tre\u0107ih zemalja &#8211; oni \u0107e morati ispuniti epidemiolo\u0161ki dio.<\/p>\n\n\n\n<p>Pa ipak i za &#8220;tre\u0107e zemlje&#8221;, \u0161to uklju\u010duje Bosnu i Hercegovinu, Srbiju ili Crnu Goru, novost je da gra\u0111ani vi\u0161e ne\u0107e morati dokazivati razloge zbog kojih dolaze u Hrvatsku, ali \u0107e morati ispuniti epidemiolo\u0161ki dio.<\/p>\n\n\n\n<p>To u prijevodu zna\u010di da moraju biti ili cijepljeni, ili preboljeti COVID-19 ili biti testirani. Pri tome negativni nalaz PCR testa ili brzi antigenski test mora biti sa zajedni\u010dke liste brzih antigenskih testova koje me\u0111usobno priznaju dr\u017eave \u010dlanice Europske unije, koju objavljuje Europska komisija. Samoizolacija i mjere Kod nalaza BAT testa napravljenog u inozemstvu mora biti vidljiv proizvo\u0111a\u010d testa ili komercijalni naziv testa. U suprotnom, test se ne\u0107e prihvatiti kao vjerodostojan za ulazak u RH. Nalaz PCR testa ne smije biti stariji od 72 sata, a BAT testa od 24 sata od trenutka testiranja do dolaska na grani\u010dni prijelaz. Na internetskoj stranici hrvatskog MUP-a koja se odnosi na COVID-19 precizirano je i da COVID potvrde o cijepljenju s dvije doze vrijede 270 dana, a potvrde o cijepljenju booster dozom vrijede punih godinu dana. Svi pak putnici koji su u tranzitu, a ne dolaze neposredno iz dr\u017eava ili regija \u010dlanica EU-a, odnosno dr\u017eava i regija \u010dlanica Schengenskog prostora, uklju\u010duju\u0107i osoblje u prometnom sektoru, ako ne napuste RH u roku od 12 sati od trenutka ulaska u RH, automatizmom se odre\u0111uje nu\u017ena epidemiolo\u0161ka mjera samoizolacije.<\/p>\n\n\n\n<p>Izvor:vecernji.ba<\/p>\n","protected":false},"excerpt":{"rendered":"<p>Zastupnik Mosta u Hrvatskome saboru Nikola Grmoja kritizirao je vladu zbog toga \u0161to s promjenom epidemiolo\u0161kih pravila za ulazak u Republiku Hrvatsku nije olak\u0161ala uvjete sunarodnjacima iz Bosne i Hercegovine, pi\u0161e Ve\u010dernji list BiH. \u010cak niti onima koji imaju dr\u017eavljanstvo Hrvatske, odnosno zemalja Europske unije. Besmisleno ograni\u010denje &#8220;Hrvati iz BiH ne mogu u Hrvatsku na [&hellip;]<\/p>\n","protected":false},"author":2,"featured_media":36610,"comment_status":"closed","ping_status":"closed","sticky":false,"template":"","format":"standard","meta":{"h5ap_radio_sources":[],"footnotes":""},"categories":[1],"tags":[],"class_list":["post-132378","post","type-post","status-publish","format-standard","has-post-thumbnail","hentry","category-bihiregija"],"yoast_head":"<!-- This site is optimized with the Yoast SEO plugin v27.5 - https:\/\/yoast.com\/product\/yoast-seo-wordpress\/ -->\n<title>Hrvati iz BiH i dalje ne mogu u RH bez COVID potvrda, tra\u017ei se ukidanje mjera - RADIO LJUBU\u0160KI<\/title>\n<meta name=\"robots\" content=\"index, follow, max-snippet:-1, max-image-preview:large, max-video-preview:-1\" \/>\n<link rel=\"canonical\" href=\"https:\/\/radioljubuski.ba\/index.php\/2022\/04\/14\/hrvati-iz-bih-i-dalje-ne-mogu-u-rh-bez-covid-potvrda-trazi-se-ukidanje-mjera\/\" \/>\n<meta property=\"og:locale\" content=\"hr_HR\" \/>\n<meta property=\"og:type\" content=\"article\" \/>\n<meta property=\"og:title\" content=\"Hrvati iz BiH i dalje ne mogu u RH bez COVID potvrda, tra\u017ei se ukidanje mjera - RADIO LJUBU\u0160KI\" \/>\n<meta property=\"og:description\" content=\"Zastupnik Mosta u Hrvatskome saboru Nikola Grmoja kritizirao je vladu zbog toga \u0161to s promjenom epidemiolo\u0161kih pravila za ulazak u Republiku Hrvatsku nije olak\u0161ala uvjete sunarodnjacima iz Bosne i Hercegovine, pi\u0161e Ve\u010dernji list BiH. \u010cak niti onima koji imaju dr\u017eavljanstvo Hrvatske, odnosno zemalja Europske unije. Besmisleno ograni\u010denje &#8220;Hrvati iz BiH ne mogu u Hrvatsku na [&hellip;]\" \/>\n<meta property=\"og:url\" content=\"https:\/\/radioljubuski.ba\/index.php\/2022\/04\/14\/hrvati-iz-bih-i-dalje-ne-mogu-u-rh-bez-covid-potvrda-trazi-se-ukidanje-mjera\/\" \/>\n<meta property=\"og:site_name\" content=\"RADIO LJUBU\u0160KI\" \/>\n<meta property=\"article:publisher\" content=\"https:\/\/www.facebook.com\/Radiio-Ljubuski-1490835324566332\" \/>\n<meta property=\"article:published_time\" content=\"2022-04-14T00:51:12+00:00\" \/>\n<meta property=\"article:modified_time\" content=\"2022-04-14T00:51:14+00:00\" \/>\n<meta property=\"og:image\" content=\"https:\/\/radioljubuski.ba\/wp-content\/uploads\/2021\/06\/granica-1.jpg\" \/>\n\t<meta property=\"og:image:width\" content=\"1600\" \/>\n\t<meta property=\"og:image:height\" content=\"1015\" \/>\n\t<meta property=\"og:image:type\" content=\"image\/jpeg\" \/>\n<meta name=\"author\" content=\"Radio Ljubu\u0161ki\" \/>\n<meta name=\"twitter:card\" content=\"summary_large_image\" \/>\n<meta name=\"twitter:creator\" content=\"@radioljubuski\" \/>\n<meta name=\"twitter:site\" content=\"@radioljubuski\" \/>\n<meta name=\"twitter:label1\" content=\"Napisao\/la\" \/>\n\t<meta name=\"twitter:data1\" content=\"Radio Ljubu\u0161ki\" \/>\n\t<meta name=\"twitter:label2\" content=\"Procijenjeno vrijeme \u010ditanja\" \/>\n\t<meta name=\"twitter:data2\" content=\"3 minute\" \/>\n<script type=\"application\/ld+json\" class=\"yoast-schema-graph\">{\"@context\":\"https:\\\/\\\/schema.org\",\"@graph\":[{\"@type\":\"Article\",\"@id\":\"https:\\\/\\\/radioljubuski.ba\\\/index.php\\\/2022\\\/04\\\/14\\\/hrvati-iz-bih-i-dalje-ne-mogu-u-rh-bez-covid-potvrda-trazi-se-ukidanje-mjera\\\/#article\",\"isPartOf\":{\"@id\":\"https:\\\/\\\/radioljubuski.ba\\\/index.php\\\/2022\\\/04\\\/14\\\/hrvati-iz-bih-i-dalje-ne-mogu-u-rh-bez-covid-potvrda-trazi-se-ukidanje-mjera\\\/\"},\"author\":{\"name\":\"Radio Ljubu\u0161ki\",\"@id\":\"https:\\\/\\\/radioljubuski.ba\\\/#\\\/schema\\\/person\\\/19fc700381a780f69665d7956c469e3b\"},\"headline\":\"Hrvati iz BiH i dalje ne mogu u RH bez COVID potvrda, tra\u017ei se ukidanje mjera\",\"datePublished\":\"2022-04-14T00:51:12+00:00\",\"dateModified\":\"2022-04-14T00:51:14+00:00\",\"mainEntityOfPage\":{\"@id\":\"https:\\\/\\\/radioljubuski.ba\\\/index.php\\\/2022\\\/04\\\/14\\\/hrvati-iz-bih-i-dalje-ne-mogu-u-rh-bez-covid-potvrda-trazi-se-ukidanje-mjera\\\/\"},\"wordCount\":568,\"publisher\":{\"@id\":\"https:\\\/\\\/radioljubuski.ba\\\/#organization\"},\"image\":{\"@id\":\"https:\\\/\\\/radioljubuski.ba\\\/index.php\\\/2022\\\/04\\\/14\\\/hrvati-iz-bih-i-dalje-ne-mogu-u-rh-bez-covid-potvrda-trazi-se-ukidanje-mjera\\\/#primaryimage\"},\"thumbnailUrl\":\"https:\\\/\\\/radioljubuski.ba\\\/wp-content\\\/uploads\\\/2021\\\/06\\\/granica-1.jpg\",\"articleSection\":[\"BIH i regija\"],\"inLanguage\":\"hr\"},{\"@type\":\"WebPage\",\"@id\":\"https:\\\/\\\/radioljubuski.ba\\\/index.php\\\/2022\\\/04\\\/14\\\/hrvati-iz-bih-i-dalje-ne-mogu-u-rh-bez-covid-potvrda-trazi-se-ukidanje-mjera\\\/\",\"url\":\"https:\\\/\\\/radioljubuski.ba\\\/index.php\\\/2022\\\/04\\\/14\\\/hrvati-iz-bih-i-dalje-ne-mogu-u-rh-bez-covid-potvrda-trazi-se-ukidanje-mjera\\\/\",\"name\":\"Hrvati iz BiH i dalje ne mogu u RH bez COVID potvrda, tra\u017ei se ukidanje mjera - RADIO LJUBU\u0160KI\",\"isPartOf\":{\"@id\":\"https:\\\/\\\/radioljubuski.ba\\\/#website\"},\"primaryImageOfPage\":{\"@id\":\"https:\\\/\\\/radioljubuski.ba\\\/index.php\\\/2022\\\/04\\\/14\\\/hrvati-iz-bih-i-dalje-ne-mogu-u-rh-bez-covid-potvrda-trazi-se-ukidanje-mjera\\\/#primaryimage\"},\"image\":{\"@id\":\"https:\\\/\\\/radioljubuski.ba\\\/index.php\\\/2022\\\/04\\\/14\\\/hrvati-iz-bih-i-dalje-ne-mogu-u-rh-bez-covid-potvrda-trazi-se-ukidanje-mjera\\\/#primaryimage\"},\"thumbnailUrl\":\"https:\\\/\\\/radioljubuski.ba\\\/wp-content\\\/uploads\\\/2021\\\/06\\\/granica-1.jpg\",\"datePublished\":\"2022-04-14T00:51:12+00:00\",\"dateModified\":\"2022-04-14T00:51:14+00:00\",\"breadcrumb\":{\"@id\":\"https:\\\/\\\/radioljubuski.ba\\\/index.php\\\/2022\\\/04\\\/14\\\/hrvati-iz-bih-i-dalje-ne-mogu-u-rh-bez-covid-potvrda-trazi-se-ukidanje-mjera\\\/#breadcrumb\"},\"inLanguage\":\"hr\",\"potentialAction\":[{\"@type\":\"ReadAction\",\"target\":[\"https:\\\/\\\/radioljubuski.ba\\\/index.php\\\/2022\\\/04\\\/14\\\/hrvati-iz-bih-i-dalje-ne-mogu-u-rh-bez-covid-potvrda-trazi-se-ukidanje-mjera\\\/\"]}]},{\"@type\":\"ImageObject\",\"inLanguage\":\"hr\",\"@id\":\"https:\\\/\\\/radioljubuski.ba\\\/index.php\\\/2022\\\/04\\\/14\\\/hrvati-iz-bih-i-dalje-ne-mogu-u-rh-bez-covid-potvrda-trazi-se-ukidanje-mjera\\\/#primaryimage\",\"url\":\"https:\\\/\\\/radioljubuski.ba\\\/wp-content\\\/uploads\\\/2021\\\/06\\\/granica-1.jpg\",\"contentUrl\":\"https:\\\/\\\/radioljubuski.ba\\\/wp-content\\\/uploads\\\/2021\\\/06\\\/granica-1.jpg\",\"width\":1600,\"height\":1015,\"caption\":\"02.06.2021., Bregana - Ministar policije Davor Bozinovic na granicnom prijelazu Bregana demonstrirao kako funkcinira prelazak granice sa EU digitalnom COVID potvrdom. Photo: Josip Regovic\\\/PIXSELL\"},{\"@type\":\"BreadcrumbList\",\"@id\":\"https:\\\/\\\/radioljubuski.ba\\\/index.php\\\/2022\\\/04\\\/14\\\/hrvati-iz-bih-i-dalje-ne-mogu-u-rh-bez-covid-potvrda-trazi-se-ukidanje-mjera\\\/#breadcrumb\",\"itemListElement\":[{\"@type\":\"ListItem\",\"position\":1,\"name\":\"Po\u010detna stranica\",\"item\":\"https:\\\/\\\/radioljubuski.ba\\\/\"},{\"@type\":\"ListItem\",\"position\":2,\"name\":\"Hrvati iz BiH i dalje ne mogu u RH bez COVID potvrda, tra\u017ei se ukidanje mjera\"}]},{\"@type\":\"WebSite\",\"@id\":\"https:\\\/\\\/radioljubuski.ba\\\/#website\",\"url\":\"https:\\\/\\\/radioljubuski.ba\\\/\",\"name\":\"Radio Ljubu\u0161ki\",\"description\":\"Sun\u010dana frekvencija Hercegovine\",\"publisher\":{\"@id\":\"https:\\\/\\\/radioljubuski.ba\\\/#organization\"},\"potentialAction\":[{\"@type\":\"SearchAction\",\"target\":{\"@type\":\"EntryPoint\",\"urlTemplate\":\"https:\\\/\\\/radioljubuski.ba\\\/?s={search_term_string}\"},\"query-input\":{\"@type\":\"PropertyValueSpecification\",\"valueRequired\":true,\"valueName\":\"search_term_string\"}}],\"inLanguage\":\"hr\"},{\"@type\":\"Organization\",\"@id\":\"https:\\\/\\\/radioljubuski.ba\\\/#organization\",\"name\":\"Radio Ljubu\u0161ki\",\"url\":\"https:\\\/\\\/radioljubuski.ba\\\/\",\"logo\":{\"@type\":\"ImageObject\",\"inLanguage\":\"hr\",\"@id\":\"https:\\\/\\\/radioljubuski.ba\\\/#\\\/schema\\\/logo\\\/image\\\/\",\"url\":\"https:\\\/\\\/radioljubuski.ba\\\/wp-content\\\/uploads\\\/2021\\\/02\\\/cropped-Radio_Ljubuski_logo1.jpg\",\"contentUrl\":\"https:\\\/\\\/radioljubuski.ba\\\/wp-content\\\/uploads\\\/2021\\\/02\\\/cropped-Radio_Ljubuski_logo1.jpg\",\"width\":512,\"height\":512,\"caption\":\"Radio Ljubu\u0161ki\"},\"image\":{\"@id\":\"https:\\\/\\\/radioljubuski.ba\\\/#\\\/schema\\\/logo\\\/image\\\/\"},\"sameAs\":[\"https:\\\/\\\/www.facebook.com\\\/Radiio-Ljubuski-1490835324566332\",\"https:\\\/\\\/x.com\\\/radioljubuski\",\"https:\\\/\\\/hr.linkedin.com\\\/company\\\/radio-ljubuski\",\"https:\\\/\\\/www.youtube.com\\\/channel\\\/UCHYaeO_n0Db3tjNGudGpXyw\"]},{\"@type\":\"Person\",\"@id\":\"https:\\\/\\\/radioljubuski.ba\\\/#\\\/schema\\\/person\\\/19fc700381a780f69665d7956c469e3b\",\"name\":\"Radio Ljubu\u0161ki\"}]}<\/script>\n<!-- \/ Yoast SEO plugin. -->","yoast_head_json":{"title":"Hrvati iz BiH i dalje ne mogu u RH bez COVID potvrda, tra\u017ei se ukidanje mjera - RADIO LJUBU\u0160KI","robots":{"index":"index","follow":"follow","max-snippet":"max-snippet:-1","max-image-preview":"max-image-preview:large","max-video-preview":"max-video-preview:-1"},"canonical":"https:\/\/radioljubuski.ba\/index.php\/2022\/04\/14\/hrvati-iz-bih-i-dalje-ne-mogu-u-rh-bez-covid-potvrda-trazi-se-ukidanje-mjera\/","og_locale":"hr_HR","og_type":"article","og_title":"Hrvati iz BiH i dalje ne mogu u RH bez COVID potvrda, tra\u017ei se ukidanje mjera - RADIO LJUBU\u0160KI","og_description":"Zastupnik Mosta u Hrvatskome saboru Nikola Grmoja kritizirao je vladu zbog toga \u0161to s promjenom epidemiolo\u0161kih pravila za ulazak u Republiku Hrvatsku nije olak\u0161ala uvjete sunarodnjacima iz Bosne i Hercegovine, pi\u0161e Ve\u010dernji list BiH. \u010cak niti onima koji imaju dr\u017eavljanstvo Hrvatske, odnosno zemalja Europske unije. Besmisleno ograni\u010denje &#8220;Hrvati iz BiH ne mogu u Hrvatsku na [&hellip;]","og_url":"https:\/\/radioljubuski.ba\/index.php\/2022\/04\/14\/hrvati-iz-bih-i-dalje-ne-mogu-u-rh-bez-covid-potvrda-trazi-se-ukidanje-mjera\/","og_site_name":"RADIO LJUBU\u0160KI","article_publisher":"https:\/\/www.facebook.com\/Radiio-Ljubuski-1490835324566332","article_published_time":"2022-04-14T00:51:12+00:00","article_modified_time":"2022-04-14T00:51:14+00:00","og_image":[{"width":1600,"height":1015,"url":"https:\/\/radioljubuski.ba\/wp-content\/uploads\/2021\/06\/granica-1.jpg","type":"image\/jpeg"}],"author":"Radio Ljubu\u0161ki","twitter_card":"summary_large_image","twitter_creator":"@radioljubuski","twitter_site":"@radioljubuski","twitter_misc":{"Napisao\/la":"Radio Ljubu\u0161ki","Procijenjeno vrijeme \u010ditanja":"3 minute"},"schema":{"@context":"https:\/\/schema.org","@graph":[{"@type":"Article","@id":"https:\/\/radioljubuski.ba\/index.php\/2022\/04\/14\/hrvati-iz-bih-i-dalje-ne-mogu-u-rh-bez-covid-potvrda-trazi-se-ukidanje-mjera\/#article","isPartOf":{"@id":"https:\/\/radioljubuski.ba\/index.php\/2022\/04\/14\/hrvati-iz-bih-i-dalje-ne-mogu-u-rh-bez-covid-potvrda-trazi-se-ukidanje-mjera\/"},"author":{"name":"Radio Ljubu\u0161ki","@id":"https:\/\/radioljubuski.ba\/#\/schema\/person\/19fc700381a780f69665d7956c469e3b"},"headline":"Hrvati iz BiH i dalje ne mogu u RH bez COVID potvrda, tra\u017ei se ukidanje mjera","datePublished":"2022-04-14T00:51:12+00:00","dateModified":"2022-04-14T00:51:14+00:00","mainEntityOfPage":{"@id":"https:\/\/radioljubuski.ba\/index.php\/2022\/04\/14\/hrvati-iz-bih-i-dalje-ne-mogu-u-rh-bez-covid-potvrda-trazi-se-ukidanje-mjera\/"},"wordCount":568,"publisher":{"@id":"https:\/\/radioljubuski.ba\/#organization"},"image":{"@id":"https:\/\/radioljubuski.ba\/index.php\/2022\/04\/14\/hrvati-iz-bih-i-dalje-ne-mogu-u-rh-bez-covid-potvrda-trazi-se-ukidanje-mjera\/#primaryimage"},"thumbnailUrl":"https:\/\/radioljubuski.ba\/wp-content\/uploads\/2021\/06\/granica-1.jpg","articleSection":["BIH i regija"],"inLanguage":"hr"},{"@type":"WebPage","@id":"https:\/\/radioljubuski.ba\/index.php\/2022\/04\/14\/hrvati-iz-bih-i-dalje-ne-mogu-u-rh-bez-covid-potvrda-trazi-se-ukidanje-mjera\/","url":"https:\/\/radioljubuski.ba\/index.php\/2022\/04\/14\/hrvati-iz-bih-i-dalje-ne-mogu-u-rh-bez-covid-potvrda-trazi-se-ukidanje-mjera\/","name":"Hrvati iz BiH i dalje ne mogu u RH bez COVID potvrda, tra\u017ei se ukidanje mjera - RADIO LJUBU\u0160KI","isPartOf":{"@id":"https:\/\/radioljubuski.ba\/#website"},"primaryImageOfPage":{"@id":"https:\/\/radioljubuski.ba\/index.php\/2022\/04\/14\/hrvati-iz-bih-i-dalje-ne-mogu-u-rh-bez-covid-potvrda-trazi-se-ukidanje-mjera\/#primaryimage"},"image":{"@id":"https:\/\/radioljubuski.ba\/index.php\/2022\/04\/14\/hrvati-iz-bih-i-dalje-ne-mogu-u-rh-bez-covid-potvrda-trazi-se-ukidanje-mjera\/#primaryimage"},"thumbnailUrl":"https:\/\/radioljubuski.ba\/wp-content\/uploads\/2021\/06\/granica-1.jpg","datePublished":"2022-04-14T00:51:12+00:00","dateModified":"2022-04-14T00:51:14+00:00","breadcrumb":{"@id":"https:\/\/radioljubuski.ba\/index.php\/2022\/04\/14\/hrvati-iz-bih-i-dalje-ne-mogu-u-rh-bez-covid-potvrda-trazi-se-ukidanje-mjera\/#breadcrumb"},"inLanguage":"hr","potentialAction":[{"@type":"ReadAction","target":["https:\/\/radioljubuski.ba\/index.php\/2022\/04\/14\/hrvati-iz-bih-i-dalje-ne-mogu-u-rh-bez-covid-potvrda-trazi-se-ukidanje-mjera\/"]}]},{"@type":"ImageObject","inLanguage":"hr","@id":"https:\/\/radioljubuski.ba\/index.php\/2022\/04\/14\/hrvati-iz-bih-i-dalje-ne-mogu-u-rh-bez-covid-potvrda-trazi-se-ukidanje-mjera\/#primaryimage","url":"https:\/\/radioljubuski.ba\/wp-content\/uploads\/2021\/06\/granica-1.jpg","contentUrl":"https:\/\/radioljubuski.ba\/wp-content\/uploads\/2021\/06\/granica-1.jpg","width":1600,"height":1015,"caption":"02.06.2021., Bregana - Ministar policije Davor Bozinovic na granicnom prijelazu Bregana demonstrirao kako funkcinira prelazak granice sa EU digitalnom COVID potvrdom. Photo: Josip Regovic\/PIXSELL"},{"@type":"BreadcrumbList","@id":"https:\/\/radioljubuski.ba\/index.php\/2022\/04\/14\/hrvati-iz-bih-i-dalje-ne-mogu-u-rh-bez-covid-potvrda-trazi-se-ukidanje-mjera\/#breadcrumb","itemListElement":[{"@type":"ListItem","position":1,"name":"Po\u010detna stranica","item":"https:\/\/radioljubuski.ba\/"},{"@type":"ListItem","position":2,"name":"Hrvati iz BiH i dalje ne mogu u RH bez COVID potvrda, tra\u017ei se ukidanje mjera"}]},{"@type":"WebSite","@id":"https:\/\/radioljubuski.ba\/#website","url":"https:\/\/radioljubuski.ba\/","name":"Radio Ljubu\u0161ki","description":"Sun\u010dana frekvencija Hercegovine","publisher":{"@id":"https:\/\/radioljubuski.ba\/#organization"},"potentialAction":[{"@type":"SearchAction","target":{"@type":"EntryPoint","urlTemplate":"https:\/\/radioljubuski.ba\/?s={search_term_string}"},"query-input":{"@type":"PropertyValueSpecification","valueRequired":true,"valueName":"search_term_string"}}],"inLanguage":"hr"},{"@type":"Organization","@id":"https:\/\/radioljubuski.ba\/#organization","name":"Radio Ljubu\u0161ki","url":"https:\/\/radioljubuski.ba\/","logo":{"@type":"ImageObject","inLanguage":"hr","@id":"https:\/\/radioljubuski.ba\/#\/schema\/logo\/image\/","url":"https:\/\/radioljubuski.ba\/wp-content\/uploads\/2021\/02\/cropped-Radio_Ljubuski_logo1.jpg","contentUrl":"https:\/\/radioljubuski.ba\/wp-content\/uploads\/2021\/02\/cropped-Radio_Ljubuski_logo1.jpg","width":512,"height":512,"caption":"Radio Ljubu\u0161ki"},"image":{"@id":"https:\/\/radioljubuski.ba\/#\/schema\/logo\/image\/"},"sameAs":["https:\/\/www.facebook.com\/Radiio-Ljubuski-1490835324566332","https:\/\/x.com\/radioljubuski","https:\/\/hr.linkedin.com\/company\/radio-ljubuski","https:\/\/www.youtube.com\/channel\/UCHYaeO_n0Db3tjNGudGpXyw"]},{"@type":"Person","@id":"https:\/\/radioljubuski.ba\/#\/schema\/person\/19fc700381a780f69665d7956c469e3b","name":"Radio Ljubu\u0161ki"}]}},"_links":{"self":[{"href":"https:\/\/radioljubuski.ba\/index.php\/wp-json\/wp\/v2\/posts\/132378","targetHints":{"allow":["GET"]}}],"collection":[{"href":"https:\/\/radioljubuski.ba\/index.php\/wp-json\/wp\/v2\/posts"}],"about":[{"href":"https:\/\/radioljubuski.ba\/index.php\/wp-json\/wp\/v2\/types\/post"}],"author":[{"embeddable":true,"href":"https:\/\/radioljubuski.ba\/index.php\/wp-json\/wp\/v2\/users\/2"}],"replies":[{"embeddable":true,"href":"https:\/\/radioljubuski.ba\/index.php\/wp-json\/wp\/v2\/comments?post=132378"}],"version-history":[{"count":1,"href":"https:\/\/radioljubuski.ba\/index.php\/wp-json\/wp\/v2\/posts\/132378\/revisions"}],"predecessor-version":[{"id":132379,"href":"https:\/\/radioljubuski.ba\/index.php\/wp-json\/wp\/v2\/posts\/132378\/revisions\/132379"}],"wp:featuredmedia":[{"embeddable":true,"href":"https:\/\/radioljubuski.ba\/index.php\/wp-json\/wp\/v2\/media\/36610"}],"wp:attachment":[{"href":"https:\/\/radioljubuski.ba\/index.php\/wp-json\/wp\/v2\/media?parent=132378"}],"wp:term":[{"taxonomy":"category","embeddable":true,"href":"https:\/\/radioljubuski.ba\/index.php\/wp-json\/wp\/v2\/categories?post=132378"},{"taxonomy":"post_tag","embeddable":true,"href":"https:\/\/radioljubuski.ba\/index.php\/wp-json\/wp\/v2\/tags?post=132378"}],"curies":[{"name":"wp","href":"https:\/\/api.w.org\/{rel}","templated":true}]}}