{"id":132396,"date":"2022-04-14T02:01:06","date_gmt":"2022-04-14T01:01:06","guid":{"rendered":"https:\/\/radioljubuski.ba\/?p=132396"},"modified":"2022-04-14T02:01:08","modified_gmt":"2022-04-14T01:01:08","slug":"sarrazin-svi-zelimo-da-se-tri-lidera-sloze-oko-dobre-reforme-izbornog-zakona","status":"publish","type":"post","link":"https:\/\/radioljubuski.ba\/index.php\/2022\/04\/14\/sarrazin-svi-zelimo-da-se-tri-lidera-sloze-oko-dobre-reforme-izbornog-zakona\/","title":{"rendered":"Sarrazin: Svi \u017eelimo da se tri lidera slo\u017ee oko dobre reforme Izbornog zakona"},"content":{"rendered":"\n<p><strong>U Strate\u0161kom kompasu koji je donesen kroz Europsko vije\u0107e Njema\u010dka je, suprotno ve\u0107ini zemalja Europske unije, zauzela stav, zajedno s Nizozemskom, da je koncept konstitutivnih naroda diskriminatoran. Hrvatski premijer Andrej Plenkovi\u0107 rekao je da kod nekih zemalja u EU postoji temeljno neshva\u0107anje konstrukta BiH. Upitan kako gleda na stav Hrvatske prema doga\u0111anjima u Bosni i Hercegovini, Manuel Sarrazin, posebni predstavnik njema\u010dke vlade za Zapadni Balkan u intervju za zagreba\u010dku redakciju<a href=\"https:\/\/ba.n1info.com\/vijesti\/sarrazin-njemacka-zeli-sankcije-dodiku-razmatramo-povratak-nasih-vojnika-u-bih\/\" target=\"_blank\" rel=\"noreferrer noopener\">&nbsp;N1 televizije<\/a>&nbsp;je kazao:<\/strong><\/p>\n\n\n\n<p>-Svi \u017eelimo da se tri lidera u BiH slo\u017ee oko dobre reforme Izbornog zakona. Za Njema\u010dku to zna\u010di reformu koja ne\u0107e produbiti etni\u010dke podjele. To jest i oduvijek je bilo na\u0161e mjerilo toga je li reforma Izbornog zakona dobra ili ne. I drugo \u2013 svi mislimo da izbori u BiH trebaju biti kredibilniji uz paket mjera za integraciju koji bi smjesta trebao biti uveden. Meni je tako\u0111er vrlo jasno da je opasno pretpostaviti da bi mogu\u0107i izbori u listopadu mogli biti nelegitimni. Va\u017eno je da bude jasno da \u0107e se ovi izbori u BiH odr\u017eati u listopadu. Dr\u017eim da je opasno odga\u0111ati izbore u ovom geopoliti\u010dkom ozra\u010dju i uz trenuta\u010dne politi\u010dke rasprave u BiH. To ne zna\u010di da nismo anga\u017eirani oko reforme Izbornog zakona, da ne pratimo kredibilne teme o kojima treba razgovarati, a o kojima se lideri moraju usuglasiti uz pomo\u0107 EU i SAD. Ali dr\u017eim da mora biti jasno da se ne poigravamo s datumom izbora, izbori se moraju odr\u017eati.<\/p>\n\n\n\n<p>Sarrazin je kazao i kako se Njema\u010dka nedvosmisleno zala\u017ee za sankcije \u010dlanu Predsjedni\u0161tva Bosne i Hercegovine Miloradu Dodiku i da poku\u0161ava uvjeriti partnere u Europskoj uniji da krenu tim putem. Komentirao je i mogu\u0107nost dolaska vojnika Bundeswehra u BiH.<\/p>\n\n\n\n<p>-Moja je ministrica jasno rekla da \u017eelimo sankcije za Dodika na razini EU. I poku\u0161avamo uvjeriti svoje partnere u Europskoj uniji da krenu tim putem. No nismo dobili pristanak svih dr\u017eava \u010dlanica, \u0161to je nu\u017eno, kako bismo uveli sankcije. Ali zbog njegova secesionisti\u010dkog pristupa mislimo da je va\u017eno da mu se uvedu sankcije, i to je jasan stav njema\u010dke vlade. Iako jo\u0161 ne postoji konsenzus na razini EU, mislim da vrijedi vidjeti jasan stav Njema\u010dke. Nova \u201csemafor-koalicija\u201d, kako je nazivamo zbog boja stranaka koje sa\u010dinjavaju vladu, u koalicijskom je sporazumu jasno navela da \u0107e Njema\u010dka zauzimati stavove i da ne\u0107e uvijek \u010dekati da se postigne europski konsenzus. Dakle, katkad nas mo\u017eda ne\u0107e svi slijediti ili \u010dak ne\u0107emo biti uspje\u0161ni, ali to ne zna\u010di da ne \u017eelimo poticati rasprave zato \u0161to imamo vlastiti stav. Osobito u pogledu Bosne i Hercegovine, va\u017eno je imati jasan stav glede starih lidera te zemlje koji su svi do odre\u0111ene mjere povezani s politi\u010dkom kulturom koja ne pogoduje istinski prosperitetnoj budu\u0107nosti unutar EU-a, kazao je Sarrazin.<\/p>\n\n\n\n<p>Sarrazin je kazao kako ne zna kako i s \u010dime bih usporedio Dodika, ali misli da je njegovo politi\u010dko pona\u0161anje golem problem i ve\u0107 destabilizira Bosnu i Hercegovinu.<\/p>\n\n\n\n<p>-Prijetnja s ovim amandmanima poslanima u parlamentarnu proceduru o jasno secesionisti\u010dkim zakonima, ali i njegova politi\u010dka retorika ve\u0107 danas destabilizira Bosnu i Hercegovinu, ve\u0107 ima golem u\u010dinak na psihologiju naroda. A tu je i njegova jasna povezanost s Kremljem i tamo\u0161njim vodstvom. To je, dakako, prijetnja koju treba ozbiljno shvatiti. Nitko ne zna \u0161to \u0107e u\u010diniti, \u0161to mu je u glavi, do koje je mjere samostalan ili pod kontrolom, nije moj posao naga\u0111ati o tome, ali destabilizacija BiH zbog njega se ve\u0107 danas doga\u0111a, kazao je.<\/p>\n\n\n\n<p>Upitan \u0161to zna\u010di objava o ponovnom dolasku vojnika Bundeswehra u BiH Sarrazin je pojasnio kako se ne radi o objavi. -Razgovaramo s parlamentom, a vlada provjerava kako bismo to mogli u\u010diniti i biti od pomo\u0107i u okviru na\u0161ih kapaciteta. No tu se radi o anga\u017emanu Njema\u010dke glede sigurnosti u regiji, rekao je.<\/p>\n\n\n\n<p>Na pitanje strahujete li mo\u017eda od sukoba ili raspada BiH, izaslanik Njema\u010dke za zapadni Balkan je kazao:<\/p>\n\n\n\n<p>-Ne bih to ba\u0161 tako rekao. Donesena je odluka o prisutnosti EUFOR-a u BiH kako bismo pokazali da smo tu, da pratimo \u0161to se doga\u0111a. Imam osje\u0107aj da ima smisla pru\u017eiti im kapacitete da obavljaju taj posao. Dakako, to tako\u0111er pokazuje da je Njema\u010dka anga\u017eirana i da mo\u017eete ra\u010dunati na to da \u0107emo biti prisutni. Ne bojim se raspada BiH danas, ali u nadolaze\u0107im mjesecima \u010dekaju nas brojne te\u0161ke odluke i trenuci koji bi mogli dovesti do nezadovoljstva ljudi, smatra Sarrazin.<\/p>\n\n\n\n<p>\/HMS\/<\/p>\n","protected":false},"excerpt":{"rendered":"<p>U Strate\u0161kom kompasu koji je donesen kroz Europsko vije\u0107e Njema\u010dka je, suprotno ve\u0107ini zemalja Europske unije, zauzela stav, zajedno s Nizozemskom, da je koncept konstitutivnih naroda diskriminatoran. Hrvatski premijer Andrej Plenkovi\u0107 rekao je da kod nekih zemalja u EU postoji temeljno neshva\u0107anje konstrukta BiH. Upitan kako gleda na stav Hrvatske prema doga\u0111anjima u Bosni i [&hellip;]<\/p>\n","protected":false},"author":2,"featured_media":132397,"comment_status":"closed","ping_status":"closed","sticky":false,"template":"","format":"standard","meta":{"h5ap_radio_sources":[],"footnotes":""},"categories":[1],"tags":[],"class_list":["post-132396","post","type-post","status-publish","format-standard","has-post-thumbnail","hentry","category-bihiregija"],"yoast_head":"<!-- This site is optimized with the Yoast SEO plugin v27.5 - https:\/\/yoast.com\/product\/yoast-seo-wordpress\/ -->\n<title>Sarrazin: Svi \u017eelimo da se tri lidera slo\u017ee oko dobre reforme Izbornog zakona - RADIO LJUBU\u0160KI<\/title>\n<meta name=\"robots\" content=\"index, follow, max-snippet:-1, max-image-preview:large, max-video-preview:-1\" \/>\n<link rel=\"canonical\" href=\"https:\/\/radioljubuski.ba\/index.php\/2022\/04\/14\/sarrazin-svi-zelimo-da-se-tri-lidera-sloze-oko-dobre-reforme-izbornog-zakona\/\" \/>\n<meta property=\"og:locale\" content=\"hr_HR\" \/>\n<meta property=\"og:type\" content=\"article\" \/>\n<meta property=\"og:title\" content=\"Sarrazin: Svi \u017eelimo da se tri lidera slo\u017ee oko dobre reforme Izbornog zakona - RADIO LJUBU\u0160KI\" \/>\n<meta property=\"og:description\" content=\"U Strate\u0161kom kompasu koji je donesen kroz Europsko vije\u0107e Njema\u010dka je, suprotno ve\u0107ini zemalja Europske unije, zauzela stav, zajedno s Nizozemskom, da je koncept konstitutivnih naroda diskriminatoran. Hrvatski premijer Andrej Plenkovi\u0107 rekao je da kod nekih zemalja u EU postoji temeljno neshva\u0107anje konstrukta BiH. Upitan kako gleda na stav Hrvatske prema doga\u0111anjima u Bosni i [&hellip;]\" \/>\n<meta property=\"og:url\" content=\"https:\/\/radioljubuski.ba\/index.php\/2022\/04\/14\/sarrazin-svi-zelimo-da-se-tri-lidera-sloze-oko-dobre-reforme-izbornog-zakona\/\" \/>\n<meta property=\"og:site_name\" content=\"RADIO LJUBU\u0160KI\" \/>\n<meta property=\"article:publisher\" content=\"https:\/\/www.facebook.com\/Radiio-Ljubuski-1490835324566332\" \/>\n<meta property=\"article:published_time\" content=\"2022-04-14T01:01:06+00:00\" \/>\n<meta property=\"article:modified_time\" content=\"2022-04-14T01:01:08+00:00\" \/>\n<meta property=\"og:image\" content=\"https:\/\/radioljubuski.ba\/wp-content\/uploads\/2022\/04\/sarrazin.jpg\" \/>\n\t<meta property=\"og:image:width\" content=\"900\" \/>\n\t<meta property=\"og:image:height\" content=\"514\" \/>\n\t<meta property=\"og:image:type\" content=\"image\/jpeg\" \/>\n<meta name=\"author\" content=\"Radio Ljubu\u0161ki\" \/>\n<meta name=\"twitter:card\" content=\"summary_large_image\" \/>\n<meta name=\"twitter:creator\" content=\"@radioljubuski\" \/>\n<meta name=\"twitter:site\" content=\"@radioljubuski\" \/>\n<meta name=\"twitter:label1\" content=\"Napisao\/la\" \/>\n\t<meta name=\"twitter:data1\" content=\"Radio Ljubu\u0161ki\" \/>\n\t<meta name=\"twitter:label2\" content=\"Procijenjeno vrijeme \u010ditanja\" \/>\n\t<meta name=\"twitter:data2\" content=\"4 minute\" \/>\n<script type=\"application\/ld+json\" class=\"yoast-schema-graph\">{\"@context\":\"https:\\\/\\\/schema.org\",\"@graph\":[{\"@type\":\"Article\",\"@id\":\"https:\\\/\\\/radioljubuski.ba\\\/index.php\\\/2022\\\/04\\\/14\\\/sarrazin-svi-zelimo-da-se-tri-lidera-sloze-oko-dobre-reforme-izbornog-zakona\\\/#article\",\"isPartOf\":{\"@id\":\"https:\\\/\\\/radioljubuski.ba\\\/index.php\\\/2022\\\/04\\\/14\\\/sarrazin-svi-zelimo-da-se-tri-lidera-sloze-oko-dobre-reforme-izbornog-zakona\\\/\"},\"author\":{\"name\":\"Radio Ljubu\u0161ki\",\"@id\":\"https:\\\/\\\/radioljubuski.ba\\\/#\\\/schema\\\/person\\\/19fc700381a780f69665d7956c469e3b\"},\"headline\":\"Sarrazin: Svi \u017eelimo da se tri lidera slo\u017ee oko dobre reforme Izbornog zakona\",\"datePublished\":\"2022-04-14T01:01:06+00:00\",\"dateModified\":\"2022-04-14T01:01:08+00:00\",\"mainEntityOfPage\":{\"@id\":\"https:\\\/\\\/radioljubuski.ba\\\/index.php\\\/2022\\\/04\\\/14\\\/sarrazin-svi-zelimo-da-se-tri-lidera-sloze-oko-dobre-reforme-izbornog-zakona\\\/\"},\"wordCount\":804,\"publisher\":{\"@id\":\"https:\\\/\\\/radioljubuski.ba\\\/#organization\"},\"image\":{\"@id\":\"https:\\\/\\\/radioljubuski.ba\\\/index.php\\\/2022\\\/04\\\/14\\\/sarrazin-svi-zelimo-da-se-tri-lidera-sloze-oko-dobre-reforme-izbornog-zakona\\\/#primaryimage\"},\"thumbnailUrl\":\"https:\\\/\\\/radioljubuski.ba\\\/wp-content\\\/uploads\\\/2022\\\/04\\\/sarrazin.jpg\",\"articleSection\":[\"BIH i regija\"],\"inLanguage\":\"hr\"},{\"@type\":\"WebPage\",\"@id\":\"https:\\\/\\\/radioljubuski.ba\\\/index.php\\\/2022\\\/04\\\/14\\\/sarrazin-svi-zelimo-da-se-tri-lidera-sloze-oko-dobre-reforme-izbornog-zakona\\\/\",\"url\":\"https:\\\/\\\/radioljubuski.ba\\\/index.php\\\/2022\\\/04\\\/14\\\/sarrazin-svi-zelimo-da-se-tri-lidera-sloze-oko-dobre-reforme-izbornog-zakona\\\/\",\"name\":\"Sarrazin: Svi \u017eelimo da se tri lidera slo\u017ee oko dobre reforme Izbornog zakona - RADIO LJUBU\u0160KI\",\"isPartOf\":{\"@id\":\"https:\\\/\\\/radioljubuski.ba\\\/#website\"},\"primaryImageOfPage\":{\"@id\":\"https:\\\/\\\/radioljubuski.ba\\\/index.php\\\/2022\\\/04\\\/14\\\/sarrazin-svi-zelimo-da-se-tri-lidera-sloze-oko-dobre-reforme-izbornog-zakona\\\/#primaryimage\"},\"image\":{\"@id\":\"https:\\\/\\\/radioljubuski.ba\\\/index.php\\\/2022\\\/04\\\/14\\\/sarrazin-svi-zelimo-da-se-tri-lidera-sloze-oko-dobre-reforme-izbornog-zakona\\\/#primaryimage\"},\"thumbnailUrl\":\"https:\\\/\\\/radioljubuski.ba\\\/wp-content\\\/uploads\\\/2022\\\/04\\\/sarrazin.jpg\",\"datePublished\":\"2022-04-14T01:01:06+00:00\",\"dateModified\":\"2022-04-14T01:01:08+00:00\",\"breadcrumb\":{\"@id\":\"https:\\\/\\\/radioljubuski.ba\\\/index.php\\\/2022\\\/04\\\/14\\\/sarrazin-svi-zelimo-da-se-tri-lidera-sloze-oko-dobre-reforme-izbornog-zakona\\\/#breadcrumb\"},\"inLanguage\":\"hr\",\"potentialAction\":[{\"@type\":\"ReadAction\",\"target\":[\"https:\\\/\\\/radioljubuski.ba\\\/index.php\\\/2022\\\/04\\\/14\\\/sarrazin-svi-zelimo-da-se-tri-lidera-sloze-oko-dobre-reforme-izbornog-zakona\\\/\"]}]},{\"@type\":\"ImageObject\",\"inLanguage\":\"hr\",\"@id\":\"https:\\\/\\\/radioljubuski.ba\\\/index.php\\\/2022\\\/04\\\/14\\\/sarrazin-svi-zelimo-da-se-tri-lidera-sloze-oko-dobre-reforme-izbornog-zakona\\\/#primaryimage\",\"url\":\"https:\\\/\\\/radioljubuski.ba\\\/wp-content\\\/uploads\\\/2022\\\/04\\\/sarrazin.jpg\",\"contentUrl\":\"https:\\\/\\\/radioljubuski.ba\\\/wp-content\\\/uploads\\\/2022\\\/04\\\/sarrazin.jpg\",\"width\":900,\"height\":514},{\"@type\":\"BreadcrumbList\",\"@id\":\"https:\\\/\\\/radioljubuski.ba\\\/index.php\\\/2022\\\/04\\\/14\\\/sarrazin-svi-zelimo-da-se-tri-lidera-sloze-oko-dobre-reforme-izbornog-zakona\\\/#breadcrumb\",\"itemListElement\":[{\"@type\":\"ListItem\",\"position\":1,\"name\":\"Po\u010detna stranica\",\"item\":\"https:\\\/\\\/radioljubuski.ba\\\/\"},{\"@type\":\"ListItem\",\"position\":2,\"name\":\"Sarrazin: Svi \u017eelimo da se tri lidera slo\u017ee oko dobre reforme Izbornog zakona\"}]},{\"@type\":\"WebSite\",\"@id\":\"https:\\\/\\\/radioljubuski.ba\\\/#website\",\"url\":\"https:\\\/\\\/radioljubuski.ba\\\/\",\"name\":\"Radio Ljubu\u0161ki\",\"description\":\"Sun\u010dana frekvencija Hercegovine\",\"publisher\":{\"@id\":\"https:\\\/\\\/radioljubuski.ba\\\/#organization\"},\"potentialAction\":[{\"@type\":\"SearchAction\",\"target\":{\"@type\":\"EntryPoint\",\"urlTemplate\":\"https:\\\/\\\/radioljubuski.ba\\\/?s={search_term_string}\"},\"query-input\":{\"@type\":\"PropertyValueSpecification\",\"valueRequired\":true,\"valueName\":\"search_term_string\"}}],\"inLanguage\":\"hr\"},{\"@type\":\"Organization\",\"@id\":\"https:\\\/\\\/radioljubuski.ba\\\/#organization\",\"name\":\"Radio Ljubu\u0161ki\",\"url\":\"https:\\\/\\\/radioljubuski.ba\\\/\",\"logo\":{\"@type\":\"ImageObject\",\"inLanguage\":\"hr\",\"@id\":\"https:\\\/\\\/radioljubuski.ba\\\/#\\\/schema\\\/logo\\\/image\\\/\",\"url\":\"https:\\\/\\\/radioljubuski.ba\\\/wp-content\\\/uploads\\\/2021\\\/02\\\/cropped-Radio_Ljubuski_logo1.jpg\",\"contentUrl\":\"https:\\\/\\\/radioljubuski.ba\\\/wp-content\\\/uploads\\\/2021\\\/02\\\/cropped-Radio_Ljubuski_logo1.jpg\",\"width\":512,\"height\":512,\"caption\":\"Radio Ljubu\u0161ki\"},\"image\":{\"@id\":\"https:\\\/\\\/radioljubuski.ba\\\/#\\\/schema\\\/logo\\\/image\\\/\"},\"sameAs\":[\"https:\\\/\\\/www.facebook.com\\\/Radiio-Ljubuski-1490835324566332\",\"https:\\\/\\\/x.com\\\/radioljubuski\",\"https:\\\/\\\/hr.linkedin.com\\\/company\\\/radio-ljubuski\",\"https:\\\/\\\/www.youtube.com\\\/channel\\\/UCHYaeO_n0Db3tjNGudGpXyw\"]},{\"@type\":\"Person\",\"@id\":\"https:\\\/\\\/radioljubuski.ba\\\/#\\\/schema\\\/person\\\/19fc700381a780f69665d7956c469e3b\",\"name\":\"Radio Ljubu\u0161ki\"}]}<\/script>\n<!-- \/ Yoast SEO plugin. -->","yoast_head_json":{"title":"Sarrazin: Svi \u017eelimo da se tri lidera slo\u017ee oko dobre reforme Izbornog zakona - RADIO LJUBU\u0160KI","robots":{"index":"index","follow":"follow","max-snippet":"max-snippet:-1","max-image-preview":"max-image-preview:large","max-video-preview":"max-video-preview:-1"},"canonical":"https:\/\/radioljubuski.ba\/index.php\/2022\/04\/14\/sarrazin-svi-zelimo-da-se-tri-lidera-sloze-oko-dobre-reforme-izbornog-zakona\/","og_locale":"hr_HR","og_type":"article","og_title":"Sarrazin: Svi \u017eelimo da se tri lidera slo\u017ee oko dobre reforme Izbornog zakona - RADIO LJUBU\u0160KI","og_description":"U Strate\u0161kom kompasu koji je donesen kroz Europsko vije\u0107e Njema\u010dka je, suprotno ve\u0107ini zemalja Europske unije, zauzela stav, zajedno s Nizozemskom, da je koncept konstitutivnih naroda diskriminatoran. Hrvatski premijer Andrej Plenkovi\u0107 rekao je da kod nekih zemalja u EU postoji temeljno neshva\u0107anje konstrukta BiH. Upitan kako gleda na stav Hrvatske prema doga\u0111anjima u Bosni i [&hellip;]","og_url":"https:\/\/radioljubuski.ba\/index.php\/2022\/04\/14\/sarrazin-svi-zelimo-da-se-tri-lidera-sloze-oko-dobre-reforme-izbornog-zakona\/","og_site_name":"RADIO LJUBU\u0160KI","article_publisher":"https:\/\/www.facebook.com\/Radiio-Ljubuski-1490835324566332","article_published_time":"2022-04-14T01:01:06+00:00","article_modified_time":"2022-04-14T01:01:08+00:00","og_image":[{"width":900,"height":514,"url":"https:\/\/radioljubuski.ba\/wp-content\/uploads\/2022\/04\/sarrazin.jpg","type":"image\/jpeg"}],"author":"Radio Ljubu\u0161ki","twitter_card":"summary_large_image","twitter_creator":"@radioljubuski","twitter_site":"@radioljubuski","twitter_misc":{"Napisao\/la":"Radio Ljubu\u0161ki","Procijenjeno vrijeme \u010ditanja":"4 minute"},"schema":{"@context":"https:\/\/schema.org","@graph":[{"@type":"Article","@id":"https:\/\/radioljubuski.ba\/index.php\/2022\/04\/14\/sarrazin-svi-zelimo-da-se-tri-lidera-sloze-oko-dobre-reforme-izbornog-zakona\/#article","isPartOf":{"@id":"https:\/\/radioljubuski.ba\/index.php\/2022\/04\/14\/sarrazin-svi-zelimo-da-se-tri-lidera-sloze-oko-dobre-reforme-izbornog-zakona\/"},"author":{"name":"Radio Ljubu\u0161ki","@id":"https:\/\/radioljubuski.ba\/#\/schema\/person\/19fc700381a780f69665d7956c469e3b"},"headline":"Sarrazin: Svi \u017eelimo da se tri lidera slo\u017ee oko dobre reforme Izbornog zakona","datePublished":"2022-04-14T01:01:06+00:00","dateModified":"2022-04-14T01:01:08+00:00","mainEntityOfPage":{"@id":"https:\/\/radioljubuski.ba\/index.php\/2022\/04\/14\/sarrazin-svi-zelimo-da-se-tri-lidera-sloze-oko-dobre-reforme-izbornog-zakona\/"},"wordCount":804,"publisher":{"@id":"https:\/\/radioljubuski.ba\/#organization"},"image":{"@id":"https:\/\/radioljubuski.ba\/index.php\/2022\/04\/14\/sarrazin-svi-zelimo-da-se-tri-lidera-sloze-oko-dobre-reforme-izbornog-zakona\/#primaryimage"},"thumbnailUrl":"https:\/\/radioljubuski.ba\/wp-content\/uploads\/2022\/04\/sarrazin.jpg","articleSection":["BIH i regija"],"inLanguage":"hr"},{"@type":"WebPage","@id":"https:\/\/radioljubuski.ba\/index.php\/2022\/04\/14\/sarrazin-svi-zelimo-da-se-tri-lidera-sloze-oko-dobre-reforme-izbornog-zakona\/","url":"https:\/\/radioljubuski.ba\/index.php\/2022\/04\/14\/sarrazin-svi-zelimo-da-se-tri-lidera-sloze-oko-dobre-reforme-izbornog-zakona\/","name":"Sarrazin: Svi \u017eelimo da se tri lidera slo\u017ee oko dobre reforme Izbornog zakona - RADIO LJUBU\u0160KI","isPartOf":{"@id":"https:\/\/radioljubuski.ba\/#website"},"primaryImageOfPage":{"@id":"https:\/\/radioljubuski.ba\/index.php\/2022\/04\/14\/sarrazin-svi-zelimo-da-se-tri-lidera-sloze-oko-dobre-reforme-izbornog-zakona\/#primaryimage"},"image":{"@id":"https:\/\/radioljubuski.ba\/index.php\/2022\/04\/14\/sarrazin-svi-zelimo-da-se-tri-lidera-sloze-oko-dobre-reforme-izbornog-zakona\/#primaryimage"},"thumbnailUrl":"https:\/\/radioljubuski.ba\/wp-content\/uploads\/2022\/04\/sarrazin.jpg","datePublished":"2022-04-14T01:01:06+00:00","dateModified":"2022-04-14T01:01:08+00:00","breadcrumb":{"@id":"https:\/\/radioljubuski.ba\/index.php\/2022\/04\/14\/sarrazin-svi-zelimo-da-se-tri-lidera-sloze-oko-dobre-reforme-izbornog-zakona\/#breadcrumb"},"inLanguage":"hr","potentialAction":[{"@type":"ReadAction","target":["https:\/\/radioljubuski.ba\/index.php\/2022\/04\/14\/sarrazin-svi-zelimo-da-se-tri-lidera-sloze-oko-dobre-reforme-izbornog-zakona\/"]}]},{"@type":"ImageObject","inLanguage":"hr","@id":"https:\/\/radioljubuski.ba\/index.php\/2022\/04\/14\/sarrazin-svi-zelimo-da-se-tri-lidera-sloze-oko-dobre-reforme-izbornog-zakona\/#primaryimage","url":"https:\/\/radioljubuski.ba\/wp-content\/uploads\/2022\/04\/sarrazin.jpg","contentUrl":"https:\/\/radioljubuski.ba\/wp-content\/uploads\/2022\/04\/sarrazin.jpg","width":900,"height":514},{"@type":"BreadcrumbList","@id":"https:\/\/radioljubuski.ba\/index.php\/2022\/04\/14\/sarrazin-svi-zelimo-da-se-tri-lidera-sloze-oko-dobre-reforme-izbornog-zakona\/#breadcrumb","itemListElement":[{"@type":"ListItem","position":1,"name":"Po\u010detna stranica","item":"https:\/\/radioljubuski.ba\/"},{"@type":"ListItem","position":2,"name":"Sarrazin: Svi \u017eelimo da se tri lidera slo\u017ee oko dobre reforme Izbornog zakona"}]},{"@type":"WebSite","@id":"https:\/\/radioljubuski.ba\/#website","url":"https:\/\/radioljubuski.ba\/","name":"Radio Ljubu\u0161ki","description":"Sun\u010dana frekvencija Hercegovine","publisher":{"@id":"https:\/\/radioljubuski.ba\/#organization"},"potentialAction":[{"@type":"SearchAction","target":{"@type":"EntryPoint","urlTemplate":"https:\/\/radioljubuski.ba\/?s={search_term_string}"},"query-input":{"@type":"PropertyValueSpecification","valueRequired":true,"valueName":"search_term_string"}}],"inLanguage":"hr"},{"@type":"Organization","@id":"https:\/\/radioljubuski.ba\/#organization","name":"Radio Ljubu\u0161ki","url":"https:\/\/radioljubuski.ba\/","logo":{"@type":"ImageObject","inLanguage":"hr","@id":"https:\/\/radioljubuski.ba\/#\/schema\/logo\/image\/","url":"https:\/\/radioljubuski.ba\/wp-content\/uploads\/2021\/02\/cropped-Radio_Ljubuski_logo1.jpg","contentUrl":"https:\/\/radioljubuski.ba\/wp-content\/uploads\/2021\/02\/cropped-Radio_Ljubuski_logo1.jpg","width":512,"height":512,"caption":"Radio Ljubu\u0161ki"},"image":{"@id":"https:\/\/radioljubuski.ba\/#\/schema\/logo\/image\/"},"sameAs":["https:\/\/www.facebook.com\/Radiio-Ljubuski-1490835324566332","https:\/\/x.com\/radioljubuski","https:\/\/hr.linkedin.com\/company\/radio-ljubuski","https:\/\/www.youtube.com\/channel\/UCHYaeO_n0Db3tjNGudGpXyw"]},{"@type":"Person","@id":"https:\/\/radioljubuski.ba\/#\/schema\/person\/19fc700381a780f69665d7956c469e3b","name":"Radio Ljubu\u0161ki"}]}},"_links":{"self":[{"href":"https:\/\/radioljubuski.ba\/index.php\/wp-json\/wp\/v2\/posts\/132396","targetHints":{"allow":["GET"]}}],"collection":[{"href":"https:\/\/radioljubuski.ba\/index.php\/wp-json\/wp\/v2\/posts"}],"about":[{"href":"https:\/\/radioljubuski.ba\/index.php\/wp-json\/wp\/v2\/types\/post"}],"author":[{"embeddable":true,"href":"https:\/\/radioljubuski.ba\/index.php\/wp-json\/wp\/v2\/users\/2"}],"replies":[{"embeddable":true,"href":"https:\/\/radioljubuski.ba\/index.php\/wp-json\/wp\/v2\/comments?post=132396"}],"version-history":[{"count":1,"href":"https:\/\/radioljubuski.ba\/index.php\/wp-json\/wp\/v2\/posts\/132396\/revisions"}],"predecessor-version":[{"id":132398,"href":"https:\/\/radioljubuski.ba\/index.php\/wp-json\/wp\/v2\/posts\/132396\/revisions\/132398"}],"wp:featuredmedia":[{"embeddable":true,"href":"https:\/\/radioljubuski.ba\/index.php\/wp-json\/wp\/v2\/media\/132397"}],"wp:attachment":[{"href":"https:\/\/radioljubuski.ba\/index.php\/wp-json\/wp\/v2\/media?parent=132396"}],"wp:term":[{"taxonomy":"category","embeddable":true,"href":"https:\/\/radioljubuski.ba\/index.php\/wp-json\/wp\/v2\/categories?post=132396"},{"taxonomy":"post_tag","embeddable":true,"href":"https:\/\/radioljubuski.ba\/index.php\/wp-json\/wp\/v2\/tags?post=132396"}],"curies":[{"name":"wp","href":"https:\/\/api.w.org\/{rel}","templated":true}]}}