{"id":132399,"date":"2022-04-14T02:02:53","date_gmt":"2022-04-14T01:02:53","guid":{"rendered":"https:\/\/radioljubuski.ba\/?p=132399"},"modified":"2022-04-14T02:02:54","modified_gmt":"2022-04-14T01:02:54","slug":"nastavljena-arheoloska-istrazivanja-paleolitickog-nalazista-badanj","status":"publish","type":"post","link":"https:\/\/radioljubuski.ba\/index.php\/2022\/04\/14\/nastavljena-arheoloska-istrazivanja-paleolitickog-nalazista-badanj\/","title":{"rendered":"Nastavljena arheolo\u0161ka istra\u017eivanja paleoliti\u010dkog nalazi\u0161ta Badanj"},"content":{"rendered":"\n<p><strong>Nakon dvogodi\u0161nje pauze 26.3.2022. nastavljena su arheolo\u0161ka istra\u017eivanja paleoliti\u010dkog nalazi\u0161ta Badanj kod Stoca i trajat \u0107e do 18.4.2022. Istra\u017eivanja se provode u okviru projekta Filozofskog fakulteta Sveu\u010dili\u0161ta u Zagrebu (dr. sc. Nikola Vukosavljevi\u0107) i Sveu\u010dili\u0161ta u Zaragozi (dr. sc. Aitor Ruiz-Redondo) uz suradnju s JU Radimlja. U istra\u017eivanju sudjeluju studenti Sveu\u010dili\u0161ta u Mostaru, Sveu\u010dili\u0161ta u Zagrebu, Sveu\u010dili\u0161ta u Zaragozi i Sveu\u010dili\u0161ta u Bournemouthu.<\/strong><\/p>\n\n\n\n<p>Obnovljena istra\u017eivanja potvrdila su neke ranije interpretacije, ali su i omogu\u0107ila dono\u0161enje nekih novih zaklju\u010daka. Zasigurno jedan od najva\u017enijih rezultata istra\u017eivanja provedenih u prvoj sezoni 2019. godine je saznanje da je Badanj bio kori\u0161ten od strane paleoliti\u010dkih ljudi bar 1500 godina ranije od onoga \u0161to se dosada mislilo, tako da se najranija prisutnost ljudi u Badnju datira prije oko 18000 godina prije sada\u0161njosti, iako ne mo\u017eemo isklju\u010diti mogu\u0107nost otkrivanja jo\u0161 ranijih slojeva. Uz uobi\u010dajeni repertoar kamenih oru\u0111a i \u017eivotinjskih kostiju koje predstavljaju ostatke onoga \u0161to su jeli badanjski lovci skuplja\u010di (naj\u010de\u0161\u0107i su ostaci jelena i kozoroga), u ovoj istra\u017eiva\u010dkoj kampanji otkriveno je nekoliko vatri\u0161ta. Uz uobi\u010dajeno arheolo\u0161ko dokumentiranje od ove godine primjenjuje se i lidarsko skeniranje slojeva kako bi se dobila \u0161to detaljnija slika istra\u017eene povr\u0161ine.<br>Ovogodi\u0161nja istra\u017eivanja financirana su sredstvima Sveu\u010dili\u0161ta u Southamptonu, Zagrebu, Zaragozi, te uz potporu Op\u0107ine Stolac.<\/p>\n\n\n\n<p>U budu\u0107e analize (koje se ve\u0107 provode) kamenih oru\u0111a, \u017eivotinjskih ostataka, sedimenata, vatri\u0161ta, osobnih ornamenata, ko\u0161tanih oru\u0111a i druge arheolo\u0161ke gra\u0111e, uz ve\u0107 spomenute istra\u017eiva\u010de i institucije, bit \u0107e uklju\u010deni stru\u010dnjaci s jo\u0161 nekoliko renomiranih znanstvenih institucija (Sveu\u010dili\u0161te u Bordeauxu, Hrvatska akademija znanosti i umjetnosti, MNHN-Mus\u00e9um National d\u2019Histoire Naturelle Pariz, Sveu\u010dili\u0161te u Bournemouthu).<\/p>\n\n\n\n<p>Glavni cilj projekta je da se kroz vi\u0161egodi\u0161nja istra\u017eivanja prikupi \u0161to vi\u0161e podataka na temelju kojih \u0107e se poku\u0161ati donijeti \u0161to detaljnija slika o \u017eivotu kasnogornjopaleoliti\u010dke zajednice iz Badnja u regionalnom ali i u \u0161irem mediteranskom kontekstu.<\/p>\n\n\n\n<p>\/HMS\/<\/p>\n","protected":false},"excerpt":{"rendered":"<p>Nakon dvogodi\u0161nje pauze 26.3.2022. nastavljena su arheolo\u0161ka istra\u017eivanja paleoliti\u010dkog nalazi\u0161ta Badanj kod Stoca i trajat \u0107e do 18.4.2022. Istra\u017eivanja se provode u okviru projekta Filozofskog fakulteta Sveu\u010dili\u0161ta u Zagrebu (dr. sc. Nikola Vukosavljevi\u0107) i Sveu\u010dili\u0161ta u Zaragozi (dr. sc. Aitor Ruiz-Redondo) uz suradnju s JU Radimlja. U istra\u017eivanju sudjeluju studenti Sveu\u010dili\u0161ta u Mostaru, Sveu\u010dili\u0161ta u [&hellip;]<\/p>\n","protected":false},"author":2,"featured_media":132400,"comment_status":"closed","ping_status":"closed","sticky":false,"template":"","format":"standard","meta":{"h5ap_radio_sources":[],"footnotes":""},"categories":[1],"tags":[],"class_list":["post-132399","post","type-post","status-publish","format-standard","has-post-thumbnail","hentry","category-bihiregija"],"yoast_head":"<!-- This site is optimized with the Yoast SEO plugin v27.5 - https:\/\/yoast.com\/product\/yoast-seo-wordpress\/ -->\n<title>Nastavljena arheolo\u0161ka istra\u017eivanja paleoliti\u010dkog nalazi\u0161ta Badanj - RADIO LJUBU\u0160KI<\/title>\n<meta name=\"robots\" content=\"index, follow, max-snippet:-1, max-image-preview:large, max-video-preview:-1\" \/>\n<link rel=\"canonical\" href=\"https:\/\/radioljubuski.ba\/index.php\/2022\/04\/14\/nastavljena-arheoloska-istrazivanja-paleolitickog-nalazista-badanj\/\" \/>\n<meta property=\"og:locale\" content=\"hr_HR\" \/>\n<meta property=\"og:type\" content=\"article\" \/>\n<meta property=\"og:title\" content=\"Nastavljena arheolo\u0161ka istra\u017eivanja paleoliti\u010dkog nalazi\u0161ta Badanj - RADIO LJUBU\u0160KI\" \/>\n<meta property=\"og:description\" content=\"Nakon dvogodi\u0161nje pauze 26.3.2022. nastavljena su arheolo\u0161ka istra\u017eivanja paleoliti\u010dkog nalazi\u0161ta Badanj kod Stoca i trajat \u0107e do 18.4.2022. Istra\u017eivanja se provode u okviru projekta Filozofskog fakulteta Sveu\u010dili\u0161ta u Zagrebu (dr. sc. Nikola Vukosavljevi\u0107) i Sveu\u010dili\u0161ta u Zaragozi (dr. sc. Aitor Ruiz-Redondo) uz suradnju s JU Radimlja. U istra\u017eivanju sudjeluju studenti Sveu\u010dili\u0161ta u Mostaru, Sveu\u010dili\u0161ta u [&hellip;]\" \/>\n<meta property=\"og:url\" content=\"https:\/\/radioljubuski.ba\/index.php\/2022\/04\/14\/nastavljena-arheoloska-istrazivanja-paleolitickog-nalazista-badanj\/\" \/>\n<meta property=\"og:site_name\" content=\"RADIO LJUBU\u0160KI\" \/>\n<meta property=\"article:publisher\" content=\"https:\/\/www.facebook.com\/Radiio-Ljubuski-1490835324566332\" \/>\n<meta property=\"article:published_time\" content=\"2022-04-14T01:02:53+00:00\" \/>\n<meta property=\"article:modified_time\" content=\"2022-04-14T01:02:54+00:00\" \/>\n<meta property=\"og:image\" content=\"https:\/\/radioljubuski.ba\/wp-content\/uploads\/2022\/04\/02-1068x712-1.jpg\" \/>\n\t<meta property=\"og:image:width\" content=\"1068\" \/>\n\t<meta property=\"og:image:height\" content=\"712\" \/>\n\t<meta property=\"og:image:type\" content=\"image\/jpeg\" \/>\n<meta name=\"author\" content=\"Radio Ljubu\u0161ki\" \/>\n<meta name=\"twitter:card\" content=\"summary_large_image\" \/>\n<meta name=\"twitter:creator\" content=\"@radioljubuski\" \/>\n<meta name=\"twitter:site\" content=\"@radioljubuski\" \/>\n<meta name=\"twitter:label1\" content=\"Napisao\/la\" \/>\n\t<meta name=\"twitter:data1\" content=\"Radio Ljubu\u0161ki\" \/>\n\t<meta name=\"twitter:label2\" content=\"Procijenjeno vrijeme \u010ditanja\" \/>\n\t<meta name=\"twitter:data2\" content=\"2 minute\" \/>\n<script type=\"application\/ld+json\" class=\"yoast-schema-graph\">{\"@context\":\"https:\\\/\\\/schema.org\",\"@graph\":[{\"@type\":\"Article\",\"@id\":\"https:\\\/\\\/radioljubuski.ba\\\/index.php\\\/2022\\\/04\\\/14\\\/nastavljena-arheoloska-istrazivanja-paleolitickog-nalazista-badanj\\\/#article\",\"isPartOf\":{\"@id\":\"https:\\\/\\\/radioljubuski.ba\\\/index.php\\\/2022\\\/04\\\/14\\\/nastavljena-arheoloska-istrazivanja-paleolitickog-nalazista-badanj\\\/\"},\"author\":{\"name\":\"Radio Ljubu\u0161ki\",\"@id\":\"https:\\\/\\\/radioljubuski.ba\\\/#\\\/schema\\\/person\\\/19fc700381a780f69665d7956c469e3b\"},\"headline\":\"Nastavljena arheolo\u0161ka istra\u017eivanja paleoliti\u010dkog nalazi\u0161ta Badanj\",\"datePublished\":\"2022-04-14T01:02:53+00:00\",\"dateModified\":\"2022-04-14T01:02:54+00:00\",\"mainEntityOfPage\":{\"@id\":\"https:\\\/\\\/radioljubuski.ba\\\/index.php\\\/2022\\\/04\\\/14\\\/nastavljena-arheoloska-istrazivanja-paleolitickog-nalazista-badanj\\\/\"},\"wordCount\":371,\"publisher\":{\"@id\":\"https:\\\/\\\/radioljubuski.ba\\\/#organization\"},\"image\":{\"@id\":\"https:\\\/\\\/radioljubuski.ba\\\/index.php\\\/2022\\\/04\\\/14\\\/nastavljena-arheoloska-istrazivanja-paleolitickog-nalazista-badanj\\\/#primaryimage\"},\"thumbnailUrl\":\"https:\\\/\\\/radioljubuski.ba\\\/wp-content\\\/uploads\\\/2022\\\/04\\\/02-1068x712-1.jpg\",\"articleSection\":[\"BIH i regija\"],\"inLanguage\":\"hr\"},{\"@type\":\"WebPage\",\"@id\":\"https:\\\/\\\/radioljubuski.ba\\\/index.php\\\/2022\\\/04\\\/14\\\/nastavljena-arheoloska-istrazivanja-paleolitickog-nalazista-badanj\\\/\",\"url\":\"https:\\\/\\\/radioljubuski.ba\\\/index.php\\\/2022\\\/04\\\/14\\\/nastavljena-arheoloska-istrazivanja-paleolitickog-nalazista-badanj\\\/\",\"name\":\"Nastavljena arheolo\u0161ka istra\u017eivanja paleoliti\u010dkog nalazi\u0161ta Badanj - RADIO LJUBU\u0160KI\",\"isPartOf\":{\"@id\":\"https:\\\/\\\/radioljubuski.ba\\\/#website\"},\"primaryImageOfPage\":{\"@id\":\"https:\\\/\\\/radioljubuski.ba\\\/index.php\\\/2022\\\/04\\\/14\\\/nastavljena-arheoloska-istrazivanja-paleolitickog-nalazista-badanj\\\/#primaryimage\"},\"image\":{\"@id\":\"https:\\\/\\\/radioljubuski.ba\\\/index.php\\\/2022\\\/04\\\/14\\\/nastavljena-arheoloska-istrazivanja-paleolitickog-nalazista-badanj\\\/#primaryimage\"},\"thumbnailUrl\":\"https:\\\/\\\/radioljubuski.ba\\\/wp-content\\\/uploads\\\/2022\\\/04\\\/02-1068x712-1.jpg\",\"datePublished\":\"2022-04-14T01:02:53+00:00\",\"dateModified\":\"2022-04-14T01:02:54+00:00\",\"breadcrumb\":{\"@id\":\"https:\\\/\\\/radioljubuski.ba\\\/index.php\\\/2022\\\/04\\\/14\\\/nastavljena-arheoloska-istrazivanja-paleolitickog-nalazista-badanj\\\/#breadcrumb\"},\"inLanguage\":\"hr\",\"potentialAction\":[{\"@type\":\"ReadAction\",\"target\":[\"https:\\\/\\\/radioljubuski.ba\\\/index.php\\\/2022\\\/04\\\/14\\\/nastavljena-arheoloska-istrazivanja-paleolitickog-nalazista-badanj\\\/\"]}]},{\"@type\":\"ImageObject\",\"inLanguage\":\"hr\",\"@id\":\"https:\\\/\\\/radioljubuski.ba\\\/index.php\\\/2022\\\/04\\\/14\\\/nastavljena-arheoloska-istrazivanja-paleolitickog-nalazista-badanj\\\/#primaryimage\",\"url\":\"https:\\\/\\\/radioljubuski.ba\\\/wp-content\\\/uploads\\\/2022\\\/04\\\/02-1068x712-1.jpg\",\"contentUrl\":\"https:\\\/\\\/radioljubuski.ba\\\/wp-content\\\/uploads\\\/2022\\\/04\\\/02-1068x712-1.jpg\",\"width\":1068,\"height\":712},{\"@type\":\"BreadcrumbList\",\"@id\":\"https:\\\/\\\/radioljubuski.ba\\\/index.php\\\/2022\\\/04\\\/14\\\/nastavljena-arheoloska-istrazivanja-paleolitickog-nalazista-badanj\\\/#breadcrumb\",\"itemListElement\":[{\"@type\":\"ListItem\",\"position\":1,\"name\":\"Po\u010detna stranica\",\"item\":\"https:\\\/\\\/radioljubuski.ba\\\/\"},{\"@type\":\"ListItem\",\"position\":2,\"name\":\"Nastavljena arheolo\u0161ka istra\u017eivanja paleoliti\u010dkog nalazi\u0161ta Badanj\"}]},{\"@type\":\"WebSite\",\"@id\":\"https:\\\/\\\/radioljubuski.ba\\\/#website\",\"url\":\"https:\\\/\\\/radioljubuski.ba\\\/\",\"name\":\"Radio Ljubu\u0161ki\",\"description\":\"Sun\u010dana frekvencija Hercegovine\",\"publisher\":{\"@id\":\"https:\\\/\\\/radioljubuski.ba\\\/#organization\"},\"potentialAction\":[{\"@type\":\"SearchAction\",\"target\":{\"@type\":\"EntryPoint\",\"urlTemplate\":\"https:\\\/\\\/radioljubuski.ba\\\/?s={search_term_string}\"},\"query-input\":{\"@type\":\"PropertyValueSpecification\",\"valueRequired\":true,\"valueName\":\"search_term_string\"}}],\"inLanguage\":\"hr\"},{\"@type\":\"Organization\",\"@id\":\"https:\\\/\\\/radioljubuski.ba\\\/#organization\",\"name\":\"Radio Ljubu\u0161ki\",\"url\":\"https:\\\/\\\/radioljubuski.ba\\\/\",\"logo\":{\"@type\":\"ImageObject\",\"inLanguage\":\"hr\",\"@id\":\"https:\\\/\\\/radioljubuski.ba\\\/#\\\/schema\\\/logo\\\/image\\\/\",\"url\":\"https:\\\/\\\/radioljubuski.ba\\\/wp-content\\\/uploads\\\/2021\\\/02\\\/cropped-Radio_Ljubuski_logo1.jpg\",\"contentUrl\":\"https:\\\/\\\/radioljubuski.ba\\\/wp-content\\\/uploads\\\/2021\\\/02\\\/cropped-Radio_Ljubuski_logo1.jpg\",\"width\":512,\"height\":512,\"caption\":\"Radio Ljubu\u0161ki\"},\"image\":{\"@id\":\"https:\\\/\\\/radioljubuski.ba\\\/#\\\/schema\\\/logo\\\/image\\\/\"},\"sameAs\":[\"https:\\\/\\\/www.facebook.com\\\/Radiio-Ljubuski-1490835324566332\",\"https:\\\/\\\/x.com\\\/radioljubuski\",\"https:\\\/\\\/hr.linkedin.com\\\/company\\\/radio-ljubuski\",\"https:\\\/\\\/www.youtube.com\\\/channel\\\/UCHYaeO_n0Db3tjNGudGpXyw\"]},{\"@type\":\"Person\",\"@id\":\"https:\\\/\\\/radioljubuski.ba\\\/#\\\/schema\\\/person\\\/19fc700381a780f69665d7956c469e3b\",\"name\":\"Radio Ljubu\u0161ki\"}]}<\/script>\n<!-- \/ Yoast SEO plugin. -->","yoast_head_json":{"title":"Nastavljena arheolo\u0161ka istra\u017eivanja paleoliti\u010dkog nalazi\u0161ta Badanj - RADIO LJUBU\u0160KI","robots":{"index":"index","follow":"follow","max-snippet":"max-snippet:-1","max-image-preview":"max-image-preview:large","max-video-preview":"max-video-preview:-1"},"canonical":"https:\/\/radioljubuski.ba\/index.php\/2022\/04\/14\/nastavljena-arheoloska-istrazivanja-paleolitickog-nalazista-badanj\/","og_locale":"hr_HR","og_type":"article","og_title":"Nastavljena arheolo\u0161ka istra\u017eivanja paleoliti\u010dkog nalazi\u0161ta Badanj - RADIO LJUBU\u0160KI","og_description":"Nakon dvogodi\u0161nje pauze 26.3.2022. nastavljena su arheolo\u0161ka istra\u017eivanja paleoliti\u010dkog nalazi\u0161ta Badanj kod Stoca i trajat \u0107e do 18.4.2022. Istra\u017eivanja se provode u okviru projekta Filozofskog fakulteta Sveu\u010dili\u0161ta u Zagrebu (dr. sc. Nikola Vukosavljevi\u0107) i Sveu\u010dili\u0161ta u Zaragozi (dr. sc. Aitor Ruiz-Redondo) uz suradnju s JU Radimlja. U istra\u017eivanju sudjeluju studenti Sveu\u010dili\u0161ta u Mostaru, Sveu\u010dili\u0161ta u [&hellip;]","og_url":"https:\/\/radioljubuski.ba\/index.php\/2022\/04\/14\/nastavljena-arheoloska-istrazivanja-paleolitickog-nalazista-badanj\/","og_site_name":"RADIO LJUBU\u0160KI","article_publisher":"https:\/\/www.facebook.com\/Radiio-Ljubuski-1490835324566332","article_published_time":"2022-04-14T01:02:53+00:00","article_modified_time":"2022-04-14T01:02:54+00:00","og_image":[{"width":1068,"height":712,"url":"https:\/\/radioljubuski.ba\/wp-content\/uploads\/2022\/04\/02-1068x712-1.jpg","type":"image\/jpeg"}],"author":"Radio Ljubu\u0161ki","twitter_card":"summary_large_image","twitter_creator":"@radioljubuski","twitter_site":"@radioljubuski","twitter_misc":{"Napisao\/la":"Radio Ljubu\u0161ki","Procijenjeno vrijeme \u010ditanja":"2 minute"},"schema":{"@context":"https:\/\/schema.org","@graph":[{"@type":"Article","@id":"https:\/\/radioljubuski.ba\/index.php\/2022\/04\/14\/nastavljena-arheoloska-istrazivanja-paleolitickog-nalazista-badanj\/#article","isPartOf":{"@id":"https:\/\/radioljubuski.ba\/index.php\/2022\/04\/14\/nastavljena-arheoloska-istrazivanja-paleolitickog-nalazista-badanj\/"},"author":{"name":"Radio Ljubu\u0161ki","@id":"https:\/\/radioljubuski.ba\/#\/schema\/person\/19fc700381a780f69665d7956c469e3b"},"headline":"Nastavljena arheolo\u0161ka istra\u017eivanja paleoliti\u010dkog nalazi\u0161ta Badanj","datePublished":"2022-04-14T01:02:53+00:00","dateModified":"2022-04-14T01:02:54+00:00","mainEntityOfPage":{"@id":"https:\/\/radioljubuski.ba\/index.php\/2022\/04\/14\/nastavljena-arheoloska-istrazivanja-paleolitickog-nalazista-badanj\/"},"wordCount":371,"publisher":{"@id":"https:\/\/radioljubuski.ba\/#organization"},"image":{"@id":"https:\/\/radioljubuski.ba\/index.php\/2022\/04\/14\/nastavljena-arheoloska-istrazivanja-paleolitickog-nalazista-badanj\/#primaryimage"},"thumbnailUrl":"https:\/\/radioljubuski.ba\/wp-content\/uploads\/2022\/04\/02-1068x712-1.jpg","articleSection":["BIH i regija"],"inLanguage":"hr"},{"@type":"WebPage","@id":"https:\/\/radioljubuski.ba\/index.php\/2022\/04\/14\/nastavljena-arheoloska-istrazivanja-paleolitickog-nalazista-badanj\/","url":"https:\/\/radioljubuski.ba\/index.php\/2022\/04\/14\/nastavljena-arheoloska-istrazivanja-paleolitickog-nalazista-badanj\/","name":"Nastavljena arheolo\u0161ka istra\u017eivanja paleoliti\u010dkog nalazi\u0161ta Badanj - RADIO LJUBU\u0160KI","isPartOf":{"@id":"https:\/\/radioljubuski.ba\/#website"},"primaryImageOfPage":{"@id":"https:\/\/radioljubuski.ba\/index.php\/2022\/04\/14\/nastavljena-arheoloska-istrazivanja-paleolitickog-nalazista-badanj\/#primaryimage"},"image":{"@id":"https:\/\/radioljubuski.ba\/index.php\/2022\/04\/14\/nastavljena-arheoloska-istrazivanja-paleolitickog-nalazista-badanj\/#primaryimage"},"thumbnailUrl":"https:\/\/radioljubuski.ba\/wp-content\/uploads\/2022\/04\/02-1068x712-1.jpg","datePublished":"2022-04-14T01:02:53+00:00","dateModified":"2022-04-14T01:02:54+00:00","breadcrumb":{"@id":"https:\/\/radioljubuski.ba\/index.php\/2022\/04\/14\/nastavljena-arheoloska-istrazivanja-paleolitickog-nalazista-badanj\/#breadcrumb"},"inLanguage":"hr","potentialAction":[{"@type":"ReadAction","target":["https:\/\/radioljubuski.ba\/index.php\/2022\/04\/14\/nastavljena-arheoloska-istrazivanja-paleolitickog-nalazista-badanj\/"]}]},{"@type":"ImageObject","inLanguage":"hr","@id":"https:\/\/radioljubuski.ba\/index.php\/2022\/04\/14\/nastavljena-arheoloska-istrazivanja-paleolitickog-nalazista-badanj\/#primaryimage","url":"https:\/\/radioljubuski.ba\/wp-content\/uploads\/2022\/04\/02-1068x712-1.jpg","contentUrl":"https:\/\/radioljubuski.ba\/wp-content\/uploads\/2022\/04\/02-1068x712-1.jpg","width":1068,"height":712},{"@type":"BreadcrumbList","@id":"https:\/\/radioljubuski.ba\/index.php\/2022\/04\/14\/nastavljena-arheoloska-istrazivanja-paleolitickog-nalazista-badanj\/#breadcrumb","itemListElement":[{"@type":"ListItem","position":1,"name":"Po\u010detna stranica","item":"https:\/\/radioljubuski.ba\/"},{"@type":"ListItem","position":2,"name":"Nastavljena arheolo\u0161ka istra\u017eivanja paleoliti\u010dkog nalazi\u0161ta Badanj"}]},{"@type":"WebSite","@id":"https:\/\/radioljubuski.ba\/#website","url":"https:\/\/radioljubuski.ba\/","name":"Radio Ljubu\u0161ki","description":"Sun\u010dana frekvencija Hercegovine","publisher":{"@id":"https:\/\/radioljubuski.ba\/#organization"},"potentialAction":[{"@type":"SearchAction","target":{"@type":"EntryPoint","urlTemplate":"https:\/\/radioljubuski.ba\/?s={search_term_string}"},"query-input":{"@type":"PropertyValueSpecification","valueRequired":true,"valueName":"search_term_string"}}],"inLanguage":"hr"},{"@type":"Organization","@id":"https:\/\/radioljubuski.ba\/#organization","name":"Radio Ljubu\u0161ki","url":"https:\/\/radioljubuski.ba\/","logo":{"@type":"ImageObject","inLanguage":"hr","@id":"https:\/\/radioljubuski.ba\/#\/schema\/logo\/image\/","url":"https:\/\/radioljubuski.ba\/wp-content\/uploads\/2021\/02\/cropped-Radio_Ljubuski_logo1.jpg","contentUrl":"https:\/\/radioljubuski.ba\/wp-content\/uploads\/2021\/02\/cropped-Radio_Ljubuski_logo1.jpg","width":512,"height":512,"caption":"Radio Ljubu\u0161ki"},"image":{"@id":"https:\/\/radioljubuski.ba\/#\/schema\/logo\/image\/"},"sameAs":["https:\/\/www.facebook.com\/Radiio-Ljubuski-1490835324566332","https:\/\/x.com\/radioljubuski","https:\/\/hr.linkedin.com\/company\/radio-ljubuski","https:\/\/www.youtube.com\/channel\/UCHYaeO_n0Db3tjNGudGpXyw"]},{"@type":"Person","@id":"https:\/\/radioljubuski.ba\/#\/schema\/person\/19fc700381a780f69665d7956c469e3b","name":"Radio Ljubu\u0161ki"}]}},"_links":{"self":[{"href":"https:\/\/radioljubuski.ba\/index.php\/wp-json\/wp\/v2\/posts\/132399","targetHints":{"allow":["GET"]}}],"collection":[{"href":"https:\/\/radioljubuski.ba\/index.php\/wp-json\/wp\/v2\/posts"}],"about":[{"href":"https:\/\/radioljubuski.ba\/index.php\/wp-json\/wp\/v2\/types\/post"}],"author":[{"embeddable":true,"href":"https:\/\/radioljubuski.ba\/index.php\/wp-json\/wp\/v2\/users\/2"}],"replies":[{"embeddable":true,"href":"https:\/\/radioljubuski.ba\/index.php\/wp-json\/wp\/v2\/comments?post=132399"}],"version-history":[{"count":1,"href":"https:\/\/radioljubuski.ba\/index.php\/wp-json\/wp\/v2\/posts\/132399\/revisions"}],"predecessor-version":[{"id":132401,"href":"https:\/\/radioljubuski.ba\/index.php\/wp-json\/wp\/v2\/posts\/132399\/revisions\/132401"}],"wp:featuredmedia":[{"embeddable":true,"href":"https:\/\/radioljubuski.ba\/index.php\/wp-json\/wp\/v2\/media\/132400"}],"wp:attachment":[{"href":"https:\/\/radioljubuski.ba\/index.php\/wp-json\/wp\/v2\/media?parent=132399"}],"wp:term":[{"taxonomy":"category","embeddable":true,"href":"https:\/\/radioljubuski.ba\/index.php\/wp-json\/wp\/v2\/categories?post=132399"},{"taxonomy":"post_tag","embeddable":true,"href":"https:\/\/radioljubuski.ba\/index.php\/wp-json\/wp\/v2\/tags?post=132399"}],"curies":[{"name":"wp","href":"https:\/\/api.w.org\/{rel}","templated":true}]}}