{"id":132408,"date":"2022-04-14T02:07:34","date_gmt":"2022-04-14T01:07:34","guid":{"rendered":"https:\/\/radioljubuski.ba\/?p=132408"},"modified":"2022-04-14T02:07:35","modified_gmt":"2022-04-14T01:07:35","slug":"lijecnica-upozorava-zbog-starenja-stanovnistva-slijede-dvije-nove-pandemije","status":"publish","type":"post","link":"https:\/\/radioljubuski.ba\/index.php\/2022\/04\/14\/lijecnica-upozorava-zbog-starenja-stanovnistva-slijede-dvije-nove-pandemije\/","title":{"rendered":"Lije\u010dnica upozorava: Zbog starenja stanovni\u0161tva slijede dvije nove pandemije"},"content":{"rendered":"\n<p><strong>Niz aktivnosti obilje\u017eit \u0107e sutra Svjetski dan Parkinsonove bolesti. O metodama borbe protiv nje i nadolaze\u0107oj pandemiji neureodegenerativnih bolesti govorila je doc. prim. Vladimira Vuleti\u0107, predstojnica Zavoda za neurologiju KBC-a Rijeka i predsjednicom udruge Parkinson i Mi.<\/strong><\/p>\n\n\n\n<h2 class=\"wp-block-heading\">Znakovi koji upu\u0107uju na Parkinsonovu bolest<\/h2>\n\n\n\n<p>Vuleti\u0107 je navela po kojim znakovima je mogu\u0107e prepoznati Parkinsonovu bolest, a objasnila je i koja populacija obolijeva.<\/p>\n\n\n\n<p>\u201cPrvo se primje\u0107uje tremor u mirovanju jedne ruke ili noge koji mo\u017ee prije\u0107i i na drugu stranu te usporenost, ote\u017eano zapo\u010dinjanje kretnji, zako\u010denost, pognut stav, sitan korak, sitan rukopis, blokiranje kretnji. Uz to, oboljeli imaju problema sa spavanjem, osjetom mirisa, anksioznosti, tjeskobom, konstipacijom. Naj\u010de\u0161\u0107e obolijeva populacija iznad 60 godina, me\u0111u kojom je u\u010destalost 1,5%, a 3% kod populacije iznad 80. Me\u0111utim, jedan od 10 novooboljelih mla\u0111i je od 40 godina\u201d, kazala je.<\/p>\n\n\n\n<p>Pojasnila je tko su kandidati za dubinsku mozgovnu stimulaciju i kakav je to zahvat.<\/p>\n\n\n\n<p>\u201cDubinska mozgovna stimulacija (DBS) jedna je od metoda invazivnog lije\u010denja Parkinsonove bolesti kod koje medicinski ure\u0111aj, sli\u010dan pejsmejkeru, ima precizno postavljene elektrode u ciljna mjesta u mozgu i spojene s pulsnim generatorom u prsi\u0161tu, koji generira visokofrekventnu elektrostimulaciju te tako osigurava bolju kontrolu pokreta, smanjuje simptome i popravlja kvalitetu \u017eivota. Ta metoda nije indicirana kod svih pacijenata, nego se na temelju striktnih kriterija ocjenjuje mogu\u0107a korist\u201d, rekla je Vuleti\u0107 pa nastavila:<\/p>\n\n\n\n<p>\u201cBolesnici ne smiju biti lo\u0161i kognitivno, tj. dementni i izrazito depresivni te moraju biti bez te\u017eih komorbiditeta. Treba biti realan jer DBS ne zaustavlja bolest koja je progresivna, nijedna je metoda ne zaustavlja, i jo\u0161 je neizlje\u010diva. Va\u017ena je i podr\u0161ka obitelji. Vi\u0161e od 160.000 pacijenata diljem svijeta lije\u010deno je na taj na\u010din. Ti signali mogu omogu\u0107iti bolje funkcioniranje mo\u017edanih krugova koji kontroliraju pokret i blokirati neke od poruka mozga koje uzrokuju invalidne motori\u010dke simptome. Rezultat je da je bolesnik mobilan i mo\u017ee osjetiti ve\u0107u kontrolu nad pokretima tijela, zna\u010di lak\u0161e obavljati svakodnevne zadatke.\u201d<\/p>\n\n\n\n<h2 class=\"wp-block-heading\">Covid i neurodegenerativne bolesti<\/h2>\n\n\n\n<p>Lije\u010dnica je komentirala i kako je covid-19 utjecao na oboljele od neurodegenerativnih bolesti.<\/p>\n\n\n\n<p>\u201cIzolacija i socijalno distanciranje pona\u0161anja su koja nikako ne pridonose dobrom stanju oboljelih od kroni\u010dnih neurodegenerativnih bolesti, kao ni manjak fizi\u010dke aktivnosti. Parkinsonova bolest mo\u017ee uzrokovati respiratorne smetnje, posebno u uznapredovaloj fazi, te me\u0111u ostalim, zbog pognutog stava i rigora mi\u0161i\u0107a, reduciran disajni kapacitet plu\u0107a\u201d, isti\u010de.<\/p>\n\n\n\n<p>\u201cPrema nekim studijama, prolongirani stres mo\u017ee razotkriti mnoge latentne klini\u010dke slike Parkinsonove bolesti pa postoji mogu\u0107nost da nakon pandemije svjedo\u010dimo ve\u0107em broju oboljelih. Radili smo istra\u017eivanje na Klinici i ustanovili da su u pandemiji nastupila motori\u010dka i nemotori\u010dka pogor\u0161anja, posebno anksioznost, depresija, apatija i sl. Mnogim na\u0161im pacijentima morali smo dizati doze lijekova zbog pogor\u0161anja. Oni koji su imali SARS-CoV-2 virusnu infekciju razli\u010dito su prolazili, ovisno o dobi, te\u017eini i duljini bolesti. Oboljeli od demencija i drugih neurodegenerativnih bolesti nemaju ve\u0107i rizik obolijevanja, ali imaju lo\u0161ije ishode, te\u017ee klini\u010dke slike\u201d, navela je.<\/p>\n\n\n\n<p>Vuleti\u0107 se osvrnula i na post-covid sindrom te navela neke od neurolo\u0161kih posljedica covida.<\/p>\n\n\n\n<p>\u201cPost-covid neurolo\u0161ki sindrom prisutan je u oko 40% bolesnika dugo nakon preboljene infekcije, i to bez obzira na te\u017einu klini\u010dke slike. Kod nekih je opisivan i 12 mjeseci iza akutne infekcije. To je postvirusni sindrom uzrokovan odgovorom mozga i tijela na infekciju virusom SARS-CoV-2. Op\u0107enito je medicinska struka uo\u010dila post-covid sindrom koji obuhva\u0107a mnoge specijalisti\u010dke djelatnosti (kardiolo\u0161ke, pulmolo\u0161ke, psihijatrijske, psiholo\u0161ke, neurolo\u0161ke itd.). Ne zna se sigurno, ali izgleda da je post-covid neurolo\u0161ki sindrom posljedica abnormalnosti u \u017eiv\u010danom, metaboli\u010dkom i imunosnom sustavu\u201d, navela je Vuleti\u0107.<\/p>\n\n\n\n<h2 class=\"wp-block-heading\">Neurolo\u0161ki simptomi<\/h2>\n\n\n\n<p>\u201cKarakterizira ga produljena pojava depresije, razne neuromuskularne bolesti, od slabosti mi\u0161i\u0107a i miopatija i dalje, tjeskobe, umora, poreme\u0107aja spavanja, razli\u010diti kognitivni problemi, od problema s koncentracijom, pa\u017enjom, pam\u0107enjem i dalje, \u201cmo\u017edana magla\u201d, vrtoglavica, glavobolja, gubitak mirisa, bolesti pokreta, epilepsije, cerebrovaskularne bolesti itd. Te\u017ei simptomi bili su prisutni kod te\u017eih akutnih infekcija (mehani\u010dka ventilacija, boravak u JIL-u, encefalopatija itd.). Barem jedan neurolo\u0161ki simptom prijavilo je 87,4% pacijenata, a na kvalitetu \u017eivota utjecao je kod 44,1% bolesnika. Mi smo na Klinici za neurologiju u KBC-u Rijeka osnovali i post-covid ambulantu, u koju se najvi\u0161e javlja mla\u0111a populacija jer joj ti simptomi smetaju u funkcioniranju\u201d, kazala je.<\/p>\n\n\n\n<p>Vuleti\u0107 je komentirala i \u0161to se mo\u017ee o\u010dekivati na podru\u010dju neurodegenerativnih bolesti, s obzirom na to da smo populacija koja sve vi\u0161e stari.<\/p>\n\n\n\n<p>\u201cDemencije zahva\u0107aju 10% populacije iznad 65 godina, a znamo da se mogu pojavljivati i u mla\u0111oj dobi. Najavljuju se nove dvije pandemije u vrlo bliskoj budu\u0107nosti jer su procjene da \u0107e Alzheimerova i Parkinsonova bolest biti dvostruko \u010de\u0161\u0107e do 2050. godine i poprimiti razmjere pandemije. Za tu skupinu bolesti jo\u0161 uvijek nema pravog lijeka. Ula\u017eu se golemi napori i sredstva da se shvati biolo\u0161ka osnova tih kompleksnih bolesti mozga kako bi se na\u0161ao pravi lijek koji ne bi samo ubla\u017eavao bolest ve\u0107 i lije\u010dio.<\/p>\n\n\n\n<p>Mi znamo da je produljen \u017eivotni vijek u populaciji i da su vode\u0107i uzroci smrti kardiovaskularne i maligne bolesti, ali treba imati na umu da su neurodegenerativne bolesti u porastu i povezane s dobi. To ima golem utjecaj na pojedince, obitelji i dru\u0161tvo u cjelini. Za sada te bolesti zahtijevaju pravilnu medicinsku skrb i pomo\u0107 dru\u0161tva oboljelima i njihovim obiteljima\u201d, govori Vuleti\u0107 za Ve\u010dernji list.<\/p>\n\n\n\n<h2 class=\"wp-block-heading\">\u201cNema stopostotne prevencije\u201d<\/h2>\n\n\n\n<p>Mogu li si ljudi sami pomo\u0107i, odnosno na\u010dinom \u017eivota bar donekle prevenirati bolesti pokreta i kognitivnih poreme\u0107aja?<\/p>\n\n\n\n<p>\u201cNema stopostotne prevencije, ali smanjenjem rizi\u010dnih faktora i lije\u010denjem bolesti poput \u0161e\u0107erne bolesti, hipertenzije, debljine, povi\u0161enih masno\u0107a itd. smanjujemo rizik. No, ne uklanjamo bolest. Vje\u017ebanje i fizi\u010dka aktivnost, edukacija, pravilna prehrana, kognitivna stimulacija i ve\u0107e kognitivne rezerve svakako pridonose\u201d, objasnila je.<\/p>\n\n\n\n<p>\/HMS\/<\/p>\n","protected":false},"excerpt":{"rendered":"<p>Niz aktivnosti obilje\u017eit \u0107e sutra Svjetski dan Parkinsonove bolesti. O metodama borbe protiv nje i nadolaze\u0107oj pandemiji neureodegenerativnih bolesti govorila je doc. prim. Vladimira Vuleti\u0107, predstojnica Zavoda za neurologiju KBC-a Rijeka i predsjednicom udruge Parkinson i Mi. Znakovi koji upu\u0107uju na Parkinsonovu bolest Vuleti\u0107 je navela po kojim znakovima je mogu\u0107e prepoznati Parkinsonovu bolest, a [&hellip;]<\/p>\n","protected":false},"author":2,"featured_media":132409,"comment_status":"closed","ping_status":"closed","sticky":false,"template":"","format":"standard","meta":{"h5ap_radio_sources":[],"footnotes":""},"categories":[1],"tags":[],"class_list":["post-132408","post","type-post","status-publish","format-standard","has-post-thumbnail","hentry","category-bihiregija"],"yoast_head":"<!-- This site is optimized with the Yoast SEO plugin v27.5 - https:\/\/yoast.com\/product\/yoast-seo-wordpress\/ -->\n<title>Lije\u010dnica upozorava: Zbog starenja stanovni\u0161tva slijede dvije nove pandemije - RADIO LJUBU\u0160KI<\/title>\n<meta name=\"robots\" content=\"index, follow, max-snippet:-1, max-image-preview:large, max-video-preview:-1\" \/>\n<link rel=\"canonical\" href=\"https:\/\/radioljubuski.ba\/index.php\/2022\/04\/14\/lijecnica-upozorava-zbog-starenja-stanovnistva-slijede-dvije-nove-pandemije\/\" \/>\n<meta property=\"og:locale\" content=\"hr_HR\" \/>\n<meta property=\"og:type\" content=\"article\" \/>\n<meta property=\"og:title\" content=\"Lije\u010dnica upozorava: Zbog starenja stanovni\u0161tva slijede dvije nove pandemije - RADIO LJUBU\u0160KI\" \/>\n<meta property=\"og:description\" content=\"Niz aktivnosti obilje\u017eit \u0107e sutra Svjetski dan Parkinsonove bolesti. O metodama borbe protiv nje i nadolaze\u0107oj pandemiji neureodegenerativnih bolesti govorila je doc. prim. Vladimira Vuleti\u0107, predstojnica Zavoda za neurologiju KBC-a Rijeka i predsjednicom udruge Parkinson i Mi. Znakovi koji upu\u0107uju na Parkinsonovu bolest Vuleti\u0107 je navela po kojim znakovima je mogu\u0107e prepoznati Parkinsonovu bolest, a [&hellip;]\" \/>\n<meta property=\"og:url\" content=\"https:\/\/radioljubuski.ba\/index.php\/2022\/04\/14\/lijecnica-upozorava-zbog-starenja-stanovnistva-slijede-dvije-nove-pandemije\/\" \/>\n<meta property=\"og:site_name\" content=\"RADIO LJUBU\u0160KI\" \/>\n<meta property=\"article:publisher\" content=\"https:\/\/www.facebook.com\/Radiio-Ljubuski-1490835324566332\" \/>\n<meta property=\"article:published_time\" content=\"2022-04-14T01:07:34+00:00\" \/>\n<meta property=\"article:modified_time\" content=\"2022-04-14T01:07:35+00:00\" \/>\n<meta property=\"og:image\" content=\"https:\/\/radioljubuski.ba\/wp-content\/uploads\/2022\/04\/1649574755-emre-Bc90ri9rZHE-unsplash-750x500-1.jpg\" \/>\n\t<meta property=\"og:image:width\" content=\"750\" \/>\n\t<meta property=\"og:image:height\" content=\"500\" \/>\n\t<meta property=\"og:image:type\" content=\"image\/jpeg\" \/>\n<meta name=\"author\" content=\"Radio Ljubu\u0161ki\" \/>\n<meta name=\"twitter:card\" content=\"summary_large_image\" \/>\n<meta name=\"twitter:creator\" content=\"@radioljubuski\" \/>\n<meta name=\"twitter:site\" content=\"@radioljubuski\" \/>\n<meta name=\"twitter:label1\" content=\"Napisao\/la\" \/>\n\t<meta name=\"twitter:data1\" content=\"Radio Ljubu\u0161ki\" \/>\n\t<meta name=\"twitter:label2\" content=\"Procijenjeno vrijeme \u010ditanja\" \/>\n\t<meta name=\"twitter:data2\" content=\"4 minute\" \/>\n<script type=\"application\/ld+json\" class=\"yoast-schema-graph\">{\"@context\":\"https:\\\/\\\/schema.org\",\"@graph\":[{\"@type\":\"Article\",\"@id\":\"https:\\\/\\\/radioljubuski.ba\\\/index.php\\\/2022\\\/04\\\/14\\\/lijecnica-upozorava-zbog-starenja-stanovnistva-slijede-dvije-nove-pandemije\\\/#article\",\"isPartOf\":{\"@id\":\"https:\\\/\\\/radioljubuski.ba\\\/index.php\\\/2022\\\/04\\\/14\\\/lijecnica-upozorava-zbog-starenja-stanovnistva-slijede-dvije-nove-pandemije\\\/\"},\"author\":{\"name\":\"Radio Ljubu\u0161ki\",\"@id\":\"https:\\\/\\\/radioljubuski.ba\\\/#\\\/schema\\\/person\\\/19fc700381a780f69665d7956c469e3b\"},\"headline\":\"Lije\u010dnica upozorava: Zbog starenja stanovni\u0161tva slijede dvije nove pandemije\",\"datePublished\":\"2022-04-14T01:07:34+00:00\",\"dateModified\":\"2022-04-14T01:07:35+00:00\",\"mainEntityOfPage\":{\"@id\":\"https:\\\/\\\/radioljubuski.ba\\\/index.php\\\/2022\\\/04\\\/14\\\/lijecnica-upozorava-zbog-starenja-stanovnistva-slijede-dvije-nove-pandemije\\\/\"},\"wordCount\":1022,\"publisher\":{\"@id\":\"https:\\\/\\\/radioljubuski.ba\\\/#organization\"},\"image\":{\"@id\":\"https:\\\/\\\/radioljubuski.ba\\\/index.php\\\/2022\\\/04\\\/14\\\/lijecnica-upozorava-zbog-starenja-stanovnistva-slijede-dvije-nove-pandemije\\\/#primaryimage\"},\"thumbnailUrl\":\"https:\\\/\\\/radioljubuski.ba\\\/wp-content\\\/uploads\\\/2022\\\/04\\\/1649574755-emre-Bc90ri9rZHE-unsplash-750x500-1.jpg\",\"articleSection\":[\"BIH i regija\"],\"inLanguage\":\"hr\"},{\"@type\":\"WebPage\",\"@id\":\"https:\\\/\\\/radioljubuski.ba\\\/index.php\\\/2022\\\/04\\\/14\\\/lijecnica-upozorava-zbog-starenja-stanovnistva-slijede-dvije-nove-pandemije\\\/\",\"url\":\"https:\\\/\\\/radioljubuski.ba\\\/index.php\\\/2022\\\/04\\\/14\\\/lijecnica-upozorava-zbog-starenja-stanovnistva-slijede-dvije-nove-pandemije\\\/\",\"name\":\"Lije\u010dnica upozorava: Zbog starenja stanovni\u0161tva slijede dvije nove pandemije - RADIO LJUBU\u0160KI\",\"isPartOf\":{\"@id\":\"https:\\\/\\\/radioljubuski.ba\\\/#website\"},\"primaryImageOfPage\":{\"@id\":\"https:\\\/\\\/radioljubuski.ba\\\/index.php\\\/2022\\\/04\\\/14\\\/lijecnica-upozorava-zbog-starenja-stanovnistva-slijede-dvije-nove-pandemije\\\/#primaryimage\"},\"image\":{\"@id\":\"https:\\\/\\\/radioljubuski.ba\\\/index.php\\\/2022\\\/04\\\/14\\\/lijecnica-upozorava-zbog-starenja-stanovnistva-slijede-dvije-nove-pandemije\\\/#primaryimage\"},\"thumbnailUrl\":\"https:\\\/\\\/radioljubuski.ba\\\/wp-content\\\/uploads\\\/2022\\\/04\\\/1649574755-emre-Bc90ri9rZHE-unsplash-750x500-1.jpg\",\"datePublished\":\"2022-04-14T01:07:34+00:00\",\"dateModified\":\"2022-04-14T01:07:35+00:00\",\"breadcrumb\":{\"@id\":\"https:\\\/\\\/radioljubuski.ba\\\/index.php\\\/2022\\\/04\\\/14\\\/lijecnica-upozorava-zbog-starenja-stanovnistva-slijede-dvije-nove-pandemije\\\/#breadcrumb\"},\"inLanguage\":\"hr\",\"potentialAction\":[{\"@type\":\"ReadAction\",\"target\":[\"https:\\\/\\\/radioljubuski.ba\\\/index.php\\\/2022\\\/04\\\/14\\\/lijecnica-upozorava-zbog-starenja-stanovnistva-slijede-dvije-nove-pandemije\\\/\"]}]},{\"@type\":\"ImageObject\",\"inLanguage\":\"hr\",\"@id\":\"https:\\\/\\\/radioljubuski.ba\\\/index.php\\\/2022\\\/04\\\/14\\\/lijecnica-upozorava-zbog-starenja-stanovnistva-slijede-dvije-nove-pandemije\\\/#primaryimage\",\"url\":\"https:\\\/\\\/radioljubuski.ba\\\/wp-content\\\/uploads\\\/2022\\\/04\\\/1649574755-emre-Bc90ri9rZHE-unsplash-750x500-1.jpg\",\"contentUrl\":\"https:\\\/\\\/radioljubuski.ba\\\/wp-content\\\/uploads\\\/2022\\\/04\\\/1649574755-emre-Bc90ri9rZHE-unsplash-750x500-1.jpg\",\"width\":750,\"height\":500},{\"@type\":\"BreadcrumbList\",\"@id\":\"https:\\\/\\\/radioljubuski.ba\\\/index.php\\\/2022\\\/04\\\/14\\\/lijecnica-upozorava-zbog-starenja-stanovnistva-slijede-dvije-nove-pandemije\\\/#breadcrumb\",\"itemListElement\":[{\"@type\":\"ListItem\",\"position\":1,\"name\":\"Po\u010detna stranica\",\"item\":\"https:\\\/\\\/radioljubuski.ba\\\/\"},{\"@type\":\"ListItem\",\"position\":2,\"name\":\"Lije\u010dnica upozorava: Zbog starenja stanovni\u0161tva slijede dvije nove pandemije\"}]},{\"@type\":\"WebSite\",\"@id\":\"https:\\\/\\\/radioljubuski.ba\\\/#website\",\"url\":\"https:\\\/\\\/radioljubuski.ba\\\/\",\"name\":\"Radio Ljubu\u0161ki\",\"description\":\"Sun\u010dana frekvencija Hercegovine\",\"publisher\":{\"@id\":\"https:\\\/\\\/radioljubuski.ba\\\/#organization\"},\"potentialAction\":[{\"@type\":\"SearchAction\",\"target\":{\"@type\":\"EntryPoint\",\"urlTemplate\":\"https:\\\/\\\/radioljubuski.ba\\\/?s={search_term_string}\"},\"query-input\":{\"@type\":\"PropertyValueSpecification\",\"valueRequired\":true,\"valueName\":\"search_term_string\"}}],\"inLanguage\":\"hr\"},{\"@type\":\"Organization\",\"@id\":\"https:\\\/\\\/radioljubuski.ba\\\/#organization\",\"name\":\"Radio Ljubu\u0161ki\",\"url\":\"https:\\\/\\\/radioljubuski.ba\\\/\",\"logo\":{\"@type\":\"ImageObject\",\"inLanguage\":\"hr\",\"@id\":\"https:\\\/\\\/radioljubuski.ba\\\/#\\\/schema\\\/logo\\\/image\\\/\",\"url\":\"https:\\\/\\\/radioljubuski.ba\\\/wp-content\\\/uploads\\\/2021\\\/02\\\/cropped-Radio_Ljubuski_logo1.jpg\",\"contentUrl\":\"https:\\\/\\\/radioljubuski.ba\\\/wp-content\\\/uploads\\\/2021\\\/02\\\/cropped-Radio_Ljubuski_logo1.jpg\",\"width\":512,\"height\":512,\"caption\":\"Radio Ljubu\u0161ki\"},\"image\":{\"@id\":\"https:\\\/\\\/radioljubuski.ba\\\/#\\\/schema\\\/logo\\\/image\\\/\"},\"sameAs\":[\"https:\\\/\\\/www.facebook.com\\\/Radiio-Ljubuski-1490835324566332\",\"https:\\\/\\\/x.com\\\/radioljubuski\",\"https:\\\/\\\/hr.linkedin.com\\\/company\\\/radio-ljubuski\",\"https:\\\/\\\/www.youtube.com\\\/channel\\\/UCHYaeO_n0Db3tjNGudGpXyw\"]},{\"@type\":\"Person\",\"@id\":\"https:\\\/\\\/radioljubuski.ba\\\/#\\\/schema\\\/person\\\/19fc700381a780f69665d7956c469e3b\",\"name\":\"Radio Ljubu\u0161ki\"}]}<\/script>\n<!-- \/ Yoast SEO plugin. -->","yoast_head_json":{"title":"Lije\u010dnica upozorava: Zbog starenja stanovni\u0161tva slijede dvije nove pandemije - RADIO LJUBU\u0160KI","robots":{"index":"index","follow":"follow","max-snippet":"max-snippet:-1","max-image-preview":"max-image-preview:large","max-video-preview":"max-video-preview:-1"},"canonical":"https:\/\/radioljubuski.ba\/index.php\/2022\/04\/14\/lijecnica-upozorava-zbog-starenja-stanovnistva-slijede-dvije-nove-pandemije\/","og_locale":"hr_HR","og_type":"article","og_title":"Lije\u010dnica upozorava: Zbog starenja stanovni\u0161tva slijede dvije nove pandemije - RADIO LJUBU\u0160KI","og_description":"Niz aktivnosti obilje\u017eit \u0107e sutra Svjetski dan Parkinsonove bolesti. O metodama borbe protiv nje i nadolaze\u0107oj pandemiji neureodegenerativnih bolesti govorila je doc. prim. Vladimira Vuleti\u0107, predstojnica Zavoda za neurologiju KBC-a Rijeka i predsjednicom udruge Parkinson i Mi. Znakovi koji upu\u0107uju na Parkinsonovu bolest Vuleti\u0107 je navela po kojim znakovima je mogu\u0107e prepoznati Parkinsonovu bolest, a [&hellip;]","og_url":"https:\/\/radioljubuski.ba\/index.php\/2022\/04\/14\/lijecnica-upozorava-zbog-starenja-stanovnistva-slijede-dvije-nove-pandemije\/","og_site_name":"RADIO LJUBU\u0160KI","article_publisher":"https:\/\/www.facebook.com\/Radiio-Ljubuski-1490835324566332","article_published_time":"2022-04-14T01:07:34+00:00","article_modified_time":"2022-04-14T01:07:35+00:00","og_image":[{"width":750,"height":500,"url":"https:\/\/radioljubuski.ba\/wp-content\/uploads\/2022\/04\/1649574755-emre-Bc90ri9rZHE-unsplash-750x500-1.jpg","type":"image\/jpeg"}],"author":"Radio Ljubu\u0161ki","twitter_card":"summary_large_image","twitter_creator":"@radioljubuski","twitter_site":"@radioljubuski","twitter_misc":{"Napisao\/la":"Radio Ljubu\u0161ki","Procijenjeno vrijeme \u010ditanja":"4 minute"},"schema":{"@context":"https:\/\/schema.org","@graph":[{"@type":"Article","@id":"https:\/\/radioljubuski.ba\/index.php\/2022\/04\/14\/lijecnica-upozorava-zbog-starenja-stanovnistva-slijede-dvije-nove-pandemije\/#article","isPartOf":{"@id":"https:\/\/radioljubuski.ba\/index.php\/2022\/04\/14\/lijecnica-upozorava-zbog-starenja-stanovnistva-slijede-dvije-nove-pandemije\/"},"author":{"name":"Radio Ljubu\u0161ki","@id":"https:\/\/radioljubuski.ba\/#\/schema\/person\/19fc700381a780f69665d7956c469e3b"},"headline":"Lije\u010dnica upozorava: Zbog starenja stanovni\u0161tva slijede dvije nove pandemije","datePublished":"2022-04-14T01:07:34+00:00","dateModified":"2022-04-14T01:07:35+00:00","mainEntityOfPage":{"@id":"https:\/\/radioljubuski.ba\/index.php\/2022\/04\/14\/lijecnica-upozorava-zbog-starenja-stanovnistva-slijede-dvije-nove-pandemije\/"},"wordCount":1022,"publisher":{"@id":"https:\/\/radioljubuski.ba\/#organization"},"image":{"@id":"https:\/\/radioljubuski.ba\/index.php\/2022\/04\/14\/lijecnica-upozorava-zbog-starenja-stanovnistva-slijede-dvije-nove-pandemije\/#primaryimage"},"thumbnailUrl":"https:\/\/radioljubuski.ba\/wp-content\/uploads\/2022\/04\/1649574755-emre-Bc90ri9rZHE-unsplash-750x500-1.jpg","articleSection":["BIH i regija"],"inLanguage":"hr"},{"@type":"WebPage","@id":"https:\/\/radioljubuski.ba\/index.php\/2022\/04\/14\/lijecnica-upozorava-zbog-starenja-stanovnistva-slijede-dvije-nove-pandemije\/","url":"https:\/\/radioljubuski.ba\/index.php\/2022\/04\/14\/lijecnica-upozorava-zbog-starenja-stanovnistva-slijede-dvije-nove-pandemije\/","name":"Lije\u010dnica upozorava: Zbog starenja stanovni\u0161tva slijede dvije nove pandemije - RADIO LJUBU\u0160KI","isPartOf":{"@id":"https:\/\/radioljubuski.ba\/#website"},"primaryImageOfPage":{"@id":"https:\/\/radioljubuski.ba\/index.php\/2022\/04\/14\/lijecnica-upozorava-zbog-starenja-stanovnistva-slijede-dvije-nove-pandemije\/#primaryimage"},"image":{"@id":"https:\/\/radioljubuski.ba\/index.php\/2022\/04\/14\/lijecnica-upozorava-zbog-starenja-stanovnistva-slijede-dvije-nove-pandemije\/#primaryimage"},"thumbnailUrl":"https:\/\/radioljubuski.ba\/wp-content\/uploads\/2022\/04\/1649574755-emre-Bc90ri9rZHE-unsplash-750x500-1.jpg","datePublished":"2022-04-14T01:07:34+00:00","dateModified":"2022-04-14T01:07:35+00:00","breadcrumb":{"@id":"https:\/\/radioljubuski.ba\/index.php\/2022\/04\/14\/lijecnica-upozorava-zbog-starenja-stanovnistva-slijede-dvije-nove-pandemije\/#breadcrumb"},"inLanguage":"hr","potentialAction":[{"@type":"ReadAction","target":["https:\/\/radioljubuski.ba\/index.php\/2022\/04\/14\/lijecnica-upozorava-zbog-starenja-stanovnistva-slijede-dvije-nove-pandemije\/"]}]},{"@type":"ImageObject","inLanguage":"hr","@id":"https:\/\/radioljubuski.ba\/index.php\/2022\/04\/14\/lijecnica-upozorava-zbog-starenja-stanovnistva-slijede-dvije-nove-pandemije\/#primaryimage","url":"https:\/\/radioljubuski.ba\/wp-content\/uploads\/2022\/04\/1649574755-emre-Bc90ri9rZHE-unsplash-750x500-1.jpg","contentUrl":"https:\/\/radioljubuski.ba\/wp-content\/uploads\/2022\/04\/1649574755-emre-Bc90ri9rZHE-unsplash-750x500-1.jpg","width":750,"height":500},{"@type":"BreadcrumbList","@id":"https:\/\/radioljubuski.ba\/index.php\/2022\/04\/14\/lijecnica-upozorava-zbog-starenja-stanovnistva-slijede-dvije-nove-pandemije\/#breadcrumb","itemListElement":[{"@type":"ListItem","position":1,"name":"Po\u010detna stranica","item":"https:\/\/radioljubuski.ba\/"},{"@type":"ListItem","position":2,"name":"Lije\u010dnica upozorava: Zbog starenja stanovni\u0161tva slijede dvije nove pandemije"}]},{"@type":"WebSite","@id":"https:\/\/radioljubuski.ba\/#website","url":"https:\/\/radioljubuski.ba\/","name":"Radio Ljubu\u0161ki","description":"Sun\u010dana frekvencija Hercegovine","publisher":{"@id":"https:\/\/radioljubuski.ba\/#organization"},"potentialAction":[{"@type":"SearchAction","target":{"@type":"EntryPoint","urlTemplate":"https:\/\/radioljubuski.ba\/?s={search_term_string}"},"query-input":{"@type":"PropertyValueSpecification","valueRequired":true,"valueName":"search_term_string"}}],"inLanguage":"hr"},{"@type":"Organization","@id":"https:\/\/radioljubuski.ba\/#organization","name":"Radio Ljubu\u0161ki","url":"https:\/\/radioljubuski.ba\/","logo":{"@type":"ImageObject","inLanguage":"hr","@id":"https:\/\/radioljubuski.ba\/#\/schema\/logo\/image\/","url":"https:\/\/radioljubuski.ba\/wp-content\/uploads\/2021\/02\/cropped-Radio_Ljubuski_logo1.jpg","contentUrl":"https:\/\/radioljubuski.ba\/wp-content\/uploads\/2021\/02\/cropped-Radio_Ljubuski_logo1.jpg","width":512,"height":512,"caption":"Radio Ljubu\u0161ki"},"image":{"@id":"https:\/\/radioljubuski.ba\/#\/schema\/logo\/image\/"},"sameAs":["https:\/\/www.facebook.com\/Radiio-Ljubuski-1490835324566332","https:\/\/x.com\/radioljubuski","https:\/\/hr.linkedin.com\/company\/radio-ljubuski","https:\/\/www.youtube.com\/channel\/UCHYaeO_n0Db3tjNGudGpXyw"]},{"@type":"Person","@id":"https:\/\/radioljubuski.ba\/#\/schema\/person\/19fc700381a780f69665d7956c469e3b","name":"Radio Ljubu\u0161ki"}]}},"_links":{"self":[{"href":"https:\/\/radioljubuski.ba\/index.php\/wp-json\/wp\/v2\/posts\/132408","targetHints":{"allow":["GET"]}}],"collection":[{"href":"https:\/\/radioljubuski.ba\/index.php\/wp-json\/wp\/v2\/posts"}],"about":[{"href":"https:\/\/radioljubuski.ba\/index.php\/wp-json\/wp\/v2\/types\/post"}],"author":[{"embeddable":true,"href":"https:\/\/radioljubuski.ba\/index.php\/wp-json\/wp\/v2\/users\/2"}],"replies":[{"embeddable":true,"href":"https:\/\/radioljubuski.ba\/index.php\/wp-json\/wp\/v2\/comments?post=132408"}],"version-history":[{"count":1,"href":"https:\/\/radioljubuski.ba\/index.php\/wp-json\/wp\/v2\/posts\/132408\/revisions"}],"predecessor-version":[{"id":132410,"href":"https:\/\/radioljubuski.ba\/index.php\/wp-json\/wp\/v2\/posts\/132408\/revisions\/132410"}],"wp:featuredmedia":[{"embeddable":true,"href":"https:\/\/radioljubuski.ba\/index.php\/wp-json\/wp\/v2\/media\/132409"}],"wp:attachment":[{"href":"https:\/\/radioljubuski.ba\/index.php\/wp-json\/wp\/v2\/media?parent=132408"}],"wp:term":[{"taxonomy":"category","embeddable":true,"href":"https:\/\/radioljubuski.ba\/index.php\/wp-json\/wp\/v2\/categories?post=132408"},{"taxonomy":"post_tag","embeddable":true,"href":"https:\/\/radioljubuski.ba\/index.php\/wp-json\/wp\/v2\/tags?post=132408"}],"curies":[{"name":"wp","href":"https:\/\/api.w.org\/{rel}","templated":true}]}}