{"id":132429,"date":"2022-04-14T07:52:24","date_gmt":"2022-04-14T06:52:24","guid":{"rendered":"https:\/\/radioljubuski.ba\/?p=132429"},"modified":"2022-04-14T07:52:25","modified_gmt":"2022-04-14T06:52:25","slug":"evo-kolike-su-kazne-za-nepostivanje-rada-nedjeljom-u-mostaru","status":"publish","type":"post","link":"https:\/\/radioljubuski.ba\/index.php\/2022\/04\/14\/evo-kolike-su-kazne-za-nepostivanje-rada-nedjeljom-u-mostaru\/","title":{"rendered":"Evo kolike su kazne za nepo\u0161tivanje rada nedjeljom u Mostaru"},"content":{"rendered":"\n<p>Slu\u017eba za inspekcijske poslove Grada Mostara pozvala je sve poslovne subjekte koji na podru\u010dju Grada Mostara obavljaju djelatnosti da svoje radno vrijeme usklade s odlukom Gradskog vije\u0107a o zabrani rada nedjeljom.<br>Poslodavci koji su u skladu s odlukom Gradskog vije\u0107a Mostara za neradni odabrali neki drugi dan umjesto nedjelje, trebaju se zahtjevom obratiti Slu\u017ebi za inspekcijske poslove kako bi im se rje\u0161enjem odobrio taj drugi dan kao neradni.<\/p>\n\n\n\n<p>U obavijesti se dalje navodi kako su svi poslovni subjekti du\u017eni vidno istaknuti, na ulaznim vratima objekta ili na neki drugi prikladan na\u010din, obavijest o radnom vremenu.<\/p>\n\n\n\n<p>Za poslovne subjekte koji obavljaju djelatnosti u sklopu tr\u017enih centara mjerodavno je radno vrijeme koje utvrdi tr\u017eni centar, te su ga se du\u017eni pridr\u017eavati subjekti koji posluju u sklopu istoga.<\/p>\n\n\n\n<p>\u0160to se ti\u010de rada za vrijeme dr\u017eavnih praznika, iz Slu\u017ebe za inspekcijske poslove navode kako tu nema nejasno\u0107a te da poslovni subjekti ve\u0107 za Me\u0111unarodni praznik rada ne\u0107e mo\u0107i raditi 1. i 2. svibnja.<\/p>\n\n\n\n<p>Podsje\u0107a se da se zaprije\u010dene kazne za nepo\u0161tivanje odluke o radnom vremenu kre\u0107u od 1.000 KM do 3.000 KM za pravne osobe, od 500 KM do 1000 KM za odgovorne u pravnim osobama, te za fizi\u010dke osobe od 200 KM do 500 KM.<\/p>\n\n\n\n<p>Za prekr\u0161aj neisticanja radnog vremena i nepridr\u017eavanja utvr\u0111enog radnog vremena, shodno Zakonu o unutarnjoj trgovini, zaprije\u010dena kazna pravnim osobama kre\u0107e se u rasponu od 2.000 KM do 10.000 KM, odgovornim u pravnim osobama od 500 KM do 1.500 KM te fizi\u010dkim osobama-trgovcima od 500 KM do 1.200 KM.<\/p>\n\n\n\n<p>Podsje\u0107amo, odlukom koju je usvojilo Gradsko vije\u0107e 29. o\u017eujka rad pravnih i fizi\u010dkih osoba iz oblasti trgovine nije dozvoljen nedjeljom i praznicima.<\/p>\n\n\n\n<p>Od ove odluke<strong>&nbsp;izuzete su<\/strong>&nbsp;trgovine koje se bave prodajom pekarskih proizvoda i cvje\u0107arnice, koje nedjeljom i praznicima mogu raditi od 7 do 12 sati, dok je trgovinama koje se bave isklju\u010divo prodajom suvenira te tradicionalnim, starim obrtima i zanatima dopu\u0161ten rad nedjeljom od 8 do 24 sata.<\/p>\n\n\n\n<p>Odlukom je propisano da pravne i fizi\u010dke osobe iz oblasti trgovine za&nbsp;<strong>dan tjednog odmora<\/strong>&nbsp;umjesto nedjelje mogu odrediti i neki drugi dan.<\/p>\n\n\n\n<p><strong>Ugostiteljski objekti<\/strong>\u00a0na podru\u010dju Grada Mostara mogu raditi do 24 sata, a disko klubovi, no\u0107ni klubovi i no\u0107ni barovi, u zatvorenim prostorijama, od 23 do 3 sata uz pu\u0161tanje i izvo\u0111enje glazbe, priop\u0107eno je iz Slu\u017ebe za inspekcijske poslove Grada Mostara.<\/p>\n\n\n\n<p><strong>Izvor: Jabuka.tv<\/strong><\/p>\n","protected":false},"excerpt":{"rendered":"<p>Slu\u017eba za inspekcijske poslove Grada Mostara pozvala je sve poslovne subjekte koji na podru\u010dju Grada Mostara obavljaju djelatnosti da svoje radno vrijeme usklade s odlukom Gradskog vije\u0107a o zabrani rada nedjeljom.Poslodavci koji su u skladu s odlukom Gradskog vije\u0107a Mostara za neradni odabrali neki drugi dan umjesto nedjelje, trebaju se zahtjevom obratiti Slu\u017ebi za inspekcijske [&hellip;]<\/p>\n","protected":false},"author":2,"featured_media":132430,"comment_status":"closed","ping_status":"closed","sticky":false,"template":"","format":"standard","meta":{"h5ap_radio_sources":[],"footnotes":""},"categories":[1],"tags":[],"class_list":["post-132429","post","type-post","status-publish","format-standard","has-post-thumbnail","hentry","category-bihiregija"],"yoast_head":"<!-- This site is optimized with the Yoast SEO plugin v27.5 - https:\/\/yoast.com\/product\/yoast-seo-wordpress\/ -->\n<title>Evo kolike su kazne za nepo\u0161tivanje rada nedjeljom u Mostaru - RADIO LJUBU\u0160KI<\/title>\n<meta name=\"robots\" content=\"index, follow, max-snippet:-1, max-image-preview:large, max-video-preview:-1\" \/>\n<link rel=\"canonical\" href=\"https:\/\/radioljubuski.ba\/index.php\/2022\/04\/14\/evo-kolike-su-kazne-za-nepostivanje-rada-nedjeljom-u-mostaru\/\" \/>\n<meta property=\"og:locale\" content=\"hr_HR\" \/>\n<meta property=\"og:type\" content=\"article\" \/>\n<meta property=\"og:title\" content=\"Evo kolike su kazne za nepo\u0161tivanje rada nedjeljom u Mostaru - RADIO LJUBU\u0160KI\" \/>\n<meta property=\"og:description\" content=\"Slu\u017eba za inspekcijske poslove Grada Mostara pozvala je sve poslovne subjekte koji na podru\u010dju Grada Mostara obavljaju djelatnosti da svoje radno vrijeme usklade s odlukom Gradskog vije\u0107a o zabrani rada nedjeljom.Poslodavci koji su u skladu s odlukom Gradskog vije\u0107a Mostara za neradni odabrali neki drugi dan umjesto nedjelje, trebaju se zahtjevom obratiti Slu\u017ebi za inspekcijske [&hellip;]\" \/>\n<meta property=\"og:url\" content=\"https:\/\/radioljubuski.ba\/index.php\/2022\/04\/14\/evo-kolike-su-kazne-za-nepostivanje-rada-nedjeljom-u-mostaru\/\" \/>\n<meta property=\"og:site_name\" content=\"RADIO LJUBU\u0160KI\" \/>\n<meta property=\"article:publisher\" content=\"https:\/\/www.facebook.com\/Radiio-Ljubuski-1490835324566332\" \/>\n<meta property=\"article:published_time\" content=\"2022-04-14T06:52:24+00:00\" \/>\n<meta property=\"article:modified_time\" content=\"2022-04-14T06:52:25+00:00\" \/>\n<meta property=\"og:image\" content=\"https:\/\/radioljubuski.ba\/wp-content\/uploads\/2022\/04\/radno-vrijeme.jpg\" \/>\n\t<meta property=\"og:image:width\" content=\"810\" \/>\n\t<meta property=\"og:image:height\" content=\"540\" \/>\n\t<meta property=\"og:image:type\" content=\"image\/jpeg\" \/>\n<meta name=\"author\" content=\"Radio Ljubu\u0161ki\" \/>\n<meta name=\"twitter:card\" content=\"summary_large_image\" \/>\n<meta name=\"twitter:creator\" content=\"@radioljubuski\" \/>\n<meta name=\"twitter:site\" content=\"@radioljubuski\" \/>\n<meta name=\"twitter:label1\" content=\"Napisao\/la\" \/>\n\t<meta name=\"twitter:data1\" content=\"Radio Ljubu\u0161ki\" \/>\n\t<meta name=\"twitter:label2\" content=\"Procijenjeno vrijeme \u010ditanja\" \/>\n\t<meta name=\"twitter:data2\" content=\"2 minute\" \/>\n<script type=\"application\/ld+json\" class=\"yoast-schema-graph\">{\"@context\":\"https:\\\/\\\/schema.org\",\"@graph\":[{\"@type\":\"Article\",\"@id\":\"https:\\\/\\\/radioljubuski.ba\\\/index.php\\\/2022\\\/04\\\/14\\\/evo-kolike-su-kazne-za-nepostivanje-rada-nedjeljom-u-mostaru\\\/#article\",\"isPartOf\":{\"@id\":\"https:\\\/\\\/radioljubuski.ba\\\/index.php\\\/2022\\\/04\\\/14\\\/evo-kolike-su-kazne-za-nepostivanje-rada-nedjeljom-u-mostaru\\\/\"},\"author\":{\"name\":\"Radio Ljubu\u0161ki\",\"@id\":\"https:\\\/\\\/radioljubuski.ba\\\/#\\\/schema\\\/person\\\/19fc700381a780f69665d7956c469e3b\"},\"headline\":\"Evo kolike su kazne za nepo\u0161tivanje rada nedjeljom u Mostaru\",\"datePublished\":\"2022-04-14T06:52:24+00:00\",\"dateModified\":\"2022-04-14T06:52:25+00:00\",\"mainEntityOfPage\":{\"@id\":\"https:\\\/\\\/radioljubuski.ba\\\/index.php\\\/2022\\\/04\\\/14\\\/evo-kolike-su-kazne-za-nepostivanje-rada-nedjeljom-u-mostaru\\\/\"},\"wordCount\":425,\"publisher\":{\"@id\":\"https:\\\/\\\/radioljubuski.ba\\\/#organization\"},\"image\":{\"@id\":\"https:\\\/\\\/radioljubuski.ba\\\/index.php\\\/2022\\\/04\\\/14\\\/evo-kolike-su-kazne-za-nepostivanje-rada-nedjeljom-u-mostaru\\\/#primaryimage\"},\"thumbnailUrl\":\"https:\\\/\\\/radioljubuski.ba\\\/wp-content\\\/uploads\\\/2022\\\/04\\\/radno-vrijeme.jpg\",\"articleSection\":[\"BIH i regija\"],\"inLanguage\":\"hr\"},{\"@type\":\"WebPage\",\"@id\":\"https:\\\/\\\/radioljubuski.ba\\\/index.php\\\/2022\\\/04\\\/14\\\/evo-kolike-su-kazne-za-nepostivanje-rada-nedjeljom-u-mostaru\\\/\",\"url\":\"https:\\\/\\\/radioljubuski.ba\\\/index.php\\\/2022\\\/04\\\/14\\\/evo-kolike-su-kazne-za-nepostivanje-rada-nedjeljom-u-mostaru\\\/\",\"name\":\"Evo kolike su kazne za nepo\u0161tivanje rada nedjeljom u Mostaru - RADIO LJUBU\u0160KI\",\"isPartOf\":{\"@id\":\"https:\\\/\\\/radioljubuski.ba\\\/#website\"},\"primaryImageOfPage\":{\"@id\":\"https:\\\/\\\/radioljubuski.ba\\\/index.php\\\/2022\\\/04\\\/14\\\/evo-kolike-su-kazne-za-nepostivanje-rada-nedjeljom-u-mostaru\\\/#primaryimage\"},\"image\":{\"@id\":\"https:\\\/\\\/radioljubuski.ba\\\/index.php\\\/2022\\\/04\\\/14\\\/evo-kolike-su-kazne-za-nepostivanje-rada-nedjeljom-u-mostaru\\\/#primaryimage\"},\"thumbnailUrl\":\"https:\\\/\\\/radioljubuski.ba\\\/wp-content\\\/uploads\\\/2022\\\/04\\\/radno-vrijeme.jpg\",\"datePublished\":\"2022-04-14T06:52:24+00:00\",\"dateModified\":\"2022-04-14T06:52:25+00:00\",\"breadcrumb\":{\"@id\":\"https:\\\/\\\/radioljubuski.ba\\\/index.php\\\/2022\\\/04\\\/14\\\/evo-kolike-su-kazne-za-nepostivanje-rada-nedjeljom-u-mostaru\\\/#breadcrumb\"},\"inLanguage\":\"hr\",\"potentialAction\":[{\"@type\":\"ReadAction\",\"target\":[\"https:\\\/\\\/radioljubuski.ba\\\/index.php\\\/2022\\\/04\\\/14\\\/evo-kolike-su-kazne-za-nepostivanje-rada-nedjeljom-u-mostaru\\\/\"]}]},{\"@type\":\"ImageObject\",\"inLanguage\":\"hr\",\"@id\":\"https:\\\/\\\/radioljubuski.ba\\\/index.php\\\/2022\\\/04\\\/14\\\/evo-kolike-su-kazne-za-nepostivanje-rada-nedjeljom-u-mostaru\\\/#primaryimage\",\"url\":\"https:\\\/\\\/radioljubuski.ba\\\/wp-content\\\/uploads\\\/2022\\\/04\\\/radno-vrijeme.jpg\",\"contentUrl\":\"https:\\\/\\\/radioljubuski.ba\\\/wp-content\\\/uploads\\\/2022\\\/04\\\/radno-vrijeme.jpg\",\"width\":810,\"height\":540},{\"@type\":\"BreadcrumbList\",\"@id\":\"https:\\\/\\\/radioljubuski.ba\\\/index.php\\\/2022\\\/04\\\/14\\\/evo-kolike-su-kazne-za-nepostivanje-rada-nedjeljom-u-mostaru\\\/#breadcrumb\",\"itemListElement\":[{\"@type\":\"ListItem\",\"position\":1,\"name\":\"Po\u010detna stranica\",\"item\":\"https:\\\/\\\/radioljubuski.ba\\\/\"},{\"@type\":\"ListItem\",\"position\":2,\"name\":\"Evo kolike su kazne za nepo\u0161tivanje rada nedjeljom u Mostaru\"}]},{\"@type\":\"WebSite\",\"@id\":\"https:\\\/\\\/radioljubuski.ba\\\/#website\",\"url\":\"https:\\\/\\\/radioljubuski.ba\\\/\",\"name\":\"Radio Ljubu\u0161ki\",\"description\":\"Sun\u010dana frekvencija Hercegovine\",\"publisher\":{\"@id\":\"https:\\\/\\\/radioljubuski.ba\\\/#organization\"},\"potentialAction\":[{\"@type\":\"SearchAction\",\"target\":{\"@type\":\"EntryPoint\",\"urlTemplate\":\"https:\\\/\\\/radioljubuski.ba\\\/?s={search_term_string}\"},\"query-input\":{\"@type\":\"PropertyValueSpecification\",\"valueRequired\":true,\"valueName\":\"search_term_string\"}}],\"inLanguage\":\"hr\"},{\"@type\":\"Organization\",\"@id\":\"https:\\\/\\\/radioljubuski.ba\\\/#organization\",\"name\":\"Radio Ljubu\u0161ki\",\"url\":\"https:\\\/\\\/radioljubuski.ba\\\/\",\"logo\":{\"@type\":\"ImageObject\",\"inLanguage\":\"hr\",\"@id\":\"https:\\\/\\\/radioljubuski.ba\\\/#\\\/schema\\\/logo\\\/image\\\/\",\"url\":\"https:\\\/\\\/radioljubuski.ba\\\/wp-content\\\/uploads\\\/2021\\\/02\\\/cropped-Radio_Ljubuski_logo1.jpg\",\"contentUrl\":\"https:\\\/\\\/radioljubuski.ba\\\/wp-content\\\/uploads\\\/2021\\\/02\\\/cropped-Radio_Ljubuski_logo1.jpg\",\"width\":512,\"height\":512,\"caption\":\"Radio Ljubu\u0161ki\"},\"image\":{\"@id\":\"https:\\\/\\\/radioljubuski.ba\\\/#\\\/schema\\\/logo\\\/image\\\/\"},\"sameAs\":[\"https:\\\/\\\/www.facebook.com\\\/Radiio-Ljubuski-1490835324566332\",\"https:\\\/\\\/x.com\\\/radioljubuski\",\"https:\\\/\\\/hr.linkedin.com\\\/company\\\/radio-ljubuski\",\"https:\\\/\\\/www.youtube.com\\\/channel\\\/UCHYaeO_n0Db3tjNGudGpXyw\"]},{\"@type\":\"Person\",\"@id\":\"https:\\\/\\\/radioljubuski.ba\\\/#\\\/schema\\\/person\\\/19fc700381a780f69665d7956c469e3b\",\"name\":\"Radio Ljubu\u0161ki\"}]}<\/script>\n<!-- \/ Yoast SEO plugin. -->","yoast_head_json":{"title":"Evo kolike su kazne za nepo\u0161tivanje rada nedjeljom u Mostaru - RADIO LJUBU\u0160KI","robots":{"index":"index","follow":"follow","max-snippet":"max-snippet:-1","max-image-preview":"max-image-preview:large","max-video-preview":"max-video-preview:-1"},"canonical":"https:\/\/radioljubuski.ba\/index.php\/2022\/04\/14\/evo-kolike-su-kazne-za-nepostivanje-rada-nedjeljom-u-mostaru\/","og_locale":"hr_HR","og_type":"article","og_title":"Evo kolike su kazne za nepo\u0161tivanje rada nedjeljom u Mostaru - RADIO LJUBU\u0160KI","og_description":"Slu\u017eba za inspekcijske poslove Grada Mostara pozvala je sve poslovne subjekte koji na podru\u010dju Grada Mostara obavljaju djelatnosti da svoje radno vrijeme usklade s odlukom Gradskog vije\u0107a o zabrani rada nedjeljom.Poslodavci koji su u skladu s odlukom Gradskog vije\u0107a Mostara za neradni odabrali neki drugi dan umjesto nedjelje, trebaju se zahtjevom obratiti Slu\u017ebi za inspekcijske [&hellip;]","og_url":"https:\/\/radioljubuski.ba\/index.php\/2022\/04\/14\/evo-kolike-su-kazne-za-nepostivanje-rada-nedjeljom-u-mostaru\/","og_site_name":"RADIO LJUBU\u0160KI","article_publisher":"https:\/\/www.facebook.com\/Radiio-Ljubuski-1490835324566332","article_published_time":"2022-04-14T06:52:24+00:00","article_modified_time":"2022-04-14T06:52:25+00:00","og_image":[{"width":810,"height":540,"url":"https:\/\/radioljubuski.ba\/wp-content\/uploads\/2022\/04\/radno-vrijeme.jpg","type":"image\/jpeg"}],"author":"Radio Ljubu\u0161ki","twitter_card":"summary_large_image","twitter_creator":"@radioljubuski","twitter_site":"@radioljubuski","twitter_misc":{"Napisao\/la":"Radio Ljubu\u0161ki","Procijenjeno vrijeme \u010ditanja":"2 minute"},"schema":{"@context":"https:\/\/schema.org","@graph":[{"@type":"Article","@id":"https:\/\/radioljubuski.ba\/index.php\/2022\/04\/14\/evo-kolike-su-kazne-za-nepostivanje-rada-nedjeljom-u-mostaru\/#article","isPartOf":{"@id":"https:\/\/radioljubuski.ba\/index.php\/2022\/04\/14\/evo-kolike-su-kazne-za-nepostivanje-rada-nedjeljom-u-mostaru\/"},"author":{"name":"Radio Ljubu\u0161ki","@id":"https:\/\/radioljubuski.ba\/#\/schema\/person\/19fc700381a780f69665d7956c469e3b"},"headline":"Evo kolike su kazne za nepo\u0161tivanje rada nedjeljom u Mostaru","datePublished":"2022-04-14T06:52:24+00:00","dateModified":"2022-04-14T06:52:25+00:00","mainEntityOfPage":{"@id":"https:\/\/radioljubuski.ba\/index.php\/2022\/04\/14\/evo-kolike-su-kazne-za-nepostivanje-rada-nedjeljom-u-mostaru\/"},"wordCount":425,"publisher":{"@id":"https:\/\/radioljubuski.ba\/#organization"},"image":{"@id":"https:\/\/radioljubuski.ba\/index.php\/2022\/04\/14\/evo-kolike-su-kazne-za-nepostivanje-rada-nedjeljom-u-mostaru\/#primaryimage"},"thumbnailUrl":"https:\/\/radioljubuski.ba\/wp-content\/uploads\/2022\/04\/radno-vrijeme.jpg","articleSection":["BIH i regija"],"inLanguage":"hr"},{"@type":"WebPage","@id":"https:\/\/radioljubuski.ba\/index.php\/2022\/04\/14\/evo-kolike-su-kazne-za-nepostivanje-rada-nedjeljom-u-mostaru\/","url":"https:\/\/radioljubuski.ba\/index.php\/2022\/04\/14\/evo-kolike-su-kazne-za-nepostivanje-rada-nedjeljom-u-mostaru\/","name":"Evo kolike su kazne za nepo\u0161tivanje rada nedjeljom u Mostaru - RADIO LJUBU\u0160KI","isPartOf":{"@id":"https:\/\/radioljubuski.ba\/#website"},"primaryImageOfPage":{"@id":"https:\/\/radioljubuski.ba\/index.php\/2022\/04\/14\/evo-kolike-su-kazne-za-nepostivanje-rada-nedjeljom-u-mostaru\/#primaryimage"},"image":{"@id":"https:\/\/radioljubuski.ba\/index.php\/2022\/04\/14\/evo-kolike-su-kazne-za-nepostivanje-rada-nedjeljom-u-mostaru\/#primaryimage"},"thumbnailUrl":"https:\/\/radioljubuski.ba\/wp-content\/uploads\/2022\/04\/radno-vrijeme.jpg","datePublished":"2022-04-14T06:52:24+00:00","dateModified":"2022-04-14T06:52:25+00:00","breadcrumb":{"@id":"https:\/\/radioljubuski.ba\/index.php\/2022\/04\/14\/evo-kolike-su-kazne-za-nepostivanje-rada-nedjeljom-u-mostaru\/#breadcrumb"},"inLanguage":"hr","potentialAction":[{"@type":"ReadAction","target":["https:\/\/radioljubuski.ba\/index.php\/2022\/04\/14\/evo-kolike-su-kazne-za-nepostivanje-rada-nedjeljom-u-mostaru\/"]}]},{"@type":"ImageObject","inLanguage":"hr","@id":"https:\/\/radioljubuski.ba\/index.php\/2022\/04\/14\/evo-kolike-su-kazne-za-nepostivanje-rada-nedjeljom-u-mostaru\/#primaryimage","url":"https:\/\/radioljubuski.ba\/wp-content\/uploads\/2022\/04\/radno-vrijeme.jpg","contentUrl":"https:\/\/radioljubuski.ba\/wp-content\/uploads\/2022\/04\/radno-vrijeme.jpg","width":810,"height":540},{"@type":"BreadcrumbList","@id":"https:\/\/radioljubuski.ba\/index.php\/2022\/04\/14\/evo-kolike-su-kazne-za-nepostivanje-rada-nedjeljom-u-mostaru\/#breadcrumb","itemListElement":[{"@type":"ListItem","position":1,"name":"Po\u010detna stranica","item":"https:\/\/radioljubuski.ba\/"},{"@type":"ListItem","position":2,"name":"Evo kolike su kazne za nepo\u0161tivanje rada nedjeljom u Mostaru"}]},{"@type":"WebSite","@id":"https:\/\/radioljubuski.ba\/#website","url":"https:\/\/radioljubuski.ba\/","name":"Radio Ljubu\u0161ki","description":"Sun\u010dana frekvencija Hercegovine","publisher":{"@id":"https:\/\/radioljubuski.ba\/#organization"},"potentialAction":[{"@type":"SearchAction","target":{"@type":"EntryPoint","urlTemplate":"https:\/\/radioljubuski.ba\/?s={search_term_string}"},"query-input":{"@type":"PropertyValueSpecification","valueRequired":true,"valueName":"search_term_string"}}],"inLanguage":"hr"},{"@type":"Organization","@id":"https:\/\/radioljubuski.ba\/#organization","name":"Radio Ljubu\u0161ki","url":"https:\/\/radioljubuski.ba\/","logo":{"@type":"ImageObject","inLanguage":"hr","@id":"https:\/\/radioljubuski.ba\/#\/schema\/logo\/image\/","url":"https:\/\/radioljubuski.ba\/wp-content\/uploads\/2021\/02\/cropped-Radio_Ljubuski_logo1.jpg","contentUrl":"https:\/\/radioljubuski.ba\/wp-content\/uploads\/2021\/02\/cropped-Radio_Ljubuski_logo1.jpg","width":512,"height":512,"caption":"Radio Ljubu\u0161ki"},"image":{"@id":"https:\/\/radioljubuski.ba\/#\/schema\/logo\/image\/"},"sameAs":["https:\/\/www.facebook.com\/Radiio-Ljubuski-1490835324566332","https:\/\/x.com\/radioljubuski","https:\/\/hr.linkedin.com\/company\/radio-ljubuski","https:\/\/www.youtube.com\/channel\/UCHYaeO_n0Db3tjNGudGpXyw"]},{"@type":"Person","@id":"https:\/\/radioljubuski.ba\/#\/schema\/person\/19fc700381a780f69665d7956c469e3b","name":"Radio Ljubu\u0161ki"}]}},"_links":{"self":[{"href":"https:\/\/radioljubuski.ba\/index.php\/wp-json\/wp\/v2\/posts\/132429","targetHints":{"allow":["GET"]}}],"collection":[{"href":"https:\/\/radioljubuski.ba\/index.php\/wp-json\/wp\/v2\/posts"}],"about":[{"href":"https:\/\/radioljubuski.ba\/index.php\/wp-json\/wp\/v2\/types\/post"}],"author":[{"embeddable":true,"href":"https:\/\/radioljubuski.ba\/index.php\/wp-json\/wp\/v2\/users\/2"}],"replies":[{"embeddable":true,"href":"https:\/\/radioljubuski.ba\/index.php\/wp-json\/wp\/v2\/comments?post=132429"}],"version-history":[{"count":1,"href":"https:\/\/radioljubuski.ba\/index.php\/wp-json\/wp\/v2\/posts\/132429\/revisions"}],"predecessor-version":[{"id":132431,"href":"https:\/\/radioljubuski.ba\/index.php\/wp-json\/wp\/v2\/posts\/132429\/revisions\/132431"}],"wp:featuredmedia":[{"embeddable":true,"href":"https:\/\/radioljubuski.ba\/index.php\/wp-json\/wp\/v2\/media\/132430"}],"wp:attachment":[{"href":"https:\/\/radioljubuski.ba\/index.php\/wp-json\/wp\/v2\/media?parent=132429"}],"wp:term":[{"taxonomy":"category","embeddable":true,"href":"https:\/\/radioljubuski.ba\/index.php\/wp-json\/wp\/v2\/categories?post=132429"},{"taxonomy":"post_tag","embeddable":true,"href":"https:\/\/radioljubuski.ba\/index.php\/wp-json\/wp\/v2\/tags?post=132429"}],"curies":[{"name":"wp","href":"https:\/\/api.w.org\/{rel}","templated":true}]}}