{"id":132432,"date":"2022-04-14T08:05:23","date_gmt":"2022-04-14T07:05:23","guid":{"rendered":"https:\/\/radioljubuski.ba\/?p=132432"},"modified":"2022-04-14T08:05:24","modified_gmt":"2022-04-14T07:05:24","slug":"kaos-i-u-tunelu-nakon-utakmice-vrsaljko-izgubio-zivce","status":"publish","type":"post","link":"https:\/\/radioljubuski.ba\/index.php\/2022\/04\/14\/kaos-i-u-tunelu-nakon-utakmice-vrsaljko-izgubio-zivce\/","title":{"rendered":"Kaos i u tunelu nakon utakmice, Vrsaljko izgubio \u017eivce"},"content":{"rendered":"\n<p>\u0160panjolska policija morala je intervenirati u tunelu stadiona Wanda Metropolitano nakon uzvratne utakmice \u010detvrtfinala Lige prvaka izme\u0111u Atletico Madrida i Manchester Cityja.<\/p>\n\n\n\n<p>Uzavrela atmosfera s terena nastavila se i izvan njega, snimke su pokazale kako se<strong>&nbsp;Stefan Savi\u0107&nbsp;<\/strong>poku\u0161ao sukobiti s<strong>&nbsp;Jackom Grealishom<\/strong>, ali i hrvatskog nogometa\u0161a i brani\u010da<strong>&nbsp;\u0160imu Vrsaljka<\/strong>&nbsp;morali su dr\u017eati iz stru\u010dnog sto\u017eera, dok se izme\u0111u suparni\u010dkih igra\u010da na\u0161ao&nbsp;<strong>Ederson&nbsp;<\/strong>koji je sprije\u010dio<strong>&nbsp;Kylea Walkera<\/strong>&nbsp;da situacija jo\u0161 vi\u0161e ne eskalira.<br><br>U tom trenutku policija se na\u0161la izme\u0111u i uspostavila red, prenosi ESPN.<\/p>\n\n\n\n<p>&#8211; Nisam vidio \u0161to se dogodilo u tunelu. Jo\u0161 sam bio na terenu i pljeskao navija\u010dima. Kada sam si\u0161ao niz stepenice, nitko nije bio ondje, rekao je trener<strong>\u00a0Diego Simeone\u00a0<\/strong>na konferenciji za medije.<\/p>\n\n\n\n<p>&#8211; Zbog ovakve utakmice mo\u017ee\u0161 poludjeti, kada napada\u0161 i stvara\u0161 \u0161anse, a oni padaju na pod i tro\u0161e vrijeme. To je nogomet, \u010desto nas kritiziraju zbog toga, vidjet \u0107emo \u0161to \u0107e ljudi misliti nakon svega danas, rekao je kapetan Atletica&nbsp;<strong>Koke<\/strong>.<\/p>\n\n\n\n<p>Brani\u010d\u00a0<strong>Aymeric Laporte\u00a0<\/strong>uzvratio je rekav\u0161i: &#8211; Tko je tro\u0161io vrijeme? Oni s ulaskom u apsurdne sva\u0111e i sukobe. Znamo tko su i uvijek \u0107e biti tako. Uvijek je ru\u017eno vidjeti ovakve sukobe. Mislim da je to lo\u0161e za njih jer su u tim trenucima izgledali najbolje na terenu.<\/p>\n\n\n\n<p>izvor: hrt.hr<\/p>\n","protected":false},"excerpt":{"rendered":"<p>\u0160panjolska policija morala je intervenirati u tunelu stadiona Wanda Metropolitano nakon uzvratne utakmice \u010detvrtfinala Lige prvaka izme\u0111u Atletico Madrida i Manchester Cityja. Uzavrela atmosfera s terena nastavila se i izvan njega, snimke su pokazale kako se&nbsp;Stefan Savi\u0107&nbsp;poku\u0161ao sukobiti s&nbsp;Jackom Grealishom, ali i hrvatskog nogometa\u0161a i brani\u010da&nbsp;\u0160imu Vrsaljka&nbsp;morali su dr\u017eati iz stru\u010dnog sto\u017eera, dok se izme\u0111u [&hellip;]<\/p>\n","protected":false},"author":2,"featured_media":132435,"comment_status":"closed","ping_status":"closed","sticky":false,"template":"","format":"standard","meta":{"h5ap_radio_sources":[],"footnotes":""},"categories":[7],"tags":[],"class_list":["post-132432","post","type-post","status-publish","format-standard","has-post-thumbnail","hentry","category-sport"],"yoast_head":"<!-- This site is optimized with the Yoast SEO plugin v27.5 - https:\/\/yoast.com\/product\/yoast-seo-wordpress\/ -->\n<title>Kaos i u tunelu nakon utakmice, Vrsaljko izgubio \u017eivce - RADIO LJUBU\u0160KI<\/title>\n<meta name=\"robots\" content=\"index, follow, max-snippet:-1, max-image-preview:large, max-video-preview:-1\" \/>\n<link rel=\"canonical\" href=\"https:\/\/radioljubuski.ba\/index.php\/2022\/04\/14\/kaos-i-u-tunelu-nakon-utakmice-vrsaljko-izgubio-zivce\/\" \/>\n<meta property=\"og:locale\" content=\"hr_HR\" \/>\n<meta property=\"og:type\" content=\"article\" \/>\n<meta property=\"og:title\" content=\"Kaos i u tunelu nakon utakmice, Vrsaljko izgubio \u017eivce - RADIO LJUBU\u0160KI\" \/>\n<meta property=\"og:description\" content=\"\u0160panjolska policija morala je intervenirati u tunelu stadiona Wanda Metropolitano nakon uzvratne utakmice \u010detvrtfinala Lige prvaka izme\u0111u Atletico Madrida i Manchester Cityja. Uzavrela atmosfera s terena nastavila se i izvan njega, snimke su pokazale kako se&nbsp;Stefan Savi\u0107&nbsp;poku\u0161ao sukobiti s&nbsp;Jackom Grealishom, ali i hrvatskog nogometa\u0161a i brani\u010da&nbsp;\u0160imu Vrsaljka&nbsp;morali su dr\u017eati iz stru\u010dnog sto\u017eera, dok se izme\u0111u [&hellip;]\" \/>\n<meta property=\"og:url\" content=\"https:\/\/radioljubuski.ba\/index.php\/2022\/04\/14\/kaos-i-u-tunelu-nakon-utakmice-vrsaljko-izgubio-zivce\/\" \/>\n<meta property=\"og:site_name\" content=\"RADIO LJUBU\u0160KI\" \/>\n<meta property=\"article:publisher\" content=\"https:\/\/www.facebook.com\/Radiio-Ljubuski-1490835324566332\" \/>\n<meta property=\"article:published_time\" content=\"2022-04-14T07:05:23+00:00\" \/>\n<meta property=\"article:modified_time\" content=\"2022-04-14T07:05:24+00:00\" \/>\n<meta property=\"og:image\" content=\"https:\/\/radioljubuski.ba\/wp-content\/uploads\/2022\/04\/bcddbdb855044e032ef6.jpeg\" \/>\n\t<meta property=\"og:image:width\" content=\"1569\" \/>\n\t<meta property=\"og:image:height\" content=\"1080\" \/>\n\t<meta property=\"og:image:type\" content=\"image\/jpeg\" \/>\n<meta name=\"author\" content=\"Radio Ljubu\u0161ki\" \/>\n<meta name=\"twitter:card\" content=\"summary_large_image\" \/>\n<meta name=\"twitter:creator\" content=\"@radioljubuski\" \/>\n<meta name=\"twitter:site\" content=\"@radioljubuski\" \/>\n<meta name=\"twitter:label1\" content=\"Napisao\/la\" \/>\n\t<meta name=\"twitter:data1\" content=\"Radio Ljubu\u0161ki\" \/>\n\t<meta name=\"twitter:label2\" content=\"Procijenjeno vrijeme \u010ditanja\" \/>\n\t<meta name=\"twitter:data2\" content=\"1 minuta\" \/>\n<script type=\"application\/ld+json\" class=\"yoast-schema-graph\">{\"@context\":\"https:\\\/\\\/schema.org\",\"@graph\":[{\"@type\":\"Article\",\"@id\":\"https:\\\/\\\/radioljubuski.ba\\\/index.php\\\/2022\\\/04\\\/14\\\/kaos-i-u-tunelu-nakon-utakmice-vrsaljko-izgubio-zivce\\\/#article\",\"isPartOf\":{\"@id\":\"https:\\\/\\\/radioljubuski.ba\\\/index.php\\\/2022\\\/04\\\/14\\\/kaos-i-u-tunelu-nakon-utakmice-vrsaljko-izgubio-zivce\\\/\"},\"author\":{\"name\":\"Radio Ljubu\u0161ki\",\"@id\":\"https:\\\/\\\/radioljubuski.ba\\\/#\\\/schema\\\/person\\\/19fc700381a780f69665d7956c469e3b\"},\"headline\":\"Kaos i u tunelu nakon utakmice, Vrsaljko izgubio \u017eivce\",\"datePublished\":\"2022-04-14T07:05:23+00:00\",\"dateModified\":\"2022-04-14T07:05:24+00:00\",\"mainEntityOfPage\":{\"@id\":\"https:\\\/\\\/radioljubuski.ba\\\/index.php\\\/2022\\\/04\\\/14\\\/kaos-i-u-tunelu-nakon-utakmice-vrsaljko-izgubio-zivce\\\/\"},\"wordCount\":257,\"publisher\":{\"@id\":\"https:\\\/\\\/radioljubuski.ba\\\/#organization\"},\"image\":{\"@id\":\"https:\\\/\\\/radioljubuski.ba\\\/index.php\\\/2022\\\/04\\\/14\\\/kaos-i-u-tunelu-nakon-utakmice-vrsaljko-izgubio-zivce\\\/#primaryimage\"},\"thumbnailUrl\":\"https:\\\/\\\/radioljubuski.ba\\\/wp-content\\\/uploads\\\/2022\\\/04\\\/bcddbdb855044e032ef6.jpeg\",\"articleSection\":[\"\u0160port\"],\"inLanguage\":\"hr\"},{\"@type\":\"WebPage\",\"@id\":\"https:\\\/\\\/radioljubuski.ba\\\/index.php\\\/2022\\\/04\\\/14\\\/kaos-i-u-tunelu-nakon-utakmice-vrsaljko-izgubio-zivce\\\/\",\"url\":\"https:\\\/\\\/radioljubuski.ba\\\/index.php\\\/2022\\\/04\\\/14\\\/kaos-i-u-tunelu-nakon-utakmice-vrsaljko-izgubio-zivce\\\/\",\"name\":\"Kaos i u tunelu nakon utakmice, Vrsaljko izgubio \u017eivce - RADIO LJUBU\u0160KI\",\"isPartOf\":{\"@id\":\"https:\\\/\\\/radioljubuski.ba\\\/#website\"},\"primaryImageOfPage\":{\"@id\":\"https:\\\/\\\/radioljubuski.ba\\\/index.php\\\/2022\\\/04\\\/14\\\/kaos-i-u-tunelu-nakon-utakmice-vrsaljko-izgubio-zivce\\\/#primaryimage\"},\"image\":{\"@id\":\"https:\\\/\\\/radioljubuski.ba\\\/index.php\\\/2022\\\/04\\\/14\\\/kaos-i-u-tunelu-nakon-utakmice-vrsaljko-izgubio-zivce\\\/#primaryimage\"},\"thumbnailUrl\":\"https:\\\/\\\/radioljubuski.ba\\\/wp-content\\\/uploads\\\/2022\\\/04\\\/bcddbdb855044e032ef6.jpeg\",\"datePublished\":\"2022-04-14T07:05:23+00:00\",\"dateModified\":\"2022-04-14T07:05:24+00:00\",\"breadcrumb\":{\"@id\":\"https:\\\/\\\/radioljubuski.ba\\\/index.php\\\/2022\\\/04\\\/14\\\/kaos-i-u-tunelu-nakon-utakmice-vrsaljko-izgubio-zivce\\\/#breadcrumb\"},\"inLanguage\":\"hr\",\"potentialAction\":[{\"@type\":\"ReadAction\",\"target\":[\"https:\\\/\\\/radioljubuski.ba\\\/index.php\\\/2022\\\/04\\\/14\\\/kaos-i-u-tunelu-nakon-utakmice-vrsaljko-izgubio-zivce\\\/\"]}]},{\"@type\":\"ImageObject\",\"inLanguage\":\"hr\",\"@id\":\"https:\\\/\\\/radioljubuski.ba\\\/index.php\\\/2022\\\/04\\\/14\\\/kaos-i-u-tunelu-nakon-utakmice-vrsaljko-izgubio-zivce\\\/#primaryimage\",\"url\":\"https:\\\/\\\/radioljubuski.ba\\\/wp-content\\\/uploads\\\/2022\\\/04\\\/bcddbdb855044e032ef6.jpeg\",\"contentUrl\":\"https:\\\/\\\/radioljubuski.ba\\\/wp-content\\\/uploads\\\/2022\\\/04\\\/bcddbdb855044e032ef6.jpeg\",\"width\":1569,\"height\":1080},{\"@type\":\"BreadcrumbList\",\"@id\":\"https:\\\/\\\/radioljubuski.ba\\\/index.php\\\/2022\\\/04\\\/14\\\/kaos-i-u-tunelu-nakon-utakmice-vrsaljko-izgubio-zivce\\\/#breadcrumb\",\"itemListElement\":[{\"@type\":\"ListItem\",\"position\":1,\"name\":\"Po\u010detna stranica\",\"item\":\"https:\\\/\\\/radioljubuski.ba\\\/\"},{\"@type\":\"ListItem\",\"position\":2,\"name\":\"Kaos i u tunelu nakon utakmice, Vrsaljko izgubio \u017eivce\"}]},{\"@type\":\"WebSite\",\"@id\":\"https:\\\/\\\/radioljubuski.ba\\\/#website\",\"url\":\"https:\\\/\\\/radioljubuski.ba\\\/\",\"name\":\"Radio Ljubu\u0161ki\",\"description\":\"Sun\u010dana frekvencija Hercegovine\",\"publisher\":{\"@id\":\"https:\\\/\\\/radioljubuski.ba\\\/#organization\"},\"potentialAction\":[{\"@type\":\"SearchAction\",\"target\":{\"@type\":\"EntryPoint\",\"urlTemplate\":\"https:\\\/\\\/radioljubuski.ba\\\/?s={search_term_string}\"},\"query-input\":{\"@type\":\"PropertyValueSpecification\",\"valueRequired\":true,\"valueName\":\"search_term_string\"}}],\"inLanguage\":\"hr\"},{\"@type\":\"Organization\",\"@id\":\"https:\\\/\\\/radioljubuski.ba\\\/#organization\",\"name\":\"Radio Ljubu\u0161ki\",\"url\":\"https:\\\/\\\/radioljubuski.ba\\\/\",\"logo\":{\"@type\":\"ImageObject\",\"inLanguage\":\"hr\",\"@id\":\"https:\\\/\\\/radioljubuski.ba\\\/#\\\/schema\\\/logo\\\/image\\\/\",\"url\":\"https:\\\/\\\/radioljubuski.ba\\\/wp-content\\\/uploads\\\/2021\\\/02\\\/cropped-Radio_Ljubuski_logo1.jpg\",\"contentUrl\":\"https:\\\/\\\/radioljubuski.ba\\\/wp-content\\\/uploads\\\/2021\\\/02\\\/cropped-Radio_Ljubuski_logo1.jpg\",\"width\":512,\"height\":512,\"caption\":\"Radio Ljubu\u0161ki\"},\"image\":{\"@id\":\"https:\\\/\\\/radioljubuski.ba\\\/#\\\/schema\\\/logo\\\/image\\\/\"},\"sameAs\":[\"https:\\\/\\\/www.facebook.com\\\/Radiio-Ljubuski-1490835324566332\",\"https:\\\/\\\/x.com\\\/radioljubuski\",\"https:\\\/\\\/hr.linkedin.com\\\/company\\\/radio-ljubuski\",\"https:\\\/\\\/www.youtube.com\\\/channel\\\/UCHYaeO_n0Db3tjNGudGpXyw\"]},{\"@type\":\"Person\",\"@id\":\"https:\\\/\\\/radioljubuski.ba\\\/#\\\/schema\\\/person\\\/19fc700381a780f69665d7956c469e3b\",\"name\":\"Radio Ljubu\u0161ki\"}]}<\/script>\n<!-- \/ Yoast SEO plugin. -->","yoast_head_json":{"title":"Kaos i u tunelu nakon utakmice, Vrsaljko izgubio \u017eivce - RADIO LJUBU\u0160KI","robots":{"index":"index","follow":"follow","max-snippet":"max-snippet:-1","max-image-preview":"max-image-preview:large","max-video-preview":"max-video-preview:-1"},"canonical":"https:\/\/radioljubuski.ba\/index.php\/2022\/04\/14\/kaos-i-u-tunelu-nakon-utakmice-vrsaljko-izgubio-zivce\/","og_locale":"hr_HR","og_type":"article","og_title":"Kaos i u tunelu nakon utakmice, Vrsaljko izgubio \u017eivce - RADIO LJUBU\u0160KI","og_description":"\u0160panjolska policija morala je intervenirati u tunelu stadiona Wanda Metropolitano nakon uzvratne utakmice \u010detvrtfinala Lige prvaka izme\u0111u Atletico Madrida i Manchester Cityja. Uzavrela atmosfera s terena nastavila se i izvan njega, snimke su pokazale kako se&nbsp;Stefan Savi\u0107&nbsp;poku\u0161ao sukobiti s&nbsp;Jackom Grealishom, ali i hrvatskog nogometa\u0161a i brani\u010da&nbsp;\u0160imu Vrsaljka&nbsp;morali su dr\u017eati iz stru\u010dnog sto\u017eera, dok se izme\u0111u [&hellip;]","og_url":"https:\/\/radioljubuski.ba\/index.php\/2022\/04\/14\/kaos-i-u-tunelu-nakon-utakmice-vrsaljko-izgubio-zivce\/","og_site_name":"RADIO LJUBU\u0160KI","article_publisher":"https:\/\/www.facebook.com\/Radiio-Ljubuski-1490835324566332","article_published_time":"2022-04-14T07:05:23+00:00","article_modified_time":"2022-04-14T07:05:24+00:00","og_image":[{"width":1569,"height":1080,"url":"https:\/\/radioljubuski.ba\/wp-content\/uploads\/2022\/04\/bcddbdb855044e032ef6.jpeg","type":"image\/jpeg"}],"author":"Radio Ljubu\u0161ki","twitter_card":"summary_large_image","twitter_creator":"@radioljubuski","twitter_site":"@radioljubuski","twitter_misc":{"Napisao\/la":"Radio Ljubu\u0161ki","Procijenjeno vrijeme \u010ditanja":"1 minuta"},"schema":{"@context":"https:\/\/schema.org","@graph":[{"@type":"Article","@id":"https:\/\/radioljubuski.ba\/index.php\/2022\/04\/14\/kaos-i-u-tunelu-nakon-utakmice-vrsaljko-izgubio-zivce\/#article","isPartOf":{"@id":"https:\/\/radioljubuski.ba\/index.php\/2022\/04\/14\/kaos-i-u-tunelu-nakon-utakmice-vrsaljko-izgubio-zivce\/"},"author":{"name":"Radio Ljubu\u0161ki","@id":"https:\/\/radioljubuski.ba\/#\/schema\/person\/19fc700381a780f69665d7956c469e3b"},"headline":"Kaos i u tunelu nakon utakmice, Vrsaljko izgubio \u017eivce","datePublished":"2022-04-14T07:05:23+00:00","dateModified":"2022-04-14T07:05:24+00:00","mainEntityOfPage":{"@id":"https:\/\/radioljubuski.ba\/index.php\/2022\/04\/14\/kaos-i-u-tunelu-nakon-utakmice-vrsaljko-izgubio-zivce\/"},"wordCount":257,"publisher":{"@id":"https:\/\/radioljubuski.ba\/#organization"},"image":{"@id":"https:\/\/radioljubuski.ba\/index.php\/2022\/04\/14\/kaos-i-u-tunelu-nakon-utakmice-vrsaljko-izgubio-zivce\/#primaryimage"},"thumbnailUrl":"https:\/\/radioljubuski.ba\/wp-content\/uploads\/2022\/04\/bcddbdb855044e032ef6.jpeg","articleSection":["\u0160port"],"inLanguage":"hr"},{"@type":"WebPage","@id":"https:\/\/radioljubuski.ba\/index.php\/2022\/04\/14\/kaos-i-u-tunelu-nakon-utakmice-vrsaljko-izgubio-zivce\/","url":"https:\/\/radioljubuski.ba\/index.php\/2022\/04\/14\/kaos-i-u-tunelu-nakon-utakmice-vrsaljko-izgubio-zivce\/","name":"Kaos i u tunelu nakon utakmice, Vrsaljko izgubio \u017eivce - RADIO LJUBU\u0160KI","isPartOf":{"@id":"https:\/\/radioljubuski.ba\/#website"},"primaryImageOfPage":{"@id":"https:\/\/radioljubuski.ba\/index.php\/2022\/04\/14\/kaos-i-u-tunelu-nakon-utakmice-vrsaljko-izgubio-zivce\/#primaryimage"},"image":{"@id":"https:\/\/radioljubuski.ba\/index.php\/2022\/04\/14\/kaos-i-u-tunelu-nakon-utakmice-vrsaljko-izgubio-zivce\/#primaryimage"},"thumbnailUrl":"https:\/\/radioljubuski.ba\/wp-content\/uploads\/2022\/04\/bcddbdb855044e032ef6.jpeg","datePublished":"2022-04-14T07:05:23+00:00","dateModified":"2022-04-14T07:05:24+00:00","breadcrumb":{"@id":"https:\/\/radioljubuski.ba\/index.php\/2022\/04\/14\/kaos-i-u-tunelu-nakon-utakmice-vrsaljko-izgubio-zivce\/#breadcrumb"},"inLanguage":"hr","potentialAction":[{"@type":"ReadAction","target":["https:\/\/radioljubuski.ba\/index.php\/2022\/04\/14\/kaos-i-u-tunelu-nakon-utakmice-vrsaljko-izgubio-zivce\/"]}]},{"@type":"ImageObject","inLanguage":"hr","@id":"https:\/\/radioljubuski.ba\/index.php\/2022\/04\/14\/kaos-i-u-tunelu-nakon-utakmice-vrsaljko-izgubio-zivce\/#primaryimage","url":"https:\/\/radioljubuski.ba\/wp-content\/uploads\/2022\/04\/bcddbdb855044e032ef6.jpeg","contentUrl":"https:\/\/radioljubuski.ba\/wp-content\/uploads\/2022\/04\/bcddbdb855044e032ef6.jpeg","width":1569,"height":1080},{"@type":"BreadcrumbList","@id":"https:\/\/radioljubuski.ba\/index.php\/2022\/04\/14\/kaos-i-u-tunelu-nakon-utakmice-vrsaljko-izgubio-zivce\/#breadcrumb","itemListElement":[{"@type":"ListItem","position":1,"name":"Po\u010detna stranica","item":"https:\/\/radioljubuski.ba\/"},{"@type":"ListItem","position":2,"name":"Kaos i u tunelu nakon utakmice, Vrsaljko izgubio \u017eivce"}]},{"@type":"WebSite","@id":"https:\/\/radioljubuski.ba\/#website","url":"https:\/\/radioljubuski.ba\/","name":"Radio Ljubu\u0161ki","description":"Sun\u010dana frekvencija Hercegovine","publisher":{"@id":"https:\/\/radioljubuski.ba\/#organization"},"potentialAction":[{"@type":"SearchAction","target":{"@type":"EntryPoint","urlTemplate":"https:\/\/radioljubuski.ba\/?s={search_term_string}"},"query-input":{"@type":"PropertyValueSpecification","valueRequired":true,"valueName":"search_term_string"}}],"inLanguage":"hr"},{"@type":"Organization","@id":"https:\/\/radioljubuski.ba\/#organization","name":"Radio Ljubu\u0161ki","url":"https:\/\/radioljubuski.ba\/","logo":{"@type":"ImageObject","inLanguage":"hr","@id":"https:\/\/radioljubuski.ba\/#\/schema\/logo\/image\/","url":"https:\/\/radioljubuski.ba\/wp-content\/uploads\/2021\/02\/cropped-Radio_Ljubuski_logo1.jpg","contentUrl":"https:\/\/radioljubuski.ba\/wp-content\/uploads\/2021\/02\/cropped-Radio_Ljubuski_logo1.jpg","width":512,"height":512,"caption":"Radio Ljubu\u0161ki"},"image":{"@id":"https:\/\/radioljubuski.ba\/#\/schema\/logo\/image\/"},"sameAs":["https:\/\/www.facebook.com\/Radiio-Ljubuski-1490835324566332","https:\/\/x.com\/radioljubuski","https:\/\/hr.linkedin.com\/company\/radio-ljubuski","https:\/\/www.youtube.com\/channel\/UCHYaeO_n0Db3tjNGudGpXyw"]},{"@type":"Person","@id":"https:\/\/radioljubuski.ba\/#\/schema\/person\/19fc700381a780f69665d7956c469e3b","name":"Radio Ljubu\u0161ki"}]}},"_links":{"self":[{"href":"https:\/\/radioljubuski.ba\/index.php\/wp-json\/wp\/v2\/posts\/132432","targetHints":{"allow":["GET"]}}],"collection":[{"href":"https:\/\/radioljubuski.ba\/index.php\/wp-json\/wp\/v2\/posts"}],"about":[{"href":"https:\/\/radioljubuski.ba\/index.php\/wp-json\/wp\/v2\/types\/post"}],"author":[{"embeddable":true,"href":"https:\/\/radioljubuski.ba\/index.php\/wp-json\/wp\/v2\/users\/2"}],"replies":[{"embeddable":true,"href":"https:\/\/radioljubuski.ba\/index.php\/wp-json\/wp\/v2\/comments?post=132432"}],"version-history":[{"count":1,"href":"https:\/\/radioljubuski.ba\/index.php\/wp-json\/wp\/v2\/posts\/132432\/revisions"}],"predecessor-version":[{"id":132436,"href":"https:\/\/radioljubuski.ba\/index.php\/wp-json\/wp\/v2\/posts\/132432\/revisions\/132436"}],"wp:featuredmedia":[{"embeddable":true,"href":"https:\/\/radioljubuski.ba\/index.php\/wp-json\/wp\/v2\/media\/132435"}],"wp:attachment":[{"href":"https:\/\/radioljubuski.ba\/index.php\/wp-json\/wp\/v2\/media?parent=132432"}],"wp:term":[{"taxonomy":"category","embeddable":true,"href":"https:\/\/radioljubuski.ba\/index.php\/wp-json\/wp\/v2\/categories?post=132432"},{"taxonomy":"post_tag","embeddable":true,"href":"https:\/\/radioljubuski.ba\/index.php\/wp-json\/wp\/v2\/tags?post=132432"}],"curies":[{"name":"wp","href":"https:\/\/api.w.org\/{rel}","templated":true}]}}