{"id":132462,"date":"2022-04-14T09:11:56","date_gmt":"2022-04-14T08:11:56","guid":{"rendered":"https:\/\/radioljubuski.ba\/?p=132462"},"modified":"2022-04-14T09:11:57","modified_gmt":"2022-04-14T08:11:57","slug":"sjajna-vijest-za-dinamo-ivanusec-se-vraca-propusta-hajduk-ali-bit-ce-spreman-za-mozda-i-presudan-derbi","status":"publish","type":"post","link":"https:\/\/radioljubuski.ba\/index.php\/2022\/04\/14\/sjajna-vijest-za-dinamo-ivanusec-se-vraca-propusta-hajduk-ali-bit-ce-spreman-za-mozda-i-presudan-derbi\/","title":{"rendered":"Sjajna vijest za Dinamo! Ivanu\u0161ec se vra\u0107a, propu\u0161ta Hajduk, ali bit \u0107e spreman za mo\u017eda i presudan derbi"},"content":{"rendered":"\n<p>Dobre vijesti za Dinamova trenera&nbsp;<strong>\u017deljka Kopi\u0107a&nbsp;<\/strong>sti\u017eu iz klupske ambulante.&nbsp;<strong>Luka Ivanu\u0161ec<\/strong>, koji se prije nekoliko tjedana podvrgnuo operaciji trbu\u0161nog zida i bio je zbog nepredvidljivosti trajanja oporavka upitan za nastup do kraja sezone, vra\u0107a se polako u trening s mom\u010dadi.<\/p>\n\n\n\n<p>Nije to jo\u0161 rad pod punim optere\u0107enjem, ne odra\u0111uje Ivanu\u0161ec jo\u0161 uvijek sve vje\u017ebe kao ostali suigra\u010di, ali sam povratak u mom\u010dadski trening zna\u010di da bi uskoro mogao krenuti \u201cfull gasom\u201d, a onda se i vratiti na teren.<\/p>\n\n\n\n<p>Kad bi onda Ivanu\u0161ec mogao zaigrati? To\u010dnu utakmicu je te\u0161ko procijeniti, ali ono \u0161to je sigurno, ne bude li kakvih komplikacija, Ivanu\u0161ec bi trebao ove sezone jo\u0161 igrati va\u017enu ulogu u Dinamovoj borbi za naslov prvaka. Ne\u0107e biti fit za derbi na Poljudu idu\u0107e srijede (20. travnja), ali za onaj idu\u0107i veliki derbi, za obra\u010dun s Osijekom u Maksimiru 8. svibnja, ne bi uop\u0107e trebao biti upitan.https:\/\/0d63ef5103208ff488331c6061232c29.safeframe.googlesyndication.com\/safeframe\/1-0-38\/html\/container.html<\/p>\n\n\n\n<p>Do tog dvoboja Modre, nakon Poljuda, \u010dekaju jo\u0161 utakmice s Goricom i Lokomotivom, gotovo je sigurno da \u0107e u tih 180 minuta Ivanu\u0161ec biti na travnjaku, pitanje je samo u kojem opsegu, a onda protiv Osijeka ve\u0107 biti prvotimac. U pravi tren, treba li uop\u0107e nagla\u0161avati koliko pravi Ivanu\u0161ec nedostaje ovoj mom\u010dadi, njegova rje\u0161enja na suparni\u010dkoj polovici, pred \u0161esnaestercem i u njemu, sigurno \u0107e dobro do\u0107i treneru Kopi\u0107u&#8230;<\/p>\n\n\n\n<p>Podsjetimo, Ivanu\u0161ec je izvan mom\u010dadi ve\u0107 vi\u0161e od dva mjeseca, zadnji put igrao je protiv Gorice u Maksimiru (2:1) 12. velja\u010de, propustio je dosad devet utakmica, sedam u HNL-u i one dvije protiv Seville u Europi. Na kraju bi, eto, mogao biti i prevaga u borbi na vrhu, dar s neba za \u017deljka Kopi\u0107a i suigra\u010de.<\/p>\n\n\n\n<p>izvor: sportske novosti.hr<\/p>\n","protected":false},"excerpt":{"rendered":"<p>Dobre vijesti za Dinamova trenera&nbsp;\u017deljka Kopi\u0107a&nbsp;sti\u017eu iz klupske ambulante.&nbsp;Luka Ivanu\u0161ec, koji se prije nekoliko tjedana podvrgnuo operaciji trbu\u0161nog zida i bio je zbog nepredvidljivosti trajanja oporavka upitan za nastup do kraja sezone, vra\u0107a se polako u trening s mom\u010dadi. Nije to jo\u0161 rad pod punim optere\u0107enjem, ne odra\u0111uje Ivanu\u0161ec jo\u0161 uvijek sve vje\u017ebe kao ostali [&hellip;]<\/p>\n","protected":false},"author":2,"featured_media":132463,"comment_status":"closed","ping_status":"closed","sticky":false,"template":"","format":"standard","meta":{"h5ap_radio_sources":[],"footnotes":""},"categories":[7],"tags":[],"class_list":["post-132462","post","type-post","status-publish","format-standard","has-post-thumbnail","hentry","category-sport"],"yoast_head":"<!-- This site is optimized with the Yoast SEO plugin v27.5 - https:\/\/yoast.com\/product\/yoast-seo-wordpress\/ -->\n<title>Sjajna vijest za Dinamo! Ivanu\u0161ec se vra\u0107a, propu\u0161ta Hajduk, ali bit \u0107e spreman za mo\u017eda i presudan derbi - RADIO LJUBU\u0160KI<\/title>\n<meta name=\"robots\" content=\"index, follow, max-snippet:-1, max-image-preview:large, max-video-preview:-1\" \/>\n<link rel=\"canonical\" href=\"https:\/\/radioljubuski.ba\/index.php\/2022\/04\/14\/sjajna-vijest-za-dinamo-ivanusec-se-vraca-propusta-hajduk-ali-bit-ce-spreman-za-mozda-i-presudan-derbi\/\" \/>\n<meta property=\"og:locale\" content=\"hr_HR\" \/>\n<meta property=\"og:type\" content=\"article\" \/>\n<meta property=\"og:title\" content=\"Sjajna vijest za Dinamo! Ivanu\u0161ec se vra\u0107a, propu\u0161ta Hajduk, ali bit \u0107e spreman za mo\u017eda i presudan derbi - RADIO LJUBU\u0160KI\" \/>\n<meta property=\"og:description\" content=\"Dobre vijesti za Dinamova trenera&nbsp;\u017deljka Kopi\u0107a&nbsp;sti\u017eu iz klupske ambulante.&nbsp;Luka Ivanu\u0161ec, koji se prije nekoliko tjedana podvrgnuo operaciji trbu\u0161nog zida i bio je zbog nepredvidljivosti trajanja oporavka upitan za nastup do kraja sezone, vra\u0107a se polako u trening s mom\u010dadi. Nije to jo\u0161 rad pod punim optere\u0107enjem, ne odra\u0111uje Ivanu\u0161ec jo\u0161 uvijek sve vje\u017ebe kao ostali [&hellip;]\" \/>\n<meta property=\"og:url\" content=\"https:\/\/radioljubuski.ba\/index.php\/2022\/04\/14\/sjajna-vijest-za-dinamo-ivanusec-se-vraca-propusta-hajduk-ali-bit-ce-spreman-za-mozda-i-presudan-derbi\/\" \/>\n<meta property=\"og:site_name\" content=\"RADIO LJUBU\u0160KI\" \/>\n<meta property=\"article:publisher\" content=\"https:\/\/www.facebook.com\/Radiio-Ljubuski-1490835324566332\" \/>\n<meta property=\"article:published_time\" content=\"2022-04-14T08:11:56+00:00\" \/>\n<meta property=\"article:modified_time\" content=\"2022-04-14T08:11:57+00:00\" \/>\n<meta property=\"og:image\" content=\"https:\/\/radioljubuski.ba\/wp-content\/uploads\/2022\/04\/ivanusec.jpg\" \/>\n\t<meta property=\"og:image:width\" content=\"290\" \/>\n\t<meta property=\"og:image:height\" content=\"174\" \/>\n\t<meta property=\"og:image:type\" content=\"image\/jpeg\" \/>\n<meta name=\"author\" content=\"Radio Ljubu\u0161ki\" \/>\n<meta name=\"twitter:card\" content=\"summary_large_image\" \/>\n<meta name=\"twitter:creator\" content=\"@radioljubuski\" \/>\n<meta name=\"twitter:site\" content=\"@radioljubuski\" \/>\n<meta name=\"twitter:label1\" content=\"Napisao\/la\" \/>\n\t<meta name=\"twitter:data1\" content=\"Radio Ljubu\u0161ki\" \/>\n\t<meta name=\"twitter:label2\" content=\"Procijenjeno vrijeme \u010ditanja\" \/>\n\t<meta name=\"twitter:data2\" content=\"2 minute\" \/>\n<script type=\"application\/ld+json\" class=\"yoast-schema-graph\">{\"@context\":\"https:\\\/\\\/schema.org\",\"@graph\":[{\"@type\":\"Article\",\"@id\":\"https:\\\/\\\/radioljubuski.ba\\\/index.php\\\/2022\\\/04\\\/14\\\/sjajna-vijest-za-dinamo-ivanusec-se-vraca-propusta-hajduk-ali-bit-ce-spreman-za-mozda-i-presudan-derbi\\\/#article\",\"isPartOf\":{\"@id\":\"https:\\\/\\\/radioljubuski.ba\\\/index.php\\\/2022\\\/04\\\/14\\\/sjajna-vijest-za-dinamo-ivanusec-se-vraca-propusta-hajduk-ali-bit-ce-spreman-za-mozda-i-presudan-derbi\\\/\"},\"author\":{\"name\":\"Radio Ljubu\u0161ki\",\"@id\":\"https:\\\/\\\/radioljubuski.ba\\\/#\\\/schema\\\/person\\\/19fc700381a780f69665d7956c469e3b\"},\"headline\":\"Sjajna vijest za Dinamo! Ivanu\u0161ec se vra\u0107a, propu\u0161ta Hajduk, ali bit \u0107e spreman za mo\u017eda i presudan derbi\",\"datePublished\":\"2022-04-14T08:11:56+00:00\",\"dateModified\":\"2022-04-14T08:11:57+00:00\",\"mainEntityOfPage\":{\"@id\":\"https:\\\/\\\/radioljubuski.ba\\\/index.php\\\/2022\\\/04\\\/14\\\/sjajna-vijest-za-dinamo-ivanusec-se-vraca-propusta-hajduk-ali-bit-ce-spreman-za-mozda-i-presudan-derbi\\\/\"},\"wordCount\":348,\"publisher\":{\"@id\":\"https:\\\/\\\/radioljubuski.ba\\\/#organization\"},\"image\":{\"@id\":\"https:\\\/\\\/radioljubuski.ba\\\/index.php\\\/2022\\\/04\\\/14\\\/sjajna-vijest-za-dinamo-ivanusec-se-vraca-propusta-hajduk-ali-bit-ce-spreman-za-mozda-i-presudan-derbi\\\/#primaryimage\"},\"thumbnailUrl\":\"https:\\\/\\\/radioljubuski.ba\\\/wp-content\\\/uploads\\\/2022\\\/04\\\/ivanusec.jpg\",\"articleSection\":[\"\u0160port\"],\"inLanguage\":\"hr\"},{\"@type\":\"WebPage\",\"@id\":\"https:\\\/\\\/radioljubuski.ba\\\/index.php\\\/2022\\\/04\\\/14\\\/sjajna-vijest-za-dinamo-ivanusec-se-vraca-propusta-hajduk-ali-bit-ce-spreman-za-mozda-i-presudan-derbi\\\/\",\"url\":\"https:\\\/\\\/radioljubuski.ba\\\/index.php\\\/2022\\\/04\\\/14\\\/sjajna-vijest-za-dinamo-ivanusec-se-vraca-propusta-hajduk-ali-bit-ce-spreman-za-mozda-i-presudan-derbi\\\/\",\"name\":\"Sjajna vijest za Dinamo! Ivanu\u0161ec se vra\u0107a, propu\u0161ta Hajduk, ali bit \u0107e spreman za mo\u017eda i presudan derbi - RADIO LJUBU\u0160KI\",\"isPartOf\":{\"@id\":\"https:\\\/\\\/radioljubuski.ba\\\/#website\"},\"primaryImageOfPage\":{\"@id\":\"https:\\\/\\\/radioljubuski.ba\\\/index.php\\\/2022\\\/04\\\/14\\\/sjajna-vijest-za-dinamo-ivanusec-se-vraca-propusta-hajduk-ali-bit-ce-spreman-za-mozda-i-presudan-derbi\\\/#primaryimage\"},\"image\":{\"@id\":\"https:\\\/\\\/radioljubuski.ba\\\/index.php\\\/2022\\\/04\\\/14\\\/sjajna-vijest-za-dinamo-ivanusec-se-vraca-propusta-hajduk-ali-bit-ce-spreman-za-mozda-i-presudan-derbi\\\/#primaryimage\"},\"thumbnailUrl\":\"https:\\\/\\\/radioljubuski.ba\\\/wp-content\\\/uploads\\\/2022\\\/04\\\/ivanusec.jpg\",\"datePublished\":\"2022-04-14T08:11:56+00:00\",\"dateModified\":\"2022-04-14T08:11:57+00:00\",\"breadcrumb\":{\"@id\":\"https:\\\/\\\/radioljubuski.ba\\\/index.php\\\/2022\\\/04\\\/14\\\/sjajna-vijest-za-dinamo-ivanusec-se-vraca-propusta-hajduk-ali-bit-ce-spreman-za-mozda-i-presudan-derbi\\\/#breadcrumb\"},\"inLanguage\":\"hr\",\"potentialAction\":[{\"@type\":\"ReadAction\",\"target\":[\"https:\\\/\\\/radioljubuski.ba\\\/index.php\\\/2022\\\/04\\\/14\\\/sjajna-vijest-za-dinamo-ivanusec-se-vraca-propusta-hajduk-ali-bit-ce-spreman-za-mozda-i-presudan-derbi\\\/\"]}]},{\"@type\":\"ImageObject\",\"inLanguage\":\"hr\",\"@id\":\"https:\\\/\\\/radioljubuski.ba\\\/index.php\\\/2022\\\/04\\\/14\\\/sjajna-vijest-za-dinamo-ivanusec-se-vraca-propusta-hajduk-ali-bit-ce-spreman-za-mozda-i-presudan-derbi\\\/#primaryimage\",\"url\":\"https:\\\/\\\/radioljubuski.ba\\\/wp-content\\\/uploads\\\/2022\\\/04\\\/ivanusec.jpg\",\"contentUrl\":\"https:\\\/\\\/radioljubuski.ba\\\/wp-content\\\/uploads\\\/2022\\\/04\\\/ivanusec.jpg\",\"width\":290,\"height\":174},{\"@type\":\"BreadcrumbList\",\"@id\":\"https:\\\/\\\/radioljubuski.ba\\\/index.php\\\/2022\\\/04\\\/14\\\/sjajna-vijest-za-dinamo-ivanusec-se-vraca-propusta-hajduk-ali-bit-ce-spreman-za-mozda-i-presudan-derbi\\\/#breadcrumb\",\"itemListElement\":[{\"@type\":\"ListItem\",\"position\":1,\"name\":\"Po\u010detna stranica\",\"item\":\"https:\\\/\\\/radioljubuski.ba\\\/\"},{\"@type\":\"ListItem\",\"position\":2,\"name\":\"Sjajna vijest za Dinamo! Ivanu\u0161ec se vra\u0107a, propu\u0161ta Hajduk, ali bit \u0107e spreman za mo\u017eda i presudan derbi\"}]},{\"@type\":\"WebSite\",\"@id\":\"https:\\\/\\\/radioljubuski.ba\\\/#website\",\"url\":\"https:\\\/\\\/radioljubuski.ba\\\/\",\"name\":\"Radio Ljubu\u0161ki\",\"description\":\"Sun\u010dana frekvencija Hercegovine\",\"publisher\":{\"@id\":\"https:\\\/\\\/radioljubuski.ba\\\/#organization\"},\"potentialAction\":[{\"@type\":\"SearchAction\",\"target\":{\"@type\":\"EntryPoint\",\"urlTemplate\":\"https:\\\/\\\/radioljubuski.ba\\\/?s={search_term_string}\"},\"query-input\":{\"@type\":\"PropertyValueSpecification\",\"valueRequired\":true,\"valueName\":\"search_term_string\"}}],\"inLanguage\":\"hr\"},{\"@type\":\"Organization\",\"@id\":\"https:\\\/\\\/radioljubuski.ba\\\/#organization\",\"name\":\"Radio Ljubu\u0161ki\",\"url\":\"https:\\\/\\\/radioljubuski.ba\\\/\",\"logo\":{\"@type\":\"ImageObject\",\"inLanguage\":\"hr\",\"@id\":\"https:\\\/\\\/radioljubuski.ba\\\/#\\\/schema\\\/logo\\\/image\\\/\",\"url\":\"https:\\\/\\\/radioljubuski.ba\\\/wp-content\\\/uploads\\\/2021\\\/02\\\/cropped-Radio_Ljubuski_logo1.jpg\",\"contentUrl\":\"https:\\\/\\\/radioljubuski.ba\\\/wp-content\\\/uploads\\\/2021\\\/02\\\/cropped-Radio_Ljubuski_logo1.jpg\",\"width\":512,\"height\":512,\"caption\":\"Radio Ljubu\u0161ki\"},\"image\":{\"@id\":\"https:\\\/\\\/radioljubuski.ba\\\/#\\\/schema\\\/logo\\\/image\\\/\"},\"sameAs\":[\"https:\\\/\\\/www.facebook.com\\\/Radiio-Ljubuski-1490835324566332\",\"https:\\\/\\\/x.com\\\/radioljubuski\",\"https:\\\/\\\/hr.linkedin.com\\\/company\\\/radio-ljubuski\",\"https:\\\/\\\/www.youtube.com\\\/channel\\\/UCHYaeO_n0Db3tjNGudGpXyw\"]},{\"@type\":\"Person\",\"@id\":\"https:\\\/\\\/radioljubuski.ba\\\/#\\\/schema\\\/person\\\/19fc700381a780f69665d7956c469e3b\",\"name\":\"Radio Ljubu\u0161ki\"}]}<\/script>\n<!-- \/ Yoast SEO plugin. -->","yoast_head_json":{"title":"Sjajna vijest za Dinamo! Ivanu\u0161ec se vra\u0107a, propu\u0161ta Hajduk, ali bit \u0107e spreman za mo\u017eda i presudan derbi - RADIO LJUBU\u0160KI","robots":{"index":"index","follow":"follow","max-snippet":"max-snippet:-1","max-image-preview":"max-image-preview:large","max-video-preview":"max-video-preview:-1"},"canonical":"https:\/\/radioljubuski.ba\/index.php\/2022\/04\/14\/sjajna-vijest-za-dinamo-ivanusec-se-vraca-propusta-hajduk-ali-bit-ce-spreman-za-mozda-i-presudan-derbi\/","og_locale":"hr_HR","og_type":"article","og_title":"Sjajna vijest za Dinamo! Ivanu\u0161ec se vra\u0107a, propu\u0161ta Hajduk, ali bit \u0107e spreman za mo\u017eda i presudan derbi - RADIO LJUBU\u0160KI","og_description":"Dobre vijesti za Dinamova trenera&nbsp;\u017deljka Kopi\u0107a&nbsp;sti\u017eu iz klupske ambulante.&nbsp;Luka Ivanu\u0161ec, koji se prije nekoliko tjedana podvrgnuo operaciji trbu\u0161nog zida i bio je zbog nepredvidljivosti trajanja oporavka upitan za nastup do kraja sezone, vra\u0107a se polako u trening s mom\u010dadi. Nije to jo\u0161 rad pod punim optere\u0107enjem, ne odra\u0111uje Ivanu\u0161ec jo\u0161 uvijek sve vje\u017ebe kao ostali [&hellip;]","og_url":"https:\/\/radioljubuski.ba\/index.php\/2022\/04\/14\/sjajna-vijest-za-dinamo-ivanusec-se-vraca-propusta-hajduk-ali-bit-ce-spreman-za-mozda-i-presudan-derbi\/","og_site_name":"RADIO LJUBU\u0160KI","article_publisher":"https:\/\/www.facebook.com\/Radiio-Ljubuski-1490835324566332","article_published_time":"2022-04-14T08:11:56+00:00","article_modified_time":"2022-04-14T08:11:57+00:00","og_image":[{"width":290,"height":174,"url":"https:\/\/radioljubuski.ba\/wp-content\/uploads\/2022\/04\/ivanusec.jpg","type":"image\/jpeg"}],"author":"Radio Ljubu\u0161ki","twitter_card":"summary_large_image","twitter_creator":"@radioljubuski","twitter_site":"@radioljubuski","twitter_misc":{"Napisao\/la":"Radio Ljubu\u0161ki","Procijenjeno vrijeme \u010ditanja":"2 minute"},"schema":{"@context":"https:\/\/schema.org","@graph":[{"@type":"Article","@id":"https:\/\/radioljubuski.ba\/index.php\/2022\/04\/14\/sjajna-vijest-za-dinamo-ivanusec-se-vraca-propusta-hajduk-ali-bit-ce-spreman-za-mozda-i-presudan-derbi\/#article","isPartOf":{"@id":"https:\/\/radioljubuski.ba\/index.php\/2022\/04\/14\/sjajna-vijest-za-dinamo-ivanusec-se-vraca-propusta-hajduk-ali-bit-ce-spreman-za-mozda-i-presudan-derbi\/"},"author":{"name":"Radio Ljubu\u0161ki","@id":"https:\/\/radioljubuski.ba\/#\/schema\/person\/19fc700381a780f69665d7956c469e3b"},"headline":"Sjajna vijest za Dinamo! Ivanu\u0161ec se vra\u0107a, propu\u0161ta Hajduk, ali bit \u0107e spreman za mo\u017eda i presudan derbi","datePublished":"2022-04-14T08:11:56+00:00","dateModified":"2022-04-14T08:11:57+00:00","mainEntityOfPage":{"@id":"https:\/\/radioljubuski.ba\/index.php\/2022\/04\/14\/sjajna-vijest-za-dinamo-ivanusec-se-vraca-propusta-hajduk-ali-bit-ce-spreman-za-mozda-i-presudan-derbi\/"},"wordCount":348,"publisher":{"@id":"https:\/\/radioljubuski.ba\/#organization"},"image":{"@id":"https:\/\/radioljubuski.ba\/index.php\/2022\/04\/14\/sjajna-vijest-za-dinamo-ivanusec-se-vraca-propusta-hajduk-ali-bit-ce-spreman-za-mozda-i-presudan-derbi\/#primaryimage"},"thumbnailUrl":"https:\/\/radioljubuski.ba\/wp-content\/uploads\/2022\/04\/ivanusec.jpg","articleSection":["\u0160port"],"inLanguage":"hr"},{"@type":"WebPage","@id":"https:\/\/radioljubuski.ba\/index.php\/2022\/04\/14\/sjajna-vijest-za-dinamo-ivanusec-se-vraca-propusta-hajduk-ali-bit-ce-spreman-za-mozda-i-presudan-derbi\/","url":"https:\/\/radioljubuski.ba\/index.php\/2022\/04\/14\/sjajna-vijest-za-dinamo-ivanusec-se-vraca-propusta-hajduk-ali-bit-ce-spreman-za-mozda-i-presudan-derbi\/","name":"Sjajna vijest za Dinamo! Ivanu\u0161ec se vra\u0107a, propu\u0161ta Hajduk, ali bit \u0107e spreman za mo\u017eda i presudan derbi - RADIO LJUBU\u0160KI","isPartOf":{"@id":"https:\/\/radioljubuski.ba\/#website"},"primaryImageOfPage":{"@id":"https:\/\/radioljubuski.ba\/index.php\/2022\/04\/14\/sjajna-vijest-za-dinamo-ivanusec-se-vraca-propusta-hajduk-ali-bit-ce-spreman-za-mozda-i-presudan-derbi\/#primaryimage"},"image":{"@id":"https:\/\/radioljubuski.ba\/index.php\/2022\/04\/14\/sjajna-vijest-za-dinamo-ivanusec-se-vraca-propusta-hajduk-ali-bit-ce-spreman-za-mozda-i-presudan-derbi\/#primaryimage"},"thumbnailUrl":"https:\/\/radioljubuski.ba\/wp-content\/uploads\/2022\/04\/ivanusec.jpg","datePublished":"2022-04-14T08:11:56+00:00","dateModified":"2022-04-14T08:11:57+00:00","breadcrumb":{"@id":"https:\/\/radioljubuski.ba\/index.php\/2022\/04\/14\/sjajna-vijest-za-dinamo-ivanusec-se-vraca-propusta-hajduk-ali-bit-ce-spreman-za-mozda-i-presudan-derbi\/#breadcrumb"},"inLanguage":"hr","potentialAction":[{"@type":"ReadAction","target":["https:\/\/radioljubuski.ba\/index.php\/2022\/04\/14\/sjajna-vijest-za-dinamo-ivanusec-se-vraca-propusta-hajduk-ali-bit-ce-spreman-za-mozda-i-presudan-derbi\/"]}]},{"@type":"ImageObject","inLanguage":"hr","@id":"https:\/\/radioljubuski.ba\/index.php\/2022\/04\/14\/sjajna-vijest-za-dinamo-ivanusec-se-vraca-propusta-hajduk-ali-bit-ce-spreman-za-mozda-i-presudan-derbi\/#primaryimage","url":"https:\/\/radioljubuski.ba\/wp-content\/uploads\/2022\/04\/ivanusec.jpg","contentUrl":"https:\/\/radioljubuski.ba\/wp-content\/uploads\/2022\/04\/ivanusec.jpg","width":290,"height":174},{"@type":"BreadcrumbList","@id":"https:\/\/radioljubuski.ba\/index.php\/2022\/04\/14\/sjajna-vijest-za-dinamo-ivanusec-se-vraca-propusta-hajduk-ali-bit-ce-spreman-za-mozda-i-presudan-derbi\/#breadcrumb","itemListElement":[{"@type":"ListItem","position":1,"name":"Po\u010detna stranica","item":"https:\/\/radioljubuski.ba\/"},{"@type":"ListItem","position":2,"name":"Sjajna vijest za Dinamo! Ivanu\u0161ec se vra\u0107a, propu\u0161ta Hajduk, ali bit \u0107e spreman za mo\u017eda i presudan derbi"}]},{"@type":"WebSite","@id":"https:\/\/radioljubuski.ba\/#website","url":"https:\/\/radioljubuski.ba\/","name":"Radio Ljubu\u0161ki","description":"Sun\u010dana frekvencija Hercegovine","publisher":{"@id":"https:\/\/radioljubuski.ba\/#organization"},"potentialAction":[{"@type":"SearchAction","target":{"@type":"EntryPoint","urlTemplate":"https:\/\/radioljubuski.ba\/?s={search_term_string}"},"query-input":{"@type":"PropertyValueSpecification","valueRequired":true,"valueName":"search_term_string"}}],"inLanguage":"hr"},{"@type":"Organization","@id":"https:\/\/radioljubuski.ba\/#organization","name":"Radio Ljubu\u0161ki","url":"https:\/\/radioljubuski.ba\/","logo":{"@type":"ImageObject","inLanguage":"hr","@id":"https:\/\/radioljubuski.ba\/#\/schema\/logo\/image\/","url":"https:\/\/radioljubuski.ba\/wp-content\/uploads\/2021\/02\/cropped-Radio_Ljubuski_logo1.jpg","contentUrl":"https:\/\/radioljubuski.ba\/wp-content\/uploads\/2021\/02\/cropped-Radio_Ljubuski_logo1.jpg","width":512,"height":512,"caption":"Radio Ljubu\u0161ki"},"image":{"@id":"https:\/\/radioljubuski.ba\/#\/schema\/logo\/image\/"},"sameAs":["https:\/\/www.facebook.com\/Radiio-Ljubuski-1490835324566332","https:\/\/x.com\/radioljubuski","https:\/\/hr.linkedin.com\/company\/radio-ljubuski","https:\/\/www.youtube.com\/channel\/UCHYaeO_n0Db3tjNGudGpXyw"]},{"@type":"Person","@id":"https:\/\/radioljubuski.ba\/#\/schema\/person\/19fc700381a780f69665d7956c469e3b","name":"Radio Ljubu\u0161ki"}]}},"_links":{"self":[{"href":"https:\/\/radioljubuski.ba\/index.php\/wp-json\/wp\/v2\/posts\/132462","targetHints":{"allow":["GET"]}}],"collection":[{"href":"https:\/\/radioljubuski.ba\/index.php\/wp-json\/wp\/v2\/posts"}],"about":[{"href":"https:\/\/radioljubuski.ba\/index.php\/wp-json\/wp\/v2\/types\/post"}],"author":[{"embeddable":true,"href":"https:\/\/radioljubuski.ba\/index.php\/wp-json\/wp\/v2\/users\/2"}],"replies":[{"embeddable":true,"href":"https:\/\/radioljubuski.ba\/index.php\/wp-json\/wp\/v2\/comments?post=132462"}],"version-history":[{"count":1,"href":"https:\/\/radioljubuski.ba\/index.php\/wp-json\/wp\/v2\/posts\/132462\/revisions"}],"predecessor-version":[{"id":132464,"href":"https:\/\/radioljubuski.ba\/index.php\/wp-json\/wp\/v2\/posts\/132462\/revisions\/132464"}],"wp:featuredmedia":[{"embeddable":true,"href":"https:\/\/radioljubuski.ba\/index.php\/wp-json\/wp\/v2\/media\/132463"}],"wp:attachment":[{"href":"https:\/\/radioljubuski.ba\/index.php\/wp-json\/wp\/v2\/media?parent=132462"}],"wp:term":[{"taxonomy":"category","embeddable":true,"href":"https:\/\/radioljubuski.ba\/index.php\/wp-json\/wp\/v2\/categories?post=132462"},{"taxonomy":"post_tag","embeddable":true,"href":"https:\/\/radioljubuski.ba\/index.php\/wp-json\/wp\/v2\/tags?post=132462"}],"curies":[{"name":"wp","href":"https:\/\/api.w.org\/{rel}","templated":true}]}}