{"id":132467,"date":"2022-04-14T09:25:36","date_gmt":"2022-04-14T08:25:36","guid":{"rendered":"https:\/\/radioljubuski.ba\/?p=132467"},"modified":"2022-04-14T09:25:37","modified_gmt":"2022-04-14T08:25:37","slug":"bad-blue-boysi-najavili-bojkot-iduce-dinamove-utakmice-jedna-im-stvar-nikako-nije-prihvatljiva","status":"publish","type":"post","link":"https:\/\/radioljubuski.ba\/index.php\/2022\/04\/14\/bad-blue-boysi-najavili-bojkot-iduce-dinamove-utakmice-jedna-im-stvar-nikako-nije-prihvatljiva\/","title":{"rendered":"Bad blue boysi najavili bojkot idu\u0107e Dinamove utakmice, jedna im stvar nikako nije prihvatljiva&#8230;"},"content":{"rendered":"\n<p><strong>Dinamovi&nbsp;<\/strong>nogometa\u0161i protiv&nbsp;<strong>Istre&nbsp;<\/strong>ne\u0107e imati podr\u0161ku sa sjeverne tribine, barem ne u onoj koli\u010dini na koju su ove sezone naviknuli. Naime, najvatreniji navija\u010di,&nbsp;<strong>BBB<\/strong>, najavili su da ne\u0107e do\u0107i na utakmicu jer im nije prihvatljivo da se utakmice igraju na&nbsp;<strong>Veliki petak.<\/strong><\/p>\n\n\n\n<p>Nije prvi put, BBB su u tome dosljedni, zadnjih su godina tako\u0111er prozivali i pozivali da se utakmice uo\u010di\u00a0<strong>Uskrsa\u00a0<\/strong>ne igraju u petak i nisu dolazili na stadion, me\u0111utim, to se nikad nije promijenilo. Istaknuli su i primjer\u00a0<strong>Futsal lige<\/strong>, u kojoj je\u00a0<strong>HNS<\/strong>\u00a0utakmice, na zahtjev klubova, pomaknuo s petka na \u010detvrtak, dok u HNL-u to nitko nije niti tra\u017eio, niti u\u010dinio. Za budu\u0107nost, tema o kojoj vrijedi razmisliti&#8230;<\/p>\n\n\n\n<p>A ako ve\u0107 ne\u0107e na Istru, sigurno \u0107e BBB ponovno na Poljud, u srijedu bi tamo Dinamo opet mogao imati brojnu podr\u0161ku. Iz Dinama su u srijedu izvijestili da su od Hajduka dobili 1463 ulaznice za ju\u017enu tribinu, koje \u0107e od \u010detvrtka u 11 sati prodavati na svojem ticket pointu u Maksimiru.<\/p>\n\n\n\n<p>Cijena je 40 kuna, kao i za nedavni derbi u Splitu, kad su Dinamovi navija\u010di, zanimljivo, imali na raspolaganju sedam ulaznica vi\u0161e, slu\u017ebeno ih je bilo 1470. Nije neka razlika, naravno, o\u010dekuje se da \u0107e se ulaznice brzo rasprodati, unato\u010d tome \u0161to se dvoboj igra na radni dan.<\/p>\n\n\n\n<p>izvor: sportske novosti.hr<\/p>\n","protected":false},"excerpt":{"rendered":"<p>Dinamovi&nbsp;nogometa\u0161i protiv&nbsp;Istre&nbsp;ne\u0107e imati podr\u0161ku sa sjeverne tribine, barem ne u onoj koli\u010dini na koju su ove sezone naviknuli. Naime, najvatreniji navija\u010di,&nbsp;BBB, najavili su da ne\u0107e do\u0107i na utakmicu jer im nije prihvatljivo da se utakmice igraju na&nbsp;Veliki petak. Nije prvi put, BBB su u tome dosljedni, zadnjih su godina tako\u0111er prozivali i pozivali da se [&hellip;]<\/p>\n","protected":false},"author":2,"featured_media":132469,"comment_status":"closed","ping_status":"closed","sticky":false,"template":"","format":"standard","meta":{"h5ap_radio_sources":[],"footnotes":""},"categories":[7],"tags":[],"class_list":["post-132467","post","type-post","status-publish","format-standard","has-post-thumbnail","hentry","category-sport"],"yoast_head":"<!-- This site is optimized with the Yoast SEO plugin v27.5 - https:\/\/yoast.com\/product\/yoast-seo-wordpress\/ -->\n<title>Bad blue boysi najavili bojkot idu\u0107e Dinamove utakmice, jedna im stvar nikako nije prihvatljiva... - RADIO LJUBU\u0160KI<\/title>\n<meta name=\"robots\" content=\"index, follow, max-snippet:-1, max-image-preview:large, max-video-preview:-1\" \/>\n<link rel=\"canonical\" href=\"https:\/\/radioljubuski.ba\/index.php\/2022\/04\/14\/bad-blue-boysi-najavili-bojkot-iduce-dinamove-utakmice-jedna-im-stvar-nikako-nije-prihvatljiva\/\" \/>\n<meta property=\"og:locale\" content=\"hr_HR\" \/>\n<meta property=\"og:type\" content=\"article\" \/>\n<meta property=\"og:title\" content=\"Bad blue boysi najavili bojkot idu\u0107e Dinamove utakmice, jedna im stvar nikako nije prihvatljiva... - RADIO LJUBU\u0160KI\" \/>\n<meta property=\"og:description\" content=\"Dinamovi&nbsp;nogometa\u0161i protiv&nbsp;Istre&nbsp;ne\u0107e imati podr\u0161ku sa sjeverne tribine, barem ne u onoj koli\u010dini na koju su ove sezone naviknuli. Naime, najvatreniji navija\u010di,&nbsp;BBB, najavili su da ne\u0107e do\u0107i na utakmicu jer im nije prihvatljivo da se utakmice igraju na&nbsp;Veliki petak. Nije prvi put, BBB su u tome dosljedni, zadnjih su godina tako\u0111er prozivali i pozivali da se [&hellip;]\" \/>\n<meta property=\"og:url\" content=\"https:\/\/radioljubuski.ba\/index.php\/2022\/04\/14\/bad-blue-boysi-najavili-bojkot-iduce-dinamove-utakmice-jedna-im-stvar-nikako-nije-prihvatljiva\/\" \/>\n<meta property=\"og:site_name\" content=\"RADIO LJUBU\u0160KI\" \/>\n<meta property=\"article:publisher\" content=\"https:\/\/www.facebook.com\/Radiio-Ljubuski-1490835324566332\" \/>\n<meta property=\"article:published_time\" content=\"2022-04-14T08:25:36+00:00\" \/>\n<meta property=\"article:modified_time\" content=\"2022-04-14T08:25:37+00:00\" \/>\n<meta property=\"og:image\" content=\"https:\/\/radioljubuski.ba\/wp-content\/uploads\/2022\/04\/bbb.jpg\" \/>\n\t<meta property=\"og:image:width\" content=\"275\" \/>\n\t<meta property=\"og:image:height\" content=\"183\" \/>\n\t<meta property=\"og:image:type\" content=\"image\/jpeg\" \/>\n<meta name=\"author\" content=\"Radio Ljubu\u0161ki\" \/>\n<meta name=\"twitter:card\" content=\"summary_large_image\" \/>\n<meta name=\"twitter:creator\" content=\"@radioljubuski\" \/>\n<meta name=\"twitter:site\" content=\"@radioljubuski\" \/>\n<meta name=\"twitter:label1\" content=\"Napisao\/la\" \/>\n\t<meta name=\"twitter:data1\" content=\"Radio Ljubu\u0161ki\" \/>\n\t<meta name=\"twitter:label2\" content=\"Procijenjeno vrijeme \u010ditanja\" \/>\n\t<meta name=\"twitter:data2\" content=\"1 minuta\" \/>\n<script type=\"application\/ld+json\" class=\"yoast-schema-graph\">{\"@context\":\"https:\\\/\\\/schema.org\",\"@graph\":[{\"@type\":\"Article\",\"@id\":\"https:\\\/\\\/radioljubuski.ba\\\/index.php\\\/2022\\\/04\\\/14\\\/bad-blue-boysi-najavili-bojkot-iduce-dinamove-utakmice-jedna-im-stvar-nikako-nije-prihvatljiva\\\/#article\",\"isPartOf\":{\"@id\":\"https:\\\/\\\/radioljubuski.ba\\\/index.php\\\/2022\\\/04\\\/14\\\/bad-blue-boysi-najavili-bojkot-iduce-dinamove-utakmice-jedna-im-stvar-nikako-nije-prihvatljiva\\\/\"},\"author\":{\"name\":\"Radio Ljubu\u0161ki\",\"@id\":\"https:\\\/\\\/radioljubuski.ba\\\/#\\\/schema\\\/person\\\/19fc700381a780f69665d7956c469e3b\"},\"headline\":\"Bad blue boysi najavili bojkot idu\u0107e Dinamove utakmice, jedna im stvar nikako nije prihvatljiva&#8230;\",\"datePublished\":\"2022-04-14T08:25:36+00:00\",\"dateModified\":\"2022-04-14T08:25:37+00:00\",\"mainEntityOfPage\":{\"@id\":\"https:\\\/\\\/radioljubuski.ba\\\/index.php\\\/2022\\\/04\\\/14\\\/bad-blue-boysi-najavili-bojkot-iduce-dinamove-utakmice-jedna-im-stvar-nikako-nije-prihvatljiva\\\/\"},\"wordCount\":254,\"publisher\":{\"@id\":\"https:\\\/\\\/radioljubuski.ba\\\/#organization\"},\"image\":{\"@id\":\"https:\\\/\\\/radioljubuski.ba\\\/index.php\\\/2022\\\/04\\\/14\\\/bad-blue-boysi-najavili-bojkot-iduce-dinamove-utakmice-jedna-im-stvar-nikako-nije-prihvatljiva\\\/#primaryimage\"},\"thumbnailUrl\":\"https:\\\/\\\/radioljubuski.ba\\\/wp-content\\\/uploads\\\/2022\\\/04\\\/bbb.jpg\",\"articleSection\":[\"\u0160port\"],\"inLanguage\":\"hr\"},{\"@type\":\"WebPage\",\"@id\":\"https:\\\/\\\/radioljubuski.ba\\\/index.php\\\/2022\\\/04\\\/14\\\/bad-blue-boysi-najavili-bojkot-iduce-dinamove-utakmice-jedna-im-stvar-nikako-nije-prihvatljiva\\\/\",\"url\":\"https:\\\/\\\/radioljubuski.ba\\\/index.php\\\/2022\\\/04\\\/14\\\/bad-blue-boysi-najavili-bojkot-iduce-dinamove-utakmice-jedna-im-stvar-nikako-nije-prihvatljiva\\\/\",\"name\":\"Bad blue boysi najavili bojkot idu\u0107e Dinamove utakmice, jedna im stvar nikako nije prihvatljiva... - RADIO LJUBU\u0160KI\",\"isPartOf\":{\"@id\":\"https:\\\/\\\/radioljubuski.ba\\\/#website\"},\"primaryImageOfPage\":{\"@id\":\"https:\\\/\\\/radioljubuski.ba\\\/index.php\\\/2022\\\/04\\\/14\\\/bad-blue-boysi-najavili-bojkot-iduce-dinamove-utakmice-jedna-im-stvar-nikako-nije-prihvatljiva\\\/#primaryimage\"},\"image\":{\"@id\":\"https:\\\/\\\/radioljubuski.ba\\\/index.php\\\/2022\\\/04\\\/14\\\/bad-blue-boysi-najavili-bojkot-iduce-dinamove-utakmice-jedna-im-stvar-nikako-nije-prihvatljiva\\\/#primaryimage\"},\"thumbnailUrl\":\"https:\\\/\\\/radioljubuski.ba\\\/wp-content\\\/uploads\\\/2022\\\/04\\\/bbb.jpg\",\"datePublished\":\"2022-04-14T08:25:36+00:00\",\"dateModified\":\"2022-04-14T08:25:37+00:00\",\"breadcrumb\":{\"@id\":\"https:\\\/\\\/radioljubuski.ba\\\/index.php\\\/2022\\\/04\\\/14\\\/bad-blue-boysi-najavili-bojkot-iduce-dinamove-utakmice-jedna-im-stvar-nikako-nije-prihvatljiva\\\/#breadcrumb\"},\"inLanguage\":\"hr\",\"potentialAction\":[{\"@type\":\"ReadAction\",\"target\":[\"https:\\\/\\\/radioljubuski.ba\\\/index.php\\\/2022\\\/04\\\/14\\\/bad-blue-boysi-najavili-bojkot-iduce-dinamove-utakmice-jedna-im-stvar-nikako-nije-prihvatljiva\\\/\"]}]},{\"@type\":\"ImageObject\",\"inLanguage\":\"hr\",\"@id\":\"https:\\\/\\\/radioljubuski.ba\\\/index.php\\\/2022\\\/04\\\/14\\\/bad-blue-boysi-najavili-bojkot-iduce-dinamove-utakmice-jedna-im-stvar-nikako-nije-prihvatljiva\\\/#primaryimage\",\"url\":\"https:\\\/\\\/radioljubuski.ba\\\/wp-content\\\/uploads\\\/2022\\\/04\\\/bbb.jpg\",\"contentUrl\":\"https:\\\/\\\/radioljubuski.ba\\\/wp-content\\\/uploads\\\/2022\\\/04\\\/bbb.jpg\",\"width\":275,\"height\":183},{\"@type\":\"BreadcrumbList\",\"@id\":\"https:\\\/\\\/radioljubuski.ba\\\/index.php\\\/2022\\\/04\\\/14\\\/bad-blue-boysi-najavili-bojkot-iduce-dinamove-utakmice-jedna-im-stvar-nikako-nije-prihvatljiva\\\/#breadcrumb\",\"itemListElement\":[{\"@type\":\"ListItem\",\"position\":1,\"name\":\"Po\u010detna stranica\",\"item\":\"https:\\\/\\\/radioljubuski.ba\\\/\"},{\"@type\":\"ListItem\",\"position\":2,\"name\":\"Bad blue boysi najavili bojkot idu\u0107e Dinamove utakmice, jedna im stvar nikako nije prihvatljiva&#8230;\"}]},{\"@type\":\"WebSite\",\"@id\":\"https:\\\/\\\/radioljubuski.ba\\\/#website\",\"url\":\"https:\\\/\\\/radioljubuski.ba\\\/\",\"name\":\"Radio Ljubu\u0161ki\",\"description\":\"Sun\u010dana frekvencija Hercegovine\",\"publisher\":{\"@id\":\"https:\\\/\\\/radioljubuski.ba\\\/#organization\"},\"potentialAction\":[{\"@type\":\"SearchAction\",\"target\":{\"@type\":\"EntryPoint\",\"urlTemplate\":\"https:\\\/\\\/radioljubuski.ba\\\/?s={search_term_string}\"},\"query-input\":{\"@type\":\"PropertyValueSpecification\",\"valueRequired\":true,\"valueName\":\"search_term_string\"}}],\"inLanguage\":\"hr\"},{\"@type\":\"Organization\",\"@id\":\"https:\\\/\\\/radioljubuski.ba\\\/#organization\",\"name\":\"Radio Ljubu\u0161ki\",\"url\":\"https:\\\/\\\/radioljubuski.ba\\\/\",\"logo\":{\"@type\":\"ImageObject\",\"inLanguage\":\"hr\",\"@id\":\"https:\\\/\\\/radioljubuski.ba\\\/#\\\/schema\\\/logo\\\/image\\\/\",\"url\":\"https:\\\/\\\/radioljubuski.ba\\\/wp-content\\\/uploads\\\/2021\\\/02\\\/cropped-Radio_Ljubuski_logo1.jpg\",\"contentUrl\":\"https:\\\/\\\/radioljubuski.ba\\\/wp-content\\\/uploads\\\/2021\\\/02\\\/cropped-Radio_Ljubuski_logo1.jpg\",\"width\":512,\"height\":512,\"caption\":\"Radio Ljubu\u0161ki\"},\"image\":{\"@id\":\"https:\\\/\\\/radioljubuski.ba\\\/#\\\/schema\\\/logo\\\/image\\\/\"},\"sameAs\":[\"https:\\\/\\\/www.facebook.com\\\/Radiio-Ljubuski-1490835324566332\",\"https:\\\/\\\/x.com\\\/radioljubuski\",\"https:\\\/\\\/hr.linkedin.com\\\/company\\\/radio-ljubuski\",\"https:\\\/\\\/www.youtube.com\\\/channel\\\/UCHYaeO_n0Db3tjNGudGpXyw\"]},{\"@type\":\"Person\",\"@id\":\"https:\\\/\\\/radioljubuski.ba\\\/#\\\/schema\\\/person\\\/19fc700381a780f69665d7956c469e3b\",\"name\":\"Radio Ljubu\u0161ki\"}]}<\/script>\n<!-- \/ Yoast SEO plugin. -->","yoast_head_json":{"title":"Bad blue boysi najavili bojkot idu\u0107e Dinamove utakmice, jedna im stvar nikako nije prihvatljiva... - RADIO LJUBU\u0160KI","robots":{"index":"index","follow":"follow","max-snippet":"max-snippet:-1","max-image-preview":"max-image-preview:large","max-video-preview":"max-video-preview:-1"},"canonical":"https:\/\/radioljubuski.ba\/index.php\/2022\/04\/14\/bad-blue-boysi-najavili-bojkot-iduce-dinamove-utakmice-jedna-im-stvar-nikako-nije-prihvatljiva\/","og_locale":"hr_HR","og_type":"article","og_title":"Bad blue boysi najavili bojkot idu\u0107e Dinamove utakmice, jedna im stvar nikako nije prihvatljiva... - RADIO LJUBU\u0160KI","og_description":"Dinamovi&nbsp;nogometa\u0161i protiv&nbsp;Istre&nbsp;ne\u0107e imati podr\u0161ku sa sjeverne tribine, barem ne u onoj koli\u010dini na koju su ove sezone naviknuli. Naime, najvatreniji navija\u010di,&nbsp;BBB, najavili su da ne\u0107e do\u0107i na utakmicu jer im nije prihvatljivo da se utakmice igraju na&nbsp;Veliki petak. Nije prvi put, BBB su u tome dosljedni, zadnjih su godina tako\u0111er prozivali i pozivali da se [&hellip;]","og_url":"https:\/\/radioljubuski.ba\/index.php\/2022\/04\/14\/bad-blue-boysi-najavili-bojkot-iduce-dinamove-utakmice-jedna-im-stvar-nikako-nije-prihvatljiva\/","og_site_name":"RADIO LJUBU\u0160KI","article_publisher":"https:\/\/www.facebook.com\/Radiio-Ljubuski-1490835324566332","article_published_time":"2022-04-14T08:25:36+00:00","article_modified_time":"2022-04-14T08:25:37+00:00","og_image":[{"width":275,"height":183,"url":"https:\/\/radioljubuski.ba\/wp-content\/uploads\/2022\/04\/bbb.jpg","type":"image\/jpeg"}],"author":"Radio Ljubu\u0161ki","twitter_card":"summary_large_image","twitter_creator":"@radioljubuski","twitter_site":"@radioljubuski","twitter_misc":{"Napisao\/la":"Radio Ljubu\u0161ki","Procijenjeno vrijeme \u010ditanja":"1 minuta"},"schema":{"@context":"https:\/\/schema.org","@graph":[{"@type":"Article","@id":"https:\/\/radioljubuski.ba\/index.php\/2022\/04\/14\/bad-blue-boysi-najavili-bojkot-iduce-dinamove-utakmice-jedna-im-stvar-nikako-nije-prihvatljiva\/#article","isPartOf":{"@id":"https:\/\/radioljubuski.ba\/index.php\/2022\/04\/14\/bad-blue-boysi-najavili-bojkot-iduce-dinamove-utakmice-jedna-im-stvar-nikako-nije-prihvatljiva\/"},"author":{"name":"Radio Ljubu\u0161ki","@id":"https:\/\/radioljubuski.ba\/#\/schema\/person\/19fc700381a780f69665d7956c469e3b"},"headline":"Bad blue boysi najavili bojkot idu\u0107e Dinamove utakmice, jedna im stvar nikako nije prihvatljiva&#8230;","datePublished":"2022-04-14T08:25:36+00:00","dateModified":"2022-04-14T08:25:37+00:00","mainEntityOfPage":{"@id":"https:\/\/radioljubuski.ba\/index.php\/2022\/04\/14\/bad-blue-boysi-najavili-bojkot-iduce-dinamove-utakmice-jedna-im-stvar-nikako-nije-prihvatljiva\/"},"wordCount":254,"publisher":{"@id":"https:\/\/radioljubuski.ba\/#organization"},"image":{"@id":"https:\/\/radioljubuski.ba\/index.php\/2022\/04\/14\/bad-blue-boysi-najavili-bojkot-iduce-dinamove-utakmice-jedna-im-stvar-nikako-nije-prihvatljiva\/#primaryimage"},"thumbnailUrl":"https:\/\/radioljubuski.ba\/wp-content\/uploads\/2022\/04\/bbb.jpg","articleSection":["\u0160port"],"inLanguage":"hr"},{"@type":"WebPage","@id":"https:\/\/radioljubuski.ba\/index.php\/2022\/04\/14\/bad-blue-boysi-najavili-bojkot-iduce-dinamove-utakmice-jedna-im-stvar-nikako-nije-prihvatljiva\/","url":"https:\/\/radioljubuski.ba\/index.php\/2022\/04\/14\/bad-blue-boysi-najavili-bojkot-iduce-dinamove-utakmice-jedna-im-stvar-nikako-nije-prihvatljiva\/","name":"Bad blue boysi najavili bojkot idu\u0107e Dinamove utakmice, jedna im stvar nikako nije prihvatljiva... - RADIO LJUBU\u0160KI","isPartOf":{"@id":"https:\/\/radioljubuski.ba\/#website"},"primaryImageOfPage":{"@id":"https:\/\/radioljubuski.ba\/index.php\/2022\/04\/14\/bad-blue-boysi-najavili-bojkot-iduce-dinamove-utakmice-jedna-im-stvar-nikako-nije-prihvatljiva\/#primaryimage"},"image":{"@id":"https:\/\/radioljubuski.ba\/index.php\/2022\/04\/14\/bad-blue-boysi-najavili-bojkot-iduce-dinamove-utakmice-jedna-im-stvar-nikako-nije-prihvatljiva\/#primaryimage"},"thumbnailUrl":"https:\/\/radioljubuski.ba\/wp-content\/uploads\/2022\/04\/bbb.jpg","datePublished":"2022-04-14T08:25:36+00:00","dateModified":"2022-04-14T08:25:37+00:00","breadcrumb":{"@id":"https:\/\/radioljubuski.ba\/index.php\/2022\/04\/14\/bad-blue-boysi-najavili-bojkot-iduce-dinamove-utakmice-jedna-im-stvar-nikako-nije-prihvatljiva\/#breadcrumb"},"inLanguage":"hr","potentialAction":[{"@type":"ReadAction","target":["https:\/\/radioljubuski.ba\/index.php\/2022\/04\/14\/bad-blue-boysi-najavili-bojkot-iduce-dinamove-utakmice-jedna-im-stvar-nikako-nije-prihvatljiva\/"]}]},{"@type":"ImageObject","inLanguage":"hr","@id":"https:\/\/radioljubuski.ba\/index.php\/2022\/04\/14\/bad-blue-boysi-najavili-bojkot-iduce-dinamove-utakmice-jedna-im-stvar-nikako-nije-prihvatljiva\/#primaryimage","url":"https:\/\/radioljubuski.ba\/wp-content\/uploads\/2022\/04\/bbb.jpg","contentUrl":"https:\/\/radioljubuski.ba\/wp-content\/uploads\/2022\/04\/bbb.jpg","width":275,"height":183},{"@type":"BreadcrumbList","@id":"https:\/\/radioljubuski.ba\/index.php\/2022\/04\/14\/bad-blue-boysi-najavili-bojkot-iduce-dinamove-utakmice-jedna-im-stvar-nikako-nije-prihvatljiva\/#breadcrumb","itemListElement":[{"@type":"ListItem","position":1,"name":"Po\u010detna stranica","item":"https:\/\/radioljubuski.ba\/"},{"@type":"ListItem","position":2,"name":"Bad blue boysi najavili bojkot idu\u0107e Dinamove utakmice, jedna im stvar nikako nije prihvatljiva&#8230;"}]},{"@type":"WebSite","@id":"https:\/\/radioljubuski.ba\/#website","url":"https:\/\/radioljubuski.ba\/","name":"Radio Ljubu\u0161ki","description":"Sun\u010dana frekvencija Hercegovine","publisher":{"@id":"https:\/\/radioljubuski.ba\/#organization"},"potentialAction":[{"@type":"SearchAction","target":{"@type":"EntryPoint","urlTemplate":"https:\/\/radioljubuski.ba\/?s={search_term_string}"},"query-input":{"@type":"PropertyValueSpecification","valueRequired":true,"valueName":"search_term_string"}}],"inLanguage":"hr"},{"@type":"Organization","@id":"https:\/\/radioljubuski.ba\/#organization","name":"Radio Ljubu\u0161ki","url":"https:\/\/radioljubuski.ba\/","logo":{"@type":"ImageObject","inLanguage":"hr","@id":"https:\/\/radioljubuski.ba\/#\/schema\/logo\/image\/","url":"https:\/\/radioljubuski.ba\/wp-content\/uploads\/2021\/02\/cropped-Radio_Ljubuski_logo1.jpg","contentUrl":"https:\/\/radioljubuski.ba\/wp-content\/uploads\/2021\/02\/cropped-Radio_Ljubuski_logo1.jpg","width":512,"height":512,"caption":"Radio Ljubu\u0161ki"},"image":{"@id":"https:\/\/radioljubuski.ba\/#\/schema\/logo\/image\/"},"sameAs":["https:\/\/www.facebook.com\/Radiio-Ljubuski-1490835324566332","https:\/\/x.com\/radioljubuski","https:\/\/hr.linkedin.com\/company\/radio-ljubuski","https:\/\/www.youtube.com\/channel\/UCHYaeO_n0Db3tjNGudGpXyw"]},{"@type":"Person","@id":"https:\/\/radioljubuski.ba\/#\/schema\/person\/19fc700381a780f69665d7956c469e3b","name":"Radio Ljubu\u0161ki"}]}},"_links":{"self":[{"href":"https:\/\/radioljubuski.ba\/index.php\/wp-json\/wp\/v2\/posts\/132467","targetHints":{"allow":["GET"]}}],"collection":[{"href":"https:\/\/radioljubuski.ba\/index.php\/wp-json\/wp\/v2\/posts"}],"about":[{"href":"https:\/\/radioljubuski.ba\/index.php\/wp-json\/wp\/v2\/types\/post"}],"author":[{"embeddable":true,"href":"https:\/\/radioljubuski.ba\/index.php\/wp-json\/wp\/v2\/users\/2"}],"replies":[{"embeddable":true,"href":"https:\/\/radioljubuski.ba\/index.php\/wp-json\/wp\/v2\/comments?post=132467"}],"version-history":[{"count":1,"href":"https:\/\/radioljubuski.ba\/index.php\/wp-json\/wp\/v2\/posts\/132467\/revisions"}],"predecessor-version":[{"id":132470,"href":"https:\/\/radioljubuski.ba\/index.php\/wp-json\/wp\/v2\/posts\/132467\/revisions\/132470"}],"wp:featuredmedia":[{"embeddable":true,"href":"https:\/\/radioljubuski.ba\/index.php\/wp-json\/wp\/v2\/media\/132469"}],"wp:attachment":[{"href":"https:\/\/radioljubuski.ba\/index.php\/wp-json\/wp\/v2\/media?parent=132467"}],"wp:term":[{"taxonomy":"category","embeddable":true,"href":"https:\/\/radioljubuski.ba\/index.php\/wp-json\/wp\/v2\/categories?post=132467"},{"taxonomy":"post_tag","embeddable":true,"href":"https:\/\/radioljubuski.ba\/index.php\/wp-json\/wp\/v2\/tags?post=132467"}],"curies":[{"name":"wp","href":"https:\/\/api.w.org\/{rel}","templated":true}]}}