{"id":132473,"date":"2022-04-14T09:33:22","date_gmt":"2022-04-14T08:33:22","guid":{"rendered":"https:\/\/radioljubuski.ba\/?p=132473"},"modified":"2022-04-14T09:33:23","modified_gmt":"2022-04-14T08:33:23","slug":"potvrden-pad-meduzvjezdanog-meteora-na-zemlju","status":"publish","type":"post","link":"https:\/\/radioljubuski.ba\/index.php\/2022\/04\/14\/potvrden-pad-meduzvjezdanog-meteora-na-zemlju\/","title":{"rendered":"Potvr\u0111en pad me\u0111uzvjezdanog meteora na Zemlju"},"content":{"rendered":"\n<p>Istra\u017eiva\u010di su otkrili prvi poznati me\u0111uzvjezdani meteor koji je ikada udario Zemlju, pokazuje nedavno objavljeni dokument svemirskog zapovjedni\u0161tva Sjedinjenih Ameri\u010dkih Dr\u017eava, objavio je CNN. <\/p>\n\n\n\n<p>Me\u0111uzvjezdani meteori poti\u010du izvan na\u0161eg Sun\u010devog sistema, i veoma su rijetka pojava, ali se jedan 8. sije\u010dnja 2014. godine sru\u0161io u blizini sjeveroisto\u010dne obale Papue Nove Gvineje, pi\u0161e CNN. <\/p>\n\n\n\n<p>Taj objekt je kao me\u0111uzvjezdani meteor, u studiji iz 2019, identificirao Amir Siraj, tada\u0161nji student na Sveu\u010dili\u0161tu Harvard. <\/p>\n\n\n\n<p>Siraj je u to vrijeme, zajedno sa profesorom sa Harvarda Abrahamom Loebom, istra\u017eivao &#8221;Oumuamuu&#8221;, prvi poznati me\u0111uzvjezdani objekt u na\u0161em solarnom sistemu, koji je prona\u0111en 2017. godine. <\/p>\n\n\n\n<p>Tada je odlu\u010dio da pro\u0111e kroz NASA-in centar za prou\u010davanje objekata blizu Zemlje kako bi prona\u0161ao druge me\u0111uzvjezdane objekte i prona\u0161ao ono za \u0161to je vjerovao da je me\u0111uzvjezdani meteor u roku od nekoliko dana. <\/p>\n\n\n\n<p>Naime, velika brzina meteora je ono \u0161to je Siraju u po\u010detku zapalo za oko. Njegovi prora\u010duni su pokazali da je meteor i\u0161ao brzinom od 60 kilometara u sekundi u odnosu na Sunce. <\/p>\n\n\n\n<p>Zatim je mapirao putanju meteora i otkrio da je u nevezanoj orbiti, za razliku od zatvorene orbite drugih meteora. To zna\u010di da umjesto da kru\u017ei oko Sunca kao drugi meteori, dolazi izvan Sun\u010devog sistema. <\/p>\n\n\n\n<p>Loeb i Siraj, me\u0111utim, nisu mogli da objave svoje nalaze u znanstvenim \u010dasopisima, jer su njihovi podaci do\u0161li iz NASA-ine baze podataka CNEOS, koja ne otkriva koliko su o\u010ditavanja to\u010dna. <\/p>\n\n\n\n<p>Poslije vi\u0161egodi\u0161njih poku\u0161aja da pribave potrebne dodatne informacije, slu\u017ebenu potvrdu da se zaista radi o me\u0111uzvjezdanom meteoru dobili su od zamjenika zapovjednika ameri\u010dke svemirskog zapovjedni\u0161tva. <\/p>\n\n\n\n<p>Od kada je dobio potvrdu i Ministarstva obrane, Siraj i njegov tim rade na tome da ponovo poku\u0161aju objaviti svoje nalaze u znanstvenom \u010dasopisu. On bi \u017eelio i poku\u0161ati izvaditi dio meteora iz Tihog oceana, ali je priznao da bi to bila malo vjerojatna mogu\u0107nost zbog same veli\u010dine projekta. <\/p>\n\n\n\n<p>Ukoliko bi istra\u017eiva\u010di uspjeli da se do\u010depaju &#8221;svetog grala me\u0111uzvjezdanih objekata&#8221;, Siraj je istaknuo da bi to predstavljalo znanstvenu revoluciju koja bi pomogla otkrivanju svijeta izvan na\u0161eg solarnog sistema, pi\u0161e N1. <\/p>\n\n\n\n<p><strong>Izvor: Bljesak.info<\/strong><\/p>\n","protected":false},"excerpt":{"rendered":"<p>Istra\u017eiva\u010di su otkrili prvi poznati me\u0111uzvjezdani meteor koji je ikada udario Zemlju, pokazuje nedavno objavljeni dokument svemirskog zapovjedni\u0161tva Sjedinjenih Ameri\u010dkih Dr\u017eava, objavio je CNN. Me\u0111uzvjezdani meteori poti\u010du izvan na\u0161eg Sun\u010devog sistema, i veoma su rijetka pojava, ali se jedan 8. sije\u010dnja 2014. godine sru\u0161io u blizini sjeveroisto\u010dne obale Papue Nove Gvineje, pi\u0161e CNN. Taj objekt [&hellip;]<\/p>\n","protected":false},"author":2,"featured_media":132474,"comment_status":"closed","ping_status":"closed","sticky":false,"template":"","format":"standard","meta":{"h5ap_radio_sources":[],"footnotes":""},"categories":[1],"tags":[],"class_list":["post-132473","post","type-post","status-publish","format-standard","has-post-thumbnail","hentry","category-bihiregija"],"yoast_head":"<!-- This site is optimized with the Yoast SEO plugin v27.5 - https:\/\/yoast.com\/product\/yoast-seo-wordpress\/ -->\n<title>Potvr\u0111en pad me\u0111uzvjezdanog meteora na Zemlju - RADIO LJUBU\u0160KI<\/title>\n<meta name=\"robots\" content=\"index, follow, max-snippet:-1, max-image-preview:large, max-video-preview:-1\" \/>\n<link rel=\"canonical\" href=\"https:\/\/radioljubuski.ba\/index.php\/2022\/04\/14\/potvrden-pad-meduzvjezdanog-meteora-na-zemlju\/\" \/>\n<meta property=\"og:locale\" content=\"hr_HR\" \/>\n<meta property=\"og:type\" content=\"article\" \/>\n<meta property=\"og:title\" content=\"Potvr\u0111en pad me\u0111uzvjezdanog meteora na Zemlju - RADIO LJUBU\u0160KI\" \/>\n<meta property=\"og:description\" content=\"Istra\u017eiva\u010di su otkrili prvi poznati me\u0111uzvjezdani meteor koji je ikada udario Zemlju, pokazuje nedavno objavljeni dokument svemirskog zapovjedni\u0161tva Sjedinjenih Ameri\u010dkih Dr\u017eava, objavio je CNN. Me\u0111uzvjezdani meteori poti\u010du izvan na\u0161eg Sun\u010devog sistema, i veoma su rijetka pojava, ali se jedan 8. sije\u010dnja 2014. godine sru\u0161io u blizini sjeveroisto\u010dne obale Papue Nove Gvineje, pi\u0161e CNN. Taj objekt [&hellip;]\" \/>\n<meta property=\"og:url\" content=\"https:\/\/radioljubuski.ba\/index.php\/2022\/04\/14\/potvrden-pad-meduzvjezdanog-meteora-na-zemlju\/\" \/>\n<meta property=\"og:site_name\" content=\"RADIO LJUBU\u0160KI\" \/>\n<meta property=\"article:publisher\" content=\"https:\/\/www.facebook.com\/Radiio-Ljubuski-1490835324566332\" \/>\n<meta property=\"article:published_time\" content=\"2022-04-14T08:33:22+00:00\" \/>\n<meta property=\"article:modified_time\" content=\"2022-04-14T08:33:23+00:00\" \/>\n<meta property=\"og:image\" content=\"https:\/\/radioljubuski.ba\/wp-content\/uploads\/2022\/04\/meteor.jpg\" \/>\n\t<meta property=\"og:image:width\" content=\"800\" \/>\n\t<meta property=\"og:image:height\" content=\"550\" \/>\n\t<meta property=\"og:image:type\" content=\"image\/jpeg\" \/>\n<meta name=\"author\" content=\"Radio Ljubu\u0161ki\" \/>\n<meta name=\"twitter:card\" content=\"summary_large_image\" \/>\n<meta name=\"twitter:creator\" content=\"@radioljubuski\" \/>\n<meta name=\"twitter:site\" content=\"@radioljubuski\" \/>\n<meta name=\"twitter:label1\" content=\"Napisao\/la\" \/>\n\t<meta name=\"twitter:data1\" content=\"Radio Ljubu\u0161ki\" \/>\n\t<meta name=\"twitter:label2\" content=\"Procijenjeno vrijeme \u010ditanja\" \/>\n\t<meta name=\"twitter:data2\" content=\"2 minute\" \/>\n<script type=\"application\/ld+json\" class=\"yoast-schema-graph\">{\"@context\":\"https:\\\/\\\/schema.org\",\"@graph\":[{\"@type\":\"Article\",\"@id\":\"https:\\\/\\\/radioljubuski.ba\\\/index.php\\\/2022\\\/04\\\/14\\\/potvrden-pad-meduzvjezdanog-meteora-na-zemlju\\\/#article\",\"isPartOf\":{\"@id\":\"https:\\\/\\\/radioljubuski.ba\\\/index.php\\\/2022\\\/04\\\/14\\\/potvrden-pad-meduzvjezdanog-meteora-na-zemlju\\\/\"},\"author\":{\"name\":\"Radio Ljubu\u0161ki\",\"@id\":\"https:\\\/\\\/radioljubuski.ba\\\/#\\\/schema\\\/person\\\/19fc700381a780f69665d7956c469e3b\"},\"headline\":\"Potvr\u0111en pad me\u0111uzvjezdanog meteora na Zemlju\",\"datePublished\":\"2022-04-14T08:33:22+00:00\",\"dateModified\":\"2022-04-14T08:33:23+00:00\",\"mainEntityOfPage\":{\"@id\":\"https:\\\/\\\/radioljubuski.ba\\\/index.php\\\/2022\\\/04\\\/14\\\/potvrden-pad-meduzvjezdanog-meteora-na-zemlju\\\/\"},\"wordCount\":396,\"publisher\":{\"@id\":\"https:\\\/\\\/radioljubuski.ba\\\/#organization\"},\"image\":{\"@id\":\"https:\\\/\\\/radioljubuski.ba\\\/index.php\\\/2022\\\/04\\\/14\\\/potvrden-pad-meduzvjezdanog-meteora-na-zemlju\\\/#primaryimage\"},\"thumbnailUrl\":\"https:\\\/\\\/radioljubuski.ba\\\/wp-content\\\/uploads\\\/2022\\\/04\\\/meteor.jpg\",\"articleSection\":[\"BIH i regija\"],\"inLanguage\":\"hr\"},{\"@type\":\"WebPage\",\"@id\":\"https:\\\/\\\/radioljubuski.ba\\\/index.php\\\/2022\\\/04\\\/14\\\/potvrden-pad-meduzvjezdanog-meteora-na-zemlju\\\/\",\"url\":\"https:\\\/\\\/radioljubuski.ba\\\/index.php\\\/2022\\\/04\\\/14\\\/potvrden-pad-meduzvjezdanog-meteora-na-zemlju\\\/\",\"name\":\"Potvr\u0111en pad me\u0111uzvjezdanog meteora na Zemlju - RADIO LJUBU\u0160KI\",\"isPartOf\":{\"@id\":\"https:\\\/\\\/radioljubuski.ba\\\/#website\"},\"primaryImageOfPage\":{\"@id\":\"https:\\\/\\\/radioljubuski.ba\\\/index.php\\\/2022\\\/04\\\/14\\\/potvrden-pad-meduzvjezdanog-meteora-na-zemlju\\\/#primaryimage\"},\"image\":{\"@id\":\"https:\\\/\\\/radioljubuski.ba\\\/index.php\\\/2022\\\/04\\\/14\\\/potvrden-pad-meduzvjezdanog-meteora-na-zemlju\\\/#primaryimage\"},\"thumbnailUrl\":\"https:\\\/\\\/radioljubuski.ba\\\/wp-content\\\/uploads\\\/2022\\\/04\\\/meteor.jpg\",\"datePublished\":\"2022-04-14T08:33:22+00:00\",\"dateModified\":\"2022-04-14T08:33:23+00:00\",\"breadcrumb\":{\"@id\":\"https:\\\/\\\/radioljubuski.ba\\\/index.php\\\/2022\\\/04\\\/14\\\/potvrden-pad-meduzvjezdanog-meteora-na-zemlju\\\/#breadcrumb\"},\"inLanguage\":\"hr\",\"potentialAction\":[{\"@type\":\"ReadAction\",\"target\":[\"https:\\\/\\\/radioljubuski.ba\\\/index.php\\\/2022\\\/04\\\/14\\\/potvrden-pad-meduzvjezdanog-meteora-na-zemlju\\\/\"]}]},{\"@type\":\"ImageObject\",\"inLanguage\":\"hr\",\"@id\":\"https:\\\/\\\/radioljubuski.ba\\\/index.php\\\/2022\\\/04\\\/14\\\/potvrden-pad-meduzvjezdanog-meteora-na-zemlju\\\/#primaryimage\",\"url\":\"https:\\\/\\\/radioljubuski.ba\\\/wp-content\\\/uploads\\\/2022\\\/04\\\/meteor.jpg\",\"contentUrl\":\"https:\\\/\\\/radioljubuski.ba\\\/wp-content\\\/uploads\\\/2022\\\/04\\\/meteor.jpg\",\"width\":800,\"height\":550},{\"@type\":\"BreadcrumbList\",\"@id\":\"https:\\\/\\\/radioljubuski.ba\\\/index.php\\\/2022\\\/04\\\/14\\\/potvrden-pad-meduzvjezdanog-meteora-na-zemlju\\\/#breadcrumb\",\"itemListElement\":[{\"@type\":\"ListItem\",\"position\":1,\"name\":\"Po\u010detna stranica\",\"item\":\"https:\\\/\\\/radioljubuski.ba\\\/\"},{\"@type\":\"ListItem\",\"position\":2,\"name\":\"Potvr\u0111en pad me\u0111uzvjezdanog meteora na Zemlju\"}]},{\"@type\":\"WebSite\",\"@id\":\"https:\\\/\\\/radioljubuski.ba\\\/#website\",\"url\":\"https:\\\/\\\/radioljubuski.ba\\\/\",\"name\":\"Radio Ljubu\u0161ki\",\"description\":\"Sun\u010dana frekvencija Hercegovine\",\"publisher\":{\"@id\":\"https:\\\/\\\/radioljubuski.ba\\\/#organization\"},\"potentialAction\":[{\"@type\":\"SearchAction\",\"target\":{\"@type\":\"EntryPoint\",\"urlTemplate\":\"https:\\\/\\\/radioljubuski.ba\\\/?s={search_term_string}\"},\"query-input\":{\"@type\":\"PropertyValueSpecification\",\"valueRequired\":true,\"valueName\":\"search_term_string\"}}],\"inLanguage\":\"hr\"},{\"@type\":\"Organization\",\"@id\":\"https:\\\/\\\/radioljubuski.ba\\\/#organization\",\"name\":\"Radio Ljubu\u0161ki\",\"url\":\"https:\\\/\\\/radioljubuski.ba\\\/\",\"logo\":{\"@type\":\"ImageObject\",\"inLanguage\":\"hr\",\"@id\":\"https:\\\/\\\/radioljubuski.ba\\\/#\\\/schema\\\/logo\\\/image\\\/\",\"url\":\"https:\\\/\\\/radioljubuski.ba\\\/wp-content\\\/uploads\\\/2021\\\/02\\\/cropped-Radio_Ljubuski_logo1.jpg\",\"contentUrl\":\"https:\\\/\\\/radioljubuski.ba\\\/wp-content\\\/uploads\\\/2021\\\/02\\\/cropped-Radio_Ljubuski_logo1.jpg\",\"width\":512,\"height\":512,\"caption\":\"Radio Ljubu\u0161ki\"},\"image\":{\"@id\":\"https:\\\/\\\/radioljubuski.ba\\\/#\\\/schema\\\/logo\\\/image\\\/\"},\"sameAs\":[\"https:\\\/\\\/www.facebook.com\\\/Radiio-Ljubuski-1490835324566332\",\"https:\\\/\\\/x.com\\\/radioljubuski\",\"https:\\\/\\\/hr.linkedin.com\\\/company\\\/radio-ljubuski\",\"https:\\\/\\\/www.youtube.com\\\/channel\\\/UCHYaeO_n0Db3tjNGudGpXyw\"]},{\"@type\":\"Person\",\"@id\":\"https:\\\/\\\/radioljubuski.ba\\\/#\\\/schema\\\/person\\\/19fc700381a780f69665d7956c469e3b\",\"name\":\"Radio Ljubu\u0161ki\"}]}<\/script>\n<!-- \/ Yoast SEO plugin. -->","yoast_head_json":{"title":"Potvr\u0111en pad me\u0111uzvjezdanog meteora na Zemlju - RADIO LJUBU\u0160KI","robots":{"index":"index","follow":"follow","max-snippet":"max-snippet:-1","max-image-preview":"max-image-preview:large","max-video-preview":"max-video-preview:-1"},"canonical":"https:\/\/radioljubuski.ba\/index.php\/2022\/04\/14\/potvrden-pad-meduzvjezdanog-meteora-na-zemlju\/","og_locale":"hr_HR","og_type":"article","og_title":"Potvr\u0111en pad me\u0111uzvjezdanog meteora na Zemlju - RADIO LJUBU\u0160KI","og_description":"Istra\u017eiva\u010di su otkrili prvi poznati me\u0111uzvjezdani meteor koji je ikada udario Zemlju, pokazuje nedavno objavljeni dokument svemirskog zapovjedni\u0161tva Sjedinjenih Ameri\u010dkih Dr\u017eava, objavio je CNN. Me\u0111uzvjezdani meteori poti\u010du izvan na\u0161eg Sun\u010devog sistema, i veoma su rijetka pojava, ali se jedan 8. sije\u010dnja 2014. godine sru\u0161io u blizini sjeveroisto\u010dne obale Papue Nove Gvineje, pi\u0161e CNN. Taj objekt [&hellip;]","og_url":"https:\/\/radioljubuski.ba\/index.php\/2022\/04\/14\/potvrden-pad-meduzvjezdanog-meteora-na-zemlju\/","og_site_name":"RADIO LJUBU\u0160KI","article_publisher":"https:\/\/www.facebook.com\/Radiio-Ljubuski-1490835324566332","article_published_time":"2022-04-14T08:33:22+00:00","article_modified_time":"2022-04-14T08:33:23+00:00","og_image":[{"width":800,"height":550,"url":"https:\/\/radioljubuski.ba\/wp-content\/uploads\/2022\/04\/meteor.jpg","type":"image\/jpeg"}],"author":"Radio Ljubu\u0161ki","twitter_card":"summary_large_image","twitter_creator":"@radioljubuski","twitter_site":"@radioljubuski","twitter_misc":{"Napisao\/la":"Radio Ljubu\u0161ki","Procijenjeno vrijeme \u010ditanja":"2 minute"},"schema":{"@context":"https:\/\/schema.org","@graph":[{"@type":"Article","@id":"https:\/\/radioljubuski.ba\/index.php\/2022\/04\/14\/potvrden-pad-meduzvjezdanog-meteora-na-zemlju\/#article","isPartOf":{"@id":"https:\/\/radioljubuski.ba\/index.php\/2022\/04\/14\/potvrden-pad-meduzvjezdanog-meteora-na-zemlju\/"},"author":{"name":"Radio Ljubu\u0161ki","@id":"https:\/\/radioljubuski.ba\/#\/schema\/person\/19fc700381a780f69665d7956c469e3b"},"headline":"Potvr\u0111en pad me\u0111uzvjezdanog meteora na Zemlju","datePublished":"2022-04-14T08:33:22+00:00","dateModified":"2022-04-14T08:33:23+00:00","mainEntityOfPage":{"@id":"https:\/\/radioljubuski.ba\/index.php\/2022\/04\/14\/potvrden-pad-meduzvjezdanog-meteora-na-zemlju\/"},"wordCount":396,"publisher":{"@id":"https:\/\/radioljubuski.ba\/#organization"},"image":{"@id":"https:\/\/radioljubuski.ba\/index.php\/2022\/04\/14\/potvrden-pad-meduzvjezdanog-meteora-na-zemlju\/#primaryimage"},"thumbnailUrl":"https:\/\/radioljubuski.ba\/wp-content\/uploads\/2022\/04\/meteor.jpg","articleSection":["BIH i regija"],"inLanguage":"hr"},{"@type":"WebPage","@id":"https:\/\/radioljubuski.ba\/index.php\/2022\/04\/14\/potvrden-pad-meduzvjezdanog-meteora-na-zemlju\/","url":"https:\/\/radioljubuski.ba\/index.php\/2022\/04\/14\/potvrden-pad-meduzvjezdanog-meteora-na-zemlju\/","name":"Potvr\u0111en pad me\u0111uzvjezdanog meteora na Zemlju - RADIO LJUBU\u0160KI","isPartOf":{"@id":"https:\/\/radioljubuski.ba\/#website"},"primaryImageOfPage":{"@id":"https:\/\/radioljubuski.ba\/index.php\/2022\/04\/14\/potvrden-pad-meduzvjezdanog-meteora-na-zemlju\/#primaryimage"},"image":{"@id":"https:\/\/radioljubuski.ba\/index.php\/2022\/04\/14\/potvrden-pad-meduzvjezdanog-meteora-na-zemlju\/#primaryimage"},"thumbnailUrl":"https:\/\/radioljubuski.ba\/wp-content\/uploads\/2022\/04\/meteor.jpg","datePublished":"2022-04-14T08:33:22+00:00","dateModified":"2022-04-14T08:33:23+00:00","breadcrumb":{"@id":"https:\/\/radioljubuski.ba\/index.php\/2022\/04\/14\/potvrden-pad-meduzvjezdanog-meteora-na-zemlju\/#breadcrumb"},"inLanguage":"hr","potentialAction":[{"@type":"ReadAction","target":["https:\/\/radioljubuski.ba\/index.php\/2022\/04\/14\/potvrden-pad-meduzvjezdanog-meteora-na-zemlju\/"]}]},{"@type":"ImageObject","inLanguage":"hr","@id":"https:\/\/radioljubuski.ba\/index.php\/2022\/04\/14\/potvrden-pad-meduzvjezdanog-meteora-na-zemlju\/#primaryimage","url":"https:\/\/radioljubuski.ba\/wp-content\/uploads\/2022\/04\/meteor.jpg","contentUrl":"https:\/\/radioljubuski.ba\/wp-content\/uploads\/2022\/04\/meteor.jpg","width":800,"height":550},{"@type":"BreadcrumbList","@id":"https:\/\/radioljubuski.ba\/index.php\/2022\/04\/14\/potvrden-pad-meduzvjezdanog-meteora-na-zemlju\/#breadcrumb","itemListElement":[{"@type":"ListItem","position":1,"name":"Po\u010detna stranica","item":"https:\/\/radioljubuski.ba\/"},{"@type":"ListItem","position":2,"name":"Potvr\u0111en pad me\u0111uzvjezdanog meteora na Zemlju"}]},{"@type":"WebSite","@id":"https:\/\/radioljubuski.ba\/#website","url":"https:\/\/radioljubuski.ba\/","name":"Radio Ljubu\u0161ki","description":"Sun\u010dana frekvencija Hercegovine","publisher":{"@id":"https:\/\/radioljubuski.ba\/#organization"},"potentialAction":[{"@type":"SearchAction","target":{"@type":"EntryPoint","urlTemplate":"https:\/\/radioljubuski.ba\/?s={search_term_string}"},"query-input":{"@type":"PropertyValueSpecification","valueRequired":true,"valueName":"search_term_string"}}],"inLanguage":"hr"},{"@type":"Organization","@id":"https:\/\/radioljubuski.ba\/#organization","name":"Radio Ljubu\u0161ki","url":"https:\/\/radioljubuski.ba\/","logo":{"@type":"ImageObject","inLanguage":"hr","@id":"https:\/\/radioljubuski.ba\/#\/schema\/logo\/image\/","url":"https:\/\/radioljubuski.ba\/wp-content\/uploads\/2021\/02\/cropped-Radio_Ljubuski_logo1.jpg","contentUrl":"https:\/\/radioljubuski.ba\/wp-content\/uploads\/2021\/02\/cropped-Radio_Ljubuski_logo1.jpg","width":512,"height":512,"caption":"Radio Ljubu\u0161ki"},"image":{"@id":"https:\/\/radioljubuski.ba\/#\/schema\/logo\/image\/"},"sameAs":["https:\/\/www.facebook.com\/Radiio-Ljubuski-1490835324566332","https:\/\/x.com\/radioljubuski","https:\/\/hr.linkedin.com\/company\/radio-ljubuski","https:\/\/www.youtube.com\/channel\/UCHYaeO_n0Db3tjNGudGpXyw"]},{"@type":"Person","@id":"https:\/\/radioljubuski.ba\/#\/schema\/person\/19fc700381a780f69665d7956c469e3b","name":"Radio Ljubu\u0161ki"}]}},"_links":{"self":[{"href":"https:\/\/radioljubuski.ba\/index.php\/wp-json\/wp\/v2\/posts\/132473","targetHints":{"allow":["GET"]}}],"collection":[{"href":"https:\/\/radioljubuski.ba\/index.php\/wp-json\/wp\/v2\/posts"}],"about":[{"href":"https:\/\/radioljubuski.ba\/index.php\/wp-json\/wp\/v2\/types\/post"}],"author":[{"embeddable":true,"href":"https:\/\/radioljubuski.ba\/index.php\/wp-json\/wp\/v2\/users\/2"}],"replies":[{"embeddable":true,"href":"https:\/\/radioljubuski.ba\/index.php\/wp-json\/wp\/v2\/comments?post=132473"}],"version-history":[{"count":1,"href":"https:\/\/radioljubuski.ba\/index.php\/wp-json\/wp\/v2\/posts\/132473\/revisions"}],"predecessor-version":[{"id":132475,"href":"https:\/\/radioljubuski.ba\/index.php\/wp-json\/wp\/v2\/posts\/132473\/revisions\/132475"}],"wp:featuredmedia":[{"embeddable":true,"href":"https:\/\/radioljubuski.ba\/index.php\/wp-json\/wp\/v2\/media\/132474"}],"wp:attachment":[{"href":"https:\/\/radioljubuski.ba\/index.php\/wp-json\/wp\/v2\/media?parent=132473"}],"wp:term":[{"taxonomy":"category","embeddable":true,"href":"https:\/\/radioljubuski.ba\/index.php\/wp-json\/wp\/v2\/categories?post=132473"},{"taxonomy":"post_tag","embeddable":true,"href":"https:\/\/radioljubuski.ba\/index.php\/wp-json\/wp\/v2\/tags?post=132473"}],"curies":[{"name":"wp","href":"https:\/\/api.w.org\/{rel}","templated":true}]}}