{"id":132487,"date":"2022-04-14T09:51:47","date_gmt":"2022-04-14T08:51:47","guid":{"rendered":"https:\/\/radioljubuski.ba\/?p=132487"},"modified":"2022-04-14T09:51:48","modified_gmt":"2022-04-14T08:51:48","slug":"od-glazbe-ovisi-koliko-ce-vam-automobil-trositi","status":"publish","type":"post","link":"https:\/\/radioljubuski.ba\/index.php\/2022\/04\/14\/od-glazbe-ovisi-koliko-ce-vam-automobil-trositi\/","title":{"rendered":"Od glazbe ovisi koliko \u0107e vam automobil tro\u0161iti"},"content":{"rendered":"\n<p>Najnovija studija otkriva uz koju vrstu glazbe \u0107e potro\u0161nja biti manja.&nbsp;<strong>Svatko tko slu\u0161a glazbu tijekom vo\u017enje mo\u017ee vidjeti da njen izbor veoma uti\u010de na pona\u0161anje voza\u010da, odnosno na njegov stil vo\u017enje.&nbsp;<\/strong><\/p>\n\n\n\n<p>Ovo je naro\u010dito izra\u017eeno na elektri\u010dnim automobilima, gdje je autonomija veoma bitna, a nagli pritisak na papu\u010dicu &#8216;gasa&#8217; dovodi do zna\u010dajnog tro\u0161enja dragocjene energije. Zato je svaki savjet koji mo\u017ee blagotvorno utjecati na pove\u0107anje radijusa kretanja dobrodo\u0161ao, prenosi B92.<\/p>\n\n\n\n<p>Kia je sprovela studiju o vezi izme\u0111u slu\u0161anja odre\u0111ene glazbe i potro\u0161nje elektri\u010dne energije, i do\u0161la do zanimljivih rezultata. Praksa je pokazala da izbor glazbe veoma utje\u010de na autonomiju vo\u017enje, a od &#8216;provjerenih&#8217; melodija, Betovenova 9. simfonija na jednoj i pjesma &#8216;Blinding Lights&#8217; izvo\u0111a\u010da The Weeknd na drugoj, predstavljaju dvije krajnosti.<\/p>\n\n\n\n<p>Za eksperiment je kori\u0161ten elektri\u010dni Kia EV6 GT-Line opremljen vrhunskim Meridian audio-sistemom sa 16 zvu\u010dnika. Automobilom su na probnoj ruti dugoj 29 km vozile osobe koje se nikada ranije nisu srele sa elektri\u010dnim automobilima, a pu\u0161tala im se glazba sa unaprijed definiranom playlistom.<\/p>\n\n\n\n<p><strong>Biometrijski podaci o otkucaju srca, nivoima stresa i tjelesnoj temperaturi su pra\u0107eni tijekom vo\u017enje preko ure\u0111aja Empatica E4. Na listi su bile sljede\u0107e pjesme: Tycho \u2013 Awake, Adele \u2013 Hello, The Weeknd \u2013 Blinding Lights, Anna Meredith \u2013 Nautilus, Kanye West \u2013 Fade, te Beethoven \u2013 Simfonija br. 9 u d-molu, op. 125.<\/strong><\/p>\n\n\n\n<p><strong>Rezultati su pokazali da se najefikasnije vozilo dok se slu\u0161ao Beethoven. Adel se na\u0161la u sredini, dok je The Weeknd bio poguban za radijus kretanja elektri\u010dnog automobila.<\/strong><\/p>\n\n\n\n<p>&#8220;Za samo dva dana testiranja, zaklju\u010dili smo da glazba zna\u010dajno utje\u010de na autonomiju elektri\u010dnog vozila&#8221;, rekao je dr. Duncan Williams, nadzornik testiranja.<\/p>\n\n\n\n<p>&#8220;<strong>Razli\u010dite melodije su mijenjale elektrodermalnu aktivnost i volumen protoka krvi. Ukratko, ako \u017eelite pre\u0107i \u0161to vi\u0161e sa jednim punjenjem baterije, slu\u0161ajte opu\u0161taju\u0107i klasik poput Beethovena<\/strong>&#8220;, zaklju\u010duje Williams.<\/p>\n\n\n\n<p>Naravno, ove rezultate mo\u017eete lako primjeniti i na klasi\u010dna vozila sa motorima sa unutarnjim sagorjevanjem, odnosno na benzince i dizela\u0161e. Vrsta glazbe definitivno utje\u010de na va\u0161 stil vo\u017enje, pa ako \u017eelite u\u0161tedjeti gorivo, izaberite opu\u0161taju\u0107u glazbu.<\/p>\n\n\n\n<p><strong>Izvor: Hercegovina.info<\/strong><\/p>\n","protected":false},"excerpt":{"rendered":"<p>Najnovija studija otkriva uz koju vrstu glazbe \u0107e potro\u0161nja biti manja.&nbsp;Svatko tko slu\u0161a glazbu tijekom vo\u017enje mo\u017ee vidjeti da njen izbor veoma uti\u010de na pona\u0161anje voza\u010da, odnosno na njegov stil vo\u017enje.&nbsp; Ovo je naro\u010dito izra\u017eeno na elektri\u010dnim automobilima, gdje je autonomija veoma bitna, a nagli pritisak na papu\u010dicu &#8216;gasa&#8217; dovodi do zna\u010dajnog tro\u0161enja dragocjene energije. [&hellip;]<\/p>\n","protected":false},"author":2,"featured_media":132488,"comment_status":"closed","ping_status":"closed","sticky":false,"template":"","format":"standard","meta":{"h5ap_radio_sources":[],"footnotes":""},"categories":[1],"tags":[],"class_list":["post-132487","post","type-post","status-publish","format-standard","has-post-thumbnail","hentry","category-bihiregija"],"yoast_head":"<!-- This site is optimized with the Yoast SEO plugin v27.5 - https:\/\/yoast.com\/product\/yoast-seo-wordpress\/ -->\n<title>Od glazbe ovisi koliko \u0107e vam automobil tro\u0161iti - RADIO LJUBU\u0160KI<\/title>\n<meta name=\"robots\" content=\"index, follow, max-snippet:-1, max-image-preview:large, max-video-preview:-1\" \/>\n<link rel=\"canonical\" href=\"https:\/\/radioljubuski.ba\/index.php\/2022\/04\/14\/od-glazbe-ovisi-koliko-ce-vam-automobil-trositi\/\" \/>\n<meta property=\"og:locale\" content=\"hr_HR\" \/>\n<meta property=\"og:type\" content=\"article\" \/>\n<meta property=\"og:title\" content=\"Od glazbe ovisi koliko \u0107e vam automobil tro\u0161iti - RADIO LJUBU\u0160KI\" \/>\n<meta property=\"og:description\" content=\"Najnovija studija otkriva uz koju vrstu glazbe \u0107e potro\u0161nja biti manja.&nbsp;Svatko tko slu\u0161a glazbu tijekom vo\u017enje mo\u017ee vidjeti da njen izbor veoma uti\u010de na pona\u0161anje voza\u010da, odnosno na njegov stil vo\u017enje.&nbsp; Ovo je naro\u010dito izra\u017eeno na elektri\u010dnim automobilima, gdje je autonomija veoma bitna, a nagli pritisak na papu\u010dicu &#8216;gasa&#8217; dovodi do zna\u010dajnog tro\u0161enja dragocjene energije. [&hellip;]\" \/>\n<meta property=\"og:url\" content=\"https:\/\/radioljubuski.ba\/index.php\/2022\/04\/14\/od-glazbe-ovisi-koliko-ce-vam-automobil-trositi\/\" \/>\n<meta property=\"og:site_name\" content=\"RADIO LJUBU\u0160KI\" \/>\n<meta property=\"article:publisher\" content=\"https:\/\/www.facebook.com\/Radiio-Ljubuski-1490835324566332\" \/>\n<meta property=\"article:published_time\" content=\"2022-04-14T08:51:47+00:00\" \/>\n<meta property=\"article:modified_time\" content=\"2022-04-14T08:51:48+00:00\" \/>\n<meta property=\"og:image\" content=\"https:\/\/radioljubuski.ba\/wp-content\/uploads\/2022\/04\/glazba.jpg\" \/>\n\t<meta property=\"og:image:width\" content=\"1024\" \/>\n\t<meta property=\"og:image:height\" content=\"667\" \/>\n\t<meta property=\"og:image:type\" content=\"image\/jpeg\" \/>\n<meta name=\"author\" content=\"Radio Ljubu\u0161ki\" \/>\n<meta name=\"twitter:card\" content=\"summary_large_image\" \/>\n<meta name=\"twitter:creator\" content=\"@radioljubuski\" \/>\n<meta name=\"twitter:site\" content=\"@radioljubuski\" \/>\n<meta name=\"twitter:label1\" content=\"Napisao\/la\" \/>\n\t<meta name=\"twitter:data1\" content=\"Radio Ljubu\u0161ki\" \/>\n\t<meta name=\"twitter:label2\" content=\"Procijenjeno vrijeme \u010ditanja\" \/>\n\t<meta name=\"twitter:data2\" content=\"2 minute\" \/>\n<script type=\"application\/ld+json\" class=\"yoast-schema-graph\">{\"@context\":\"https:\\\/\\\/schema.org\",\"@graph\":[{\"@type\":\"Article\",\"@id\":\"https:\\\/\\\/radioljubuski.ba\\\/index.php\\\/2022\\\/04\\\/14\\\/od-glazbe-ovisi-koliko-ce-vam-automobil-trositi\\\/#article\",\"isPartOf\":{\"@id\":\"https:\\\/\\\/radioljubuski.ba\\\/index.php\\\/2022\\\/04\\\/14\\\/od-glazbe-ovisi-koliko-ce-vam-automobil-trositi\\\/\"},\"author\":{\"name\":\"Radio Ljubu\u0161ki\",\"@id\":\"https:\\\/\\\/radioljubuski.ba\\\/#\\\/schema\\\/person\\\/19fc700381a780f69665d7956c469e3b\"},\"headline\":\"Od glazbe ovisi koliko \u0107e vam automobil tro\u0161iti\",\"datePublished\":\"2022-04-14T08:51:47+00:00\",\"dateModified\":\"2022-04-14T08:51:48+00:00\",\"mainEntityOfPage\":{\"@id\":\"https:\\\/\\\/radioljubuski.ba\\\/index.php\\\/2022\\\/04\\\/14\\\/od-glazbe-ovisi-koliko-ce-vam-automobil-trositi\\\/\"},\"wordCount\":391,\"publisher\":{\"@id\":\"https:\\\/\\\/radioljubuski.ba\\\/#organization\"},\"image\":{\"@id\":\"https:\\\/\\\/radioljubuski.ba\\\/index.php\\\/2022\\\/04\\\/14\\\/od-glazbe-ovisi-koliko-ce-vam-automobil-trositi\\\/#primaryimage\"},\"thumbnailUrl\":\"https:\\\/\\\/radioljubuski.ba\\\/wp-content\\\/uploads\\\/2022\\\/04\\\/glazba.jpg\",\"articleSection\":[\"BIH i regija\"],\"inLanguage\":\"hr\"},{\"@type\":\"WebPage\",\"@id\":\"https:\\\/\\\/radioljubuski.ba\\\/index.php\\\/2022\\\/04\\\/14\\\/od-glazbe-ovisi-koliko-ce-vam-automobil-trositi\\\/\",\"url\":\"https:\\\/\\\/radioljubuski.ba\\\/index.php\\\/2022\\\/04\\\/14\\\/od-glazbe-ovisi-koliko-ce-vam-automobil-trositi\\\/\",\"name\":\"Od glazbe ovisi koliko \u0107e vam automobil tro\u0161iti - RADIO LJUBU\u0160KI\",\"isPartOf\":{\"@id\":\"https:\\\/\\\/radioljubuski.ba\\\/#website\"},\"primaryImageOfPage\":{\"@id\":\"https:\\\/\\\/radioljubuski.ba\\\/index.php\\\/2022\\\/04\\\/14\\\/od-glazbe-ovisi-koliko-ce-vam-automobil-trositi\\\/#primaryimage\"},\"image\":{\"@id\":\"https:\\\/\\\/radioljubuski.ba\\\/index.php\\\/2022\\\/04\\\/14\\\/od-glazbe-ovisi-koliko-ce-vam-automobil-trositi\\\/#primaryimage\"},\"thumbnailUrl\":\"https:\\\/\\\/radioljubuski.ba\\\/wp-content\\\/uploads\\\/2022\\\/04\\\/glazba.jpg\",\"datePublished\":\"2022-04-14T08:51:47+00:00\",\"dateModified\":\"2022-04-14T08:51:48+00:00\",\"breadcrumb\":{\"@id\":\"https:\\\/\\\/radioljubuski.ba\\\/index.php\\\/2022\\\/04\\\/14\\\/od-glazbe-ovisi-koliko-ce-vam-automobil-trositi\\\/#breadcrumb\"},\"inLanguage\":\"hr\",\"potentialAction\":[{\"@type\":\"ReadAction\",\"target\":[\"https:\\\/\\\/radioljubuski.ba\\\/index.php\\\/2022\\\/04\\\/14\\\/od-glazbe-ovisi-koliko-ce-vam-automobil-trositi\\\/\"]}]},{\"@type\":\"ImageObject\",\"inLanguage\":\"hr\",\"@id\":\"https:\\\/\\\/radioljubuski.ba\\\/index.php\\\/2022\\\/04\\\/14\\\/od-glazbe-ovisi-koliko-ce-vam-automobil-trositi\\\/#primaryimage\",\"url\":\"https:\\\/\\\/radioljubuski.ba\\\/wp-content\\\/uploads\\\/2022\\\/04\\\/glazba.jpg\",\"contentUrl\":\"https:\\\/\\\/radioljubuski.ba\\\/wp-content\\\/uploads\\\/2022\\\/04\\\/glazba.jpg\",\"width\":1024,\"height\":667},{\"@type\":\"BreadcrumbList\",\"@id\":\"https:\\\/\\\/radioljubuski.ba\\\/index.php\\\/2022\\\/04\\\/14\\\/od-glazbe-ovisi-koliko-ce-vam-automobil-trositi\\\/#breadcrumb\",\"itemListElement\":[{\"@type\":\"ListItem\",\"position\":1,\"name\":\"Po\u010detna stranica\",\"item\":\"https:\\\/\\\/radioljubuski.ba\\\/\"},{\"@type\":\"ListItem\",\"position\":2,\"name\":\"Od glazbe ovisi koliko \u0107e vam automobil tro\u0161iti\"}]},{\"@type\":\"WebSite\",\"@id\":\"https:\\\/\\\/radioljubuski.ba\\\/#website\",\"url\":\"https:\\\/\\\/radioljubuski.ba\\\/\",\"name\":\"Radio Ljubu\u0161ki\",\"description\":\"Sun\u010dana frekvencija Hercegovine\",\"publisher\":{\"@id\":\"https:\\\/\\\/radioljubuski.ba\\\/#organization\"},\"potentialAction\":[{\"@type\":\"SearchAction\",\"target\":{\"@type\":\"EntryPoint\",\"urlTemplate\":\"https:\\\/\\\/radioljubuski.ba\\\/?s={search_term_string}\"},\"query-input\":{\"@type\":\"PropertyValueSpecification\",\"valueRequired\":true,\"valueName\":\"search_term_string\"}}],\"inLanguage\":\"hr\"},{\"@type\":\"Organization\",\"@id\":\"https:\\\/\\\/radioljubuski.ba\\\/#organization\",\"name\":\"Radio Ljubu\u0161ki\",\"url\":\"https:\\\/\\\/radioljubuski.ba\\\/\",\"logo\":{\"@type\":\"ImageObject\",\"inLanguage\":\"hr\",\"@id\":\"https:\\\/\\\/radioljubuski.ba\\\/#\\\/schema\\\/logo\\\/image\\\/\",\"url\":\"https:\\\/\\\/radioljubuski.ba\\\/wp-content\\\/uploads\\\/2021\\\/02\\\/cropped-Radio_Ljubuski_logo1.jpg\",\"contentUrl\":\"https:\\\/\\\/radioljubuski.ba\\\/wp-content\\\/uploads\\\/2021\\\/02\\\/cropped-Radio_Ljubuski_logo1.jpg\",\"width\":512,\"height\":512,\"caption\":\"Radio Ljubu\u0161ki\"},\"image\":{\"@id\":\"https:\\\/\\\/radioljubuski.ba\\\/#\\\/schema\\\/logo\\\/image\\\/\"},\"sameAs\":[\"https:\\\/\\\/www.facebook.com\\\/Radiio-Ljubuski-1490835324566332\",\"https:\\\/\\\/x.com\\\/radioljubuski\",\"https:\\\/\\\/hr.linkedin.com\\\/company\\\/radio-ljubuski\",\"https:\\\/\\\/www.youtube.com\\\/channel\\\/UCHYaeO_n0Db3tjNGudGpXyw\"]},{\"@type\":\"Person\",\"@id\":\"https:\\\/\\\/radioljubuski.ba\\\/#\\\/schema\\\/person\\\/19fc700381a780f69665d7956c469e3b\",\"name\":\"Radio Ljubu\u0161ki\"}]}<\/script>\n<!-- \/ Yoast SEO plugin. -->","yoast_head_json":{"title":"Od glazbe ovisi koliko \u0107e vam automobil tro\u0161iti - RADIO LJUBU\u0160KI","robots":{"index":"index","follow":"follow","max-snippet":"max-snippet:-1","max-image-preview":"max-image-preview:large","max-video-preview":"max-video-preview:-1"},"canonical":"https:\/\/radioljubuski.ba\/index.php\/2022\/04\/14\/od-glazbe-ovisi-koliko-ce-vam-automobil-trositi\/","og_locale":"hr_HR","og_type":"article","og_title":"Od glazbe ovisi koliko \u0107e vam automobil tro\u0161iti - RADIO LJUBU\u0160KI","og_description":"Najnovija studija otkriva uz koju vrstu glazbe \u0107e potro\u0161nja biti manja.&nbsp;Svatko tko slu\u0161a glazbu tijekom vo\u017enje mo\u017ee vidjeti da njen izbor veoma uti\u010de na pona\u0161anje voza\u010da, odnosno na njegov stil vo\u017enje.&nbsp; Ovo je naro\u010dito izra\u017eeno na elektri\u010dnim automobilima, gdje je autonomija veoma bitna, a nagli pritisak na papu\u010dicu &#8216;gasa&#8217; dovodi do zna\u010dajnog tro\u0161enja dragocjene energije. [&hellip;]","og_url":"https:\/\/radioljubuski.ba\/index.php\/2022\/04\/14\/od-glazbe-ovisi-koliko-ce-vam-automobil-trositi\/","og_site_name":"RADIO LJUBU\u0160KI","article_publisher":"https:\/\/www.facebook.com\/Radiio-Ljubuski-1490835324566332","article_published_time":"2022-04-14T08:51:47+00:00","article_modified_time":"2022-04-14T08:51:48+00:00","og_image":[{"width":1024,"height":667,"url":"https:\/\/radioljubuski.ba\/wp-content\/uploads\/2022\/04\/glazba.jpg","type":"image\/jpeg"}],"author":"Radio Ljubu\u0161ki","twitter_card":"summary_large_image","twitter_creator":"@radioljubuski","twitter_site":"@radioljubuski","twitter_misc":{"Napisao\/la":"Radio Ljubu\u0161ki","Procijenjeno vrijeme \u010ditanja":"2 minute"},"schema":{"@context":"https:\/\/schema.org","@graph":[{"@type":"Article","@id":"https:\/\/radioljubuski.ba\/index.php\/2022\/04\/14\/od-glazbe-ovisi-koliko-ce-vam-automobil-trositi\/#article","isPartOf":{"@id":"https:\/\/radioljubuski.ba\/index.php\/2022\/04\/14\/od-glazbe-ovisi-koliko-ce-vam-automobil-trositi\/"},"author":{"name":"Radio Ljubu\u0161ki","@id":"https:\/\/radioljubuski.ba\/#\/schema\/person\/19fc700381a780f69665d7956c469e3b"},"headline":"Od glazbe ovisi koliko \u0107e vam automobil tro\u0161iti","datePublished":"2022-04-14T08:51:47+00:00","dateModified":"2022-04-14T08:51:48+00:00","mainEntityOfPage":{"@id":"https:\/\/radioljubuski.ba\/index.php\/2022\/04\/14\/od-glazbe-ovisi-koliko-ce-vam-automobil-trositi\/"},"wordCount":391,"publisher":{"@id":"https:\/\/radioljubuski.ba\/#organization"},"image":{"@id":"https:\/\/radioljubuski.ba\/index.php\/2022\/04\/14\/od-glazbe-ovisi-koliko-ce-vam-automobil-trositi\/#primaryimage"},"thumbnailUrl":"https:\/\/radioljubuski.ba\/wp-content\/uploads\/2022\/04\/glazba.jpg","articleSection":["BIH i regija"],"inLanguage":"hr"},{"@type":"WebPage","@id":"https:\/\/radioljubuski.ba\/index.php\/2022\/04\/14\/od-glazbe-ovisi-koliko-ce-vam-automobil-trositi\/","url":"https:\/\/radioljubuski.ba\/index.php\/2022\/04\/14\/od-glazbe-ovisi-koliko-ce-vam-automobil-trositi\/","name":"Od glazbe ovisi koliko \u0107e vam automobil tro\u0161iti - RADIO LJUBU\u0160KI","isPartOf":{"@id":"https:\/\/radioljubuski.ba\/#website"},"primaryImageOfPage":{"@id":"https:\/\/radioljubuski.ba\/index.php\/2022\/04\/14\/od-glazbe-ovisi-koliko-ce-vam-automobil-trositi\/#primaryimage"},"image":{"@id":"https:\/\/radioljubuski.ba\/index.php\/2022\/04\/14\/od-glazbe-ovisi-koliko-ce-vam-automobil-trositi\/#primaryimage"},"thumbnailUrl":"https:\/\/radioljubuski.ba\/wp-content\/uploads\/2022\/04\/glazba.jpg","datePublished":"2022-04-14T08:51:47+00:00","dateModified":"2022-04-14T08:51:48+00:00","breadcrumb":{"@id":"https:\/\/radioljubuski.ba\/index.php\/2022\/04\/14\/od-glazbe-ovisi-koliko-ce-vam-automobil-trositi\/#breadcrumb"},"inLanguage":"hr","potentialAction":[{"@type":"ReadAction","target":["https:\/\/radioljubuski.ba\/index.php\/2022\/04\/14\/od-glazbe-ovisi-koliko-ce-vam-automobil-trositi\/"]}]},{"@type":"ImageObject","inLanguage":"hr","@id":"https:\/\/radioljubuski.ba\/index.php\/2022\/04\/14\/od-glazbe-ovisi-koliko-ce-vam-automobil-trositi\/#primaryimage","url":"https:\/\/radioljubuski.ba\/wp-content\/uploads\/2022\/04\/glazba.jpg","contentUrl":"https:\/\/radioljubuski.ba\/wp-content\/uploads\/2022\/04\/glazba.jpg","width":1024,"height":667},{"@type":"BreadcrumbList","@id":"https:\/\/radioljubuski.ba\/index.php\/2022\/04\/14\/od-glazbe-ovisi-koliko-ce-vam-automobil-trositi\/#breadcrumb","itemListElement":[{"@type":"ListItem","position":1,"name":"Po\u010detna stranica","item":"https:\/\/radioljubuski.ba\/"},{"@type":"ListItem","position":2,"name":"Od glazbe ovisi koliko \u0107e vam automobil tro\u0161iti"}]},{"@type":"WebSite","@id":"https:\/\/radioljubuski.ba\/#website","url":"https:\/\/radioljubuski.ba\/","name":"Radio Ljubu\u0161ki","description":"Sun\u010dana frekvencija Hercegovine","publisher":{"@id":"https:\/\/radioljubuski.ba\/#organization"},"potentialAction":[{"@type":"SearchAction","target":{"@type":"EntryPoint","urlTemplate":"https:\/\/radioljubuski.ba\/?s={search_term_string}"},"query-input":{"@type":"PropertyValueSpecification","valueRequired":true,"valueName":"search_term_string"}}],"inLanguage":"hr"},{"@type":"Organization","@id":"https:\/\/radioljubuski.ba\/#organization","name":"Radio Ljubu\u0161ki","url":"https:\/\/radioljubuski.ba\/","logo":{"@type":"ImageObject","inLanguage":"hr","@id":"https:\/\/radioljubuski.ba\/#\/schema\/logo\/image\/","url":"https:\/\/radioljubuski.ba\/wp-content\/uploads\/2021\/02\/cropped-Radio_Ljubuski_logo1.jpg","contentUrl":"https:\/\/radioljubuski.ba\/wp-content\/uploads\/2021\/02\/cropped-Radio_Ljubuski_logo1.jpg","width":512,"height":512,"caption":"Radio Ljubu\u0161ki"},"image":{"@id":"https:\/\/radioljubuski.ba\/#\/schema\/logo\/image\/"},"sameAs":["https:\/\/www.facebook.com\/Radiio-Ljubuski-1490835324566332","https:\/\/x.com\/radioljubuski","https:\/\/hr.linkedin.com\/company\/radio-ljubuski","https:\/\/www.youtube.com\/channel\/UCHYaeO_n0Db3tjNGudGpXyw"]},{"@type":"Person","@id":"https:\/\/radioljubuski.ba\/#\/schema\/person\/19fc700381a780f69665d7956c469e3b","name":"Radio Ljubu\u0161ki"}]}},"_links":{"self":[{"href":"https:\/\/radioljubuski.ba\/index.php\/wp-json\/wp\/v2\/posts\/132487","targetHints":{"allow":["GET"]}}],"collection":[{"href":"https:\/\/radioljubuski.ba\/index.php\/wp-json\/wp\/v2\/posts"}],"about":[{"href":"https:\/\/radioljubuski.ba\/index.php\/wp-json\/wp\/v2\/types\/post"}],"author":[{"embeddable":true,"href":"https:\/\/radioljubuski.ba\/index.php\/wp-json\/wp\/v2\/users\/2"}],"replies":[{"embeddable":true,"href":"https:\/\/radioljubuski.ba\/index.php\/wp-json\/wp\/v2\/comments?post=132487"}],"version-history":[{"count":1,"href":"https:\/\/radioljubuski.ba\/index.php\/wp-json\/wp\/v2\/posts\/132487\/revisions"}],"predecessor-version":[{"id":132489,"href":"https:\/\/radioljubuski.ba\/index.php\/wp-json\/wp\/v2\/posts\/132487\/revisions\/132489"}],"wp:featuredmedia":[{"embeddable":true,"href":"https:\/\/radioljubuski.ba\/index.php\/wp-json\/wp\/v2\/media\/132488"}],"wp:attachment":[{"href":"https:\/\/radioljubuski.ba\/index.php\/wp-json\/wp\/v2\/media?parent=132487"}],"wp:term":[{"taxonomy":"category","embeddable":true,"href":"https:\/\/radioljubuski.ba\/index.php\/wp-json\/wp\/v2\/categories?post=132487"},{"taxonomy":"post_tag","embeddable":true,"href":"https:\/\/radioljubuski.ba\/index.php\/wp-json\/wp\/v2\/tags?post=132487"}],"curies":[{"name":"wp","href":"https:\/\/api.w.org\/{rel}","templated":true}]}}