{"id":132493,"date":"2022-04-14T10:01:29","date_gmt":"2022-04-14T09:01:29","guid":{"rendered":"https:\/\/radioljubuski.ba\/?p=132493"},"modified":"2022-04-14T10:01:30","modified_gmt":"2022-04-14T09:01:30","slug":"skautice-pobjedom-nad-mirom-nastavile-pobjednicki-niz","status":"publish","type":"post","link":"https:\/\/radioljubuski.ba\/index.php\/2022\/04\/14\/skautice-pobjedom-nad-mirom-nastavile-pobjednicki-niz\/","title":{"rendered":"\u201cSkautice\u201d pobjedom nad Mirom nastavile pobjedni\u010dki niz"},"content":{"rendered":"\n<p>Rukometa\u0161ice Izvi\u0111a\u010d Central osiguranja ju\u010der su u Gradskoj \u0161portskoj dvorani u Ljubu\u0161kom, u sklopu 18. kola Premijer lige za rukometa\u0161ice, pobijedili \u017dRK Miru iz Prijedora i nastavile svoj pobjedni\u010dki niz. <\/p>\n\n\n\n<p>Briljantna pobjeda, u pro\u0161lom kolu u Had\u017ei\u0107ima, nad ekipom RK Had\u017ei\u0107i, jednim od kandidata za osvajanje titule prvaka BiH, o\u010dito za posljedicu je imalo emocionalno pra\u017enjenje kod \u201eSkautica\u201c, koje je rezultiralo nedostatkom energije u ju\u010dera\u0161njoj utakmici.<\/p>\n\n\n\n<p>Otvaranje utakmice pokazalo je da doma\u0107e rukometa\u0161ice nisu sto posto u utakmici \u0161to je dalo mogu\u0107nost go\u0161\u0107ama, predvo\u0111enim Azrom Ba\u0161anovi\u0107 i Dragicom Gligorovi\u0107, da im stalno \u201epu\u0161u za vratom\u201c.<br><br>Go\u0161\u0107e iz Prijedora su povele 4:1 i 5:2, ali doma\u0107e su u 10. minuti stigle do izjedna\u010denja (6:6). Slijedilo je dobrih osam minuta igre \u201eSkautica\u201c i rezultat je u 16. minuti bio 13:8, a u 18. 14:9 u njihovu korist.<br><br>U sljede\u0107ih sedam \u2013 osam minuta Mira se vratila i u 26. minuti rezultat je u \u201eegalu\u201c (16:16). U posljednje tri-\u010detiri minute, prvog dijela, bolje se snalaze doma\u0107e rukometa\u0161ice i rezultat je na poluvremenu 20:17 u njihovu korist.<\/p>\n\n\n\n<p>U drugom poluvremenu \u201eSkautice\u201c nikako nisu uspijevale prelomiti utakmicu u svoju korist tako da su go\u0161\u0107e stalno dr\u017eale rezultatskih priklju\u010dak od jednog do tri gola zaostatka.<br><br>U 50. minuti Prijedor\u010danke su uspjele poravnati na 29:29, ali u posljednjih deset minuta \u201eSkautice\u201c posti\u017eu pet, a go\u0161\u0107e tri pogotka za kona\u010dnih 34:32 i nova dva boda na kontu doma\u0107ih rukometa\u0161ica.<\/p>\n\n\n\n<p>Najefikasnije u redovima doma\u0107ih bile su&nbsp;<strong>Matea \u0160umelj&nbsp;<\/strong>s devet,&nbsp;<strong>Ana Petrovi\u0107<\/strong>&nbsp;s osam te&nbsp;<strong>Milica Stamatovi\u0107<\/strong>&nbsp;i&nbsp;<strong>Katarina Prskalo<\/strong>&nbsp;s \u010detiri pogotka.&nbsp;<strong>Ivana Petrovi\u0107<\/strong>&nbsp;imala je devet uspje\u0161nih obrana.<\/p>\n\n\n\n<p>Svakako je zanimljivost utakmice da su za go\u0161\u0107e, od 32 pogotka, njih 28 postigle dvije igra\u010dice,&nbsp;<strong>Azra Ba\u0161anovi\u0107<\/strong>, petnaest i&nbsp;<strong>Dragica Gligorevi\u0107<\/strong>, trinaest pogodaka. Vratarka&nbsp;<strong>Marija Gligorevi\u0107<\/strong>&nbsp;bila je izvrsna sa sedamnaest obrana.<\/p>\n\n\n\n<p>U sljede\u0107em 19. kolu \u201eSkautice\u201c \u0107e ugostiti ekipu \u017dRK Krivaja iz Zavidovi\u0107a.<\/p>\n\n\n\n<p>Premijer liga BiH, sezona 2021\/2022 \u2013 18. kolo.<br>Ljubu\u0161ki, 13.04.2022. u 16:00 sati.<\/p>\n\n\n\n<p><strong>\u017dRK Izvi\u0111a\u010d CO \u2013 \u017dRK Mira 34:32 (20:17)<\/strong><\/p>\n\n\n\n<p>Ljubu\u0161ki, Gradska \u0161portska dvorana, gledatelja 50.<br>Suci: Dra\u017een Begi\u0107 i Andrija Knezovi\u0107 (Mostar).<br>Nadzornik: Sa\u0161a Sarajli\u0107 (Zenica).<\/p>\n\n\n\n<p><strong>\u017dRK Izvi\u0111a\u010d<\/strong>&nbsp;<strong>CO<\/strong>: I. Petrovi\u0107 (9 obrana, 1 sedmerac), \u0160umelj 9\/6, Vistorop 2, Milo\u0161, Stamatovi\u0107 4, A. Petrovi\u0107 8, Grbavac 2, Nosi\u0107 1, Prskalo 4, Cipeti\u0107 3, Boras 1\/1, Skoko (1 obrana).<br>Trener: Josipa Petrovi\u0107.<\/p>\n\n\n\n<p><strong>\u017dRK Mira<\/strong>: D. Gligorevi\u0107 13, Ba\u0161anovi\u0107 15\/3, Bojani\u0107, Maksimovi\u0107 2, Milju\u0161, Stojan\u010di\u0107, Novakovi\u0107 1, Babi\u0107, Grbi\u0107, M. Muti\u0107, N. Muti\u0107, Bilbija 1, M. Grigorevi\u0107 (17 obrana, 1 sedmerac).<\/p>\n\n\n\n<p>Trener: Darko Grigorevi\u0107.<\/p>\n\n\n\n<p>Sedmerci: Izvi\u0111a\u010d CO 9\/7, Mira 5\/4.<br>Isklju\u010denja: Izvi\u0111a\u010d CO 2 minute, Mira 2 minute.<\/p>\n\n\n\n<p><strong>Izvor: izvidjac.com<\/strong><\/p>\n","protected":false},"excerpt":{"rendered":"<p>Rukometa\u0161ice Izvi\u0111a\u010d Central osiguranja ju\u010der su u Gradskoj \u0161portskoj dvorani u Ljubu\u0161kom, u sklopu 18. kola Premijer lige za rukometa\u0161ice, pobijedili \u017dRK Miru iz Prijedora i nastavile svoj pobjedni\u010dki niz. Briljantna pobjeda, u pro\u0161lom kolu u Had\u017ei\u0107ima, nad ekipom RK Had\u017ei\u0107i, jednim od kandidata za osvajanje titule prvaka BiH, o\u010dito za posljedicu je imalo emocionalno [&hellip;]<\/p>\n","protected":false},"author":2,"featured_media":131789,"comment_status":"closed","ping_status":"closed","sticky":false,"template":"","format":"standard","meta":{"h5ap_radio_sources":[],"footnotes":""},"categories":[3],"tags":[],"class_list":["post-132493","post","type-post","status-publish","format-standard","has-post-thumbnail","hentry","category-ljubuski"],"yoast_head":"<!-- This site is optimized with the Yoast SEO plugin v27.5 - https:\/\/yoast.com\/product\/yoast-seo-wordpress\/ -->\n<title>\u201cSkautice\u201d pobjedom nad Mirom nastavile pobjedni\u010dki niz - RADIO LJUBU\u0160KI<\/title>\n<meta name=\"robots\" content=\"index, follow, max-snippet:-1, max-image-preview:large, max-video-preview:-1\" \/>\n<link rel=\"canonical\" href=\"https:\/\/radioljubuski.ba\/index.php\/2022\/04\/14\/skautice-pobjedom-nad-mirom-nastavile-pobjednicki-niz\/\" \/>\n<meta property=\"og:locale\" content=\"hr_HR\" \/>\n<meta property=\"og:type\" content=\"article\" \/>\n<meta property=\"og:title\" content=\"\u201cSkautice\u201d pobjedom nad Mirom nastavile pobjedni\u010dki niz - RADIO LJUBU\u0160KI\" \/>\n<meta property=\"og:description\" content=\"Rukometa\u0161ice Izvi\u0111a\u010d Central osiguranja ju\u010der su u Gradskoj \u0161portskoj dvorani u Ljubu\u0161kom, u sklopu 18. kola Premijer lige za rukometa\u0161ice, pobijedili \u017dRK Miru iz Prijedora i nastavile svoj pobjedni\u010dki niz. Briljantna pobjeda, u pro\u0161lom kolu u Had\u017ei\u0107ima, nad ekipom RK Had\u017ei\u0107i, jednim od kandidata za osvajanje titule prvaka BiH, o\u010dito za posljedicu je imalo emocionalno [&hellip;]\" \/>\n<meta property=\"og:url\" content=\"https:\/\/radioljubuski.ba\/index.php\/2022\/04\/14\/skautice-pobjedom-nad-mirom-nastavile-pobjednicki-niz\/\" \/>\n<meta property=\"og:site_name\" content=\"RADIO LJUBU\u0160KI\" \/>\n<meta property=\"article:publisher\" content=\"https:\/\/www.facebook.com\/Radiio-Ljubuski-1490835324566332\" \/>\n<meta property=\"article:published_time\" content=\"2022-04-14T09:01:29+00:00\" \/>\n<meta property=\"article:modified_time\" content=\"2022-04-14T09:01:30+00:00\" \/>\n<meta property=\"og:image\" content=\"https:\/\/radioljubuski.ba\/wp-content\/uploads\/2022\/04\/skautice1.jpg\" \/>\n\t<meta property=\"og:image:width\" content=\"1024\" \/>\n\t<meta property=\"og:image:height\" content=\"730\" \/>\n\t<meta property=\"og:image:type\" content=\"image\/jpeg\" \/>\n<meta name=\"author\" content=\"Radio Ljubu\u0161ki\" \/>\n<meta name=\"twitter:card\" content=\"summary_large_image\" \/>\n<meta name=\"twitter:creator\" content=\"@radioljubuski\" \/>\n<meta name=\"twitter:site\" content=\"@radioljubuski\" \/>\n<meta name=\"twitter:label1\" content=\"Napisao\/la\" \/>\n\t<meta name=\"twitter:data1\" content=\"Radio Ljubu\u0161ki\" \/>\n\t<meta name=\"twitter:label2\" content=\"Procijenjeno vrijeme \u010ditanja\" \/>\n\t<meta name=\"twitter:data2\" content=\"2 minute\" \/>\n<script type=\"application\/ld+json\" class=\"yoast-schema-graph\">{\"@context\":\"https:\\\/\\\/schema.org\",\"@graph\":[{\"@type\":\"Article\",\"@id\":\"https:\\\/\\\/radioljubuski.ba\\\/index.php\\\/2022\\\/04\\\/14\\\/skautice-pobjedom-nad-mirom-nastavile-pobjednicki-niz\\\/#article\",\"isPartOf\":{\"@id\":\"https:\\\/\\\/radioljubuski.ba\\\/index.php\\\/2022\\\/04\\\/14\\\/skautice-pobjedom-nad-mirom-nastavile-pobjednicki-niz\\\/\"},\"author\":{\"name\":\"Radio Ljubu\u0161ki\",\"@id\":\"https:\\\/\\\/radioljubuski.ba\\\/#\\\/schema\\\/person\\\/19fc700381a780f69665d7956c469e3b\"},\"headline\":\"\u201cSkautice\u201d pobjedom nad Mirom nastavile pobjedni\u010dki niz\",\"datePublished\":\"2022-04-14T09:01:29+00:00\",\"dateModified\":\"2022-04-14T09:01:30+00:00\",\"mainEntityOfPage\":{\"@id\":\"https:\\\/\\\/radioljubuski.ba\\\/index.php\\\/2022\\\/04\\\/14\\\/skautice-pobjedom-nad-mirom-nastavile-pobjednicki-niz\\\/\"},\"wordCount\":455,\"publisher\":{\"@id\":\"https:\\\/\\\/radioljubuski.ba\\\/#organization\"},\"image\":{\"@id\":\"https:\\\/\\\/radioljubuski.ba\\\/index.php\\\/2022\\\/04\\\/14\\\/skautice-pobjedom-nad-mirom-nastavile-pobjednicki-niz\\\/#primaryimage\"},\"thumbnailUrl\":\"https:\\\/\\\/radioljubuski.ba\\\/wp-content\\\/uploads\\\/2022\\\/04\\\/skautice1.jpg\",\"articleSection\":[\"Ljubu\u0161ki\"],\"inLanguage\":\"hr\"},{\"@type\":\"WebPage\",\"@id\":\"https:\\\/\\\/radioljubuski.ba\\\/index.php\\\/2022\\\/04\\\/14\\\/skautice-pobjedom-nad-mirom-nastavile-pobjednicki-niz\\\/\",\"url\":\"https:\\\/\\\/radioljubuski.ba\\\/index.php\\\/2022\\\/04\\\/14\\\/skautice-pobjedom-nad-mirom-nastavile-pobjednicki-niz\\\/\",\"name\":\"\u201cSkautice\u201d pobjedom nad Mirom nastavile pobjedni\u010dki niz - RADIO LJUBU\u0160KI\",\"isPartOf\":{\"@id\":\"https:\\\/\\\/radioljubuski.ba\\\/#website\"},\"primaryImageOfPage\":{\"@id\":\"https:\\\/\\\/radioljubuski.ba\\\/index.php\\\/2022\\\/04\\\/14\\\/skautice-pobjedom-nad-mirom-nastavile-pobjednicki-niz\\\/#primaryimage\"},\"image\":{\"@id\":\"https:\\\/\\\/radioljubuski.ba\\\/index.php\\\/2022\\\/04\\\/14\\\/skautice-pobjedom-nad-mirom-nastavile-pobjednicki-niz\\\/#primaryimage\"},\"thumbnailUrl\":\"https:\\\/\\\/radioljubuski.ba\\\/wp-content\\\/uploads\\\/2022\\\/04\\\/skautice1.jpg\",\"datePublished\":\"2022-04-14T09:01:29+00:00\",\"dateModified\":\"2022-04-14T09:01:30+00:00\",\"breadcrumb\":{\"@id\":\"https:\\\/\\\/radioljubuski.ba\\\/index.php\\\/2022\\\/04\\\/14\\\/skautice-pobjedom-nad-mirom-nastavile-pobjednicki-niz\\\/#breadcrumb\"},\"inLanguage\":\"hr\",\"potentialAction\":[{\"@type\":\"ReadAction\",\"target\":[\"https:\\\/\\\/radioljubuski.ba\\\/index.php\\\/2022\\\/04\\\/14\\\/skautice-pobjedom-nad-mirom-nastavile-pobjednicki-niz\\\/\"]}]},{\"@type\":\"ImageObject\",\"inLanguage\":\"hr\",\"@id\":\"https:\\\/\\\/radioljubuski.ba\\\/index.php\\\/2022\\\/04\\\/14\\\/skautice-pobjedom-nad-mirom-nastavile-pobjednicki-niz\\\/#primaryimage\",\"url\":\"https:\\\/\\\/radioljubuski.ba\\\/wp-content\\\/uploads\\\/2022\\\/04\\\/skautice1.jpg\",\"contentUrl\":\"https:\\\/\\\/radioljubuski.ba\\\/wp-content\\\/uploads\\\/2022\\\/04\\\/skautice1.jpg\",\"width\":1024,\"height\":730},{\"@type\":\"BreadcrumbList\",\"@id\":\"https:\\\/\\\/radioljubuski.ba\\\/index.php\\\/2022\\\/04\\\/14\\\/skautice-pobjedom-nad-mirom-nastavile-pobjednicki-niz\\\/#breadcrumb\",\"itemListElement\":[{\"@type\":\"ListItem\",\"position\":1,\"name\":\"Po\u010detna stranica\",\"item\":\"https:\\\/\\\/radioljubuski.ba\\\/\"},{\"@type\":\"ListItem\",\"position\":2,\"name\":\"\u201cSkautice\u201d pobjedom nad Mirom nastavile pobjedni\u010dki niz\"}]},{\"@type\":\"WebSite\",\"@id\":\"https:\\\/\\\/radioljubuski.ba\\\/#website\",\"url\":\"https:\\\/\\\/radioljubuski.ba\\\/\",\"name\":\"Radio Ljubu\u0161ki\",\"description\":\"Sun\u010dana frekvencija Hercegovine\",\"publisher\":{\"@id\":\"https:\\\/\\\/radioljubuski.ba\\\/#organization\"},\"potentialAction\":[{\"@type\":\"SearchAction\",\"target\":{\"@type\":\"EntryPoint\",\"urlTemplate\":\"https:\\\/\\\/radioljubuski.ba\\\/?s={search_term_string}\"},\"query-input\":{\"@type\":\"PropertyValueSpecification\",\"valueRequired\":true,\"valueName\":\"search_term_string\"}}],\"inLanguage\":\"hr\"},{\"@type\":\"Organization\",\"@id\":\"https:\\\/\\\/radioljubuski.ba\\\/#organization\",\"name\":\"Radio Ljubu\u0161ki\",\"url\":\"https:\\\/\\\/radioljubuski.ba\\\/\",\"logo\":{\"@type\":\"ImageObject\",\"inLanguage\":\"hr\",\"@id\":\"https:\\\/\\\/radioljubuski.ba\\\/#\\\/schema\\\/logo\\\/image\\\/\",\"url\":\"https:\\\/\\\/radioljubuski.ba\\\/wp-content\\\/uploads\\\/2021\\\/02\\\/cropped-Radio_Ljubuski_logo1.jpg\",\"contentUrl\":\"https:\\\/\\\/radioljubuski.ba\\\/wp-content\\\/uploads\\\/2021\\\/02\\\/cropped-Radio_Ljubuski_logo1.jpg\",\"width\":512,\"height\":512,\"caption\":\"Radio Ljubu\u0161ki\"},\"image\":{\"@id\":\"https:\\\/\\\/radioljubuski.ba\\\/#\\\/schema\\\/logo\\\/image\\\/\"},\"sameAs\":[\"https:\\\/\\\/www.facebook.com\\\/Radiio-Ljubuski-1490835324566332\",\"https:\\\/\\\/x.com\\\/radioljubuski\",\"https:\\\/\\\/hr.linkedin.com\\\/company\\\/radio-ljubuski\",\"https:\\\/\\\/www.youtube.com\\\/channel\\\/UCHYaeO_n0Db3tjNGudGpXyw\"]},{\"@type\":\"Person\",\"@id\":\"https:\\\/\\\/radioljubuski.ba\\\/#\\\/schema\\\/person\\\/19fc700381a780f69665d7956c469e3b\",\"name\":\"Radio Ljubu\u0161ki\"}]}<\/script>\n<!-- \/ Yoast SEO plugin. -->","yoast_head_json":{"title":"\u201cSkautice\u201d pobjedom nad Mirom nastavile pobjedni\u010dki niz - RADIO LJUBU\u0160KI","robots":{"index":"index","follow":"follow","max-snippet":"max-snippet:-1","max-image-preview":"max-image-preview:large","max-video-preview":"max-video-preview:-1"},"canonical":"https:\/\/radioljubuski.ba\/index.php\/2022\/04\/14\/skautice-pobjedom-nad-mirom-nastavile-pobjednicki-niz\/","og_locale":"hr_HR","og_type":"article","og_title":"\u201cSkautice\u201d pobjedom nad Mirom nastavile pobjedni\u010dki niz - RADIO LJUBU\u0160KI","og_description":"Rukometa\u0161ice Izvi\u0111a\u010d Central osiguranja ju\u010der su u Gradskoj \u0161portskoj dvorani u Ljubu\u0161kom, u sklopu 18. kola Premijer lige za rukometa\u0161ice, pobijedili \u017dRK Miru iz Prijedora i nastavile svoj pobjedni\u010dki niz. Briljantna pobjeda, u pro\u0161lom kolu u Had\u017ei\u0107ima, nad ekipom RK Had\u017ei\u0107i, jednim od kandidata za osvajanje titule prvaka BiH, o\u010dito za posljedicu je imalo emocionalno [&hellip;]","og_url":"https:\/\/radioljubuski.ba\/index.php\/2022\/04\/14\/skautice-pobjedom-nad-mirom-nastavile-pobjednicki-niz\/","og_site_name":"RADIO LJUBU\u0160KI","article_publisher":"https:\/\/www.facebook.com\/Radiio-Ljubuski-1490835324566332","article_published_time":"2022-04-14T09:01:29+00:00","article_modified_time":"2022-04-14T09:01:30+00:00","og_image":[{"width":1024,"height":730,"url":"https:\/\/radioljubuski.ba\/wp-content\/uploads\/2022\/04\/skautice1.jpg","type":"image\/jpeg"}],"author":"Radio Ljubu\u0161ki","twitter_card":"summary_large_image","twitter_creator":"@radioljubuski","twitter_site":"@radioljubuski","twitter_misc":{"Napisao\/la":"Radio Ljubu\u0161ki","Procijenjeno vrijeme \u010ditanja":"2 minute"},"schema":{"@context":"https:\/\/schema.org","@graph":[{"@type":"Article","@id":"https:\/\/radioljubuski.ba\/index.php\/2022\/04\/14\/skautice-pobjedom-nad-mirom-nastavile-pobjednicki-niz\/#article","isPartOf":{"@id":"https:\/\/radioljubuski.ba\/index.php\/2022\/04\/14\/skautice-pobjedom-nad-mirom-nastavile-pobjednicki-niz\/"},"author":{"name":"Radio Ljubu\u0161ki","@id":"https:\/\/radioljubuski.ba\/#\/schema\/person\/19fc700381a780f69665d7956c469e3b"},"headline":"\u201cSkautice\u201d pobjedom nad Mirom nastavile pobjedni\u010dki niz","datePublished":"2022-04-14T09:01:29+00:00","dateModified":"2022-04-14T09:01:30+00:00","mainEntityOfPage":{"@id":"https:\/\/radioljubuski.ba\/index.php\/2022\/04\/14\/skautice-pobjedom-nad-mirom-nastavile-pobjednicki-niz\/"},"wordCount":455,"publisher":{"@id":"https:\/\/radioljubuski.ba\/#organization"},"image":{"@id":"https:\/\/radioljubuski.ba\/index.php\/2022\/04\/14\/skautice-pobjedom-nad-mirom-nastavile-pobjednicki-niz\/#primaryimage"},"thumbnailUrl":"https:\/\/radioljubuski.ba\/wp-content\/uploads\/2022\/04\/skautice1.jpg","articleSection":["Ljubu\u0161ki"],"inLanguage":"hr"},{"@type":"WebPage","@id":"https:\/\/radioljubuski.ba\/index.php\/2022\/04\/14\/skautice-pobjedom-nad-mirom-nastavile-pobjednicki-niz\/","url":"https:\/\/radioljubuski.ba\/index.php\/2022\/04\/14\/skautice-pobjedom-nad-mirom-nastavile-pobjednicki-niz\/","name":"\u201cSkautice\u201d pobjedom nad Mirom nastavile pobjedni\u010dki niz - RADIO LJUBU\u0160KI","isPartOf":{"@id":"https:\/\/radioljubuski.ba\/#website"},"primaryImageOfPage":{"@id":"https:\/\/radioljubuski.ba\/index.php\/2022\/04\/14\/skautice-pobjedom-nad-mirom-nastavile-pobjednicki-niz\/#primaryimage"},"image":{"@id":"https:\/\/radioljubuski.ba\/index.php\/2022\/04\/14\/skautice-pobjedom-nad-mirom-nastavile-pobjednicki-niz\/#primaryimage"},"thumbnailUrl":"https:\/\/radioljubuski.ba\/wp-content\/uploads\/2022\/04\/skautice1.jpg","datePublished":"2022-04-14T09:01:29+00:00","dateModified":"2022-04-14T09:01:30+00:00","breadcrumb":{"@id":"https:\/\/radioljubuski.ba\/index.php\/2022\/04\/14\/skautice-pobjedom-nad-mirom-nastavile-pobjednicki-niz\/#breadcrumb"},"inLanguage":"hr","potentialAction":[{"@type":"ReadAction","target":["https:\/\/radioljubuski.ba\/index.php\/2022\/04\/14\/skautice-pobjedom-nad-mirom-nastavile-pobjednicki-niz\/"]}]},{"@type":"ImageObject","inLanguage":"hr","@id":"https:\/\/radioljubuski.ba\/index.php\/2022\/04\/14\/skautice-pobjedom-nad-mirom-nastavile-pobjednicki-niz\/#primaryimage","url":"https:\/\/radioljubuski.ba\/wp-content\/uploads\/2022\/04\/skautice1.jpg","contentUrl":"https:\/\/radioljubuski.ba\/wp-content\/uploads\/2022\/04\/skautice1.jpg","width":1024,"height":730},{"@type":"BreadcrumbList","@id":"https:\/\/radioljubuski.ba\/index.php\/2022\/04\/14\/skautice-pobjedom-nad-mirom-nastavile-pobjednicki-niz\/#breadcrumb","itemListElement":[{"@type":"ListItem","position":1,"name":"Po\u010detna stranica","item":"https:\/\/radioljubuski.ba\/"},{"@type":"ListItem","position":2,"name":"\u201cSkautice\u201d pobjedom nad Mirom nastavile pobjedni\u010dki niz"}]},{"@type":"WebSite","@id":"https:\/\/radioljubuski.ba\/#website","url":"https:\/\/radioljubuski.ba\/","name":"Radio Ljubu\u0161ki","description":"Sun\u010dana frekvencija Hercegovine","publisher":{"@id":"https:\/\/radioljubuski.ba\/#organization"},"potentialAction":[{"@type":"SearchAction","target":{"@type":"EntryPoint","urlTemplate":"https:\/\/radioljubuski.ba\/?s={search_term_string}"},"query-input":{"@type":"PropertyValueSpecification","valueRequired":true,"valueName":"search_term_string"}}],"inLanguage":"hr"},{"@type":"Organization","@id":"https:\/\/radioljubuski.ba\/#organization","name":"Radio Ljubu\u0161ki","url":"https:\/\/radioljubuski.ba\/","logo":{"@type":"ImageObject","inLanguage":"hr","@id":"https:\/\/radioljubuski.ba\/#\/schema\/logo\/image\/","url":"https:\/\/radioljubuski.ba\/wp-content\/uploads\/2021\/02\/cropped-Radio_Ljubuski_logo1.jpg","contentUrl":"https:\/\/radioljubuski.ba\/wp-content\/uploads\/2021\/02\/cropped-Radio_Ljubuski_logo1.jpg","width":512,"height":512,"caption":"Radio Ljubu\u0161ki"},"image":{"@id":"https:\/\/radioljubuski.ba\/#\/schema\/logo\/image\/"},"sameAs":["https:\/\/www.facebook.com\/Radiio-Ljubuski-1490835324566332","https:\/\/x.com\/radioljubuski","https:\/\/hr.linkedin.com\/company\/radio-ljubuski","https:\/\/www.youtube.com\/channel\/UCHYaeO_n0Db3tjNGudGpXyw"]},{"@type":"Person","@id":"https:\/\/radioljubuski.ba\/#\/schema\/person\/19fc700381a780f69665d7956c469e3b","name":"Radio Ljubu\u0161ki"}]}},"_links":{"self":[{"href":"https:\/\/radioljubuski.ba\/index.php\/wp-json\/wp\/v2\/posts\/132493","targetHints":{"allow":["GET"]}}],"collection":[{"href":"https:\/\/radioljubuski.ba\/index.php\/wp-json\/wp\/v2\/posts"}],"about":[{"href":"https:\/\/radioljubuski.ba\/index.php\/wp-json\/wp\/v2\/types\/post"}],"author":[{"embeddable":true,"href":"https:\/\/radioljubuski.ba\/index.php\/wp-json\/wp\/v2\/users\/2"}],"replies":[{"embeddable":true,"href":"https:\/\/radioljubuski.ba\/index.php\/wp-json\/wp\/v2\/comments?post=132493"}],"version-history":[{"count":1,"href":"https:\/\/radioljubuski.ba\/index.php\/wp-json\/wp\/v2\/posts\/132493\/revisions"}],"predecessor-version":[{"id":132494,"href":"https:\/\/radioljubuski.ba\/index.php\/wp-json\/wp\/v2\/posts\/132493\/revisions\/132494"}],"wp:featuredmedia":[{"embeddable":true,"href":"https:\/\/radioljubuski.ba\/index.php\/wp-json\/wp\/v2\/media\/131789"}],"wp:attachment":[{"href":"https:\/\/radioljubuski.ba\/index.php\/wp-json\/wp\/v2\/media?parent=132493"}],"wp:term":[{"taxonomy":"category","embeddable":true,"href":"https:\/\/radioljubuski.ba\/index.php\/wp-json\/wp\/v2\/categories?post=132493"},{"taxonomy":"post_tag","embeddable":true,"href":"https:\/\/radioljubuski.ba\/index.php\/wp-json\/wp\/v2\/tags?post=132493"}],"curies":[{"name":"wp","href":"https:\/\/api.w.org\/{rel}","templated":true}]}}