{"id":132525,"date":"2022-04-14T11:31:08","date_gmt":"2022-04-14T10:31:08","guid":{"rendered":"https:\/\/radioljubuski.ba\/?p=132525"},"modified":"2022-04-14T11:31:10","modified_gmt":"2022-04-14T10:31:10","slug":"hrvati-uhvaceni-na-njemackoj-granici-opremljeni-drogom-krenuli-na-posao","status":"publish","type":"post","link":"https:\/\/radioljubuski.ba\/index.php\/2022\/04\/14\/hrvati-uhvaceni-na-njemackoj-granici-opremljeni-drogom-krenuli-na-posao\/","title":{"rendered":"Hrvati uhva\u0107eni na njema\u010dkoj granici: &#8216;Opremljeni&#8217; drogom krenuli na posao"},"content":{"rendered":"\n<p>Pro\u0161le srijede ne\u0161to prije pono\u0107i, automobil koji je vozio s grani\u010dnog prijelaza Walserberg u smjeru M\u00fcnchena isklju\u010den je iz prometa i carinski slu\u017ebenici Jedinice za kontrolu prometnih pravaca Traunstein (KEV) glavne carinarnice u Rosenheimu izvr\u0161ili su kontrolu, pi\u0161e&nbsp;<a href=\"https:\/\/fenix-magazin.de\/uhvaceni-na-njemackoj-granici-hrvati-opremljeni-krenuli-na-posao-pronadena-marihuana-kokain-heroin\/\" target=\"_blank\" rel=\"noreferrer noopener\">Fenix<\/a>.<\/p>\n\n\n\n<p>Svih troje putnika, dva mu\u0161karca i jedna \u017eena, bili su hrvatski dr\u017eavljani koji su \u017eeljeli koristiti pre\u010dac preko Njema\u010dke (Inntalautobahn) za povratak do svog radnog mjesta u Arlbergu (Austrija).<\/p>\n\n\n\n<p>Nakon \u0161to su svi odgovorili negativno na rutinsko pitanje o robi koja se mora prijaviti i zabranjenim artiklima, carinici su i automobil i putnike podvrgli opse\u017enijoj provjeri.<\/p>\n\n\n\n<p>U prvom ruksaku na stra\u017enjem sjedalu, koji je pripadao \u017eeni, prona\u0111ena je manja koli\u010dina marihuane. Potom je pomnije pregledana njezina odje\u0107a i prona\u0111eni su amfetamini ukupne te\u017eine 5,12 grama. Putnici je pripadao i mali aluminijski paketi\u0107 s 11,69 g (bruto) amfetamina otkriven ispod stra\u017enjeg sjedala.<\/p>\n\n\n\n<p>Daljnjim pregledom automobila, u putnoj torbi u prtlja\u017eniku prona\u0111ene su dvije velike plasti\u010dne vre\u0107ice marihuane bruto te\u017eine preko 300 g, koja je navodno pripadala jednom od mu\u0161karaca.<\/p>\n\n\n\n<p>Carinici su tada pregledali i njegovu odje\u0107u i prona\u0161li druge narkotike, 0,39 g kokaina i 0,9 g heroina (sve bruto te\u017eine). Svi narkotici su zaplijenjeni.<\/p>\n\n\n\n<p>Protiv obojice osumnji\u010denih pokrenut je kazneni postupak, pri \u010demu je optu\u017eenik privremeno uhi\u0107en od strane m\u00fcnchenskog carinskog odjela, dok je optu\u017eenoj \u017eeni omogu\u0107en nastavak putovanja zajedno s voza\u010dem nakon \u0161to je polo\u017eila jam\u010devinu od 2.000 eura.<\/p>\n\n\n\n<p><strong>Izvor: Pogled.ba<\/strong><\/p>\n","protected":false},"excerpt":{"rendered":"<p>Pro\u0161le srijede ne\u0161to prije pono\u0107i, automobil koji je vozio s grani\u010dnog prijelaza Walserberg u smjeru M\u00fcnchena isklju\u010den je iz prometa i carinski slu\u017ebenici Jedinice za kontrolu prometnih pravaca Traunstein (KEV) glavne carinarnice u Rosenheimu izvr\u0161ili su kontrolu, pi\u0161e&nbsp;Fenix. Svih troje putnika, dva mu\u0161karca i jedna \u017eena, bili su hrvatski dr\u017eavljani koji su \u017eeljeli koristiti pre\u010dac [&hellip;]<\/p>\n","protected":false},"author":2,"featured_media":88446,"comment_status":"closed","ping_status":"closed","sticky":false,"template":"","format":"standard","meta":{"h5ap_radio_sources":[],"footnotes":""},"categories":[1],"tags":[],"class_list":["post-132525","post","type-post","status-publish","format-standard","has-post-thumbnail","hentry","category-bihiregija"],"yoast_head":"<!-- This site is optimized with the Yoast SEO plugin v27.5 - https:\/\/yoast.com\/product\/yoast-seo-wordpress\/ -->\n<title>Hrvati uhva\u0107eni na njema\u010dkoj granici: &#039;Opremljeni&#039; drogom krenuli na posao - RADIO LJUBU\u0160KI<\/title>\n<meta name=\"robots\" content=\"index, follow, max-snippet:-1, max-image-preview:large, max-video-preview:-1\" \/>\n<link rel=\"canonical\" href=\"https:\/\/radioljubuski.ba\/index.php\/2022\/04\/14\/hrvati-uhvaceni-na-njemackoj-granici-opremljeni-drogom-krenuli-na-posao\/\" \/>\n<meta property=\"og:locale\" content=\"hr_HR\" \/>\n<meta property=\"og:type\" content=\"article\" \/>\n<meta property=\"og:title\" content=\"Hrvati uhva\u0107eni na njema\u010dkoj granici: &#039;Opremljeni&#039; drogom krenuli na posao - RADIO LJUBU\u0160KI\" \/>\n<meta property=\"og:description\" content=\"Pro\u0161le srijede ne\u0161to prije pono\u0107i, automobil koji je vozio s grani\u010dnog prijelaza Walserberg u smjeru M\u00fcnchena isklju\u010den je iz prometa i carinski slu\u017ebenici Jedinice za kontrolu prometnih pravaca Traunstein (KEV) glavne carinarnice u Rosenheimu izvr\u0161ili su kontrolu, pi\u0161e&nbsp;Fenix. Svih troje putnika, dva mu\u0161karca i jedna \u017eena, bili su hrvatski dr\u017eavljani koji su \u017eeljeli koristiti pre\u010dac [&hellip;]\" \/>\n<meta property=\"og:url\" content=\"https:\/\/radioljubuski.ba\/index.php\/2022\/04\/14\/hrvati-uhvaceni-na-njemackoj-granici-opremljeni-drogom-krenuli-na-posao\/\" \/>\n<meta property=\"og:site_name\" content=\"RADIO LJUBU\u0160KI\" \/>\n<meta property=\"article:publisher\" content=\"https:\/\/www.facebook.com\/Radiio-Ljubuski-1490835324566332\" \/>\n<meta property=\"article:published_time\" content=\"2022-04-14T10:31:08+00:00\" \/>\n<meta property=\"article:modified_time\" content=\"2022-04-14T10:31:10+00:00\" \/>\n<meta property=\"og:image\" content=\"https:\/\/radioljubuski.ba\/wp-content\/uploads\/2021\/11\/hES7VIPk_lisice_uhicenje_4.jpg\" \/>\n\t<meta property=\"og:image:width\" content=\"1000\" \/>\n\t<meta property=\"og:image:height\" content=\"625\" \/>\n\t<meta property=\"og:image:type\" content=\"image\/jpeg\" \/>\n<meta name=\"author\" content=\"Radio Ljubu\u0161ki\" \/>\n<meta name=\"twitter:card\" content=\"summary_large_image\" \/>\n<meta name=\"twitter:creator\" content=\"@radioljubuski\" \/>\n<meta name=\"twitter:site\" content=\"@radioljubuski\" \/>\n<meta name=\"twitter:label1\" content=\"Napisao\/la\" \/>\n\t<meta name=\"twitter:data1\" content=\"Radio Ljubu\u0161ki\" \/>\n\t<meta name=\"twitter:label2\" content=\"Procijenjeno vrijeme \u010ditanja\" \/>\n\t<meta name=\"twitter:data2\" content=\"2 minute\" \/>\n<script type=\"application\/ld+json\" class=\"yoast-schema-graph\">{\"@context\":\"https:\\\/\\\/schema.org\",\"@graph\":[{\"@type\":\"Article\",\"@id\":\"https:\\\/\\\/radioljubuski.ba\\\/index.php\\\/2022\\\/04\\\/14\\\/hrvati-uhvaceni-na-njemackoj-granici-opremljeni-drogom-krenuli-na-posao\\\/#article\",\"isPartOf\":{\"@id\":\"https:\\\/\\\/radioljubuski.ba\\\/index.php\\\/2022\\\/04\\\/14\\\/hrvati-uhvaceni-na-njemackoj-granici-opremljeni-drogom-krenuli-na-posao\\\/\"},\"author\":{\"name\":\"Radio Ljubu\u0161ki\",\"@id\":\"https:\\\/\\\/radioljubuski.ba\\\/#\\\/schema\\\/person\\\/19fc700381a780f69665d7956c469e3b\"},\"headline\":\"Hrvati uhva\u0107eni na njema\u010dkoj granici: &#8216;Opremljeni&#8217; drogom krenuli na posao\",\"datePublished\":\"2022-04-14T10:31:08+00:00\",\"dateModified\":\"2022-04-14T10:31:10+00:00\",\"mainEntityOfPage\":{\"@id\":\"https:\\\/\\\/radioljubuski.ba\\\/index.php\\\/2022\\\/04\\\/14\\\/hrvati-uhvaceni-na-njemackoj-granici-opremljeni-drogom-krenuli-na-posao\\\/\"},\"wordCount\":277,\"publisher\":{\"@id\":\"https:\\\/\\\/radioljubuski.ba\\\/#organization\"},\"image\":{\"@id\":\"https:\\\/\\\/radioljubuski.ba\\\/index.php\\\/2022\\\/04\\\/14\\\/hrvati-uhvaceni-na-njemackoj-granici-opremljeni-drogom-krenuli-na-posao\\\/#primaryimage\"},\"thumbnailUrl\":\"https:\\\/\\\/radioljubuski.ba\\\/wp-content\\\/uploads\\\/2021\\\/11\\\/hES7VIPk_lisice_uhicenje_4.jpg\",\"articleSection\":[\"BIH i regija\"],\"inLanguage\":\"hr\"},{\"@type\":\"WebPage\",\"@id\":\"https:\\\/\\\/radioljubuski.ba\\\/index.php\\\/2022\\\/04\\\/14\\\/hrvati-uhvaceni-na-njemackoj-granici-opremljeni-drogom-krenuli-na-posao\\\/\",\"url\":\"https:\\\/\\\/radioljubuski.ba\\\/index.php\\\/2022\\\/04\\\/14\\\/hrvati-uhvaceni-na-njemackoj-granici-opremljeni-drogom-krenuli-na-posao\\\/\",\"name\":\"Hrvati uhva\u0107eni na njema\u010dkoj granici: 'Opremljeni' drogom krenuli na posao - RADIO LJUBU\u0160KI\",\"isPartOf\":{\"@id\":\"https:\\\/\\\/radioljubuski.ba\\\/#website\"},\"primaryImageOfPage\":{\"@id\":\"https:\\\/\\\/radioljubuski.ba\\\/index.php\\\/2022\\\/04\\\/14\\\/hrvati-uhvaceni-na-njemackoj-granici-opremljeni-drogom-krenuli-na-posao\\\/#primaryimage\"},\"image\":{\"@id\":\"https:\\\/\\\/radioljubuski.ba\\\/index.php\\\/2022\\\/04\\\/14\\\/hrvati-uhvaceni-na-njemackoj-granici-opremljeni-drogom-krenuli-na-posao\\\/#primaryimage\"},\"thumbnailUrl\":\"https:\\\/\\\/radioljubuski.ba\\\/wp-content\\\/uploads\\\/2021\\\/11\\\/hES7VIPk_lisice_uhicenje_4.jpg\",\"datePublished\":\"2022-04-14T10:31:08+00:00\",\"dateModified\":\"2022-04-14T10:31:10+00:00\",\"breadcrumb\":{\"@id\":\"https:\\\/\\\/radioljubuski.ba\\\/index.php\\\/2022\\\/04\\\/14\\\/hrvati-uhvaceni-na-njemackoj-granici-opremljeni-drogom-krenuli-na-posao\\\/#breadcrumb\"},\"inLanguage\":\"hr\",\"potentialAction\":[{\"@type\":\"ReadAction\",\"target\":[\"https:\\\/\\\/radioljubuski.ba\\\/index.php\\\/2022\\\/04\\\/14\\\/hrvati-uhvaceni-na-njemackoj-granici-opremljeni-drogom-krenuli-na-posao\\\/\"]}]},{\"@type\":\"ImageObject\",\"inLanguage\":\"hr\",\"@id\":\"https:\\\/\\\/radioljubuski.ba\\\/index.php\\\/2022\\\/04\\\/14\\\/hrvati-uhvaceni-na-njemackoj-granici-opremljeni-drogom-krenuli-na-posao\\\/#primaryimage\",\"url\":\"https:\\\/\\\/radioljubuski.ba\\\/wp-content\\\/uploads\\\/2021\\\/11\\\/hES7VIPk_lisice_uhicenje_4.jpg\",\"contentUrl\":\"https:\\\/\\\/radioljubuski.ba\\\/wp-content\\\/uploads\\\/2021\\\/11\\\/hES7VIPk_lisice_uhicenje_4.jpg\",\"width\":1000,\"height\":625},{\"@type\":\"BreadcrumbList\",\"@id\":\"https:\\\/\\\/radioljubuski.ba\\\/index.php\\\/2022\\\/04\\\/14\\\/hrvati-uhvaceni-na-njemackoj-granici-opremljeni-drogom-krenuli-na-posao\\\/#breadcrumb\",\"itemListElement\":[{\"@type\":\"ListItem\",\"position\":1,\"name\":\"Po\u010detna stranica\",\"item\":\"https:\\\/\\\/radioljubuski.ba\\\/\"},{\"@type\":\"ListItem\",\"position\":2,\"name\":\"Hrvati uhva\u0107eni na njema\u010dkoj granici: &#8216;Opremljeni&#8217; drogom krenuli na posao\"}]},{\"@type\":\"WebSite\",\"@id\":\"https:\\\/\\\/radioljubuski.ba\\\/#website\",\"url\":\"https:\\\/\\\/radioljubuski.ba\\\/\",\"name\":\"Radio Ljubu\u0161ki\",\"description\":\"Sun\u010dana frekvencija Hercegovine\",\"publisher\":{\"@id\":\"https:\\\/\\\/radioljubuski.ba\\\/#organization\"},\"potentialAction\":[{\"@type\":\"SearchAction\",\"target\":{\"@type\":\"EntryPoint\",\"urlTemplate\":\"https:\\\/\\\/radioljubuski.ba\\\/?s={search_term_string}\"},\"query-input\":{\"@type\":\"PropertyValueSpecification\",\"valueRequired\":true,\"valueName\":\"search_term_string\"}}],\"inLanguage\":\"hr\"},{\"@type\":\"Organization\",\"@id\":\"https:\\\/\\\/radioljubuski.ba\\\/#organization\",\"name\":\"Radio Ljubu\u0161ki\",\"url\":\"https:\\\/\\\/radioljubuski.ba\\\/\",\"logo\":{\"@type\":\"ImageObject\",\"inLanguage\":\"hr\",\"@id\":\"https:\\\/\\\/radioljubuski.ba\\\/#\\\/schema\\\/logo\\\/image\\\/\",\"url\":\"https:\\\/\\\/radioljubuski.ba\\\/wp-content\\\/uploads\\\/2021\\\/02\\\/cropped-Radio_Ljubuski_logo1.jpg\",\"contentUrl\":\"https:\\\/\\\/radioljubuski.ba\\\/wp-content\\\/uploads\\\/2021\\\/02\\\/cropped-Radio_Ljubuski_logo1.jpg\",\"width\":512,\"height\":512,\"caption\":\"Radio Ljubu\u0161ki\"},\"image\":{\"@id\":\"https:\\\/\\\/radioljubuski.ba\\\/#\\\/schema\\\/logo\\\/image\\\/\"},\"sameAs\":[\"https:\\\/\\\/www.facebook.com\\\/Radiio-Ljubuski-1490835324566332\",\"https:\\\/\\\/x.com\\\/radioljubuski\",\"https:\\\/\\\/hr.linkedin.com\\\/company\\\/radio-ljubuski\",\"https:\\\/\\\/www.youtube.com\\\/channel\\\/UCHYaeO_n0Db3tjNGudGpXyw\"]},{\"@type\":\"Person\",\"@id\":\"https:\\\/\\\/radioljubuski.ba\\\/#\\\/schema\\\/person\\\/19fc700381a780f69665d7956c469e3b\",\"name\":\"Radio Ljubu\u0161ki\"}]}<\/script>\n<!-- \/ Yoast SEO plugin. -->","yoast_head_json":{"title":"Hrvati uhva\u0107eni na njema\u010dkoj granici: 'Opremljeni' drogom krenuli na posao - RADIO LJUBU\u0160KI","robots":{"index":"index","follow":"follow","max-snippet":"max-snippet:-1","max-image-preview":"max-image-preview:large","max-video-preview":"max-video-preview:-1"},"canonical":"https:\/\/radioljubuski.ba\/index.php\/2022\/04\/14\/hrvati-uhvaceni-na-njemackoj-granici-opremljeni-drogom-krenuli-na-posao\/","og_locale":"hr_HR","og_type":"article","og_title":"Hrvati uhva\u0107eni na njema\u010dkoj granici: 'Opremljeni' drogom krenuli na posao - RADIO LJUBU\u0160KI","og_description":"Pro\u0161le srijede ne\u0161to prije pono\u0107i, automobil koji je vozio s grani\u010dnog prijelaza Walserberg u smjeru M\u00fcnchena isklju\u010den je iz prometa i carinski slu\u017ebenici Jedinice za kontrolu prometnih pravaca Traunstein (KEV) glavne carinarnice u Rosenheimu izvr\u0161ili su kontrolu, pi\u0161e&nbsp;Fenix. Svih troje putnika, dva mu\u0161karca i jedna \u017eena, bili su hrvatski dr\u017eavljani koji su \u017eeljeli koristiti pre\u010dac [&hellip;]","og_url":"https:\/\/radioljubuski.ba\/index.php\/2022\/04\/14\/hrvati-uhvaceni-na-njemackoj-granici-opremljeni-drogom-krenuli-na-posao\/","og_site_name":"RADIO LJUBU\u0160KI","article_publisher":"https:\/\/www.facebook.com\/Radiio-Ljubuski-1490835324566332","article_published_time":"2022-04-14T10:31:08+00:00","article_modified_time":"2022-04-14T10:31:10+00:00","og_image":[{"width":1000,"height":625,"url":"https:\/\/radioljubuski.ba\/wp-content\/uploads\/2021\/11\/hES7VIPk_lisice_uhicenje_4.jpg","type":"image\/jpeg"}],"author":"Radio Ljubu\u0161ki","twitter_card":"summary_large_image","twitter_creator":"@radioljubuski","twitter_site":"@radioljubuski","twitter_misc":{"Napisao\/la":"Radio Ljubu\u0161ki","Procijenjeno vrijeme \u010ditanja":"2 minute"},"schema":{"@context":"https:\/\/schema.org","@graph":[{"@type":"Article","@id":"https:\/\/radioljubuski.ba\/index.php\/2022\/04\/14\/hrvati-uhvaceni-na-njemackoj-granici-opremljeni-drogom-krenuli-na-posao\/#article","isPartOf":{"@id":"https:\/\/radioljubuski.ba\/index.php\/2022\/04\/14\/hrvati-uhvaceni-na-njemackoj-granici-opremljeni-drogom-krenuli-na-posao\/"},"author":{"name":"Radio Ljubu\u0161ki","@id":"https:\/\/radioljubuski.ba\/#\/schema\/person\/19fc700381a780f69665d7956c469e3b"},"headline":"Hrvati uhva\u0107eni na njema\u010dkoj granici: &#8216;Opremljeni&#8217; drogom krenuli na posao","datePublished":"2022-04-14T10:31:08+00:00","dateModified":"2022-04-14T10:31:10+00:00","mainEntityOfPage":{"@id":"https:\/\/radioljubuski.ba\/index.php\/2022\/04\/14\/hrvati-uhvaceni-na-njemackoj-granici-opremljeni-drogom-krenuli-na-posao\/"},"wordCount":277,"publisher":{"@id":"https:\/\/radioljubuski.ba\/#organization"},"image":{"@id":"https:\/\/radioljubuski.ba\/index.php\/2022\/04\/14\/hrvati-uhvaceni-na-njemackoj-granici-opremljeni-drogom-krenuli-na-posao\/#primaryimage"},"thumbnailUrl":"https:\/\/radioljubuski.ba\/wp-content\/uploads\/2021\/11\/hES7VIPk_lisice_uhicenje_4.jpg","articleSection":["BIH i regija"],"inLanguage":"hr"},{"@type":"WebPage","@id":"https:\/\/radioljubuski.ba\/index.php\/2022\/04\/14\/hrvati-uhvaceni-na-njemackoj-granici-opremljeni-drogom-krenuli-na-posao\/","url":"https:\/\/radioljubuski.ba\/index.php\/2022\/04\/14\/hrvati-uhvaceni-na-njemackoj-granici-opremljeni-drogom-krenuli-na-posao\/","name":"Hrvati uhva\u0107eni na njema\u010dkoj granici: 'Opremljeni' drogom krenuli na posao - RADIO LJUBU\u0160KI","isPartOf":{"@id":"https:\/\/radioljubuski.ba\/#website"},"primaryImageOfPage":{"@id":"https:\/\/radioljubuski.ba\/index.php\/2022\/04\/14\/hrvati-uhvaceni-na-njemackoj-granici-opremljeni-drogom-krenuli-na-posao\/#primaryimage"},"image":{"@id":"https:\/\/radioljubuski.ba\/index.php\/2022\/04\/14\/hrvati-uhvaceni-na-njemackoj-granici-opremljeni-drogom-krenuli-na-posao\/#primaryimage"},"thumbnailUrl":"https:\/\/radioljubuski.ba\/wp-content\/uploads\/2021\/11\/hES7VIPk_lisice_uhicenje_4.jpg","datePublished":"2022-04-14T10:31:08+00:00","dateModified":"2022-04-14T10:31:10+00:00","breadcrumb":{"@id":"https:\/\/radioljubuski.ba\/index.php\/2022\/04\/14\/hrvati-uhvaceni-na-njemackoj-granici-opremljeni-drogom-krenuli-na-posao\/#breadcrumb"},"inLanguage":"hr","potentialAction":[{"@type":"ReadAction","target":["https:\/\/radioljubuski.ba\/index.php\/2022\/04\/14\/hrvati-uhvaceni-na-njemackoj-granici-opremljeni-drogom-krenuli-na-posao\/"]}]},{"@type":"ImageObject","inLanguage":"hr","@id":"https:\/\/radioljubuski.ba\/index.php\/2022\/04\/14\/hrvati-uhvaceni-na-njemackoj-granici-opremljeni-drogom-krenuli-na-posao\/#primaryimage","url":"https:\/\/radioljubuski.ba\/wp-content\/uploads\/2021\/11\/hES7VIPk_lisice_uhicenje_4.jpg","contentUrl":"https:\/\/radioljubuski.ba\/wp-content\/uploads\/2021\/11\/hES7VIPk_lisice_uhicenje_4.jpg","width":1000,"height":625},{"@type":"BreadcrumbList","@id":"https:\/\/radioljubuski.ba\/index.php\/2022\/04\/14\/hrvati-uhvaceni-na-njemackoj-granici-opremljeni-drogom-krenuli-na-posao\/#breadcrumb","itemListElement":[{"@type":"ListItem","position":1,"name":"Po\u010detna stranica","item":"https:\/\/radioljubuski.ba\/"},{"@type":"ListItem","position":2,"name":"Hrvati uhva\u0107eni na njema\u010dkoj granici: &#8216;Opremljeni&#8217; drogom krenuli na posao"}]},{"@type":"WebSite","@id":"https:\/\/radioljubuski.ba\/#website","url":"https:\/\/radioljubuski.ba\/","name":"Radio Ljubu\u0161ki","description":"Sun\u010dana frekvencija Hercegovine","publisher":{"@id":"https:\/\/radioljubuski.ba\/#organization"},"potentialAction":[{"@type":"SearchAction","target":{"@type":"EntryPoint","urlTemplate":"https:\/\/radioljubuski.ba\/?s={search_term_string}"},"query-input":{"@type":"PropertyValueSpecification","valueRequired":true,"valueName":"search_term_string"}}],"inLanguage":"hr"},{"@type":"Organization","@id":"https:\/\/radioljubuski.ba\/#organization","name":"Radio Ljubu\u0161ki","url":"https:\/\/radioljubuski.ba\/","logo":{"@type":"ImageObject","inLanguage":"hr","@id":"https:\/\/radioljubuski.ba\/#\/schema\/logo\/image\/","url":"https:\/\/radioljubuski.ba\/wp-content\/uploads\/2021\/02\/cropped-Radio_Ljubuski_logo1.jpg","contentUrl":"https:\/\/radioljubuski.ba\/wp-content\/uploads\/2021\/02\/cropped-Radio_Ljubuski_logo1.jpg","width":512,"height":512,"caption":"Radio Ljubu\u0161ki"},"image":{"@id":"https:\/\/radioljubuski.ba\/#\/schema\/logo\/image\/"},"sameAs":["https:\/\/www.facebook.com\/Radiio-Ljubuski-1490835324566332","https:\/\/x.com\/radioljubuski","https:\/\/hr.linkedin.com\/company\/radio-ljubuski","https:\/\/www.youtube.com\/channel\/UCHYaeO_n0Db3tjNGudGpXyw"]},{"@type":"Person","@id":"https:\/\/radioljubuski.ba\/#\/schema\/person\/19fc700381a780f69665d7956c469e3b","name":"Radio Ljubu\u0161ki"}]}},"_links":{"self":[{"href":"https:\/\/radioljubuski.ba\/index.php\/wp-json\/wp\/v2\/posts\/132525","targetHints":{"allow":["GET"]}}],"collection":[{"href":"https:\/\/radioljubuski.ba\/index.php\/wp-json\/wp\/v2\/posts"}],"about":[{"href":"https:\/\/radioljubuski.ba\/index.php\/wp-json\/wp\/v2\/types\/post"}],"author":[{"embeddable":true,"href":"https:\/\/radioljubuski.ba\/index.php\/wp-json\/wp\/v2\/users\/2"}],"replies":[{"embeddable":true,"href":"https:\/\/radioljubuski.ba\/index.php\/wp-json\/wp\/v2\/comments?post=132525"}],"version-history":[{"count":1,"href":"https:\/\/radioljubuski.ba\/index.php\/wp-json\/wp\/v2\/posts\/132525\/revisions"}],"predecessor-version":[{"id":132526,"href":"https:\/\/radioljubuski.ba\/index.php\/wp-json\/wp\/v2\/posts\/132525\/revisions\/132526"}],"wp:featuredmedia":[{"embeddable":true,"href":"https:\/\/radioljubuski.ba\/index.php\/wp-json\/wp\/v2\/media\/88446"}],"wp:attachment":[{"href":"https:\/\/radioljubuski.ba\/index.php\/wp-json\/wp\/v2\/media?parent=132525"}],"wp:term":[{"taxonomy":"category","embeddable":true,"href":"https:\/\/radioljubuski.ba\/index.php\/wp-json\/wp\/v2\/categories?post=132525"},{"taxonomy":"post_tag","embeddable":true,"href":"https:\/\/radioljubuski.ba\/index.php\/wp-json\/wp\/v2\/tags?post=132525"}],"curies":[{"name":"wp","href":"https:\/\/api.w.org\/{rel}","templated":true}]}}