{"id":132542,"date":"2022-04-14T12:14:33","date_gmt":"2022-04-14T11:14:33","guid":{"rendered":"https:\/\/radioljubuski.ba\/?p=132542"},"modified":"2022-04-14T12:15:52","modified_gmt":"2022-04-14T11:15:52","slug":"iseljavanje-na-najvisoj-razini-do-sada-kofere-pakira-340-000-gradana-bih","status":"publish","type":"post","link":"https:\/\/radioljubuski.ba\/index.php\/2022\/04\/14\/iseljavanje-na-najvisoj-razini-do-sada-kofere-pakira-340-000-gradana-bih\/","title":{"rendered":"Iseljavanje na najvi\u0161oj razini do sada: Kofere pakira 340.000 gra\u0111ana BiH"},"content":{"rendered":"\n<p>Masovni odlazak ljudi iz Bosne i Hercegovine se nastavlja, a samo u ovoj godini dr\u017eavu bi moglo napustiti 350 tisu\u0107a ljudi. Procjena je ovo Saveza samostalnih sindikata Bosne i Hercegovine.&nbsp;<\/p>\n\n\n\n<p>Predsjednik Saveza Selvedin \u0160atorovi\u0107 rekao je za BUKU kako najvi\u0161e odlaze kvalificirani majstori zaposleni u oblasti gra\u0111evinarstva, prerade i obrade metala, ali i prometa. Tako\u0111er, pove\u0107anim intezitetom odlazi zdravstveni kadar.&nbsp;<\/p>\n\n\n\n<p>\u201cImaju\u0107i u vidu izazove s kojima se susre\u0107e Bosna i Hercegovina, koji se prvenstveno ogledaju u ekonomskim turbulencijama gdje ne postoji jasna vizija niti strategija na dr\u017eavnom, ali ni na entiteskim razinama kako obuzdati svakodnevna enormna poskupljenja, zatim, svakodnevna politi\u010dka prepucavanja i napetosti kojim se ugro\u017eava sigurnost radnika i njihovih obitelji te \u010dinjenice da Europska unija nakon smirivanja pandemije od COVID-19 ponovno otvara tr\u017ei\u0161te rada, pretpostavljamo da bi u ovoj godini broj gra\u0111ana koji \u0107e napustiti Bosnu i Hercegovinu mogao biti znatno ve\u0107i, \u010dak i udvostru\u010den od broja gra\u0111ana koji su napustili na\u0161u zemlju pro\u0161le godine, \u0161to bi bilo oko 340.000 i ravno katastofi\u201d, istaknuo je \u0160atorovi\u0107.&nbsp;<\/p>\n\n\n\n<p>Situacija sa iseljavanjem radne snage alarmantna Ovakva situacija se mo\u017ee, ka\u017ee, rije\u0161iti na samo jedan na\u010din &#8211; da predstavnici izvr\u0161ne i zakonodavne vlasti, kako na dr\u017eavnoj, tako i na entitetskim razinama donesu jasne i konkretne mjere, te ponude radnicima bolje uvjete rada, sigurnost i nadu da \u0107e se na ovim prostorima u narednom razdoblju barem pribli\u017eno cijeniti i vrednovati rad na na\u010din kako se on cijeni i vrednuje u zapadnim zemljama. &nbsp;Kao prvi konkretan korak Savez samostalnih sindikata BiH vidi u dono\u0161enju Zakona o minimalnoj pla\u0107i po kojem bi minimalana pla\u0107a u Federaciji BiH bila 1000 KM.&nbsp;<\/p>\n\n\n\n<p>\u201cNacrt ovog Zakona je u parlamentarnoj proceduri i imaju\u0107i u vidu stanje u kojem se trenutno nalazimo, o\u010dekujemo njegovo razmatranje i upu\u0107ivanje u javnu raspravu vrlo brzo\u201d, uvjeren je \u0160atorovi\u0107. Da je situacija sa iseljavanjem radne snage alarmantna i na najve\u0107oj razini do sada potvrdilo je i Istra\u017eivanje Me\u0111unarodne organizacije za migracije (IOM) fokusirano na odlazak zdravstvenih radnika i stru\u010dnjaka u oblasti informacijsko-komunikacijskih tehnologija. Kako je rekla \u0161efica misije IOM-a u BiH i regionalna koordinatorica za zapadni Balkan Laura Lungaroti na\u017ealost to\u010dan broj onih koji su napustili BiH i \u017eive negdje u inozemstvu je nepoznanica i to\u010dka spoticanja. Njema\u010dka vode\u0107a destinacija za zdravstvene stru\u010dnjake \u201cNe postoji sustav koji \u0107e nama dati uvid u takvu vrstu informacija koju bismo imali za ta dva sektora. Trenutno znamo da je iz BiH iselilo otprilike dva do dva i pol milijuna ljudi koji su dr\u017eavljani ove zemlja, a \u017eive negdje u inozemstvu\u201d, rekla je Lungarotijeva navode\u0107i podatak kako je do 2019. godine izdano 56.000 vrsta radnih dozvola za dr\u017eavljane BiH.&nbsp;<\/p>\n\n\n\n<p>\u201cTo govori da su dane radne dozvole da ljudi iz BiH rade u zemljama EU, ali isto tako govori da je vi\u0161e od 50.000 ljudi emigriralo do tada\u201d, naglasila je. &nbsp;Postoje\u0107e informacije o broju izdanih boravi\u0161nih dozvola za pla\u0107ene aktivnosti u EU potvr\u0111uju da radno sposobno stanovni\u0161tvo BiH ve\u0107inom migrira u EU i da raste broj iseljenika, ve\u0107inom u Sloveniju, Njema\u010dku i Hrvatsku, zatim u Italiju i Austriju, ali u posljednje vrijeme, u ograni\u010denom broju, i u \u010ce\u0161ku, Norve\u0161ku i \u0160vedsku. \u0160to se ti\u010de zdravstvenog sektora, Njema\u010dka je vode\u0107a destinacija za zdravstvene stru\u010dnjake, a migriraju ve\u0107inom mla\u0111e medicinske sestre, ali postoji i zna\u010dajan broj lije\u010dnika, stomatologa i farmaceuta. Ve\u0107ina IKT stru\u010dnjaka migrira u Njema\u010dku, Austriju, Hrvatsku, SAD i Srbiju.<\/p>\n\n\n\n<p>Izvor:portal.buka<\/p>\n","protected":false},"excerpt":{"rendered":"<p>Masovni odlazak ljudi iz Bosne i Hercegovine se nastavlja, a samo u ovoj godini dr\u017eavu bi moglo napustiti 350 tisu\u0107a ljudi. Procjena je ovo Saveza samostalnih sindikata Bosne i Hercegovine.&nbsp; Predsjednik Saveza Selvedin \u0160atorovi\u0107 rekao je za BUKU kako najvi\u0161e odlaze kvalificirani majstori zaposleni u oblasti gra\u0111evinarstva, prerade i obrade metala, ali i prometa. Tako\u0111er, [&hellip;]<\/p>\n","protected":false},"author":2,"featured_media":39361,"comment_status":"closed","ping_status":"closed","sticky":false,"template":"","format":"standard","meta":{"h5ap_radio_sources":[],"footnotes":""},"categories":[1],"tags":[],"class_list":["post-132542","post","type-post","status-publish","format-standard","has-post-thumbnail","hentry","category-bihiregija"],"yoast_head":"<!-- This site is optimized with the Yoast SEO plugin v27.5 - https:\/\/yoast.com\/product\/yoast-seo-wordpress\/ -->\n<title>Iseljavanje na najvi\u0161oj razini do sada: Kofere pakira 340.000 gra\u0111ana BiH - RADIO LJUBU\u0160KI<\/title>\n<meta name=\"robots\" content=\"index, follow, max-snippet:-1, max-image-preview:large, max-video-preview:-1\" \/>\n<link rel=\"canonical\" href=\"https:\/\/radioljubuski.ba\/index.php\/2022\/04\/14\/iseljavanje-na-najvisoj-razini-do-sada-kofere-pakira-340-000-gradana-bih\/\" \/>\n<meta property=\"og:locale\" content=\"hr_HR\" \/>\n<meta property=\"og:type\" content=\"article\" \/>\n<meta property=\"og:title\" content=\"Iseljavanje na najvi\u0161oj razini do sada: Kofere pakira 340.000 gra\u0111ana BiH - RADIO LJUBU\u0160KI\" \/>\n<meta property=\"og:description\" content=\"Masovni odlazak ljudi iz Bosne i Hercegovine se nastavlja, a samo u ovoj godini dr\u017eavu bi moglo napustiti 350 tisu\u0107a ljudi. Procjena je ovo Saveza samostalnih sindikata Bosne i Hercegovine.&nbsp; Predsjednik Saveza Selvedin \u0160atorovi\u0107 rekao je za BUKU kako najvi\u0161e odlaze kvalificirani majstori zaposleni u oblasti gra\u0111evinarstva, prerade i obrade metala, ali i prometa. Tako\u0111er, [&hellip;]\" \/>\n<meta property=\"og:url\" content=\"https:\/\/radioljubuski.ba\/index.php\/2022\/04\/14\/iseljavanje-na-najvisoj-razini-do-sada-kofere-pakira-340-000-gradana-bih\/\" \/>\n<meta property=\"og:site_name\" content=\"RADIO LJUBU\u0160KI\" \/>\n<meta property=\"article:publisher\" content=\"https:\/\/www.facebook.com\/Radiio-Ljubuski-1490835324566332\" \/>\n<meta property=\"article:published_time\" content=\"2022-04-14T11:14:33+00:00\" \/>\n<meta property=\"article:modified_time\" content=\"2022-04-14T11:15:52+00:00\" \/>\n<meta property=\"og:image\" content=\"https:\/\/radioljubuski.ba\/wp-content\/uploads\/2021\/07\/ecmEBotU_odlazak.jpg\" \/>\n\t<meta property=\"og:image:width\" content=\"1000\" \/>\n\t<meta property=\"og:image:height\" content=\"625\" \/>\n\t<meta property=\"og:image:type\" content=\"image\/jpeg\" \/>\n<meta name=\"author\" content=\"Radio Ljubu\u0161ki\" \/>\n<meta name=\"twitter:card\" content=\"summary_large_image\" \/>\n<meta name=\"twitter:creator\" content=\"@radioljubuski\" \/>\n<meta name=\"twitter:site\" content=\"@radioljubuski\" \/>\n<meta name=\"twitter:label1\" content=\"Napisao\/la\" \/>\n\t<meta name=\"twitter:data1\" content=\"Radio Ljubu\u0161ki\" \/>\n\t<meta name=\"twitter:label2\" content=\"Procijenjeno vrijeme \u010ditanja\" \/>\n\t<meta name=\"twitter:data2\" content=\"3 minute\" \/>\n<script type=\"application\/ld+json\" class=\"yoast-schema-graph\">{\"@context\":\"https:\\\/\\\/schema.org\",\"@graph\":[{\"@type\":\"Article\",\"@id\":\"https:\\\/\\\/radioljubuski.ba\\\/index.php\\\/2022\\\/04\\\/14\\\/iseljavanje-na-najvisoj-razini-do-sada-kofere-pakira-340-000-gradana-bih\\\/#article\",\"isPartOf\":{\"@id\":\"https:\\\/\\\/radioljubuski.ba\\\/index.php\\\/2022\\\/04\\\/14\\\/iseljavanje-na-najvisoj-razini-do-sada-kofere-pakira-340-000-gradana-bih\\\/\"},\"author\":{\"name\":\"Radio Ljubu\u0161ki\",\"@id\":\"https:\\\/\\\/radioljubuski.ba\\\/#\\\/schema\\\/person\\\/19fc700381a780f69665d7956c469e3b\"},\"headline\":\"Iseljavanje na najvi\u0161oj razini do sada: Kofere pakira 340.000 gra\u0111ana BiH\",\"datePublished\":\"2022-04-14T11:14:33+00:00\",\"dateModified\":\"2022-04-14T11:15:52+00:00\",\"mainEntityOfPage\":{\"@id\":\"https:\\\/\\\/radioljubuski.ba\\\/index.php\\\/2022\\\/04\\\/14\\\/iseljavanje-na-najvisoj-razini-do-sada-kofere-pakira-340-000-gradana-bih\\\/\"},\"wordCount\":634,\"publisher\":{\"@id\":\"https:\\\/\\\/radioljubuski.ba\\\/#organization\"},\"image\":{\"@id\":\"https:\\\/\\\/radioljubuski.ba\\\/index.php\\\/2022\\\/04\\\/14\\\/iseljavanje-na-najvisoj-razini-do-sada-kofere-pakira-340-000-gradana-bih\\\/#primaryimage\"},\"thumbnailUrl\":\"https:\\\/\\\/radioljubuski.ba\\\/wp-content\\\/uploads\\\/2021\\\/07\\\/ecmEBotU_odlazak.jpg\",\"articleSection\":[\"BIH i regija\"],\"inLanguage\":\"hr\"},{\"@type\":\"WebPage\",\"@id\":\"https:\\\/\\\/radioljubuski.ba\\\/index.php\\\/2022\\\/04\\\/14\\\/iseljavanje-na-najvisoj-razini-do-sada-kofere-pakira-340-000-gradana-bih\\\/\",\"url\":\"https:\\\/\\\/radioljubuski.ba\\\/index.php\\\/2022\\\/04\\\/14\\\/iseljavanje-na-najvisoj-razini-do-sada-kofere-pakira-340-000-gradana-bih\\\/\",\"name\":\"Iseljavanje na najvi\u0161oj razini do sada: Kofere pakira 340.000 gra\u0111ana BiH - RADIO LJUBU\u0160KI\",\"isPartOf\":{\"@id\":\"https:\\\/\\\/radioljubuski.ba\\\/#website\"},\"primaryImageOfPage\":{\"@id\":\"https:\\\/\\\/radioljubuski.ba\\\/index.php\\\/2022\\\/04\\\/14\\\/iseljavanje-na-najvisoj-razini-do-sada-kofere-pakira-340-000-gradana-bih\\\/#primaryimage\"},\"image\":{\"@id\":\"https:\\\/\\\/radioljubuski.ba\\\/index.php\\\/2022\\\/04\\\/14\\\/iseljavanje-na-najvisoj-razini-do-sada-kofere-pakira-340-000-gradana-bih\\\/#primaryimage\"},\"thumbnailUrl\":\"https:\\\/\\\/radioljubuski.ba\\\/wp-content\\\/uploads\\\/2021\\\/07\\\/ecmEBotU_odlazak.jpg\",\"datePublished\":\"2022-04-14T11:14:33+00:00\",\"dateModified\":\"2022-04-14T11:15:52+00:00\",\"breadcrumb\":{\"@id\":\"https:\\\/\\\/radioljubuski.ba\\\/index.php\\\/2022\\\/04\\\/14\\\/iseljavanje-na-najvisoj-razini-do-sada-kofere-pakira-340-000-gradana-bih\\\/#breadcrumb\"},\"inLanguage\":\"hr\",\"potentialAction\":[{\"@type\":\"ReadAction\",\"target\":[\"https:\\\/\\\/radioljubuski.ba\\\/index.php\\\/2022\\\/04\\\/14\\\/iseljavanje-na-najvisoj-razini-do-sada-kofere-pakira-340-000-gradana-bih\\\/\"]}]},{\"@type\":\"ImageObject\",\"inLanguage\":\"hr\",\"@id\":\"https:\\\/\\\/radioljubuski.ba\\\/index.php\\\/2022\\\/04\\\/14\\\/iseljavanje-na-najvisoj-razini-do-sada-kofere-pakira-340-000-gradana-bih\\\/#primaryimage\",\"url\":\"https:\\\/\\\/radioljubuski.ba\\\/wp-content\\\/uploads\\\/2021\\\/07\\\/ecmEBotU_odlazak.jpg\",\"contentUrl\":\"https:\\\/\\\/radioljubuski.ba\\\/wp-content\\\/uploads\\\/2021\\\/07\\\/ecmEBotU_odlazak.jpg\",\"width\":1000,\"height\":625},{\"@type\":\"BreadcrumbList\",\"@id\":\"https:\\\/\\\/radioljubuski.ba\\\/index.php\\\/2022\\\/04\\\/14\\\/iseljavanje-na-najvisoj-razini-do-sada-kofere-pakira-340-000-gradana-bih\\\/#breadcrumb\",\"itemListElement\":[{\"@type\":\"ListItem\",\"position\":1,\"name\":\"Po\u010detna stranica\",\"item\":\"https:\\\/\\\/radioljubuski.ba\\\/\"},{\"@type\":\"ListItem\",\"position\":2,\"name\":\"Iseljavanje na najvi\u0161oj razini do sada: Kofere pakira 340.000 gra\u0111ana BiH\"}]},{\"@type\":\"WebSite\",\"@id\":\"https:\\\/\\\/radioljubuski.ba\\\/#website\",\"url\":\"https:\\\/\\\/radioljubuski.ba\\\/\",\"name\":\"Radio Ljubu\u0161ki\",\"description\":\"Sun\u010dana frekvencija Hercegovine\",\"publisher\":{\"@id\":\"https:\\\/\\\/radioljubuski.ba\\\/#organization\"},\"potentialAction\":[{\"@type\":\"SearchAction\",\"target\":{\"@type\":\"EntryPoint\",\"urlTemplate\":\"https:\\\/\\\/radioljubuski.ba\\\/?s={search_term_string}\"},\"query-input\":{\"@type\":\"PropertyValueSpecification\",\"valueRequired\":true,\"valueName\":\"search_term_string\"}}],\"inLanguage\":\"hr\"},{\"@type\":\"Organization\",\"@id\":\"https:\\\/\\\/radioljubuski.ba\\\/#organization\",\"name\":\"Radio Ljubu\u0161ki\",\"url\":\"https:\\\/\\\/radioljubuski.ba\\\/\",\"logo\":{\"@type\":\"ImageObject\",\"inLanguage\":\"hr\",\"@id\":\"https:\\\/\\\/radioljubuski.ba\\\/#\\\/schema\\\/logo\\\/image\\\/\",\"url\":\"https:\\\/\\\/radioljubuski.ba\\\/wp-content\\\/uploads\\\/2021\\\/02\\\/cropped-Radio_Ljubuski_logo1.jpg\",\"contentUrl\":\"https:\\\/\\\/radioljubuski.ba\\\/wp-content\\\/uploads\\\/2021\\\/02\\\/cropped-Radio_Ljubuski_logo1.jpg\",\"width\":512,\"height\":512,\"caption\":\"Radio Ljubu\u0161ki\"},\"image\":{\"@id\":\"https:\\\/\\\/radioljubuski.ba\\\/#\\\/schema\\\/logo\\\/image\\\/\"},\"sameAs\":[\"https:\\\/\\\/www.facebook.com\\\/Radiio-Ljubuski-1490835324566332\",\"https:\\\/\\\/x.com\\\/radioljubuski\",\"https:\\\/\\\/hr.linkedin.com\\\/company\\\/radio-ljubuski\",\"https:\\\/\\\/www.youtube.com\\\/channel\\\/UCHYaeO_n0Db3tjNGudGpXyw\"]},{\"@type\":\"Person\",\"@id\":\"https:\\\/\\\/radioljubuski.ba\\\/#\\\/schema\\\/person\\\/19fc700381a780f69665d7956c469e3b\",\"name\":\"Radio Ljubu\u0161ki\"}]}<\/script>\n<!-- \/ Yoast SEO plugin. -->","yoast_head_json":{"title":"Iseljavanje na najvi\u0161oj razini do sada: Kofere pakira 340.000 gra\u0111ana BiH - RADIO LJUBU\u0160KI","robots":{"index":"index","follow":"follow","max-snippet":"max-snippet:-1","max-image-preview":"max-image-preview:large","max-video-preview":"max-video-preview:-1"},"canonical":"https:\/\/radioljubuski.ba\/index.php\/2022\/04\/14\/iseljavanje-na-najvisoj-razini-do-sada-kofere-pakira-340-000-gradana-bih\/","og_locale":"hr_HR","og_type":"article","og_title":"Iseljavanje na najvi\u0161oj razini do sada: Kofere pakira 340.000 gra\u0111ana BiH - RADIO LJUBU\u0160KI","og_description":"Masovni odlazak ljudi iz Bosne i Hercegovine se nastavlja, a samo u ovoj godini dr\u017eavu bi moglo napustiti 350 tisu\u0107a ljudi. Procjena je ovo Saveza samostalnih sindikata Bosne i Hercegovine.&nbsp; Predsjednik Saveza Selvedin \u0160atorovi\u0107 rekao je za BUKU kako najvi\u0161e odlaze kvalificirani majstori zaposleni u oblasti gra\u0111evinarstva, prerade i obrade metala, ali i prometa. Tako\u0111er, [&hellip;]","og_url":"https:\/\/radioljubuski.ba\/index.php\/2022\/04\/14\/iseljavanje-na-najvisoj-razini-do-sada-kofere-pakira-340-000-gradana-bih\/","og_site_name":"RADIO LJUBU\u0160KI","article_publisher":"https:\/\/www.facebook.com\/Radiio-Ljubuski-1490835324566332","article_published_time":"2022-04-14T11:14:33+00:00","article_modified_time":"2022-04-14T11:15:52+00:00","og_image":[{"width":1000,"height":625,"url":"https:\/\/radioljubuski.ba\/wp-content\/uploads\/2021\/07\/ecmEBotU_odlazak.jpg","type":"image\/jpeg"}],"author":"Radio Ljubu\u0161ki","twitter_card":"summary_large_image","twitter_creator":"@radioljubuski","twitter_site":"@radioljubuski","twitter_misc":{"Napisao\/la":"Radio Ljubu\u0161ki","Procijenjeno vrijeme \u010ditanja":"3 minute"},"schema":{"@context":"https:\/\/schema.org","@graph":[{"@type":"Article","@id":"https:\/\/radioljubuski.ba\/index.php\/2022\/04\/14\/iseljavanje-na-najvisoj-razini-do-sada-kofere-pakira-340-000-gradana-bih\/#article","isPartOf":{"@id":"https:\/\/radioljubuski.ba\/index.php\/2022\/04\/14\/iseljavanje-na-najvisoj-razini-do-sada-kofere-pakira-340-000-gradana-bih\/"},"author":{"name":"Radio Ljubu\u0161ki","@id":"https:\/\/radioljubuski.ba\/#\/schema\/person\/19fc700381a780f69665d7956c469e3b"},"headline":"Iseljavanje na najvi\u0161oj razini do sada: Kofere pakira 340.000 gra\u0111ana BiH","datePublished":"2022-04-14T11:14:33+00:00","dateModified":"2022-04-14T11:15:52+00:00","mainEntityOfPage":{"@id":"https:\/\/radioljubuski.ba\/index.php\/2022\/04\/14\/iseljavanje-na-najvisoj-razini-do-sada-kofere-pakira-340-000-gradana-bih\/"},"wordCount":634,"publisher":{"@id":"https:\/\/radioljubuski.ba\/#organization"},"image":{"@id":"https:\/\/radioljubuski.ba\/index.php\/2022\/04\/14\/iseljavanje-na-najvisoj-razini-do-sada-kofere-pakira-340-000-gradana-bih\/#primaryimage"},"thumbnailUrl":"https:\/\/radioljubuski.ba\/wp-content\/uploads\/2021\/07\/ecmEBotU_odlazak.jpg","articleSection":["BIH i regija"],"inLanguage":"hr"},{"@type":"WebPage","@id":"https:\/\/radioljubuski.ba\/index.php\/2022\/04\/14\/iseljavanje-na-najvisoj-razini-do-sada-kofere-pakira-340-000-gradana-bih\/","url":"https:\/\/radioljubuski.ba\/index.php\/2022\/04\/14\/iseljavanje-na-najvisoj-razini-do-sada-kofere-pakira-340-000-gradana-bih\/","name":"Iseljavanje na najvi\u0161oj razini do sada: Kofere pakira 340.000 gra\u0111ana BiH - RADIO LJUBU\u0160KI","isPartOf":{"@id":"https:\/\/radioljubuski.ba\/#website"},"primaryImageOfPage":{"@id":"https:\/\/radioljubuski.ba\/index.php\/2022\/04\/14\/iseljavanje-na-najvisoj-razini-do-sada-kofere-pakira-340-000-gradana-bih\/#primaryimage"},"image":{"@id":"https:\/\/radioljubuski.ba\/index.php\/2022\/04\/14\/iseljavanje-na-najvisoj-razini-do-sada-kofere-pakira-340-000-gradana-bih\/#primaryimage"},"thumbnailUrl":"https:\/\/radioljubuski.ba\/wp-content\/uploads\/2021\/07\/ecmEBotU_odlazak.jpg","datePublished":"2022-04-14T11:14:33+00:00","dateModified":"2022-04-14T11:15:52+00:00","breadcrumb":{"@id":"https:\/\/radioljubuski.ba\/index.php\/2022\/04\/14\/iseljavanje-na-najvisoj-razini-do-sada-kofere-pakira-340-000-gradana-bih\/#breadcrumb"},"inLanguage":"hr","potentialAction":[{"@type":"ReadAction","target":["https:\/\/radioljubuski.ba\/index.php\/2022\/04\/14\/iseljavanje-na-najvisoj-razini-do-sada-kofere-pakira-340-000-gradana-bih\/"]}]},{"@type":"ImageObject","inLanguage":"hr","@id":"https:\/\/radioljubuski.ba\/index.php\/2022\/04\/14\/iseljavanje-na-najvisoj-razini-do-sada-kofere-pakira-340-000-gradana-bih\/#primaryimage","url":"https:\/\/radioljubuski.ba\/wp-content\/uploads\/2021\/07\/ecmEBotU_odlazak.jpg","contentUrl":"https:\/\/radioljubuski.ba\/wp-content\/uploads\/2021\/07\/ecmEBotU_odlazak.jpg","width":1000,"height":625},{"@type":"BreadcrumbList","@id":"https:\/\/radioljubuski.ba\/index.php\/2022\/04\/14\/iseljavanje-na-najvisoj-razini-do-sada-kofere-pakira-340-000-gradana-bih\/#breadcrumb","itemListElement":[{"@type":"ListItem","position":1,"name":"Po\u010detna stranica","item":"https:\/\/radioljubuski.ba\/"},{"@type":"ListItem","position":2,"name":"Iseljavanje na najvi\u0161oj razini do sada: Kofere pakira 340.000 gra\u0111ana BiH"}]},{"@type":"WebSite","@id":"https:\/\/radioljubuski.ba\/#website","url":"https:\/\/radioljubuski.ba\/","name":"Radio Ljubu\u0161ki","description":"Sun\u010dana frekvencija Hercegovine","publisher":{"@id":"https:\/\/radioljubuski.ba\/#organization"},"potentialAction":[{"@type":"SearchAction","target":{"@type":"EntryPoint","urlTemplate":"https:\/\/radioljubuski.ba\/?s={search_term_string}"},"query-input":{"@type":"PropertyValueSpecification","valueRequired":true,"valueName":"search_term_string"}}],"inLanguage":"hr"},{"@type":"Organization","@id":"https:\/\/radioljubuski.ba\/#organization","name":"Radio Ljubu\u0161ki","url":"https:\/\/radioljubuski.ba\/","logo":{"@type":"ImageObject","inLanguage":"hr","@id":"https:\/\/radioljubuski.ba\/#\/schema\/logo\/image\/","url":"https:\/\/radioljubuski.ba\/wp-content\/uploads\/2021\/02\/cropped-Radio_Ljubuski_logo1.jpg","contentUrl":"https:\/\/radioljubuski.ba\/wp-content\/uploads\/2021\/02\/cropped-Radio_Ljubuski_logo1.jpg","width":512,"height":512,"caption":"Radio Ljubu\u0161ki"},"image":{"@id":"https:\/\/radioljubuski.ba\/#\/schema\/logo\/image\/"},"sameAs":["https:\/\/www.facebook.com\/Radiio-Ljubuski-1490835324566332","https:\/\/x.com\/radioljubuski","https:\/\/hr.linkedin.com\/company\/radio-ljubuski","https:\/\/www.youtube.com\/channel\/UCHYaeO_n0Db3tjNGudGpXyw"]},{"@type":"Person","@id":"https:\/\/radioljubuski.ba\/#\/schema\/person\/19fc700381a780f69665d7956c469e3b","name":"Radio Ljubu\u0161ki"}]}},"_links":{"self":[{"href":"https:\/\/radioljubuski.ba\/index.php\/wp-json\/wp\/v2\/posts\/132542","targetHints":{"allow":["GET"]}}],"collection":[{"href":"https:\/\/radioljubuski.ba\/index.php\/wp-json\/wp\/v2\/posts"}],"about":[{"href":"https:\/\/radioljubuski.ba\/index.php\/wp-json\/wp\/v2\/types\/post"}],"author":[{"embeddable":true,"href":"https:\/\/radioljubuski.ba\/index.php\/wp-json\/wp\/v2\/users\/2"}],"replies":[{"embeddable":true,"href":"https:\/\/radioljubuski.ba\/index.php\/wp-json\/wp\/v2\/comments?post=132542"}],"version-history":[{"count":1,"href":"https:\/\/radioljubuski.ba\/index.php\/wp-json\/wp\/v2\/posts\/132542\/revisions"}],"predecessor-version":[{"id":132543,"href":"https:\/\/radioljubuski.ba\/index.php\/wp-json\/wp\/v2\/posts\/132542\/revisions\/132543"}],"wp:featuredmedia":[{"embeddable":true,"href":"https:\/\/radioljubuski.ba\/index.php\/wp-json\/wp\/v2\/media\/39361"}],"wp:attachment":[{"href":"https:\/\/radioljubuski.ba\/index.php\/wp-json\/wp\/v2\/media?parent=132542"}],"wp:term":[{"taxonomy":"category","embeddable":true,"href":"https:\/\/radioljubuski.ba\/index.php\/wp-json\/wp\/v2\/categories?post=132542"},{"taxonomy":"post_tag","embeddable":true,"href":"https:\/\/radioljubuski.ba\/index.php\/wp-json\/wp\/v2\/tags?post=132542"}],"curies":[{"name":"wp","href":"https:\/\/api.w.org\/{rel}","templated":true}]}}