{"id":132544,"date":"2022-04-14T12:15:33","date_gmt":"2022-04-14T11:15:33","guid":{"rendered":"https:\/\/radioljubuski.ba\/?p=132544"},"modified":"2022-04-14T12:15:34","modified_gmt":"2022-04-14T11:15:34","slug":"pojavile-se-nove-snimke-mateja-perisa-zasto-prolaznici-gledaju-u-savu","status":"publish","type":"post","link":"https:\/\/radioljubuski.ba\/index.php\/2022\/04\/14\/pojavile-se-nove-snimke-mateja-perisa-zasto-prolaznici-gledaju-u-savu\/","title":{"rendered":"Pojavile se nove snimke Mateja Peri\u0161a, za\u0161to prolaznici gledaju u Savu?"},"content":{"rendered":"\n<p>Na YouTube-u su se pojavile dvije nove snimke iz no\u0107i kada je u Beogradu nestao mladi Spli\u0107anin Matej Peri\u0161.<\/p>\n\n\n\n<p>Snimke su objavljene na kanalu Aleksandar Stankovi\u0107 Official koji vodi entuzijast koji je i ranije objavljivao snimke povezane s nestankom Mateja Peri\u0161a, poku\u0161avaju\u0107i rasvijetliti \u0161to se dogodilo u no\u0107i nestanka, s 30. na 31. prosinca pro\u0161le godine.<\/p>\n\n\n\n<p>Obje su snimke s nadzornih kamera Beton hale, mjesta odakle je 27-godi\u0161nji Matej Peri\u0161 krenuo u trk beogradskim ulicama nakon kojeg mu se gubi trag.<\/p>\n\n\n\n<p>Dvije snimke, na jednoj je Peri\u0161 odmah nakon izlaska iz kluba, a na drugoj objekt u Savi<\/p>\n\n\n\n<p>Jedna snimka prikazuje Matejev izlazak iz kluba Gotik u kojem je bio s prijateljima, a druga snimka je nastala dvadesetak minuta kasnije i pokazuje objekt u Savi te nekoliko prolaznika koji su u tim trenucima prolazili kod Beton hale.<\/p>\n\n\n\n<p>Na dosad u javnosti nevi\u0111enoj snimci vidi se kako Matej izlazi iz kluba i prolazi uz samu Beton halu pa se zatim stepenicama penje ka Kara\u0111or\u0111evoj ulici kojom je nastavio dalje u smjeru juga, paralelno s rijekom Savom, sve do restorana Savanova na po\u010detku Beograda na vodi gdje je zadnji put snimljen kako se spu\u0161ta prema rijeci.<\/p>\n\n\n\n<p>Ta snimka kre\u0107e oko 1:45 (na snimci se navodi vrijeme od 1:47, no autor navodi da za stvarno vrijeme treba oduzeti 3:48 minuta) kada je Matej Peri\u0161 napustio Gotik i traje gotovo minutu, sve dok se Matej ne popne na Kara\u0111or\u0111evu ulicu.<\/p>\n\n\n\n<p>Druga snimka, prema vremenskoj odrednici koja stoji na njoj, kre\u0107e u 2 sata i 10 minuta, no autor ponovno navodi da je to 3:48 minuta manje u stvarnosti, \u0161to bi zna\u010dilo da snimka kre\u0107e u 2:06. Na njoj se mo\u017ee razabrati neki objekt koji se kre\u0107e po povr\u0161ini Save prema sjeveru. Snimka traje 3 minute i 31 sekundu.<\/p>\n\n\n\n<p>Na snimci se vidi i da je, dok je objekt prolazio Savom, uz Beton halu pro\u0161lo vi\u0161e ljudi, no nitko nije ni\u0161ta primijetio. Treba, me\u0111utim re\u0107i da je u stvarnosti bilo mra\u010dnije nego na snimci i da Savom u Beogradu \u010desto prolaze razni objekti, poput nakupina sme\u0107a koje je lako razabrati danju, ali ne i no\u0107u.<\/p>\n\n\n\n<p>Srpska policija, ina\u010de, u Savi je, na \u0161irem podru\u010dju Beograda, u posljednjih mjesec dana prona\u0161la dva tijela, no ni za jedno se nije utvrdilo da se radi o Mateju.<\/p>\n\n\n\n<p>Izvor:pogled.ba<\/p>\n","protected":false},"excerpt":{"rendered":"<p>Na YouTube-u su se pojavile dvije nove snimke iz no\u0107i kada je u Beogradu nestao mladi Spli\u0107anin Matej Peri\u0161. Snimke su objavljene na kanalu Aleksandar Stankovi\u0107 Official koji vodi entuzijast koji je i ranije objavljivao snimke povezane s nestankom Mateja Peri\u0161a, poku\u0161avaju\u0107i rasvijetliti \u0161to se dogodilo u no\u0107i nestanka, s 30. na 31. prosinca pro\u0161le [&hellip;]<\/p>\n","protected":false},"author":2,"featured_media":132545,"comment_status":"closed","ping_status":"closed","sticky":false,"template":"","format":"standard","meta":{"h5ap_radio_sources":[],"footnotes":""},"categories":[1],"tags":[],"class_list":["post-132544","post","type-post","status-publish","format-standard","has-post-thumbnail","hentry","category-bihiregija"],"yoast_head":"<!-- This site is optimized with the Yoast SEO plugin v27.5 - https:\/\/yoast.com\/product\/yoast-seo-wordpress\/ -->\n<title>Pojavile se nove snimke Mateja Peri\u0161a, za\u0161to prolaznici gledaju u Savu? - RADIO LJUBU\u0160KI<\/title>\n<meta name=\"robots\" content=\"index, follow, max-snippet:-1, max-image-preview:large, max-video-preview:-1\" \/>\n<link rel=\"canonical\" href=\"https:\/\/radioljubuski.ba\/index.php\/2022\/04\/14\/pojavile-se-nove-snimke-mateja-perisa-zasto-prolaznici-gledaju-u-savu\/\" \/>\n<meta property=\"og:locale\" content=\"hr_HR\" \/>\n<meta property=\"og:type\" content=\"article\" \/>\n<meta property=\"og:title\" content=\"Pojavile se nove snimke Mateja Peri\u0161a, za\u0161to prolaznici gledaju u Savu? - RADIO LJUBU\u0160KI\" \/>\n<meta property=\"og:description\" content=\"Na YouTube-u su se pojavile dvije nove snimke iz no\u0107i kada je u Beogradu nestao mladi Spli\u0107anin Matej Peri\u0161. Snimke su objavljene na kanalu Aleksandar Stankovi\u0107 Official koji vodi entuzijast koji je i ranije objavljivao snimke povezane s nestankom Mateja Peri\u0161a, poku\u0161avaju\u0107i rasvijetliti \u0161to se dogodilo u no\u0107i nestanka, s 30. na 31. prosinca pro\u0161le [&hellip;]\" \/>\n<meta property=\"og:url\" content=\"https:\/\/radioljubuski.ba\/index.php\/2022\/04\/14\/pojavile-se-nove-snimke-mateja-perisa-zasto-prolaznici-gledaju-u-savu\/\" \/>\n<meta property=\"og:site_name\" content=\"RADIO LJUBU\u0160KI\" \/>\n<meta property=\"article:publisher\" content=\"https:\/\/www.facebook.com\/Radiio-Ljubuski-1490835324566332\" \/>\n<meta property=\"article:published_time\" content=\"2022-04-14T11:15:33+00:00\" \/>\n<meta property=\"article:modified_time\" content=\"2022-04-14T11:15:34+00:00\" \/>\n<meta property=\"og:image\" content=\"https:\/\/radioljubuski.ba\/wp-content\/uploads\/2022\/04\/2-2022-04-14-09-21-30-matej.png\" \/>\n\t<meta property=\"og:image:width\" content=\"1000\" \/>\n\t<meta property=\"og:image:height\" content=\"625\" \/>\n\t<meta property=\"og:image:type\" content=\"image\/png\" \/>\n<meta name=\"author\" content=\"Radio Ljubu\u0161ki\" \/>\n<meta name=\"twitter:card\" content=\"summary_large_image\" \/>\n<meta name=\"twitter:creator\" content=\"@radioljubuski\" \/>\n<meta name=\"twitter:site\" content=\"@radioljubuski\" \/>\n<meta name=\"twitter:label1\" content=\"Napisao\/la\" \/>\n\t<meta name=\"twitter:data1\" content=\"Radio Ljubu\u0161ki\" \/>\n\t<meta name=\"twitter:label2\" content=\"Procijenjeno vrijeme \u010ditanja\" \/>\n\t<meta name=\"twitter:data2\" content=\"2 minute\" \/>\n<script type=\"application\/ld+json\" class=\"yoast-schema-graph\">{\"@context\":\"https:\\\/\\\/schema.org\",\"@graph\":[{\"@type\":\"Article\",\"@id\":\"https:\\\/\\\/radioljubuski.ba\\\/index.php\\\/2022\\\/04\\\/14\\\/pojavile-se-nove-snimke-mateja-perisa-zasto-prolaznici-gledaju-u-savu\\\/#article\",\"isPartOf\":{\"@id\":\"https:\\\/\\\/radioljubuski.ba\\\/index.php\\\/2022\\\/04\\\/14\\\/pojavile-se-nove-snimke-mateja-perisa-zasto-prolaznici-gledaju-u-savu\\\/\"},\"author\":{\"name\":\"Radio Ljubu\u0161ki\",\"@id\":\"https:\\\/\\\/radioljubuski.ba\\\/#\\\/schema\\\/person\\\/19fc700381a780f69665d7956c469e3b\"},\"headline\":\"Pojavile se nove snimke Mateja Peri\u0161a, za\u0161to prolaznici gledaju u Savu?\",\"datePublished\":\"2022-04-14T11:15:33+00:00\",\"dateModified\":\"2022-04-14T11:15:34+00:00\",\"mainEntityOfPage\":{\"@id\":\"https:\\\/\\\/radioljubuski.ba\\\/index.php\\\/2022\\\/04\\\/14\\\/pojavile-se-nove-snimke-mateja-perisa-zasto-prolaznici-gledaju-u-savu\\\/\"},\"wordCount\":417,\"publisher\":{\"@id\":\"https:\\\/\\\/radioljubuski.ba\\\/#organization\"},\"image\":{\"@id\":\"https:\\\/\\\/radioljubuski.ba\\\/index.php\\\/2022\\\/04\\\/14\\\/pojavile-se-nove-snimke-mateja-perisa-zasto-prolaznici-gledaju-u-savu\\\/#primaryimage\"},\"thumbnailUrl\":\"https:\\\/\\\/radioljubuski.ba\\\/wp-content\\\/uploads\\\/2022\\\/04\\\/2-2022-04-14-09-21-30-matej.png\",\"articleSection\":[\"BIH i regija\"],\"inLanguage\":\"hr\"},{\"@type\":\"WebPage\",\"@id\":\"https:\\\/\\\/radioljubuski.ba\\\/index.php\\\/2022\\\/04\\\/14\\\/pojavile-se-nove-snimke-mateja-perisa-zasto-prolaznici-gledaju-u-savu\\\/\",\"url\":\"https:\\\/\\\/radioljubuski.ba\\\/index.php\\\/2022\\\/04\\\/14\\\/pojavile-se-nove-snimke-mateja-perisa-zasto-prolaznici-gledaju-u-savu\\\/\",\"name\":\"Pojavile se nove snimke Mateja Peri\u0161a, za\u0161to prolaznici gledaju u Savu? - RADIO LJUBU\u0160KI\",\"isPartOf\":{\"@id\":\"https:\\\/\\\/radioljubuski.ba\\\/#website\"},\"primaryImageOfPage\":{\"@id\":\"https:\\\/\\\/radioljubuski.ba\\\/index.php\\\/2022\\\/04\\\/14\\\/pojavile-se-nove-snimke-mateja-perisa-zasto-prolaznici-gledaju-u-savu\\\/#primaryimage\"},\"image\":{\"@id\":\"https:\\\/\\\/radioljubuski.ba\\\/index.php\\\/2022\\\/04\\\/14\\\/pojavile-se-nove-snimke-mateja-perisa-zasto-prolaznici-gledaju-u-savu\\\/#primaryimage\"},\"thumbnailUrl\":\"https:\\\/\\\/radioljubuski.ba\\\/wp-content\\\/uploads\\\/2022\\\/04\\\/2-2022-04-14-09-21-30-matej.png\",\"datePublished\":\"2022-04-14T11:15:33+00:00\",\"dateModified\":\"2022-04-14T11:15:34+00:00\",\"breadcrumb\":{\"@id\":\"https:\\\/\\\/radioljubuski.ba\\\/index.php\\\/2022\\\/04\\\/14\\\/pojavile-se-nove-snimke-mateja-perisa-zasto-prolaznici-gledaju-u-savu\\\/#breadcrumb\"},\"inLanguage\":\"hr\",\"potentialAction\":[{\"@type\":\"ReadAction\",\"target\":[\"https:\\\/\\\/radioljubuski.ba\\\/index.php\\\/2022\\\/04\\\/14\\\/pojavile-se-nove-snimke-mateja-perisa-zasto-prolaznici-gledaju-u-savu\\\/\"]}]},{\"@type\":\"ImageObject\",\"inLanguage\":\"hr\",\"@id\":\"https:\\\/\\\/radioljubuski.ba\\\/index.php\\\/2022\\\/04\\\/14\\\/pojavile-se-nove-snimke-mateja-perisa-zasto-prolaznici-gledaju-u-savu\\\/#primaryimage\",\"url\":\"https:\\\/\\\/radioljubuski.ba\\\/wp-content\\\/uploads\\\/2022\\\/04\\\/2-2022-04-14-09-21-30-matej.png\",\"contentUrl\":\"https:\\\/\\\/radioljubuski.ba\\\/wp-content\\\/uploads\\\/2022\\\/04\\\/2-2022-04-14-09-21-30-matej.png\",\"width\":1000,\"height\":625},{\"@type\":\"BreadcrumbList\",\"@id\":\"https:\\\/\\\/radioljubuski.ba\\\/index.php\\\/2022\\\/04\\\/14\\\/pojavile-se-nove-snimke-mateja-perisa-zasto-prolaznici-gledaju-u-savu\\\/#breadcrumb\",\"itemListElement\":[{\"@type\":\"ListItem\",\"position\":1,\"name\":\"Po\u010detna stranica\",\"item\":\"https:\\\/\\\/radioljubuski.ba\\\/\"},{\"@type\":\"ListItem\",\"position\":2,\"name\":\"Pojavile se nove snimke Mateja Peri\u0161a, za\u0161to prolaznici gledaju u Savu?\"}]},{\"@type\":\"WebSite\",\"@id\":\"https:\\\/\\\/radioljubuski.ba\\\/#website\",\"url\":\"https:\\\/\\\/radioljubuski.ba\\\/\",\"name\":\"Radio Ljubu\u0161ki\",\"description\":\"Sun\u010dana frekvencija Hercegovine\",\"publisher\":{\"@id\":\"https:\\\/\\\/radioljubuski.ba\\\/#organization\"},\"potentialAction\":[{\"@type\":\"SearchAction\",\"target\":{\"@type\":\"EntryPoint\",\"urlTemplate\":\"https:\\\/\\\/radioljubuski.ba\\\/?s={search_term_string}\"},\"query-input\":{\"@type\":\"PropertyValueSpecification\",\"valueRequired\":true,\"valueName\":\"search_term_string\"}}],\"inLanguage\":\"hr\"},{\"@type\":\"Organization\",\"@id\":\"https:\\\/\\\/radioljubuski.ba\\\/#organization\",\"name\":\"Radio Ljubu\u0161ki\",\"url\":\"https:\\\/\\\/radioljubuski.ba\\\/\",\"logo\":{\"@type\":\"ImageObject\",\"inLanguage\":\"hr\",\"@id\":\"https:\\\/\\\/radioljubuski.ba\\\/#\\\/schema\\\/logo\\\/image\\\/\",\"url\":\"https:\\\/\\\/radioljubuski.ba\\\/wp-content\\\/uploads\\\/2021\\\/02\\\/cropped-Radio_Ljubuski_logo1.jpg\",\"contentUrl\":\"https:\\\/\\\/radioljubuski.ba\\\/wp-content\\\/uploads\\\/2021\\\/02\\\/cropped-Radio_Ljubuski_logo1.jpg\",\"width\":512,\"height\":512,\"caption\":\"Radio Ljubu\u0161ki\"},\"image\":{\"@id\":\"https:\\\/\\\/radioljubuski.ba\\\/#\\\/schema\\\/logo\\\/image\\\/\"},\"sameAs\":[\"https:\\\/\\\/www.facebook.com\\\/Radiio-Ljubuski-1490835324566332\",\"https:\\\/\\\/x.com\\\/radioljubuski\",\"https:\\\/\\\/hr.linkedin.com\\\/company\\\/radio-ljubuski\",\"https:\\\/\\\/www.youtube.com\\\/channel\\\/UCHYaeO_n0Db3tjNGudGpXyw\"]},{\"@type\":\"Person\",\"@id\":\"https:\\\/\\\/radioljubuski.ba\\\/#\\\/schema\\\/person\\\/19fc700381a780f69665d7956c469e3b\",\"name\":\"Radio Ljubu\u0161ki\"}]}<\/script>\n<!-- \/ Yoast SEO plugin. -->","yoast_head_json":{"title":"Pojavile se nove snimke Mateja Peri\u0161a, za\u0161to prolaznici gledaju u Savu? - RADIO LJUBU\u0160KI","robots":{"index":"index","follow":"follow","max-snippet":"max-snippet:-1","max-image-preview":"max-image-preview:large","max-video-preview":"max-video-preview:-1"},"canonical":"https:\/\/radioljubuski.ba\/index.php\/2022\/04\/14\/pojavile-se-nove-snimke-mateja-perisa-zasto-prolaznici-gledaju-u-savu\/","og_locale":"hr_HR","og_type":"article","og_title":"Pojavile se nove snimke Mateja Peri\u0161a, za\u0161to prolaznici gledaju u Savu? - RADIO LJUBU\u0160KI","og_description":"Na YouTube-u su se pojavile dvije nove snimke iz no\u0107i kada je u Beogradu nestao mladi Spli\u0107anin Matej Peri\u0161. Snimke su objavljene na kanalu Aleksandar Stankovi\u0107 Official koji vodi entuzijast koji je i ranije objavljivao snimke povezane s nestankom Mateja Peri\u0161a, poku\u0161avaju\u0107i rasvijetliti \u0161to se dogodilo u no\u0107i nestanka, s 30. na 31. prosinca pro\u0161le [&hellip;]","og_url":"https:\/\/radioljubuski.ba\/index.php\/2022\/04\/14\/pojavile-se-nove-snimke-mateja-perisa-zasto-prolaznici-gledaju-u-savu\/","og_site_name":"RADIO LJUBU\u0160KI","article_publisher":"https:\/\/www.facebook.com\/Radiio-Ljubuski-1490835324566332","article_published_time":"2022-04-14T11:15:33+00:00","article_modified_time":"2022-04-14T11:15:34+00:00","og_image":[{"width":1000,"height":625,"url":"https:\/\/radioljubuski.ba\/wp-content\/uploads\/2022\/04\/2-2022-04-14-09-21-30-matej.png","type":"image\/png"}],"author":"Radio Ljubu\u0161ki","twitter_card":"summary_large_image","twitter_creator":"@radioljubuski","twitter_site":"@radioljubuski","twitter_misc":{"Napisao\/la":"Radio Ljubu\u0161ki","Procijenjeno vrijeme \u010ditanja":"2 minute"},"schema":{"@context":"https:\/\/schema.org","@graph":[{"@type":"Article","@id":"https:\/\/radioljubuski.ba\/index.php\/2022\/04\/14\/pojavile-se-nove-snimke-mateja-perisa-zasto-prolaznici-gledaju-u-savu\/#article","isPartOf":{"@id":"https:\/\/radioljubuski.ba\/index.php\/2022\/04\/14\/pojavile-se-nove-snimke-mateja-perisa-zasto-prolaznici-gledaju-u-savu\/"},"author":{"name":"Radio Ljubu\u0161ki","@id":"https:\/\/radioljubuski.ba\/#\/schema\/person\/19fc700381a780f69665d7956c469e3b"},"headline":"Pojavile se nove snimke Mateja Peri\u0161a, za\u0161to prolaznici gledaju u Savu?","datePublished":"2022-04-14T11:15:33+00:00","dateModified":"2022-04-14T11:15:34+00:00","mainEntityOfPage":{"@id":"https:\/\/radioljubuski.ba\/index.php\/2022\/04\/14\/pojavile-se-nove-snimke-mateja-perisa-zasto-prolaznici-gledaju-u-savu\/"},"wordCount":417,"publisher":{"@id":"https:\/\/radioljubuski.ba\/#organization"},"image":{"@id":"https:\/\/radioljubuski.ba\/index.php\/2022\/04\/14\/pojavile-se-nove-snimke-mateja-perisa-zasto-prolaznici-gledaju-u-savu\/#primaryimage"},"thumbnailUrl":"https:\/\/radioljubuski.ba\/wp-content\/uploads\/2022\/04\/2-2022-04-14-09-21-30-matej.png","articleSection":["BIH i regija"],"inLanguage":"hr"},{"@type":"WebPage","@id":"https:\/\/radioljubuski.ba\/index.php\/2022\/04\/14\/pojavile-se-nove-snimke-mateja-perisa-zasto-prolaznici-gledaju-u-savu\/","url":"https:\/\/radioljubuski.ba\/index.php\/2022\/04\/14\/pojavile-se-nove-snimke-mateja-perisa-zasto-prolaznici-gledaju-u-savu\/","name":"Pojavile se nove snimke Mateja Peri\u0161a, za\u0161to prolaznici gledaju u Savu? - RADIO LJUBU\u0160KI","isPartOf":{"@id":"https:\/\/radioljubuski.ba\/#website"},"primaryImageOfPage":{"@id":"https:\/\/radioljubuski.ba\/index.php\/2022\/04\/14\/pojavile-se-nove-snimke-mateja-perisa-zasto-prolaznici-gledaju-u-savu\/#primaryimage"},"image":{"@id":"https:\/\/radioljubuski.ba\/index.php\/2022\/04\/14\/pojavile-se-nove-snimke-mateja-perisa-zasto-prolaznici-gledaju-u-savu\/#primaryimage"},"thumbnailUrl":"https:\/\/radioljubuski.ba\/wp-content\/uploads\/2022\/04\/2-2022-04-14-09-21-30-matej.png","datePublished":"2022-04-14T11:15:33+00:00","dateModified":"2022-04-14T11:15:34+00:00","breadcrumb":{"@id":"https:\/\/radioljubuski.ba\/index.php\/2022\/04\/14\/pojavile-se-nove-snimke-mateja-perisa-zasto-prolaznici-gledaju-u-savu\/#breadcrumb"},"inLanguage":"hr","potentialAction":[{"@type":"ReadAction","target":["https:\/\/radioljubuski.ba\/index.php\/2022\/04\/14\/pojavile-se-nove-snimke-mateja-perisa-zasto-prolaznici-gledaju-u-savu\/"]}]},{"@type":"ImageObject","inLanguage":"hr","@id":"https:\/\/radioljubuski.ba\/index.php\/2022\/04\/14\/pojavile-se-nove-snimke-mateja-perisa-zasto-prolaznici-gledaju-u-savu\/#primaryimage","url":"https:\/\/radioljubuski.ba\/wp-content\/uploads\/2022\/04\/2-2022-04-14-09-21-30-matej.png","contentUrl":"https:\/\/radioljubuski.ba\/wp-content\/uploads\/2022\/04\/2-2022-04-14-09-21-30-matej.png","width":1000,"height":625},{"@type":"BreadcrumbList","@id":"https:\/\/radioljubuski.ba\/index.php\/2022\/04\/14\/pojavile-se-nove-snimke-mateja-perisa-zasto-prolaznici-gledaju-u-savu\/#breadcrumb","itemListElement":[{"@type":"ListItem","position":1,"name":"Po\u010detna stranica","item":"https:\/\/radioljubuski.ba\/"},{"@type":"ListItem","position":2,"name":"Pojavile se nove snimke Mateja Peri\u0161a, za\u0161to prolaznici gledaju u Savu?"}]},{"@type":"WebSite","@id":"https:\/\/radioljubuski.ba\/#website","url":"https:\/\/radioljubuski.ba\/","name":"Radio Ljubu\u0161ki","description":"Sun\u010dana frekvencija Hercegovine","publisher":{"@id":"https:\/\/radioljubuski.ba\/#organization"},"potentialAction":[{"@type":"SearchAction","target":{"@type":"EntryPoint","urlTemplate":"https:\/\/radioljubuski.ba\/?s={search_term_string}"},"query-input":{"@type":"PropertyValueSpecification","valueRequired":true,"valueName":"search_term_string"}}],"inLanguage":"hr"},{"@type":"Organization","@id":"https:\/\/radioljubuski.ba\/#organization","name":"Radio Ljubu\u0161ki","url":"https:\/\/radioljubuski.ba\/","logo":{"@type":"ImageObject","inLanguage":"hr","@id":"https:\/\/radioljubuski.ba\/#\/schema\/logo\/image\/","url":"https:\/\/radioljubuski.ba\/wp-content\/uploads\/2021\/02\/cropped-Radio_Ljubuski_logo1.jpg","contentUrl":"https:\/\/radioljubuski.ba\/wp-content\/uploads\/2021\/02\/cropped-Radio_Ljubuski_logo1.jpg","width":512,"height":512,"caption":"Radio Ljubu\u0161ki"},"image":{"@id":"https:\/\/radioljubuski.ba\/#\/schema\/logo\/image\/"},"sameAs":["https:\/\/www.facebook.com\/Radiio-Ljubuski-1490835324566332","https:\/\/x.com\/radioljubuski","https:\/\/hr.linkedin.com\/company\/radio-ljubuski","https:\/\/www.youtube.com\/channel\/UCHYaeO_n0Db3tjNGudGpXyw"]},{"@type":"Person","@id":"https:\/\/radioljubuski.ba\/#\/schema\/person\/19fc700381a780f69665d7956c469e3b","name":"Radio Ljubu\u0161ki"}]}},"_links":{"self":[{"href":"https:\/\/radioljubuski.ba\/index.php\/wp-json\/wp\/v2\/posts\/132544","targetHints":{"allow":["GET"]}}],"collection":[{"href":"https:\/\/radioljubuski.ba\/index.php\/wp-json\/wp\/v2\/posts"}],"about":[{"href":"https:\/\/radioljubuski.ba\/index.php\/wp-json\/wp\/v2\/types\/post"}],"author":[{"embeddable":true,"href":"https:\/\/radioljubuski.ba\/index.php\/wp-json\/wp\/v2\/users\/2"}],"replies":[{"embeddable":true,"href":"https:\/\/radioljubuski.ba\/index.php\/wp-json\/wp\/v2\/comments?post=132544"}],"version-history":[{"count":1,"href":"https:\/\/radioljubuski.ba\/index.php\/wp-json\/wp\/v2\/posts\/132544\/revisions"}],"predecessor-version":[{"id":132546,"href":"https:\/\/radioljubuski.ba\/index.php\/wp-json\/wp\/v2\/posts\/132544\/revisions\/132546"}],"wp:featuredmedia":[{"embeddable":true,"href":"https:\/\/radioljubuski.ba\/index.php\/wp-json\/wp\/v2\/media\/132545"}],"wp:attachment":[{"href":"https:\/\/radioljubuski.ba\/index.php\/wp-json\/wp\/v2\/media?parent=132544"}],"wp:term":[{"taxonomy":"category","embeddable":true,"href":"https:\/\/radioljubuski.ba\/index.php\/wp-json\/wp\/v2\/categories?post=132544"},{"taxonomy":"post_tag","embeddable":true,"href":"https:\/\/radioljubuski.ba\/index.php\/wp-json\/wp\/v2\/tags?post=132544"}],"curies":[{"name":"wp","href":"https:\/\/api.w.org\/{rel}","templated":true}]}}