{"id":132551,"date":"2022-04-14T12:18:44","date_gmt":"2022-04-14T11:18:44","guid":{"rendered":"https:\/\/radioljubuski.ba\/?p=132551"},"modified":"2022-04-14T12:18:45","modified_gmt":"2022-04-14T11:18:45","slug":"vlada-pz-utvrdila-izmjene-i-dopune-zakona-o-pomoci-mladim-obiteljima","status":"publish","type":"post","link":"https:\/\/radioljubuski.ba\/index.php\/2022\/04\/14\/vlada-pz-utvrdila-izmjene-i-dopune-zakona-o-pomoci-mladim-obiteljima\/","title":{"rendered":"Vlada P\u017d utvrdila izmjene i dopune Zakona o pomo\u0107i mladim obiteljima"},"content":{"rendered":"\n<p>Na sjednici Vlade \u017dupanije Posavske (P\u017d), odr\u017eanoj u srijedu, utvr\u0111en je Prijedlog zakona o izmjenama i dopunama Zakona o pomo\u0107i mladim obiteljima kod rje\u0161avanja stambenog pitanja, te \u0107e u formi prijedloga taj zakon biti proslije\u0111en u skup\u0161tinsku proceduru.<\/p>\n\n\n\n<p>Analizom Zakona o pomo\u0107i mladim obiteljima kod rje\u0161avanja stambenog pitanja, te prilikom njegove primjene pokazale su se odre\u0111ene manjkavosti, \u0161to je rezultiralo potrebom da se pristupi izmjenama i dopunama va\u017ee\u0107eg Zakona s ciljem stvaranja efikasnijeg i pravi\u010dnijeg zakonskog okvira, priop\u0107eno je iz Vlade P\u017d.<\/p>\n\n\n\n<p>Usvojena je i Odluka o usvajanju Programa utro\u0161ka sredstava utvr\u0111enih Prora\u010dunom P\u017d za 2022. godinu na poziciji grant za za\u0161titu od prirodnih i drugih nesre\u0107a.<\/p>\n\n\n\n<p>Sredstva na ovoj poziciji iznose 110.000 maraka, a svrha programa je osiguranje financijskih sredstava za realizaciju izdataka koji su utvr\u0111eni Zakonom o za\u0161titi i spa\u0161avanju ljudi i materijalnih dobara od prirodnih i drugih nesre\u0107a.<\/p>\n\n\n\n<p>Vlada je prihvatila Izvje\u0161\u0107a o radu Zavoda zdravstvenog osiguranja P\u017d za razdoblje od 1. sije\u010dnja do 31. prosinca 2021. godine, kao i Plana i programa rada Zavoda zdravstvenog osiguranja P\u017d za 2022. godinu.<\/p>\n\n\n\n<p>Nagla\u0161en je zna\u010daj financijski stabilnog Zavoda, kako bi se izvr\u0161avale sve financijske obveze prema zdravstvenim ustanovama u P\u017d i omogu\u0107ilo njihovo funkcioniranje.<\/p>\n\n\n\n<p>Vlada je razmatrala i usvojila Izvje\u0161\u0107e o radu i financijskom poslovanju \u017dupanijske bolnice u Ora\u0161ju za 2021. godinu koje je dodatno obrazlo\u017eio ravnatelj Perica Jele\u010devi\u0107.<\/p>\n\n\n\n<p>Naglasio je kako je u pro\u0161loj godini hospitalizirano 357 covid pacijenta, u bolnici je obavljeno oko 10.000 usluga u covid ambulanti, kao i drugi teku\u0107i redoviti poslovi.<\/p>\n\n\n\n<p>Unato\u010d pandemijskom vremenu hospitalizirano je oko 400 pacijenata vi\u0161e u odnosu na prethodnu godinu \u0161to je pozitivan trend u radu bolnice, naglasio je Jele\u010devi\u0107.<\/p>\n\n\n\n<p>Oko pola milijuna maraka doniranih bolnici ulo\u017eeno je u projekte. Potpora u njima nije izostala ni od \u017eupanijske Vlade.<\/p>\n\n\n\n<p>Resorni ministar Damir \u017divkovi\u0107 izrazio je zadovoljstvo radom \u017dupanijske bolnice u protekloj godini iz razloga \u0161to je bolnica jedina ustanova na podru\u010dju Posavske \u017eupanije koja je hospitalizirala osobe oboljele od koronavirusa.<\/p>\n\n\n\n<p>Predsjednik Vlade P\u017d \u0110uro Topi\u0107 zahvalio je uime Vlade na doprinosu razvoja bolnice u iznimno izazovnom vremenu borbe s pandemijom.<\/p>\n\n\n\n<p>\u201eTo je iskustvo koje nas u\u010di, a potvrdilo je koliko je dobro \u0161to imamo svoje zdravstvene ustanove. Pred nama je vrijeme u kojem trebamo zna\u010dajnije ulo\u017eiti sredstva u opremu i ja\u010danju kadrova bolnice\u201c, naglasio je Topi\u0107.<\/p>\n\n\n\n<p>Vlada je tako\u0111er razmatrala i usvojila Plan i program rada \u017dupanijske bolnice u Ora\u0161ju za 2022. godinu.<\/p>\n\n\n\n<p>\u017dupanijska vlada usvojila je Odluku o odobravanju kori\u0161tenja sredstava iz Kapitalnog granta za ure\u0111enje poljoprivrednog zemlji\u0161ta utvr\u0111enog Prora\u010dunom \u017dupanije posavske za 2022. godinu. Sredstva u visini od 150.000 KM namijenjena su za financiranje projekata koji se odnose na provo\u0111enje mjera za\u0161tite i ure\u0111enja poljoprivrednog zemlji\u0161ta na prostoru \u017dupanije posavske, te za realizaciju projekta koji se odnosi na za\u0161titu i ure\u0111enje poljoprivrednog zemlji\u0161ta namijenjenog primarnoj poljoprivrednoj proizvodnji.<\/p>\n\n\n\n<p>Usvojena je Odluka o usvajanju Programa utro\u0161ka sredstva iz Granta za \u0161umarstvo utvr\u0111enog Prora\u010dunom \u017dupanije posavske za 2022. godinu.<\/p>\n\n\n\n<p>Usvojena je Odluka o usvajanju Programa utro\u0161ka sredstava utvr\u0111enih Prora\u010dunom \u017dupanije Posavske za 2022. godinu na poziciji Grant za financiranje vjerskih zajednica. Prora\u010dunom su predvi\u0111ena sredstva za te namjene u iznosu od 280.000 KM.<\/p>\n\n\n\n<p>Usvojena je Odluka o usvajanju Programa utro\u0161ka sredstava utvr\u0111enih Prora\u010dunom \u017dupanije posavske za 2022. godinu na poziciji Grant za financiranje visokog obrazovanja. Za realizaciju tog programa u Prora\u010dunu predvi\u0111ena su sredstva u iznosu od 165.000 KM.<\/p>\n\n\n\n<p>Odobrena su sredstava iz Prora\u010duna \u017dupanije posavske za 2022. godinu na ime realizacije kulturnog programa i aktivnosti. Udruzi filmski festival \u2013 Ivo Gregurevi\u0107, Ora\u0161je, odobrena su sredstva u iznosu od 5.000 KM, za organiziranje kulturne manifestacije 27. dani hrvatskog filma \u2013 Ivo Gregurevi\u0107 u Ora\u0161ju, stoji u priop\u0107enju.<\/p>\n\n\n\n<p>Izvor.pogled.ba<\/p>\n","protected":false},"excerpt":{"rendered":"<p>Na sjednici Vlade \u017dupanije Posavske (P\u017d), odr\u017eanoj u srijedu, utvr\u0111en je Prijedlog zakona o izmjenama i dopunama Zakona o pomo\u0107i mladim obiteljima kod rje\u0161avanja stambenog pitanja, te \u0107e u formi prijedloga taj zakon biti proslije\u0111en u skup\u0161tinsku proceduru. Analizom Zakona o pomo\u0107i mladim obiteljima kod rje\u0161avanja stambenog pitanja, te prilikom njegove primjene pokazale su se [&hellip;]<\/p>\n","protected":false},"author":2,"featured_media":132552,"comment_status":"closed","ping_status":"closed","sticky":false,"template":"","format":"standard","meta":{"h5ap_radio_sources":[],"footnotes":""},"categories":[1],"tags":[],"class_list":["post-132551","post","type-post","status-publish","format-standard","has-post-thumbnail","hentry","category-bihiregija"],"yoast_head":"<!-- This site is optimized with the Yoast SEO plugin v27.5 - https:\/\/yoast.com\/product\/yoast-seo-wordpress\/ -->\n<title>Vlada P\u017d utvrdila izmjene i dopune Zakona o pomo\u0107i mladim obiteljima - RADIO LJUBU\u0160KI<\/title>\n<meta name=\"robots\" content=\"index, follow, max-snippet:-1, max-image-preview:large, max-video-preview:-1\" \/>\n<link rel=\"canonical\" href=\"https:\/\/radioljubuski.ba\/index.php\/2022\/04\/14\/vlada-pz-utvrdila-izmjene-i-dopune-zakona-o-pomoci-mladim-obiteljima\/\" \/>\n<meta property=\"og:locale\" content=\"hr_HR\" \/>\n<meta property=\"og:type\" content=\"article\" \/>\n<meta property=\"og:title\" content=\"Vlada P\u017d utvrdila izmjene i dopune Zakona o pomo\u0107i mladim obiteljima - RADIO LJUBU\u0160KI\" \/>\n<meta property=\"og:description\" content=\"Na sjednici Vlade \u017dupanije Posavske (P\u017d), odr\u017eanoj u srijedu, utvr\u0111en je Prijedlog zakona o izmjenama i dopunama Zakona o pomo\u0107i mladim obiteljima kod rje\u0161avanja stambenog pitanja, te \u0107e u formi prijedloga taj zakon biti proslije\u0111en u skup\u0161tinsku proceduru. Analizom Zakona o pomo\u0107i mladim obiteljima kod rje\u0161avanja stambenog pitanja, te prilikom njegove primjene pokazale su se [&hellip;]\" \/>\n<meta property=\"og:url\" content=\"https:\/\/radioljubuski.ba\/index.php\/2022\/04\/14\/vlada-pz-utvrdila-izmjene-i-dopune-zakona-o-pomoci-mladim-obiteljima\/\" \/>\n<meta property=\"og:site_name\" content=\"RADIO LJUBU\u0160KI\" \/>\n<meta property=\"article:publisher\" content=\"https:\/\/www.facebook.com\/Radiio-Ljubuski-1490835324566332\" \/>\n<meta property=\"article:published_time\" content=\"2022-04-14T11:18:44+00:00\" \/>\n<meta property=\"article:modified_time\" content=\"2022-04-14T11:18:45+00:00\" \/>\n<meta property=\"og:image\" content=\"https:\/\/radioljubuski.ba\/wp-content\/uploads\/2022\/04\/2-2022-04-14-09-49-32-topic.jpg\" \/>\n\t<meta property=\"og:image:width\" content=\"1000\" \/>\n\t<meta property=\"og:image:height\" content=\"625\" \/>\n\t<meta property=\"og:image:type\" content=\"image\/jpeg\" \/>\n<meta name=\"author\" content=\"Radio Ljubu\u0161ki\" \/>\n<meta name=\"twitter:card\" content=\"summary_large_image\" \/>\n<meta name=\"twitter:creator\" content=\"@radioljubuski\" \/>\n<meta name=\"twitter:site\" content=\"@radioljubuski\" \/>\n<meta name=\"twitter:label1\" content=\"Napisao\/la\" \/>\n\t<meta name=\"twitter:data1\" content=\"Radio Ljubu\u0161ki\" \/>\n\t<meta name=\"twitter:label2\" content=\"Procijenjeno vrijeme \u010ditanja\" \/>\n\t<meta name=\"twitter:data2\" content=\"3 minute\" \/>\n<script type=\"application\/ld+json\" class=\"yoast-schema-graph\">{\"@context\":\"https:\\\/\\\/schema.org\",\"@graph\":[{\"@type\":\"Article\",\"@id\":\"https:\\\/\\\/radioljubuski.ba\\\/index.php\\\/2022\\\/04\\\/14\\\/vlada-pz-utvrdila-izmjene-i-dopune-zakona-o-pomoci-mladim-obiteljima\\\/#article\",\"isPartOf\":{\"@id\":\"https:\\\/\\\/radioljubuski.ba\\\/index.php\\\/2022\\\/04\\\/14\\\/vlada-pz-utvrdila-izmjene-i-dopune-zakona-o-pomoci-mladim-obiteljima\\\/\"},\"author\":{\"name\":\"Radio Ljubu\u0161ki\",\"@id\":\"https:\\\/\\\/radioljubuski.ba\\\/#\\\/schema\\\/person\\\/19fc700381a780f69665d7956c469e3b\"},\"headline\":\"Vlada P\u017d utvrdila izmjene i dopune Zakona o pomo\u0107i mladim obiteljima\",\"datePublished\":\"2022-04-14T11:18:44+00:00\",\"dateModified\":\"2022-04-14T11:18:45+00:00\",\"mainEntityOfPage\":{\"@id\":\"https:\\\/\\\/radioljubuski.ba\\\/index.php\\\/2022\\\/04\\\/14\\\/vlada-pz-utvrdila-izmjene-i-dopune-zakona-o-pomoci-mladim-obiteljima\\\/\"},\"wordCount\":663,\"publisher\":{\"@id\":\"https:\\\/\\\/radioljubuski.ba\\\/#organization\"},\"image\":{\"@id\":\"https:\\\/\\\/radioljubuski.ba\\\/index.php\\\/2022\\\/04\\\/14\\\/vlada-pz-utvrdila-izmjene-i-dopune-zakona-o-pomoci-mladim-obiteljima\\\/#primaryimage\"},\"thumbnailUrl\":\"https:\\\/\\\/radioljubuski.ba\\\/wp-content\\\/uploads\\\/2022\\\/04\\\/2-2022-04-14-09-49-32-topic.jpg\",\"articleSection\":[\"BIH i regija\"],\"inLanguage\":\"hr\"},{\"@type\":\"WebPage\",\"@id\":\"https:\\\/\\\/radioljubuski.ba\\\/index.php\\\/2022\\\/04\\\/14\\\/vlada-pz-utvrdila-izmjene-i-dopune-zakona-o-pomoci-mladim-obiteljima\\\/\",\"url\":\"https:\\\/\\\/radioljubuski.ba\\\/index.php\\\/2022\\\/04\\\/14\\\/vlada-pz-utvrdila-izmjene-i-dopune-zakona-o-pomoci-mladim-obiteljima\\\/\",\"name\":\"Vlada P\u017d utvrdila izmjene i dopune Zakona o pomo\u0107i mladim obiteljima - RADIO LJUBU\u0160KI\",\"isPartOf\":{\"@id\":\"https:\\\/\\\/radioljubuski.ba\\\/#website\"},\"primaryImageOfPage\":{\"@id\":\"https:\\\/\\\/radioljubuski.ba\\\/index.php\\\/2022\\\/04\\\/14\\\/vlada-pz-utvrdila-izmjene-i-dopune-zakona-o-pomoci-mladim-obiteljima\\\/#primaryimage\"},\"image\":{\"@id\":\"https:\\\/\\\/radioljubuski.ba\\\/index.php\\\/2022\\\/04\\\/14\\\/vlada-pz-utvrdila-izmjene-i-dopune-zakona-o-pomoci-mladim-obiteljima\\\/#primaryimage\"},\"thumbnailUrl\":\"https:\\\/\\\/radioljubuski.ba\\\/wp-content\\\/uploads\\\/2022\\\/04\\\/2-2022-04-14-09-49-32-topic.jpg\",\"datePublished\":\"2022-04-14T11:18:44+00:00\",\"dateModified\":\"2022-04-14T11:18:45+00:00\",\"breadcrumb\":{\"@id\":\"https:\\\/\\\/radioljubuski.ba\\\/index.php\\\/2022\\\/04\\\/14\\\/vlada-pz-utvrdila-izmjene-i-dopune-zakona-o-pomoci-mladim-obiteljima\\\/#breadcrumb\"},\"inLanguage\":\"hr\",\"potentialAction\":[{\"@type\":\"ReadAction\",\"target\":[\"https:\\\/\\\/radioljubuski.ba\\\/index.php\\\/2022\\\/04\\\/14\\\/vlada-pz-utvrdila-izmjene-i-dopune-zakona-o-pomoci-mladim-obiteljima\\\/\"]}]},{\"@type\":\"ImageObject\",\"inLanguage\":\"hr\",\"@id\":\"https:\\\/\\\/radioljubuski.ba\\\/index.php\\\/2022\\\/04\\\/14\\\/vlada-pz-utvrdila-izmjene-i-dopune-zakona-o-pomoci-mladim-obiteljima\\\/#primaryimage\",\"url\":\"https:\\\/\\\/radioljubuski.ba\\\/wp-content\\\/uploads\\\/2022\\\/04\\\/2-2022-04-14-09-49-32-topic.jpg\",\"contentUrl\":\"https:\\\/\\\/radioljubuski.ba\\\/wp-content\\\/uploads\\\/2022\\\/04\\\/2-2022-04-14-09-49-32-topic.jpg\",\"width\":1000,\"height\":625},{\"@type\":\"BreadcrumbList\",\"@id\":\"https:\\\/\\\/radioljubuski.ba\\\/index.php\\\/2022\\\/04\\\/14\\\/vlada-pz-utvrdila-izmjene-i-dopune-zakona-o-pomoci-mladim-obiteljima\\\/#breadcrumb\",\"itemListElement\":[{\"@type\":\"ListItem\",\"position\":1,\"name\":\"Po\u010detna stranica\",\"item\":\"https:\\\/\\\/radioljubuski.ba\\\/\"},{\"@type\":\"ListItem\",\"position\":2,\"name\":\"Vlada P\u017d utvrdila izmjene i dopune Zakona o pomo\u0107i mladim obiteljima\"}]},{\"@type\":\"WebSite\",\"@id\":\"https:\\\/\\\/radioljubuski.ba\\\/#website\",\"url\":\"https:\\\/\\\/radioljubuski.ba\\\/\",\"name\":\"Radio Ljubu\u0161ki\",\"description\":\"Sun\u010dana frekvencija Hercegovine\",\"publisher\":{\"@id\":\"https:\\\/\\\/radioljubuski.ba\\\/#organization\"},\"potentialAction\":[{\"@type\":\"SearchAction\",\"target\":{\"@type\":\"EntryPoint\",\"urlTemplate\":\"https:\\\/\\\/radioljubuski.ba\\\/?s={search_term_string}\"},\"query-input\":{\"@type\":\"PropertyValueSpecification\",\"valueRequired\":true,\"valueName\":\"search_term_string\"}}],\"inLanguage\":\"hr\"},{\"@type\":\"Organization\",\"@id\":\"https:\\\/\\\/radioljubuski.ba\\\/#organization\",\"name\":\"Radio Ljubu\u0161ki\",\"url\":\"https:\\\/\\\/radioljubuski.ba\\\/\",\"logo\":{\"@type\":\"ImageObject\",\"inLanguage\":\"hr\",\"@id\":\"https:\\\/\\\/radioljubuski.ba\\\/#\\\/schema\\\/logo\\\/image\\\/\",\"url\":\"https:\\\/\\\/radioljubuski.ba\\\/wp-content\\\/uploads\\\/2021\\\/02\\\/cropped-Radio_Ljubuski_logo1.jpg\",\"contentUrl\":\"https:\\\/\\\/radioljubuski.ba\\\/wp-content\\\/uploads\\\/2021\\\/02\\\/cropped-Radio_Ljubuski_logo1.jpg\",\"width\":512,\"height\":512,\"caption\":\"Radio Ljubu\u0161ki\"},\"image\":{\"@id\":\"https:\\\/\\\/radioljubuski.ba\\\/#\\\/schema\\\/logo\\\/image\\\/\"},\"sameAs\":[\"https:\\\/\\\/www.facebook.com\\\/Radiio-Ljubuski-1490835324566332\",\"https:\\\/\\\/x.com\\\/radioljubuski\",\"https:\\\/\\\/hr.linkedin.com\\\/company\\\/radio-ljubuski\",\"https:\\\/\\\/www.youtube.com\\\/channel\\\/UCHYaeO_n0Db3tjNGudGpXyw\"]},{\"@type\":\"Person\",\"@id\":\"https:\\\/\\\/radioljubuski.ba\\\/#\\\/schema\\\/person\\\/19fc700381a780f69665d7956c469e3b\",\"name\":\"Radio Ljubu\u0161ki\"}]}<\/script>\n<!-- \/ Yoast SEO plugin. -->","yoast_head_json":{"title":"Vlada P\u017d utvrdila izmjene i dopune Zakona o pomo\u0107i mladim obiteljima - RADIO LJUBU\u0160KI","robots":{"index":"index","follow":"follow","max-snippet":"max-snippet:-1","max-image-preview":"max-image-preview:large","max-video-preview":"max-video-preview:-1"},"canonical":"https:\/\/radioljubuski.ba\/index.php\/2022\/04\/14\/vlada-pz-utvrdila-izmjene-i-dopune-zakona-o-pomoci-mladim-obiteljima\/","og_locale":"hr_HR","og_type":"article","og_title":"Vlada P\u017d utvrdila izmjene i dopune Zakona o pomo\u0107i mladim obiteljima - RADIO LJUBU\u0160KI","og_description":"Na sjednici Vlade \u017dupanije Posavske (P\u017d), odr\u017eanoj u srijedu, utvr\u0111en je Prijedlog zakona o izmjenama i dopunama Zakona o pomo\u0107i mladim obiteljima kod rje\u0161avanja stambenog pitanja, te \u0107e u formi prijedloga taj zakon biti proslije\u0111en u skup\u0161tinsku proceduru. Analizom Zakona o pomo\u0107i mladim obiteljima kod rje\u0161avanja stambenog pitanja, te prilikom njegove primjene pokazale su se [&hellip;]","og_url":"https:\/\/radioljubuski.ba\/index.php\/2022\/04\/14\/vlada-pz-utvrdila-izmjene-i-dopune-zakona-o-pomoci-mladim-obiteljima\/","og_site_name":"RADIO LJUBU\u0160KI","article_publisher":"https:\/\/www.facebook.com\/Radiio-Ljubuski-1490835324566332","article_published_time":"2022-04-14T11:18:44+00:00","article_modified_time":"2022-04-14T11:18:45+00:00","og_image":[{"width":1000,"height":625,"url":"https:\/\/radioljubuski.ba\/wp-content\/uploads\/2022\/04\/2-2022-04-14-09-49-32-topic.jpg","type":"image\/jpeg"}],"author":"Radio Ljubu\u0161ki","twitter_card":"summary_large_image","twitter_creator":"@radioljubuski","twitter_site":"@radioljubuski","twitter_misc":{"Napisao\/la":"Radio Ljubu\u0161ki","Procijenjeno vrijeme \u010ditanja":"3 minute"},"schema":{"@context":"https:\/\/schema.org","@graph":[{"@type":"Article","@id":"https:\/\/radioljubuski.ba\/index.php\/2022\/04\/14\/vlada-pz-utvrdila-izmjene-i-dopune-zakona-o-pomoci-mladim-obiteljima\/#article","isPartOf":{"@id":"https:\/\/radioljubuski.ba\/index.php\/2022\/04\/14\/vlada-pz-utvrdila-izmjene-i-dopune-zakona-o-pomoci-mladim-obiteljima\/"},"author":{"name":"Radio Ljubu\u0161ki","@id":"https:\/\/radioljubuski.ba\/#\/schema\/person\/19fc700381a780f69665d7956c469e3b"},"headline":"Vlada P\u017d utvrdila izmjene i dopune Zakona o pomo\u0107i mladim obiteljima","datePublished":"2022-04-14T11:18:44+00:00","dateModified":"2022-04-14T11:18:45+00:00","mainEntityOfPage":{"@id":"https:\/\/radioljubuski.ba\/index.php\/2022\/04\/14\/vlada-pz-utvrdila-izmjene-i-dopune-zakona-o-pomoci-mladim-obiteljima\/"},"wordCount":663,"publisher":{"@id":"https:\/\/radioljubuski.ba\/#organization"},"image":{"@id":"https:\/\/radioljubuski.ba\/index.php\/2022\/04\/14\/vlada-pz-utvrdila-izmjene-i-dopune-zakona-o-pomoci-mladim-obiteljima\/#primaryimage"},"thumbnailUrl":"https:\/\/radioljubuski.ba\/wp-content\/uploads\/2022\/04\/2-2022-04-14-09-49-32-topic.jpg","articleSection":["BIH i regija"],"inLanguage":"hr"},{"@type":"WebPage","@id":"https:\/\/radioljubuski.ba\/index.php\/2022\/04\/14\/vlada-pz-utvrdila-izmjene-i-dopune-zakona-o-pomoci-mladim-obiteljima\/","url":"https:\/\/radioljubuski.ba\/index.php\/2022\/04\/14\/vlada-pz-utvrdila-izmjene-i-dopune-zakona-o-pomoci-mladim-obiteljima\/","name":"Vlada P\u017d utvrdila izmjene i dopune Zakona o pomo\u0107i mladim obiteljima - RADIO LJUBU\u0160KI","isPartOf":{"@id":"https:\/\/radioljubuski.ba\/#website"},"primaryImageOfPage":{"@id":"https:\/\/radioljubuski.ba\/index.php\/2022\/04\/14\/vlada-pz-utvrdila-izmjene-i-dopune-zakona-o-pomoci-mladim-obiteljima\/#primaryimage"},"image":{"@id":"https:\/\/radioljubuski.ba\/index.php\/2022\/04\/14\/vlada-pz-utvrdila-izmjene-i-dopune-zakona-o-pomoci-mladim-obiteljima\/#primaryimage"},"thumbnailUrl":"https:\/\/radioljubuski.ba\/wp-content\/uploads\/2022\/04\/2-2022-04-14-09-49-32-topic.jpg","datePublished":"2022-04-14T11:18:44+00:00","dateModified":"2022-04-14T11:18:45+00:00","breadcrumb":{"@id":"https:\/\/radioljubuski.ba\/index.php\/2022\/04\/14\/vlada-pz-utvrdila-izmjene-i-dopune-zakona-o-pomoci-mladim-obiteljima\/#breadcrumb"},"inLanguage":"hr","potentialAction":[{"@type":"ReadAction","target":["https:\/\/radioljubuski.ba\/index.php\/2022\/04\/14\/vlada-pz-utvrdila-izmjene-i-dopune-zakona-o-pomoci-mladim-obiteljima\/"]}]},{"@type":"ImageObject","inLanguage":"hr","@id":"https:\/\/radioljubuski.ba\/index.php\/2022\/04\/14\/vlada-pz-utvrdila-izmjene-i-dopune-zakona-o-pomoci-mladim-obiteljima\/#primaryimage","url":"https:\/\/radioljubuski.ba\/wp-content\/uploads\/2022\/04\/2-2022-04-14-09-49-32-topic.jpg","contentUrl":"https:\/\/radioljubuski.ba\/wp-content\/uploads\/2022\/04\/2-2022-04-14-09-49-32-topic.jpg","width":1000,"height":625},{"@type":"BreadcrumbList","@id":"https:\/\/radioljubuski.ba\/index.php\/2022\/04\/14\/vlada-pz-utvrdila-izmjene-i-dopune-zakona-o-pomoci-mladim-obiteljima\/#breadcrumb","itemListElement":[{"@type":"ListItem","position":1,"name":"Po\u010detna stranica","item":"https:\/\/radioljubuski.ba\/"},{"@type":"ListItem","position":2,"name":"Vlada P\u017d utvrdila izmjene i dopune Zakona o pomo\u0107i mladim obiteljima"}]},{"@type":"WebSite","@id":"https:\/\/radioljubuski.ba\/#website","url":"https:\/\/radioljubuski.ba\/","name":"Radio Ljubu\u0161ki","description":"Sun\u010dana frekvencija Hercegovine","publisher":{"@id":"https:\/\/radioljubuski.ba\/#organization"},"potentialAction":[{"@type":"SearchAction","target":{"@type":"EntryPoint","urlTemplate":"https:\/\/radioljubuski.ba\/?s={search_term_string}"},"query-input":{"@type":"PropertyValueSpecification","valueRequired":true,"valueName":"search_term_string"}}],"inLanguage":"hr"},{"@type":"Organization","@id":"https:\/\/radioljubuski.ba\/#organization","name":"Radio Ljubu\u0161ki","url":"https:\/\/radioljubuski.ba\/","logo":{"@type":"ImageObject","inLanguage":"hr","@id":"https:\/\/radioljubuski.ba\/#\/schema\/logo\/image\/","url":"https:\/\/radioljubuski.ba\/wp-content\/uploads\/2021\/02\/cropped-Radio_Ljubuski_logo1.jpg","contentUrl":"https:\/\/radioljubuski.ba\/wp-content\/uploads\/2021\/02\/cropped-Radio_Ljubuski_logo1.jpg","width":512,"height":512,"caption":"Radio Ljubu\u0161ki"},"image":{"@id":"https:\/\/radioljubuski.ba\/#\/schema\/logo\/image\/"},"sameAs":["https:\/\/www.facebook.com\/Radiio-Ljubuski-1490835324566332","https:\/\/x.com\/radioljubuski","https:\/\/hr.linkedin.com\/company\/radio-ljubuski","https:\/\/www.youtube.com\/channel\/UCHYaeO_n0Db3tjNGudGpXyw"]},{"@type":"Person","@id":"https:\/\/radioljubuski.ba\/#\/schema\/person\/19fc700381a780f69665d7956c469e3b","name":"Radio Ljubu\u0161ki"}]}},"_links":{"self":[{"href":"https:\/\/radioljubuski.ba\/index.php\/wp-json\/wp\/v2\/posts\/132551","targetHints":{"allow":["GET"]}}],"collection":[{"href":"https:\/\/radioljubuski.ba\/index.php\/wp-json\/wp\/v2\/posts"}],"about":[{"href":"https:\/\/radioljubuski.ba\/index.php\/wp-json\/wp\/v2\/types\/post"}],"author":[{"embeddable":true,"href":"https:\/\/radioljubuski.ba\/index.php\/wp-json\/wp\/v2\/users\/2"}],"replies":[{"embeddable":true,"href":"https:\/\/radioljubuski.ba\/index.php\/wp-json\/wp\/v2\/comments?post=132551"}],"version-history":[{"count":1,"href":"https:\/\/radioljubuski.ba\/index.php\/wp-json\/wp\/v2\/posts\/132551\/revisions"}],"predecessor-version":[{"id":132553,"href":"https:\/\/radioljubuski.ba\/index.php\/wp-json\/wp\/v2\/posts\/132551\/revisions\/132553"}],"wp:featuredmedia":[{"embeddable":true,"href":"https:\/\/radioljubuski.ba\/index.php\/wp-json\/wp\/v2\/media\/132552"}],"wp:attachment":[{"href":"https:\/\/radioljubuski.ba\/index.php\/wp-json\/wp\/v2\/media?parent=132551"}],"wp:term":[{"taxonomy":"category","embeddable":true,"href":"https:\/\/radioljubuski.ba\/index.php\/wp-json\/wp\/v2\/categories?post=132551"},{"taxonomy":"post_tag","embeddable":true,"href":"https:\/\/radioljubuski.ba\/index.php\/wp-json\/wp\/v2\/tags?post=132551"}],"curies":[{"name":"wp","href":"https:\/\/api.w.org\/{rel}","templated":true}]}}