{"id":132554,"date":"2022-04-14T12:19:40","date_gmt":"2022-04-14T11:19:40","guid":{"rendered":"https:\/\/radioljubuski.ba\/?p=132554"},"modified":"2022-04-14T12:19:41","modified_gmt":"2022-04-14T11:19:41","slug":"povecanje-placa-i-naknada-proracunskim-korisnicima-hercegbosanske-zupanije","status":"publish","type":"post","link":"https:\/\/radioljubuski.ba\/index.php\/2022\/04\/14\/povecanje-placa-i-naknada-proracunskim-korisnicima-hercegbosanske-zupanije\/","title":{"rendered":"Pove\u0107anje pla\u0107a i naknada prora\u010dunskim korisnicima Hercegbosanske \u017eupanije"},"content":{"rendered":"\n<p>Ju\u010der je u zgradi Vlade Hercegbosanske \u017eupanije predsjednik Vlade Ivan Vukadin s ministrima Dra\u0161kom Dali\u0107em, Mariom Lovri\u0107em i Gordanom Naki\u0107 odr\u017eao sastanak s predstavnicima: Sindikata dr\u017eavnih slu\u017ebenika, namje\u0161tenika i zaposlenika HB\u017d, Sindikata djelatnika Ministarstva unutarnjih poslova HB\u017d, Samostalnog sindikata osnovnog odgoja i obrazovanja i Nezavisnog sindikata djelatnika srednjih \u0161kola HB\u017d.<\/p>\n\n\n\n<p>Na sastanku je postignut Sporazum o utvr\u0111ivanju osnovice za obra\u010dun pla\u0107e, iznosu naknade za ishranu (topli obrok) i izjedna\u010davanju koeficijenata za prosvjetne djelatnike VSS u osnovnom obrazovanju sa VSS prosvjetnih djelatnika u srednjem obrazovanju.<\/p>\n\n\n\n<p>Strane potpisnice ovoga sporazuma suglasne su da se osnovica za obra\u010dun pla\u0107a za sve naprijed navedene korisnike prora\u010duna Hercegbosanske \u017eupanije, za period travanj 2022. godine pa do po\u010detka primjene Zakona o pla\u0107ama i naknadama policijskih slu\u017ebenika i Zakona o pla\u0107ama i naknadama korisnika Prora\u010duna HB\u017d, utvr\u0111uje u iznosu od 453,24 KM (neto) ili 656,87 KM (bruto).&nbsp;<\/p>\n\n\n\n<p>Strane potpisnice ovog sporazuma su suglasne da se osnovica za obra\u010dun pla\u0107a za du\u017enosnike hercegbosanske \u017eupanije (predsjednik Vlade, predsjedatelj Skup\u0161tine, zamjenici predsjedatelja skup\u0161tine, ministri u Vladi, zastupnici u skup\u0161tini, savjetnici i \u017eupanijski javni pravobranitelj) za period travanj 2022. godine do po\u010detka primjene Zakona o pla\u0107ama i naknadama korisnika Prora\u010duna HB\u017d utvr\u0111uje u iznosu od 411,10 KM (neto) ili 595,80 KM (bruto).<\/p>\n\n\n\n<p>Naknade za ishranu tijekom rada (topli obrok) za sve zaposlene \u010dije se pla\u0107e financiraju iz Prora\u010duna Hercegbosanske \u017eupanije, obra\u010dunavat \u0107e se i ispla\u0107ivati u iznosu od 10.00 KM po danu tako\u0111er od travnja 2022. godine do po\u010detka primjene Zakona o pla\u0107ama i naknadama policijskih slu\u017ebenika i Zakona o pla\u0107ama i naknadama korisnika Prora\u010duna HB\u017d.<\/p>\n\n\n\n<p>Usugla\u0161eno je da se izjedna\u010davaju koeficijenti za obra\u010dun pla\u0107a djelatnicima VSS u osnovnom i srednjem obrazovanju u iznosu 2.80 te da \u0107e se primjenjivati od travnja 2022. godine.<\/p>\n\n\n\n<p>Sporazumom je utvr\u0111eno i to da \u0107e nakon usvajanja naprijed navedenih Zakona uslijediti pregovori oko uskla\u0111ivanja osnovica za obra\u010dun pla\u0107a korisnika Prora\u010duna Hercegbosanske \u017eupanije obuhva\u0107enih ovim Zakonima. Ovaj sporazum postignut je nakon provedene Javne rasprave koja je zavr\u0161ena 28. velja\u010de 2022. godine te na osnovu prethodno postignutog dogovora strana u Sporazumu koji stupa na snagu danom njegovoga potpisivanja i bit \u0107e objavljen u \u201eNarodnim novinama Hercegbosanske \u017eupanije\u201c.<\/p>\n\n\n\n<p>Izvor:pogled.ba<\/p>\n","protected":false},"excerpt":{"rendered":"<p>Ju\u010der je u zgradi Vlade Hercegbosanske \u017eupanije predsjednik Vlade Ivan Vukadin s ministrima Dra\u0161kom Dali\u0107em, Mariom Lovri\u0107em i Gordanom Naki\u0107 odr\u017eao sastanak s predstavnicima: Sindikata dr\u017eavnih slu\u017ebenika, namje\u0161tenika i zaposlenika HB\u017d, Sindikata djelatnika Ministarstva unutarnjih poslova HB\u017d, Samostalnog sindikata osnovnog odgoja i obrazovanja i Nezavisnog sindikata djelatnika srednjih \u0161kola HB\u017d. Na sastanku je postignut Sporazum [&hellip;]<\/p>\n","protected":false},"author":2,"featured_media":132555,"comment_status":"closed","ping_status":"closed","sticky":false,"template":"","format":"standard","meta":{"h5ap_radio_sources":[],"footnotes":""},"categories":[1],"tags":[],"class_list":["post-132554","post","type-post","status-publish","format-standard","has-post-thumbnail","hentry","category-bihiregija"],"yoast_head":"<!-- This site is optimized with the Yoast SEO plugin v27.5 - https:\/\/yoast.com\/product\/yoast-seo-wordpress\/ -->\n<title>Pove\u0107anje pla\u0107a i naknada prora\u010dunskim korisnicima Hercegbosanske \u017eupanije - RADIO LJUBU\u0160KI<\/title>\n<meta name=\"robots\" content=\"index, follow, max-snippet:-1, max-image-preview:large, max-video-preview:-1\" \/>\n<link rel=\"canonical\" href=\"https:\/\/radioljubuski.ba\/index.php\/2022\/04\/14\/povecanje-placa-i-naknada-proracunskim-korisnicima-hercegbosanske-zupanije\/\" \/>\n<meta property=\"og:locale\" content=\"hr_HR\" \/>\n<meta property=\"og:type\" content=\"article\" \/>\n<meta property=\"og:title\" content=\"Pove\u0107anje pla\u0107a i naknada prora\u010dunskim korisnicima Hercegbosanske \u017eupanije - RADIO LJUBU\u0160KI\" \/>\n<meta property=\"og:description\" content=\"Ju\u010der je u zgradi Vlade Hercegbosanske \u017eupanije predsjednik Vlade Ivan Vukadin s ministrima Dra\u0161kom Dali\u0107em, Mariom Lovri\u0107em i Gordanom Naki\u0107 odr\u017eao sastanak s predstavnicima: Sindikata dr\u017eavnih slu\u017ebenika, namje\u0161tenika i zaposlenika HB\u017d, Sindikata djelatnika Ministarstva unutarnjih poslova HB\u017d, Samostalnog sindikata osnovnog odgoja i obrazovanja i Nezavisnog sindikata djelatnika srednjih \u0161kola HB\u017d. Na sastanku je postignut Sporazum [&hellip;]\" \/>\n<meta property=\"og:url\" content=\"https:\/\/radioljubuski.ba\/index.php\/2022\/04\/14\/povecanje-placa-i-naknada-proracunskim-korisnicima-hercegbosanske-zupanije\/\" \/>\n<meta property=\"og:site_name\" content=\"RADIO LJUBU\u0160KI\" \/>\n<meta property=\"article:publisher\" content=\"https:\/\/www.facebook.com\/Radiio-Ljubuski-1490835324566332\" \/>\n<meta property=\"article:published_time\" content=\"2022-04-14T11:19:40+00:00\" \/>\n<meta property=\"article:modified_time\" content=\"2022-04-14T11:19:41+00:00\" \/>\n<meta property=\"og:image\" content=\"https:\/\/radioljubuski.ba\/wp-content\/uploads\/2022\/04\/2-2022-04-14-09-56-18-hbz.jpg\" \/>\n\t<meta property=\"og:image:width\" content=\"1000\" \/>\n\t<meta property=\"og:image:height\" content=\"625\" \/>\n\t<meta property=\"og:image:type\" content=\"image\/jpeg\" \/>\n<meta name=\"author\" content=\"Radio Ljubu\u0161ki\" \/>\n<meta name=\"twitter:card\" content=\"summary_large_image\" \/>\n<meta name=\"twitter:creator\" content=\"@radioljubuski\" \/>\n<meta name=\"twitter:site\" content=\"@radioljubuski\" \/>\n<meta name=\"twitter:label1\" content=\"Napisao\/la\" \/>\n\t<meta name=\"twitter:data1\" content=\"Radio Ljubu\u0161ki\" \/>\n\t<meta name=\"twitter:label2\" content=\"Procijenjeno vrijeme \u010ditanja\" \/>\n\t<meta name=\"twitter:data2\" content=\"2 minute\" \/>\n<script type=\"application\/ld+json\" class=\"yoast-schema-graph\">{\"@context\":\"https:\\\/\\\/schema.org\",\"@graph\":[{\"@type\":\"Article\",\"@id\":\"https:\\\/\\\/radioljubuski.ba\\\/index.php\\\/2022\\\/04\\\/14\\\/povecanje-placa-i-naknada-proracunskim-korisnicima-hercegbosanske-zupanije\\\/#article\",\"isPartOf\":{\"@id\":\"https:\\\/\\\/radioljubuski.ba\\\/index.php\\\/2022\\\/04\\\/14\\\/povecanje-placa-i-naknada-proracunskim-korisnicima-hercegbosanske-zupanije\\\/\"},\"author\":{\"name\":\"Radio Ljubu\u0161ki\",\"@id\":\"https:\\\/\\\/radioljubuski.ba\\\/#\\\/schema\\\/person\\\/19fc700381a780f69665d7956c469e3b\"},\"headline\":\"Pove\u0107anje pla\u0107a i naknada prora\u010dunskim korisnicima Hercegbosanske \u017eupanije\",\"datePublished\":\"2022-04-14T11:19:40+00:00\",\"dateModified\":\"2022-04-14T11:19:41+00:00\",\"mainEntityOfPage\":{\"@id\":\"https:\\\/\\\/radioljubuski.ba\\\/index.php\\\/2022\\\/04\\\/14\\\/povecanje-placa-i-naknada-proracunskim-korisnicima-hercegbosanske-zupanije\\\/\"},\"wordCount\":406,\"publisher\":{\"@id\":\"https:\\\/\\\/radioljubuski.ba\\\/#organization\"},\"image\":{\"@id\":\"https:\\\/\\\/radioljubuski.ba\\\/index.php\\\/2022\\\/04\\\/14\\\/povecanje-placa-i-naknada-proracunskim-korisnicima-hercegbosanske-zupanije\\\/#primaryimage\"},\"thumbnailUrl\":\"https:\\\/\\\/radioljubuski.ba\\\/wp-content\\\/uploads\\\/2022\\\/04\\\/2-2022-04-14-09-56-18-hbz.jpg\",\"articleSection\":[\"BIH i regija\"],\"inLanguage\":\"hr\"},{\"@type\":\"WebPage\",\"@id\":\"https:\\\/\\\/radioljubuski.ba\\\/index.php\\\/2022\\\/04\\\/14\\\/povecanje-placa-i-naknada-proracunskim-korisnicima-hercegbosanske-zupanije\\\/\",\"url\":\"https:\\\/\\\/radioljubuski.ba\\\/index.php\\\/2022\\\/04\\\/14\\\/povecanje-placa-i-naknada-proracunskim-korisnicima-hercegbosanske-zupanije\\\/\",\"name\":\"Pove\u0107anje pla\u0107a i naknada prora\u010dunskim korisnicima Hercegbosanske \u017eupanije - RADIO LJUBU\u0160KI\",\"isPartOf\":{\"@id\":\"https:\\\/\\\/radioljubuski.ba\\\/#website\"},\"primaryImageOfPage\":{\"@id\":\"https:\\\/\\\/radioljubuski.ba\\\/index.php\\\/2022\\\/04\\\/14\\\/povecanje-placa-i-naknada-proracunskim-korisnicima-hercegbosanske-zupanije\\\/#primaryimage\"},\"image\":{\"@id\":\"https:\\\/\\\/radioljubuski.ba\\\/index.php\\\/2022\\\/04\\\/14\\\/povecanje-placa-i-naknada-proracunskim-korisnicima-hercegbosanske-zupanije\\\/#primaryimage\"},\"thumbnailUrl\":\"https:\\\/\\\/radioljubuski.ba\\\/wp-content\\\/uploads\\\/2022\\\/04\\\/2-2022-04-14-09-56-18-hbz.jpg\",\"datePublished\":\"2022-04-14T11:19:40+00:00\",\"dateModified\":\"2022-04-14T11:19:41+00:00\",\"breadcrumb\":{\"@id\":\"https:\\\/\\\/radioljubuski.ba\\\/index.php\\\/2022\\\/04\\\/14\\\/povecanje-placa-i-naknada-proracunskim-korisnicima-hercegbosanske-zupanije\\\/#breadcrumb\"},\"inLanguage\":\"hr\",\"potentialAction\":[{\"@type\":\"ReadAction\",\"target\":[\"https:\\\/\\\/radioljubuski.ba\\\/index.php\\\/2022\\\/04\\\/14\\\/povecanje-placa-i-naknada-proracunskim-korisnicima-hercegbosanske-zupanije\\\/\"]}]},{\"@type\":\"ImageObject\",\"inLanguage\":\"hr\",\"@id\":\"https:\\\/\\\/radioljubuski.ba\\\/index.php\\\/2022\\\/04\\\/14\\\/povecanje-placa-i-naknada-proracunskim-korisnicima-hercegbosanske-zupanije\\\/#primaryimage\",\"url\":\"https:\\\/\\\/radioljubuski.ba\\\/wp-content\\\/uploads\\\/2022\\\/04\\\/2-2022-04-14-09-56-18-hbz.jpg\",\"contentUrl\":\"https:\\\/\\\/radioljubuski.ba\\\/wp-content\\\/uploads\\\/2022\\\/04\\\/2-2022-04-14-09-56-18-hbz.jpg\",\"width\":1000,\"height\":625},{\"@type\":\"BreadcrumbList\",\"@id\":\"https:\\\/\\\/radioljubuski.ba\\\/index.php\\\/2022\\\/04\\\/14\\\/povecanje-placa-i-naknada-proracunskim-korisnicima-hercegbosanske-zupanije\\\/#breadcrumb\",\"itemListElement\":[{\"@type\":\"ListItem\",\"position\":1,\"name\":\"Po\u010detna stranica\",\"item\":\"https:\\\/\\\/radioljubuski.ba\\\/\"},{\"@type\":\"ListItem\",\"position\":2,\"name\":\"Pove\u0107anje pla\u0107a i naknada prora\u010dunskim korisnicima Hercegbosanske \u017eupanije\"}]},{\"@type\":\"WebSite\",\"@id\":\"https:\\\/\\\/radioljubuski.ba\\\/#website\",\"url\":\"https:\\\/\\\/radioljubuski.ba\\\/\",\"name\":\"Radio Ljubu\u0161ki\",\"description\":\"Sun\u010dana frekvencija Hercegovine\",\"publisher\":{\"@id\":\"https:\\\/\\\/radioljubuski.ba\\\/#organization\"},\"potentialAction\":[{\"@type\":\"SearchAction\",\"target\":{\"@type\":\"EntryPoint\",\"urlTemplate\":\"https:\\\/\\\/radioljubuski.ba\\\/?s={search_term_string}\"},\"query-input\":{\"@type\":\"PropertyValueSpecification\",\"valueRequired\":true,\"valueName\":\"search_term_string\"}}],\"inLanguage\":\"hr\"},{\"@type\":\"Organization\",\"@id\":\"https:\\\/\\\/radioljubuski.ba\\\/#organization\",\"name\":\"Radio Ljubu\u0161ki\",\"url\":\"https:\\\/\\\/radioljubuski.ba\\\/\",\"logo\":{\"@type\":\"ImageObject\",\"inLanguage\":\"hr\",\"@id\":\"https:\\\/\\\/radioljubuski.ba\\\/#\\\/schema\\\/logo\\\/image\\\/\",\"url\":\"https:\\\/\\\/radioljubuski.ba\\\/wp-content\\\/uploads\\\/2021\\\/02\\\/cropped-Radio_Ljubuski_logo1.jpg\",\"contentUrl\":\"https:\\\/\\\/radioljubuski.ba\\\/wp-content\\\/uploads\\\/2021\\\/02\\\/cropped-Radio_Ljubuski_logo1.jpg\",\"width\":512,\"height\":512,\"caption\":\"Radio Ljubu\u0161ki\"},\"image\":{\"@id\":\"https:\\\/\\\/radioljubuski.ba\\\/#\\\/schema\\\/logo\\\/image\\\/\"},\"sameAs\":[\"https:\\\/\\\/www.facebook.com\\\/Radiio-Ljubuski-1490835324566332\",\"https:\\\/\\\/x.com\\\/radioljubuski\",\"https:\\\/\\\/hr.linkedin.com\\\/company\\\/radio-ljubuski\",\"https:\\\/\\\/www.youtube.com\\\/channel\\\/UCHYaeO_n0Db3tjNGudGpXyw\"]},{\"@type\":\"Person\",\"@id\":\"https:\\\/\\\/radioljubuski.ba\\\/#\\\/schema\\\/person\\\/19fc700381a780f69665d7956c469e3b\",\"name\":\"Radio Ljubu\u0161ki\"}]}<\/script>\n<!-- \/ Yoast SEO plugin. -->","yoast_head_json":{"title":"Pove\u0107anje pla\u0107a i naknada prora\u010dunskim korisnicima Hercegbosanske \u017eupanije - RADIO LJUBU\u0160KI","robots":{"index":"index","follow":"follow","max-snippet":"max-snippet:-1","max-image-preview":"max-image-preview:large","max-video-preview":"max-video-preview:-1"},"canonical":"https:\/\/radioljubuski.ba\/index.php\/2022\/04\/14\/povecanje-placa-i-naknada-proracunskim-korisnicima-hercegbosanske-zupanije\/","og_locale":"hr_HR","og_type":"article","og_title":"Pove\u0107anje pla\u0107a i naknada prora\u010dunskim korisnicima Hercegbosanske \u017eupanije - RADIO LJUBU\u0160KI","og_description":"Ju\u010der je u zgradi Vlade Hercegbosanske \u017eupanije predsjednik Vlade Ivan Vukadin s ministrima Dra\u0161kom Dali\u0107em, Mariom Lovri\u0107em i Gordanom Naki\u0107 odr\u017eao sastanak s predstavnicima: Sindikata dr\u017eavnih slu\u017ebenika, namje\u0161tenika i zaposlenika HB\u017d, Sindikata djelatnika Ministarstva unutarnjih poslova HB\u017d, Samostalnog sindikata osnovnog odgoja i obrazovanja i Nezavisnog sindikata djelatnika srednjih \u0161kola HB\u017d. Na sastanku je postignut Sporazum [&hellip;]","og_url":"https:\/\/radioljubuski.ba\/index.php\/2022\/04\/14\/povecanje-placa-i-naknada-proracunskim-korisnicima-hercegbosanske-zupanije\/","og_site_name":"RADIO LJUBU\u0160KI","article_publisher":"https:\/\/www.facebook.com\/Radiio-Ljubuski-1490835324566332","article_published_time":"2022-04-14T11:19:40+00:00","article_modified_time":"2022-04-14T11:19:41+00:00","og_image":[{"width":1000,"height":625,"url":"https:\/\/radioljubuski.ba\/wp-content\/uploads\/2022\/04\/2-2022-04-14-09-56-18-hbz.jpg","type":"image\/jpeg"}],"author":"Radio Ljubu\u0161ki","twitter_card":"summary_large_image","twitter_creator":"@radioljubuski","twitter_site":"@radioljubuski","twitter_misc":{"Napisao\/la":"Radio Ljubu\u0161ki","Procijenjeno vrijeme \u010ditanja":"2 minute"},"schema":{"@context":"https:\/\/schema.org","@graph":[{"@type":"Article","@id":"https:\/\/radioljubuski.ba\/index.php\/2022\/04\/14\/povecanje-placa-i-naknada-proracunskim-korisnicima-hercegbosanske-zupanije\/#article","isPartOf":{"@id":"https:\/\/radioljubuski.ba\/index.php\/2022\/04\/14\/povecanje-placa-i-naknada-proracunskim-korisnicima-hercegbosanske-zupanije\/"},"author":{"name":"Radio Ljubu\u0161ki","@id":"https:\/\/radioljubuski.ba\/#\/schema\/person\/19fc700381a780f69665d7956c469e3b"},"headline":"Pove\u0107anje pla\u0107a i naknada prora\u010dunskim korisnicima Hercegbosanske \u017eupanije","datePublished":"2022-04-14T11:19:40+00:00","dateModified":"2022-04-14T11:19:41+00:00","mainEntityOfPage":{"@id":"https:\/\/radioljubuski.ba\/index.php\/2022\/04\/14\/povecanje-placa-i-naknada-proracunskim-korisnicima-hercegbosanske-zupanije\/"},"wordCount":406,"publisher":{"@id":"https:\/\/radioljubuski.ba\/#organization"},"image":{"@id":"https:\/\/radioljubuski.ba\/index.php\/2022\/04\/14\/povecanje-placa-i-naknada-proracunskim-korisnicima-hercegbosanske-zupanije\/#primaryimage"},"thumbnailUrl":"https:\/\/radioljubuski.ba\/wp-content\/uploads\/2022\/04\/2-2022-04-14-09-56-18-hbz.jpg","articleSection":["BIH i regija"],"inLanguage":"hr"},{"@type":"WebPage","@id":"https:\/\/radioljubuski.ba\/index.php\/2022\/04\/14\/povecanje-placa-i-naknada-proracunskim-korisnicima-hercegbosanske-zupanije\/","url":"https:\/\/radioljubuski.ba\/index.php\/2022\/04\/14\/povecanje-placa-i-naknada-proracunskim-korisnicima-hercegbosanske-zupanije\/","name":"Pove\u0107anje pla\u0107a i naknada prora\u010dunskim korisnicima Hercegbosanske \u017eupanije - RADIO LJUBU\u0160KI","isPartOf":{"@id":"https:\/\/radioljubuski.ba\/#website"},"primaryImageOfPage":{"@id":"https:\/\/radioljubuski.ba\/index.php\/2022\/04\/14\/povecanje-placa-i-naknada-proracunskim-korisnicima-hercegbosanske-zupanije\/#primaryimage"},"image":{"@id":"https:\/\/radioljubuski.ba\/index.php\/2022\/04\/14\/povecanje-placa-i-naknada-proracunskim-korisnicima-hercegbosanske-zupanije\/#primaryimage"},"thumbnailUrl":"https:\/\/radioljubuski.ba\/wp-content\/uploads\/2022\/04\/2-2022-04-14-09-56-18-hbz.jpg","datePublished":"2022-04-14T11:19:40+00:00","dateModified":"2022-04-14T11:19:41+00:00","breadcrumb":{"@id":"https:\/\/radioljubuski.ba\/index.php\/2022\/04\/14\/povecanje-placa-i-naknada-proracunskim-korisnicima-hercegbosanske-zupanije\/#breadcrumb"},"inLanguage":"hr","potentialAction":[{"@type":"ReadAction","target":["https:\/\/radioljubuski.ba\/index.php\/2022\/04\/14\/povecanje-placa-i-naknada-proracunskim-korisnicima-hercegbosanske-zupanije\/"]}]},{"@type":"ImageObject","inLanguage":"hr","@id":"https:\/\/radioljubuski.ba\/index.php\/2022\/04\/14\/povecanje-placa-i-naknada-proracunskim-korisnicima-hercegbosanske-zupanije\/#primaryimage","url":"https:\/\/radioljubuski.ba\/wp-content\/uploads\/2022\/04\/2-2022-04-14-09-56-18-hbz.jpg","contentUrl":"https:\/\/radioljubuski.ba\/wp-content\/uploads\/2022\/04\/2-2022-04-14-09-56-18-hbz.jpg","width":1000,"height":625},{"@type":"BreadcrumbList","@id":"https:\/\/radioljubuski.ba\/index.php\/2022\/04\/14\/povecanje-placa-i-naknada-proracunskim-korisnicima-hercegbosanske-zupanije\/#breadcrumb","itemListElement":[{"@type":"ListItem","position":1,"name":"Po\u010detna stranica","item":"https:\/\/radioljubuski.ba\/"},{"@type":"ListItem","position":2,"name":"Pove\u0107anje pla\u0107a i naknada prora\u010dunskim korisnicima Hercegbosanske \u017eupanije"}]},{"@type":"WebSite","@id":"https:\/\/radioljubuski.ba\/#website","url":"https:\/\/radioljubuski.ba\/","name":"Radio Ljubu\u0161ki","description":"Sun\u010dana frekvencija Hercegovine","publisher":{"@id":"https:\/\/radioljubuski.ba\/#organization"},"potentialAction":[{"@type":"SearchAction","target":{"@type":"EntryPoint","urlTemplate":"https:\/\/radioljubuski.ba\/?s={search_term_string}"},"query-input":{"@type":"PropertyValueSpecification","valueRequired":true,"valueName":"search_term_string"}}],"inLanguage":"hr"},{"@type":"Organization","@id":"https:\/\/radioljubuski.ba\/#organization","name":"Radio Ljubu\u0161ki","url":"https:\/\/radioljubuski.ba\/","logo":{"@type":"ImageObject","inLanguage":"hr","@id":"https:\/\/radioljubuski.ba\/#\/schema\/logo\/image\/","url":"https:\/\/radioljubuski.ba\/wp-content\/uploads\/2021\/02\/cropped-Radio_Ljubuski_logo1.jpg","contentUrl":"https:\/\/radioljubuski.ba\/wp-content\/uploads\/2021\/02\/cropped-Radio_Ljubuski_logo1.jpg","width":512,"height":512,"caption":"Radio Ljubu\u0161ki"},"image":{"@id":"https:\/\/radioljubuski.ba\/#\/schema\/logo\/image\/"},"sameAs":["https:\/\/www.facebook.com\/Radiio-Ljubuski-1490835324566332","https:\/\/x.com\/radioljubuski","https:\/\/hr.linkedin.com\/company\/radio-ljubuski","https:\/\/www.youtube.com\/channel\/UCHYaeO_n0Db3tjNGudGpXyw"]},{"@type":"Person","@id":"https:\/\/radioljubuski.ba\/#\/schema\/person\/19fc700381a780f69665d7956c469e3b","name":"Radio Ljubu\u0161ki"}]}},"_links":{"self":[{"href":"https:\/\/radioljubuski.ba\/index.php\/wp-json\/wp\/v2\/posts\/132554","targetHints":{"allow":["GET"]}}],"collection":[{"href":"https:\/\/radioljubuski.ba\/index.php\/wp-json\/wp\/v2\/posts"}],"about":[{"href":"https:\/\/radioljubuski.ba\/index.php\/wp-json\/wp\/v2\/types\/post"}],"author":[{"embeddable":true,"href":"https:\/\/radioljubuski.ba\/index.php\/wp-json\/wp\/v2\/users\/2"}],"replies":[{"embeddable":true,"href":"https:\/\/radioljubuski.ba\/index.php\/wp-json\/wp\/v2\/comments?post=132554"}],"version-history":[{"count":1,"href":"https:\/\/radioljubuski.ba\/index.php\/wp-json\/wp\/v2\/posts\/132554\/revisions"}],"predecessor-version":[{"id":132556,"href":"https:\/\/radioljubuski.ba\/index.php\/wp-json\/wp\/v2\/posts\/132554\/revisions\/132556"}],"wp:featuredmedia":[{"embeddable":true,"href":"https:\/\/radioljubuski.ba\/index.php\/wp-json\/wp\/v2\/media\/132555"}],"wp:attachment":[{"href":"https:\/\/radioljubuski.ba\/index.php\/wp-json\/wp\/v2\/media?parent=132554"}],"wp:term":[{"taxonomy":"category","embeddable":true,"href":"https:\/\/radioljubuski.ba\/index.php\/wp-json\/wp\/v2\/categories?post=132554"},{"taxonomy":"post_tag","embeddable":true,"href":"https:\/\/radioljubuski.ba\/index.php\/wp-json\/wp\/v2\/tags?post=132554"}],"curies":[{"name":"wp","href":"https:\/\/api.w.org\/{rel}","templated":true}]}}