{"id":132557,"date":"2022-04-14T12:20:55","date_gmt":"2022-04-14T11:20:55","guid":{"rendered":"https:\/\/radioljubuski.ba\/?p=132557"},"modified":"2022-04-14T12:20:56","modified_gmt":"2022-04-14T11:20:56","slug":"nekadasnja-zvijezda-planetarno-popularnog-beverly-hillsa-prozivljava-teske-dane-bio-sam-prikovan-za-krevet","status":"publish","type":"post","link":"https:\/\/radioljubuski.ba\/index.php\/2022\/04\/14\/nekadasnja-zvijezda-planetarno-popularnog-beverly-hillsa-prozivljava-teske-dane-bio-sam-prikovan-za-krevet\/","title":{"rendered":"Nekada\u0161nja zvijezda planetarno popularnog \u2018Beverly Hillsa\u2018 pro\u017eivljava te\u0161ke dane: \u2018Bio sam prikovan za krevet\u2018"},"content":{"rendered":"\n<p>Zvijezda nekada\u0161nje planetarno popularne serije &#8216;Beverly Hills 90210&#8217; Brian Austin Green posljednjih tjedana vodi bitku protiv ulceroznog kolitisa, kroni\u010dne upalne bolesti crijeva.<\/p>\n\n\n\n<p>Zbog toga je 48-godi\u0161nji glumac u posljednje vrijeme izbivao s dru\u0161tvenih mre\u017ea, a sada se vratio i u objavljenom videu otkrio \u0161to mu se doga\u0111alo u \u017eivotu.<\/p>\n\n\n\n<p>&#8220;Nestao sam s Instagrama na neko vrijeme. Posljednjih \u0161est, \u0161est i pol tjedana borio sam se s ulceroznim kolitisom i to nije bilo nimalo zabavno. U\u017easan tajming, u\u017easan&#8221;, rekao je Brian Austin Green i otkrio da je posljednjih tjedana bio prikovan za krevet.<\/p>\n\n\n\n<p>Tako\u0111er se zahvalio i svojoj trudnoj djevojci Sharni Burgess, koja se brinula o njemu i njegovu sinu. Brian, ina\u010de, ima 20-godi\u0161njeg sina Kassiusa s Vanessom Marcil, dok s glumicom Megan Fox ima trojicu sinova: 9-godi\u0161njeg sina Noaha, 8-godi\u0161njeg Bodhija i 5-godi\u0161njeg Journeyja. Sada \u0107e poznati glumac dobiti i peto dijete.<\/p>\n\n\n\n<p>&#8220;Sharna je bila nevjerojatna. U \u0161estom, sedmom mjesecu trudno\u0107e brinula se za troje male djece jer sam ja neko vrijeme bio prikovan za krevet. Brinula se o meni. Nije se \u017ealila, bila je predivna. Vrlo sam zahvalan \u0161to imam nekoga poput nje u svome \u017eivotu&#8221;, rekao je glumac.<\/p>\n\n\n\n<p>Izvor:pogled.ba<\/p>\n","protected":false},"excerpt":{"rendered":"<p>Zvijezda nekada\u0161nje planetarno popularne serije &#8216;Beverly Hills 90210&#8217; Brian Austin Green posljednjih tjedana vodi bitku protiv ulceroznog kolitisa, kroni\u010dne upalne bolesti crijeva. Zbog toga je 48-godi\u0161nji glumac u posljednje vrijeme izbivao s dru\u0161tvenih mre\u017ea, a sada se vratio i u objavljenom videu otkrio \u0161to mu se doga\u0111alo u \u017eivotu. &#8220;Nestao sam s Instagrama na neko [&hellip;]<\/p>\n","protected":false},"author":2,"featured_media":132558,"comment_status":"closed","ping_status":"closed","sticky":false,"template":"","format":"standard","meta":{"h5ap_radio_sources":[],"footnotes":""},"categories":[1],"tags":[],"class_list":["post-132557","post","type-post","status-publish","format-standard","has-post-thumbnail","hentry","category-bihiregija"],"yoast_head":"<!-- This site is optimized with the Yoast SEO plugin v27.5 - https:\/\/yoast.com\/product\/yoast-seo-wordpress\/ -->\n<title>Nekada\u0161nja zvijezda planetarno popularnog \u2018Beverly Hillsa\u2018 pro\u017eivljava te\u0161ke dane: \u2018Bio sam prikovan za krevet\u2018 - RADIO LJUBU\u0160KI<\/title>\n<meta name=\"robots\" content=\"index, follow, max-snippet:-1, max-image-preview:large, max-video-preview:-1\" \/>\n<link rel=\"canonical\" href=\"https:\/\/radioljubuski.ba\/index.php\/2022\/04\/14\/nekadasnja-zvijezda-planetarno-popularnog-beverly-hillsa-prozivljava-teske-dane-bio-sam-prikovan-za-krevet\/\" \/>\n<meta property=\"og:locale\" content=\"hr_HR\" \/>\n<meta property=\"og:type\" content=\"article\" \/>\n<meta property=\"og:title\" content=\"Nekada\u0161nja zvijezda planetarno popularnog \u2018Beverly Hillsa\u2018 pro\u017eivljava te\u0161ke dane: \u2018Bio sam prikovan za krevet\u2018 - RADIO LJUBU\u0160KI\" \/>\n<meta property=\"og:description\" content=\"Zvijezda nekada\u0161nje planetarno popularne serije &#8216;Beverly Hills 90210&#8217; Brian Austin Green posljednjih tjedana vodi bitku protiv ulceroznog kolitisa, kroni\u010dne upalne bolesti crijeva. Zbog toga je 48-godi\u0161nji glumac u posljednje vrijeme izbivao s dru\u0161tvenih mre\u017ea, a sada se vratio i u objavljenom videu otkrio \u0161to mu se doga\u0111alo u \u017eivotu. &#8220;Nestao sam s Instagrama na neko [&hellip;]\" \/>\n<meta property=\"og:url\" content=\"https:\/\/radioljubuski.ba\/index.php\/2022\/04\/14\/nekadasnja-zvijezda-planetarno-popularnog-beverly-hillsa-prozivljava-teske-dane-bio-sam-prikovan-za-krevet\/\" \/>\n<meta property=\"og:site_name\" content=\"RADIO LJUBU\u0160KI\" \/>\n<meta property=\"article:publisher\" content=\"https:\/\/www.facebook.com\/Radiio-Ljubuski-1490835324566332\" \/>\n<meta property=\"article:published_time\" content=\"2022-04-14T11:20:55+00:00\" \/>\n<meta property=\"article:modified_time\" content=\"2022-04-14T11:20:56+00:00\" \/>\n<meta property=\"og:image\" content=\"https:\/\/radioljubuski.ba\/wp-content\/uploads\/2022\/04\/1200px-Brian_Austin_Green_4702453684.jpg\" \/>\n\t<meta property=\"og:image:width\" content=\"1200\" \/>\n\t<meta property=\"og:image:height\" content=\"900\" \/>\n\t<meta property=\"og:image:type\" content=\"image\/jpeg\" \/>\n<meta name=\"author\" content=\"Radio Ljubu\u0161ki\" \/>\n<meta name=\"twitter:card\" content=\"summary_large_image\" \/>\n<meta name=\"twitter:creator\" content=\"@radioljubuski\" \/>\n<meta name=\"twitter:site\" content=\"@radioljubuski\" \/>\n<meta name=\"twitter:label1\" content=\"Napisao\/la\" \/>\n\t<meta name=\"twitter:data1\" content=\"Radio Ljubu\u0161ki\" \/>\n\t<meta name=\"twitter:label2\" content=\"Procijenjeno vrijeme \u010ditanja\" \/>\n\t<meta name=\"twitter:data2\" content=\"1 minuta\" \/>\n<script type=\"application\/ld+json\" class=\"yoast-schema-graph\">{\"@context\":\"https:\\\/\\\/schema.org\",\"@graph\":[{\"@type\":\"Article\",\"@id\":\"https:\\\/\\\/radioljubuski.ba\\\/index.php\\\/2022\\\/04\\\/14\\\/nekadasnja-zvijezda-planetarno-popularnog-beverly-hillsa-prozivljava-teske-dane-bio-sam-prikovan-za-krevet\\\/#article\",\"isPartOf\":{\"@id\":\"https:\\\/\\\/radioljubuski.ba\\\/index.php\\\/2022\\\/04\\\/14\\\/nekadasnja-zvijezda-planetarno-popularnog-beverly-hillsa-prozivljava-teske-dane-bio-sam-prikovan-za-krevet\\\/\"},\"author\":{\"name\":\"Radio Ljubu\u0161ki\",\"@id\":\"https:\\\/\\\/radioljubuski.ba\\\/#\\\/schema\\\/person\\\/19fc700381a780f69665d7956c469e3b\"},\"headline\":\"Nekada\u0161nja zvijezda planetarno popularnog \u2018Beverly Hillsa\u2018 pro\u017eivljava te\u0161ke dane: \u2018Bio sam prikovan za krevet\u2018\",\"datePublished\":\"2022-04-14T11:20:55+00:00\",\"dateModified\":\"2022-04-14T11:20:56+00:00\",\"mainEntityOfPage\":{\"@id\":\"https:\\\/\\\/radioljubuski.ba\\\/index.php\\\/2022\\\/04\\\/14\\\/nekadasnja-zvijezda-planetarno-popularnog-beverly-hillsa-prozivljava-teske-dane-bio-sam-prikovan-za-krevet\\\/\"},\"wordCount\":224,\"publisher\":{\"@id\":\"https:\\\/\\\/radioljubuski.ba\\\/#organization\"},\"image\":{\"@id\":\"https:\\\/\\\/radioljubuski.ba\\\/index.php\\\/2022\\\/04\\\/14\\\/nekadasnja-zvijezda-planetarno-popularnog-beverly-hillsa-prozivljava-teske-dane-bio-sam-prikovan-za-krevet\\\/#primaryimage\"},\"thumbnailUrl\":\"https:\\\/\\\/radioljubuski.ba\\\/wp-content\\\/uploads\\\/2022\\\/04\\\/1200px-Brian_Austin_Green_4702453684.jpg\",\"articleSection\":[\"BIH i regija\"],\"inLanguage\":\"hr\"},{\"@type\":\"WebPage\",\"@id\":\"https:\\\/\\\/radioljubuski.ba\\\/index.php\\\/2022\\\/04\\\/14\\\/nekadasnja-zvijezda-planetarno-popularnog-beverly-hillsa-prozivljava-teske-dane-bio-sam-prikovan-za-krevet\\\/\",\"url\":\"https:\\\/\\\/radioljubuski.ba\\\/index.php\\\/2022\\\/04\\\/14\\\/nekadasnja-zvijezda-planetarno-popularnog-beverly-hillsa-prozivljava-teske-dane-bio-sam-prikovan-za-krevet\\\/\",\"name\":\"Nekada\u0161nja zvijezda planetarno popularnog \u2018Beverly Hillsa\u2018 pro\u017eivljava te\u0161ke dane: \u2018Bio sam prikovan za krevet\u2018 - RADIO LJUBU\u0160KI\",\"isPartOf\":{\"@id\":\"https:\\\/\\\/radioljubuski.ba\\\/#website\"},\"primaryImageOfPage\":{\"@id\":\"https:\\\/\\\/radioljubuski.ba\\\/index.php\\\/2022\\\/04\\\/14\\\/nekadasnja-zvijezda-planetarno-popularnog-beverly-hillsa-prozivljava-teske-dane-bio-sam-prikovan-za-krevet\\\/#primaryimage\"},\"image\":{\"@id\":\"https:\\\/\\\/radioljubuski.ba\\\/index.php\\\/2022\\\/04\\\/14\\\/nekadasnja-zvijezda-planetarno-popularnog-beverly-hillsa-prozivljava-teske-dane-bio-sam-prikovan-za-krevet\\\/#primaryimage\"},\"thumbnailUrl\":\"https:\\\/\\\/radioljubuski.ba\\\/wp-content\\\/uploads\\\/2022\\\/04\\\/1200px-Brian_Austin_Green_4702453684.jpg\",\"datePublished\":\"2022-04-14T11:20:55+00:00\",\"dateModified\":\"2022-04-14T11:20:56+00:00\",\"breadcrumb\":{\"@id\":\"https:\\\/\\\/radioljubuski.ba\\\/index.php\\\/2022\\\/04\\\/14\\\/nekadasnja-zvijezda-planetarno-popularnog-beverly-hillsa-prozivljava-teske-dane-bio-sam-prikovan-za-krevet\\\/#breadcrumb\"},\"inLanguage\":\"hr\",\"potentialAction\":[{\"@type\":\"ReadAction\",\"target\":[\"https:\\\/\\\/radioljubuski.ba\\\/index.php\\\/2022\\\/04\\\/14\\\/nekadasnja-zvijezda-planetarno-popularnog-beverly-hillsa-prozivljava-teske-dane-bio-sam-prikovan-za-krevet\\\/\"]}]},{\"@type\":\"ImageObject\",\"inLanguage\":\"hr\",\"@id\":\"https:\\\/\\\/radioljubuski.ba\\\/index.php\\\/2022\\\/04\\\/14\\\/nekadasnja-zvijezda-planetarno-popularnog-beverly-hillsa-prozivljava-teske-dane-bio-sam-prikovan-za-krevet\\\/#primaryimage\",\"url\":\"https:\\\/\\\/radioljubuski.ba\\\/wp-content\\\/uploads\\\/2022\\\/04\\\/1200px-Brian_Austin_Green_4702453684.jpg\",\"contentUrl\":\"https:\\\/\\\/radioljubuski.ba\\\/wp-content\\\/uploads\\\/2022\\\/04\\\/1200px-Brian_Austin_Green_4702453684.jpg\",\"width\":1200,\"height\":900},{\"@type\":\"BreadcrumbList\",\"@id\":\"https:\\\/\\\/radioljubuski.ba\\\/index.php\\\/2022\\\/04\\\/14\\\/nekadasnja-zvijezda-planetarno-popularnog-beverly-hillsa-prozivljava-teske-dane-bio-sam-prikovan-za-krevet\\\/#breadcrumb\",\"itemListElement\":[{\"@type\":\"ListItem\",\"position\":1,\"name\":\"Po\u010detna stranica\",\"item\":\"https:\\\/\\\/radioljubuski.ba\\\/\"},{\"@type\":\"ListItem\",\"position\":2,\"name\":\"Nekada\u0161nja zvijezda planetarno popularnog \u2018Beverly Hillsa\u2018 pro\u017eivljava te\u0161ke dane: \u2018Bio sam prikovan za krevet\u2018\"}]},{\"@type\":\"WebSite\",\"@id\":\"https:\\\/\\\/radioljubuski.ba\\\/#website\",\"url\":\"https:\\\/\\\/radioljubuski.ba\\\/\",\"name\":\"Radio Ljubu\u0161ki\",\"description\":\"Sun\u010dana frekvencija Hercegovine\",\"publisher\":{\"@id\":\"https:\\\/\\\/radioljubuski.ba\\\/#organization\"},\"potentialAction\":[{\"@type\":\"SearchAction\",\"target\":{\"@type\":\"EntryPoint\",\"urlTemplate\":\"https:\\\/\\\/radioljubuski.ba\\\/?s={search_term_string}\"},\"query-input\":{\"@type\":\"PropertyValueSpecification\",\"valueRequired\":true,\"valueName\":\"search_term_string\"}}],\"inLanguage\":\"hr\"},{\"@type\":\"Organization\",\"@id\":\"https:\\\/\\\/radioljubuski.ba\\\/#organization\",\"name\":\"Radio Ljubu\u0161ki\",\"url\":\"https:\\\/\\\/radioljubuski.ba\\\/\",\"logo\":{\"@type\":\"ImageObject\",\"inLanguage\":\"hr\",\"@id\":\"https:\\\/\\\/radioljubuski.ba\\\/#\\\/schema\\\/logo\\\/image\\\/\",\"url\":\"https:\\\/\\\/radioljubuski.ba\\\/wp-content\\\/uploads\\\/2021\\\/02\\\/cropped-Radio_Ljubuski_logo1.jpg\",\"contentUrl\":\"https:\\\/\\\/radioljubuski.ba\\\/wp-content\\\/uploads\\\/2021\\\/02\\\/cropped-Radio_Ljubuski_logo1.jpg\",\"width\":512,\"height\":512,\"caption\":\"Radio Ljubu\u0161ki\"},\"image\":{\"@id\":\"https:\\\/\\\/radioljubuski.ba\\\/#\\\/schema\\\/logo\\\/image\\\/\"},\"sameAs\":[\"https:\\\/\\\/www.facebook.com\\\/Radiio-Ljubuski-1490835324566332\",\"https:\\\/\\\/x.com\\\/radioljubuski\",\"https:\\\/\\\/hr.linkedin.com\\\/company\\\/radio-ljubuski\",\"https:\\\/\\\/www.youtube.com\\\/channel\\\/UCHYaeO_n0Db3tjNGudGpXyw\"]},{\"@type\":\"Person\",\"@id\":\"https:\\\/\\\/radioljubuski.ba\\\/#\\\/schema\\\/person\\\/19fc700381a780f69665d7956c469e3b\",\"name\":\"Radio Ljubu\u0161ki\"}]}<\/script>\n<!-- \/ Yoast SEO plugin. -->","yoast_head_json":{"title":"Nekada\u0161nja zvijezda planetarno popularnog \u2018Beverly Hillsa\u2018 pro\u017eivljava te\u0161ke dane: \u2018Bio sam prikovan za krevet\u2018 - RADIO LJUBU\u0160KI","robots":{"index":"index","follow":"follow","max-snippet":"max-snippet:-1","max-image-preview":"max-image-preview:large","max-video-preview":"max-video-preview:-1"},"canonical":"https:\/\/radioljubuski.ba\/index.php\/2022\/04\/14\/nekadasnja-zvijezda-planetarno-popularnog-beverly-hillsa-prozivljava-teske-dane-bio-sam-prikovan-za-krevet\/","og_locale":"hr_HR","og_type":"article","og_title":"Nekada\u0161nja zvijezda planetarno popularnog \u2018Beverly Hillsa\u2018 pro\u017eivljava te\u0161ke dane: \u2018Bio sam prikovan za krevet\u2018 - RADIO LJUBU\u0160KI","og_description":"Zvijezda nekada\u0161nje planetarno popularne serije &#8216;Beverly Hills 90210&#8217; Brian Austin Green posljednjih tjedana vodi bitku protiv ulceroznog kolitisa, kroni\u010dne upalne bolesti crijeva. Zbog toga je 48-godi\u0161nji glumac u posljednje vrijeme izbivao s dru\u0161tvenih mre\u017ea, a sada se vratio i u objavljenom videu otkrio \u0161to mu se doga\u0111alo u \u017eivotu. &#8220;Nestao sam s Instagrama na neko [&hellip;]","og_url":"https:\/\/radioljubuski.ba\/index.php\/2022\/04\/14\/nekadasnja-zvijezda-planetarno-popularnog-beverly-hillsa-prozivljava-teske-dane-bio-sam-prikovan-za-krevet\/","og_site_name":"RADIO LJUBU\u0160KI","article_publisher":"https:\/\/www.facebook.com\/Radiio-Ljubuski-1490835324566332","article_published_time":"2022-04-14T11:20:55+00:00","article_modified_time":"2022-04-14T11:20:56+00:00","og_image":[{"width":1200,"height":900,"url":"https:\/\/radioljubuski.ba\/wp-content\/uploads\/2022\/04\/1200px-Brian_Austin_Green_4702453684.jpg","type":"image\/jpeg"}],"author":"Radio Ljubu\u0161ki","twitter_card":"summary_large_image","twitter_creator":"@radioljubuski","twitter_site":"@radioljubuski","twitter_misc":{"Napisao\/la":"Radio Ljubu\u0161ki","Procijenjeno vrijeme \u010ditanja":"1 minuta"},"schema":{"@context":"https:\/\/schema.org","@graph":[{"@type":"Article","@id":"https:\/\/radioljubuski.ba\/index.php\/2022\/04\/14\/nekadasnja-zvijezda-planetarno-popularnog-beverly-hillsa-prozivljava-teske-dane-bio-sam-prikovan-za-krevet\/#article","isPartOf":{"@id":"https:\/\/radioljubuski.ba\/index.php\/2022\/04\/14\/nekadasnja-zvijezda-planetarno-popularnog-beverly-hillsa-prozivljava-teske-dane-bio-sam-prikovan-za-krevet\/"},"author":{"name":"Radio Ljubu\u0161ki","@id":"https:\/\/radioljubuski.ba\/#\/schema\/person\/19fc700381a780f69665d7956c469e3b"},"headline":"Nekada\u0161nja zvijezda planetarno popularnog \u2018Beverly Hillsa\u2018 pro\u017eivljava te\u0161ke dane: \u2018Bio sam prikovan za krevet\u2018","datePublished":"2022-04-14T11:20:55+00:00","dateModified":"2022-04-14T11:20:56+00:00","mainEntityOfPage":{"@id":"https:\/\/radioljubuski.ba\/index.php\/2022\/04\/14\/nekadasnja-zvijezda-planetarno-popularnog-beverly-hillsa-prozivljava-teske-dane-bio-sam-prikovan-za-krevet\/"},"wordCount":224,"publisher":{"@id":"https:\/\/radioljubuski.ba\/#organization"},"image":{"@id":"https:\/\/radioljubuski.ba\/index.php\/2022\/04\/14\/nekadasnja-zvijezda-planetarno-popularnog-beverly-hillsa-prozivljava-teske-dane-bio-sam-prikovan-za-krevet\/#primaryimage"},"thumbnailUrl":"https:\/\/radioljubuski.ba\/wp-content\/uploads\/2022\/04\/1200px-Brian_Austin_Green_4702453684.jpg","articleSection":["BIH i regija"],"inLanguage":"hr"},{"@type":"WebPage","@id":"https:\/\/radioljubuski.ba\/index.php\/2022\/04\/14\/nekadasnja-zvijezda-planetarno-popularnog-beverly-hillsa-prozivljava-teske-dane-bio-sam-prikovan-za-krevet\/","url":"https:\/\/radioljubuski.ba\/index.php\/2022\/04\/14\/nekadasnja-zvijezda-planetarno-popularnog-beverly-hillsa-prozivljava-teske-dane-bio-sam-prikovan-za-krevet\/","name":"Nekada\u0161nja zvijezda planetarno popularnog \u2018Beverly Hillsa\u2018 pro\u017eivljava te\u0161ke dane: \u2018Bio sam prikovan za krevet\u2018 - RADIO LJUBU\u0160KI","isPartOf":{"@id":"https:\/\/radioljubuski.ba\/#website"},"primaryImageOfPage":{"@id":"https:\/\/radioljubuski.ba\/index.php\/2022\/04\/14\/nekadasnja-zvijezda-planetarno-popularnog-beverly-hillsa-prozivljava-teske-dane-bio-sam-prikovan-za-krevet\/#primaryimage"},"image":{"@id":"https:\/\/radioljubuski.ba\/index.php\/2022\/04\/14\/nekadasnja-zvijezda-planetarno-popularnog-beverly-hillsa-prozivljava-teske-dane-bio-sam-prikovan-za-krevet\/#primaryimage"},"thumbnailUrl":"https:\/\/radioljubuski.ba\/wp-content\/uploads\/2022\/04\/1200px-Brian_Austin_Green_4702453684.jpg","datePublished":"2022-04-14T11:20:55+00:00","dateModified":"2022-04-14T11:20:56+00:00","breadcrumb":{"@id":"https:\/\/radioljubuski.ba\/index.php\/2022\/04\/14\/nekadasnja-zvijezda-planetarno-popularnog-beverly-hillsa-prozivljava-teske-dane-bio-sam-prikovan-za-krevet\/#breadcrumb"},"inLanguage":"hr","potentialAction":[{"@type":"ReadAction","target":["https:\/\/radioljubuski.ba\/index.php\/2022\/04\/14\/nekadasnja-zvijezda-planetarno-popularnog-beverly-hillsa-prozivljava-teske-dane-bio-sam-prikovan-za-krevet\/"]}]},{"@type":"ImageObject","inLanguage":"hr","@id":"https:\/\/radioljubuski.ba\/index.php\/2022\/04\/14\/nekadasnja-zvijezda-planetarno-popularnog-beverly-hillsa-prozivljava-teske-dane-bio-sam-prikovan-za-krevet\/#primaryimage","url":"https:\/\/radioljubuski.ba\/wp-content\/uploads\/2022\/04\/1200px-Brian_Austin_Green_4702453684.jpg","contentUrl":"https:\/\/radioljubuski.ba\/wp-content\/uploads\/2022\/04\/1200px-Brian_Austin_Green_4702453684.jpg","width":1200,"height":900},{"@type":"BreadcrumbList","@id":"https:\/\/radioljubuski.ba\/index.php\/2022\/04\/14\/nekadasnja-zvijezda-planetarno-popularnog-beverly-hillsa-prozivljava-teske-dane-bio-sam-prikovan-za-krevet\/#breadcrumb","itemListElement":[{"@type":"ListItem","position":1,"name":"Po\u010detna stranica","item":"https:\/\/radioljubuski.ba\/"},{"@type":"ListItem","position":2,"name":"Nekada\u0161nja zvijezda planetarno popularnog \u2018Beverly Hillsa\u2018 pro\u017eivljava te\u0161ke dane: \u2018Bio sam prikovan za krevet\u2018"}]},{"@type":"WebSite","@id":"https:\/\/radioljubuski.ba\/#website","url":"https:\/\/radioljubuski.ba\/","name":"Radio Ljubu\u0161ki","description":"Sun\u010dana frekvencija Hercegovine","publisher":{"@id":"https:\/\/radioljubuski.ba\/#organization"},"potentialAction":[{"@type":"SearchAction","target":{"@type":"EntryPoint","urlTemplate":"https:\/\/radioljubuski.ba\/?s={search_term_string}"},"query-input":{"@type":"PropertyValueSpecification","valueRequired":true,"valueName":"search_term_string"}}],"inLanguage":"hr"},{"@type":"Organization","@id":"https:\/\/radioljubuski.ba\/#organization","name":"Radio Ljubu\u0161ki","url":"https:\/\/radioljubuski.ba\/","logo":{"@type":"ImageObject","inLanguage":"hr","@id":"https:\/\/radioljubuski.ba\/#\/schema\/logo\/image\/","url":"https:\/\/radioljubuski.ba\/wp-content\/uploads\/2021\/02\/cropped-Radio_Ljubuski_logo1.jpg","contentUrl":"https:\/\/radioljubuski.ba\/wp-content\/uploads\/2021\/02\/cropped-Radio_Ljubuski_logo1.jpg","width":512,"height":512,"caption":"Radio Ljubu\u0161ki"},"image":{"@id":"https:\/\/radioljubuski.ba\/#\/schema\/logo\/image\/"},"sameAs":["https:\/\/www.facebook.com\/Radiio-Ljubuski-1490835324566332","https:\/\/x.com\/radioljubuski","https:\/\/hr.linkedin.com\/company\/radio-ljubuski","https:\/\/www.youtube.com\/channel\/UCHYaeO_n0Db3tjNGudGpXyw"]},{"@type":"Person","@id":"https:\/\/radioljubuski.ba\/#\/schema\/person\/19fc700381a780f69665d7956c469e3b","name":"Radio Ljubu\u0161ki"}]}},"_links":{"self":[{"href":"https:\/\/radioljubuski.ba\/index.php\/wp-json\/wp\/v2\/posts\/132557","targetHints":{"allow":["GET"]}}],"collection":[{"href":"https:\/\/radioljubuski.ba\/index.php\/wp-json\/wp\/v2\/posts"}],"about":[{"href":"https:\/\/radioljubuski.ba\/index.php\/wp-json\/wp\/v2\/types\/post"}],"author":[{"embeddable":true,"href":"https:\/\/radioljubuski.ba\/index.php\/wp-json\/wp\/v2\/users\/2"}],"replies":[{"embeddable":true,"href":"https:\/\/radioljubuski.ba\/index.php\/wp-json\/wp\/v2\/comments?post=132557"}],"version-history":[{"count":1,"href":"https:\/\/radioljubuski.ba\/index.php\/wp-json\/wp\/v2\/posts\/132557\/revisions"}],"predecessor-version":[{"id":132559,"href":"https:\/\/radioljubuski.ba\/index.php\/wp-json\/wp\/v2\/posts\/132557\/revisions\/132559"}],"wp:featuredmedia":[{"embeddable":true,"href":"https:\/\/radioljubuski.ba\/index.php\/wp-json\/wp\/v2\/media\/132558"}],"wp:attachment":[{"href":"https:\/\/radioljubuski.ba\/index.php\/wp-json\/wp\/v2\/media?parent=132557"}],"wp:term":[{"taxonomy":"category","embeddable":true,"href":"https:\/\/radioljubuski.ba\/index.php\/wp-json\/wp\/v2\/categories?post=132557"},{"taxonomy":"post_tag","embeddable":true,"href":"https:\/\/radioljubuski.ba\/index.php\/wp-json\/wp\/v2\/tags?post=132557"}],"curies":[{"name":"wp","href":"https:\/\/api.w.org\/{rel}","templated":true}]}}