{"id":132566,"date":"2022-04-14T12:55:02","date_gmt":"2022-04-14T11:55:02","guid":{"rendered":"https:\/\/radioljubuski.ba\/?p=132566"},"modified":"2022-04-14T12:55:03","modified_gmt":"2022-04-14T11:55:03","slug":"do-pete-godine-nisam-govorila-ni-puzala-mladic-iz-ljubuskog-preminuo-na-veliki-cetvrtak-a-cuda-po-njegovom-zagovoru-dosla-do-vatikana","status":"publish","type":"post","link":"https:\/\/radioljubuski.ba\/index.php\/2022\/04\/14\/do-pete-godine-nisam-govorila-ni-puzala-mladic-iz-ljubuskog-preminuo-na-veliki-cetvrtak-a-cuda-po-njegovom-zagovoru-dosla-do-vatikana\/","title":{"rendered":"\u2018Do pete godine nisam govorila ni puzala\u2019: Mladi\u0107 iz Ljubu\u0161kog preminuo na veliki \u010detvrtak, a \u010duda po njegovom zagovoru do\u0161la do Vatikana"},"content":{"rendered":"\n<p>Mladi\u0107 po imenu&nbsp;<strong>Petar Barbari\u0107<\/strong>, ro\u0111en je u selu Klobuku kod Ljubu\u0161kog u obitelji devetero djece od pobo\u017enih roditelja. Djetinjstvo je proveo na pa\u0161i s ovcama uz pobo\u017ene knjige. U pu\u010dku \u0161kolu po\u0161ao je tek s dvanaest godina, kad je blizu rodnog sela otvorena \u0161kola. U dvije godine zavr\u0161io je \u010detiri razreda \u0161kole s odli\u010dnim uspjehom. Roditelji nisu imali novaca za njegovo daljnje \u0161kolovanje pa je &nbsp;izu\u010dio trgova\u010dki zanat. Kao trgova\u010dki pomo\u0107nik, primljen je u sjemeni\u0161te u Travniku sa \u017eeljom da postane sve\u0107enik, uz pomo\u0107 biv\u0161eg u\u010ditelja Tomislava Vuksana.<\/p>\n\n\n\n<h2 class=\"wp-block-heading\">Vjernici mu se utje\u010du za zagovor<\/h2>\n\n\n\n<p>\u017divio je vrlo pobo\u017eno. Govorio je da \u0107e radije umrijeti, nego uvrijediti Isusa. Preveo je s talijanskog jezika na hrvatski, \u017eivotopis Pavla Kolari\u0107a, bjelovarskog isusovca koji je umro u Rimu, na glasu svetosti. Razbolio se od tuberkuloze i umro kao u\u010denik osmog razreda isusova\u010dke gimnazije, polo\u017eiv\u0161i redovni\u010dki zavjet i to na Veliki \u010detvrtak. &nbsp;Obra\u0107ao je gre\u0161nike, uveo je u sjemeni\u0161te pobo\u017enost Srcu Isusovu, a u svojoj rodnoj \u017eupi, osnovao je Bratov\u0161tinu Gospine krunice. Hrvati u Bosni i Hercegovini i manjim dijelom u Hrvatskoj, utje\u010du se njegovom nebeskom zagovoru.<\/p>\n\n\n\n<h2 class=\"wp-block-heading\">Ukradeno mu je tijelo<\/h2>\n\n\n\n<p>Naime, godine 1935. njegovi su zemni ostatci s gradskoga groblja Bojne prenijeti u sjemeni\u0161nu crkvu, gdje se razvila prava pobo\u017enost prema njemu. No tijelo mu je nakon 1944. godine ukradeno, zakopano u blato i zazidano da bi ga se sakrilo od naroda i \u010duda o kojima se govorilo, &nbsp;\u0161to je usporilo cijeli proces beatifikacije. Kad se obnavljalo jedan dio nadbiskupijske gimnazije, na\u0161lo mu se tijelo. Danas mu se oko groba skupljaju u\u010denici i narod na molitvu, posebno na Veliki \u010detvrtak jer je ovaj mladi\u0107 preminio na veliki \u010detvrtak.<br>Zemni ostatci preba\u010deni su 1998. u novu grobnicu sjemeni\u0161ne crkve sv. Alojzija u Travniku. Papa Franjo je 18. o\u017eujka 2015. odobrio dekret o priznavanju herojskih kreposti sluge Bo\u017ejega Petra Barbari\u0107a.<\/p>\n\n\n\n<h2 class=\"wp-block-heading\">Lije\u010dnici potvrdili neobja\u0161njivo ozdravljenje<\/h2>\n\n\n\n<p>Nakon njegove smrti zaredala su se brojna \u010dudesa u tolikoj mjeri da je pokrenut je postupak za njegovo progla\u0161enje bla\u017eenim i svetim. \u017divotopis mu je preveden na vi\u0161e jezika, a Vatikan ga je za sada proglasio \u010dasnim slugom Bo\u017ejim, \u010dime su priznate nejgove herojske kreposti. Do slu\u017ebene beatifikacije \u010deka se da papa Franjo potvrdi \u010dudesno ozdravljenje, koje se dogodilo na Petrov zagovor, a koje upravo istra\u017euje Kongregacija za kauze svetaca u Vatikanu, nakon \u0161to su hrvatski lije\u010dnici posvjedo\u010dili da je znanstveno neobja\u0161njivo. Rije\u010d je o ozdravljenju jednoga dje\u010daka iz Splita od atrofije mozga i cerebralne paralize. A vjernici tvrde kako je to tek jedno u nizu \u010dudesa koja su se dogodila nakon molitve tom svetom mladi\u0107u. Papa Franjo je 18. o\u017eujka 2015. odobrio dekret o priznavanju herojskih kreposti sluge Bo\u017ejega Petra Barbari\u0107a.<\/p>\n\n\n\n<h2 class=\"wp-block-heading\">Prohodala i progovorila po zagovoru Petra Barbari\u0107a<\/h2>\n\n\n\n<p>\u201cDo pete godine nisam mogla hodati, govoriti ni puzati. Mama Ivka nosila me je 9 \u010detvrtaka na Bojnu na grob sluge Bo\u017ejega Petra Barbari\u0107a. Ve\u0107 nakon prvoga \u010detvrtka mogla sam ispru\u017eiti noge, nakon drugoga sam propuzala, a do devetoga prohodala i progovorila\u201d, svjedo\u010di&nbsp;<strong>Mara Ivki\u0107 r. Luki\u0107<\/strong>&nbsp;Iz Ov\u010dareva blizu Travnika.<\/p>\n\n\n\n<p>Naime, Petar Barbari\u0107 je umro na Veliki \u010detvrtak 1897., pa se u Travniku \u010detvrtak do\u017eivljava jednostavno kao dan Petra Barbari\u0107a, kako se vidi i iz gornje izjave.<\/p>\n\n\n\n<h2 class=\"wp-block-heading\">Molitva za progla\u0161enje Petra Barbari\u0107a bla\u017eenim<\/h2>\n\n\n\n<p>Gospodine Isuse Kriste, udostoj se proslaviti svog vjernog slugu Petra i daj da po njegovom uzoru sve vi\u0161e ljubimo Tvoje Presveto Srce i vjerno ti slu\u017eimo u \u010disto\u0107i tijela i du\u0161e.<br>Nebeska Kraljice i na\u0161a Majko Marijo, izmoli svojim zagovorom u Boga da Tvoje odabrano dijete Petar bude uskoro uzvi\u0161eno na \u010dast oltara.\u00a0Sveti Josipe, za\u0161titni\u010de Hrvatske, moli za Petrovu beatifikaciju.<br>Amen.<\/p>\n\n\n\n<p><strong>Autor: Vjera <br>Izvor: Dnevno.hr<\/strong><\/p>\n","protected":false},"excerpt":{"rendered":"<p>Mladi\u0107 po imenu&nbsp;Petar Barbari\u0107, ro\u0111en je u selu Klobuku kod Ljubu\u0161kog u obitelji devetero djece od pobo\u017enih roditelja. Djetinjstvo je proveo na pa\u0161i s ovcama uz pobo\u017ene knjige. U pu\u010dku \u0161kolu po\u0161ao je tek s dvanaest godina, kad je blizu rodnog sela otvorena \u0161kola. U dvije godine zavr\u0161io je \u010detiri razreda \u0161kole s odli\u010dnim uspjehom. [&hellip;]<\/p>\n","protected":false},"author":2,"featured_media":132567,"comment_status":"closed","ping_status":"closed","sticky":false,"template":"","format":"standard","meta":{"h5ap_radio_sources":[],"footnotes":""},"categories":[3],"tags":[],"class_list":["post-132566","post","type-post","status-publish","format-standard","has-post-thumbnail","hentry","category-ljubuski"],"yoast_head":"<!-- This site is optimized with the Yoast SEO plugin v27.5 - https:\/\/yoast.com\/product\/yoast-seo-wordpress\/ -->\n<title>\u2018Do pete godine nisam govorila ni puzala\u2019: Mladi\u0107 iz Ljubu\u0161kog preminuo na veliki \u010detvrtak, a \u010duda po njegovom zagovoru do\u0161la do Vatikana - RADIO LJUBU\u0160KI<\/title>\n<meta name=\"robots\" content=\"index, follow, max-snippet:-1, max-image-preview:large, max-video-preview:-1\" \/>\n<link rel=\"canonical\" href=\"https:\/\/radioljubuski.ba\/index.php\/2022\/04\/14\/do-pete-godine-nisam-govorila-ni-puzala-mladic-iz-ljubuskog-preminuo-na-veliki-cetvrtak-a-cuda-po-njegovom-zagovoru-dosla-do-vatikana\/\" \/>\n<meta property=\"og:locale\" content=\"hr_HR\" \/>\n<meta property=\"og:type\" content=\"article\" \/>\n<meta property=\"og:title\" content=\"\u2018Do pete godine nisam govorila ni puzala\u2019: Mladi\u0107 iz Ljubu\u0161kog preminuo na veliki \u010detvrtak, a \u010duda po njegovom zagovoru do\u0161la do Vatikana - RADIO LJUBU\u0160KI\" \/>\n<meta property=\"og:description\" content=\"Mladi\u0107 po imenu&nbsp;Petar Barbari\u0107, ro\u0111en je u selu Klobuku kod Ljubu\u0161kog u obitelji devetero djece od pobo\u017enih roditelja. Djetinjstvo je proveo na pa\u0161i s ovcama uz pobo\u017ene knjige. U pu\u010dku \u0161kolu po\u0161ao je tek s dvanaest godina, kad je blizu rodnog sela otvorena \u0161kola. U dvije godine zavr\u0161io je \u010detiri razreda \u0161kole s odli\u010dnim uspjehom. [&hellip;]\" \/>\n<meta property=\"og:url\" content=\"https:\/\/radioljubuski.ba\/index.php\/2022\/04\/14\/do-pete-godine-nisam-govorila-ni-puzala-mladic-iz-ljubuskog-preminuo-na-veliki-cetvrtak-a-cuda-po-njegovom-zagovoru-dosla-do-vatikana\/\" \/>\n<meta property=\"og:site_name\" content=\"RADIO LJUBU\u0160KI\" \/>\n<meta property=\"article:publisher\" content=\"https:\/\/www.facebook.com\/Radiio-Ljubuski-1490835324566332\" \/>\n<meta property=\"article:published_time\" content=\"2022-04-14T11:55:02+00:00\" \/>\n<meta property=\"article:modified_time\" content=\"2022-04-14T11:55:03+00:00\" \/>\n<meta property=\"og:image\" content=\"https:\/\/radioljubuski.ba\/wp-content\/uploads\/2022\/04\/petar-barbaric.jpg\" \/>\n\t<meta property=\"og:image:width\" content=\"660\" \/>\n\t<meta property=\"og:image:height\" content=\"450\" \/>\n\t<meta property=\"og:image:type\" content=\"image\/jpeg\" \/>\n<meta name=\"author\" content=\"Radio Ljubu\u0161ki\" \/>\n<meta name=\"twitter:card\" content=\"summary_large_image\" \/>\n<meta name=\"twitter:creator\" content=\"@radioljubuski\" \/>\n<meta name=\"twitter:site\" content=\"@radioljubuski\" \/>\n<meta name=\"twitter:label1\" content=\"Napisao\/la\" \/>\n\t<meta name=\"twitter:data1\" content=\"Radio Ljubu\u0161ki\" \/>\n\t<meta name=\"twitter:label2\" content=\"Procijenjeno vrijeme \u010ditanja\" \/>\n\t<meta name=\"twitter:data2\" content=\"3 minute\" \/>\n<script type=\"application\/ld+json\" class=\"yoast-schema-graph\">{\"@context\":\"https:\\\/\\\/schema.org\",\"@graph\":[{\"@type\":\"Article\",\"@id\":\"https:\\\/\\\/radioljubuski.ba\\\/index.php\\\/2022\\\/04\\\/14\\\/do-pete-godine-nisam-govorila-ni-puzala-mladic-iz-ljubuskog-preminuo-na-veliki-cetvrtak-a-cuda-po-njegovom-zagovoru-dosla-do-vatikana\\\/#article\",\"isPartOf\":{\"@id\":\"https:\\\/\\\/radioljubuski.ba\\\/index.php\\\/2022\\\/04\\\/14\\\/do-pete-godine-nisam-govorila-ni-puzala-mladic-iz-ljubuskog-preminuo-na-veliki-cetvrtak-a-cuda-po-njegovom-zagovoru-dosla-do-vatikana\\\/\"},\"author\":{\"name\":\"Radio Ljubu\u0161ki\",\"@id\":\"https:\\\/\\\/radioljubuski.ba\\\/#\\\/schema\\\/person\\\/19fc700381a780f69665d7956c469e3b\"},\"headline\":\"\u2018Do pete godine nisam govorila ni puzala\u2019: Mladi\u0107 iz Ljubu\u0161kog preminuo na veliki \u010detvrtak, a \u010duda po njegovom zagovoru do\u0161la do Vatikana\",\"datePublished\":\"2022-04-14T11:55:02+00:00\",\"dateModified\":\"2022-04-14T11:55:03+00:00\",\"mainEntityOfPage\":{\"@id\":\"https:\\\/\\\/radioljubuski.ba\\\/index.php\\\/2022\\\/04\\\/14\\\/do-pete-godine-nisam-govorila-ni-puzala-mladic-iz-ljubuskog-preminuo-na-veliki-cetvrtak-a-cuda-po-njegovom-zagovoru-dosla-do-vatikana\\\/\"},\"wordCount\":695,\"publisher\":{\"@id\":\"https:\\\/\\\/radioljubuski.ba\\\/#organization\"},\"image\":{\"@id\":\"https:\\\/\\\/radioljubuski.ba\\\/index.php\\\/2022\\\/04\\\/14\\\/do-pete-godine-nisam-govorila-ni-puzala-mladic-iz-ljubuskog-preminuo-na-veliki-cetvrtak-a-cuda-po-njegovom-zagovoru-dosla-do-vatikana\\\/#primaryimage\"},\"thumbnailUrl\":\"https:\\\/\\\/radioljubuski.ba\\\/wp-content\\\/uploads\\\/2022\\\/04\\\/petar-barbaric.jpg\",\"articleSection\":[\"Ljubu\u0161ki\"],\"inLanguage\":\"hr\"},{\"@type\":\"WebPage\",\"@id\":\"https:\\\/\\\/radioljubuski.ba\\\/index.php\\\/2022\\\/04\\\/14\\\/do-pete-godine-nisam-govorila-ni-puzala-mladic-iz-ljubuskog-preminuo-na-veliki-cetvrtak-a-cuda-po-njegovom-zagovoru-dosla-do-vatikana\\\/\",\"url\":\"https:\\\/\\\/radioljubuski.ba\\\/index.php\\\/2022\\\/04\\\/14\\\/do-pete-godine-nisam-govorila-ni-puzala-mladic-iz-ljubuskog-preminuo-na-veliki-cetvrtak-a-cuda-po-njegovom-zagovoru-dosla-do-vatikana\\\/\",\"name\":\"\u2018Do pete godine nisam govorila ni puzala\u2019: Mladi\u0107 iz Ljubu\u0161kog preminuo na veliki \u010detvrtak, a \u010duda po njegovom zagovoru do\u0161la do Vatikana - RADIO LJUBU\u0160KI\",\"isPartOf\":{\"@id\":\"https:\\\/\\\/radioljubuski.ba\\\/#website\"},\"primaryImageOfPage\":{\"@id\":\"https:\\\/\\\/radioljubuski.ba\\\/index.php\\\/2022\\\/04\\\/14\\\/do-pete-godine-nisam-govorila-ni-puzala-mladic-iz-ljubuskog-preminuo-na-veliki-cetvrtak-a-cuda-po-njegovom-zagovoru-dosla-do-vatikana\\\/#primaryimage\"},\"image\":{\"@id\":\"https:\\\/\\\/radioljubuski.ba\\\/index.php\\\/2022\\\/04\\\/14\\\/do-pete-godine-nisam-govorila-ni-puzala-mladic-iz-ljubuskog-preminuo-na-veliki-cetvrtak-a-cuda-po-njegovom-zagovoru-dosla-do-vatikana\\\/#primaryimage\"},\"thumbnailUrl\":\"https:\\\/\\\/radioljubuski.ba\\\/wp-content\\\/uploads\\\/2022\\\/04\\\/petar-barbaric.jpg\",\"datePublished\":\"2022-04-14T11:55:02+00:00\",\"dateModified\":\"2022-04-14T11:55:03+00:00\",\"breadcrumb\":{\"@id\":\"https:\\\/\\\/radioljubuski.ba\\\/index.php\\\/2022\\\/04\\\/14\\\/do-pete-godine-nisam-govorila-ni-puzala-mladic-iz-ljubuskog-preminuo-na-veliki-cetvrtak-a-cuda-po-njegovom-zagovoru-dosla-do-vatikana\\\/#breadcrumb\"},\"inLanguage\":\"hr\",\"potentialAction\":[{\"@type\":\"ReadAction\",\"target\":[\"https:\\\/\\\/radioljubuski.ba\\\/index.php\\\/2022\\\/04\\\/14\\\/do-pete-godine-nisam-govorila-ni-puzala-mladic-iz-ljubuskog-preminuo-na-veliki-cetvrtak-a-cuda-po-njegovom-zagovoru-dosla-do-vatikana\\\/\"]}]},{\"@type\":\"ImageObject\",\"inLanguage\":\"hr\",\"@id\":\"https:\\\/\\\/radioljubuski.ba\\\/index.php\\\/2022\\\/04\\\/14\\\/do-pete-godine-nisam-govorila-ni-puzala-mladic-iz-ljubuskog-preminuo-na-veliki-cetvrtak-a-cuda-po-njegovom-zagovoru-dosla-do-vatikana\\\/#primaryimage\",\"url\":\"https:\\\/\\\/radioljubuski.ba\\\/wp-content\\\/uploads\\\/2022\\\/04\\\/petar-barbaric.jpg\",\"contentUrl\":\"https:\\\/\\\/radioljubuski.ba\\\/wp-content\\\/uploads\\\/2022\\\/04\\\/petar-barbaric.jpg\",\"width\":660,\"height\":450},{\"@type\":\"BreadcrumbList\",\"@id\":\"https:\\\/\\\/radioljubuski.ba\\\/index.php\\\/2022\\\/04\\\/14\\\/do-pete-godine-nisam-govorila-ni-puzala-mladic-iz-ljubuskog-preminuo-na-veliki-cetvrtak-a-cuda-po-njegovom-zagovoru-dosla-do-vatikana\\\/#breadcrumb\",\"itemListElement\":[{\"@type\":\"ListItem\",\"position\":1,\"name\":\"Po\u010detna stranica\",\"item\":\"https:\\\/\\\/radioljubuski.ba\\\/\"},{\"@type\":\"ListItem\",\"position\":2,\"name\":\"\u2018Do pete godine nisam govorila ni puzala\u2019: Mladi\u0107 iz Ljubu\u0161kog preminuo na veliki \u010detvrtak, a \u010duda po njegovom zagovoru do\u0161la do Vatikana\"}]},{\"@type\":\"WebSite\",\"@id\":\"https:\\\/\\\/radioljubuski.ba\\\/#website\",\"url\":\"https:\\\/\\\/radioljubuski.ba\\\/\",\"name\":\"Radio Ljubu\u0161ki\",\"description\":\"Sun\u010dana frekvencija Hercegovine\",\"publisher\":{\"@id\":\"https:\\\/\\\/radioljubuski.ba\\\/#organization\"},\"potentialAction\":[{\"@type\":\"SearchAction\",\"target\":{\"@type\":\"EntryPoint\",\"urlTemplate\":\"https:\\\/\\\/radioljubuski.ba\\\/?s={search_term_string}\"},\"query-input\":{\"@type\":\"PropertyValueSpecification\",\"valueRequired\":true,\"valueName\":\"search_term_string\"}}],\"inLanguage\":\"hr\"},{\"@type\":\"Organization\",\"@id\":\"https:\\\/\\\/radioljubuski.ba\\\/#organization\",\"name\":\"Radio Ljubu\u0161ki\",\"url\":\"https:\\\/\\\/radioljubuski.ba\\\/\",\"logo\":{\"@type\":\"ImageObject\",\"inLanguage\":\"hr\",\"@id\":\"https:\\\/\\\/radioljubuski.ba\\\/#\\\/schema\\\/logo\\\/image\\\/\",\"url\":\"https:\\\/\\\/radioljubuski.ba\\\/wp-content\\\/uploads\\\/2021\\\/02\\\/cropped-Radio_Ljubuski_logo1.jpg\",\"contentUrl\":\"https:\\\/\\\/radioljubuski.ba\\\/wp-content\\\/uploads\\\/2021\\\/02\\\/cropped-Radio_Ljubuski_logo1.jpg\",\"width\":512,\"height\":512,\"caption\":\"Radio Ljubu\u0161ki\"},\"image\":{\"@id\":\"https:\\\/\\\/radioljubuski.ba\\\/#\\\/schema\\\/logo\\\/image\\\/\"},\"sameAs\":[\"https:\\\/\\\/www.facebook.com\\\/Radiio-Ljubuski-1490835324566332\",\"https:\\\/\\\/x.com\\\/radioljubuski\",\"https:\\\/\\\/hr.linkedin.com\\\/company\\\/radio-ljubuski\",\"https:\\\/\\\/www.youtube.com\\\/channel\\\/UCHYaeO_n0Db3tjNGudGpXyw\"]},{\"@type\":\"Person\",\"@id\":\"https:\\\/\\\/radioljubuski.ba\\\/#\\\/schema\\\/person\\\/19fc700381a780f69665d7956c469e3b\",\"name\":\"Radio Ljubu\u0161ki\"}]}<\/script>\n<!-- \/ Yoast SEO plugin. -->","yoast_head_json":{"title":"\u2018Do pete godine nisam govorila ni puzala\u2019: Mladi\u0107 iz Ljubu\u0161kog preminuo na veliki \u010detvrtak, a \u010duda po njegovom zagovoru do\u0161la do Vatikana - RADIO LJUBU\u0160KI","robots":{"index":"index","follow":"follow","max-snippet":"max-snippet:-1","max-image-preview":"max-image-preview:large","max-video-preview":"max-video-preview:-1"},"canonical":"https:\/\/radioljubuski.ba\/index.php\/2022\/04\/14\/do-pete-godine-nisam-govorila-ni-puzala-mladic-iz-ljubuskog-preminuo-na-veliki-cetvrtak-a-cuda-po-njegovom-zagovoru-dosla-do-vatikana\/","og_locale":"hr_HR","og_type":"article","og_title":"\u2018Do pete godine nisam govorila ni puzala\u2019: Mladi\u0107 iz Ljubu\u0161kog preminuo na veliki \u010detvrtak, a \u010duda po njegovom zagovoru do\u0161la do Vatikana - RADIO LJUBU\u0160KI","og_description":"Mladi\u0107 po imenu&nbsp;Petar Barbari\u0107, ro\u0111en je u selu Klobuku kod Ljubu\u0161kog u obitelji devetero djece od pobo\u017enih roditelja. Djetinjstvo je proveo na pa\u0161i s ovcama uz pobo\u017ene knjige. U pu\u010dku \u0161kolu po\u0161ao je tek s dvanaest godina, kad je blizu rodnog sela otvorena \u0161kola. U dvije godine zavr\u0161io je \u010detiri razreda \u0161kole s odli\u010dnim uspjehom. [&hellip;]","og_url":"https:\/\/radioljubuski.ba\/index.php\/2022\/04\/14\/do-pete-godine-nisam-govorila-ni-puzala-mladic-iz-ljubuskog-preminuo-na-veliki-cetvrtak-a-cuda-po-njegovom-zagovoru-dosla-do-vatikana\/","og_site_name":"RADIO LJUBU\u0160KI","article_publisher":"https:\/\/www.facebook.com\/Radiio-Ljubuski-1490835324566332","article_published_time":"2022-04-14T11:55:02+00:00","article_modified_time":"2022-04-14T11:55:03+00:00","og_image":[{"width":660,"height":450,"url":"https:\/\/radioljubuski.ba\/wp-content\/uploads\/2022\/04\/petar-barbaric.jpg","type":"image\/jpeg"}],"author":"Radio Ljubu\u0161ki","twitter_card":"summary_large_image","twitter_creator":"@radioljubuski","twitter_site":"@radioljubuski","twitter_misc":{"Napisao\/la":"Radio Ljubu\u0161ki","Procijenjeno vrijeme \u010ditanja":"3 minute"},"schema":{"@context":"https:\/\/schema.org","@graph":[{"@type":"Article","@id":"https:\/\/radioljubuski.ba\/index.php\/2022\/04\/14\/do-pete-godine-nisam-govorila-ni-puzala-mladic-iz-ljubuskog-preminuo-na-veliki-cetvrtak-a-cuda-po-njegovom-zagovoru-dosla-do-vatikana\/#article","isPartOf":{"@id":"https:\/\/radioljubuski.ba\/index.php\/2022\/04\/14\/do-pete-godine-nisam-govorila-ni-puzala-mladic-iz-ljubuskog-preminuo-na-veliki-cetvrtak-a-cuda-po-njegovom-zagovoru-dosla-do-vatikana\/"},"author":{"name":"Radio Ljubu\u0161ki","@id":"https:\/\/radioljubuski.ba\/#\/schema\/person\/19fc700381a780f69665d7956c469e3b"},"headline":"\u2018Do pete godine nisam govorila ni puzala\u2019: Mladi\u0107 iz Ljubu\u0161kog preminuo na veliki \u010detvrtak, a \u010duda po njegovom zagovoru do\u0161la do Vatikana","datePublished":"2022-04-14T11:55:02+00:00","dateModified":"2022-04-14T11:55:03+00:00","mainEntityOfPage":{"@id":"https:\/\/radioljubuski.ba\/index.php\/2022\/04\/14\/do-pete-godine-nisam-govorila-ni-puzala-mladic-iz-ljubuskog-preminuo-na-veliki-cetvrtak-a-cuda-po-njegovom-zagovoru-dosla-do-vatikana\/"},"wordCount":695,"publisher":{"@id":"https:\/\/radioljubuski.ba\/#organization"},"image":{"@id":"https:\/\/radioljubuski.ba\/index.php\/2022\/04\/14\/do-pete-godine-nisam-govorila-ni-puzala-mladic-iz-ljubuskog-preminuo-na-veliki-cetvrtak-a-cuda-po-njegovom-zagovoru-dosla-do-vatikana\/#primaryimage"},"thumbnailUrl":"https:\/\/radioljubuski.ba\/wp-content\/uploads\/2022\/04\/petar-barbaric.jpg","articleSection":["Ljubu\u0161ki"],"inLanguage":"hr"},{"@type":"WebPage","@id":"https:\/\/radioljubuski.ba\/index.php\/2022\/04\/14\/do-pete-godine-nisam-govorila-ni-puzala-mladic-iz-ljubuskog-preminuo-na-veliki-cetvrtak-a-cuda-po-njegovom-zagovoru-dosla-do-vatikana\/","url":"https:\/\/radioljubuski.ba\/index.php\/2022\/04\/14\/do-pete-godine-nisam-govorila-ni-puzala-mladic-iz-ljubuskog-preminuo-na-veliki-cetvrtak-a-cuda-po-njegovom-zagovoru-dosla-do-vatikana\/","name":"\u2018Do pete godine nisam govorila ni puzala\u2019: Mladi\u0107 iz Ljubu\u0161kog preminuo na veliki \u010detvrtak, a \u010duda po njegovom zagovoru do\u0161la do Vatikana - RADIO LJUBU\u0160KI","isPartOf":{"@id":"https:\/\/radioljubuski.ba\/#website"},"primaryImageOfPage":{"@id":"https:\/\/radioljubuski.ba\/index.php\/2022\/04\/14\/do-pete-godine-nisam-govorila-ni-puzala-mladic-iz-ljubuskog-preminuo-na-veliki-cetvrtak-a-cuda-po-njegovom-zagovoru-dosla-do-vatikana\/#primaryimage"},"image":{"@id":"https:\/\/radioljubuski.ba\/index.php\/2022\/04\/14\/do-pete-godine-nisam-govorila-ni-puzala-mladic-iz-ljubuskog-preminuo-na-veliki-cetvrtak-a-cuda-po-njegovom-zagovoru-dosla-do-vatikana\/#primaryimage"},"thumbnailUrl":"https:\/\/radioljubuski.ba\/wp-content\/uploads\/2022\/04\/petar-barbaric.jpg","datePublished":"2022-04-14T11:55:02+00:00","dateModified":"2022-04-14T11:55:03+00:00","breadcrumb":{"@id":"https:\/\/radioljubuski.ba\/index.php\/2022\/04\/14\/do-pete-godine-nisam-govorila-ni-puzala-mladic-iz-ljubuskog-preminuo-na-veliki-cetvrtak-a-cuda-po-njegovom-zagovoru-dosla-do-vatikana\/#breadcrumb"},"inLanguage":"hr","potentialAction":[{"@type":"ReadAction","target":["https:\/\/radioljubuski.ba\/index.php\/2022\/04\/14\/do-pete-godine-nisam-govorila-ni-puzala-mladic-iz-ljubuskog-preminuo-na-veliki-cetvrtak-a-cuda-po-njegovom-zagovoru-dosla-do-vatikana\/"]}]},{"@type":"ImageObject","inLanguage":"hr","@id":"https:\/\/radioljubuski.ba\/index.php\/2022\/04\/14\/do-pete-godine-nisam-govorila-ni-puzala-mladic-iz-ljubuskog-preminuo-na-veliki-cetvrtak-a-cuda-po-njegovom-zagovoru-dosla-do-vatikana\/#primaryimage","url":"https:\/\/radioljubuski.ba\/wp-content\/uploads\/2022\/04\/petar-barbaric.jpg","contentUrl":"https:\/\/radioljubuski.ba\/wp-content\/uploads\/2022\/04\/petar-barbaric.jpg","width":660,"height":450},{"@type":"BreadcrumbList","@id":"https:\/\/radioljubuski.ba\/index.php\/2022\/04\/14\/do-pete-godine-nisam-govorila-ni-puzala-mladic-iz-ljubuskog-preminuo-na-veliki-cetvrtak-a-cuda-po-njegovom-zagovoru-dosla-do-vatikana\/#breadcrumb","itemListElement":[{"@type":"ListItem","position":1,"name":"Po\u010detna stranica","item":"https:\/\/radioljubuski.ba\/"},{"@type":"ListItem","position":2,"name":"\u2018Do pete godine nisam govorila ni puzala\u2019: Mladi\u0107 iz Ljubu\u0161kog preminuo na veliki \u010detvrtak, a \u010duda po njegovom zagovoru do\u0161la do Vatikana"}]},{"@type":"WebSite","@id":"https:\/\/radioljubuski.ba\/#website","url":"https:\/\/radioljubuski.ba\/","name":"Radio Ljubu\u0161ki","description":"Sun\u010dana frekvencija Hercegovine","publisher":{"@id":"https:\/\/radioljubuski.ba\/#organization"},"potentialAction":[{"@type":"SearchAction","target":{"@type":"EntryPoint","urlTemplate":"https:\/\/radioljubuski.ba\/?s={search_term_string}"},"query-input":{"@type":"PropertyValueSpecification","valueRequired":true,"valueName":"search_term_string"}}],"inLanguage":"hr"},{"@type":"Organization","@id":"https:\/\/radioljubuski.ba\/#organization","name":"Radio Ljubu\u0161ki","url":"https:\/\/radioljubuski.ba\/","logo":{"@type":"ImageObject","inLanguage":"hr","@id":"https:\/\/radioljubuski.ba\/#\/schema\/logo\/image\/","url":"https:\/\/radioljubuski.ba\/wp-content\/uploads\/2021\/02\/cropped-Radio_Ljubuski_logo1.jpg","contentUrl":"https:\/\/radioljubuski.ba\/wp-content\/uploads\/2021\/02\/cropped-Radio_Ljubuski_logo1.jpg","width":512,"height":512,"caption":"Radio Ljubu\u0161ki"},"image":{"@id":"https:\/\/radioljubuski.ba\/#\/schema\/logo\/image\/"},"sameAs":["https:\/\/www.facebook.com\/Radiio-Ljubuski-1490835324566332","https:\/\/x.com\/radioljubuski","https:\/\/hr.linkedin.com\/company\/radio-ljubuski","https:\/\/www.youtube.com\/channel\/UCHYaeO_n0Db3tjNGudGpXyw"]},{"@type":"Person","@id":"https:\/\/radioljubuski.ba\/#\/schema\/person\/19fc700381a780f69665d7956c469e3b","name":"Radio Ljubu\u0161ki"}]}},"_links":{"self":[{"href":"https:\/\/radioljubuski.ba\/index.php\/wp-json\/wp\/v2\/posts\/132566","targetHints":{"allow":["GET"]}}],"collection":[{"href":"https:\/\/radioljubuski.ba\/index.php\/wp-json\/wp\/v2\/posts"}],"about":[{"href":"https:\/\/radioljubuski.ba\/index.php\/wp-json\/wp\/v2\/types\/post"}],"author":[{"embeddable":true,"href":"https:\/\/radioljubuski.ba\/index.php\/wp-json\/wp\/v2\/users\/2"}],"replies":[{"embeddable":true,"href":"https:\/\/radioljubuski.ba\/index.php\/wp-json\/wp\/v2\/comments?post=132566"}],"version-history":[{"count":1,"href":"https:\/\/radioljubuski.ba\/index.php\/wp-json\/wp\/v2\/posts\/132566\/revisions"}],"predecessor-version":[{"id":132568,"href":"https:\/\/radioljubuski.ba\/index.php\/wp-json\/wp\/v2\/posts\/132566\/revisions\/132568"}],"wp:featuredmedia":[{"embeddable":true,"href":"https:\/\/radioljubuski.ba\/index.php\/wp-json\/wp\/v2\/media\/132567"}],"wp:attachment":[{"href":"https:\/\/radioljubuski.ba\/index.php\/wp-json\/wp\/v2\/media?parent=132566"}],"wp:term":[{"taxonomy":"category","embeddable":true,"href":"https:\/\/radioljubuski.ba\/index.php\/wp-json\/wp\/v2\/categories?post=132566"},{"taxonomy":"post_tag","embeddable":true,"href":"https:\/\/radioljubuski.ba\/index.php\/wp-json\/wp\/v2\/tags?post=132566"}],"curies":[{"name":"wp","href":"https:\/\/api.w.org\/{rel}","templated":true}]}}