{"id":132575,"date":"2022-04-14T13:24:23","date_gmt":"2022-04-14T12:24:23","guid":{"rendered":"https:\/\/radioljubuski.ba\/?p=132575"},"modified":"2022-04-14T13:24:25","modified_gmt":"2022-04-14T12:24:25","slug":"pocela-prva-konferencija-o-umjetnoj-inteligenciji-u-bih","status":"publish","type":"post","link":"https:\/\/radioljubuski.ba\/index.php\/2022\/04\/14\/pocela-prva-konferencija-o-umjetnoj-inteligenciji-u-bih\/","title":{"rendered":"Po\u010dela prva konferencija o umjetnoj inteligenciji u BiH"},"content":{"rendered":"\n<p>Niz izlaganja o primjeni umjetne inteligencije u razli\u010ditim podru\u010djima dio su bogatog programa dvodnevne konferencije Umjetna inteligencija u Bosni i Hercegovini-istra\u017eivanje, primjena i perspektive razvoja koja je zapo\u010dela u \u010detvrtak, 14.4.2022. godine u prostorijama INTERA Tehnolo\u0161kog Parka. <\/p>\n\n\n\n<p>Konferencija, koju organizira Federalno ministarstvo obrazovanja i znanosti u suradnji s doma\u0107inom doga\u0111aja, stavlja fokus na iznimno aktualnu temu na globalnoj razini isti\u010du\u0107i pozitivne primjere iz Bosne i Hercegovine. <\/p>\n\n\n\n<p>&#8221;Ovaj doga\u0111aj posve\u0107en je fenomenu umjetne inteligencije koji je mo\u017eda \u0161iroj javnosti nepoznat, ali moramo re\u0107i da nije nov. Vi\u0161e od pola stolje\u0107a se u me\u0111unarodnim okvirima istra\u017euje i primjenjuje umjetna inteligencija. Za ovu zemlju je dobro da mi tako\u0111er imamo istra\u017eiva\u010de koji se dugo bave ovim pitanjima i da ve\u0107 u drugoj polovici 90.ih godina na na\u0161im fakultetima, pogotovo na elektrotehni\u010dkim, a nakon toga informati\u010dkim fakultetima po\u010delo odre\u0111eno obrazovanje vezano za ova pitanja&#8221;, istaknuo je Jasmin Brankovi\u0107, pomo\u0107nik ministra za obrazovanje i znanost. <\/p>\n\n\n\n<p>&#8221;Tako\u0111er moramo ubrzati to na neki na\u010din jer imamo taj kadar kao i mla\u0111e ljude koji su u me\u0111unarodnim krugovima prepoznatljivi kao dobri istra\u017eiva\u010di i mogu puno doprinijeti razvoju i istra\u017eivanju razli\u010ditih segmenata umjetne inteligencije&#8221;, kazao je Brankovi\u0107, te naglasio kako \u0107e &#8221;dr\u017eava morati puno vi\u0161e ulagati u znanost i ovo podru\u010dje koje je brzo rastu\u0107e u svijetu i mi moramo pratiti korak&#8221;. <\/p>\n\n\n\n<p>&#8221;Imamo potencijal, imamo kadar, ali taj kadar ne mo\u017ee raditi bez odgovaraju\u0107ih ulaganja, opreme i bez mogu\u0107nosti da primjene te rezultate u gospodarstvu. Jer ako dobijemo rezultate a oni budu tek tako ura\u0111eni i objavljeni kao neki znanstveni rad, mi ne\u0107emo imati mnogo od toga kao dr\u017eava, dru\u0161tvo i gospodarstvo generalno&#8221;, zaklju\u010dio je Brankovi\u0107. <\/p>\n\n\n\n<p>O va\u017enosti tematike dovoljno govori i veliki interes sudionika koji \u0107e program konferencije u sljede\u0107a dva dana imati priliku pratiti ne samo u prostorijama INTERA Tehnolo\u0161kog Parka, nego i putem Zoom platforme. <\/p>\n\n\n\n<p>&#8221;Izuzetno nam je zadovoljstvo organizirati ovakvu konferenciju u suradnji sa Federalnim ministarstvom obrazovanja i znanosti zato \u0161to je ovo aktualna tema u cijelom svijetu, a sada nam dolazi i u BiH. U ovom procesu se trudimo predstaviti globalne trendove na na\u0161em tr\u017ei\u0161tu&#8221;, kazala je Ana Bogdanovi\u0107, marketing koordinator INTERA Tehnolo\u0161kog Parka.<\/p>\n\n\n\n<p>Konferencija je zapo\u010dela sve\u010danim otvaranjem i uvodnim izlaganjima tijekom kojih je Zlatan Ajanovi\u0107 prezentirao viziju Bosne i Herceogvine u doba umjetne inteligencije osvr\u0107u\u0107i se na globalne trendove, mogu\u0107nosti i realisti\u010dne ciljeve, a Vedad Sablji\u0107 na karakteristike, izazove i prilike u primjeni umjetne inteligencije. <\/p>\n\n\n\n<p>U uvodnim izlaganjima sudionici su imali priliku upoznati se s BH Tech Lab platformom kroz prezentaciju Harisa Lu\u010dkina te video menad\u017eement sustavom NSoft Vision kroz predavanje Harisa Karagi\u0107a i Martine Sesar. <\/p>\n\n\n\n<p>U nastavku programa sudionici \u0107e imati priliku \u010duti i prezentacije o primjeni umjetne inteligencije u tehnici, medicini i tehnolo\u0161kom razvoju s naglaskom na prakti\u010dne primjere kori\u0161tenja umjetne inteligencije za razvoj pametne natkoljeni\u010dne proteze i pneumatske rukavice za rehabilitaciju, unaprje\u0111enje sustava za prijevoz putnika, otkrivanje funkcionalne hrane, stvaranje pametne mre\u017ee i drugih inovativnih rje\u0161enja. <\/p>\n\n\n\n<p>Predava\u010di prvog dana \u0107e se osvrnuti i na pravni aspekt primjene umjetne inteligencije u podru\u010dju moderne medicine i poreznog sustava te na pravnu regulaciju u Europskoj uniji. <\/p>\n\n\n\n<p>Sutra\u0161nji program bit \u0107e fokusiran na umjetnu inteligenciju u obrazovanju i javnom prostoru s naglaskom na potrebe reforme obrazovanja te izazove s kojima se susre\u0107u srednje \u0161kole i visokoobrazovne institucije. <\/p>\n\n\n\n<p>Program konferencije \u0107e poslu\u017eiti kao izvrsna prilika za analizu postoje\u0107eg stanja te identificiranje potreba razli\u010ditih sektora u pogledu primjene modernih tehnologija, a kroz networking doga\u0111aje omogu\u0107it \u0107e se i dodatno upoznavanje i ostvarivanje kontakata koji \u0107e u budu\u0107nosti zasigurno rezultirati novitetima u ovom podru\u010dju. <\/p>\n\n\n\n<p>&#8221;Izuzetno mi je drago \u0161to sam sudionik ove konferencije. Fokusirani smo govoriti o perspektivama i mogu\u0107nosti ove oblasti. Jedinstvena prilika podsjetiti se kako ovo nije ne\u0161to novo jer \u0107u evo u svom izlaganju pokazati dokumente gdje se vidi da sam ja ve\u0107 1987. godine slu\u0161ala predmet &#8216;Metode i primjena vje\u0161ta\u010dke inteligencije&#8217; u Sarajevu na elektrotehni\u010dkom fakultetu&#8221;, kazala je Du\u0161anka Bo\u0161kovi\u0107, profesorica i prorektor za kvalitet Elektrotehni\u010dkog fakulteta Univerziteta u Sarajevu.<\/p>\n\n\n\n<p>&#8221;\u0160to se ti\u010de samih znanja iz ove oblasti, mi na ve\u0107ini na\u0161ih univerziteta imamo predmete i profesore koji se bave istra\u017eivanjima te oblasti jer je to uvijek bila jedna atraktivna oblast koja uvijek donese ne\u0161to novo. Kad sa umjetnom inteligencijom u\u0111ete u neku oblast odmah imate priliku pokazati neka nova dostignu\u0107a. Bavim se biomedicinskim signalima i sistemima i to je vrlo zna\u010dajna oblast gdje umjetna inteligencija mo\u017ee dati veliki doprinos. Zaista vidimo procvat u primjeni umjetne inteligencije u svim domenama&#8221;, isti\u010de Bo\u0161kovi\u0107. <\/p>\n\n\n\n<p>&#8221;U naprednim zemljama nije izazov kako dati rje\u0161enja nego kako kontrolirati ta rje\u0161enja &#8211; Kako dati neko rje\u0161enje a da je ono nepristrano, da nije zlonamjerno, da ga mo\u017eemo kontrolirati i to je jedan izuzetan izazov umjetne inteligencije jer ona nije uvijek transparentna, nije obja\u0161njiva&#8221;, kazala je Bo\u0161kovi\u0107 te dodala kako je &#8221;sigurna da na\u0161i studenti \u0161irom na\u0161e dr\u017eave stje\u010du dosta znanja po ovom pitanju&#8221;. <br><strong>Izvor: Bljesak.info<\/strong><\/p>\n","protected":false},"excerpt":{"rendered":"<p>Niz izlaganja o primjeni umjetne inteligencije u razli\u010ditim podru\u010djima dio su bogatog programa dvodnevne konferencije Umjetna inteligencija u Bosni i Hercegovini-istra\u017eivanje, primjena i perspektive razvoja koja je zapo\u010dela u \u010detvrtak, 14.4.2022. godine u prostorijama INTERA Tehnolo\u0161kog Parka. Konferencija, koju organizira Federalno ministarstvo obrazovanja i znanosti u suradnji s doma\u0107inom doga\u0111aja, stavlja fokus na iznimno aktualnu [&hellip;]<\/p>\n","protected":false},"author":2,"featured_media":132576,"comment_status":"closed","ping_status":"closed","sticky":false,"template":"","format":"standard","meta":{"h5ap_radio_sources":[],"footnotes":""},"categories":[1],"tags":[],"class_list":["post-132575","post","type-post","status-publish","format-standard","has-post-thumbnail","hentry","category-bihiregija"],"yoast_head":"<!-- This site is optimized with the Yoast SEO plugin v27.5 - https:\/\/yoast.com\/product\/yoast-seo-wordpress\/ -->\n<title>Po\u010dela prva konferencija o umjetnoj inteligenciji u BiH - RADIO LJUBU\u0160KI<\/title>\n<meta name=\"robots\" content=\"index, follow, max-snippet:-1, max-image-preview:large, max-video-preview:-1\" \/>\n<link rel=\"canonical\" href=\"https:\/\/radioljubuski.ba\/index.php\/2022\/04\/14\/pocela-prva-konferencija-o-umjetnoj-inteligenciji-u-bih\/\" \/>\n<meta property=\"og:locale\" content=\"hr_HR\" \/>\n<meta property=\"og:type\" content=\"article\" \/>\n<meta property=\"og:title\" content=\"Po\u010dela prva konferencija o umjetnoj inteligenciji u BiH - RADIO LJUBU\u0160KI\" \/>\n<meta property=\"og:description\" content=\"Niz izlaganja o primjeni umjetne inteligencije u razli\u010ditim podru\u010djima dio su bogatog programa dvodnevne konferencije Umjetna inteligencija u Bosni i Hercegovini-istra\u017eivanje, primjena i perspektive razvoja koja je zapo\u010dela u \u010detvrtak, 14.4.2022. godine u prostorijama INTERA Tehnolo\u0161kog Parka. Konferencija, koju organizira Federalno ministarstvo obrazovanja i znanosti u suradnji s doma\u0107inom doga\u0111aja, stavlja fokus na iznimno aktualnu [&hellip;]\" \/>\n<meta property=\"og:url\" content=\"https:\/\/radioljubuski.ba\/index.php\/2022\/04\/14\/pocela-prva-konferencija-o-umjetnoj-inteligenciji-u-bih\/\" \/>\n<meta property=\"og:site_name\" content=\"RADIO LJUBU\u0160KI\" \/>\n<meta property=\"article:publisher\" content=\"https:\/\/www.facebook.com\/Radiio-Ljubuski-1490835324566332\" \/>\n<meta property=\"article:published_time\" content=\"2022-04-14T12:24:23+00:00\" \/>\n<meta property=\"article:modified_time\" content=\"2022-04-14T12:24:25+00:00\" \/>\n<meta property=\"og:image\" content=\"https:\/\/radioljubuski.ba\/wp-content\/uploads\/2022\/04\/ai.jpg\" \/>\n\t<meta property=\"og:image:width\" content=\"800\" \/>\n\t<meta property=\"og:image:height\" content=\"550\" \/>\n\t<meta property=\"og:image:type\" content=\"image\/jpeg\" \/>\n<meta name=\"author\" content=\"Radio Ljubu\u0161ki\" \/>\n<meta name=\"twitter:card\" content=\"summary_large_image\" \/>\n<meta name=\"twitter:creator\" content=\"@radioljubuski\" \/>\n<meta name=\"twitter:site\" content=\"@radioljubuski\" \/>\n<meta name=\"twitter:label1\" content=\"Napisao\/la\" \/>\n\t<meta name=\"twitter:data1\" content=\"Radio Ljubu\u0161ki\" \/>\n\t<meta name=\"twitter:label2\" content=\"Procijenjeno vrijeme \u010ditanja\" \/>\n\t<meta name=\"twitter:data2\" content=\"4 minute\" \/>\n<script type=\"application\/ld+json\" class=\"yoast-schema-graph\">{\"@context\":\"https:\\\/\\\/schema.org\",\"@graph\":[{\"@type\":\"Article\",\"@id\":\"https:\\\/\\\/radioljubuski.ba\\\/index.php\\\/2022\\\/04\\\/14\\\/pocela-prva-konferencija-o-umjetnoj-inteligenciji-u-bih\\\/#article\",\"isPartOf\":{\"@id\":\"https:\\\/\\\/radioljubuski.ba\\\/index.php\\\/2022\\\/04\\\/14\\\/pocela-prva-konferencija-o-umjetnoj-inteligenciji-u-bih\\\/\"},\"author\":{\"name\":\"Radio Ljubu\u0161ki\",\"@id\":\"https:\\\/\\\/radioljubuski.ba\\\/#\\\/schema\\\/person\\\/19fc700381a780f69665d7956c469e3b\"},\"headline\":\"Po\u010dela prva konferencija o umjetnoj inteligenciji u BiH\",\"datePublished\":\"2022-04-14T12:24:23+00:00\",\"dateModified\":\"2022-04-14T12:24:25+00:00\",\"mainEntityOfPage\":{\"@id\":\"https:\\\/\\\/radioljubuski.ba\\\/index.php\\\/2022\\\/04\\\/14\\\/pocela-prva-konferencija-o-umjetnoj-inteligenciji-u-bih\\\/\"},\"wordCount\":915,\"publisher\":{\"@id\":\"https:\\\/\\\/radioljubuski.ba\\\/#organization\"},\"image\":{\"@id\":\"https:\\\/\\\/radioljubuski.ba\\\/index.php\\\/2022\\\/04\\\/14\\\/pocela-prva-konferencija-o-umjetnoj-inteligenciji-u-bih\\\/#primaryimage\"},\"thumbnailUrl\":\"https:\\\/\\\/radioljubuski.ba\\\/wp-content\\\/uploads\\\/2022\\\/04\\\/ai.jpg\",\"articleSection\":[\"BIH i regija\"],\"inLanguage\":\"hr\"},{\"@type\":\"WebPage\",\"@id\":\"https:\\\/\\\/radioljubuski.ba\\\/index.php\\\/2022\\\/04\\\/14\\\/pocela-prva-konferencija-o-umjetnoj-inteligenciji-u-bih\\\/\",\"url\":\"https:\\\/\\\/radioljubuski.ba\\\/index.php\\\/2022\\\/04\\\/14\\\/pocela-prva-konferencija-o-umjetnoj-inteligenciji-u-bih\\\/\",\"name\":\"Po\u010dela prva konferencija o umjetnoj inteligenciji u BiH - RADIO LJUBU\u0160KI\",\"isPartOf\":{\"@id\":\"https:\\\/\\\/radioljubuski.ba\\\/#website\"},\"primaryImageOfPage\":{\"@id\":\"https:\\\/\\\/radioljubuski.ba\\\/index.php\\\/2022\\\/04\\\/14\\\/pocela-prva-konferencija-o-umjetnoj-inteligenciji-u-bih\\\/#primaryimage\"},\"image\":{\"@id\":\"https:\\\/\\\/radioljubuski.ba\\\/index.php\\\/2022\\\/04\\\/14\\\/pocela-prva-konferencija-o-umjetnoj-inteligenciji-u-bih\\\/#primaryimage\"},\"thumbnailUrl\":\"https:\\\/\\\/radioljubuski.ba\\\/wp-content\\\/uploads\\\/2022\\\/04\\\/ai.jpg\",\"datePublished\":\"2022-04-14T12:24:23+00:00\",\"dateModified\":\"2022-04-14T12:24:25+00:00\",\"breadcrumb\":{\"@id\":\"https:\\\/\\\/radioljubuski.ba\\\/index.php\\\/2022\\\/04\\\/14\\\/pocela-prva-konferencija-o-umjetnoj-inteligenciji-u-bih\\\/#breadcrumb\"},\"inLanguage\":\"hr\",\"potentialAction\":[{\"@type\":\"ReadAction\",\"target\":[\"https:\\\/\\\/radioljubuski.ba\\\/index.php\\\/2022\\\/04\\\/14\\\/pocela-prva-konferencija-o-umjetnoj-inteligenciji-u-bih\\\/\"]}]},{\"@type\":\"ImageObject\",\"inLanguage\":\"hr\",\"@id\":\"https:\\\/\\\/radioljubuski.ba\\\/index.php\\\/2022\\\/04\\\/14\\\/pocela-prva-konferencija-o-umjetnoj-inteligenciji-u-bih\\\/#primaryimage\",\"url\":\"https:\\\/\\\/radioljubuski.ba\\\/wp-content\\\/uploads\\\/2022\\\/04\\\/ai.jpg\",\"contentUrl\":\"https:\\\/\\\/radioljubuski.ba\\\/wp-content\\\/uploads\\\/2022\\\/04\\\/ai.jpg\",\"width\":800,\"height\":550},{\"@type\":\"BreadcrumbList\",\"@id\":\"https:\\\/\\\/radioljubuski.ba\\\/index.php\\\/2022\\\/04\\\/14\\\/pocela-prva-konferencija-o-umjetnoj-inteligenciji-u-bih\\\/#breadcrumb\",\"itemListElement\":[{\"@type\":\"ListItem\",\"position\":1,\"name\":\"Po\u010detna stranica\",\"item\":\"https:\\\/\\\/radioljubuski.ba\\\/\"},{\"@type\":\"ListItem\",\"position\":2,\"name\":\"Po\u010dela prva konferencija o umjetnoj inteligenciji u BiH\"}]},{\"@type\":\"WebSite\",\"@id\":\"https:\\\/\\\/radioljubuski.ba\\\/#website\",\"url\":\"https:\\\/\\\/radioljubuski.ba\\\/\",\"name\":\"Radio Ljubu\u0161ki\",\"description\":\"Sun\u010dana frekvencija Hercegovine\",\"publisher\":{\"@id\":\"https:\\\/\\\/radioljubuski.ba\\\/#organization\"},\"potentialAction\":[{\"@type\":\"SearchAction\",\"target\":{\"@type\":\"EntryPoint\",\"urlTemplate\":\"https:\\\/\\\/radioljubuski.ba\\\/?s={search_term_string}\"},\"query-input\":{\"@type\":\"PropertyValueSpecification\",\"valueRequired\":true,\"valueName\":\"search_term_string\"}}],\"inLanguage\":\"hr\"},{\"@type\":\"Organization\",\"@id\":\"https:\\\/\\\/radioljubuski.ba\\\/#organization\",\"name\":\"Radio Ljubu\u0161ki\",\"url\":\"https:\\\/\\\/radioljubuski.ba\\\/\",\"logo\":{\"@type\":\"ImageObject\",\"inLanguage\":\"hr\",\"@id\":\"https:\\\/\\\/radioljubuski.ba\\\/#\\\/schema\\\/logo\\\/image\\\/\",\"url\":\"https:\\\/\\\/radioljubuski.ba\\\/wp-content\\\/uploads\\\/2021\\\/02\\\/cropped-Radio_Ljubuski_logo1.jpg\",\"contentUrl\":\"https:\\\/\\\/radioljubuski.ba\\\/wp-content\\\/uploads\\\/2021\\\/02\\\/cropped-Radio_Ljubuski_logo1.jpg\",\"width\":512,\"height\":512,\"caption\":\"Radio Ljubu\u0161ki\"},\"image\":{\"@id\":\"https:\\\/\\\/radioljubuski.ba\\\/#\\\/schema\\\/logo\\\/image\\\/\"},\"sameAs\":[\"https:\\\/\\\/www.facebook.com\\\/Radiio-Ljubuski-1490835324566332\",\"https:\\\/\\\/x.com\\\/radioljubuski\",\"https:\\\/\\\/hr.linkedin.com\\\/company\\\/radio-ljubuski\",\"https:\\\/\\\/www.youtube.com\\\/channel\\\/UCHYaeO_n0Db3tjNGudGpXyw\"]},{\"@type\":\"Person\",\"@id\":\"https:\\\/\\\/radioljubuski.ba\\\/#\\\/schema\\\/person\\\/19fc700381a780f69665d7956c469e3b\",\"name\":\"Radio Ljubu\u0161ki\"}]}<\/script>\n<!-- \/ Yoast SEO plugin. -->","yoast_head_json":{"title":"Po\u010dela prva konferencija o umjetnoj inteligenciji u BiH - RADIO LJUBU\u0160KI","robots":{"index":"index","follow":"follow","max-snippet":"max-snippet:-1","max-image-preview":"max-image-preview:large","max-video-preview":"max-video-preview:-1"},"canonical":"https:\/\/radioljubuski.ba\/index.php\/2022\/04\/14\/pocela-prva-konferencija-o-umjetnoj-inteligenciji-u-bih\/","og_locale":"hr_HR","og_type":"article","og_title":"Po\u010dela prva konferencija o umjetnoj inteligenciji u BiH - RADIO LJUBU\u0160KI","og_description":"Niz izlaganja o primjeni umjetne inteligencije u razli\u010ditim podru\u010djima dio su bogatog programa dvodnevne konferencije Umjetna inteligencija u Bosni i Hercegovini-istra\u017eivanje, primjena i perspektive razvoja koja je zapo\u010dela u \u010detvrtak, 14.4.2022. godine u prostorijama INTERA Tehnolo\u0161kog Parka. Konferencija, koju organizira Federalno ministarstvo obrazovanja i znanosti u suradnji s doma\u0107inom doga\u0111aja, stavlja fokus na iznimno aktualnu [&hellip;]","og_url":"https:\/\/radioljubuski.ba\/index.php\/2022\/04\/14\/pocela-prva-konferencija-o-umjetnoj-inteligenciji-u-bih\/","og_site_name":"RADIO LJUBU\u0160KI","article_publisher":"https:\/\/www.facebook.com\/Radiio-Ljubuski-1490835324566332","article_published_time":"2022-04-14T12:24:23+00:00","article_modified_time":"2022-04-14T12:24:25+00:00","og_image":[{"width":800,"height":550,"url":"https:\/\/radioljubuski.ba\/wp-content\/uploads\/2022\/04\/ai.jpg","type":"image\/jpeg"}],"author":"Radio Ljubu\u0161ki","twitter_card":"summary_large_image","twitter_creator":"@radioljubuski","twitter_site":"@radioljubuski","twitter_misc":{"Napisao\/la":"Radio Ljubu\u0161ki","Procijenjeno vrijeme \u010ditanja":"4 minute"},"schema":{"@context":"https:\/\/schema.org","@graph":[{"@type":"Article","@id":"https:\/\/radioljubuski.ba\/index.php\/2022\/04\/14\/pocela-prva-konferencija-o-umjetnoj-inteligenciji-u-bih\/#article","isPartOf":{"@id":"https:\/\/radioljubuski.ba\/index.php\/2022\/04\/14\/pocela-prva-konferencija-o-umjetnoj-inteligenciji-u-bih\/"},"author":{"name":"Radio Ljubu\u0161ki","@id":"https:\/\/radioljubuski.ba\/#\/schema\/person\/19fc700381a780f69665d7956c469e3b"},"headline":"Po\u010dela prva konferencija o umjetnoj inteligenciji u BiH","datePublished":"2022-04-14T12:24:23+00:00","dateModified":"2022-04-14T12:24:25+00:00","mainEntityOfPage":{"@id":"https:\/\/radioljubuski.ba\/index.php\/2022\/04\/14\/pocela-prva-konferencija-o-umjetnoj-inteligenciji-u-bih\/"},"wordCount":915,"publisher":{"@id":"https:\/\/radioljubuski.ba\/#organization"},"image":{"@id":"https:\/\/radioljubuski.ba\/index.php\/2022\/04\/14\/pocela-prva-konferencija-o-umjetnoj-inteligenciji-u-bih\/#primaryimage"},"thumbnailUrl":"https:\/\/radioljubuski.ba\/wp-content\/uploads\/2022\/04\/ai.jpg","articleSection":["BIH i regija"],"inLanguage":"hr"},{"@type":"WebPage","@id":"https:\/\/radioljubuski.ba\/index.php\/2022\/04\/14\/pocela-prva-konferencija-o-umjetnoj-inteligenciji-u-bih\/","url":"https:\/\/radioljubuski.ba\/index.php\/2022\/04\/14\/pocela-prva-konferencija-o-umjetnoj-inteligenciji-u-bih\/","name":"Po\u010dela prva konferencija o umjetnoj inteligenciji u BiH - RADIO LJUBU\u0160KI","isPartOf":{"@id":"https:\/\/radioljubuski.ba\/#website"},"primaryImageOfPage":{"@id":"https:\/\/radioljubuski.ba\/index.php\/2022\/04\/14\/pocela-prva-konferencija-o-umjetnoj-inteligenciji-u-bih\/#primaryimage"},"image":{"@id":"https:\/\/radioljubuski.ba\/index.php\/2022\/04\/14\/pocela-prva-konferencija-o-umjetnoj-inteligenciji-u-bih\/#primaryimage"},"thumbnailUrl":"https:\/\/radioljubuski.ba\/wp-content\/uploads\/2022\/04\/ai.jpg","datePublished":"2022-04-14T12:24:23+00:00","dateModified":"2022-04-14T12:24:25+00:00","breadcrumb":{"@id":"https:\/\/radioljubuski.ba\/index.php\/2022\/04\/14\/pocela-prva-konferencija-o-umjetnoj-inteligenciji-u-bih\/#breadcrumb"},"inLanguage":"hr","potentialAction":[{"@type":"ReadAction","target":["https:\/\/radioljubuski.ba\/index.php\/2022\/04\/14\/pocela-prva-konferencija-o-umjetnoj-inteligenciji-u-bih\/"]}]},{"@type":"ImageObject","inLanguage":"hr","@id":"https:\/\/radioljubuski.ba\/index.php\/2022\/04\/14\/pocela-prva-konferencija-o-umjetnoj-inteligenciji-u-bih\/#primaryimage","url":"https:\/\/radioljubuski.ba\/wp-content\/uploads\/2022\/04\/ai.jpg","contentUrl":"https:\/\/radioljubuski.ba\/wp-content\/uploads\/2022\/04\/ai.jpg","width":800,"height":550},{"@type":"BreadcrumbList","@id":"https:\/\/radioljubuski.ba\/index.php\/2022\/04\/14\/pocela-prva-konferencija-o-umjetnoj-inteligenciji-u-bih\/#breadcrumb","itemListElement":[{"@type":"ListItem","position":1,"name":"Po\u010detna stranica","item":"https:\/\/radioljubuski.ba\/"},{"@type":"ListItem","position":2,"name":"Po\u010dela prva konferencija o umjetnoj inteligenciji u BiH"}]},{"@type":"WebSite","@id":"https:\/\/radioljubuski.ba\/#website","url":"https:\/\/radioljubuski.ba\/","name":"Radio Ljubu\u0161ki","description":"Sun\u010dana frekvencija Hercegovine","publisher":{"@id":"https:\/\/radioljubuski.ba\/#organization"},"potentialAction":[{"@type":"SearchAction","target":{"@type":"EntryPoint","urlTemplate":"https:\/\/radioljubuski.ba\/?s={search_term_string}"},"query-input":{"@type":"PropertyValueSpecification","valueRequired":true,"valueName":"search_term_string"}}],"inLanguage":"hr"},{"@type":"Organization","@id":"https:\/\/radioljubuski.ba\/#organization","name":"Radio Ljubu\u0161ki","url":"https:\/\/radioljubuski.ba\/","logo":{"@type":"ImageObject","inLanguage":"hr","@id":"https:\/\/radioljubuski.ba\/#\/schema\/logo\/image\/","url":"https:\/\/radioljubuski.ba\/wp-content\/uploads\/2021\/02\/cropped-Radio_Ljubuski_logo1.jpg","contentUrl":"https:\/\/radioljubuski.ba\/wp-content\/uploads\/2021\/02\/cropped-Radio_Ljubuski_logo1.jpg","width":512,"height":512,"caption":"Radio Ljubu\u0161ki"},"image":{"@id":"https:\/\/radioljubuski.ba\/#\/schema\/logo\/image\/"},"sameAs":["https:\/\/www.facebook.com\/Radiio-Ljubuski-1490835324566332","https:\/\/x.com\/radioljubuski","https:\/\/hr.linkedin.com\/company\/radio-ljubuski","https:\/\/www.youtube.com\/channel\/UCHYaeO_n0Db3tjNGudGpXyw"]},{"@type":"Person","@id":"https:\/\/radioljubuski.ba\/#\/schema\/person\/19fc700381a780f69665d7956c469e3b","name":"Radio Ljubu\u0161ki"}]}},"_links":{"self":[{"href":"https:\/\/radioljubuski.ba\/index.php\/wp-json\/wp\/v2\/posts\/132575","targetHints":{"allow":["GET"]}}],"collection":[{"href":"https:\/\/radioljubuski.ba\/index.php\/wp-json\/wp\/v2\/posts"}],"about":[{"href":"https:\/\/radioljubuski.ba\/index.php\/wp-json\/wp\/v2\/types\/post"}],"author":[{"embeddable":true,"href":"https:\/\/radioljubuski.ba\/index.php\/wp-json\/wp\/v2\/users\/2"}],"replies":[{"embeddable":true,"href":"https:\/\/radioljubuski.ba\/index.php\/wp-json\/wp\/v2\/comments?post=132575"}],"version-history":[{"count":1,"href":"https:\/\/radioljubuski.ba\/index.php\/wp-json\/wp\/v2\/posts\/132575\/revisions"}],"predecessor-version":[{"id":132577,"href":"https:\/\/radioljubuski.ba\/index.php\/wp-json\/wp\/v2\/posts\/132575\/revisions\/132577"}],"wp:featuredmedia":[{"embeddable":true,"href":"https:\/\/radioljubuski.ba\/index.php\/wp-json\/wp\/v2\/media\/132576"}],"wp:attachment":[{"href":"https:\/\/radioljubuski.ba\/index.php\/wp-json\/wp\/v2\/media?parent=132575"}],"wp:term":[{"taxonomy":"category","embeddable":true,"href":"https:\/\/radioljubuski.ba\/index.php\/wp-json\/wp\/v2\/categories?post=132575"},{"taxonomy":"post_tag","embeddable":true,"href":"https:\/\/radioljubuski.ba\/index.php\/wp-json\/wp\/v2\/tags?post=132575"}],"curies":[{"name":"wp","href":"https:\/\/api.w.org\/{rel}","templated":true}]}}