{"id":132583,"date":"2022-04-14T14:00:17","date_gmt":"2022-04-14T13:00:17","guid":{"rendered":"https:\/\/radioljubuski.ba\/?p=132583"},"modified":"2022-04-14T14:00:18","modified_gmt":"2022-04-14T13:00:18","slug":"bivsi-vratar-izvidaca-vlasnik-je-hotela-u-medugorju-malo-nas-je-poremetila-ruska-invazija","status":"publish","type":"post","link":"https:\/\/radioljubuski.ba\/index.php\/2022\/04\/14\/bivsi-vratar-izvidaca-vlasnik-je-hotela-u-medugorju-malo-nas-je-poremetila-ruska-invazija\/","title":{"rendered":"Biv\u0161i vratar Izvi\u0111a\u010da vlasnik je hotela u Me\u0111ugorju: Malo nas je poremetila ruska invazija"},"content":{"rendered":"\n<p><strong>Marin \u0160ego (37) vratio se u hrvatsku rukometnu reprezentaciju nakon \u0161to je propustio nastup na Europskom prvenstvu u Ma\u0111arskoj i Slova\u010dkoj 2022. godine<\/strong>.<\/p>\n\n\n\n<p>Dodu\u0161e, zvao ga je izbornik Hrvoje Horvat i za taj turnir, no Marin se kao i brojni drugi na\u0161i rukometa\u0161i razbolio, imao je COVID-19. No to je sada iza njega i spreman o\u010dekuje nove reprezntativne akcije.<\/p>\n\n\n\n<p><strong>Lijepe uspomene na Kielce<\/strong><\/p>\n\n\n\n<p>\u2013 Dobar sam. U posljednje vrijeme puno branim u Montpellieru. Nisam branio samo na uzvratnoj utakmici protiv Porta u susretu osmine finala Lige prvaka. \u0160to se ti\u010de kluba, sve ide po planu, \u010dak i bolje nego \u0161to sam mislio. U drugom dijelu imamo gotovo sve skupine. Sada nas \u010deka Kielce u \u010detvrtfinalu. Igramo protiv kluba u kojem sam branio dvije sezone i u obje sezone s poljskom mom\u010dadi oti\u0161ao sam na zavr\u0161ni turnir Lige prvaka. Jednom smo i osvojili trofej. Ina\u010de, Montpellier ima dobar me\u0111usobni skor s poljskim sastavom. Imamo za sada tri ozlije\u0111ena igra\u010da, ali tako nam je ve\u0107 cijelu sezonu. Nikad nismo kompletni \u2013 rekao je \u0160ego.<\/p>\n\n\n\n<p><strong>Izgleda da vam je ovo posljednja sezona u Ligi prvaka?<\/strong><\/p>\n\n\n\n<p>\u2013 I meni se \u010dini. Naime, sljede\u0107e sezone branit \u0107u za njema\u010dki G\u00f6ppingen, a oni su daleko od nastupa u elitnom rukometnom natjecanju. Mo\u017eda sljede\u0107e sezone \u010dak ne\u0107u braniti ni u jednom europskom kupu. Dodu\u0161e, klub u kojem igraju na\u0161i Josip \u0160arac i Kre\u0161imir Kozina jo\u0161 se bori za mjesto u Europi. U ligi ima jo\u0161 dosta utakmica te je sve mogu\u0107e. Napunio sam 37 godina i potpisao ugovor na dvije godine, mislim da mi je ova sezona doista opro\u0161taj od Lige prvaka. I zato mi je \u017eelja da s Montpellierom jo\u0161 jednom zaigram u K\u00f6lnu, na zavr\u0161nom turniru \u2013 govori \u0160ego.<\/p>\n\n\n\n<p><strong>G\u00f6ppingen \u0107e biti deveti klub u kojem je \u0160ego branio. Po\u010deo je u mati\u0107nom Me\u0111ugorju, afirmirao se u Izvi\u0111a\u010du iz Ljubu\u0161kog, pa je branio za Zrinjski, Perutninu PIPO IPC, CO Zagreb, Wis\u0142u, Kielce, Szeged, Montpellier..<\/strong><\/p>\n\n\n\n<p>\u2013 Opet selidba. Ali, kako sam stariji, imam sve manje stvari za seliti pa mi to ne\u0107e biti preveliki problem. Kad su me pitali treba li mi kamion za selidbu, rekao sam da ne treba. S vama ide i motor? \u2013 Ne, on je u Me\u0111ugorju. \u010ceka da do\u0111em kad uhvatim slobodno vrijeme.<\/p>\n\n\n\n<p><strong>A \u0161tapovi za pecanje?<\/strong><\/p>\n\n\n\n<p>\u2013 Nisam siguran da u blizi G\u00f6ppingena ima nekakvu jezero ili rijeke gdje bih mogao pecati. Ali avionom sam za\u010das iz Stuttgarta u Splitu. Tako da \u0107u svaki slobodni trenutak iskoristiti da odem u na\u0161e krajeve \u2013 dodao je \u0160ego.<\/p>\n\n\n\n<p><strong>Ho\u0107e li ovog ljeta biti posla u hotelijerstvu?<\/strong><\/p>\n\n\n\n<p>\u2013 Moj hotel \u0107e raditi sigurno bolje nego u prija\u0161njim godinama kada je pandemija bila na vrhuncu. Dodu\u0161e, malo nas je poremetila ova invazija Rusije na Ukrajinu, ali mislim da \u0107e sezona biti vi\u0161e nego dobra \u2013 razmi\u0161lja \u0160ego.<\/p>\n\n\n\n<p><strong>Velika vam je \u017eelja braniti na Olimpijskim igrama?<\/strong><\/p>\n\n\n\n<p>\u2013 Istina. Propustio sam Igre u Tokiju, svi znamo kako su zavr\u0161ile one kvalifikacije u Montpellieru kada je Francuska neo\u010dekivano izgubila od Portugala.<\/p>\n\n\n\n<p><strong>Idealan opro\u0161taj od karijere bio bi nastup na Svjetskom prvenstvu 2025. godine Hrvatskoj?<\/strong><\/p>\n\n\n\n<p>\u2013 Uh, daleko je to \u2013 zaklju\u010dio je \u0160ego.<\/p>\n\n\n\n<p><strong>Izvor: iks-portal.info<\/strong><\/p>\n","protected":false},"excerpt":{"rendered":"<p>Marin \u0160ego (37) vratio se u hrvatsku rukometnu reprezentaciju nakon \u0161to je propustio nastup na Europskom prvenstvu u Ma\u0111arskoj i Slova\u010dkoj 2022. godine. Dodu\u0161e, zvao ga je izbornik Hrvoje Horvat i za taj turnir, no Marin se kao i brojni drugi na\u0161i rukometa\u0161i razbolio, imao je COVID-19. No to je sada iza njega i spreman [&hellip;]<\/p>\n","protected":false},"author":2,"featured_media":132584,"comment_status":"closed","ping_status":"closed","sticky":false,"template":"","format":"standard","meta":{"h5ap_radio_sources":[],"footnotes":""},"categories":[1],"tags":[],"class_list":["post-132583","post","type-post","status-publish","format-standard","has-post-thumbnail","hentry","category-bihiregija"],"yoast_head":"<!-- This site is optimized with the Yoast SEO plugin v27.5 - https:\/\/yoast.com\/product\/yoast-seo-wordpress\/ -->\n<title>Biv\u0161i vratar Izvi\u0111a\u010da vlasnik je hotela u Me\u0111ugorju: Malo nas je poremetila ruska invazija - RADIO LJUBU\u0160KI<\/title>\n<meta name=\"robots\" content=\"index, follow, max-snippet:-1, max-image-preview:large, max-video-preview:-1\" \/>\n<link rel=\"canonical\" href=\"https:\/\/radioljubuski.ba\/index.php\/2022\/04\/14\/bivsi-vratar-izvidaca-vlasnik-je-hotela-u-medugorju-malo-nas-je-poremetila-ruska-invazija\/\" \/>\n<meta property=\"og:locale\" content=\"hr_HR\" \/>\n<meta property=\"og:type\" content=\"article\" \/>\n<meta property=\"og:title\" content=\"Biv\u0161i vratar Izvi\u0111a\u010da vlasnik je hotela u Me\u0111ugorju: Malo nas je poremetila ruska invazija - RADIO LJUBU\u0160KI\" \/>\n<meta property=\"og:description\" content=\"Marin \u0160ego (37) vratio se u hrvatsku rukometnu reprezentaciju nakon \u0161to je propustio nastup na Europskom prvenstvu u Ma\u0111arskoj i Slova\u010dkoj 2022. godine. Dodu\u0161e, zvao ga je izbornik Hrvoje Horvat i za taj turnir, no Marin se kao i brojni drugi na\u0161i rukometa\u0161i razbolio, imao je COVID-19. No to je sada iza njega i spreman [&hellip;]\" \/>\n<meta property=\"og:url\" content=\"https:\/\/radioljubuski.ba\/index.php\/2022\/04\/14\/bivsi-vratar-izvidaca-vlasnik-je-hotela-u-medugorju-malo-nas-je-poremetila-ruska-invazija\/\" \/>\n<meta property=\"og:site_name\" content=\"RADIO LJUBU\u0160KI\" \/>\n<meta property=\"article:publisher\" content=\"https:\/\/www.facebook.com\/Radiio-Ljubuski-1490835324566332\" \/>\n<meta property=\"article:published_time\" content=\"2022-04-14T13:00:17+00:00\" \/>\n<meta property=\"article:modified_time\" content=\"2022-04-14T13:00:18+00:00\" \/>\n<meta property=\"og:image\" content=\"https:\/\/radioljubuski.ba\/wp-content\/uploads\/2022\/04\/sego.jpg\" \/>\n\t<meta property=\"og:image:width\" content=\"1024\" \/>\n\t<meta property=\"og:image:height\" content=\"708\" \/>\n\t<meta property=\"og:image:type\" content=\"image\/jpeg\" \/>\n<meta name=\"author\" content=\"Radio Ljubu\u0161ki\" \/>\n<meta name=\"twitter:card\" content=\"summary_large_image\" \/>\n<meta name=\"twitter:creator\" content=\"@radioljubuski\" \/>\n<meta name=\"twitter:site\" content=\"@radioljubuski\" \/>\n<meta name=\"twitter:label1\" content=\"Napisao\/la\" \/>\n\t<meta name=\"twitter:data1\" content=\"Radio Ljubu\u0161ki\" \/>\n\t<meta name=\"twitter:label2\" content=\"Procijenjeno vrijeme \u010ditanja\" \/>\n\t<meta name=\"twitter:data2\" content=\"3 minute\" \/>\n<script type=\"application\/ld+json\" class=\"yoast-schema-graph\">{\"@context\":\"https:\\\/\\\/schema.org\",\"@graph\":[{\"@type\":\"Article\",\"@id\":\"https:\\\/\\\/radioljubuski.ba\\\/index.php\\\/2022\\\/04\\\/14\\\/bivsi-vratar-izvidaca-vlasnik-je-hotela-u-medugorju-malo-nas-je-poremetila-ruska-invazija\\\/#article\",\"isPartOf\":{\"@id\":\"https:\\\/\\\/radioljubuski.ba\\\/index.php\\\/2022\\\/04\\\/14\\\/bivsi-vratar-izvidaca-vlasnik-je-hotela-u-medugorju-malo-nas-je-poremetila-ruska-invazija\\\/\"},\"author\":{\"name\":\"Radio Ljubu\u0161ki\",\"@id\":\"https:\\\/\\\/radioljubuski.ba\\\/#\\\/schema\\\/person\\\/19fc700381a780f69665d7956c469e3b\"},\"headline\":\"Biv\u0161i vratar Izvi\u0111a\u010da vlasnik je hotela u Me\u0111ugorju: Malo nas je poremetila ruska invazija\",\"datePublished\":\"2022-04-14T13:00:17+00:00\",\"dateModified\":\"2022-04-14T13:00:18+00:00\",\"mainEntityOfPage\":{\"@id\":\"https:\\\/\\\/radioljubuski.ba\\\/index.php\\\/2022\\\/04\\\/14\\\/bivsi-vratar-izvidaca-vlasnik-je-hotela-u-medugorju-malo-nas-je-poremetila-ruska-invazija\\\/\"},\"wordCount\":570,\"publisher\":{\"@id\":\"https:\\\/\\\/radioljubuski.ba\\\/#organization\"},\"image\":{\"@id\":\"https:\\\/\\\/radioljubuski.ba\\\/index.php\\\/2022\\\/04\\\/14\\\/bivsi-vratar-izvidaca-vlasnik-je-hotela-u-medugorju-malo-nas-je-poremetila-ruska-invazija\\\/#primaryimage\"},\"thumbnailUrl\":\"https:\\\/\\\/radioljubuski.ba\\\/wp-content\\\/uploads\\\/2022\\\/04\\\/sego.jpg\",\"articleSection\":[\"BIH i regija\"],\"inLanguage\":\"hr\"},{\"@type\":\"WebPage\",\"@id\":\"https:\\\/\\\/radioljubuski.ba\\\/index.php\\\/2022\\\/04\\\/14\\\/bivsi-vratar-izvidaca-vlasnik-je-hotela-u-medugorju-malo-nas-je-poremetila-ruska-invazija\\\/\",\"url\":\"https:\\\/\\\/radioljubuski.ba\\\/index.php\\\/2022\\\/04\\\/14\\\/bivsi-vratar-izvidaca-vlasnik-je-hotela-u-medugorju-malo-nas-je-poremetila-ruska-invazija\\\/\",\"name\":\"Biv\u0161i vratar Izvi\u0111a\u010da vlasnik je hotela u Me\u0111ugorju: Malo nas je poremetila ruska invazija - RADIO LJUBU\u0160KI\",\"isPartOf\":{\"@id\":\"https:\\\/\\\/radioljubuski.ba\\\/#website\"},\"primaryImageOfPage\":{\"@id\":\"https:\\\/\\\/radioljubuski.ba\\\/index.php\\\/2022\\\/04\\\/14\\\/bivsi-vratar-izvidaca-vlasnik-je-hotela-u-medugorju-malo-nas-je-poremetila-ruska-invazija\\\/#primaryimage\"},\"image\":{\"@id\":\"https:\\\/\\\/radioljubuski.ba\\\/index.php\\\/2022\\\/04\\\/14\\\/bivsi-vratar-izvidaca-vlasnik-je-hotela-u-medugorju-malo-nas-je-poremetila-ruska-invazija\\\/#primaryimage\"},\"thumbnailUrl\":\"https:\\\/\\\/radioljubuski.ba\\\/wp-content\\\/uploads\\\/2022\\\/04\\\/sego.jpg\",\"datePublished\":\"2022-04-14T13:00:17+00:00\",\"dateModified\":\"2022-04-14T13:00:18+00:00\",\"breadcrumb\":{\"@id\":\"https:\\\/\\\/radioljubuski.ba\\\/index.php\\\/2022\\\/04\\\/14\\\/bivsi-vratar-izvidaca-vlasnik-je-hotela-u-medugorju-malo-nas-je-poremetila-ruska-invazija\\\/#breadcrumb\"},\"inLanguage\":\"hr\",\"potentialAction\":[{\"@type\":\"ReadAction\",\"target\":[\"https:\\\/\\\/radioljubuski.ba\\\/index.php\\\/2022\\\/04\\\/14\\\/bivsi-vratar-izvidaca-vlasnik-je-hotela-u-medugorju-malo-nas-je-poremetila-ruska-invazija\\\/\"]}]},{\"@type\":\"ImageObject\",\"inLanguage\":\"hr\",\"@id\":\"https:\\\/\\\/radioljubuski.ba\\\/index.php\\\/2022\\\/04\\\/14\\\/bivsi-vratar-izvidaca-vlasnik-je-hotela-u-medugorju-malo-nas-je-poremetila-ruska-invazija\\\/#primaryimage\",\"url\":\"https:\\\/\\\/radioljubuski.ba\\\/wp-content\\\/uploads\\\/2022\\\/04\\\/sego.jpg\",\"contentUrl\":\"https:\\\/\\\/radioljubuski.ba\\\/wp-content\\\/uploads\\\/2022\\\/04\\\/sego.jpg\",\"width\":1024,\"height\":708},{\"@type\":\"BreadcrumbList\",\"@id\":\"https:\\\/\\\/radioljubuski.ba\\\/index.php\\\/2022\\\/04\\\/14\\\/bivsi-vratar-izvidaca-vlasnik-je-hotela-u-medugorju-malo-nas-je-poremetila-ruska-invazija\\\/#breadcrumb\",\"itemListElement\":[{\"@type\":\"ListItem\",\"position\":1,\"name\":\"Po\u010detna stranica\",\"item\":\"https:\\\/\\\/radioljubuski.ba\\\/\"},{\"@type\":\"ListItem\",\"position\":2,\"name\":\"Biv\u0161i vratar Izvi\u0111a\u010da vlasnik je hotela u Me\u0111ugorju: Malo nas je poremetila ruska invazija\"}]},{\"@type\":\"WebSite\",\"@id\":\"https:\\\/\\\/radioljubuski.ba\\\/#website\",\"url\":\"https:\\\/\\\/radioljubuski.ba\\\/\",\"name\":\"Radio Ljubu\u0161ki\",\"description\":\"Sun\u010dana frekvencija Hercegovine\",\"publisher\":{\"@id\":\"https:\\\/\\\/radioljubuski.ba\\\/#organization\"},\"potentialAction\":[{\"@type\":\"SearchAction\",\"target\":{\"@type\":\"EntryPoint\",\"urlTemplate\":\"https:\\\/\\\/radioljubuski.ba\\\/?s={search_term_string}\"},\"query-input\":{\"@type\":\"PropertyValueSpecification\",\"valueRequired\":true,\"valueName\":\"search_term_string\"}}],\"inLanguage\":\"hr\"},{\"@type\":\"Organization\",\"@id\":\"https:\\\/\\\/radioljubuski.ba\\\/#organization\",\"name\":\"Radio Ljubu\u0161ki\",\"url\":\"https:\\\/\\\/radioljubuski.ba\\\/\",\"logo\":{\"@type\":\"ImageObject\",\"inLanguage\":\"hr\",\"@id\":\"https:\\\/\\\/radioljubuski.ba\\\/#\\\/schema\\\/logo\\\/image\\\/\",\"url\":\"https:\\\/\\\/radioljubuski.ba\\\/wp-content\\\/uploads\\\/2021\\\/02\\\/cropped-Radio_Ljubuski_logo1.jpg\",\"contentUrl\":\"https:\\\/\\\/radioljubuski.ba\\\/wp-content\\\/uploads\\\/2021\\\/02\\\/cropped-Radio_Ljubuski_logo1.jpg\",\"width\":512,\"height\":512,\"caption\":\"Radio Ljubu\u0161ki\"},\"image\":{\"@id\":\"https:\\\/\\\/radioljubuski.ba\\\/#\\\/schema\\\/logo\\\/image\\\/\"},\"sameAs\":[\"https:\\\/\\\/www.facebook.com\\\/Radiio-Ljubuski-1490835324566332\",\"https:\\\/\\\/x.com\\\/radioljubuski\",\"https:\\\/\\\/hr.linkedin.com\\\/company\\\/radio-ljubuski\",\"https:\\\/\\\/www.youtube.com\\\/channel\\\/UCHYaeO_n0Db3tjNGudGpXyw\"]},{\"@type\":\"Person\",\"@id\":\"https:\\\/\\\/radioljubuski.ba\\\/#\\\/schema\\\/person\\\/19fc700381a780f69665d7956c469e3b\",\"name\":\"Radio Ljubu\u0161ki\"}]}<\/script>\n<!-- \/ Yoast SEO plugin. -->","yoast_head_json":{"title":"Biv\u0161i vratar Izvi\u0111a\u010da vlasnik je hotela u Me\u0111ugorju: Malo nas je poremetila ruska invazija - RADIO LJUBU\u0160KI","robots":{"index":"index","follow":"follow","max-snippet":"max-snippet:-1","max-image-preview":"max-image-preview:large","max-video-preview":"max-video-preview:-1"},"canonical":"https:\/\/radioljubuski.ba\/index.php\/2022\/04\/14\/bivsi-vratar-izvidaca-vlasnik-je-hotela-u-medugorju-malo-nas-je-poremetila-ruska-invazija\/","og_locale":"hr_HR","og_type":"article","og_title":"Biv\u0161i vratar Izvi\u0111a\u010da vlasnik je hotela u Me\u0111ugorju: Malo nas je poremetila ruska invazija - RADIO LJUBU\u0160KI","og_description":"Marin \u0160ego (37) vratio se u hrvatsku rukometnu reprezentaciju nakon \u0161to je propustio nastup na Europskom prvenstvu u Ma\u0111arskoj i Slova\u010dkoj 2022. godine. Dodu\u0161e, zvao ga je izbornik Hrvoje Horvat i za taj turnir, no Marin se kao i brojni drugi na\u0161i rukometa\u0161i razbolio, imao je COVID-19. No to je sada iza njega i spreman [&hellip;]","og_url":"https:\/\/radioljubuski.ba\/index.php\/2022\/04\/14\/bivsi-vratar-izvidaca-vlasnik-je-hotela-u-medugorju-malo-nas-je-poremetila-ruska-invazija\/","og_site_name":"RADIO LJUBU\u0160KI","article_publisher":"https:\/\/www.facebook.com\/Radiio-Ljubuski-1490835324566332","article_published_time":"2022-04-14T13:00:17+00:00","article_modified_time":"2022-04-14T13:00:18+00:00","og_image":[{"width":1024,"height":708,"url":"https:\/\/radioljubuski.ba\/wp-content\/uploads\/2022\/04\/sego.jpg","type":"image\/jpeg"}],"author":"Radio Ljubu\u0161ki","twitter_card":"summary_large_image","twitter_creator":"@radioljubuski","twitter_site":"@radioljubuski","twitter_misc":{"Napisao\/la":"Radio Ljubu\u0161ki","Procijenjeno vrijeme \u010ditanja":"3 minute"},"schema":{"@context":"https:\/\/schema.org","@graph":[{"@type":"Article","@id":"https:\/\/radioljubuski.ba\/index.php\/2022\/04\/14\/bivsi-vratar-izvidaca-vlasnik-je-hotela-u-medugorju-malo-nas-je-poremetila-ruska-invazija\/#article","isPartOf":{"@id":"https:\/\/radioljubuski.ba\/index.php\/2022\/04\/14\/bivsi-vratar-izvidaca-vlasnik-je-hotela-u-medugorju-malo-nas-je-poremetila-ruska-invazija\/"},"author":{"name":"Radio Ljubu\u0161ki","@id":"https:\/\/radioljubuski.ba\/#\/schema\/person\/19fc700381a780f69665d7956c469e3b"},"headline":"Biv\u0161i vratar Izvi\u0111a\u010da vlasnik je hotela u Me\u0111ugorju: Malo nas je poremetila ruska invazija","datePublished":"2022-04-14T13:00:17+00:00","dateModified":"2022-04-14T13:00:18+00:00","mainEntityOfPage":{"@id":"https:\/\/radioljubuski.ba\/index.php\/2022\/04\/14\/bivsi-vratar-izvidaca-vlasnik-je-hotela-u-medugorju-malo-nas-je-poremetila-ruska-invazija\/"},"wordCount":570,"publisher":{"@id":"https:\/\/radioljubuski.ba\/#organization"},"image":{"@id":"https:\/\/radioljubuski.ba\/index.php\/2022\/04\/14\/bivsi-vratar-izvidaca-vlasnik-je-hotela-u-medugorju-malo-nas-je-poremetila-ruska-invazija\/#primaryimage"},"thumbnailUrl":"https:\/\/radioljubuski.ba\/wp-content\/uploads\/2022\/04\/sego.jpg","articleSection":["BIH i regija"],"inLanguage":"hr"},{"@type":"WebPage","@id":"https:\/\/radioljubuski.ba\/index.php\/2022\/04\/14\/bivsi-vratar-izvidaca-vlasnik-je-hotela-u-medugorju-malo-nas-je-poremetila-ruska-invazija\/","url":"https:\/\/radioljubuski.ba\/index.php\/2022\/04\/14\/bivsi-vratar-izvidaca-vlasnik-je-hotela-u-medugorju-malo-nas-je-poremetila-ruska-invazija\/","name":"Biv\u0161i vratar Izvi\u0111a\u010da vlasnik je hotela u Me\u0111ugorju: Malo nas je poremetila ruska invazija - RADIO LJUBU\u0160KI","isPartOf":{"@id":"https:\/\/radioljubuski.ba\/#website"},"primaryImageOfPage":{"@id":"https:\/\/radioljubuski.ba\/index.php\/2022\/04\/14\/bivsi-vratar-izvidaca-vlasnik-je-hotela-u-medugorju-malo-nas-je-poremetila-ruska-invazija\/#primaryimage"},"image":{"@id":"https:\/\/radioljubuski.ba\/index.php\/2022\/04\/14\/bivsi-vratar-izvidaca-vlasnik-je-hotela-u-medugorju-malo-nas-je-poremetila-ruska-invazija\/#primaryimage"},"thumbnailUrl":"https:\/\/radioljubuski.ba\/wp-content\/uploads\/2022\/04\/sego.jpg","datePublished":"2022-04-14T13:00:17+00:00","dateModified":"2022-04-14T13:00:18+00:00","breadcrumb":{"@id":"https:\/\/radioljubuski.ba\/index.php\/2022\/04\/14\/bivsi-vratar-izvidaca-vlasnik-je-hotela-u-medugorju-malo-nas-je-poremetila-ruska-invazija\/#breadcrumb"},"inLanguage":"hr","potentialAction":[{"@type":"ReadAction","target":["https:\/\/radioljubuski.ba\/index.php\/2022\/04\/14\/bivsi-vratar-izvidaca-vlasnik-je-hotela-u-medugorju-malo-nas-je-poremetila-ruska-invazija\/"]}]},{"@type":"ImageObject","inLanguage":"hr","@id":"https:\/\/radioljubuski.ba\/index.php\/2022\/04\/14\/bivsi-vratar-izvidaca-vlasnik-je-hotela-u-medugorju-malo-nas-je-poremetila-ruska-invazija\/#primaryimage","url":"https:\/\/radioljubuski.ba\/wp-content\/uploads\/2022\/04\/sego.jpg","contentUrl":"https:\/\/radioljubuski.ba\/wp-content\/uploads\/2022\/04\/sego.jpg","width":1024,"height":708},{"@type":"BreadcrumbList","@id":"https:\/\/radioljubuski.ba\/index.php\/2022\/04\/14\/bivsi-vratar-izvidaca-vlasnik-je-hotela-u-medugorju-malo-nas-je-poremetila-ruska-invazija\/#breadcrumb","itemListElement":[{"@type":"ListItem","position":1,"name":"Po\u010detna stranica","item":"https:\/\/radioljubuski.ba\/"},{"@type":"ListItem","position":2,"name":"Biv\u0161i vratar Izvi\u0111a\u010da vlasnik je hotela u Me\u0111ugorju: Malo nas je poremetila ruska invazija"}]},{"@type":"WebSite","@id":"https:\/\/radioljubuski.ba\/#website","url":"https:\/\/radioljubuski.ba\/","name":"Radio Ljubu\u0161ki","description":"Sun\u010dana frekvencija Hercegovine","publisher":{"@id":"https:\/\/radioljubuski.ba\/#organization"},"potentialAction":[{"@type":"SearchAction","target":{"@type":"EntryPoint","urlTemplate":"https:\/\/radioljubuski.ba\/?s={search_term_string}"},"query-input":{"@type":"PropertyValueSpecification","valueRequired":true,"valueName":"search_term_string"}}],"inLanguage":"hr"},{"@type":"Organization","@id":"https:\/\/radioljubuski.ba\/#organization","name":"Radio Ljubu\u0161ki","url":"https:\/\/radioljubuski.ba\/","logo":{"@type":"ImageObject","inLanguage":"hr","@id":"https:\/\/radioljubuski.ba\/#\/schema\/logo\/image\/","url":"https:\/\/radioljubuski.ba\/wp-content\/uploads\/2021\/02\/cropped-Radio_Ljubuski_logo1.jpg","contentUrl":"https:\/\/radioljubuski.ba\/wp-content\/uploads\/2021\/02\/cropped-Radio_Ljubuski_logo1.jpg","width":512,"height":512,"caption":"Radio Ljubu\u0161ki"},"image":{"@id":"https:\/\/radioljubuski.ba\/#\/schema\/logo\/image\/"},"sameAs":["https:\/\/www.facebook.com\/Radiio-Ljubuski-1490835324566332","https:\/\/x.com\/radioljubuski","https:\/\/hr.linkedin.com\/company\/radio-ljubuski","https:\/\/www.youtube.com\/channel\/UCHYaeO_n0Db3tjNGudGpXyw"]},{"@type":"Person","@id":"https:\/\/radioljubuski.ba\/#\/schema\/person\/19fc700381a780f69665d7956c469e3b","name":"Radio Ljubu\u0161ki"}]}},"_links":{"self":[{"href":"https:\/\/radioljubuski.ba\/index.php\/wp-json\/wp\/v2\/posts\/132583","targetHints":{"allow":["GET"]}}],"collection":[{"href":"https:\/\/radioljubuski.ba\/index.php\/wp-json\/wp\/v2\/posts"}],"about":[{"href":"https:\/\/radioljubuski.ba\/index.php\/wp-json\/wp\/v2\/types\/post"}],"author":[{"embeddable":true,"href":"https:\/\/radioljubuski.ba\/index.php\/wp-json\/wp\/v2\/users\/2"}],"replies":[{"embeddable":true,"href":"https:\/\/radioljubuski.ba\/index.php\/wp-json\/wp\/v2\/comments?post=132583"}],"version-history":[{"count":1,"href":"https:\/\/radioljubuski.ba\/index.php\/wp-json\/wp\/v2\/posts\/132583\/revisions"}],"predecessor-version":[{"id":132585,"href":"https:\/\/radioljubuski.ba\/index.php\/wp-json\/wp\/v2\/posts\/132583\/revisions\/132585"}],"wp:featuredmedia":[{"embeddable":true,"href":"https:\/\/radioljubuski.ba\/index.php\/wp-json\/wp\/v2\/media\/132584"}],"wp:attachment":[{"href":"https:\/\/radioljubuski.ba\/index.php\/wp-json\/wp\/v2\/media?parent=132583"}],"wp:term":[{"taxonomy":"category","embeddable":true,"href":"https:\/\/radioljubuski.ba\/index.php\/wp-json\/wp\/v2\/categories?post=132583"},{"taxonomy":"post_tag","embeddable":true,"href":"https:\/\/radioljubuski.ba\/index.php\/wp-json\/wp\/v2\/tags?post=132583"}],"curies":[{"name":"wp","href":"https:\/\/api.w.org\/{rel}","templated":true}]}}