{"id":132586,"date":"2022-04-14T14:02:55","date_gmt":"2022-04-14T13:02:55","guid":{"rendered":"https:\/\/radioljubuski.ba\/?p=132586"},"modified":"2022-04-14T14:03:18","modified_gmt":"2022-04-14T13:03:18","slug":"zovko-i-sitarski-o-utjecaju-rata-u-ukrajini-na-balkan-i-izbore-u-bih","status":"publish","type":"post","link":"https:\/\/radioljubuski.ba\/index.php\/2022\/04\/14\/zovko-i-sitarski-o-utjecaju-rata-u-ukrajini-na-balkan-i-izbore-u-bih\/","title":{"rendered":"Zovko i Sitarski o utjecaju rata u Ukrajini na Balkan i izbore u BiH"},"content":{"rendered":"\n<p>O utjecaju ukrajinsko-ruskog rata na Balkan i izborima u BiH te promjenama izbornog zakona u Jutarnjem kolegiju emisije \u201cDobro jutro, Hrvatska\u201d na HRT-u govorili su \u017deljana Zovko i Milan Sitarski.<br>Bosnu i Hercegovinu najesen o\u010dekuju novi izbori, sa ili bez novog izbornog zakona. Europski i ameri\u010dki posrednici poku\u0161ali su posti\u0107i kompromis s Hrvatima i Bo\u0161njacima.<\/p>\n\n\n\n<p>Premijer Andrej Plenkovi\u0107 je na protekloj sjednici Europskog vije\u0107a ishodio zaklju\u010dke da do promjene izbornog zakona treba do\u0107i i da se treba u\u010diniti posljednji korak kako bi se izbori odr\u017eali prema izbornom zakonu, koji je prilago\u0111en presudama Ustavnog suda Bosne i Hercegovine i me\u0111unarodnih sudova, podsjetila je zastupnica u Europskom parlamentu \u017deljana Zovko te dodala da izjave Bakira Izetbegovi\u0107a nisu na tom tragu.<\/p>\n\n\n\n<p>Odustaje se od napora europske i ameri\u010dke administracije i ne \u017eeli se i\u0107i u taj posljednji korak prema pregovorima. Ja jo\u0161 uvijek gajim nadu da postoji volja i snage od strane bo\u0161nja\u010dkih partnera u Federaciji BiH da se organizira posljednji susret, ka\u017ee Zovko.<\/p>\n\n\n\n<p>Putem Skype veze javio se i Milan Sitarski, neovisni analiti\u010dar i \u010dlan stru\u010dnog tima Instituta za dru\u0161tveno-politi\u010dka pitanja u Mostaru, te prokomentirao okolnosti rata u Ukrajini i europske sankcije prema Moskvi.<\/p>\n\n\n\n<p><strong>Sitarski: Putin mo\u017ee i\u0107i jako daleko<\/strong><br><strong><br><\/strong>Ruskom predsjedniku Vladimiru Putinu je zasigurno u interesu destabilizacija Europe, a najpogodnije podru\u010dje za to mu je zapadni Balkan.<\/p>\n\n\n\n<p>\u010cini mi se da je u ovih skoro dva mjeseca rata do\u0161lo do privremenog otrije\u017enjenja mnogih doma\u0107ih aktera koji su se pona\u0161ali nesukladno ustavu Bosne i Hercegovine. Milorad Dodik je imao poku\u0161aj prilago\u0111avanja novonastaloj situaciji kad je shvatio da \u0107e Rusija na podru\u010dju cijele Europe biti tretirana kao prijete\u0107i faktor, te da savezni\u0161tvo s njom mo\u017ee samo \u0161tetiti onome tko ga prakticira. Ne znam ho\u0107e li on ostati pri tom pomirljivom stavu, ka\u017ee Sitarski za HRT.<\/p>\n\n\n\n<p>Postoji mogu\u0107nost da Putin na Europu odlu\u010di djelovati preko Aleksandra Vu\u010di\u0107a u Srbiji, no smatra kako bilo kakav poku\u0161aj utjecaja ne\u0107e imati velikog u\u010dinka u Bosni i Hercegovini, kao ni na ostatku Balkana.<\/p>\n\n\n\n<p>S obzirom na to da se Hrvati i Bo\u0161njaci ne mogu dogovoriti oko izbornog zakona, Dodik je na neki na\u010din postao \u201csaveznik iz nu\u017ede\u201d Hrvatima.<\/p>\n\n\n\n<p>Zovko napominje da su kroz zadnjih 25 godina Hrvati u BiH potisnuti kako bi postali manjina te izgubili sve ono \u0161to su stekli Daytonsko-pari\u0161kim mirovnim sporazumom.<\/p>\n\n\n\n<p>To je ote\u017ealo njihov polo\u017eaj, na svakom koraku imate jedan veliki lobi koji apsolutno vra\u0107a \u010ditavu retoriku na stanje rata, jedino im kriza odgovara da zadaju taj zadnji udarac za Hrvate te da dovedu Federaciju na istu razinu na kojoj je Republika Srpska \u2013 dva entiteta koji \u0107e polako razdvojiti Bosnu i Hercegovinu. To je veliki uteg. Postoji stanje \u201czamrznutog mira\u201d gdje ustav nije rije\u0161en, a ne zna se tko \u0107e izdr\u017eati u toj igri i kakav \u0107e biti krajnji ishod. U ovom trenutku Dodiku odgovara da se Hrvati bore s Bo\u0161njacima na me\u0111unarodnoj sceni, rekla je Zovko.<\/p>\n\n\n\n<p>U Federaciji BiH, ka\u017ee Sitarski, postoji gra\u0111anska komponenta koja se stalno pre\u0161u\u0107uje.<\/p>\n\n\n\n<p>I na dr\u017eavnoj i na federalnoj razini, a to su zastupni\u010dki domovi koji se biraju po na\u010delu jedan \u010dovjek, jedan glas. Nitko ne negira da to tako treba biti, ni Dodik. S druge strane, postoji druga vrsta organa vlasti, ona namijenjena predstavljanju konstitutivnih sastavnica. To dvojstvo organa tijela vlasti koje postoji u BiH, kao i u svakoj federaciji na planeti, se pre\u0161u\u0107uje.<\/p>\n\n\n\n<p>Postoji tendencija da se hrvatsko zalaganje za federalizam predstavlja kao separatizam, a negira se \u010dinjenica da nitko ne osporava postojanje zastupni\u010dkih domova. Prakti\u010dki su separatizam i unitarizam u BiH u nekoj vrsti funkcionalne simbioze koja vodi produbljenju dvoentitetske podjele, i dovodi do potpune disfunkcionalnosti Bosne i Hercegovine, zaklju\u010duje Sitarski.<\/p>\n\n\n\n<p><strong>Izvor. Jabuka.tv<\/strong><\/p>\n","protected":false},"excerpt":{"rendered":"<p>O utjecaju ukrajinsko-ruskog rata na Balkan i izborima u BiH te promjenama izbornog zakona u Jutarnjem kolegiju emisije \u201cDobro jutro, Hrvatska\u201d na HRT-u govorili su \u017deljana Zovko i Milan Sitarski.Bosnu i Hercegovinu najesen o\u010dekuju novi izbori, sa ili bez novog izbornog zakona. Europski i ameri\u010dki posrednici poku\u0161ali su posti\u0107i kompromis s Hrvatima i Bo\u0161njacima. Premijer [&hellip;]<\/p>\n","protected":false},"author":2,"featured_media":132587,"comment_status":"closed","ping_status":"closed","sticky":false,"template":"","format":"standard","meta":{"h5ap_radio_sources":[],"footnotes":""},"categories":[1],"tags":[],"class_list":["post-132586","post","type-post","status-publish","format-standard","has-post-thumbnail","hentry","category-bihiregija"],"yoast_head":"<!-- This site is optimized with the Yoast SEO plugin v27.5 - https:\/\/yoast.com\/product\/yoast-seo-wordpress\/ -->\n<title>Zovko i Sitarski o utjecaju rata u Ukrajini na Balkan i izbore u BiH - RADIO LJUBU\u0160KI<\/title>\n<meta name=\"robots\" content=\"index, follow, max-snippet:-1, max-image-preview:large, max-video-preview:-1\" \/>\n<link rel=\"canonical\" href=\"https:\/\/radioljubuski.ba\/index.php\/2022\/04\/14\/zovko-i-sitarski-o-utjecaju-rata-u-ukrajini-na-balkan-i-izbore-u-bih\/\" \/>\n<meta property=\"og:locale\" content=\"hr_HR\" \/>\n<meta property=\"og:type\" content=\"article\" \/>\n<meta property=\"og:title\" content=\"Zovko i Sitarski o utjecaju rata u Ukrajini na Balkan i izbore u BiH - RADIO LJUBU\u0160KI\" \/>\n<meta property=\"og:description\" content=\"O utjecaju ukrajinsko-ruskog rata na Balkan i izborima u BiH te promjenama izbornog zakona u Jutarnjem kolegiju emisije \u201cDobro jutro, Hrvatska\u201d na HRT-u govorili su \u017deljana Zovko i Milan Sitarski.Bosnu i Hercegovinu najesen o\u010dekuju novi izbori, sa ili bez novog izbornog zakona. Europski i ameri\u010dki posrednici poku\u0161ali su posti\u0107i kompromis s Hrvatima i Bo\u0161njacima. Premijer [&hellip;]\" \/>\n<meta property=\"og:url\" content=\"https:\/\/radioljubuski.ba\/index.php\/2022\/04\/14\/zovko-i-sitarski-o-utjecaju-rata-u-ukrajini-na-balkan-i-izbore-u-bih\/\" \/>\n<meta property=\"og:site_name\" content=\"RADIO LJUBU\u0160KI\" \/>\n<meta property=\"article:publisher\" content=\"https:\/\/www.facebook.com\/Radiio-Ljubuski-1490835324566332\" \/>\n<meta property=\"article:published_time\" content=\"2022-04-14T13:02:55+00:00\" \/>\n<meta property=\"article:modified_time\" content=\"2022-04-14T13:03:18+00:00\" \/>\n<meta property=\"og:image\" content=\"https:\/\/radioljubuski.ba\/wp-content\/uploads\/2022\/04\/zovko-sitarski.jpg\" \/>\n\t<meta property=\"og:image:width\" content=\"810\" \/>\n\t<meta property=\"og:image:height\" content=\"524\" \/>\n\t<meta property=\"og:image:type\" content=\"image\/jpeg\" \/>\n<meta name=\"author\" content=\"Radio Ljubu\u0161ki\" \/>\n<meta name=\"twitter:card\" content=\"summary_large_image\" \/>\n<meta name=\"twitter:creator\" content=\"@radioljubuski\" \/>\n<meta name=\"twitter:site\" content=\"@radioljubuski\" \/>\n<meta name=\"twitter:label1\" content=\"Napisao\/la\" \/>\n\t<meta name=\"twitter:data1\" content=\"Radio Ljubu\u0161ki\" \/>\n\t<meta name=\"twitter:label2\" content=\"Procijenjeno vrijeme \u010ditanja\" \/>\n\t<meta name=\"twitter:data2\" content=\"3 minute\" \/>\n<script type=\"application\/ld+json\" class=\"yoast-schema-graph\">{\"@context\":\"https:\\\/\\\/schema.org\",\"@graph\":[{\"@type\":\"Article\",\"@id\":\"https:\\\/\\\/radioljubuski.ba\\\/index.php\\\/2022\\\/04\\\/14\\\/zovko-i-sitarski-o-utjecaju-rata-u-ukrajini-na-balkan-i-izbore-u-bih\\\/#article\",\"isPartOf\":{\"@id\":\"https:\\\/\\\/radioljubuski.ba\\\/index.php\\\/2022\\\/04\\\/14\\\/zovko-i-sitarski-o-utjecaju-rata-u-ukrajini-na-balkan-i-izbore-u-bih\\\/\"},\"author\":{\"name\":\"Radio Ljubu\u0161ki\",\"@id\":\"https:\\\/\\\/radioljubuski.ba\\\/#\\\/schema\\\/person\\\/19fc700381a780f69665d7956c469e3b\"},\"headline\":\"Zovko i Sitarski o utjecaju rata u Ukrajini na Balkan i izbore u BiH\",\"datePublished\":\"2022-04-14T13:02:55+00:00\",\"dateModified\":\"2022-04-14T13:03:18+00:00\",\"mainEntityOfPage\":{\"@id\":\"https:\\\/\\\/radioljubuski.ba\\\/index.php\\\/2022\\\/04\\\/14\\\/zovko-i-sitarski-o-utjecaju-rata-u-ukrajini-na-balkan-i-izbore-u-bih\\\/\"},\"wordCount\":680,\"publisher\":{\"@id\":\"https:\\\/\\\/radioljubuski.ba\\\/#organization\"},\"image\":{\"@id\":\"https:\\\/\\\/radioljubuski.ba\\\/index.php\\\/2022\\\/04\\\/14\\\/zovko-i-sitarski-o-utjecaju-rata-u-ukrajini-na-balkan-i-izbore-u-bih\\\/#primaryimage\"},\"thumbnailUrl\":\"https:\\\/\\\/radioljubuski.ba\\\/wp-content\\\/uploads\\\/2022\\\/04\\\/zovko-sitarski.jpg\",\"articleSection\":[\"BIH i regija\"],\"inLanguage\":\"hr\"},{\"@type\":\"WebPage\",\"@id\":\"https:\\\/\\\/radioljubuski.ba\\\/index.php\\\/2022\\\/04\\\/14\\\/zovko-i-sitarski-o-utjecaju-rata-u-ukrajini-na-balkan-i-izbore-u-bih\\\/\",\"url\":\"https:\\\/\\\/radioljubuski.ba\\\/index.php\\\/2022\\\/04\\\/14\\\/zovko-i-sitarski-o-utjecaju-rata-u-ukrajini-na-balkan-i-izbore-u-bih\\\/\",\"name\":\"Zovko i Sitarski o utjecaju rata u Ukrajini na Balkan i izbore u BiH - RADIO LJUBU\u0160KI\",\"isPartOf\":{\"@id\":\"https:\\\/\\\/radioljubuski.ba\\\/#website\"},\"primaryImageOfPage\":{\"@id\":\"https:\\\/\\\/radioljubuski.ba\\\/index.php\\\/2022\\\/04\\\/14\\\/zovko-i-sitarski-o-utjecaju-rata-u-ukrajini-na-balkan-i-izbore-u-bih\\\/#primaryimage\"},\"image\":{\"@id\":\"https:\\\/\\\/radioljubuski.ba\\\/index.php\\\/2022\\\/04\\\/14\\\/zovko-i-sitarski-o-utjecaju-rata-u-ukrajini-na-balkan-i-izbore-u-bih\\\/#primaryimage\"},\"thumbnailUrl\":\"https:\\\/\\\/radioljubuski.ba\\\/wp-content\\\/uploads\\\/2022\\\/04\\\/zovko-sitarski.jpg\",\"datePublished\":\"2022-04-14T13:02:55+00:00\",\"dateModified\":\"2022-04-14T13:03:18+00:00\",\"breadcrumb\":{\"@id\":\"https:\\\/\\\/radioljubuski.ba\\\/index.php\\\/2022\\\/04\\\/14\\\/zovko-i-sitarski-o-utjecaju-rata-u-ukrajini-na-balkan-i-izbore-u-bih\\\/#breadcrumb\"},\"inLanguage\":\"hr\",\"potentialAction\":[{\"@type\":\"ReadAction\",\"target\":[\"https:\\\/\\\/radioljubuski.ba\\\/index.php\\\/2022\\\/04\\\/14\\\/zovko-i-sitarski-o-utjecaju-rata-u-ukrajini-na-balkan-i-izbore-u-bih\\\/\"]}]},{\"@type\":\"ImageObject\",\"inLanguage\":\"hr\",\"@id\":\"https:\\\/\\\/radioljubuski.ba\\\/index.php\\\/2022\\\/04\\\/14\\\/zovko-i-sitarski-o-utjecaju-rata-u-ukrajini-na-balkan-i-izbore-u-bih\\\/#primaryimage\",\"url\":\"https:\\\/\\\/radioljubuski.ba\\\/wp-content\\\/uploads\\\/2022\\\/04\\\/zovko-sitarski.jpg\",\"contentUrl\":\"https:\\\/\\\/radioljubuski.ba\\\/wp-content\\\/uploads\\\/2022\\\/04\\\/zovko-sitarski.jpg\",\"width\":810,\"height\":524},{\"@type\":\"BreadcrumbList\",\"@id\":\"https:\\\/\\\/radioljubuski.ba\\\/index.php\\\/2022\\\/04\\\/14\\\/zovko-i-sitarski-o-utjecaju-rata-u-ukrajini-na-balkan-i-izbore-u-bih\\\/#breadcrumb\",\"itemListElement\":[{\"@type\":\"ListItem\",\"position\":1,\"name\":\"Po\u010detna stranica\",\"item\":\"https:\\\/\\\/radioljubuski.ba\\\/\"},{\"@type\":\"ListItem\",\"position\":2,\"name\":\"Zovko i Sitarski o utjecaju rata u Ukrajini na Balkan i izbore u BiH\"}]},{\"@type\":\"WebSite\",\"@id\":\"https:\\\/\\\/radioljubuski.ba\\\/#website\",\"url\":\"https:\\\/\\\/radioljubuski.ba\\\/\",\"name\":\"Radio Ljubu\u0161ki\",\"description\":\"Sun\u010dana frekvencija Hercegovine\",\"publisher\":{\"@id\":\"https:\\\/\\\/radioljubuski.ba\\\/#organization\"},\"potentialAction\":[{\"@type\":\"SearchAction\",\"target\":{\"@type\":\"EntryPoint\",\"urlTemplate\":\"https:\\\/\\\/radioljubuski.ba\\\/?s={search_term_string}\"},\"query-input\":{\"@type\":\"PropertyValueSpecification\",\"valueRequired\":true,\"valueName\":\"search_term_string\"}}],\"inLanguage\":\"hr\"},{\"@type\":\"Organization\",\"@id\":\"https:\\\/\\\/radioljubuski.ba\\\/#organization\",\"name\":\"Radio Ljubu\u0161ki\",\"url\":\"https:\\\/\\\/radioljubuski.ba\\\/\",\"logo\":{\"@type\":\"ImageObject\",\"inLanguage\":\"hr\",\"@id\":\"https:\\\/\\\/radioljubuski.ba\\\/#\\\/schema\\\/logo\\\/image\\\/\",\"url\":\"https:\\\/\\\/radioljubuski.ba\\\/wp-content\\\/uploads\\\/2021\\\/02\\\/cropped-Radio_Ljubuski_logo1.jpg\",\"contentUrl\":\"https:\\\/\\\/radioljubuski.ba\\\/wp-content\\\/uploads\\\/2021\\\/02\\\/cropped-Radio_Ljubuski_logo1.jpg\",\"width\":512,\"height\":512,\"caption\":\"Radio Ljubu\u0161ki\"},\"image\":{\"@id\":\"https:\\\/\\\/radioljubuski.ba\\\/#\\\/schema\\\/logo\\\/image\\\/\"},\"sameAs\":[\"https:\\\/\\\/www.facebook.com\\\/Radiio-Ljubuski-1490835324566332\",\"https:\\\/\\\/x.com\\\/radioljubuski\",\"https:\\\/\\\/hr.linkedin.com\\\/company\\\/radio-ljubuski\",\"https:\\\/\\\/www.youtube.com\\\/channel\\\/UCHYaeO_n0Db3tjNGudGpXyw\"]},{\"@type\":\"Person\",\"@id\":\"https:\\\/\\\/radioljubuski.ba\\\/#\\\/schema\\\/person\\\/19fc700381a780f69665d7956c469e3b\",\"name\":\"Radio Ljubu\u0161ki\"}]}<\/script>\n<!-- \/ Yoast SEO plugin. -->","yoast_head_json":{"title":"Zovko i Sitarski o utjecaju rata u Ukrajini na Balkan i izbore u BiH - RADIO LJUBU\u0160KI","robots":{"index":"index","follow":"follow","max-snippet":"max-snippet:-1","max-image-preview":"max-image-preview:large","max-video-preview":"max-video-preview:-1"},"canonical":"https:\/\/radioljubuski.ba\/index.php\/2022\/04\/14\/zovko-i-sitarski-o-utjecaju-rata-u-ukrajini-na-balkan-i-izbore-u-bih\/","og_locale":"hr_HR","og_type":"article","og_title":"Zovko i Sitarski o utjecaju rata u Ukrajini na Balkan i izbore u BiH - RADIO LJUBU\u0160KI","og_description":"O utjecaju ukrajinsko-ruskog rata na Balkan i izborima u BiH te promjenama izbornog zakona u Jutarnjem kolegiju emisije \u201cDobro jutro, Hrvatska\u201d na HRT-u govorili su \u017deljana Zovko i Milan Sitarski.Bosnu i Hercegovinu najesen o\u010dekuju novi izbori, sa ili bez novog izbornog zakona. Europski i ameri\u010dki posrednici poku\u0161ali su posti\u0107i kompromis s Hrvatima i Bo\u0161njacima. Premijer [&hellip;]","og_url":"https:\/\/radioljubuski.ba\/index.php\/2022\/04\/14\/zovko-i-sitarski-o-utjecaju-rata-u-ukrajini-na-balkan-i-izbore-u-bih\/","og_site_name":"RADIO LJUBU\u0160KI","article_publisher":"https:\/\/www.facebook.com\/Radiio-Ljubuski-1490835324566332","article_published_time":"2022-04-14T13:02:55+00:00","article_modified_time":"2022-04-14T13:03:18+00:00","og_image":[{"width":810,"height":524,"url":"https:\/\/radioljubuski.ba\/wp-content\/uploads\/2022\/04\/zovko-sitarski.jpg","type":"image\/jpeg"}],"author":"Radio Ljubu\u0161ki","twitter_card":"summary_large_image","twitter_creator":"@radioljubuski","twitter_site":"@radioljubuski","twitter_misc":{"Napisao\/la":"Radio Ljubu\u0161ki","Procijenjeno vrijeme \u010ditanja":"3 minute"},"schema":{"@context":"https:\/\/schema.org","@graph":[{"@type":"Article","@id":"https:\/\/radioljubuski.ba\/index.php\/2022\/04\/14\/zovko-i-sitarski-o-utjecaju-rata-u-ukrajini-na-balkan-i-izbore-u-bih\/#article","isPartOf":{"@id":"https:\/\/radioljubuski.ba\/index.php\/2022\/04\/14\/zovko-i-sitarski-o-utjecaju-rata-u-ukrajini-na-balkan-i-izbore-u-bih\/"},"author":{"name":"Radio Ljubu\u0161ki","@id":"https:\/\/radioljubuski.ba\/#\/schema\/person\/19fc700381a780f69665d7956c469e3b"},"headline":"Zovko i Sitarski o utjecaju rata u Ukrajini na Balkan i izbore u BiH","datePublished":"2022-04-14T13:02:55+00:00","dateModified":"2022-04-14T13:03:18+00:00","mainEntityOfPage":{"@id":"https:\/\/radioljubuski.ba\/index.php\/2022\/04\/14\/zovko-i-sitarski-o-utjecaju-rata-u-ukrajini-na-balkan-i-izbore-u-bih\/"},"wordCount":680,"publisher":{"@id":"https:\/\/radioljubuski.ba\/#organization"},"image":{"@id":"https:\/\/radioljubuski.ba\/index.php\/2022\/04\/14\/zovko-i-sitarski-o-utjecaju-rata-u-ukrajini-na-balkan-i-izbore-u-bih\/#primaryimage"},"thumbnailUrl":"https:\/\/radioljubuski.ba\/wp-content\/uploads\/2022\/04\/zovko-sitarski.jpg","articleSection":["BIH i regija"],"inLanguage":"hr"},{"@type":"WebPage","@id":"https:\/\/radioljubuski.ba\/index.php\/2022\/04\/14\/zovko-i-sitarski-o-utjecaju-rata-u-ukrajini-na-balkan-i-izbore-u-bih\/","url":"https:\/\/radioljubuski.ba\/index.php\/2022\/04\/14\/zovko-i-sitarski-o-utjecaju-rata-u-ukrajini-na-balkan-i-izbore-u-bih\/","name":"Zovko i Sitarski o utjecaju rata u Ukrajini na Balkan i izbore u BiH - RADIO LJUBU\u0160KI","isPartOf":{"@id":"https:\/\/radioljubuski.ba\/#website"},"primaryImageOfPage":{"@id":"https:\/\/radioljubuski.ba\/index.php\/2022\/04\/14\/zovko-i-sitarski-o-utjecaju-rata-u-ukrajini-na-balkan-i-izbore-u-bih\/#primaryimage"},"image":{"@id":"https:\/\/radioljubuski.ba\/index.php\/2022\/04\/14\/zovko-i-sitarski-o-utjecaju-rata-u-ukrajini-na-balkan-i-izbore-u-bih\/#primaryimage"},"thumbnailUrl":"https:\/\/radioljubuski.ba\/wp-content\/uploads\/2022\/04\/zovko-sitarski.jpg","datePublished":"2022-04-14T13:02:55+00:00","dateModified":"2022-04-14T13:03:18+00:00","breadcrumb":{"@id":"https:\/\/radioljubuski.ba\/index.php\/2022\/04\/14\/zovko-i-sitarski-o-utjecaju-rata-u-ukrajini-na-balkan-i-izbore-u-bih\/#breadcrumb"},"inLanguage":"hr","potentialAction":[{"@type":"ReadAction","target":["https:\/\/radioljubuski.ba\/index.php\/2022\/04\/14\/zovko-i-sitarski-o-utjecaju-rata-u-ukrajini-na-balkan-i-izbore-u-bih\/"]}]},{"@type":"ImageObject","inLanguage":"hr","@id":"https:\/\/radioljubuski.ba\/index.php\/2022\/04\/14\/zovko-i-sitarski-o-utjecaju-rata-u-ukrajini-na-balkan-i-izbore-u-bih\/#primaryimage","url":"https:\/\/radioljubuski.ba\/wp-content\/uploads\/2022\/04\/zovko-sitarski.jpg","contentUrl":"https:\/\/radioljubuski.ba\/wp-content\/uploads\/2022\/04\/zovko-sitarski.jpg","width":810,"height":524},{"@type":"BreadcrumbList","@id":"https:\/\/radioljubuski.ba\/index.php\/2022\/04\/14\/zovko-i-sitarski-o-utjecaju-rata-u-ukrajini-na-balkan-i-izbore-u-bih\/#breadcrumb","itemListElement":[{"@type":"ListItem","position":1,"name":"Po\u010detna stranica","item":"https:\/\/radioljubuski.ba\/"},{"@type":"ListItem","position":2,"name":"Zovko i Sitarski o utjecaju rata u Ukrajini na Balkan i izbore u BiH"}]},{"@type":"WebSite","@id":"https:\/\/radioljubuski.ba\/#website","url":"https:\/\/radioljubuski.ba\/","name":"Radio Ljubu\u0161ki","description":"Sun\u010dana frekvencija Hercegovine","publisher":{"@id":"https:\/\/radioljubuski.ba\/#organization"},"potentialAction":[{"@type":"SearchAction","target":{"@type":"EntryPoint","urlTemplate":"https:\/\/radioljubuski.ba\/?s={search_term_string}"},"query-input":{"@type":"PropertyValueSpecification","valueRequired":true,"valueName":"search_term_string"}}],"inLanguage":"hr"},{"@type":"Organization","@id":"https:\/\/radioljubuski.ba\/#organization","name":"Radio Ljubu\u0161ki","url":"https:\/\/radioljubuski.ba\/","logo":{"@type":"ImageObject","inLanguage":"hr","@id":"https:\/\/radioljubuski.ba\/#\/schema\/logo\/image\/","url":"https:\/\/radioljubuski.ba\/wp-content\/uploads\/2021\/02\/cropped-Radio_Ljubuski_logo1.jpg","contentUrl":"https:\/\/radioljubuski.ba\/wp-content\/uploads\/2021\/02\/cropped-Radio_Ljubuski_logo1.jpg","width":512,"height":512,"caption":"Radio Ljubu\u0161ki"},"image":{"@id":"https:\/\/radioljubuski.ba\/#\/schema\/logo\/image\/"},"sameAs":["https:\/\/www.facebook.com\/Radiio-Ljubuski-1490835324566332","https:\/\/x.com\/radioljubuski","https:\/\/hr.linkedin.com\/company\/radio-ljubuski","https:\/\/www.youtube.com\/channel\/UCHYaeO_n0Db3tjNGudGpXyw"]},{"@type":"Person","@id":"https:\/\/radioljubuski.ba\/#\/schema\/person\/19fc700381a780f69665d7956c469e3b","name":"Radio Ljubu\u0161ki"}]}},"_links":{"self":[{"href":"https:\/\/radioljubuski.ba\/index.php\/wp-json\/wp\/v2\/posts\/132586","targetHints":{"allow":["GET"]}}],"collection":[{"href":"https:\/\/radioljubuski.ba\/index.php\/wp-json\/wp\/v2\/posts"}],"about":[{"href":"https:\/\/radioljubuski.ba\/index.php\/wp-json\/wp\/v2\/types\/post"}],"author":[{"embeddable":true,"href":"https:\/\/radioljubuski.ba\/index.php\/wp-json\/wp\/v2\/users\/2"}],"replies":[{"embeddable":true,"href":"https:\/\/radioljubuski.ba\/index.php\/wp-json\/wp\/v2\/comments?post=132586"}],"version-history":[{"count":2,"href":"https:\/\/radioljubuski.ba\/index.php\/wp-json\/wp\/v2\/posts\/132586\/revisions"}],"predecessor-version":[{"id":132589,"href":"https:\/\/radioljubuski.ba\/index.php\/wp-json\/wp\/v2\/posts\/132586\/revisions\/132589"}],"wp:featuredmedia":[{"embeddable":true,"href":"https:\/\/radioljubuski.ba\/index.php\/wp-json\/wp\/v2\/media\/132587"}],"wp:attachment":[{"href":"https:\/\/radioljubuski.ba\/index.php\/wp-json\/wp\/v2\/media?parent=132586"}],"wp:term":[{"taxonomy":"category","embeddable":true,"href":"https:\/\/radioljubuski.ba\/index.php\/wp-json\/wp\/v2\/categories?post=132586"},{"taxonomy":"post_tag","embeddable":true,"href":"https:\/\/radioljubuski.ba\/index.php\/wp-json\/wp\/v2\/tags?post=132586"}],"curies":[{"name":"wp","href":"https:\/\/api.w.org\/{rel}","templated":true}]}}