{"id":132590,"date":"2022-04-14T14:05:32","date_gmt":"2022-04-14T13:05:32","guid":{"rendered":"https:\/\/radioljubuski.ba\/?p=132590"},"modified":"2022-04-14T14:05:33","modified_gmt":"2022-04-14T13:05:33","slug":"uskrsna-poruka-biskupa-komarice-2","status":"publish","type":"post","link":"https:\/\/radioljubuski.ba\/index.php\/2022\/04\/14\/uskrsna-poruka-biskupa-komarice-2\/","title":{"rendered":"Uskrsna poruka biskupa Komarice"},"content":{"rendered":"\n<figure class=\"wp-block-audio\"><audio controls src=\"https:\/\/www.ktabkbih.net\/upload\/file\/audio\/propovijedi\/2022\/uskrs_komarica_22.mp3\"><\/audio><\/figure>\n\n\n\n<p>Draga bra\u0107o i sestre,<br>dragi prijatelji,<\/p>\n\n\n\n<p>I ove godine slavimo najve\u0107u svetkovinu kr\u0161\u0107anstva &#8211; Uskrs.<\/p>\n\n\n\n<p>Za vjernike kr\u0161\u0107ane Uskrs zna\u010di obnovu \u017eivota, mir i radost. Mir i radost Uskrsa nisu namijenjeni samo \u010dlanovima Crkve, nego cijelom svijetu. Radost ozna\u010dava pobjedu nad strahom, nad neizvjesno\u0161\u0107u, nad nasiljem i nad smr\u0107u. Mir je suprotnost od nemira, od strahota.<\/p>\n\n\n\n<p>Glavni sadr\u017eaj Uskrsa je osoba utjelovljenog Sina Bo\u017ejega Isusa Krista, nevino i nedu\u017eno ubijenoga i ponovno \u017eiva, uskrsloga, koji vi\u0161e nikada ne umire, nego posjeduje mo\u0107 da i drugima, koji u njega i u njegovo uskrsnu\u0107e vjeruju, podari novi, vje\u010dni \u017eivot.<\/p>\n\n\n\n<p>Kada se ubijeni Isus, tre\u0107i dan nakon svoje u\u017easne smrti, na dan svojega uskrsnu\u0107a od mrtvih, ukazao svojim apostolima koji su, okupljeni u dvorani Posljednje ve\u010dere bili stra\u0161no upla\u0161eni i obeshrabreni zbog njegove smrti i bojazni za vlastiti \u017eivot, on ih je osokolio, pozdraviv\u0161i ih rije\u010dima: \u201eMir vama\u201c (Iv 20, 21a).<\/p>\n\n\n\n<p>Iz svetopisamskih izvje\u0161taja saznajemo da se Isus tako\u0111er, jo\u0161 mnogim drugima ukazivao &#8211; i to vi\u0161e puta i na vi\u0161e mjesta.<\/p>\n\n\n\n<p>A kad se \u0161est desetlje\u0107a kasnije, Isus ukazao svome prestra\u0161enom apostolu Ivanu na otoku Patmosu, koji je u svojoj dubokoj starosti tu bio u progonstvu, rekao mu je ovo: \u201eNe boj se! Ja sam Prvi i Posljednji i \u017eivi! Mrtav bijah, a evo \u017eivim u vijeke vjekova, te imam klju\u010deve Smrti i Podzemlja\u201c. (Otk 1, 17-18)<\/p>\n\n\n\n<p>Stvarnost smrti redovito izaziva strah kod ljudi. Uskrs pobje\u0111uje strah \u010dovjeka od smrti, jer samo je jedan pravi odgovor na pitanje smrti &#8211; jedno od najte\u017eih pitanja za svakog \u010dovjeka.<\/p>\n\n\n\n<p>Crkva Kristova, ve\u0107 dvije tisu\u0107e godina navje\u0161\u0107uje ljudskom rodu Isusovo uskrsnu\u0107e. Ona \u017eeli \u010dovje\u010danstvu posredovati vjeru u uskrsnu\u0107e mrtvih i u vje\u010dni \u017eivot. To navje\u0161\u0107ivanje, propovijedanje Crkve bitno je radosno. Ono je Radosna vijest, o sretnom vje\u010dnom \u017eivotu!<\/p>\n\n\n\n<p>Prve rije\u010di pozdrava uskrslog Isusa Krista njegovim apostolima \u201eMir vama\u201c bile su rije\u010di uobi\u010dajenog tada\u0161njeg pozdrava kod \u017didova. Ali, ovaj put, na usnama ponovo o\u017eivjelog, preobra\u017eenoga, uskrsloga Isusa, one su ispunjene jednim novim sadr\u017eajem. On, uskrsli Isus predstavlja se ljudima kao izvor mira, i to jednog mira , koji ne zna\u010di samo odsustvo rata, nego ozna\u010dava puno zajedni\u0161tvo i s Bogom i s ljudima, poglavito s ljudima u neposrednom okru\u017eenju.<\/p>\n\n\n\n<p>Vjerujem kako bi svatko od nas \u017eelio, da rije\u010di pozdrava uskrslog Isusa Krista, Spasitelja svih ljudi, svih naroda, i cijelog ljudskog roda, odjekuju u svakom kutku zemaljske kugle, u ovom na\u0161em vremenu, koje na \u017ealost, tako te\u0161ko i bolno pati zbog \u010deste primjene bezobzirne i duboko nehumane sile i nasilja nad brojnim na\u0161im suvremenicima.<\/p>\n\n\n\n<p>\u201eMir vama!\u201c \u2013 To nije samo pozdrav, nego i dar! Isus uskrsli, Pobjednik nad silom, nad nasiljem i nad samom u\u017easnom smr\u0107u, uvjerava nas, da je istinski, usre\u0107uju\u0107i mir mogu\u0107. \u2013 On nam u isto vrijeme \u2013 posreduje tajnu tog mira i snagu mira. \u2013 On \u017eeli k nama do\u0107i da nas prodrma iz na\u0161eg mo\u017eebitnog lijenog i bezvoljnog pesimizma. Taj pesimizam i bezvoljnost \u010dine da mi rat i nasilje dr\u017eimo neizbje\u017enim, i onda se zatvorimo, zabarikadiramo u rovove svoje uskogrudne, sebi\u010dne sigurnosti ili u granice svoje dr\u017eave, &#8211; kao da nas se patnje i stradavanja na\u0161e bra\u0107e ljudi \u2013 tamo negdje drugdje, daleko od nas, u drugoj dr\u017eavi uop\u0107e ne ti\u010du i tako te jadne patnike i stradalnike prepu\u0161tamo njihovoj te\u0161koj sudbini .<\/p>\n\n\n\n<p>A tako ne smije biti, poglavito kod onih ljudi koji tvrde da vjeruju u Isusa Krista bo\u017eanskog \u010covjekoljupca i Spasitelja svakog ljudskog \u017eivota!<\/p>\n\n\n\n<p>Od Krista uskrslog ponu\u0111eni nam mir, za nas, njegove u\u010denike i sljedbenike, tj. za kr\u0161\u0107ane \u2013 jest zadatak, koji nam je ujedno dar da ga prihvatimo; koji od nas zahtjeva da poka\u017eemo kako mi imamo \u2013 ne neko sebi\u010dno, nego doista univerzalno, sveobuhvatno srce!<\/p>\n\n\n\n<p>U srcu svakog onog \u010dovjeka, koji se zna otvoriti \u017eelji uskrsloga Krista i njegovim silno utje\u0161nim rije\u010dima \u201e Mir vama\u201c, nalaze se korijeni istinskog, pravog mira. Takav \u0107e \u010dovjek mo\u0107i biti graditelj takvoga \u2013 uvijek i svagdje \u017eeljkovanog i potrebnog \u2013 mira, u ovom na\u0161em svijetu, koji taj i takav mir u ljudskim srcima i u ljudskim zajednicama \u2013 malim i velikim \u2013 \u010desto smatra utopijom, jer ne poznaje njegove duboke korijene niti za njih mari.<\/p>\n\n\n\n<p>Da se postigne istinski, pravi, dugotrajni mir me\u0111u ljudima i narodima potrebno je jedno a to je: poslu\u0161ati uskrsloga Krista i dopustiti da nas pro\u017eme njegova milost i ljubav prema svakom \u010dovjeku i svakom narodu. Mir uskrslog Krista veliki je Bo\u017eji dar svim ljudima, svim narodima, cijelom \u010dovje\u010danstvu. Da taj Bo\u017eji dar mo\u017eemo prihvatiti i da on u nama donese o\u010dekivani plod, potrebno je promijeniti svoje srce. Potrebno je dopustiti Bogu, tj. uskrslom Kristu, da on kod nas, u na\u0161em \u017eivotu, bude uvijek na prvom mjestu.<\/p>\n\n\n\n<p>Iz vlastitog iskustva mnogi znademo, kada \u010dovjek prezire, odbacuje, zaboravlja Boga i njegove zapovijedi, ili Boga pogre\u0161no, krivo shva\u0107a i u svome pona\u0161anju krivo interpretira, da se on onda redovito neminovno po\u010dinje klanjati ispraznim, la\u017enim pa i fatalnim &#8211; za njega i za mnoge oko njega \u2013 idolima, kao \u0161to su pojedini ovozemaljski mo\u0107nici, politi\u010dari, politi\u010dke stranke, vlastita nacija, dr\u017eava, imperij, rasa. A onda, u ime tog svoga, ili tih svojih idola, doti\u010dni \u010dovjek ili grupa ljudi, opravdavaju i progla\u0161avaju ispravnom svoju diskriminaciju i svoj prezir drugih ljudi ili naroda; svoju mr\u017enju i silu uperenu protiv drugih ili druga\u010dijih.<\/p>\n\n\n\n<p>Samo je \u017eivi Bog, Stvoritelj i ljubitelj svih stvorenja, siguran oslonac, temelj \u017eivota i nepovredivog dostojanstva svakog \u010dovjeka kao bogolikog bi\u0107a!<\/p>\n\n\n\n<p>Uskrsli Krist je pobjednik nad svim silama i siled\u017eijama, koji se pojavljuju ili se mogu pojaviti na sceni ljudske povijesti kao protivnici ljudskog dostojanstva i mogu\u0107nosti da se ono u potpunosti ostvari, prema planu Boga, Stvoritelja svakog \u010dovjeka.<\/p>\n\n\n\n<p>Mir uskrsloga Krista konkretni je znak nazo\u010dnosti Bo\u017ejeg kraljevstva u svijetu, u ovom na\u0161em svijetu koji je pun povijesno uvjetovanih promjenjivih situacija. To nas, vjeruju\u0107e u uskrsloga Krista, mora inspirirati, prosvijetliti i podr\u017eati na\u0161a nastojanja oko izgradnje stabilnog politi\u010dkog i socijalnog mira u na\u0161oj \u017eivotnoj sredini. Ne smije se taj Kristov mir zamijeniti nekom na\u0161om pasivno\u0161\u0107u niti konformizmom, a jo\u0161 manje nekom vrstom mira kojemu se pogre\u0161no nadamo da \u0107emo ga posti\u0107i, ako i sami upotrijebimo silu i nasilje prema drugima. Nama je potreban jedan aktivni i kreativni anga\u017eman, da do\u0111emo do stvaranja zajedni\u010dkog \u017eivljenja ljudi i naroda, do socijalnog reda i pravde, do uva\u017eavanja i za\u0161tite neuni\u0161tivih prava svake ljudske osobe!<\/p>\n\n\n\n<p>Upravo ondje, gdje je broj nevinih \u017ertava nasilja osobito velik i gdje se pro\u0161irila pa i udoma\u0107ila atmosfera neuspjeha i sloma, gdje su se smrtonosni napadi dogodili \u010dak i na one ljude, koji su se trudili oko osobnog pra\u0161tanja i pomirenja s drugima i oko pravednog, trajnog mira \u2013 kao \u0161to se to dogodilo u zadnjem ratu ovdje kod nas sa sve\u0107enicima, redovnicama i vjernicima moje biskupije, &#8211; tu moraju s dodatnom energijom di\u0107i svoj glas oni Kristovi u\u010denici, koji svojim rije\u010dima i svojim djelima propovijedaju Evan\u0111elje \u017eivota i mira.<\/p>\n\n\n\n<p>Kod onih, koji su \u010duli i prihvatili &#8211; kao posebni Bo\u017eji dar -pozdrav uskrslog Isusa Krista \u201eMir vama\u201c, i koji su ga i dalje pronosili i spremni pronositi do svojih sugra\u0111ana i suvremenika, moraju se udvostru\u010diti snage u korist zajedni\u010dkog \u017eivota. A taj i takav se \u017eivot temelji na me\u0111usobnom dogovaranju i solidarnosti, na pravdi, pomirenju i ljubavi.<\/p>\n\n\n\n<p>Kao \u010dlanovi ostatka Katoli\u010dke crkve u ovom gradu i u ovoj na\u0161oj \u017eivotnoj sredini, pro\u017eeti Duhom Svetim, tj. darom uskrslog Krista, Gospodara Neba i Zemlje, trudili smo se i trudit \u0107emo se i dalje \u2013 zajedno s drugim na\u0161im vjeruju\u0107im i na\u0161im dobrohotnim sugra\u0111anima i suvremenicima &#8211; u\u010dinkovito doprinositi u\u010dvr\u0161\u0107ivanju pravednog i trajnog Kristovog mira \u2013 ne samo kroz na\u0161 slu\u017ebeno osnovani \u201eCentar za mir, pomirenje i suradnju\u201c u Ku\u0107i susreta Marija Zvijezda u ovom gradu, nego tako\u0111er, i kroz cjelokupno na\u0161e svakodnevno djelovanje.<\/p>\n\n\n\n<p>Svima vama, bra\u0107o i sestre u uskrslom Kristu od svega srca \u017eelim SRETAN I BLAGOSLOVLJEN USKRS!<\/p>\n\n\n\n<p>A Vama svima, koji Uskrs slavite ne\u0161to kasnije, po starom, Julijanskom kalendaru, tako\u0111er ga od srca \u010destitam drevnim uskrslim pozdravom: HRISTOS VASKRSE! VAISTINU VASKRSE!<\/p>\n\n\n\n<p><br><em>Mons. Franjo Komarica,<br>biskup banjolu\u010dki<\/em><\/p>\n\n\n\n<p><strong>Izvor: KTA<\/strong><\/p>\n","protected":false},"excerpt":{"rendered":"<p>Draga bra\u0107o i sestre,dragi prijatelji, I ove godine slavimo najve\u0107u svetkovinu kr\u0161\u0107anstva &#8211; Uskrs. Za vjernike kr\u0161\u0107ane Uskrs zna\u010di obnovu \u017eivota, mir i radost. Mir i radost Uskrsa nisu namijenjeni samo \u010dlanovima Crkve, nego cijelom svijetu. Radost ozna\u010dava pobjedu nad strahom, nad neizvjesno\u0161\u0107u, nad nasiljem i nad smr\u0107u. Mir je suprotnost od nemira, od strahota. [&hellip;]<\/p>\n","protected":false},"author":2,"featured_media":132591,"comment_status":"closed","ping_status":"closed","sticky":false,"template":"","format":"standard","meta":{"h5ap_radio_sources":[],"footnotes":""},"categories":[1],"tags":[],"class_list":["post-132590","post","type-post","status-publish","format-standard","has-post-thumbnail","hentry","category-bihiregija"],"yoast_head":"<!-- This site is optimized with the Yoast SEO plugin v27.5 - https:\/\/yoast.com\/product\/yoast-seo-wordpress\/ -->\n<title>Uskrsna poruka biskupa Komarice - RADIO LJUBU\u0160KI<\/title>\n<meta name=\"robots\" content=\"index, follow, max-snippet:-1, max-image-preview:large, max-video-preview:-1\" \/>\n<link rel=\"canonical\" href=\"https:\/\/radioljubuski.ba\/index.php\/2022\/04\/14\/uskrsna-poruka-biskupa-komarice-2\/\" \/>\n<meta property=\"og:locale\" content=\"hr_HR\" \/>\n<meta property=\"og:type\" content=\"article\" \/>\n<meta property=\"og:title\" content=\"Uskrsna poruka biskupa Komarice - RADIO LJUBU\u0160KI\" \/>\n<meta property=\"og:description\" content=\"Draga bra\u0107o i sestre,dragi prijatelji, I ove godine slavimo najve\u0107u svetkovinu kr\u0161\u0107anstva &#8211; Uskrs. Za vjernike kr\u0161\u0107ane Uskrs zna\u010di obnovu \u017eivota, mir i radost. Mir i radost Uskrsa nisu namijenjeni samo \u010dlanovima Crkve, nego cijelom svijetu. Radost ozna\u010dava pobjedu nad strahom, nad neizvjesno\u0161\u0107u, nad nasiljem i nad smr\u0107u. Mir je suprotnost od nemira, od strahota. [&hellip;]\" \/>\n<meta property=\"og:url\" content=\"https:\/\/radioljubuski.ba\/index.php\/2022\/04\/14\/uskrsna-poruka-biskupa-komarice-2\/\" \/>\n<meta property=\"og:site_name\" content=\"RADIO LJUBU\u0160KI\" \/>\n<meta property=\"article:publisher\" content=\"https:\/\/www.facebook.com\/Radiio-Ljubuski-1490835324566332\" \/>\n<meta property=\"article:published_time\" content=\"2022-04-14T13:05:32+00:00\" \/>\n<meta property=\"article:modified_time\" content=\"2022-04-14T13:05:33+00:00\" \/>\n<meta property=\"og:image\" content=\"https:\/\/radioljubuski.ba\/wp-content\/uploads\/2022\/04\/komarica.jpeg\" \/>\n\t<meta property=\"og:image:width\" content=\"800\" \/>\n\t<meta property=\"og:image:height\" content=\"450\" \/>\n\t<meta property=\"og:image:type\" content=\"image\/jpeg\" \/>\n<meta name=\"author\" content=\"Radio Ljubu\u0161ki\" \/>\n<meta name=\"twitter:card\" content=\"summary_large_image\" \/>\n<meta name=\"twitter:creator\" content=\"@radioljubuski\" \/>\n<meta name=\"twitter:site\" content=\"@radioljubuski\" \/>\n<meta name=\"twitter:label1\" content=\"Napisao\/la\" \/>\n\t<meta name=\"twitter:data1\" content=\"Radio Ljubu\u0161ki\" \/>\n\t<meta name=\"twitter:label2\" content=\"Procijenjeno vrijeme \u010ditanja\" \/>\n\t<meta name=\"twitter:data2\" content=\"6 minuta\" \/>\n<script type=\"application\/ld+json\" class=\"yoast-schema-graph\">{\"@context\":\"https:\\\/\\\/schema.org\",\"@graph\":[{\"@type\":\"Article\",\"@id\":\"https:\\\/\\\/radioljubuski.ba\\\/index.php\\\/2022\\\/04\\\/14\\\/uskrsna-poruka-biskupa-komarice-2\\\/#article\",\"isPartOf\":{\"@id\":\"https:\\\/\\\/radioljubuski.ba\\\/index.php\\\/2022\\\/04\\\/14\\\/uskrsna-poruka-biskupa-komarice-2\\\/\"},\"author\":{\"name\":\"Radio Ljubu\u0161ki\",\"@id\":\"https:\\\/\\\/radioljubuski.ba\\\/#\\\/schema\\\/person\\\/19fc700381a780f69665d7956c469e3b\"},\"headline\":\"Uskrsna poruka biskupa Komarice\",\"datePublished\":\"2022-04-14T13:05:32+00:00\",\"dateModified\":\"2022-04-14T13:05:33+00:00\",\"mainEntityOfPage\":{\"@id\":\"https:\\\/\\\/radioljubuski.ba\\\/index.php\\\/2022\\\/04\\\/14\\\/uskrsna-poruka-biskupa-komarice-2\\\/\"},\"wordCount\":1459,\"publisher\":{\"@id\":\"https:\\\/\\\/radioljubuski.ba\\\/#organization\"},\"image\":{\"@id\":\"https:\\\/\\\/radioljubuski.ba\\\/index.php\\\/2022\\\/04\\\/14\\\/uskrsna-poruka-biskupa-komarice-2\\\/#primaryimage\"},\"thumbnailUrl\":\"https:\\\/\\\/radioljubuski.ba\\\/wp-content\\\/uploads\\\/2022\\\/04\\\/komarica.jpeg\",\"articleSection\":[\"BIH i regija\"],\"inLanguage\":\"hr\"},{\"@type\":\"WebPage\",\"@id\":\"https:\\\/\\\/radioljubuski.ba\\\/index.php\\\/2022\\\/04\\\/14\\\/uskrsna-poruka-biskupa-komarice-2\\\/\",\"url\":\"https:\\\/\\\/radioljubuski.ba\\\/index.php\\\/2022\\\/04\\\/14\\\/uskrsna-poruka-biskupa-komarice-2\\\/\",\"name\":\"Uskrsna poruka biskupa Komarice - RADIO LJUBU\u0160KI\",\"isPartOf\":{\"@id\":\"https:\\\/\\\/radioljubuski.ba\\\/#website\"},\"primaryImageOfPage\":{\"@id\":\"https:\\\/\\\/radioljubuski.ba\\\/index.php\\\/2022\\\/04\\\/14\\\/uskrsna-poruka-biskupa-komarice-2\\\/#primaryimage\"},\"image\":{\"@id\":\"https:\\\/\\\/radioljubuski.ba\\\/index.php\\\/2022\\\/04\\\/14\\\/uskrsna-poruka-biskupa-komarice-2\\\/#primaryimage\"},\"thumbnailUrl\":\"https:\\\/\\\/radioljubuski.ba\\\/wp-content\\\/uploads\\\/2022\\\/04\\\/komarica.jpeg\",\"datePublished\":\"2022-04-14T13:05:32+00:00\",\"dateModified\":\"2022-04-14T13:05:33+00:00\",\"breadcrumb\":{\"@id\":\"https:\\\/\\\/radioljubuski.ba\\\/index.php\\\/2022\\\/04\\\/14\\\/uskrsna-poruka-biskupa-komarice-2\\\/#breadcrumb\"},\"inLanguage\":\"hr\",\"potentialAction\":[{\"@type\":\"ReadAction\",\"target\":[\"https:\\\/\\\/radioljubuski.ba\\\/index.php\\\/2022\\\/04\\\/14\\\/uskrsna-poruka-biskupa-komarice-2\\\/\"]}]},{\"@type\":\"ImageObject\",\"inLanguage\":\"hr\",\"@id\":\"https:\\\/\\\/radioljubuski.ba\\\/index.php\\\/2022\\\/04\\\/14\\\/uskrsna-poruka-biskupa-komarice-2\\\/#primaryimage\",\"url\":\"https:\\\/\\\/radioljubuski.ba\\\/wp-content\\\/uploads\\\/2022\\\/04\\\/komarica.jpeg\",\"contentUrl\":\"https:\\\/\\\/radioljubuski.ba\\\/wp-content\\\/uploads\\\/2022\\\/04\\\/komarica.jpeg\",\"width\":800,\"height\":450},{\"@type\":\"BreadcrumbList\",\"@id\":\"https:\\\/\\\/radioljubuski.ba\\\/index.php\\\/2022\\\/04\\\/14\\\/uskrsna-poruka-biskupa-komarice-2\\\/#breadcrumb\",\"itemListElement\":[{\"@type\":\"ListItem\",\"position\":1,\"name\":\"Po\u010detna stranica\",\"item\":\"https:\\\/\\\/radioljubuski.ba\\\/\"},{\"@type\":\"ListItem\",\"position\":2,\"name\":\"Uskrsna poruka biskupa Komarice\"}]},{\"@type\":\"WebSite\",\"@id\":\"https:\\\/\\\/radioljubuski.ba\\\/#website\",\"url\":\"https:\\\/\\\/radioljubuski.ba\\\/\",\"name\":\"Radio Ljubu\u0161ki\",\"description\":\"Sun\u010dana frekvencija Hercegovine\",\"publisher\":{\"@id\":\"https:\\\/\\\/radioljubuski.ba\\\/#organization\"},\"potentialAction\":[{\"@type\":\"SearchAction\",\"target\":{\"@type\":\"EntryPoint\",\"urlTemplate\":\"https:\\\/\\\/radioljubuski.ba\\\/?s={search_term_string}\"},\"query-input\":{\"@type\":\"PropertyValueSpecification\",\"valueRequired\":true,\"valueName\":\"search_term_string\"}}],\"inLanguage\":\"hr\"},{\"@type\":\"Organization\",\"@id\":\"https:\\\/\\\/radioljubuski.ba\\\/#organization\",\"name\":\"Radio Ljubu\u0161ki\",\"url\":\"https:\\\/\\\/radioljubuski.ba\\\/\",\"logo\":{\"@type\":\"ImageObject\",\"inLanguage\":\"hr\",\"@id\":\"https:\\\/\\\/radioljubuski.ba\\\/#\\\/schema\\\/logo\\\/image\\\/\",\"url\":\"https:\\\/\\\/radioljubuski.ba\\\/wp-content\\\/uploads\\\/2021\\\/02\\\/cropped-Radio_Ljubuski_logo1.jpg\",\"contentUrl\":\"https:\\\/\\\/radioljubuski.ba\\\/wp-content\\\/uploads\\\/2021\\\/02\\\/cropped-Radio_Ljubuski_logo1.jpg\",\"width\":512,\"height\":512,\"caption\":\"Radio Ljubu\u0161ki\"},\"image\":{\"@id\":\"https:\\\/\\\/radioljubuski.ba\\\/#\\\/schema\\\/logo\\\/image\\\/\"},\"sameAs\":[\"https:\\\/\\\/www.facebook.com\\\/Radiio-Ljubuski-1490835324566332\",\"https:\\\/\\\/x.com\\\/radioljubuski\",\"https:\\\/\\\/hr.linkedin.com\\\/company\\\/radio-ljubuski\",\"https:\\\/\\\/www.youtube.com\\\/channel\\\/UCHYaeO_n0Db3tjNGudGpXyw\"]},{\"@type\":\"Person\",\"@id\":\"https:\\\/\\\/radioljubuski.ba\\\/#\\\/schema\\\/person\\\/19fc700381a780f69665d7956c469e3b\",\"name\":\"Radio Ljubu\u0161ki\"}]}<\/script>\n<!-- \/ Yoast SEO plugin. -->","yoast_head_json":{"title":"Uskrsna poruka biskupa Komarice - RADIO LJUBU\u0160KI","robots":{"index":"index","follow":"follow","max-snippet":"max-snippet:-1","max-image-preview":"max-image-preview:large","max-video-preview":"max-video-preview:-1"},"canonical":"https:\/\/radioljubuski.ba\/index.php\/2022\/04\/14\/uskrsna-poruka-biskupa-komarice-2\/","og_locale":"hr_HR","og_type":"article","og_title":"Uskrsna poruka biskupa Komarice - RADIO LJUBU\u0160KI","og_description":"Draga bra\u0107o i sestre,dragi prijatelji, I ove godine slavimo najve\u0107u svetkovinu kr\u0161\u0107anstva &#8211; Uskrs. Za vjernike kr\u0161\u0107ane Uskrs zna\u010di obnovu \u017eivota, mir i radost. Mir i radost Uskrsa nisu namijenjeni samo \u010dlanovima Crkve, nego cijelom svijetu. Radost ozna\u010dava pobjedu nad strahom, nad neizvjesno\u0161\u0107u, nad nasiljem i nad smr\u0107u. Mir je suprotnost od nemira, od strahota. [&hellip;]","og_url":"https:\/\/radioljubuski.ba\/index.php\/2022\/04\/14\/uskrsna-poruka-biskupa-komarice-2\/","og_site_name":"RADIO LJUBU\u0160KI","article_publisher":"https:\/\/www.facebook.com\/Radiio-Ljubuski-1490835324566332","article_published_time":"2022-04-14T13:05:32+00:00","article_modified_time":"2022-04-14T13:05:33+00:00","og_image":[{"width":800,"height":450,"url":"https:\/\/radioljubuski.ba\/wp-content\/uploads\/2022\/04\/komarica.jpeg","type":"image\/jpeg"}],"author":"Radio Ljubu\u0161ki","twitter_card":"summary_large_image","twitter_creator":"@radioljubuski","twitter_site":"@radioljubuski","twitter_misc":{"Napisao\/la":"Radio Ljubu\u0161ki","Procijenjeno vrijeme \u010ditanja":"6 minuta"},"schema":{"@context":"https:\/\/schema.org","@graph":[{"@type":"Article","@id":"https:\/\/radioljubuski.ba\/index.php\/2022\/04\/14\/uskrsna-poruka-biskupa-komarice-2\/#article","isPartOf":{"@id":"https:\/\/radioljubuski.ba\/index.php\/2022\/04\/14\/uskrsna-poruka-biskupa-komarice-2\/"},"author":{"name":"Radio Ljubu\u0161ki","@id":"https:\/\/radioljubuski.ba\/#\/schema\/person\/19fc700381a780f69665d7956c469e3b"},"headline":"Uskrsna poruka biskupa Komarice","datePublished":"2022-04-14T13:05:32+00:00","dateModified":"2022-04-14T13:05:33+00:00","mainEntityOfPage":{"@id":"https:\/\/radioljubuski.ba\/index.php\/2022\/04\/14\/uskrsna-poruka-biskupa-komarice-2\/"},"wordCount":1459,"publisher":{"@id":"https:\/\/radioljubuski.ba\/#organization"},"image":{"@id":"https:\/\/radioljubuski.ba\/index.php\/2022\/04\/14\/uskrsna-poruka-biskupa-komarice-2\/#primaryimage"},"thumbnailUrl":"https:\/\/radioljubuski.ba\/wp-content\/uploads\/2022\/04\/komarica.jpeg","articleSection":["BIH i regija"],"inLanguage":"hr"},{"@type":"WebPage","@id":"https:\/\/radioljubuski.ba\/index.php\/2022\/04\/14\/uskrsna-poruka-biskupa-komarice-2\/","url":"https:\/\/radioljubuski.ba\/index.php\/2022\/04\/14\/uskrsna-poruka-biskupa-komarice-2\/","name":"Uskrsna poruka biskupa Komarice - RADIO LJUBU\u0160KI","isPartOf":{"@id":"https:\/\/radioljubuski.ba\/#website"},"primaryImageOfPage":{"@id":"https:\/\/radioljubuski.ba\/index.php\/2022\/04\/14\/uskrsna-poruka-biskupa-komarice-2\/#primaryimage"},"image":{"@id":"https:\/\/radioljubuski.ba\/index.php\/2022\/04\/14\/uskrsna-poruka-biskupa-komarice-2\/#primaryimage"},"thumbnailUrl":"https:\/\/radioljubuski.ba\/wp-content\/uploads\/2022\/04\/komarica.jpeg","datePublished":"2022-04-14T13:05:32+00:00","dateModified":"2022-04-14T13:05:33+00:00","breadcrumb":{"@id":"https:\/\/radioljubuski.ba\/index.php\/2022\/04\/14\/uskrsna-poruka-biskupa-komarice-2\/#breadcrumb"},"inLanguage":"hr","potentialAction":[{"@type":"ReadAction","target":["https:\/\/radioljubuski.ba\/index.php\/2022\/04\/14\/uskrsna-poruka-biskupa-komarice-2\/"]}]},{"@type":"ImageObject","inLanguage":"hr","@id":"https:\/\/radioljubuski.ba\/index.php\/2022\/04\/14\/uskrsna-poruka-biskupa-komarice-2\/#primaryimage","url":"https:\/\/radioljubuski.ba\/wp-content\/uploads\/2022\/04\/komarica.jpeg","contentUrl":"https:\/\/radioljubuski.ba\/wp-content\/uploads\/2022\/04\/komarica.jpeg","width":800,"height":450},{"@type":"BreadcrumbList","@id":"https:\/\/radioljubuski.ba\/index.php\/2022\/04\/14\/uskrsna-poruka-biskupa-komarice-2\/#breadcrumb","itemListElement":[{"@type":"ListItem","position":1,"name":"Po\u010detna stranica","item":"https:\/\/radioljubuski.ba\/"},{"@type":"ListItem","position":2,"name":"Uskrsna poruka biskupa Komarice"}]},{"@type":"WebSite","@id":"https:\/\/radioljubuski.ba\/#website","url":"https:\/\/radioljubuski.ba\/","name":"Radio Ljubu\u0161ki","description":"Sun\u010dana frekvencija Hercegovine","publisher":{"@id":"https:\/\/radioljubuski.ba\/#organization"},"potentialAction":[{"@type":"SearchAction","target":{"@type":"EntryPoint","urlTemplate":"https:\/\/radioljubuski.ba\/?s={search_term_string}"},"query-input":{"@type":"PropertyValueSpecification","valueRequired":true,"valueName":"search_term_string"}}],"inLanguage":"hr"},{"@type":"Organization","@id":"https:\/\/radioljubuski.ba\/#organization","name":"Radio Ljubu\u0161ki","url":"https:\/\/radioljubuski.ba\/","logo":{"@type":"ImageObject","inLanguage":"hr","@id":"https:\/\/radioljubuski.ba\/#\/schema\/logo\/image\/","url":"https:\/\/radioljubuski.ba\/wp-content\/uploads\/2021\/02\/cropped-Radio_Ljubuski_logo1.jpg","contentUrl":"https:\/\/radioljubuski.ba\/wp-content\/uploads\/2021\/02\/cropped-Radio_Ljubuski_logo1.jpg","width":512,"height":512,"caption":"Radio Ljubu\u0161ki"},"image":{"@id":"https:\/\/radioljubuski.ba\/#\/schema\/logo\/image\/"},"sameAs":["https:\/\/www.facebook.com\/Radiio-Ljubuski-1490835324566332","https:\/\/x.com\/radioljubuski","https:\/\/hr.linkedin.com\/company\/radio-ljubuski","https:\/\/www.youtube.com\/channel\/UCHYaeO_n0Db3tjNGudGpXyw"]},{"@type":"Person","@id":"https:\/\/radioljubuski.ba\/#\/schema\/person\/19fc700381a780f69665d7956c469e3b","name":"Radio Ljubu\u0161ki"}]}},"_links":{"self":[{"href":"https:\/\/radioljubuski.ba\/index.php\/wp-json\/wp\/v2\/posts\/132590","targetHints":{"allow":["GET"]}}],"collection":[{"href":"https:\/\/radioljubuski.ba\/index.php\/wp-json\/wp\/v2\/posts"}],"about":[{"href":"https:\/\/radioljubuski.ba\/index.php\/wp-json\/wp\/v2\/types\/post"}],"author":[{"embeddable":true,"href":"https:\/\/radioljubuski.ba\/index.php\/wp-json\/wp\/v2\/users\/2"}],"replies":[{"embeddable":true,"href":"https:\/\/radioljubuski.ba\/index.php\/wp-json\/wp\/v2\/comments?post=132590"}],"version-history":[{"count":1,"href":"https:\/\/radioljubuski.ba\/index.php\/wp-json\/wp\/v2\/posts\/132590\/revisions"}],"predecessor-version":[{"id":132592,"href":"https:\/\/radioljubuski.ba\/index.php\/wp-json\/wp\/v2\/posts\/132590\/revisions\/132592"}],"wp:featuredmedia":[{"embeddable":true,"href":"https:\/\/radioljubuski.ba\/index.php\/wp-json\/wp\/v2\/media\/132591"}],"wp:attachment":[{"href":"https:\/\/radioljubuski.ba\/index.php\/wp-json\/wp\/v2\/media?parent=132590"}],"wp:term":[{"taxonomy":"category","embeddable":true,"href":"https:\/\/radioljubuski.ba\/index.php\/wp-json\/wp\/v2\/categories?post=132590"},{"taxonomy":"post_tag","embeddable":true,"href":"https:\/\/radioljubuski.ba\/index.php\/wp-json\/wp\/v2\/tags?post=132590"}],"curies":[{"name":"wp","href":"https:\/\/api.w.org\/{rel}","templated":true}]}}