{"id":132607,"date":"2022-04-14T23:05:01","date_gmt":"2022-04-14T22:05:01","guid":{"rendered":"https:\/\/radioljubuski.ba\/?p=132607"},"modified":"2022-04-14T23:05:01","modified_gmt":"2022-04-14T22:05:01","slug":"ekshumacija-u-opcini-lopare-pronadeni-posmrtni-ostaci-najmanje-jedne-zrtve-proteklog-rata","status":"publish","type":"post","link":"https:\/\/radioljubuski.ba\/index.php\/2022\/04\/14\/ekshumacija-u-opcini-lopare-pronadeni-posmrtni-ostaci-najmanje-jedne-zrtve-proteklog-rata\/","title":{"rendered":"Ekshumacija u op\u0107ini Lopare, prona\u0111eni posmrtni ostaci najmanje jedne \u017ertve proteklog rata"},"content":{"rendered":"\n<p>Posmrtni ostaci najmanje jedne \u017ertve proteklog rata ekshumirani su danas u mjestu Koraj, zaseok Kova\u010devi\u0107i, na podru\u010dju op\u0107ine Lopare.<\/p>\n\n\n\n<p>Prema informacijama Instituta za nestale osobe Bosne i Hercegovine, ovi posmrtni ostaci bi mogli pripadati \u017ertvama bo\u0161nja\u010dke nacionalnosti koje su na ovom podru\u010dju nestale 1992. godine.<\/p>\n\n\n\n<p>Ovi posmrtni ostaci bit \u0107e preba\u010deni u Komemorativni centar u Tuzli radi sudsko &#8211; medicinske i kriminalisti\u010dko &#8211; tehni\u010dke obrade te izuzimanja ko\u0161tanih uzoraka s ciljem identifikacije \u017ertve putem DNK metode.<\/p>\n\n\n\n<p>Ekshumaciji su prisustvovali predstavnici Tu\u017eiteljstva BiH, Instituta za nestale osobe BiH, vje\u0161tak sudske medicine, radnici i mehanizacija Komemorativnog centra Tuzla, &nbsp;kao i pripadnici Policijske stanice Lopare koji vr\u0161e osiguranje lokacije.<\/p>\n\n\n\n<p>Ekshumacijom je rukovodilo Tu\u017eiteljstvo BiH, po nalogu Suda BiH &#8211; priop\u0107eno je iz INO BiH.<\/p>\n\n\n\n<p>Izvor:pogled.ba<\/p>\n","protected":false},"excerpt":{"rendered":"<p>Posmrtni ostaci najmanje jedne \u017ertve proteklog rata ekshumirani su danas u mjestu Koraj, zaseok Kova\u010devi\u0107i, na podru\u010dju op\u0107ine Lopare. Prema informacijama Instituta za nestale osobe Bosne i Hercegovine, ovi posmrtni ostaci bi mogli pripadati \u017ertvama bo\u0161nja\u010dke nacionalnosti koje su na ovom podru\u010dju nestale 1992. godine. Ovi posmrtni ostaci bit \u0107e preba\u010deni u Komemorativni centar u [&hellip;]<\/p>\n","protected":false},"author":2,"featured_media":132608,"comment_status":"closed","ping_status":"closed","sticky":false,"template":"","format":"standard","meta":{"h5ap_radio_sources":[],"footnotes":""},"categories":[1],"tags":[],"class_list":["post-132607","post","type-post","status-publish","format-standard","has-post-thumbnail","hentry","category-bihiregija"],"yoast_head":"<!-- This site is optimized with the Yoast SEO plugin v27.5 - https:\/\/yoast.com\/product\/yoast-seo-wordpress\/ -->\n<title>Ekshumacija u op\u0107ini Lopare, prona\u0111eni posmrtni ostaci najmanje jedne \u017ertve proteklog rata - RADIO LJUBU\u0160KI<\/title>\n<meta name=\"robots\" content=\"index, follow, max-snippet:-1, max-image-preview:large, max-video-preview:-1\" \/>\n<link rel=\"canonical\" href=\"https:\/\/radioljubuski.ba\/index.php\/2022\/04\/14\/ekshumacija-u-opcini-lopare-pronadeni-posmrtni-ostaci-najmanje-jedne-zrtve-proteklog-rata\/\" \/>\n<meta property=\"og:locale\" content=\"hr_HR\" \/>\n<meta property=\"og:type\" content=\"article\" \/>\n<meta property=\"og:title\" content=\"Ekshumacija u op\u0107ini Lopare, prona\u0111eni posmrtni ostaci najmanje jedne \u017ertve proteklog rata - RADIO LJUBU\u0160KI\" \/>\n<meta property=\"og:description\" content=\"Posmrtni ostaci najmanje jedne \u017ertve proteklog rata ekshumirani su danas u mjestu Koraj, zaseok Kova\u010devi\u0107i, na podru\u010dju op\u0107ine Lopare. Prema informacijama Instituta za nestale osobe Bosne i Hercegovine, ovi posmrtni ostaci bi mogli pripadati \u017ertvama bo\u0161nja\u010dke nacionalnosti koje su na ovom podru\u010dju nestale 1992. godine. Ovi posmrtni ostaci bit \u0107e preba\u010deni u Komemorativni centar u [&hellip;]\" \/>\n<meta property=\"og:url\" content=\"https:\/\/radioljubuski.ba\/index.php\/2022\/04\/14\/ekshumacija-u-opcini-lopare-pronadeni-posmrtni-ostaci-najmanje-jedne-zrtve-proteklog-rata\/\" \/>\n<meta property=\"og:site_name\" content=\"RADIO LJUBU\u0160KI\" \/>\n<meta property=\"article:publisher\" content=\"https:\/\/www.facebook.com\/Radiio-Ljubuski-1490835324566332\" \/>\n<meta property=\"article:published_time\" content=\"2022-04-14T22:05:01+00:00\" \/>\n<meta property=\"og:image\" content=\"https:\/\/radioljubuski.ba\/wp-content\/uploads\/2022\/04\/8-2022-04-14-12-55-16-LOPARE.jpg\" \/>\n\t<meta property=\"og:image:width\" content=\"1000\" \/>\n\t<meta property=\"og:image:height\" content=\"625\" \/>\n\t<meta property=\"og:image:type\" content=\"image\/jpeg\" \/>\n<meta name=\"author\" content=\"Radio Ljubu\u0161ki\" \/>\n<meta name=\"twitter:card\" content=\"summary_large_image\" \/>\n<meta name=\"twitter:creator\" content=\"@radioljubuski\" \/>\n<meta name=\"twitter:site\" content=\"@radioljubuski\" \/>\n<meta name=\"twitter:label1\" content=\"Napisao\/la\" \/>\n\t<meta name=\"twitter:data1\" content=\"Radio Ljubu\u0161ki\" \/>\n\t<meta name=\"twitter:label2\" content=\"Procijenjeno vrijeme \u010ditanja\" \/>\n\t<meta name=\"twitter:data2\" content=\"1 minuta\" \/>\n<script type=\"application\/ld+json\" class=\"yoast-schema-graph\">{\"@context\":\"https:\\\/\\\/schema.org\",\"@graph\":[{\"@type\":\"Article\",\"@id\":\"https:\\\/\\\/radioljubuski.ba\\\/index.php\\\/2022\\\/04\\\/14\\\/ekshumacija-u-opcini-lopare-pronadeni-posmrtni-ostaci-najmanje-jedne-zrtve-proteklog-rata\\\/#article\",\"isPartOf\":{\"@id\":\"https:\\\/\\\/radioljubuski.ba\\\/index.php\\\/2022\\\/04\\\/14\\\/ekshumacija-u-opcini-lopare-pronadeni-posmrtni-ostaci-najmanje-jedne-zrtve-proteklog-rata\\\/\"},\"author\":{\"name\":\"Radio Ljubu\u0161ki\",\"@id\":\"https:\\\/\\\/radioljubuski.ba\\\/#\\\/schema\\\/person\\\/19fc700381a780f69665d7956c469e3b\"},\"headline\":\"Ekshumacija u op\u0107ini Lopare, prona\u0111eni posmrtni ostaci najmanje jedne \u017ertve proteklog rata\",\"datePublished\":\"2022-04-14T22:05:01+00:00\",\"mainEntityOfPage\":{\"@id\":\"https:\\\/\\\/radioljubuski.ba\\\/index.php\\\/2022\\\/04\\\/14\\\/ekshumacija-u-opcini-lopare-pronadeni-posmrtni-ostaci-najmanje-jedne-zrtve-proteklog-rata\\\/\"},\"wordCount\":154,\"publisher\":{\"@id\":\"https:\\\/\\\/radioljubuski.ba\\\/#organization\"},\"image\":{\"@id\":\"https:\\\/\\\/radioljubuski.ba\\\/index.php\\\/2022\\\/04\\\/14\\\/ekshumacija-u-opcini-lopare-pronadeni-posmrtni-ostaci-najmanje-jedne-zrtve-proteklog-rata\\\/#primaryimage\"},\"thumbnailUrl\":\"https:\\\/\\\/radioljubuski.ba\\\/wp-content\\\/uploads\\\/2022\\\/04\\\/8-2022-04-14-12-55-16-LOPARE.jpg\",\"articleSection\":[\"BIH i regija\"],\"inLanguage\":\"hr\"},{\"@type\":\"WebPage\",\"@id\":\"https:\\\/\\\/radioljubuski.ba\\\/index.php\\\/2022\\\/04\\\/14\\\/ekshumacija-u-opcini-lopare-pronadeni-posmrtni-ostaci-najmanje-jedne-zrtve-proteklog-rata\\\/\",\"url\":\"https:\\\/\\\/radioljubuski.ba\\\/index.php\\\/2022\\\/04\\\/14\\\/ekshumacija-u-opcini-lopare-pronadeni-posmrtni-ostaci-najmanje-jedne-zrtve-proteklog-rata\\\/\",\"name\":\"Ekshumacija u op\u0107ini Lopare, prona\u0111eni posmrtni ostaci najmanje jedne \u017ertve proteklog rata - RADIO LJUBU\u0160KI\",\"isPartOf\":{\"@id\":\"https:\\\/\\\/radioljubuski.ba\\\/#website\"},\"primaryImageOfPage\":{\"@id\":\"https:\\\/\\\/radioljubuski.ba\\\/index.php\\\/2022\\\/04\\\/14\\\/ekshumacija-u-opcini-lopare-pronadeni-posmrtni-ostaci-najmanje-jedne-zrtve-proteklog-rata\\\/#primaryimage\"},\"image\":{\"@id\":\"https:\\\/\\\/radioljubuski.ba\\\/index.php\\\/2022\\\/04\\\/14\\\/ekshumacija-u-opcini-lopare-pronadeni-posmrtni-ostaci-najmanje-jedne-zrtve-proteklog-rata\\\/#primaryimage\"},\"thumbnailUrl\":\"https:\\\/\\\/radioljubuski.ba\\\/wp-content\\\/uploads\\\/2022\\\/04\\\/8-2022-04-14-12-55-16-LOPARE.jpg\",\"datePublished\":\"2022-04-14T22:05:01+00:00\",\"breadcrumb\":{\"@id\":\"https:\\\/\\\/radioljubuski.ba\\\/index.php\\\/2022\\\/04\\\/14\\\/ekshumacija-u-opcini-lopare-pronadeni-posmrtni-ostaci-najmanje-jedne-zrtve-proteklog-rata\\\/#breadcrumb\"},\"inLanguage\":\"hr\",\"potentialAction\":[{\"@type\":\"ReadAction\",\"target\":[\"https:\\\/\\\/radioljubuski.ba\\\/index.php\\\/2022\\\/04\\\/14\\\/ekshumacija-u-opcini-lopare-pronadeni-posmrtni-ostaci-najmanje-jedne-zrtve-proteklog-rata\\\/\"]}]},{\"@type\":\"ImageObject\",\"inLanguage\":\"hr\",\"@id\":\"https:\\\/\\\/radioljubuski.ba\\\/index.php\\\/2022\\\/04\\\/14\\\/ekshumacija-u-opcini-lopare-pronadeni-posmrtni-ostaci-najmanje-jedne-zrtve-proteklog-rata\\\/#primaryimage\",\"url\":\"https:\\\/\\\/radioljubuski.ba\\\/wp-content\\\/uploads\\\/2022\\\/04\\\/8-2022-04-14-12-55-16-LOPARE.jpg\",\"contentUrl\":\"https:\\\/\\\/radioljubuski.ba\\\/wp-content\\\/uploads\\\/2022\\\/04\\\/8-2022-04-14-12-55-16-LOPARE.jpg\",\"width\":1000,\"height\":625},{\"@type\":\"BreadcrumbList\",\"@id\":\"https:\\\/\\\/radioljubuski.ba\\\/index.php\\\/2022\\\/04\\\/14\\\/ekshumacija-u-opcini-lopare-pronadeni-posmrtni-ostaci-najmanje-jedne-zrtve-proteklog-rata\\\/#breadcrumb\",\"itemListElement\":[{\"@type\":\"ListItem\",\"position\":1,\"name\":\"Po\u010detna stranica\",\"item\":\"https:\\\/\\\/radioljubuski.ba\\\/\"},{\"@type\":\"ListItem\",\"position\":2,\"name\":\"Ekshumacija u op\u0107ini Lopare, prona\u0111eni posmrtni ostaci najmanje jedne \u017ertve proteklog rata\"}]},{\"@type\":\"WebSite\",\"@id\":\"https:\\\/\\\/radioljubuski.ba\\\/#website\",\"url\":\"https:\\\/\\\/radioljubuski.ba\\\/\",\"name\":\"Radio Ljubu\u0161ki\",\"description\":\"Sun\u010dana frekvencija Hercegovine\",\"publisher\":{\"@id\":\"https:\\\/\\\/radioljubuski.ba\\\/#organization\"},\"potentialAction\":[{\"@type\":\"SearchAction\",\"target\":{\"@type\":\"EntryPoint\",\"urlTemplate\":\"https:\\\/\\\/radioljubuski.ba\\\/?s={search_term_string}\"},\"query-input\":{\"@type\":\"PropertyValueSpecification\",\"valueRequired\":true,\"valueName\":\"search_term_string\"}}],\"inLanguage\":\"hr\"},{\"@type\":\"Organization\",\"@id\":\"https:\\\/\\\/radioljubuski.ba\\\/#organization\",\"name\":\"Radio Ljubu\u0161ki\",\"url\":\"https:\\\/\\\/radioljubuski.ba\\\/\",\"logo\":{\"@type\":\"ImageObject\",\"inLanguage\":\"hr\",\"@id\":\"https:\\\/\\\/radioljubuski.ba\\\/#\\\/schema\\\/logo\\\/image\\\/\",\"url\":\"https:\\\/\\\/radioljubuski.ba\\\/wp-content\\\/uploads\\\/2021\\\/02\\\/cropped-Radio_Ljubuski_logo1.jpg\",\"contentUrl\":\"https:\\\/\\\/radioljubuski.ba\\\/wp-content\\\/uploads\\\/2021\\\/02\\\/cropped-Radio_Ljubuski_logo1.jpg\",\"width\":512,\"height\":512,\"caption\":\"Radio Ljubu\u0161ki\"},\"image\":{\"@id\":\"https:\\\/\\\/radioljubuski.ba\\\/#\\\/schema\\\/logo\\\/image\\\/\"},\"sameAs\":[\"https:\\\/\\\/www.facebook.com\\\/Radiio-Ljubuski-1490835324566332\",\"https:\\\/\\\/x.com\\\/radioljubuski\",\"https:\\\/\\\/hr.linkedin.com\\\/company\\\/radio-ljubuski\",\"https:\\\/\\\/www.youtube.com\\\/channel\\\/UCHYaeO_n0Db3tjNGudGpXyw\"]},{\"@type\":\"Person\",\"@id\":\"https:\\\/\\\/radioljubuski.ba\\\/#\\\/schema\\\/person\\\/19fc700381a780f69665d7956c469e3b\",\"name\":\"Radio Ljubu\u0161ki\"}]}<\/script>\n<!-- \/ Yoast SEO plugin. -->","yoast_head_json":{"title":"Ekshumacija u op\u0107ini Lopare, prona\u0111eni posmrtni ostaci najmanje jedne \u017ertve proteklog rata - RADIO LJUBU\u0160KI","robots":{"index":"index","follow":"follow","max-snippet":"max-snippet:-1","max-image-preview":"max-image-preview:large","max-video-preview":"max-video-preview:-1"},"canonical":"https:\/\/radioljubuski.ba\/index.php\/2022\/04\/14\/ekshumacija-u-opcini-lopare-pronadeni-posmrtni-ostaci-najmanje-jedne-zrtve-proteklog-rata\/","og_locale":"hr_HR","og_type":"article","og_title":"Ekshumacija u op\u0107ini Lopare, prona\u0111eni posmrtni ostaci najmanje jedne \u017ertve proteklog rata - RADIO LJUBU\u0160KI","og_description":"Posmrtni ostaci najmanje jedne \u017ertve proteklog rata ekshumirani su danas u mjestu Koraj, zaseok Kova\u010devi\u0107i, na podru\u010dju op\u0107ine Lopare. Prema informacijama Instituta za nestale osobe Bosne i Hercegovine, ovi posmrtni ostaci bi mogli pripadati \u017ertvama bo\u0161nja\u010dke nacionalnosti koje su na ovom podru\u010dju nestale 1992. godine. Ovi posmrtni ostaci bit \u0107e preba\u010deni u Komemorativni centar u [&hellip;]","og_url":"https:\/\/radioljubuski.ba\/index.php\/2022\/04\/14\/ekshumacija-u-opcini-lopare-pronadeni-posmrtni-ostaci-najmanje-jedne-zrtve-proteklog-rata\/","og_site_name":"RADIO LJUBU\u0160KI","article_publisher":"https:\/\/www.facebook.com\/Radiio-Ljubuski-1490835324566332","article_published_time":"2022-04-14T22:05:01+00:00","og_image":[{"width":1000,"height":625,"url":"https:\/\/radioljubuski.ba\/wp-content\/uploads\/2022\/04\/8-2022-04-14-12-55-16-LOPARE.jpg","type":"image\/jpeg"}],"author":"Radio Ljubu\u0161ki","twitter_card":"summary_large_image","twitter_creator":"@radioljubuski","twitter_site":"@radioljubuski","twitter_misc":{"Napisao\/la":"Radio Ljubu\u0161ki","Procijenjeno vrijeme \u010ditanja":"1 minuta"},"schema":{"@context":"https:\/\/schema.org","@graph":[{"@type":"Article","@id":"https:\/\/radioljubuski.ba\/index.php\/2022\/04\/14\/ekshumacija-u-opcini-lopare-pronadeni-posmrtni-ostaci-najmanje-jedne-zrtve-proteklog-rata\/#article","isPartOf":{"@id":"https:\/\/radioljubuski.ba\/index.php\/2022\/04\/14\/ekshumacija-u-opcini-lopare-pronadeni-posmrtni-ostaci-najmanje-jedne-zrtve-proteklog-rata\/"},"author":{"name":"Radio Ljubu\u0161ki","@id":"https:\/\/radioljubuski.ba\/#\/schema\/person\/19fc700381a780f69665d7956c469e3b"},"headline":"Ekshumacija u op\u0107ini Lopare, prona\u0111eni posmrtni ostaci najmanje jedne \u017ertve proteklog rata","datePublished":"2022-04-14T22:05:01+00:00","mainEntityOfPage":{"@id":"https:\/\/radioljubuski.ba\/index.php\/2022\/04\/14\/ekshumacija-u-opcini-lopare-pronadeni-posmrtni-ostaci-najmanje-jedne-zrtve-proteklog-rata\/"},"wordCount":154,"publisher":{"@id":"https:\/\/radioljubuski.ba\/#organization"},"image":{"@id":"https:\/\/radioljubuski.ba\/index.php\/2022\/04\/14\/ekshumacija-u-opcini-lopare-pronadeni-posmrtni-ostaci-najmanje-jedne-zrtve-proteklog-rata\/#primaryimage"},"thumbnailUrl":"https:\/\/radioljubuski.ba\/wp-content\/uploads\/2022\/04\/8-2022-04-14-12-55-16-LOPARE.jpg","articleSection":["BIH i regija"],"inLanguage":"hr"},{"@type":"WebPage","@id":"https:\/\/radioljubuski.ba\/index.php\/2022\/04\/14\/ekshumacija-u-opcini-lopare-pronadeni-posmrtni-ostaci-najmanje-jedne-zrtve-proteklog-rata\/","url":"https:\/\/radioljubuski.ba\/index.php\/2022\/04\/14\/ekshumacija-u-opcini-lopare-pronadeni-posmrtni-ostaci-najmanje-jedne-zrtve-proteklog-rata\/","name":"Ekshumacija u op\u0107ini Lopare, prona\u0111eni posmrtni ostaci najmanje jedne \u017ertve proteklog rata - RADIO LJUBU\u0160KI","isPartOf":{"@id":"https:\/\/radioljubuski.ba\/#website"},"primaryImageOfPage":{"@id":"https:\/\/radioljubuski.ba\/index.php\/2022\/04\/14\/ekshumacija-u-opcini-lopare-pronadeni-posmrtni-ostaci-najmanje-jedne-zrtve-proteklog-rata\/#primaryimage"},"image":{"@id":"https:\/\/radioljubuski.ba\/index.php\/2022\/04\/14\/ekshumacija-u-opcini-lopare-pronadeni-posmrtni-ostaci-najmanje-jedne-zrtve-proteklog-rata\/#primaryimage"},"thumbnailUrl":"https:\/\/radioljubuski.ba\/wp-content\/uploads\/2022\/04\/8-2022-04-14-12-55-16-LOPARE.jpg","datePublished":"2022-04-14T22:05:01+00:00","breadcrumb":{"@id":"https:\/\/radioljubuski.ba\/index.php\/2022\/04\/14\/ekshumacija-u-opcini-lopare-pronadeni-posmrtni-ostaci-najmanje-jedne-zrtve-proteklog-rata\/#breadcrumb"},"inLanguage":"hr","potentialAction":[{"@type":"ReadAction","target":["https:\/\/radioljubuski.ba\/index.php\/2022\/04\/14\/ekshumacija-u-opcini-lopare-pronadeni-posmrtni-ostaci-najmanje-jedne-zrtve-proteklog-rata\/"]}]},{"@type":"ImageObject","inLanguage":"hr","@id":"https:\/\/radioljubuski.ba\/index.php\/2022\/04\/14\/ekshumacija-u-opcini-lopare-pronadeni-posmrtni-ostaci-najmanje-jedne-zrtve-proteklog-rata\/#primaryimage","url":"https:\/\/radioljubuski.ba\/wp-content\/uploads\/2022\/04\/8-2022-04-14-12-55-16-LOPARE.jpg","contentUrl":"https:\/\/radioljubuski.ba\/wp-content\/uploads\/2022\/04\/8-2022-04-14-12-55-16-LOPARE.jpg","width":1000,"height":625},{"@type":"BreadcrumbList","@id":"https:\/\/radioljubuski.ba\/index.php\/2022\/04\/14\/ekshumacija-u-opcini-lopare-pronadeni-posmrtni-ostaci-najmanje-jedne-zrtve-proteklog-rata\/#breadcrumb","itemListElement":[{"@type":"ListItem","position":1,"name":"Po\u010detna stranica","item":"https:\/\/radioljubuski.ba\/"},{"@type":"ListItem","position":2,"name":"Ekshumacija u op\u0107ini Lopare, prona\u0111eni posmrtni ostaci najmanje jedne \u017ertve proteklog rata"}]},{"@type":"WebSite","@id":"https:\/\/radioljubuski.ba\/#website","url":"https:\/\/radioljubuski.ba\/","name":"Radio Ljubu\u0161ki","description":"Sun\u010dana frekvencija Hercegovine","publisher":{"@id":"https:\/\/radioljubuski.ba\/#organization"},"potentialAction":[{"@type":"SearchAction","target":{"@type":"EntryPoint","urlTemplate":"https:\/\/radioljubuski.ba\/?s={search_term_string}"},"query-input":{"@type":"PropertyValueSpecification","valueRequired":true,"valueName":"search_term_string"}}],"inLanguage":"hr"},{"@type":"Organization","@id":"https:\/\/radioljubuski.ba\/#organization","name":"Radio Ljubu\u0161ki","url":"https:\/\/radioljubuski.ba\/","logo":{"@type":"ImageObject","inLanguage":"hr","@id":"https:\/\/radioljubuski.ba\/#\/schema\/logo\/image\/","url":"https:\/\/radioljubuski.ba\/wp-content\/uploads\/2021\/02\/cropped-Radio_Ljubuski_logo1.jpg","contentUrl":"https:\/\/radioljubuski.ba\/wp-content\/uploads\/2021\/02\/cropped-Radio_Ljubuski_logo1.jpg","width":512,"height":512,"caption":"Radio Ljubu\u0161ki"},"image":{"@id":"https:\/\/radioljubuski.ba\/#\/schema\/logo\/image\/"},"sameAs":["https:\/\/www.facebook.com\/Radiio-Ljubuski-1490835324566332","https:\/\/x.com\/radioljubuski","https:\/\/hr.linkedin.com\/company\/radio-ljubuski","https:\/\/www.youtube.com\/channel\/UCHYaeO_n0Db3tjNGudGpXyw"]},{"@type":"Person","@id":"https:\/\/radioljubuski.ba\/#\/schema\/person\/19fc700381a780f69665d7956c469e3b","name":"Radio Ljubu\u0161ki"}]}},"_links":{"self":[{"href":"https:\/\/radioljubuski.ba\/index.php\/wp-json\/wp\/v2\/posts\/132607","targetHints":{"allow":["GET"]}}],"collection":[{"href":"https:\/\/radioljubuski.ba\/index.php\/wp-json\/wp\/v2\/posts"}],"about":[{"href":"https:\/\/radioljubuski.ba\/index.php\/wp-json\/wp\/v2\/types\/post"}],"author":[{"embeddable":true,"href":"https:\/\/radioljubuski.ba\/index.php\/wp-json\/wp\/v2\/users\/2"}],"replies":[{"embeddable":true,"href":"https:\/\/radioljubuski.ba\/index.php\/wp-json\/wp\/v2\/comments?post=132607"}],"version-history":[{"count":1,"href":"https:\/\/radioljubuski.ba\/index.php\/wp-json\/wp\/v2\/posts\/132607\/revisions"}],"predecessor-version":[{"id":132609,"href":"https:\/\/radioljubuski.ba\/index.php\/wp-json\/wp\/v2\/posts\/132607\/revisions\/132609"}],"wp:featuredmedia":[{"embeddable":true,"href":"https:\/\/radioljubuski.ba\/index.php\/wp-json\/wp\/v2\/media\/132608"}],"wp:attachment":[{"href":"https:\/\/radioljubuski.ba\/index.php\/wp-json\/wp\/v2\/media?parent=132607"}],"wp:term":[{"taxonomy":"category","embeddable":true,"href":"https:\/\/radioljubuski.ba\/index.php\/wp-json\/wp\/v2\/categories?post=132607"},{"taxonomy":"post_tag","embeddable":true,"href":"https:\/\/radioljubuski.ba\/index.php\/wp-json\/wp\/v2\/tags?post=132607"}],"curies":[{"name":"wp","href":"https:\/\/api.w.org\/{rel}","templated":true}]}}