{"id":132616,"date":"2022-04-14T23:08:14","date_gmt":"2022-04-14T22:08:14","guid":{"rendered":"https:\/\/radioljubuski.ba\/?p=132616"},"modified":"2022-04-14T23:08:15","modified_gmt":"2022-04-14T22:08:15","slug":"u-bazilici-svetog-groba-u-jeruzalemu-otkriven-drevni-oltar","status":"publish","type":"post","link":"https:\/\/radioljubuski.ba\/index.php\/2022\/04\/14\/u-bazilici-svetog-groba-u-jeruzalemu-otkriven-drevni-oltar\/","title":{"rendered":"U bazilici Svetog groba u Jeruzalemu otkriven drevni oltar"},"content":{"rendered":"\n<p>Izraelski istra\u017eiva\u010di vjerojatno su otkrili drevni oltar u bazilici Svetoga groba u Jeruzalemu koji je stolje\u0107ima bio skriven od o\u010diju javnosti i smatraju da je kamena plo\u010da koju turisti ve\u0107 dugo koriste za urezivanje grafita ostatak iz Kri\u017earskih ratova.<\/p>\n\n\n\n<p>Rije\u010d je o kamenu stije\u0161njenom uza zid stra\u017enjeg hodnika jeruzalemske crkve Svetoga groba dimenzija 2.5 x 1.5 metara. Kamen se pokazao puno dragocjenijim kada je, tijekom nedavne obnove crkve, tradicionalnog mjesta Isusova raspe\u0107a i pokopa, otkrivena i njegova druga strana. Naime, jedna je strana kamene plo\u010de i\u0161arana grafitima, a na drugoj su ostaci ornamenata.<\/p>\n\n\n\n<p>Oltar je zamije\u0107en zahvaljuju\u0107i radovima za podupiranje edikule (malenog sveti\u0161ta u gr\u010dkoj i rimskoj arhitekturi) koja \u0161titi mjesto na kojemu je pokopan Isus. Istra\u017eiva\u010di vjeruju da ornamenti koje su otkrili na skrivenom dijelu plo\u010de ukazuju na to da se radi o dijelu ukra\u0161enog pro\u010delja visokoga srednjovjekovnog oltara iz kri\u017earskih vremena.&nbsp;<\/p>\n\n\n\n<p>&#8220;Sada ne mo\u017eete vidjeti te slo\u017eene krugove s tragovima sitnih, fino izra\u0111enih komadi\u0107a mramora i stakla&#8221;, rekao je Amit Re\u2019em iz Izraelske uprave za starine koji je nadzirao restauratorske radove. Re\u2019em je i stru\u010dnjak za srednjovjekovnu arheologiju pa je konzultirao literaturu koja mu je pomogla u potrazi za kamenjem sa sli\u010dnom ornamentikom.&nbsp;<\/p>\n\n\n\n<p>&#8220;Ovo je nevjerojatan artefakt&#8221;, rekao je Re&#8217;em, koji je istra\u017eivanje proveo s povjesni\u010darom Ilyom Berkovichom sa Sveu\u010dili\u0161ta Ludwig Maximillian iz M\u00fcnchena.<\/p>\n\n\n\n<p>Pojasnili su da je rije\u010d o jedinstvenoj metodi ukra\u0161avanja koja kombinira klasi\u010dnu, bizantsku i ranoislamsku umjetnost. Za nju je karakteristi\u010dno da se fino rezane plo\u010dice od \u0161arenog mramora koriste za popunjavanje kru\u017enih gravura na kamenu. Znanstvenici su kazali da su oltari sa sli\u010dnim geometrijskim uzorkom prona\u0111eni u crkvama u Rimu iz 12. i 13. stolje\u0107a.<\/p>\n\n\n\n<p>&#8220;Crte\u017e sa savr\u0161eno umetnuta \u010detiri kruga oko jednoga sredi\u0161njeg kruga bio je karakteristi\u010dan za obitelj Cosmati, rimske obrtnike koji su radili za papu&#8221;, pojasnio je Re&#8217;em. Vjeruju da jeruzalemsko otkri\u0107e odgovara ranijim arheolo\u0161kim nalazima i izvje\u0161tajima hodo\u010dasnika o kri\u017earskoj posveti crkve i oblikovanju njezina glavnog oltara 1149. godine.&nbsp;<\/p>\n\n\n\n<p>Oltar su koristili katoli\u010dki sve\u0107enici za svoje mise sve dok kri\u017eari nisu napustili Jeruzalem, smatra Re&#8217;em. Dodaje da ga je kasnije koristila gr\u010dka Pravoslavna Crkva sve dok zdanje nije o\u0161te\u0107eno u po\u017earu 1808. godine i zaboravljeno do nedavne obnove.<\/p>\n\n\n\n<p>Izraelska udruga za arheolo\u0161ka istra\u017eivanja nalaze istra\u017eiva\u010da bi trebala objaviti do kraja godine.<\/p>\n\n\n\n<p>Izvor:pogled.ba<\/p>\n","protected":false},"excerpt":{"rendered":"<p>Izraelski istra\u017eiva\u010di vjerojatno su otkrili drevni oltar u bazilici Svetoga groba u Jeruzalemu koji je stolje\u0107ima bio skriven od o\u010diju javnosti i smatraju da je kamena plo\u010da koju turisti ve\u0107 dugo koriste za urezivanje grafita ostatak iz Kri\u017earskih ratova. Rije\u010d je o kamenu stije\u0161njenom uza zid stra\u017enjeg hodnika jeruzalemske crkve Svetoga groba dimenzija 2.5 x [&hellip;]<\/p>\n","protected":false},"author":2,"featured_media":132617,"comment_status":"closed","ping_status":"closed","sticky":false,"template":"","format":"standard","meta":{"h5ap_radio_sources":[],"footnotes":""},"categories":[1],"tags":[],"class_list":["post-132616","post","type-post","status-publish","format-standard","has-post-thumbnail","hentry","category-bihiregija"],"yoast_head":"<!-- This site is optimized with the Yoast SEO plugin v27.5 - https:\/\/yoast.com\/product\/yoast-seo-wordpress\/ -->\n<title>U bazilici Svetog groba u Jeruzalemu otkriven drevni oltar - RADIO LJUBU\u0160KI<\/title>\n<meta name=\"robots\" content=\"index, follow, max-snippet:-1, max-image-preview:large, max-video-preview:-1\" \/>\n<link rel=\"canonical\" href=\"https:\/\/radioljubuski.ba\/index.php\/2022\/04\/14\/u-bazilici-svetog-groba-u-jeruzalemu-otkriven-drevni-oltar\/\" \/>\n<meta property=\"og:locale\" content=\"hr_HR\" \/>\n<meta property=\"og:type\" content=\"article\" \/>\n<meta property=\"og:title\" content=\"U bazilici Svetog groba u Jeruzalemu otkriven drevni oltar - RADIO LJUBU\u0160KI\" \/>\n<meta property=\"og:description\" content=\"Izraelski istra\u017eiva\u010di vjerojatno su otkrili drevni oltar u bazilici Svetoga groba u Jeruzalemu koji je stolje\u0107ima bio skriven od o\u010diju javnosti i smatraju da je kamena plo\u010da koju turisti ve\u0107 dugo koriste za urezivanje grafita ostatak iz Kri\u017earskih ratova. Rije\u010d je o kamenu stije\u0161njenom uza zid stra\u017enjeg hodnika jeruzalemske crkve Svetoga groba dimenzija 2.5 x [&hellip;]\" \/>\n<meta property=\"og:url\" content=\"https:\/\/radioljubuski.ba\/index.php\/2022\/04\/14\/u-bazilici-svetog-groba-u-jeruzalemu-otkriven-drevni-oltar\/\" \/>\n<meta property=\"og:site_name\" content=\"RADIO LJUBU\u0160KI\" \/>\n<meta property=\"article:publisher\" content=\"https:\/\/www.facebook.com\/Radiio-Ljubuski-1490835324566332\" \/>\n<meta property=\"article:published_time\" content=\"2022-04-14T22:08:14+00:00\" \/>\n<meta property=\"article:modified_time\" content=\"2022-04-14T22:08:15+00:00\" \/>\n<meta property=\"og:image\" content=\"https:\/\/radioljubuski.ba\/wp-content\/uploads\/2022\/04\/8-2022-04-14-11-53-01-jeruzalem.jpg\" \/>\n\t<meta property=\"og:image:width\" content=\"1000\" \/>\n\t<meta property=\"og:image:height\" content=\"625\" \/>\n\t<meta property=\"og:image:type\" content=\"image\/jpeg\" \/>\n<meta name=\"author\" content=\"Radio Ljubu\u0161ki\" \/>\n<meta name=\"twitter:card\" content=\"summary_large_image\" \/>\n<meta name=\"twitter:creator\" content=\"@radioljubuski\" \/>\n<meta name=\"twitter:site\" content=\"@radioljubuski\" \/>\n<meta name=\"twitter:label1\" content=\"Napisao\/la\" \/>\n\t<meta name=\"twitter:data1\" content=\"Radio Ljubu\u0161ki\" \/>\n\t<meta name=\"twitter:label2\" content=\"Procijenjeno vrijeme \u010ditanja\" \/>\n\t<meta name=\"twitter:data2\" content=\"2 minute\" \/>\n<script type=\"application\/ld+json\" class=\"yoast-schema-graph\">{\"@context\":\"https:\\\/\\\/schema.org\",\"@graph\":[{\"@type\":\"Article\",\"@id\":\"https:\\\/\\\/radioljubuski.ba\\\/index.php\\\/2022\\\/04\\\/14\\\/u-bazilici-svetog-groba-u-jeruzalemu-otkriven-drevni-oltar\\\/#article\",\"isPartOf\":{\"@id\":\"https:\\\/\\\/radioljubuski.ba\\\/index.php\\\/2022\\\/04\\\/14\\\/u-bazilici-svetog-groba-u-jeruzalemu-otkriven-drevni-oltar\\\/\"},\"author\":{\"name\":\"Radio Ljubu\u0161ki\",\"@id\":\"https:\\\/\\\/radioljubuski.ba\\\/#\\\/schema\\\/person\\\/19fc700381a780f69665d7956c469e3b\"},\"headline\":\"U bazilici Svetog groba u Jeruzalemu otkriven drevni oltar\",\"datePublished\":\"2022-04-14T22:08:14+00:00\",\"dateModified\":\"2022-04-14T22:08:15+00:00\",\"mainEntityOfPage\":{\"@id\":\"https:\\\/\\\/radioljubuski.ba\\\/index.php\\\/2022\\\/04\\\/14\\\/u-bazilici-svetog-groba-u-jeruzalemu-otkriven-drevni-oltar\\\/\"},\"wordCount\":444,\"publisher\":{\"@id\":\"https:\\\/\\\/radioljubuski.ba\\\/#organization\"},\"image\":{\"@id\":\"https:\\\/\\\/radioljubuski.ba\\\/index.php\\\/2022\\\/04\\\/14\\\/u-bazilici-svetog-groba-u-jeruzalemu-otkriven-drevni-oltar\\\/#primaryimage\"},\"thumbnailUrl\":\"https:\\\/\\\/radioljubuski.ba\\\/wp-content\\\/uploads\\\/2022\\\/04\\\/8-2022-04-14-11-53-01-jeruzalem.jpg\",\"articleSection\":[\"BIH i regija\"],\"inLanguage\":\"hr\"},{\"@type\":\"WebPage\",\"@id\":\"https:\\\/\\\/radioljubuski.ba\\\/index.php\\\/2022\\\/04\\\/14\\\/u-bazilici-svetog-groba-u-jeruzalemu-otkriven-drevni-oltar\\\/\",\"url\":\"https:\\\/\\\/radioljubuski.ba\\\/index.php\\\/2022\\\/04\\\/14\\\/u-bazilici-svetog-groba-u-jeruzalemu-otkriven-drevni-oltar\\\/\",\"name\":\"U bazilici Svetog groba u Jeruzalemu otkriven drevni oltar - RADIO LJUBU\u0160KI\",\"isPartOf\":{\"@id\":\"https:\\\/\\\/radioljubuski.ba\\\/#website\"},\"primaryImageOfPage\":{\"@id\":\"https:\\\/\\\/radioljubuski.ba\\\/index.php\\\/2022\\\/04\\\/14\\\/u-bazilici-svetog-groba-u-jeruzalemu-otkriven-drevni-oltar\\\/#primaryimage\"},\"image\":{\"@id\":\"https:\\\/\\\/radioljubuski.ba\\\/index.php\\\/2022\\\/04\\\/14\\\/u-bazilici-svetog-groba-u-jeruzalemu-otkriven-drevni-oltar\\\/#primaryimage\"},\"thumbnailUrl\":\"https:\\\/\\\/radioljubuski.ba\\\/wp-content\\\/uploads\\\/2022\\\/04\\\/8-2022-04-14-11-53-01-jeruzalem.jpg\",\"datePublished\":\"2022-04-14T22:08:14+00:00\",\"dateModified\":\"2022-04-14T22:08:15+00:00\",\"breadcrumb\":{\"@id\":\"https:\\\/\\\/radioljubuski.ba\\\/index.php\\\/2022\\\/04\\\/14\\\/u-bazilici-svetog-groba-u-jeruzalemu-otkriven-drevni-oltar\\\/#breadcrumb\"},\"inLanguage\":\"hr\",\"potentialAction\":[{\"@type\":\"ReadAction\",\"target\":[\"https:\\\/\\\/radioljubuski.ba\\\/index.php\\\/2022\\\/04\\\/14\\\/u-bazilici-svetog-groba-u-jeruzalemu-otkriven-drevni-oltar\\\/\"]}]},{\"@type\":\"ImageObject\",\"inLanguage\":\"hr\",\"@id\":\"https:\\\/\\\/radioljubuski.ba\\\/index.php\\\/2022\\\/04\\\/14\\\/u-bazilici-svetog-groba-u-jeruzalemu-otkriven-drevni-oltar\\\/#primaryimage\",\"url\":\"https:\\\/\\\/radioljubuski.ba\\\/wp-content\\\/uploads\\\/2022\\\/04\\\/8-2022-04-14-11-53-01-jeruzalem.jpg\",\"contentUrl\":\"https:\\\/\\\/radioljubuski.ba\\\/wp-content\\\/uploads\\\/2022\\\/04\\\/8-2022-04-14-11-53-01-jeruzalem.jpg\",\"width\":1000,\"height\":625},{\"@type\":\"BreadcrumbList\",\"@id\":\"https:\\\/\\\/radioljubuski.ba\\\/index.php\\\/2022\\\/04\\\/14\\\/u-bazilici-svetog-groba-u-jeruzalemu-otkriven-drevni-oltar\\\/#breadcrumb\",\"itemListElement\":[{\"@type\":\"ListItem\",\"position\":1,\"name\":\"Po\u010detna stranica\",\"item\":\"https:\\\/\\\/radioljubuski.ba\\\/\"},{\"@type\":\"ListItem\",\"position\":2,\"name\":\"U bazilici Svetog groba u Jeruzalemu otkriven drevni oltar\"}]},{\"@type\":\"WebSite\",\"@id\":\"https:\\\/\\\/radioljubuski.ba\\\/#website\",\"url\":\"https:\\\/\\\/radioljubuski.ba\\\/\",\"name\":\"Radio Ljubu\u0161ki\",\"description\":\"Sun\u010dana frekvencija Hercegovine\",\"publisher\":{\"@id\":\"https:\\\/\\\/radioljubuski.ba\\\/#organization\"},\"potentialAction\":[{\"@type\":\"SearchAction\",\"target\":{\"@type\":\"EntryPoint\",\"urlTemplate\":\"https:\\\/\\\/radioljubuski.ba\\\/?s={search_term_string}\"},\"query-input\":{\"@type\":\"PropertyValueSpecification\",\"valueRequired\":true,\"valueName\":\"search_term_string\"}}],\"inLanguage\":\"hr\"},{\"@type\":\"Organization\",\"@id\":\"https:\\\/\\\/radioljubuski.ba\\\/#organization\",\"name\":\"Radio Ljubu\u0161ki\",\"url\":\"https:\\\/\\\/radioljubuski.ba\\\/\",\"logo\":{\"@type\":\"ImageObject\",\"inLanguage\":\"hr\",\"@id\":\"https:\\\/\\\/radioljubuski.ba\\\/#\\\/schema\\\/logo\\\/image\\\/\",\"url\":\"https:\\\/\\\/radioljubuski.ba\\\/wp-content\\\/uploads\\\/2021\\\/02\\\/cropped-Radio_Ljubuski_logo1.jpg\",\"contentUrl\":\"https:\\\/\\\/radioljubuski.ba\\\/wp-content\\\/uploads\\\/2021\\\/02\\\/cropped-Radio_Ljubuski_logo1.jpg\",\"width\":512,\"height\":512,\"caption\":\"Radio Ljubu\u0161ki\"},\"image\":{\"@id\":\"https:\\\/\\\/radioljubuski.ba\\\/#\\\/schema\\\/logo\\\/image\\\/\"},\"sameAs\":[\"https:\\\/\\\/www.facebook.com\\\/Radiio-Ljubuski-1490835324566332\",\"https:\\\/\\\/x.com\\\/radioljubuski\",\"https:\\\/\\\/hr.linkedin.com\\\/company\\\/radio-ljubuski\",\"https:\\\/\\\/www.youtube.com\\\/channel\\\/UCHYaeO_n0Db3tjNGudGpXyw\"]},{\"@type\":\"Person\",\"@id\":\"https:\\\/\\\/radioljubuski.ba\\\/#\\\/schema\\\/person\\\/19fc700381a780f69665d7956c469e3b\",\"name\":\"Radio Ljubu\u0161ki\"}]}<\/script>\n<!-- \/ Yoast SEO plugin. -->","yoast_head_json":{"title":"U bazilici Svetog groba u Jeruzalemu otkriven drevni oltar - RADIO LJUBU\u0160KI","robots":{"index":"index","follow":"follow","max-snippet":"max-snippet:-1","max-image-preview":"max-image-preview:large","max-video-preview":"max-video-preview:-1"},"canonical":"https:\/\/radioljubuski.ba\/index.php\/2022\/04\/14\/u-bazilici-svetog-groba-u-jeruzalemu-otkriven-drevni-oltar\/","og_locale":"hr_HR","og_type":"article","og_title":"U bazilici Svetog groba u Jeruzalemu otkriven drevni oltar - RADIO LJUBU\u0160KI","og_description":"Izraelski istra\u017eiva\u010di vjerojatno su otkrili drevni oltar u bazilici Svetoga groba u Jeruzalemu koji je stolje\u0107ima bio skriven od o\u010diju javnosti i smatraju da je kamena plo\u010da koju turisti ve\u0107 dugo koriste za urezivanje grafita ostatak iz Kri\u017earskih ratova. Rije\u010d je o kamenu stije\u0161njenom uza zid stra\u017enjeg hodnika jeruzalemske crkve Svetoga groba dimenzija 2.5 x [&hellip;]","og_url":"https:\/\/radioljubuski.ba\/index.php\/2022\/04\/14\/u-bazilici-svetog-groba-u-jeruzalemu-otkriven-drevni-oltar\/","og_site_name":"RADIO LJUBU\u0160KI","article_publisher":"https:\/\/www.facebook.com\/Radiio-Ljubuski-1490835324566332","article_published_time":"2022-04-14T22:08:14+00:00","article_modified_time":"2022-04-14T22:08:15+00:00","og_image":[{"width":1000,"height":625,"url":"https:\/\/radioljubuski.ba\/wp-content\/uploads\/2022\/04\/8-2022-04-14-11-53-01-jeruzalem.jpg","type":"image\/jpeg"}],"author":"Radio Ljubu\u0161ki","twitter_card":"summary_large_image","twitter_creator":"@radioljubuski","twitter_site":"@radioljubuski","twitter_misc":{"Napisao\/la":"Radio Ljubu\u0161ki","Procijenjeno vrijeme \u010ditanja":"2 minute"},"schema":{"@context":"https:\/\/schema.org","@graph":[{"@type":"Article","@id":"https:\/\/radioljubuski.ba\/index.php\/2022\/04\/14\/u-bazilici-svetog-groba-u-jeruzalemu-otkriven-drevni-oltar\/#article","isPartOf":{"@id":"https:\/\/radioljubuski.ba\/index.php\/2022\/04\/14\/u-bazilici-svetog-groba-u-jeruzalemu-otkriven-drevni-oltar\/"},"author":{"name":"Radio Ljubu\u0161ki","@id":"https:\/\/radioljubuski.ba\/#\/schema\/person\/19fc700381a780f69665d7956c469e3b"},"headline":"U bazilici Svetog groba u Jeruzalemu otkriven drevni oltar","datePublished":"2022-04-14T22:08:14+00:00","dateModified":"2022-04-14T22:08:15+00:00","mainEntityOfPage":{"@id":"https:\/\/radioljubuski.ba\/index.php\/2022\/04\/14\/u-bazilici-svetog-groba-u-jeruzalemu-otkriven-drevni-oltar\/"},"wordCount":444,"publisher":{"@id":"https:\/\/radioljubuski.ba\/#organization"},"image":{"@id":"https:\/\/radioljubuski.ba\/index.php\/2022\/04\/14\/u-bazilici-svetog-groba-u-jeruzalemu-otkriven-drevni-oltar\/#primaryimage"},"thumbnailUrl":"https:\/\/radioljubuski.ba\/wp-content\/uploads\/2022\/04\/8-2022-04-14-11-53-01-jeruzalem.jpg","articleSection":["BIH i regija"],"inLanguage":"hr"},{"@type":"WebPage","@id":"https:\/\/radioljubuski.ba\/index.php\/2022\/04\/14\/u-bazilici-svetog-groba-u-jeruzalemu-otkriven-drevni-oltar\/","url":"https:\/\/radioljubuski.ba\/index.php\/2022\/04\/14\/u-bazilici-svetog-groba-u-jeruzalemu-otkriven-drevni-oltar\/","name":"U bazilici Svetog groba u Jeruzalemu otkriven drevni oltar - RADIO LJUBU\u0160KI","isPartOf":{"@id":"https:\/\/radioljubuski.ba\/#website"},"primaryImageOfPage":{"@id":"https:\/\/radioljubuski.ba\/index.php\/2022\/04\/14\/u-bazilici-svetog-groba-u-jeruzalemu-otkriven-drevni-oltar\/#primaryimage"},"image":{"@id":"https:\/\/radioljubuski.ba\/index.php\/2022\/04\/14\/u-bazilici-svetog-groba-u-jeruzalemu-otkriven-drevni-oltar\/#primaryimage"},"thumbnailUrl":"https:\/\/radioljubuski.ba\/wp-content\/uploads\/2022\/04\/8-2022-04-14-11-53-01-jeruzalem.jpg","datePublished":"2022-04-14T22:08:14+00:00","dateModified":"2022-04-14T22:08:15+00:00","breadcrumb":{"@id":"https:\/\/radioljubuski.ba\/index.php\/2022\/04\/14\/u-bazilici-svetog-groba-u-jeruzalemu-otkriven-drevni-oltar\/#breadcrumb"},"inLanguage":"hr","potentialAction":[{"@type":"ReadAction","target":["https:\/\/radioljubuski.ba\/index.php\/2022\/04\/14\/u-bazilici-svetog-groba-u-jeruzalemu-otkriven-drevni-oltar\/"]}]},{"@type":"ImageObject","inLanguage":"hr","@id":"https:\/\/radioljubuski.ba\/index.php\/2022\/04\/14\/u-bazilici-svetog-groba-u-jeruzalemu-otkriven-drevni-oltar\/#primaryimage","url":"https:\/\/radioljubuski.ba\/wp-content\/uploads\/2022\/04\/8-2022-04-14-11-53-01-jeruzalem.jpg","contentUrl":"https:\/\/radioljubuski.ba\/wp-content\/uploads\/2022\/04\/8-2022-04-14-11-53-01-jeruzalem.jpg","width":1000,"height":625},{"@type":"BreadcrumbList","@id":"https:\/\/radioljubuski.ba\/index.php\/2022\/04\/14\/u-bazilici-svetog-groba-u-jeruzalemu-otkriven-drevni-oltar\/#breadcrumb","itemListElement":[{"@type":"ListItem","position":1,"name":"Po\u010detna stranica","item":"https:\/\/radioljubuski.ba\/"},{"@type":"ListItem","position":2,"name":"U bazilici Svetog groba u Jeruzalemu otkriven drevni oltar"}]},{"@type":"WebSite","@id":"https:\/\/radioljubuski.ba\/#website","url":"https:\/\/radioljubuski.ba\/","name":"Radio Ljubu\u0161ki","description":"Sun\u010dana frekvencija Hercegovine","publisher":{"@id":"https:\/\/radioljubuski.ba\/#organization"},"potentialAction":[{"@type":"SearchAction","target":{"@type":"EntryPoint","urlTemplate":"https:\/\/radioljubuski.ba\/?s={search_term_string}"},"query-input":{"@type":"PropertyValueSpecification","valueRequired":true,"valueName":"search_term_string"}}],"inLanguage":"hr"},{"@type":"Organization","@id":"https:\/\/radioljubuski.ba\/#organization","name":"Radio Ljubu\u0161ki","url":"https:\/\/radioljubuski.ba\/","logo":{"@type":"ImageObject","inLanguage":"hr","@id":"https:\/\/radioljubuski.ba\/#\/schema\/logo\/image\/","url":"https:\/\/radioljubuski.ba\/wp-content\/uploads\/2021\/02\/cropped-Radio_Ljubuski_logo1.jpg","contentUrl":"https:\/\/radioljubuski.ba\/wp-content\/uploads\/2021\/02\/cropped-Radio_Ljubuski_logo1.jpg","width":512,"height":512,"caption":"Radio Ljubu\u0161ki"},"image":{"@id":"https:\/\/radioljubuski.ba\/#\/schema\/logo\/image\/"},"sameAs":["https:\/\/www.facebook.com\/Radiio-Ljubuski-1490835324566332","https:\/\/x.com\/radioljubuski","https:\/\/hr.linkedin.com\/company\/radio-ljubuski","https:\/\/www.youtube.com\/channel\/UCHYaeO_n0Db3tjNGudGpXyw"]},{"@type":"Person","@id":"https:\/\/radioljubuski.ba\/#\/schema\/person\/19fc700381a780f69665d7956c469e3b","name":"Radio Ljubu\u0161ki"}]}},"_links":{"self":[{"href":"https:\/\/radioljubuski.ba\/index.php\/wp-json\/wp\/v2\/posts\/132616","targetHints":{"allow":["GET"]}}],"collection":[{"href":"https:\/\/radioljubuski.ba\/index.php\/wp-json\/wp\/v2\/posts"}],"about":[{"href":"https:\/\/radioljubuski.ba\/index.php\/wp-json\/wp\/v2\/types\/post"}],"author":[{"embeddable":true,"href":"https:\/\/radioljubuski.ba\/index.php\/wp-json\/wp\/v2\/users\/2"}],"replies":[{"embeddable":true,"href":"https:\/\/radioljubuski.ba\/index.php\/wp-json\/wp\/v2\/comments?post=132616"}],"version-history":[{"count":1,"href":"https:\/\/radioljubuski.ba\/index.php\/wp-json\/wp\/v2\/posts\/132616\/revisions"}],"predecessor-version":[{"id":132618,"href":"https:\/\/radioljubuski.ba\/index.php\/wp-json\/wp\/v2\/posts\/132616\/revisions\/132618"}],"wp:featuredmedia":[{"embeddable":true,"href":"https:\/\/radioljubuski.ba\/index.php\/wp-json\/wp\/v2\/media\/132617"}],"wp:attachment":[{"href":"https:\/\/radioljubuski.ba\/index.php\/wp-json\/wp\/v2\/media?parent=132616"}],"wp:term":[{"taxonomy":"category","embeddable":true,"href":"https:\/\/radioljubuski.ba\/index.php\/wp-json\/wp\/v2\/categories?post=132616"},{"taxonomy":"post_tag","embeddable":true,"href":"https:\/\/radioljubuski.ba\/index.php\/wp-json\/wp\/v2\/tags?post=132616"}],"curies":[{"name":"wp","href":"https:\/\/api.w.org\/{rel}","templated":true}]}}