{"id":132621,"date":"2022-04-14T23:10:39","date_gmt":"2022-04-14T22:10:39","guid":{"rendered":"https:\/\/radioljubuski.ba\/?p=132621"},"modified":"2022-04-14T23:10:40","modified_gmt":"2022-04-14T22:10:40","slug":"maturant-upao-na-cak-27-fakulteta-video","status":"publish","type":"post","link":"https:\/\/radioljubuski.ba\/index.php\/2022\/04\/14\/maturant-upao-na-cak-27-fakulteta-video\/","title":{"rendered":"Maturant upao na \u010dak 27 fakulteta &#8211; video"},"content":{"rendered":"\n<p>Maturant Jonathan Walker slavi nakon \u0161to je primljen na 27 koled\u017ea i sveu\u010dili\u0161ta, uklju\u010duju\u0107i Harvard, Stanford i MIT. Osim toga, dobio je vi\u0161e od 4 milijuna dolara stipendije.<\/p>\n\n\n\n<p>&#8220;Bilo je iznena\u0111enje vidjeti da su svi bili zainteresirani za mene i da su htjeli da poha\u0111am njihovu instituciju, da mi nude prijem&#8230; bila je to tona uzbu\u0111enja&#8221;, rekao je Walker tijekom intervjua za ABC News. Walker, maturant iz Panama Cityja na Floridi, rekao je da je prona\u0161ao ne\u0161to \u0161to mu se svi\u0111a na svakom od navedenih fakulteta i prijavio se samo u one u kojima bi mogao biti &#8220;sretan&#8221;, prenosi&nbsp;<a href=\"https:\/\/www.index.hr\/magazin\/clanak\/ovaj-decko-je-upao-na-27-fakulteta-i-dobio-gotovo-28-milijuna-kuna-u-stipendijama\/2356169.aspx?index_ref=naslovnica_magazin_prva_d\" target=\"_blank\" rel=\"noreferrer noopener\">Index<\/a><\/p>\n\n\n\n<p>&#8220;Mogao sam se vidjeti u svakom od fakulteta na mom popisu i nisam se prijavio nigdje gdje mislim da ne bih mogao biti sretan. Jednostavno sam napravio popis i po\u010deo se prijavljivati&#8221;, rekao je Walker.<\/p>\n\n\n\n<p>Sada kad ima veliki izbor od 27 fakulteta ka\u017ee da poku\u0161ava odlu\u010diti kamo \u0107e na jesen.<\/p>\n\n\n\n<p>&#8220;Uspio sam malo suziti&#8230; Nadam se da \u0107u u sljede\u0107ih nekoliko tjedana mo\u0107i donijeti dobru odluku&#8221;, rekao je.<\/p>\n\n\n\n<p>&#8220;Uglavnom sam zainteresiran za in\u017eenjering, kao i za poduzetni\u0161tvo. Tako\u0111er istra\u017eujem mogu\u0107nost stvaranja nekog vlastitog smjera budu\u0107i da imam puno razli\u010ditih interesa\u201d, rekao je Walker.<\/p>\n\n\n\n<p>&#8220;Roditelji su mi prije nekoliko godina donijeli set iz kemije&#8230; Prona\u0161ao sam na\u010din da tu znati\u017eelju usmjerim u znanost koja je ubrzo procvjetala u in\u017eenjerstvo. A onda sam stvarno nau\u010dio da mogu koristiti in\u017eenjering da pomognem ljudima.<\/p>\n\n\n\n<p>I tako sam postao jako zainteresiran za stvaranje ure\u0111aja koji bi mogli pomo\u0107i ugro\u017eenim zajednicama i ljudima koji se suo\u010davaju s te\u0161kim problemima&#8221;, ka\u017ee mladi\u0107.<\/p>\n\n\n\n<p>Dodaje da s partnerom radi na ure\u0111aju za zape\u0161\u0107e koji slijepim i gluhim osobama omogu\u0107uje bolju komunikaciju s ljudima. Prethodno je stvorio ure\u0111aj koji podsje\u0107a korisnika na lijekove na recept. Walker je aktivan u znanstvenom klubu, me\u0111unarodnom programu mature i sveu\u010dili\u0161noj nogometnoj reprezentaciji.<\/p>\n\n\n\n<p>\u201cBio sam blagoslovljen od Boga, s puno sposobnosti, i \u017eelim odvojiti vrijeme i iskoristiti ga u najve\u0107oj mjeri, pozitivno utjecati i poku\u0161ati nadahnuti druge ljude. I zato sam samo zahvalan na polo\u017eaju u koji sam stavljen&#8221;, zaklju\u010dio je.<\/p>\n\n\n\n<iframe loading=\"lazy\" title=\"Meet the Florida teen accepted into 27 universities with $4 million in scholarships l GMA\" width=\"640\" height=\"480\" src=\"https:\/\/www.youtube.com\/embed\/1i0eR3mtxLY?feature=oembed\" frameborder=\"0\" allow=\"accelerometer; autoplay; clipboard-write; encrypted-media; gyroscope; picture-in-picture; web-share\" referrerpolicy=\"strict-origin-when-cross-origin\" allowfullscreen><\/iframe>\n\n\n\n<p>Izvor:index.hr<\/p>\n","protected":false},"excerpt":{"rendered":"<p>Maturant Jonathan Walker slavi nakon \u0161to je primljen na 27 koled\u017ea i sveu\u010dili\u0161ta, uklju\u010duju\u0107i Harvard, Stanford i MIT. Osim toga, dobio je vi\u0161e od 4 milijuna dolara stipendije. &#8220;Bilo je iznena\u0111enje vidjeti da su svi bili zainteresirani za mene i da su htjeli da poha\u0111am njihovu instituciju, da mi nude prijem&#8230; bila je to tona [&hellip;]<\/p>\n","protected":false},"author":2,"featured_media":132622,"comment_status":"closed","ping_status":"closed","sticky":false,"template":"","format":"standard","meta":{"h5ap_radio_sources":[],"footnotes":""},"categories":[1],"tags":[],"class_list":["post-132621","post","type-post","status-publish","format-standard","has-post-thumbnail","hentry","category-bihiregija"],"yoast_head":"<!-- This site is optimized with the Yoast SEO plugin v27.5 - https:\/\/yoast.com\/product\/yoast-seo-wordpress\/ -->\n<title>Maturant upao na \u010dak 27 fakulteta - video - RADIO LJUBU\u0160KI<\/title>\n<meta name=\"robots\" content=\"index, follow, max-snippet:-1, max-image-preview:large, max-video-preview:-1\" \/>\n<link rel=\"canonical\" href=\"https:\/\/radioljubuski.ba\/index.php\/2022\/04\/14\/maturant-upao-na-cak-27-fakulteta-video\/\" \/>\n<meta property=\"og:locale\" content=\"hr_HR\" \/>\n<meta property=\"og:type\" content=\"article\" \/>\n<meta property=\"og:title\" content=\"Maturant upao na \u010dak 27 fakulteta - video - RADIO LJUBU\u0160KI\" \/>\n<meta property=\"og:description\" content=\"Maturant Jonathan Walker slavi nakon \u0161to je primljen na 27 koled\u017ea i sveu\u010dili\u0161ta, uklju\u010duju\u0107i Harvard, Stanford i MIT. Osim toga, dobio je vi\u0161e od 4 milijuna dolara stipendije. &#8220;Bilo je iznena\u0111enje vidjeti da su svi bili zainteresirani za mene i da su htjeli da poha\u0111am njihovu instituciju, da mi nude prijem&#8230; bila je to tona [&hellip;]\" \/>\n<meta property=\"og:url\" content=\"https:\/\/radioljubuski.ba\/index.php\/2022\/04\/14\/maturant-upao-na-cak-27-fakulteta-video\/\" \/>\n<meta property=\"og:site_name\" content=\"RADIO LJUBU\u0160KI\" \/>\n<meta property=\"article:publisher\" content=\"https:\/\/www.facebook.com\/Radiio-Ljubuski-1490835324566332\" \/>\n<meta property=\"article:published_time\" content=\"2022-04-14T22:10:39+00:00\" \/>\n<meta property=\"article:modified_time\" content=\"2022-04-14T22:10:40+00:00\" \/>\n<meta property=\"og:image\" content=\"https:\/\/radioljubuski.ba\/wp-content\/uploads\/2022\/04\/8-2022-04-14-12-04-38-WALKER.jpg\" \/>\n\t<meta property=\"og:image:width\" content=\"1000\" \/>\n\t<meta property=\"og:image:height\" content=\"625\" \/>\n\t<meta property=\"og:image:type\" content=\"image\/jpeg\" \/>\n<meta name=\"author\" content=\"Radio Ljubu\u0161ki\" \/>\n<meta name=\"twitter:card\" content=\"summary_large_image\" \/>\n<meta name=\"twitter:creator\" content=\"@radioljubuski\" \/>\n<meta name=\"twitter:site\" content=\"@radioljubuski\" \/>\n<meta name=\"twitter:label1\" content=\"Napisao\/la\" \/>\n\t<meta name=\"twitter:data1\" content=\"Radio Ljubu\u0161ki\" \/>\n\t<meta name=\"twitter:label2\" content=\"Procijenjeno vrijeme \u010ditanja\" \/>\n\t<meta name=\"twitter:data2\" content=\"2 minute\" \/>\n<script type=\"application\/ld+json\" class=\"yoast-schema-graph\">{\"@context\":\"https:\\\/\\\/schema.org\",\"@graph\":[{\"@type\":\"Article\",\"@id\":\"https:\\\/\\\/radioljubuski.ba\\\/index.php\\\/2022\\\/04\\\/14\\\/maturant-upao-na-cak-27-fakulteta-video\\\/#article\",\"isPartOf\":{\"@id\":\"https:\\\/\\\/radioljubuski.ba\\\/index.php\\\/2022\\\/04\\\/14\\\/maturant-upao-na-cak-27-fakulteta-video\\\/\"},\"author\":{\"name\":\"Radio Ljubu\u0161ki\",\"@id\":\"https:\\\/\\\/radioljubuski.ba\\\/#\\\/schema\\\/person\\\/19fc700381a780f69665d7956c469e3b\"},\"headline\":\"Maturant upao na \u010dak 27 fakulteta &#8211; video\",\"datePublished\":\"2022-04-14T22:10:39+00:00\",\"dateModified\":\"2022-04-14T22:10:40+00:00\",\"mainEntityOfPage\":{\"@id\":\"https:\\\/\\\/radioljubuski.ba\\\/index.php\\\/2022\\\/04\\\/14\\\/maturant-upao-na-cak-27-fakulteta-video\\\/\"},\"wordCount\":403,\"publisher\":{\"@id\":\"https:\\\/\\\/radioljubuski.ba\\\/#organization\"},\"image\":{\"@id\":\"https:\\\/\\\/radioljubuski.ba\\\/index.php\\\/2022\\\/04\\\/14\\\/maturant-upao-na-cak-27-fakulteta-video\\\/#primaryimage\"},\"thumbnailUrl\":\"https:\\\/\\\/radioljubuski.ba\\\/wp-content\\\/uploads\\\/2022\\\/04\\\/8-2022-04-14-12-04-38-WALKER.jpg\",\"articleSection\":[\"BIH i regija\"],\"inLanguage\":\"hr\"},{\"@type\":\"WebPage\",\"@id\":\"https:\\\/\\\/radioljubuski.ba\\\/index.php\\\/2022\\\/04\\\/14\\\/maturant-upao-na-cak-27-fakulteta-video\\\/\",\"url\":\"https:\\\/\\\/radioljubuski.ba\\\/index.php\\\/2022\\\/04\\\/14\\\/maturant-upao-na-cak-27-fakulteta-video\\\/\",\"name\":\"Maturant upao na \u010dak 27 fakulteta - video - RADIO LJUBU\u0160KI\",\"isPartOf\":{\"@id\":\"https:\\\/\\\/radioljubuski.ba\\\/#website\"},\"primaryImageOfPage\":{\"@id\":\"https:\\\/\\\/radioljubuski.ba\\\/index.php\\\/2022\\\/04\\\/14\\\/maturant-upao-na-cak-27-fakulteta-video\\\/#primaryimage\"},\"image\":{\"@id\":\"https:\\\/\\\/radioljubuski.ba\\\/index.php\\\/2022\\\/04\\\/14\\\/maturant-upao-na-cak-27-fakulteta-video\\\/#primaryimage\"},\"thumbnailUrl\":\"https:\\\/\\\/radioljubuski.ba\\\/wp-content\\\/uploads\\\/2022\\\/04\\\/8-2022-04-14-12-04-38-WALKER.jpg\",\"datePublished\":\"2022-04-14T22:10:39+00:00\",\"dateModified\":\"2022-04-14T22:10:40+00:00\",\"breadcrumb\":{\"@id\":\"https:\\\/\\\/radioljubuski.ba\\\/index.php\\\/2022\\\/04\\\/14\\\/maturant-upao-na-cak-27-fakulteta-video\\\/#breadcrumb\"},\"inLanguage\":\"hr\",\"potentialAction\":[{\"@type\":\"ReadAction\",\"target\":[\"https:\\\/\\\/radioljubuski.ba\\\/index.php\\\/2022\\\/04\\\/14\\\/maturant-upao-na-cak-27-fakulteta-video\\\/\"]}]},{\"@type\":\"ImageObject\",\"inLanguage\":\"hr\",\"@id\":\"https:\\\/\\\/radioljubuski.ba\\\/index.php\\\/2022\\\/04\\\/14\\\/maturant-upao-na-cak-27-fakulteta-video\\\/#primaryimage\",\"url\":\"https:\\\/\\\/radioljubuski.ba\\\/wp-content\\\/uploads\\\/2022\\\/04\\\/8-2022-04-14-12-04-38-WALKER.jpg\",\"contentUrl\":\"https:\\\/\\\/radioljubuski.ba\\\/wp-content\\\/uploads\\\/2022\\\/04\\\/8-2022-04-14-12-04-38-WALKER.jpg\",\"width\":1000,\"height\":625},{\"@type\":\"BreadcrumbList\",\"@id\":\"https:\\\/\\\/radioljubuski.ba\\\/index.php\\\/2022\\\/04\\\/14\\\/maturant-upao-na-cak-27-fakulteta-video\\\/#breadcrumb\",\"itemListElement\":[{\"@type\":\"ListItem\",\"position\":1,\"name\":\"Po\u010detna stranica\",\"item\":\"https:\\\/\\\/radioljubuski.ba\\\/\"},{\"@type\":\"ListItem\",\"position\":2,\"name\":\"Maturant upao na \u010dak 27 fakulteta &#8211; video\"}]},{\"@type\":\"WebSite\",\"@id\":\"https:\\\/\\\/radioljubuski.ba\\\/#website\",\"url\":\"https:\\\/\\\/radioljubuski.ba\\\/\",\"name\":\"Radio Ljubu\u0161ki\",\"description\":\"Sun\u010dana frekvencija Hercegovine\",\"publisher\":{\"@id\":\"https:\\\/\\\/radioljubuski.ba\\\/#organization\"},\"potentialAction\":[{\"@type\":\"SearchAction\",\"target\":{\"@type\":\"EntryPoint\",\"urlTemplate\":\"https:\\\/\\\/radioljubuski.ba\\\/?s={search_term_string}\"},\"query-input\":{\"@type\":\"PropertyValueSpecification\",\"valueRequired\":true,\"valueName\":\"search_term_string\"}}],\"inLanguage\":\"hr\"},{\"@type\":\"Organization\",\"@id\":\"https:\\\/\\\/radioljubuski.ba\\\/#organization\",\"name\":\"Radio Ljubu\u0161ki\",\"url\":\"https:\\\/\\\/radioljubuski.ba\\\/\",\"logo\":{\"@type\":\"ImageObject\",\"inLanguage\":\"hr\",\"@id\":\"https:\\\/\\\/radioljubuski.ba\\\/#\\\/schema\\\/logo\\\/image\\\/\",\"url\":\"https:\\\/\\\/radioljubuski.ba\\\/wp-content\\\/uploads\\\/2021\\\/02\\\/cropped-Radio_Ljubuski_logo1.jpg\",\"contentUrl\":\"https:\\\/\\\/radioljubuski.ba\\\/wp-content\\\/uploads\\\/2021\\\/02\\\/cropped-Radio_Ljubuski_logo1.jpg\",\"width\":512,\"height\":512,\"caption\":\"Radio Ljubu\u0161ki\"},\"image\":{\"@id\":\"https:\\\/\\\/radioljubuski.ba\\\/#\\\/schema\\\/logo\\\/image\\\/\"},\"sameAs\":[\"https:\\\/\\\/www.facebook.com\\\/Radiio-Ljubuski-1490835324566332\",\"https:\\\/\\\/x.com\\\/radioljubuski\",\"https:\\\/\\\/hr.linkedin.com\\\/company\\\/radio-ljubuski\",\"https:\\\/\\\/www.youtube.com\\\/channel\\\/UCHYaeO_n0Db3tjNGudGpXyw\"]},{\"@type\":\"Person\",\"@id\":\"https:\\\/\\\/radioljubuski.ba\\\/#\\\/schema\\\/person\\\/19fc700381a780f69665d7956c469e3b\",\"name\":\"Radio Ljubu\u0161ki\"}]}<\/script>\n<!-- \/ Yoast SEO plugin. -->","yoast_head_json":{"title":"Maturant upao na \u010dak 27 fakulteta - video - RADIO LJUBU\u0160KI","robots":{"index":"index","follow":"follow","max-snippet":"max-snippet:-1","max-image-preview":"max-image-preview:large","max-video-preview":"max-video-preview:-1"},"canonical":"https:\/\/radioljubuski.ba\/index.php\/2022\/04\/14\/maturant-upao-na-cak-27-fakulteta-video\/","og_locale":"hr_HR","og_type":"article","og_title":"Maturant upao na \u010dak 27 fakulteta - video - RADIO LJUBU\u0160KI","og_description":"Maturant Jonathan Walker slavi nakon \u0161to je primljen na 27 koled\u017ea i sveu\u010dili\u0161ta, uklju\u010duju\u0107i Harvard, Stanford i MIT. Osim toga, dobio je vi\u0161e od 4 milijuna dolara stipendije. &#8220;Bilo je iznena\u0111enje vidjeti da su svi bili zainteresirani za mene i da su htjeli da poha\u0111am njihovu instituciju, da mi nude prijem&#8230; bila je to tona [&hellip;]","og_url":"https:\/\/radioljubuski.ba\/index.php\/2022\/04\/14\/maturant-upao-na-cak-27-fakulteta-video\/","og_site_name":"RADIO LJUBU\u0160KI","article_publisher":"https:\/\/www.facebook.com\/Radiio-Ljubuski-1490835324566332","article_published_time":"2022-04-14T22:10:39+00:00","article_modified_time":"2022-04-14T22:10:40+00:00","og_image":[{"width":1000,"height":625,"url":"https:\/\/radioljubuski.ba\/wp-content\/uploads\/2022\/04\/8-2022-04-14-12-04-38-WALKER.jpg","type":"image\/jpeg"}],"author":"Radio Ljubu\u0161ki","twitter_card":"summary_large_image","twitter_creator":"@radioljubuski","twitter_site":"@radioljubuski","twitter_misc":{"Napisao\/la":"Radio Ljubu\u0161ki","Procijenjeno vrijeme \u010ditanja":"2 minute"},"schema":{"@context":"https:\/\/schema.org","@graph":[{"@type":"Article","@id":"https:\/\/radioljubuski.ba\/index.php\/2022\/04\/14\/maturant-upao-na-cak-27-fakulteta-video\/#article","isPartOf":{"@id":"https:\/\/radioljubuski.ba\/index.php\/2022\/04\/14\/maturant-upao-na-cak-27-fakulteta-video\/"},"author":{"name":"Radio Ljubu\u0161ki","@id":"https:\/\/radioljubuski.ba\/#\/schema\/person\/19fc700381a780f69665d7956c469e3b"},"headline":"Maturant upao na \u010dak 27 fakulteta &#8211; video","datePublished":"2022-04-14T22:10:39+00:00","dateModified":"2022-04-14T22:10:40+00:00","mainEntityOfPage":{"@id":"https:\/\/radioljubuski.ba\/index.php\/2022\/04\/14\/maturant-upao-na-cak-27-fakulteta-video\/"},"wordCount":403,"publisher":{"@id":"https:\/\/radioljubuski.ba\/#organization"},"image":{"@id":"https:\/\/radioljubuski.ba\/index.php\/2022\/04\/14\/maturant-upao-na-cak-27-fakulteta-video\/#primaryimage"},"thumbnailUrl":"https:\/\/radioljubuski.ba\/wp-content\/uploads\/2022\/04\/8-2022-04-14-12-04-38-WALKER.jpg","articleSection":["BIH i regija"],"inLanguage":"hr"},{"@type":"WebPage","@id":"https:\/\/radioljubuski.ba\/index.php\/2022\/04\/14\/maturant-upao-na-cak-27-fakulteta-video\/","url":"https:\/\/radioljubuski.ba\/index.php\/2022\/04\/14\/maturant-upao-na-cak-27-fakulteta-video\/","name":"Maturant upao na \u010dak 27 fakulteta - video - RADIO LJUBU\u0160KI","isPartOf":{"@id":"https:\/\/radioljubuski.ba\/#website"},"primaryImageOfPage":{"@id":"https:\/\/radioljubuski.ba\/index.php\/2022\/04\/14\/maturant-upao-na-cak-27-fakulteta-video\/#primaryimage"},"image":{"@id":"https:\/\/radioljubuski.ba\/index.php\/2022\/04\/14\/maturant-upao-na-cak-27-fakulteta-video\/#primaryimage"},"thumbnailUrl":"https:\/\/radioljubuski.ba\/wp-content\/uploads\/2022\/04\/8-2022-04-14-12-04-38-WALKER.jpg","datePublished":"2022-04-14T22:10:39+00:00","dateModified":"2022-04-14T22:10:40+00:00","breadcrumb":{"@id":"https:\/\/radioljubuski.ba\/index.php\/2022\/04\/14\/maturant-upao-na-cak-27-fakulteta-video\/#breadcrumb"},"inLanguage":"hr","potentialAction":[{"@type":"ReadAction","target":["https:\/\/radioljubuski.ba\/index.php\/2022\/04\/14\/maturant-upao-na-cak-27-fakulteta-video\/"]}]},{"@type":"ImageObject","inLanguage":"hr","@id":"https:\/\/radioljubuski.ba\/index.php\/2022\/04\/14\/maturant-upao-na-cak-27-fakulteta-video\/#primaryimage","url":"https:\/\/radioljubuski.ba\/wp-content\/uploads\/2022\/04\/8-2022-04-14-12-04-38-WALKER.jpg","contentUrl":"https:\/\/radioljubuski.ba\/wp-content\/uploads\/2022\/04\/8-2022-04-14-12-04-38-WALKER.jpg","width":1000,"height":625},{"@type":"BreadcrumbList","@id":"https:\/\/radioljubuski.ba\/index.php\/2022\/04\/14\/maturant-upao-na-cak-27-fakulteta-video\/#breadcrumb","itemListElement":[{"@type":"ListItem","position":1,"name":"Po\u010detna stranica","item":"https:\/\/radioljubuski.ba\/"},{"@type":"ListItem","position":2,"name":"Maturant upao na \u010dak 27 fakulteta &#8211; video"}]},{"@type":"WebSite","@id":"https:\/\/radioljubuski.ba\/#website","url":"https:\/\/radioljubuski.ba\/","name":"Radio Ljubu\u0161ki","description":"Sun\u010dana frekvencija Hercegovine","publisher":{"@id":"https:\/\/radioljubuski.ba\/#organization"},"potentialAction":[{"@type":"SearchAction","target":{"@type":"EntryPoint","urlTemplate":"https:\/\/radioljubuski.ba\/?s={search_term_string}"},"query-input":{"@type":"PropertyValueSpecification","valueRequired":true,"valueName":"search_term_string"}}],"inLanguage":"hr"},{"@type":"Organization","@id":"https:\/\/radioljubuski.ba\/#organization","name":"Radio Ljubu\u0161ki","url":"https:\/\/radioljubuski.ba\/","logo":{"@type":"ImageObject","inLanguage":"hr","@id":"https:\/\/radioljubuski.ba\/#\/schema\/logo\/image\/","url":"https:\/\/radioljubuski.ba\/wp-content\/uploads\/2021\/02\/cropped-Radio_Ljubuski_logo1.jpg","contentUrl":"https:\/\/radioljubuski.ba\/wp-content\/uploads\/2021\/02\/cropped-Radio_Ljubuski_logo1.jpg","width":512,"height":512,"caption":"Radio Ljubu\u0161ki"},"image":{"@id":"https:\/\/radioljubuski.ba\/#\/schema\/logo\/image\/"},"sameAs":["https:\/\/www.facebook.com\/Radiio-Ljubuski-1490835324566332","https:\/\/x.com\/radioljubuski","https:\/\/hr.linkedin.com\/company\/radio-ljubuski","https:\/\/www.youtube.com\/channel\/UCHYaeO_n0Db3tjNGudGpXyw"]},{"@type":"Person","@id":"https:\/\/radioljubuski.ba\/#\/schema\/person\/19fc700381a780f69665d7956c469e3b","name":"Radio Ljubu\u0161ki"}]}},"_links":{"self":[{"href":"https:\/\/radioljubuski.ba\/index.php\/wp-json\/wp\/v2\/posts\/132621","targetHints":{"allow":["GET"]}}],"collection":[{"href":"https:\/\/radioljubuski.ba\/index.php\/wp-json\/wp\/v2\/posts"}],"about":[{"href":"https:\/\/radioljubuski.ba\/index.php\/wp-json\/wp\/v2\/types\/post"}],"author":[{"embeddable":true,"href":"https:\/\/radioljubuski.ba\/index.php\/wp-json\/wp\/v2\/users\/2"}],"replies":[{"embeddable":true,"href":"https:\/\/radioljubuski.ba\/index.php\/wp-json\/wp\/v2\/comments?post=132621"}],"version-history":[{"count":1,"href":"https:\/\/radioljubuski.ba\/index.php\/wp-json\/wp\/v2\/posts\/132621\/revisions"}],"predecessor-version":[{"id":132623,"href":"https:\/\/radioljubuski.ba\/index.php\/wp-json\/wp\/v2\/posts\/132621\/revisions\/132623"}],"wp:featuredmedia":[{"embeddable":true,"href":"https:\/\/radioljubuski.ba\/index.php\/wp-json\/wp\/v2\/media\/132622"}],"wp:attachment":[{"href":"https:\/\/radioljubuski.ba\/index.php\/wp-json\/wp\/v2\/media?parent=132621"}],"wp:term":[{"taxonomy":"category","embeddable":true,"href":"https:\/\/radioljubuski.ba\/index.php\/wp-json\/wp\/v2\/categories?post=132621"},{"taxonomy":"post_tag","embeddable":true,"href":"https:\/\/radioljubuski.ba\/index.php\/wp-json\/wp\/v2\/tags?post=132621"}],"curies":[{"name":"wp","href":"https:\/\/api.w.org\/{rel}","templated":true}]}}