{"id":132650,"date":"2022-04-14T23:23:00","date_gmt":"2022-04-14T22:23:00","guid":{"rendered":"https:\/\/radioljubuski.ba\/?p=132650"},"modified":"2022-04-14T23:23:01","modified_gmt":"2022-04-14T22:23:01","slug":"ivanisevic-novaka-volim-jos-vise-jer-nije-odustao-od-svojih-uvjerenja","status":"publish","type":"post","link":"https:\/\/radioljubuski.ba\/index.php\/2022\/04\/14\/ivanisevic-novaka-volim-jos-vise-jer-nije-odustao-od-svojih-uvjerenja\/","title":{"rendered":"Ivani\u0161evi\u0107: Novaka volim jo\u0161 vi\u0161e, jer nije odustao od svojih uvjerenja"},"content":{"rendered":"\n<p>Legendarni hrvatski tenisa\u010d Goran Ivani\u0161evi\u0107, trener prvog tenisa\u010da svijeta Novaka \u0110okovi\u0107a, izjavio je da nije zabrinut za formu svog \u0161ti\u0107enika te da \u0107e do obrane naslova na Roland Garrosu svjetski broj 1 igrati na svim turnirima na kojima \u0107e to biti mogu\u0107e.&nbsp;<\/p>\n\n\n\n<p>\u0110okovi\u0107 je u drugom kolu turnira u Monte Carlu izgubio u tri seta od \u0160panjolca Alejandra Davidovicha Fokine, a u tre\u0107em setu je bilo vidljivo da je ostao bez snage.<\/p>\n\n\n\n<p>&#8220;Nije se dobro osje\u0107ao, bio je prehla\u0111en i nije bio stoposto spreman. Prije tri tjedna nije ni znao da \u0107e igrati pa se bilo jako te\u0161ko mentalno pripremiti. Nismo o\u010dekivali ni\u0161ta spektakularno od ovog turnira, na\u0161 je cilj Roland Garros&#8221;, izjavio je Goran Ivani\u0161evi\u0107 u razgovoru za teniski mre\u017eni portal ubitennis.com.<\/p>\n\n\n\n<p>Ivani\u0161evi\u0107 je rekao da ga \u0110okovi\u0107eva sada\u0161nja forma ne zabrinjava.<\/p>\n\n\n\n<p>&#8220;Jedan je od najboljih igra\u010da u povijesti. Takvi igra\u010di uvijek prona\u0111u put do pobjede, izvuku se u problemati\u010dnim situacijama. Izvu\u0107i \u0107e se i on zahvaljuju\u0107i svojoj konstantnosti. I pro\u0161le je godine po\u010deo lo\u0161e na zemlji. Izgubio je u Monte Carlu od Evansa, a potom i u polufinalu prvog turnira u Beogradu. I onda je po\u010deo igrati dobro u Rimu, osvojio je drugi turnir u Beogradu i Roland Garros, tako da nisam zabrinut.&#8221;<\/p>\n\n\n\n<p>Osvrnuo se i na pro\u0161lu godinu u kojoj je \u0110okovi\u0107 hvatao &#8220;zlatni Grand Slam&#8221;, a na kraju ostao i bez olimpijskog odli\u010dja i bez Grand Slama nakon poraza od Danila Medvjedeva u finalu US Opena, u kojem \u0110okovi\u0107 nije bio u svom uobi\u010dajenom izdanju.<\/p>\n\n\n\n<p>&#8220;Voli igrati za svoju dr\u017eavu, uvijek \u017eeli igrati za Srbiju i u Davis Cupu. Nitko ga nije mogao odgovoriti od nastupa na Olimpijskim igrama i ne mislim da je to bila pogre\u0161ka. Mo\u017eda je pogrije\u0161io \u0161to je igrao i mje\u0161ovite parove, jer je na kraju bio umoran. Ne mislim da je izgubio finale, ve\u0107 je Medvjedev, koji je sjajan igra\u010d, tog dana bio bolji. Novak tog dana nije bio svoj, ali ne mislim da se to dogodilo zbog nastupa na Olimpijskim igrama. To je ljudski, mo\u017ee se svakom dogoditi.&#8221;<\/p>\n\n\n\n<p>U ovoj godini \u0110okovi\u0107 je nastupio na svega dva turnira zbog toga \u0161to je odbio cijepiti se protiv koronavirusa, \u0161to ga je ko\u0161talo i nastupa na Australian Openu. Iako to komplicira planiranje treninga i nastupa, Ivani\u0161evi\u0107 je pun razumijevanja za Novakovu odluku.<\/p>\n\n\n\n<p>&#8220;To je njegov \u017eivot i on odlu\u010duje, a ja to po\u0161tujem. Zapravo, volim ga jo\u0161 vi\u0161e zbog toga \u0161to je ostao dosljedan, iako je postajala opasnost da \u0107e mu to uni\u0161titi karijeru. On je jedini koji nije odustao od svojih uvjerenja i ja ga zbog toga jo\u0161 vi\u0161e po\u0161tujem.&#8221;<\/p>\n\n\n\n<p>Izvor:pogled.ba<\/p>\n","protected":false},"excerpt":{"rendered":"<p>Legendarni hrvatski tenisa\u010d Goran Ivani\u0161evi\u0107, trener prvog tenisa\u010da svijeta Novaka \u0110okovi\u0107a, izjavio je da nije zabrinut za formu svog \u0161ti\u0107enika te da \u0107e do obrane naslova na Roland Garrosu svjetski broj 1 igrati na svim turnirima na kojima \u0107e to biti mogu\u0107e.&nbsp; \u0110okovi\u0107 je u drugom kolu turnira u Monte Carlu izgubio u tri seta [&hellip;]<\/p>\n","protected":false},"author":2,"featured_media":132651,"comment_status":"closed","ping_status":"closed","sticky":false,"template":"","format":"standard","meta":{"h5ap_radio_sources":[],"footnotes":""},"categories":[7],"tags":[],"class_list":["post-132650","post","type-post","status-publish","format-standard","has-post-thumbnail","hentry","category-sport"],"yoast_head":"<!-- This site is optimized with the Yoast SEO plugin v27.5 - https:\/\/yoast.com\/product\/yoast-seo-wordpress\/ -->\n<title>Ivani\u0161evi\u0107: Novaka volim jo\u0161 vi\u0161e, jer nije odustao od svojih uvjerenja - RADIO LJUBU\u0160KI<\/title>\n<meta name=\"robots\" content=\"index, follow, max-snippet:-1, max-image-preview:large, max-video-preview:-1\" \/>\n<link rel=\"canonical\" href=\"https:\/\/radioljubuski.ba\/index.php\/2022\/04\/14\/ivanisevic-novaka-volim-jos-vise-jer-nije-odustao-od-svojih-uvjerenja\/\" \/>\n<meta property=\"og:locale\" content=\"hr_HR\" \/>\n<meta property=\"og:type\" content=\"article\" \/>\n<meta property=\"og:title\" content=\"Ivani\u0161evi\u0107: Novaka volim jo\u0161 vi\u0161e, jer nije odustao od svojih uvjerenja - RADIO LJUBU\u0160KI\" \/>\n<meta property=\"og:description\" content=\"Legendarni hrvatski tenisa\u010d Goran Ivani\u0161evi\u0107, trener prvog tenisa\u010da svijeta Novaka \u0110okovi\u0107a, izjavio je da nije zabrinut za formu svog \u0161ti\u0107enika te da \u0107e do obrane naslova na Roland Garrosu svjetski broj 1 igrati na svim turnirima na kojima \u0107e to biti mogu\u0107e.&nbsp; \u0110okovi\u0107 je u drugom kolu turnira u Monte Carlu izgubio u tri seta [&hellip;]\" \/>\n<meta property=\"og:url\" content=\"https:\/\/radioljubuski.ba\/index.php\/2022\/04\/14\/ivanisevic-novaka-volim-jos-vise-jer-nije-odustao-od-svojih-uvjerenja\/\" \/>\n<meta property=\"og:site_name\" content=\"RADIO LJUBU\u0160KI\" \/>\n<meta property=\"article:publisher\" content=\"https:\/\/www.facebook.com\/Radiio-Ljubuski-1490835324566332\" \/>\n<meta property=\"article:published_time\" content=\"2022-04-14T22:23:00+00:00\" \/>\n<meta property=\"article:modified_time\" content=\"2022-04-14T22:23:01+00:00\" \/>\n<meta property=\"og:image\" content=\"https:\/\/radioljubuski.ba\/wp-content\/uploads\/2022\/04\/gscZXBJK_ivanievi.jpg\" \/>\n\t<meta property=\"og:image:width\" content=\"1000\" \/>\n\t<meta property=\"og:image:height\" content=\"625\" \/>\n\t<meta property=\"og:image:type\" content=\"image\/jpeg\" \/>\n<meta name=\"author\" content=\"Radio Ljubu\u0161ki\" \/>\n<meta name=\"twitter:card\" content=\"summary_large_image\" \/>\n<meta name=\"twitter:creator\" content=\"@radioljubuski\" \/>\n<meta name=\"twitter:site\" content=\"@radioljubuski\" \/>\n<meta name=\"twitter:label1\" content=\"Napisao\/la\" \/>\n\t<meta name=\"twitter:data1\" content=\"Radio Ljubu\u0161ki\" \/>\n\t<meta name=\"twitter:label2\" content=\"Procijenjeno vrijeme \u010ditanja\" \/>\n\t<meta name=\"twitter:data2\" content=\"2 minute\" \/>\n<script type=\"application\/ld+json\" class=\"yoast-schema-graph\">{\"@context\":\"https:\\\/\\\/schema.org\",\"@graph\":[{\"@type\":\"Article\",\"@id\":\"https:\\\/\\\/radioljubuski.ba\\\/index.php\\\/2022\\\/04\\\/14\\\/ivanisevic-novaka-volim-jos-vise-jer-nije-odustao-od-svojih-uvjerenja\\\/#article\",\"isPartOf\":{\"@id\":\"https:\\\/\\\/radioljubuski.ba\\\/index.php\\\/2022\\\/04\\\/14\\\/ivanisevic-novaka-volim-jos-vise-jer-nije-odustao-od-svojih-uvjerenja\\\/\"},\"author\":{\"name\":\"Radio Ljubu\u0161ki\",\"@id\":\"https:\\\/\\\/radioljubuski.ba\\\/#\\\/schema\\\/person\\\/19fc700381a780f69665d7956c469e3b\"},\"headline\":\"Ivani\u0161evi\u0107: Novaka volim jo\u0161 vi\u0161e, jer nije odustao od svojih uvjerenja\",\"datePublished\":\"2022-04-14T22:23:00+00:00\",\"dateModified\":\"2022-04-14T22:23:01+00:00\",\"mainEntityOfPage\":{\"@id\":\"https:\\\/\\\/radioljubuski.ba\\\/index.php\\\/2022\\\/04\\\/14\\\/ivanisevic-novaka-volim-jos-vise-jer-nije-odustao-od-svojih-uvjerenja\\\/\"},\"wordCount\":489,\"publisher\":{\"@id\":\"https:\\\/\\\/radioljubuski.ba\\\/#organization\"},\"image\":{\"@id\":\"https:\\\/\\\/radioljubuski.ba\\\/index.php\\\/2022\\\/04\\\/14\\\/ivanisevic-novaka-volim-jos-vise-jer-nije-odustao-od-svojih-uvjerenja\\\/#primaryimage\"},\"thumbnailUrl\":\"https:\\\/\\\/radioljubuski.ba\\\/wp-content\\\/uploads\\\/2022\\\/04\\\/gscZXBJK_ivanievi.jpg\",\"articleSection\":[\"\u0160port\"],\"inLanguage\":\"hr\"},{\"@type\":\"WebPage\",\"@id\":\"https:\\\/\\\/radioljubuski.ba\\\/index.php\\\/2022\\\/04\\\/14\\\/ivanisevic-novaka-volim-jos-vise-jer-nije-odustao-od-svojih-uvjerenja\\\/\",\"url\":\"https:\\\/\\\/radioljubuski.ba\\\/index.php\\\/2022\\\/04\\\/14\\\/ivanisevic-novaka-volim-jos-vise-jer-nije-odustao-od-svojih-uvjerenja\\\/\",\"name\":\"Ivani\u0161evi\u0107: Novaka volim jo\u0161 vi\u0161e, jer nije odustao od svojih uvjerenja - RADIO LJUBU\u0160KI\",\"isPartOf\":{\"@id\":\"https:\\\/\\\/radioljubuski.ba\\\/#website\"},\"primaryImageOfPage\":{\"@id\":\"https:\\\/\\\/radioljubuski.ba\\\/index.php\\\/2022\\\/04\\\/14\\\/ivanisevic-novaka-volim-jos-vise-jer-nije-odustao-od-svojih-uvjerenja\\\/#primaryimage\"},\"image\":{\"@id\":\"https:\\\/\\\/radioljubuski.ba\\\/index.php\\\/2022\\\/04\\\/14\\\/ivanisevic-novaka-volim-jos-vise-jer-nije-odustao-od-svojih-uvjerenja\\\/#primaryimage\"},\"thumbnailUrl\":\"https:\\\/\\\/radioljubuski.ba\\\/wp-content\\\/uploads\\\/2022\\\/04\\\/gscZXBJK_ivanievi.jpg\",\"datePublished\":\"2022-04-14T22:23:00+00:00\",\"dateModified\":\"2022-04-14T22:23:01+00:00\",\"breadcrumb\":{\"@id\":\"https:\\\/\\\/radioljubuski.ba\\\/index.php\\\/2022\\\/04\\\/14\\\/ivanisevic-novaka-volim-jos-vise-jer-nije-odustao-od-svojih-uvjerenja\\\/#breadcrumb\"},\"inLanguage\":\"hr\",\"potentialAction\":[{\"@type\":\"ReadAction\",\"target\":[\"https:\\\/\\\/radioljubuski.ba\\\/index.php\\\/2022\\\/04\\\/14\\\/ivanisevic-novaka-volim-jos-vise-jer-nije-odustao-od-svojih-uvjerenja\\\/\"]}]},{\"@type\":\"ImageObject\",\"inLanguage\":\"hr\",\"@id\":\"https:\\\/\\\/radioljubuski.ba\\\/index.php\\\/2022\\\/04\\\/14\\\/ivanisevic-novaka-volim-jos-vise-jer-nije-odustao-od-svojih-uvjerenja\\\/#primaryimage\",\"url\":\"https:\\\/\\\/radioljubuski.ba\\\/wp-content\\\/uploads\\\/2022\\\/04\\\/gscZXBJK_ivanievi.jpg\",\"contentUrl\":\"https:\\\/\\\/radioljubuski.ba\\\/wp-content\\\/uploads\\\/2022\\\/04\\\/gscZXBJK_ivanievi.jpg\",\"width\":1000,\"height\":625},{\"@type\":\"BreadcrumbList\",\"@id\":\"https:\\\/\\\/radioljubuski.ba\\\/index.php\\\/2022\\\/04\\\/14\\\/ivanisevic-novaka-volim-jos-vise-jer-nije-odustao-od-svojih-uvjerenja\\\/#breadcrumb\",\"itemListElement\":[{\"@type\":\"ListItem\",\"position\":1,\"name\":\"Po\u010detna stranica\",\"item\":\"https:\\\/\\\/radioljubuski.ba\\\/\"},{\"@type\":\"ListItem\",\"position\":2,\"name\":\"Ivani\u0161evi\u0107: Novaka volim jo\u0161 vi\u0161e, jer nije odustao od svojih uvjerenja\"}]},{\"@type\":\"WebSite\",\"@id\":\"https:\\\/\\\/radioljubuski.ba\\\/#website\",\"url\":\"https:\\\/\\\/radioljubuski.ba\\\/\",\"name\":\"Radio Ljubu\u0161ki\",\"description\":\"Sun\u010dana frekvencija Hercegovine\",\"publisher\":{\"@id\":\"https:\\\/\\\/radioljubuski.ba\\\/#organization\"},\"potentialAction\":[{\"@type\":\"SearchAction\",\"target\":{\"@type\":\"EntryPoint\",\"urlTemplate\":\"https:\\\/\\\/radioljubuski.ba\\\/?s={search_term_string}\"},\"query-input\":{\"@type\":\"PropertyValueSpecification\",\"valueRequired\":true,\"valueName\":\"search_term_string\"}}],\"inLanguage\":\"hr\"},{\"@type\":\"Organization\",\"@id\":\"https:\\\/\\\/radioljubuski.ba\\\/#organization\",\"name\":\"Radio Ljubu\u0161ki\",\"url\":\"https:\\\/\\\/radioljubuski.ba\\\/\",\"logo\":{\"@type\":\"ImageObject\",\"inLanguage\":\"hr\",\"@id\":\"https:\\\/\\\/radioljubuski.ba\\\/#\\\/schema\\\/logo\\\/image\\\/\",\"url\":\"https:\\\/\\\/radioljubuski.ba\\\/wp-content\\\/uploads\\\/2021\\\/02\\\/cropped-Radio_Ljubuski_logo1.jpg\",\"contentUrl\":\"https:\\\/\\\/radioljubuski.ba\\\/wp-content\\\/uploads\\\/2021\\\/02\\\/cropped-Radio_Ljubuski_logo1.jpg\",\"width\":512,\"height\":512,\"caption\":\"Radio Ljubu\u0161ki\"},\"image\":{\"@id\":\"https:\\\/\\\/radioljubuski.ba\\\/#\\\/schema\\\/logo\\\/image\\\/\"},\"sameAs\":[\"https:\\\/\\\/www.facebook.com\\\/Radiio-Ljubuski-1490835324566332\",\"https:\\\/\\\/x.com\\\/radioljubuski\",\"https:\\\/\\\/hr.linkedin.com\\\/company\\\/radio-ljubuski\",\"https:\\\/\\\/www.youtube.com\\\/channel\\\/UCHYaeO_n0Db3tjNGudGpXyw\"]},{\"@type\":\"Person\",\"@id\":\"https:\\\/\\\/radioljubuski.ba\\\/#\\\/schema\\\/person\\\/19fc700381a780f69665d7956c469e3b\",\"name\":\"Radio Ljubu\u0161ki\"}]}<\/script>\n<!-- \/ Yoast SEO plugin. -->","yoast_head_json":{"title":"Ivani\u0161evi\u0107: Novaka volim jo\u0161 vi\u0161e, jer nije odustao od svojih uvjerenja - RADIO LJUBU\u0160KI","robots":{"index":"index","follow":"follow","max-snippet":"max-snippet:-1","max-image-preview":"max-image-preview:large","max-video-preview":"max-video-preview:-1"},"canonical":"https:\/\/radioljubuski.ba\/index.php\/2022\/04\/14\/ivanisevic-novaka-volim-jos-vise-jer-nije-odustao-od-svojih-uvjerenja\/","og_locale":"hr_HR","og_type":"article","og_title":"Ivani\u0161evi\u0107: Novaka volim jo\u0161 vi\u0161e, jer nije odustao od svojih uvjerenja - RADIO LJUBU\u0160KI","og_description":"Legendarni hrvatski tenisa\u010d Goran Ivani\u0161evi\u0107, trener prvog tenisa\u010da svijeta Novaka \u0110okovi\u0107a, izjavio je da nije zabrinut za formu svog \u0161ti\u0107enika te da \u0107e do obrane naslova na Roland Garrosu svjetski broj 1 igrati na svim turnirima na kojima \u0107e to biti mogu\u0107e.&nbsp; \u0110okovi\u0107 je u drugom kolu turnira u Monte Carlu izgubio u tri seta [&hellip;]","og_url":"https:\/\/radioljubuski.ba\/index.php\/2022\/04\/14\/ivanisevic-novaka-volim-jos-vise-jer-nije-odustao-od-svojih-uvjerenja\/","og_site_name":"RADIO LJUBU\u0160KI","article_publisher":"https:\/\/www.facebook.com\/Radiio-Ljubuski-1490835324566332","article_published_time":"2022-04-14T22:23:00+00:00","article_modified_time":"2022-04-14T22:23:01+00:00","og_image":[{"width":1000,"height":625,"url":"https:\/\/radioljubuski.ba\/wp-content\/uploads\/2022\/04\/gscZXBJK_ivanievi.jpg","type":"image\/jpeg"}],"author":"Radio Ljubu\u0161ki","twitter_card":"summary_large_image","twitter_creator":"@radioljubuski","twitter_site":"@radioljubuski","twitter_misc":{"Napisao\/la":"Radio Ljubu\u0161ki","Procijenjeno vrijeme \u010ditanja":"2 minute"},"schema":{"@context":"https:\/\/schema.org","@graph":[{"@type":"Article","@id":"https:\/\/radioljubuski.ba\/index.php\/2022\/04\/14\/ivanisevic-novaka-volim-jos-vise-jer-nije-odustao-od-svojih-uvjerenja\/#article","isPartOf":{"@id":"https:\/\/radioljubuski.ba\/index.php\/2022\/04\/14\/ivanisevic-novaka-volim-jos-vise-jer-nije-odustao-od-svojih-uvjerenja\/"},"author":{"name":"Radio Ljubu\u0161ki","@id":"https:\/\/radioljubuski.ba\/#\/schema\/person\/19fc700381a780f69665d7956c469e3b"},"headline":"Ivani\u0161evi\u0107: Novaka volim jo\u0161 vi\u0161e, jer nije odustao od svojih uvjerenja","datePublished":"2022-04-14T22:23:00+00:00","dateModified":"2022-04-14T22:23:01+00:00","mainEntityOfPage":{"@id":"https:\/\/radioljubuski.ba\/index.php\/2022\/04\/14\/ivanisevic-novaka-volim-jos-vise-jer-nije-odustao-od-svojih-uvjerenja\/"},"wordCount":489,"publisher":{"@id":"https:\/\/radioljubuski.ba\/#organization"},"image":{"@id":"https:\/\/radioljubuski.ba\/index.php\/2022\/04\/14\/ivanisevic-novaka-volim-jos-vise-jer-nije-odustao-od-svojih-uvjerenja\/#primaryimage"},"thumbnailUrl":"https:\/\/radioljubuski.ba\/wp-content\/uploads\/2022\/04\/gscZXBJK_ivanievi.jpg","articleSection":["\u0160port"],"inLanguage":"hr"},{"@type":"WebPage","@id":"https:\/\/radioljubuski.ba\/index.php\/2022\/04\/14\/ivanisevic-novaka-volim-jos-vise-jer-nije-odustao-od-svojih-uvjerenja\/","url":"https:\/\/radioljubuski.ba\/index.php\/2022\/04\/14\/ivanisevic-novaka-volim-jos-vise-jer-nije-odustao-od-svojih-uvjerenja\/","name":"Ivani\u0161evi\u0107: Novaka volim jo\u0161 vi\u0161e, jer nije odustao od svojih uvjerenja - RADIO LJUBU\u0160KI","isPartOf":{"@id":"https:\/\/radioljubuski.ba\/#website"},"primaryImageOfPage":{"@id":"https:\/\/radioljubuski.ba\/index.php\/2022\/04\/14\/ivanisevic-novaka-volim-jos-vise-jer-nije-odustao-od-svojih-uvjerenja\/#primaryimage"},"image":{"@id":"https:\/\/radioljubuski.ba\/index.php\/2022\/04\/14\/ivanisevic-novaka-volim-jos-vise-jer-nije-odustao-od-svojih-uvjerenja\/#primaryimage"},"thumbnailUrl":"https:\/\/radioljubuski.ba\/wp-content\/uploads\/2022\/04\/gscZXBJK_ivanievi.jpg","datePublished":"2022-04-14T22:23:00+00:00","dateModified":"2022-04-14T22:23:01+00:00","breadcrumb":{"@id":"https:\/\/radioljubuski.ba\/index.php\/2022\/04\/14\/ivanisevic-novaka-volim-jos-vise-jer-nije-odustao-od-svojih-uvjerenja\/#breadcrumb"},"inLanguage":"hr","potentialAction":[{"@type":"ReadAction","target":["https:\/\/radioljubuski.ba\/index.php\/2022\/04\/14\/ivanisevic-novaka-volim-jos-vise-jer-nije-odustao-od-svojih-uvjerenja\/"]}]},{"@type":"ImageObject","inLanguage":"hr","@id":"https:\/\/radioljubuski.ba\/index.php\/2022\/04\/14\/ivanisevic-novaka-volim-jos-vise-jer-nije-odustao-od-svojih-uvjerenja\/#primaryimage","url":"https:\/\/radioljubuski.ba\/wp-content\/uploads\/2022\/04\/gscZXBJK_ivanievi.jpg","contentUrl":"https:\/\/radioljubuski.ba\/wp-content\/uploads\/2022\/04\/gscZXBJK_ivanievi.jpg","width":1000,"height":625},{"@type":"BreadcrumbList","@id":"https:\/\/radioljubuski.ba\/index.php\/2022\/04\/14\/ivanisevic-novaka-volim-jos-vise-jer-nije-odustao-od-svojih-uvjerenja\/#breadcrumb","itemListElement":[{"@type":"ListItem","position":1,"name":"Po\u010detna stranica","item":"https:\/\/radioljubuski.ba\/"},{"@type":"ListItem","position":2,"name":"Ivani\u0161evi\u0107: Novaka volim jo\u0161 vi\u0161e, jer nije odustao od svojih uvjerenja"}]},{"@type":"WebSite","@id":"https:\/\/radioljubuski.ba\/#website","url":"https:\/\/radioljubuski.ba\/","name":"Radio Ljubu\u0161ki","description":"Sun\u010dana frekvencija Hercegovine","publisher":{"@id":"https:\/\/radioljubuski.ba\/#organization"},"potentialAction":[{"@type":"SearchAction","target":{"@type":"EntryPoint","urlTemplate":"https:\/\/radioljubuski.ba\/?s={search_term_string}"},"query-input":{"@type":"PropertyValueSpecification","valueRequired":true,"valueName":"search_term_string"}}],"inLanguage":"hr"},{"@type":"Organization","@id":"https:\/\/radioljubuski.ba\/#organization","name":"Radio Ljubu\u0161ki","url":"https:\/\/radioljubuski.ba\/","logo":{"@type":"ImageObject","inLanguage":"hr","@id":"https:\/\/radioljubuski.ba\/#\/schema\/logo\/image\/","url":"https:\/\/radioljubuski.ba\/wp-content\/uploads\/2021\/02\/cropped-Radio_Ljubuski_logo1.jpg","contentUrl":"https:\/\/radioljubuski.ba\/wp-content\/uploads\/2021\/02\/cropped-Radio_Ljubuski_logo1.jpg","width":512,"height":512,"caption":"Radio Ljubu\u0161ki"},"image":{"@id":"https:\/\/radioljubuski.ba\/#\/schema\/logo\/image\/"},"sameAs":["https:\/\/www.facebook.com\/Radiio-Ljubuski-1490835324566332","https:\/\/x.com\/radioljubuski","https:\/\/hr.linkedin.com\/company\/radio-ljubuski","https:\/\/www.youtube.com\/channel\/UCHYaeO_n0Db3tjNGudGpXyw"]},{"@type":"Person","@id":"https:\/\/radioljubuski.ba\/#\/schema\/person\/19fc700381a780f69665d7956c469e3b","name":"Radio Ljubu\u0161ki"}]}},"_links":{"self":[{"href":"https:\/\/radioljubuski.ba\/index.php\/wp-json\/wp\/v2\/posts\/132650","targetHints":{"allow":["GET"]}}],"collection":[{"href":"https:\/\/radioljubuski.ba\/index.php\/wp-json\/wp\/v2\/posts"}],"about":[{"href":"https:\/\/radioljubuski.ba\/index.php\/wp-json\/wp\/v2\/types\/post"}],"author":[{"embeddable":true,"href":"https:\/\/radioljubuski.ba\/index.php\/wp-json\/wp\/v2\/users\/2"}],"replies":[{"embeddable":true,"href":"https:\/\/radioljubuski.ba\/index.php\/wp-json\/wp\/v2\/comments?post=132650"}],"version-history":[{"count":1,"href":"https:\/\/radioljubuski.ba\/index.php\/wp-json\/wp\/v2\/posts\/132650\/revisions"}],"predecessor-version":[{"id":132652,"href":"https:\/\/radioljubuski.ba\/index.php\/wp-json\/wp\/v2\/posts\/132650\/revisions\/132652"}],"wp:featuredmedia":[{"embeddable":true,"href":"https:\/\/radioljubuski.ba\/index.php\/wp-json\/wp\/v2\/media\/132651"}],"wp:attachment":[{"href":"https:\/\/radioljubuski.ba\/index.php\/wp-json\/wp\/v2\/media?parent=132650"}],"wp:term":[{"taxonomy":"category","embeddable":true,"href":"https:\/\/radioljubuski.ba\/index.php\/wp-json\/wp\/v2\/categories?post=132650"},{"taxonomy":"post_tag","embeddable":true,"href":"https:\/\/radioljubuski.ba\/index.php\/wp-json\/wp\/v2\/tags?post=132650"}],"curies":[{"name":"wp","href":"https:\/\/api.w.org\/{rel}","templated":true}]}}