{"id":132696,"date":"2022-04-14T23:45:24","date_gmt":"2022-04-14T22:45:24","guid":{"rendered":"https:\/\/radioljubuski.ba\/?p=132696"},"modified":"2022-04-14T23:45:26","modified_gmt":"2022-04-14T22:45:26","slug":"imocaninu-prekipjelo-zbog-birokracije-pa-blokirao-granicni-prijelaz-s-bih","status":"publish","type":"post","link":"https:\/\/radioljubuski.ba\/index.php\/2022\/04\/14\/imocaninu-prekipjelo-zbog-birokracije-pa-blokirao-granicni-prijelaz-s-bih\/","title":{"rendered":"Imo\u0107aninu prekipjelo zbog birokracije, pa blokirao grani\u010dni prijelaz s BiH"},"content":{"rendered":"\n<p>Malograni\u010dni prijelaz Slivno, u grani\u010dnom pojasu Imotske krajine prema BiH, otvoren je ju\u010der oko 14 sati nakon \u0161to ga je dva dana svojim kamionom blokirao mje\u0161tanin Milan Mi\u0107e Vuleti\u0107, pi\u0161e&nbsp;<a href=\"https:\/\/slobodnadalmacija.hr\/dalmacija\/zagora\/imocaninu-prekipjelo-zbog-birokracije-pa-blokirao-granicni-prijelaz-s-bih-hrvatska-me-ne-priznaje-kao-svojeg-drzavljanina-sramota-je-sto-mi-cine-godinama-1184281?fbclid=IwAR0S9p10P4MJueujfTRoIy5Z8y5giRupeS2i1R5XdCXmMW2cMKHx0bRI_1k\" target=\"_blank\" rel=\"noreferrer noopener\">Slobodna Dalmacija<\/a><\/p>\n\n\n\n<p>Rije\u010d je o poznatom problemu s kojim se suo\u010dio upravo Vuleti\u0107 \u010dija su ku\u0107a i okolni posjet ostali u svojevrsnom vakuumu nakon izgradnje grani\u010dnog prijelaza i prate\u0107e infrastrukture.<\/p>\n\n\n\n<p>Iako su nekretnine tog Slivanjca na teritoriju Republike Hrvatske, a on uredno prijavljen na adresi koja administrativno pripada op\u0107ini Runovi\u0107i, te posjeduje svu &#8220;papirologiju&#8221; koja svjedo\u010di da je njegova ku\u0107a u Hrvatskoj, Vuleti\u0107 nakon izgradnje prijelaza mora svaki put pokazati osobnu iskaznicu, slu\u017ebenici mu pregledavaju prtlja\u017enik i obavljaju sve poslove predvi\u0111ene za putnike koji prijelaze u susjednu dr\u017eavu.<\/p>\n\n\n\n<p>Uzalud je Milan molio brojne institucije da mu, upravo kao i njegovu bratu za \u010diju je ku\u0107u udaljenu samo 10 metara Ministarstvo financija izgradilo obilazni put izvan zone grani\u010dnog prijelaza, to naprave i njemu, ali sve do danas je bilo uzalud.<\/p>\n\n\n\n<p>&#8211; Postavio sam kamion i zaprije\u010dio cestu to\u010dno ispred svoje ku\u0107e, to mi je jo\u0161 jedino ostalo, jer tko \u0107e znati kada \u0107e na red do\u0107i moje tu\u017ebe koje sam preko odvjetnika pokrenuo protiv dr\u017eave koja me ovim \u010dinom ne priznaje za svoga dr\u017eavljanina.<\/p>\n\n\n\n<p>Upravo desetak minuta nakon \u0161to ste vi snimali, do\u0161ao je kamion dizalica koju je naru\u010dila policija kako bi maknuli moje vozilo. Zanimljivo, u me\u0111uvremenu su me nazvali iz Ministarstva financija nakon pet godina i obe\u0107ali da \u0107e u prvom tjednu svibnja do\u0107i njihova delegacija kako bi rije\u0161ili ovaj slu\u010daj &#8211; isti\u010de MI\u0107e Vuleti\u0107.<\/p>\n\n\n\n<p>Izvor:slobodnadalmacija.hr<\/p>\n","protected":false},"excerpt":{"rendered":"<p>Malograni\u010dni prijelaz Slivno, u grani\u010dnom pojasu Imotske krajine prema BiH, otvoren je ju\u010der oko 14 sati nakon \u0161to ga je dva dana svojim kamionom blokirao mje\u0161tanin Milan Mi\u0107e Vuleti\u0107, pi\u0161e&nbsp;Slobodna Dalmacija Rije\u010d je o poznatom problemu s kojim se suo\u010dio upravo Vuleti\u0107 \u010dija su ku\u0107a i okolni posjet ostali u svojevrsnom vakuumu nakon izgradnje grani\u010dnog [&hellip;]<\/p>\n","protected":false},"author":2,"featured_media":132697,"comment_status":"closed","ping_status":"closed","sticky":false,"template":"","format":"standard","meta":{"h5ap_radio_sources":[],"footnotes":""},"categories":[1],"tags":[],"class_list":["post-132696","post","type-post","status-publish","format-standard","has-post-thumbnail","hentry","category-bihiregija"],"yoast_head":"<!-- This site is optimized with the Yoast SEO plugin v27.5 - https:\/\/yoast.com\/product\/yoast-seo-wordpress\/ -->\n<title>Imo\u0107aninu prekipjelo zbog birokracije, pa blokirao grani\u010dni prijelaz s BiH - RADIO LJUBU\u0160KI<\/title>\n<meta name=\"robots\" content=\"index, follow, max-snippet:-1, max-image-preview:large, max-video-preview:-1\" \/>\n<link rel=\"canonical\" href=\"https:\/\/radioljubuski.ba\/index.php\/2022\/04\/14\/imocaninu-prekipjelo-zbog-birokracije-pa-blokirao-granicni-prijelaz-s-bih\/\" \/>\n<meta property=\"og:locale\" content=\"hr_HR\" \/>\n<meta property=\"og:type\" content=\"article\" \/>\n<meta property=\"og:title\" content=\"Imo\u0107aninu prekipjelo zbog birokracije, pa blokirao grani\u010dni prijelaz s BiH - RADIO LJUBU\u0160KI\" \/>\n<meta property=\"og:description\" content=\"Malograni\u010dni prijelaz Slivno, u grani\u010dnom pojasu Imotske krajine prema BiH, otvoren je ju\u010der oko 14 sati nakon \u0161to ga je dva dana svojim kamionom blokirao mje\u0161tanin Milan Mi\u0107e Vuleti\u0107, pi\u0161e&nbsp;Slobodna Dalmacija Rije\u010d je o poznatom problemu s kojim se suo\u010dio upravo Vuleti\u0107 \u010dija su ku\u0107a i okolni posjet ostali u svojevrsnom vakuumu nakon izgradnje grani\u010dnog [&hellip;]\" \/>\n<meta property=\"og:url\" content=\"https:\/\/radioljubuski.ba\/index.php\/2022\/04\/14\/imocaninu-prekipjelo-zbog-birokracije-pa-blokirao-granicni-prijelaz-s-bih\/\" \/>\n<meta property=\"og:site_name\" content=\"RADIO LJUBU\u0160KI\" \/>\n<meta property=\"article:publisher\" content=\"https:\/\/www.facebook.com\/Radiio-Ljubuski-1490835324566332\" \/>\n<meta property=\"article:published_time\" content=\"2022-04-14T22:45:24+00:00\" \/>\n<meta property=\"article:modified_time\" content=\"2022-04-14T22:45:26+00:00\" \/>\n<meta property=\"og:image\" content=\"https:\/\/radioljubuski.ba\/wp-content\/uploads\/2022\/04\/33-10.png\" \/>\n\t<meta property=\"og:image:width\" content=\"836\" \/>\n\t<meta property=\"og:image:height\" content=\"520\" \/>\n\t<meta property=\"og:image:type\" content=\"image\/png\" \/>\n<meta name=\"author\" content=\"Radio Ljubu\u0161ki\" \/>\n<meta name=\"twitter:card\" content=\"summary_large_image\" \/>\n<meta name=\"twitter:creator\" content=\"@radioljubuski\" \/>\n<meta name=\"twitter:site\" content=\"@radioljubuski\" \/>\n<meta name=\"twitter:label1\" content=\"Napisao\/la\" \/>\n\t<meta name=\"twitter:data1\" content=\"Radio Ljubu\u0161ki\" \/>\n\t<meta name=\"twitter:label2\" content=\"Procijenjeno vrijeme \u010ditanja\" \/>\n\t<meta name=\"twitter:data2\" content=\"2 minute\" \/>\n<script type=\"application\/ld+json\" class=\"yoast-schema-graph\">{\"@context\":\"https:\\\/\\\/schema.org\",\"@graph\":[{\"@type\":\"Article\",\"@id\":\"https:\\\/\\\/radioljubuski.ba\\\/index.php\\\/2022\\\/04\\\/14\\\/imocaninu-prekipjelo-zbog-birokracije-pa-blokirao-granicni-prijelaz-s-bih\\\/#article\",\"isPartOf\":{\"@id\":\"https:\\\/\\\/radioljubuski.ba\\\/index.php\\\/2022\\\/04\\\/14\\\/imocaninu-prekipjelo-zbog-birokracije-pa-blokirao-granicni-prijelaz-s-bih\\\/\"},\"author\":{\"name\":\"Radio Ljubu\u0161ki\",\"@id\":\"https:\\\/\\\/radioljubuski.ba\\\/#\\\/schema\\\/person\\\/19fc700381a780f69665d7956c469e3b\"},\"headline\":\"Imo\u0107aninu prekipjelo zbog birokracije, pa blokirao grani\u010dni prijelaz s BiH\",\"datePublished\":\"2022-04-14T22:45:24+00:00\",\"dateModified\":\"2022-04-14T22:45:26+00:00\",\"mainEntityOfPage\":{\"@id\":\"https:\\\/\\\/radioljubuski.ba\\\/index.php\\\/2022\\\/04\\\/14\\\/imocaninu-prekipjelo-zbog-birokracije-pa-blokirao-granicni-prijelaz-s-bih\\\/\"},\"wordCount\":306,\"publisher\":{\"@id\":\"https:\\\/\\\/radioljubuski.ba\\\/#organization\"},\"image\":{\"@id\":\"https:\\\/\\\/radioljubuski.ba\\\/index.php\\\/2022\\\/04\\\/14\\\/imocaninu-prekipjelo-zbog-birokracije-pa-blokirao-granicni-prijelaz-s-bih\\\/#primaryimage\"},\"thumbnailUrl\":\"https:\\\/\\\/radioljubuski.ba\\\/wp-content\\\/uploads\\\/2022\\\/04\\\/33-10.png\",\"articleSection\":[\"BIH i regija\"],\"inLanguage\":\"hr\"},{\"@type\":\"WebPage\",\"@id\":\"https:\\\/\\\/radioljubuski.ba\\\/index.php\\\/2022\\\/04\\\/14\\\/imocaninu-prekipjelo-zbog-birokracije-pa-blokirao-granicni-prijelaz-s-bih\\\/\",\"url\":\"https:\\\/\\\/radioljubuski.ba\\\/index.php\\\/2022\\\/04\\\/14\\\/imocaninu-prekipjelo-zbog-birokracije-pa-blokirao-granicni-prijelaz-s-bih\\\/\",\"name\":\"Imo\u0107aninu prekipjelo zbog birokracije, pa blokirao grani\u010dni prijelaz s BiH - RADIO LJUBU\u0160KI\",\"isPartOf\":{\"@id\":\"https:\\\/\\\/radioljubuski.ba\\\/#website\"},\"primaryImageOfPage\":{\"@id\":\"https:\\\/\\\/radioljubuski.ba\\\/index.php\\\/2022\\\/04\\\/14\\\/imocaninu-prekipjelo-zbog-birokracije-pa-blokirao-granicni-prijelaz-s-bih\\\/#primaryimage\"},\"image\":{\"@id\":\"https:\\\/\\\/radioljubuski.ba\\\/index.php\\\/2022\\\/04\\\/14\\\/imocaninu-prekipjelo-zbog-birokracije-pa-blokirao-granicni-prijelaz-s-bih\\\/#primaryimage\"},\"thumbnailUrl\":\"https:\\\/\\\/radioljubuski.ba\\\/wp-content\\\/uploads\\\/2022\\\/04\\\/33-10.png\",\"datePublished\":\"2022-04-14T22:45:24+00:00\",\"dateModified\":\"2022-04-14T22:45:26+00:00\",\"breadcrumb\":{\"@id\":\"https:\\\/\\\/radioljubuski.ba\\\/index.php\\\/2022\\\/04\\\/14\\\/imocaninu-prekipjelo-zbog-birokracije-pa-blokirao-granicni-prijelaz-s-bih\\\/#breadcrumb\"},\"inLanguage\":\"hr\",\"potentialAction\":[{\"@type\":\"ReadAction\",\"target\":[\"https:\\\/\\\/radioljubuski.ba\\\/index.php\\\/2022\\\/04\\\/14\\\/imocaninu-prekipjelo-zbog-birokracije-pa-blokirao-granicni-prijelaz-s-bih\\\/\"]}]},{\"@type\":\"ImageObject\",\"inLanguage\":\"hr\",\"@id\":\"https:\\\/\\\/radioljubuski.ba\\\/index.php\\\/2022\\\/04\\\/14\\\/imocaninu-prekipjelo-zbog-birokracije-pa-blokirao-granicni-prijelaz-s-bih\\\/#primaryimage\",\"url\":\"https:\\\/\\\/radioljubuski.ba\\\/wp-content\\\/uploads\\\/2022\\\/04\\\/33-10.png\",\"contentUrl\":\"https:\\\/\\\/radioljubuski.ba\\\/wp-content\\\/uploads\\\/2022\\\/04\\\/33-10.png\",\"width\":836,\"height\":520},{\"@type\":\"BreadcrumbList\",\"@id\":\"https:\\\/\\\/radioljubuski.ba\\\/index.php\\\/2022\\\/04\\\/14\\\/imocaninu-prekipjelo-zbog-birokracije-pa-blokirao-granicni-prijelaz-s-bih\\\/#breadcrumb\",\"itemListElement\":[{\"@type\":\"ListItem\",\"position\":1,\"name\":\"Po\u010detna stranica\",\"item\":\"https:\\\/\\\/radioljubuski.ba\\\/\"},{\"@type\":\"ListItem\",\"position\":2,\"name\":\"Imo\u0107aninu prekipjelo zbog birokracije, pa blokirao grani\u010dni prijelaz s BiH\"}]},{\"@type\":\"WebSite\",\"@id\":\"https:\\\/\\\/radioljubuski.ba\\\/#website\",\"url\":\"https:\\\/\\\/radioljubuski.ba\\\/\",\"name\":\"Radio Ljubu\u0161ki\",\"description\":\"Sun\u010dana frekvencija Hercegovine\",\"publisher\":{\"@id\":\"https:\\\/\\\/radioljubuski.ba\\\/#organization\"},\"potentialAction\":[{\"@type\":\"SearchAction\",\"target\":{\"@type\":\"EntryPoint\",\"urlTemplate\":\"https:\\\/\\\/radioljubuski.ba\\\/?s={search_term_string}\"},\"query-input\":{\"@type\":\"PropertyValueSpecification\",\"valueRequired\":true,\"valueName\":\"search_term_string\"}}],\"inLanguage\":\"hr\"},{\"@type\":\"Organization\",\"@id\":\"https:\\\/\\\/radioljubuski.ba\\\/#organization\",\"name\":\"Radio Ljubu\u0161ki\",\"url\":\"https:\\\/\\\/radioljubuski.ba\\\/\",\"logo\":{\"@type\":\"ImageObject\",\"inLanguage\":\"hr\",\"@id\":\"https:\\\/\\\/radioljubuski.ba\\\/#\\\/schema\\\/logo\\\/image\\\/\",\"url\":\"https:\\\/\\\/radioljubuski.ba\\\/wp-content\\\/uploads\\\/2021\\\/02\\\/cropped-Radio_Ljubuski_logo1.jpg\",\"contentUrl\":\"https:\\\/\\\/radioljubuski.ba\\\/wp-content\\\/uploads\\\/2021\\\/02\\\/cropped-Radio_Ljubuski_logo1.jpg\",\"width\":512,\"height\":512,\"caption\":\"Radio Ljubu\u0161ki\"},\"image\":{\"@id\":\"https:\\\/\\\/radioljubuski.ba\\\/#\\\/schema\\\/logo\\\/image\\\/\"},\"sameAs\":[\"https:\\\/\\\/www.facebook.com\\\/Radiio-Ljubuski-1490835324566332\",\"https:\\\/\\\/x.com\\\/radioljubuski\",\"https:\\\/\\\/hr.linkedin.com\\\/company\\\/radio-ljubuski\",\"https:\\\/\\\/www.youtube.com\\\/channel\\\/UCHYaeO_n0Db3tjNGudGpXyw\"]},{\"@type\":\"Person\",\"@id\":\"https:\\\/\\\/radioljubuski.ba\\\/#\\\/schema\\\/person\\\/19fc700381a780f69665d7956c469e3b\",\"name\":\"Radio Ljubu\u0161ki\"}]}<\/script>\n<!-- \/ Yoast SEO plugin. -->","yoast_head_json":{"title":"Imo\u0107aninu prekipjelo zbog birokracije, pa blokirao grani\u010dni prijelaz s BiH - RADIO LJUBU\u0160KI","robots":{"index":"index","follow":"follow","max-snippet":"max-snippet:-1","max-image-preview":"max-image-preview:large","max-video-preview":"max-video-preview:-1"},"canonical":"https:\/\/radioljubuski.ba\/index.php\/2022\/04\/14\/imocaninu-prekipjelo-zbog-birokracije-pa-blokirao-granicni-prijelaz-s-bih\/","og_locale":"hr_HR","og_type":"article","og_title":"Imo\u0107aninu prekipjelo zbog birokracije, pa blokirao grani\u010dni prijelaz s BiH - RADIO LJUBU\u0160KI","og_description":"Malograni\u010dni prijelaz Slivno, u grani\u010dnom pojasu Imotske krajine prema BiH, otvoren je ju\u010der oko 14 sati nakon \u0161to ga je dva dana svojim kamionom blokirao mje\u0161tanin Milan Mi\u0107e Vuleti\u0107, pi\u0161e&nbsp;Slobodna Dalmacija Rije\u010d je o poznatom problemu s kojim se suo\u010dio upravo Vuleti\u0107 \u010dija su ku\u0107a i okolni posjet ostali u svojevrsnom vakuumu nakon izgradnje grani\u010dnog [&hellip;]","og_url":"https:\/\/radioljubuski.ba\/index.php\/2022\/04\/14\/imocaninu-prekipjelo-zbog-birokracije-pa-blokirao-granicni-prijelaz-s-bih\/","og_site_name":"RADIO LJUBU\u0160KI","article_publisher":"https:\/\/www.facebook.com\/Radiio-Ljubuski-1490835324566332","article_published_time":"2022-04-14T22:45:24+00:00","article_modified_time":"2022-04-14T22:45:26+00:00","og_image":[{"width":836,"height":520,"url":"https:\/\/radioljubuski.ba\/wp-content\/uploads\/2022\/04\/33-10.png","type":"image\/png"}],"author":"Radio Ljubu\u0161ki","twitter_card":"summary_large_image","twitter_creator":"@radioljubuski","twitter_site":"@radioljubuski","twitter_misc":{"Napisao\/la":"Radio Ljubu\u0161ki","Procijenjeno vrijeme \u010ditanja":"2 minute"},"schema":{"@context":"https:\/\/schema.org","@graph":[{"@type":"Article","@id":"https:\/\/radioljubuski.ba\/index.php\/2022\/04\/14\/imocaninu-prekipjelo-zbog-birokracije-pa-blokirao-granicni-prijelaz-s-bih\/#article","isPartOf":{"@id":"https:\/\/radioljubuski.ba\/index.php\/2022\/04\/14\/imocaninu-prekipjelo-zbog-birokracije-pa-blokirao-granicni-prijelaz-s-bih\/"},"author":{"name":"Radio Ljubu\u0161ki","@id":"https:\/\/radioljubuski.ba\/#\/schema\/person\/19fc700381a780f69665d7956c469e3b"},"headline":"Imo\u0107aninu prekipjelo zbog birokracije, pa blokirao grani\u010dni prijelaz s BiH","datePublished":"2022-04-14T22:45:24+00:00","dateModified":"2022-04-14T22:45:26+00:00","mainEntityOfPage":{"@id":"https:\/\/radioljubuski.ba\/index.php\/2022\/04\/14\/imocaninu-prekipjelo-zbog-birokracije-pa-blokirao-granicni-prijelaz-s-bih\/"},"wordCount":306,"publisher":{"@id":"https:\/\/radioljubuski.ba\/#organization"},"image":{"@id":"https:\/\/radioljubuski.ba\/index.php\/2022\/04\/14\/imocaninu-prekipjelo-zbog-birokracije-pa-blokirao-granicni-prijelaz-s-bih\/#primaryimage"},"thumbnailUrl":"https:\/\/radioljubuski.ba\/wp-content\/uploads\/2022\/04\/33-10.png","articleSection":["BIH i regija"],"inLanguage":"hr"},{"@type":"WebPage","@id":"https:\/\/radioljubuski.ba\/index.php\/2022\/04\/14\/imocaninu-prekipjelo-zbog-birokracije-pa-blokirao-granicni-prijelaz-s-bih\/","url":"https:\/\/radioljubuski.ba\/index.php\/2022\/04\/14\/imocaninu-prekipjelo-zbog-birokracije-pa-blokirao-granicni-prijelaz-s-bih\/","name":"Imo\u0107aninu prekipjelo zbog birokracije, pa blokirao grani\u010dni prijelaz s BiH - RADIO LJUBU\u0160KI","isPartOf":{"@id":"https:\/\/radioljubuski.ba\/#website"},"primaryImageOfPage":{"@id":"https:\/\/radioljubuski.ba\/index.php\/2022\/04\/14\/imocaninu-prekipjelo-zbog-birokracije-pa-blokirao-granicni-prijelaz-s-bih\/#primaryimage"},"image":{"@id":"https:\/\/radioljubuski.ba\/index.php\/2022\/04\/14\/imocaninu-prekipjelo-zbog-birokracije-pa-blokirao-granicni-prijelaz-s-bih\/#primaryimage"},"thumbnailUrl":"https:\/\/radioljubuski.ba\/wp-content\/uploads\/2022\/04\/33-10.png","datePublished":"2022-04-14T22:45:24+00:00","dateModified":"2022-04-14T22:45:26+00:00","breadcrumb":{"@id":"https:\/\/radioljubuski.ba\/index.php\/2022\/04\/14\/imocaninu-prekipjelo-zbog-birokracije-pa-blokirao-granicni-prijelaz-s-bih\/#breadcrumb"},"inLanguage":"hr","potentialAction":[{"@type":"ReadAction","target":["https:\/\/radioljubuski.ba\/index.php\/2022\/04\/14\/imocaninu-prekipjelo-zbog-birokracije-pa-blokirao-granicni-prijelaz-s-bih\/"]}]},{"@type":"ImageObject","inLanguage":"hr","@id":"https:\/\/radioljubuski.ba\/index.php\/2022\/04\/14\/imocaninu-prekipjelo-zbog-birokracije-pa-blokirao-granicni-prijelaz-s-bih\/#primaryimage","url":"https:\/\/radioljubuski.ba\/wp-content\/uploads\/2022\/04\/33-10.png","contentUrl":"https:\/\/radioljubuski.ba\/wp-content\/uploads\/2022\/04\/33-10.png","width":836,"height":520},{"@type":"BreadcrumbList","@id":"https:\/\/radioljubuski.ba\/index.php\/2022\/04\/14\/imocaninu-prekipjelo-zbog-birokracije-pa-blokirao-granicni-prijelaz-s-bih\/#breadcrumb","itemListElement":[{"@type":"ListItem","position":1,"name":"Po\u010detna stranica","item":"https:\/\/radioljubuski.ba\/"},{"@type":"ListItem","position":2,"name":"Imo\u0107aninu prekipjelo zbog birokracije, pa blokirao grani\u010dni prijelaz s BiH"}]},{"@type":"WebSite","@id":"https:\/\/radioljubuski.ba\/#website","url":"https:\/\/radioljubuski.ba\/","name":"Radio Ljubu\u0161ki","description":"Sun\u010dana frekvencija Hercegovine","publisher":{"@id":"https:\/\/radioljubuski.ba\/#organization"},"potentialAction":[{"@type":"SearchAction","target":{"@type":"EntryPoint","urlTemplate":"https:\/\/radioljubuski.ba\/?s={search_term_string}"},"query-input":{"@type":"PropertyValueSpecification","valueRequired":true,"valueName":"search_term_string"}}],"inLanguage":"hr"},{"@type":"Organization","@id":"https:\/\/radioljubuski.ba\/#organization","name":"Radio Ljubu\u0161ki","url":"https:\/\/radioljubuski.ba\/","logo":{"@type":"ImageObject","inLanguage":"hr","@id":"https:\/\/radioljubuski.ba\/#\/schema\/logo\/image\/","url":"https:\/\/radioljubuski.ba\/wp-content\/uploads\/2021\/02\/cropped-Radio_Ljubuski_logo1.jpg","contentUrl":"https:\/\/radioljubuski.ba\/wp-content\/uploads\/2021\/02\/cropped-Radio_Ljubuski_logo1.jpg","width":512,"height":512,"caption":"Radio Ljubu\u0161ki"},"image":{"@id":"https:\/\/radioljubuski.ba\/#\/schema\/logo\/image\/"},"sameAs":["https:\/\/www.facebook.com\/Radiio-Ljubuski-1490835324566332","https:\/\/x.com\/radioljubuski","https:\/\/hr.linkedin.com\/company\/radio-ljubuski","https:\/\/www.youtube.com\/channel\/UCHYaeO_n0Db3tjNGudGpXyw"]},{"@type":"Person","@id":"https:\/\/radioljubuski.ba\/#\/schema\/person\/19fc700381a780f69665d7956c469e3b","name":"Radio Ljubu\u0161ki"}]}},"_links":{"self":[{"href":"https:\/\/radioljubuski.ba\/index.php\/wp-json\/wp\/v2\/posts\/132696","targetHints":{"allow":["GET"]}}],"collection":[{"href":"https:\/\/radioljubuski.ba\/index.php\/wp-json\/wp\/v2\/posts"}],"about":[{"href":"https:\/\/radioljubuski.ba\/index.php\/wp-json\/wp\/v2\/types\/post"}],"author":[{"embeddable":true,"href":"https:\/\/radioljubuski.ba\/index.php\/wp-json\/wp\/v2\/users\/2"}],"replies":[{"embeddable":true,"href":"https:\/\/radioljubuski.ba\/index.php\/wp-json\/wp\/v2\/comments?post=132696"}],"version-history":[{"count":1,"href":"https:\/\/radioljubuski.ba\/index.php\/wp-json\/wp\/v2\/posts\/132696\/revisions"}],"predecessor-version":[{"id":132698,"href":"https:\/\/radioljubuski.ba\/index.php\/wp-json\/wp\/v2\/posts\/132696\/revisions\/132698"}],"wp:featuredmedia":[{"embeddable":true,"href":"https:\/\/radioljubuski.ba\/index.php\/wp-json\/wp\/v2\/media\/132697"}],"wp:attachment":[{"href":"https:\/\/radioljubuski.ba\/index.php\/wp-json\/wp\/v2\/media?parent=132696"}],"wp:term":[{"taxonomy":"category","embeddable":true,"href":"https:\/\/radioljubuski.ba\/index.php\/wp-json\/wp\/v2\/categories?post=132696"},{"taxonomy":"post_tag","embeddable":true,"href":"https:\/\/radioljubuski.ba\/index.php\/wp-json\/wp\/v2\/tags?post=132696"}],"curies":[{"name":"wp","href":"https:\/\/api.w.org\/{rel}","templated":true}]}}