{"id":132699,"date":"2022-04-15T00:15:55","date_gmt":"2022-04-14T23:15:55","guid":{"rendered":"https:\/\/radioljubuski.ba\/?p=132699"},"modified":"2022-04-15T00:15:56","modified_gmt":"2022-04-14T23:15:56","slug":"sedmo-izdanje-utrke-mtb-4-islands","status":"publish","type":"post","link":"https:\/\/radioljubuski.ba\/index.php\/2022\/04\/15\/sedmo-izdanje-utrke-mtb-4-islands\/","title":{"rendered":"Sedmo izdanje utrke MTB 4 Islands"},"content":{"rendered":"\n<p><strong>Sedmo izdanje 4 Islands MTB, petodnevne etapne brdska biciklisti\u010dka utrka \u010diji je osnovni cilj promocija brdskog biciklizma kao rekreacije, hobija, sporta i stila \u017eivota, odr\u017eava se od 19. do 23. travnja na Krku, Rabu, Cresu i Lo\u0161inju.<\/strong><\/p>\n\n\n\n<p>Ova godina razlikuje se od prethodnih po tome \u0161to je Ironman grupa otkupila kvarnersku utrku i predstavila &#8220;4 Islands MTB Race&#8221; kao dio svojih Epic series uz ostalih sedam utrka. Tako \u0107e Hrvatska i Kvarner stati uz bok \u0160vicarskoj, Australiji, Novom Zelandu, Walesu, Andori i Ju\u017enoj Africi, a dodatna vrijednost ovog doga\u0111aja je promocija hrvatskih otoka Krka, Raba, Cresa i Lo\u0161inj kao biciklisti\u010dkih destinacija te unaprje\u0111enje ciklo turizma kao alternativnoga oblika turizma u RH.<br><br>Biciklisti \u0107e u pet dana prije\u0107i 270 kilometara staza i preko 5000 metara ukupnog visinskog uspona. Utrka se svakoga dana odvija na drugom otoku \u0161to predstavlja zahtjevnu logistiku, ali i nezaboravno iskustvo natjecatelja i pratitelja. Okuplja oko 600 natjecatelja iz vi\u0161e od trideset zemlja svijeta, a natjecati se mogue u vi\u0161e kategorija, pa je samim tim omogu\u0107eno fer sudjelovanje natjecatelja razli\u010ditih dobnih skupina i kombinacija.<br><br>Organizator projekta,&nbsp;<strong>Tomislav Zobec<\/strong>, kazao je kako je vizija projekta pozicionirati 4 Islands MTB stage race kao jednu od najprepoznatljivijih etapnih brdsko-biciklisti\u010dkih utrka na svijetu i ostvariti odr\u017eiv projekt za kompaniju i lokalnu zajednicu.<br><br>&#8211; \u017delja nam je promovirati brdski biciklizam i pru\u017eiti korisnicima neponovljivo iskustvo vo\u017enje bicikla na jedinstvenim lokacijama te postati utrka s najja\u010dim svjetskim imenima iz sporta.<\/p>\n\n\n\n<p>Izvor:hrt.hr<\/p>\n","protected":false},"excerpt":{"rendered":"<p>Sedmo izdanje 4 Islands MTB, petodnevne etapne brdska biciklisti\u010dka utrka \u010diji je osnovni cilj promocija brdskog biciklizma kao rekreacije, hobija, sporta i stila \u017eivota, odr\u017eava se od 19. do 23. travnja na Krku, Rabu, Cresu i Lo\u0161inju. Ova godina razlikuje se od prethodnih po tome \u0161to je Ironman grupa otkupila kvarnersku utrku i predstavila &#8220;4 [&hellip;]<\/p>\n","protected":false},"author":2,"featured_media":132700,"comment_status":"closed","ping_status":"closed","sticky":false,"template":"","format":"standard","meta":{"h5ap_radio_sources":[],"footnotes":""},"categories":[7],"tags":[],"class_list":["post-132699","post","type-post","status-publish","format-standard","has-post-thumbnail","hentry","category-sport"],"yoast_head":"<!-- This site is optimized with the Yoast SEO plugin v27.5 - https:\/\/yoast.com\/product\/yoast-seo-wordpress\/ -->\n<title>Sedmo izdanje utrke MTB 4 Islands - RADIO LJUBU\u0160KI<\/title>\n<meta name=\"robots\" content=\"index, follow, max-snippet:-1, max-image-preview:large, max-video-preview:-1\" \/>\n<link rel=\"canonical\" href=\"https:\/\/radioljubuski.ba\/index.php\/2022\/04\/15\/sedmo-izdanje-utrke-mtb-4-islands\/\" \/>\n<meta property=\"og:locale\" content=\"hr_HR\" \/>\n<meta property=\"og:type\" content=\"article\" \/>\n<meta property=\"og:title\" content=\"Sedmo izdanje utrke MTB 4 Islands - RADIO LJUBU\u0160KI\" \/>\n<meta property=\"og:description\" content=\"Sedmo izdanje 4 Islands MTB, petodnevne etapne brdska biciklisti\u010dka utrka \u010diji je osnovni cilj promocija brdskog biciklizma kao rekreacije, hobija, sporta i stila \u017eivota, odr\u017eava se od 19. do 23. travnja na Krku, Rabu, Cresu i Lo\u0161inju. Ova godina razlikuje se od prethodnih po tome \u0161to je Ironman grupa otkupila kvarnersku utrku i predstavila &#8220;4 [&hellip;]\" \/>\n<meta property=\"og:url\" content=\"https:\/\/radioljubuski.ba\/index.php\/2022\/04\/15\/sedmo-izdanje-utrke-mtb-4-islands\/\" \/>\n<meta property=\"og:site_name\" content=\"RADIO LJUBU\u0160KI\" \/>\n<meta property=\"article:publisher\" content=\"https:\/\/www.facebook.com\/Radiio-Ljubuski-1490835324566332\" \/>\n<meta property=\"article:published_time\" content=\"2022-04-14T23:15:55+00:00\" \/>\n<meta property=\"article:modified_time\" content=\"2022-04-14T23:15:56+00:00\" \/>\n<meta property=\"og:image\" content=\"https:\/\/radioljubuski.ba\/wp-content\/uploads\/2022\/04\/pxl-100419-24243411-20220414112856.jpg\" \/>\n\t<meta property=\"og:image:width\" content=\"1600\" \/>\n\t<meta property=\"og:image:height\" content=\"1067\" \/>\n\t<meta property=\"og:image:type\" content=\"image\/jpeg\" \/>\n<meta name=\"author\" content=\"Radio Ljubu\u0161ki\" \/>\n<meta name=\"twitter:card\" content=\"summary_large_image\" \/>\n<meta name=\"twitter:creator\" content=\"@radioljubuski\" \/>\n<meta name=\"twitter:site\" content=\"@radioljubuski\" \/>\n<meta name=\"twitter:label1\" content=\"Napisao\/la\" \/>\n\t<meta name=\"twitter:data1\" content=\"Radio Ljubu\u0161ki\" \/>\n\t<meta name=\"twitter:label2\" content=\"Procijenjeno vrijeme \u010ditanja\" \/>\n\t<meta name=\"twitter:data2\" content=\"2 minute\" \/>\n<script type=\"application\/ld+json\" class=\"yoast-schema-graph\">{\"@context\":\"https:\\\/\\\/schema.org\",\"@graph\":[{\"@type\":\"Article\",\"@id\":\"https:\\\/\\\/radioljubuski.ba\\\/index.php\\\/2022\\\/04\\\/15\\\/sedmo-izdanje-utrke-mtb-4-islands\\\/#article\",\"isPartOf\":{\"@id\":\"https:\\\/\\\/radioljubuski.ba\\\/index.php\\\/2022\\\/04\\\/15\\\/sedmo-izdanje-utrke-mtb-4-islands\\\/\"},\"author\":{\"name\":\"Radio Ljubu\u0161ki\",\"@id\":\"https:\\\/\\\/radioljubuski.ba\\\/#\\\/schema\\\/person\\\/19fc700381a780f69665d7956c469e3b\"},\"headline\":\"Sedmo izdanje utrke MTB 4 Islands\",\"datePublished\":\"2022-04-14T23:15:55+00:00\",\"dateModified\":\"2022-04-14T23:15:56+00:00\",\"mainEntityOfPage\":{\"@id\":\"https:\\\/\\\/radioljubuski.ba\\\/index.php\\\/2022\\\/04\\\/15\\\/sedmo-izdanje-utrke-mtb-4-islands\\\/\"},\"wordCount\":255,\"publisher\":{\"@id\":\"https:\\\/\\\/radioljubuski.ba\\\/#organization\"},\"image\":{\"@id\":\"https:\\\/\\\/radioljubuski.ba\\\/index.php\\\/2022\\\/04\\\/15\\\/sedmo-izdanje-utrke-mtb-4-islands\\\/#primaryimage\"},\"thumbnailUrl\":\"https:\\\/\\\/radioljubuski.ba\\\/wp-content\\\/uploads\\\/2022\\\/04\\\/pxl-100419-24243411-20220414112856.jpg\",\"articleSection\":[\"\u0160port\"],\"inLanguage\":\"hr\"},{\"@type\":\"WebPage\",\"@id\":\"https:\\\/\\\/radioljubuski.ba\\\/index.php\\\/2022\\\/04\\\/15\\\/sedmo-izdanje-utrke-mtb-4-islands\\\/\",\"url\":\"https:\\\/\\\/radioljubuski.ba\\\/index.php\\\/2022\\\/04\\\/15\\\/sedmo-izdanje-utrke-mtb-4-islands\\\/\",\"name\":\"Sedmo izdanje utrke MTB 4 Islands - RADIO LJUBU\u0160KI\",\"isPartOf\":{\"@id\":\"https:\\\/\\\/radioljubuski.ba\\\/#website\"},\"primaryImageOfPage\":{\"@id\":\"https:\\\/\\\/radioljubuski.ba\\\/index.php\\\/2022\\\/04\\\/15\\\/sedmo-izdanje-utrke-mtb-4-islands\\\/#primaryimage\"},\"image\":{\"@id\":\"https:\\\/\\\/radioljubuski.ba\\\/index.php\\\/2022\\\/04\\\/15\\\/sedmo-izdanje-utrke-mtb-4-islands\\\/#primaryimage\"},\"thumbnailUrl\":\"https:\\\/\\\/radioljubuski.ba\\\/wp-content\\\/uploads\\\/2022\\\/04\\\/pxl-100419-24243411-20220414112856.jpg\",\"datePublished\":\"2022-04-14T23:15:55+00:00\",\"dateModified\":\"2022-04-14T23:15:56+00:00\",\"breadcrumb\":{\"@id\":\"https:\\\/\\\/radioljubuski.ba\\\/index.php\\\/2022\\\/04\\\/15\\\/sedmo-izdanje-utrke-mtb-4-islands\\\/#breadcrumb\"},\"inLanguage\":\"hr\",\"potentialAction\":[{\"@type\":\"ReadAction\",\"target\":[\"https:\\\/\\\/radioljubuski.ba\\\/index.php\\\/2022\\\/04\\\/15\\\/sedmo-izdanje-utrke-mtb-4-islands\\\/\"]}]},{\"@type\":\"ImageObject\",\"inLanguage\":\"hr\",\"@id\":\"https:\\\/\\\/radioljubuski.ba\\\/index.php\\\/2022\\\/04\\\/15\\\/sedmo-izdanje-utrke-mtb-4-islands\\\/#primaryimage\",\"url\":\"https:\\\/\\\/radioljubuski.ba\\\/wp-content\\\/uploads\\\/2022\\\/04\\\/pxl-100419-24243411-20220414112856.jpg\",\"contentUrl\":\"https:\\\/\\\/radioljubuski.ba\\\/wp-content\\\/uploads\\\/2022\\\/04\\\/pxl-100419-24243411-20220414112856.jpg\",\"width\":1600,\"height\":1067,\"caption\":\"10.04.2019., Baska - Medjunarodna biciklisticka etapna utrka Mitas 4 Islands pocela je prvom etapom od Baske do Krka. Utrka se vozi na 4 otoka, a sudjeluje oko 550 vozaca u timovima po dvoje. Photo: Goran Kovacic\\\/PIXSELL\"},{\"@type\":\"BreadcrumbList\",\"@id\":\"https:\\\/\\\/radioljubuski.ba\\\/index.php\\\/2022\\\/04\\\/15\\\/sedmo-izdanje-utrke-mtb-4-islands\\\/#breadcrumb\",\"itemListElement\":[{\"@type\":\"ListItem\",\"position\":1,\"name\":\"Po\u010detna stranica\",\"item\":\"https:\\\/\\\/radioljubuski.ba\\\/\"},{\"@type\":\"ListItem\",\"position\":2,\"name\":\"Sedmo izdanje utrke MTB 4 Islands\"}]},{\"@type\":\"WebSite\",\"@id\":\"https:\\\/\\\/radioljubuski.ba\\\/#website\",\"url\":\"https:\\\/\\\/radioljubuski.ba\\\/\",\"name\":\"Radio Ljubu\u0161ki\",\"description\":\"Sun\u010dana frekvencija Hercegovine\",\"publisher\":{\"@id\":\"https:\\\/\\\/radioljubuski.ba\\\/#organization\"},\"potentialAction\":[{\"@type\":\"SearchAction\",\"target\":{\"@type\":\"EntryPoint\",\"urlTemplate\":\"https:\\\/\\\/radioljubuski.ba\\\/?s={search_term_string}\"},\"query-input\":{\"@type\":\"PropertyValueSpecification\",\"valueRequired\":true,\"valueName\":\"search_term_string\"}}],\"inLanguage\":\"hr\"},{\"@type\":\"Organization\",\"@id\":\"https:\\\/\\\/radioljubuski.ba\\\/#organization\",\"name\":\"Radio Ljubu\u0161ki\",\"url\":\"https:\\\/\\\/radioljubuski.ba\\\/\",\"logo\":{\"@type\":\"ImageObject\",\"inLanguage\":\"hr\",\"@id\":\"https:\\\/\\\/radioljubuski.ba\\\/#\\\/schema\\\/logo\\\/image\\\/\",\"url\":\"https:\\\/\\\/radioljubuski.ba\\\/wp-content\\\/uploads\\\/2021\\\/02\\\/cropped-Radio_Ljubuski_logo1.jpg\",\"contentUrl\":\"https:\\\/\\\/radioljubuski.ba\\\/wp-content\\\/uploads\\\/2021\\\/02\\\/cropped-Radio_Ljubuski_logo1.jpg\",\"width\":512,\"height\":512,\"caption\":\"Radio Ljubu\u0161ki\"},\"image\":{\"@id\":\"https:\\\/\\\/radioljubuski.ba\\\/#\\\/schema\\\/logo\\\/image\\\/\"},\"sameAs\":[\"https:\\\/\\\/www.facebook.com\\\/Radiio-Ljubuski-1490835324566332\",\"https:\\\/\\\/x.com\\\/radioljubuski\",\"https:\\\/\\\/hr.linkedin.com\\\/company\\\/radio-ljubuski\",\"https:\\\/\\\/www.youtube.com\\\/channel\\\/UCHYaeO_n0Db3tjNGudGpXyw\"]},{\"@type\":\"Person\",\"@id\":\"https:\\\/\\\/radioljubuski.ba\\\/#\\\/schema\\\/person\\\/19fc700381a780f69665d7956c469e3b\",\"name\":\"Radio Ljubu\u0161ki\"}]}<\/script>\n<!-- \/ Yoast SEO plugin. -->","yoast_head_json":{"title":"Sedmo izdanje utrke MTB 4 Islands - RADIO LJUBU\u0160KI","robots":{"index":"index","follow":"follow","max-snippet":"max-snippet:-1","max-image-preview":"max-image-preview:large","max-video-preview":"max-video-preview:-1"},"canonical":"https:\/\/radioljubuski.ba\/index.php\/2022\/04\/15\/sedmo-izdanje-utrke-mtb-4-islands\/","og_locale":"hr_HR","og_type":"article","og_title":"Sedmo izdanje utrke MTB 4 Islands - RADIO LJUBU\u0160KI","og_description":"Sedmo izdanje 4 Islands MTB, petodnevne etapne brdska biciklisti\u010dka utrka \u010diji je osnovni cilj promocija brdskog biciklizma kao rekreacije, hobija, sporta i stila \u017eivota, odr\u017eava se od 19. do 23. travnja na Krku, Rabu, Cresu i Lo\u0161inju. Ova godina razlikuje se od prethodnih po tome \u0161to je Ironman grupa otkupila kvarnersku utrku i predstavila &#8220;4 [&hellip;]","og_url":"https:\/\/radioljubuski.ba\/index.php\/2022\/04\/15\/sedmo-izdanje-utrke-mtb-4-islands\/","og_site_name":"RADIO LJUBU\u0160KI","article_publisher":"https:\/\/www.facebook.com\/Radiio-Ljubuski-1490835324566332","article_published_time":"2022-04-14T23:15:55+00:00","article_modified_time":"2022-04-14T23:15:56+00:00","og_image":[{"width":1600,"height":1067,"url":"https:\/\/radioljubuski.ba\/wp-content\/uploads\/2022\/04\/pxl-100419-24243411-20220414112856.jpg","type":"image\/jpeg"}],"author":"Radio Ljubu\u0161ki","twitter_card":"summary_large_image","twitter_creator":"@radioljubuski","twitter_site":"@radioljubuski","twitter_misc":{"Napisao\/la":"Radio Ljubu\u0161ki","Procijenjeno vrijeme \u010ditanja":"2 minute"},"schema":{"@context":"https:\/\/schema.org","@graph":[{"@type":"Article","@id":"https:\/\/radioljubuski.ba\/index.php\/2022\/04\/15\/sedmo-izdanje-utrke-mtb-4-islands\/#article","isPartOf":{"@id":"https:\/\/radioljubuski.ba\/index.php\/2022\/04\/15\/sedmo-izdanje-utrke-mtb-4-islands\/"},"author":{"name":"Radio Ljubu\u0161ki","@id":"https:\/\/radioljubuski.ba\/#\/schema\/person\/19fc700381a780f69665d7956c469e3b"},"headline":"Sedmo izdanje utrke MTB 4 Islands","datePublished":"2022-04-14T23:15:55+00:00","dateModified":"2022-04-14T23:15:56+00:00","mainEntityOfPage":{"@id":"https:\/\/radioljubuski.ba\/index.php\/2022\/04\/15\/sedmo-izdanje-utrke-mtb-4-islands\/"},"wordCount":255,"publisher":{"@id":"https:\/\/radioljubuski.ba\/#organization"},"image":{"@id":"https:\/\/radioljubuski.ba\/index.php\/2022\/04\/15\/sedmo-izdanje-utrke-mtb-4-islands\/#primaryimage"},"thumbnailUrl":"https:\/\/radioljubuski.ba\/wp-content\/uploads\/2022\/04\/pxl-100419-24243411-20220414112856.jpg","articleSection":["\u0160port"],"inLanguage":"hr"},{"@type":"WebPage","@id":"https:\/\/radioljubuski.ba\/index.php\/2022\/04\/15\/sedmo-izdanje-utrke-mtb-4-islands\/","url":"https:\/\/radioljubuski.ba\/index.php\/2022\/04\/15\/sedmo-izdanje-utrke-mtb-4-islands\/","name":"Sedmo izdanje utrke MTB 4 Islands - RADIO LJUBU\u0160KI","isPartOf":{"@id":"https:\/\/radioljubuski.ba\/#website"},"primaryImageOfPage":{"@id":"https:\/\/radioljubuski.ba\/index.php\/2022\/04\/15\/sedmo-izdanje-utrke-mtb-4-islands\/#primaryimage"},"image":{"@id":"https:\/\/radioljubuski.ba\/index.php\/2022\/04\/15\/sedmo-izdanje-utrke-mtb-4-islands\/#primaryimage"},"thumbnailUrl":"https:\/\/radioljubuski.ba\/wp-content\/uploads\/2022\/04\/pxl-100419-24243411-20220414112856.jpg","datePublished":"2022-04-14T23:15:55+00:00","dateModified":"2022-04-14T23:15:56+00:00","breadcrumb":{"@id":"https:\/\/radioljubuski.ba\/index.php\/2022\/04\/15\/sedmo-izdanje-utrke-mtb-4-islands\/#breadcrumb"},"inLanguage":"hr","potentialAction":[{"@type":"ReadAction","target":["https:\/\/radioljubuski.ba\/index.php\/2022\/04\/15\/sedmo-izdanje-utrke-mtb-4-islands\/"]}]},{"@type":"ImageObject","inLanguage":"hr","@id":"https:\/\/radioljubuski.ba\/index.php\/2022\/04\/15\/sedmo-izdanje-utrke-mtb-4-islands\/#primaryimage","url":"https:\/\/radioljubuski.ba\/wp-content\/uploads\/2022\/04\/pxl-100419-24243411-20220414112856.jpg","contentUrl":"https:\/\/radioljubuski.ba\/wp-content\/uploads\/2022\/04\/pxl-100419-24243411-20220414112856.jpg","width":1600,"height":1067,"caption":"10.04.2019., Baska - Medjunarodna biciklisticka etapna utrka Mitas 4 Islands pocela je prvom etapom od Baske do Krka. Utrka se vozi na 4 otoka, a sudjeluje oko 550 vozaca u timovima po dvoje. Photo: Goran Kovacic\/PIXSELL"},{"@type":"BreadcrumbList","@id":"https:\/\/radioljubuski.ba\/index.php\/2022\/04\/15\/sedmo-izdanje-utrke-mtb-4-islands\/#breadcrumb","itemListElement":[{"@type":"ListItem","position":1,"name":"Po\u010detna stranica","item":"https:\/\/radioljubuski.ba\/"},{"@type":"ListItem","position":2,"name":"Sedmo izdanje utrke MTB 4 Islands"}]},{"@type":"WebSite","@id":"https:\/\/radioljubuski.ba\/#website","url":"https:\/\/radioljubuski.ba\/","name":"Radio Ljubu\u0161ki","description":"Sun\u010dana frekvencija Hercegovine","publisher":{"@id":"https:\/\/radioljubuski.ba\/#organization"},"potentialAction":[{"@type":"SearchAction","target":{"@type":"EntryPoint","urlTemplate":"https:\/\/radioljubuski.ba\/?s={search_term_string}"},"query-input":{"@type":"PropertyValueSpecification","valueRequired":true,"valueName":"search_term_string"}}],"inLanguage":"hr"},{"@type":"Organization","@id":"https:\/\/radioljubuski.ba\/#organization","name":"Radio Ljubu\u0161ki","url":"https:\/\/radioljubuski.ba\/","logo":{"@type":"ImageObject","inLanguage":"hr","@id":"https:\/\/radioljubuski.ba\/#\/schema\/logo\/image\/","url":"https:\/\/radioljubuski.ba\/wp-content\/uploads\/2021\/02\/cropped-Radio_Ljubuski_logo1.jpg","contentUrl":"https:\/\/radioljubuski.ba\/wp-content\/uploads\/2021\/02\/cropped-Radio_Ljubuski_logo1.jpg","width":512,"height":512,"caption":"Radio Ljubu\u0161ki"},"image":{"@id":"https:\/\/radioljubuski.ba\/#\/schema\/logo\/image\/"},"sameAs":["https:\/\/www.facebook.com\/Radiio-Ljubuski-1490835324566332","https:\/\/x.com\/radioljubuski","https:\/\/hr.linkedin.com\/company\/radio-ljubuski","https:\/\/www.youtube.com\/channel\/UCHYaeO_n0Db3tjNGudGpXyw"]},{"@type":"Person","@id":"https:\/\/radioljubuski.ba\/#\/schema\/person\/19fc700381a780f69665d7956c469e3b","name":"Radio Ljubu\u0161ki"}]}},"_links":{"self":[{"href":"https:\/\/radioljubuski.ba\/index.php\/wp-json\/wp\/v2\/posts\/132699","targetHints":{"allow":["GET"]}}],"collection":[{"href":"https:\/\/radioljubuski.ba\/index.php\/wp-json\/wp\/v2\/posts"}],"about":[{"href":"https:\/\/radioljubuski.ba\/index.php\/wp-json\/wp\/v2\/types\/post"}],"author":[{"embeddable":true,"href":"https:\/\/radioljubuski.ba\/index.php\/wp-json\/wp\/v2\/users\/2"}],"replies":[{"embeddable":true,"href":"https:\/\/radioljubuski.ba\/index.php\/wp-json\/wp\/v2\/comments?post=132699"}],"version-history":[{"count":1,"href":"https:\/\/radioljubuski.ba\/index.php\/wp-json\/wp\/v2\/posts\/132699\/revisions"}],"predecessor-version":[{"id":132701,"href":"https:\/\/radioljubuski.ba\/index.php\/wp-json\/wp\/v2\/posts\/132699\/revisions\/132701"}],"wp:featuredmedia":[{"embeddable":true,"href":"https:\/\/radioljubuski.ba\/index.php\/wp-json\/wp\/v2\/media\/132700"}],"wp:attachment":[{"href":"https:\/\/radioljubuski.ba\/index.php\/wp-json\/wp\/v2\/media?parent=132699"}],"wp:term":[{"taxonomy":"category","embeddable":true,"href":"https:\/\/radioljubuski.ba\/index.php\/wp-json\/wp\/v2\/categories?post=132699"},{"taxonomy":"post_tag","embeddable":true,"href":"https:\/\/radioljubuski.ba\/index.php\/wp-json\/wp\/v2\/tags?post=132699"}],"curies":[{"name":"wp","href":"https:\/\/api.w.org\/{rel}","templated":true}]}}