{"id":132722,"date":"2022-04-15T00:31:27","date_gmt":"2022-04-14T23:31:27","guid":{"rendered":"https:\/\/radioljubuski.ba\/?p=132722"},"modified":"2022-04-15T00:31:28","modified_gmt":"2022-04-14T23:31:28","slug":"dambrauskas-vazan-tjedan-je-pred-nama-a-atmosfera-je-savrsena","status":"publish","type":"post","link":"https:\/\/radioljubuski.ba\/index.php\/2022\/04\/15\/dambrauskas-vazan-tjedan-je-pred-nama-a-atmosfera-je-savrsena\/","title":{"rendered":"Dambrauskas: Va\u017ean tjedan je pred nama, a atmosfera je savr\u0161ena"},"content":{"rendered":"\n<p><strong>Trener Hajduka Valdas Dambrauskas najavio je dvoboj 31. kola Prve HNL koji njegova mom\u010dad igra sutra protiv Gorice na Poljudu.<\/strong><\/p>\n\n\n\n<p>&#8211; Trebamo se koncentrirati na sebe, va\u017ean tjedan je pred nama, imamo tri utakmice. Igramo sutra, pa odmor, i nekoliko dana prije Dinama. Onda opet u subotu protiv Slaven Belupa. Ovaj tjedan je veoma va\u017ean. Moramo biti mentalno i fizi\u010dki spremni za sljede\u0107e tri utakmice. Dobro smo trenirali i spremni smo za najva\u017eniju utakmicu, a to je Gorica. Ne razmi\u0161ljamo o drugoj utakmici trenuta\u010dno, rekao je Dambrauskas u najavi.<br><br>Dvoboj se igra od 20.05 sati.<br><br>Trener Hajduka komentirao je sutra\u0161njeg protivnika.<br><br>&#8211; Svaka utakmica pi\u0161e svoju pri\u010du. Pro\u0161li rezultati nisu bitni, igrali smo dobro protiv njih, to i o\u010dekujemo sutra. Imaju novog trenera, po\u0161tujemo ga. Trener ih je stavio na pozicije na kojima se najugodnije osje\u0107aju, oni mogu pobijediti na svoj dan ba\u0161 svakoga. Kad ekipe do\u0111e u Split, imaju krila, jer za ve\u0107inu mom\u010dadi ovo je va\u017ena utakmica jer se dokazuju. Moramo biti spremni i fokusirani kako bismo pokazali najbolji nogomet, a onda nemam straha za rezultat, rekao je Dambrauskas.<\/p>\n\n\n\n<iframe loading=\"lazy\" src=\"https:\/\/www.facebook.com\/plugins\/post.php?href=https%3A%2F%2Fwww.facebook.com%2Fhnkhajduk%2Fposts%2F7208298119245013&#038;show_text=true&#038;width=500\" width=\"500\" height=\"645\" style=\"border:none;overflow:hidden\" scrolling=\"no\" frameborder=\"0\" allowfullscreen=\"true\" allow=\"autoplay; clipboard-write; encrypted-media; picture-in-picture; web-share\"><\/iframe>\n\n\n\n<p>Nekoliko igra\u010da ima opasnost od \u017eutih kartona protiv Gorice s kojima bi propustili derbi s Dinamom u srijedu.<br><br>&#8211; Ne razmi\u0161ljam o kartonima, razmi\u0161ljam samo kako sutra pobijediti. Kasnije mo\u017eemo razmi\u0161ljati o dvoboju protiv Dinama u srijedu, prvo je na rasporedu Gorica, a onda ide sve ostalo, rekao je Dambrauskas.<br><br>Govorio je o atmosferi u mom\u010dadi.<br><br>&#8211; Mislim da je atmosfera savr\u0161ena, najbolja \u0161to je ikad bila. Igramo jo\u0161 nekoliko utakmica u ligi, finale Kupa. Mi smo profesionalci, pla\u0107eni smo za ovo. Do kraja sezone, ne smijemo razmi\u0161ljati o odmoru, to nije po\u0161teno prema navija\u010dima. I\u0107i \u0107emo do kraja fokusirano. Rezultat je nekad dobar, nekad nije, ali najva\u017enije je \u0161to radi\u0161 na treningu. Ako da\u0161 sve, tako \u0107e biti i na utakmicama. Tako se postaje pobjednik. Mora\u0161 pobijediti prvo sebe, da bi pobijedio u utakmici, zaklju\u010dio je trener Hajduka.<\/p>\n\n\n\n<p>Izvor:hrt.hr<\/p>\n","protected":false},"excerpt":{"rendered":"<p>Trener Hajduka Valdas Dambrauskas najavio je dvoboj 31. kola Prve HNL koji njegova mom\u010dad igra sutra protiv Gorice na Poljudu. &#8211; Trebamo se koncentrirati na sebe, va\u017ean tjedan je pred nama, imamo tri utakmice. Igramo sutra, pa odmor, i nekoliko dana prije Dinama. Onda opet u subotu protiv Slaven Belupa. Ovaj tjedan je veoma va\u017ean. [&hellip;]<\/p>\n","protected":false},"author":2,"featured_media":95937,"comment_status":"closed","ping_status":"closed","sticky":false,"template":"","format":"standard","meta":{"h5ap_radio_sources":[],"footnotes":""},"categories":[7],"tags":[],"class_list":["post-132722","post","type-post","status-publish","format-standard","has-post-thumbnail","hentry","category-sport"],"yoast_head":"<!-- This site is optimized with the Yoast SEO plugin v27.5 - https:\/\/yoast.com\/product\/yoast-seo-wordpress\/ -->\n<title>Dambrauskas: Va\u017ean tjedan je pred nama, a atmosfera je savr\u0161ena - RADIO LJUBU\u0160KI<\/title>\n<meta name=\"robots\" content=\"index, follow, max-snippet:-1, max-image-preview:large, max-video-preview:-1\" \/>\n<link rel=\"canonical\" href=\"https:\/\/radioljubuski.ba\/index.php\/2022\/04\/15\/dambrauskas-vazan-tjedan-je-pred-nama-a-atmosfera-je-savrsena\/\" \/>\n<meta property=\"og:locale\" content=\"hr_HR\" \/>\n<meta property=\"og:type\" content=\"article\" \/>\n<meta property=\"og:title\" content=\"Dambrauskas: Va\u017ean tjedan je pred nama, a atmosfera je savr\u0161ena - RADIO LJUBU\u0160KI\" \/>\n<meta property=\"og:description\" content=\"Trener Hajduka Valdas Dambrauskas najavio je dvoboj 31. kola Prve HNL koji njegova mom\u010dad igra sutra protiv Gorice na Poljudu. &#8211; Trebamo se koncentrirati na sebe, va\u017ean tjedan je pred nama, imamo tri utakmice. Igramo sutra, pa odmor, i nekoliko dana prije Dinama. Onda opet u subotu protiv Slaven Belupa. Ovaj tjedan je veoma va\u017ean. [&hellip;]\" \/>\n<meta property=\"og:url\" content=\"https:\/\/radioljubuski.ba\/index.php\/2022\/04\/15\/dambrauskas-vazan-tjedan-je-pred-nama-a-atmosfera-je-savrsena\/\" \/>\n<meta property=\"og:site_name\" content=\"RADIO LJUBU\u0160KI\" \/>\n<meta property=\"article:publisher\" content=\"https:\/\/www.facebook.com\/Radiio-Ljubuski-1490835324566332\" \/>\n<meta property=\"article:published_time\" content=\"2022-04-14T23:31:27+00:00\" \/>\n<meta property=\"article:modified_time\" content=\"2022-04-14T23:31:28+00:00\" \/>\n<meta property=\"og:image\" content=\"https:\/\/radioljubuski.ba\/wp-content\/uploads\/2021\/12\/dambrauskas-valdas-20211204164018.jpg\" \/>\n\t<meta property=\"og:image:width\" content=\"1600\" \/>\n\t<meta property=\"og:image:height\" content=\"906\" \/>\n\t<meta property=\"og:image:type\" content=\"image\/jpeg\" \/>\n<meta name=\"author\" content=\"Radio Ljubu\u0161ki\" \/>\n<meta name=\"twitter:card\" content=\"summary_large_image\" \/>\n<meta name=\"twitter:creator\" content=\"@radioljubuski\" \/>\n<meta name=\"twitter:site\" content=\"@radioljubuski\" \/>\n<meta name=\"twitter:label1\" content=\"Napisao\/la\" \/>\n\t<meta name=\"twitter:data1\" content=\"Radio Ljubu\u0161ki\" \/>\n\t<meta name=\"twitter:label2\" content=\"Procijenjeno vrijeme \u010ditanja\" \/>\n\t<meta name=\"twitter:data2\" content=\"2 minute\" \/>\n<script type=\"application\/ld+json\" class=\"yoast-schema-graph\">{\"@context\":\"https:\\\/\\\/schema.org\",\"@graph\":[{\"@type\":\"Article\",\"@id\":\"https:\\\/\\\/radioljubuski.ba\\\/index.php\\\/2022\\\/04\\\/15\\\/dambrauskas-vazan-tjedan-je-pred-nama-a-atmosfera-je-savrsena\\\/#article\",\"isPartOf\":{\"@id\":\"https:\\\/\\\/radioljubuski.ba\\\/index.php\\\/2022\\\/04\\\/15\\\/dambrauskas-vazan-tjedan-je-pred-nama-a-atmosfera-je-savrsena\\\/\"},\"author\":{\"name\":\"Radio Ljubu\u0161ki\",\"@id\":\"https:\\\/\\\/radioljubuski.ba\\\/#\\\/schema\\\/person\\\/19fc700381a780f69665d7956c469e3b\"},\"headline\":\"Dambrauskas: Va\u017ean tjedan je pred nama, a atmosfera je savr\u0161ena\",\"datePublished\":\"2022-04-14T23:31:27+00:00\",\"dateModified\":\"2022-04-14T23:31:28+00:00\",\"mainEntityOfPage\":{\"@id\":\"https:\\\/\\\/radioljubuski.ba\\\/index.php\\\/2022\\\/04\\\/15\\\/dambrauskas-vazan-tjedan-je-pred-nama-a-atmosfera-je-savrsena\\\/\"},\"wordCount\":366,\"publisher\":{\"@id\":\"https:\\\/\\\/radioljubuski.ba\\\/#organization\"},\"image\":{\"@id\":\"https:\\\/\\\/radioljubuski.ba\\\/index.php\\\/2022\\\/04\\\/15\\\/dambrauskas-vazan-tjedan-je-pred-nama-a-atmosfera-je-savrsena\\\/#primaryimage\"},\"thumbnailUrl\":\"https:\\\/\\\/radioljubuski.ba\\\/wp-content\\\/uploads\\\/2021\\\/12\\\/dambrauskas-valdas-20211204164018.jpg\",\"articleSection\":[\"\u0160port\"],\"inLanguage\":\"hr\"},{\"@type\":\"WebPage\",\"@id\":\"https:\\\/\\\/radioljubuski.ba\\\/index.php\\\/2022\\\/04\\\/15\\\/dambrauskas-vazan-tjedan-je-pred-nama-a-atmosfera-je-savrsena\\\/\",\"url\":\"https:\\\/\\\/radioljubuski.ba\\\/index.php\\\/2022\\\/04\\\/15\\\/dambrauskas-vazan-tjedan-je-pred-nama-a-atmosfera-je-savrsena\\\/\",\"name\":\"Dambrauskas: Va\u017ean tjedan je pred nama, a atmosfera je savr\u0161ena - RADIO LJUBU\u0160KI\",\"isPartOf\":{\"@id\":\"https:\\\/\\\/radioljubuski.ba\\\/#website\"},\"primaryImageOfPage\":{\"@id\":\"https:\\\/\\\/radioljubuski.ba\\\/index.php\\\/2022\\\/04\\\/15\\\/dambrauskas-vazan-tjedan-je-pred-nama-a-atmosfera-je-savrsena\\\/#primaryimage\"},\"image\":{\"@id\":\"https:\\\/\\\/radioljubuski.ba\\\/index.php\\\/2022\\\/04\\\/15\\\/dambrauskas-vazan-tjedan-je-pred-nama-a-atmosfera-je-savrsena\\\/#primaryimage\"},\"thumbnailUrl\":\"https:\\\/\\\/radioljubuski.ba\\\/wp-content\\\/uploads\\\/2021\\\/12\\\/dambrauskas-valdas-20211204164018.jpg\",\"datePublished\":\"2022-04-14T23:31:27+00:00\",\"dateModified\":\"2022-04-14T23:31:28+00:00\",\"breadcrumb\":{\"@id\":\"https:\\\/\\\/radioljubuski.ba\\\/index.php\\\/2022\\\/04\\\/15\\\/dambrauskas-vazan-tjedan-je-pred-nama-a-atmosfera-je-savrsena\\\/#breadcrumb\"},\"inLanguage\":\"hr\",\"potentialAction\":[{\"@type\":\"ReadAction\",\"target\":[\"https:\\\/\\\/radioljubuski.ba\\\/index.php\\\/2022\\\/04\\\/15\\\/dambrauskas-vazan-tjedan-je-pred-nama-a-atmosfera-je-savrsena\\\/\"]}]},{\"@type\":\"ImageObject\",\"inLanguage\":\"hr\",\"@id\":\"https:\\\/\\\/radioljubuski.ba\\\/index.php\\\/2022\\\/04\\\/15\\\/dambrauskas-vazan-tjedan-je-pred-nama-a-atmosfera-je-savrsena\\\/#primaryimage\",\"url\":\"https:\\\/\\\/radioljubuski.ba\\\/wp-content\\\/uploads\\\/2021\\\/12\\\/dambrauskas-valdas-20211204164018.jpg\",\"contentUrl\":\"https:\\\/\\\/radioljubuski.ba\\\/wp-content\\\/uploads\\\/2021\\\/12\\\/dambrauskas-valdas-20211204164018.jpg\",\"width\":1600,\"height\":906,\"caption\":\"26.11.2021., Split - 17. kolo Hrvatski Telekom Prve HNL: Hajduk-Istra 1961.\"},{\"@type\":\"BreadcrumbList\",\"@id\":\"https:\\\/\\\/radioljubuski.ba\\\/index.php\\\/2022\\\/04\\\/15\\\/dambrauskas-vazan-tjedan-je-pred-nama-a-atmosfera-je-savrsena\\\/#breadcrumb\",\"itemListElement\":[{\"@type\":\"ListItem\",\"position\":1,\"name\":\"Po\u010detna stranica\",\"item\":\"https:\\\/\\\/radioljubuski.ba\\\/\"},{\"@type\":\"ListItem\",\"position\":2,\"name\":\"Dambrauskas: Va\u017ean tjedan je pred nama, a atmosfera je savr\u0161ena\"}]},{\"@type\":\"WebSite\",\"@id\":\"https:\\\/\\\/radioljubuski.ba\\\/#website\",\"url\":\"https:\\\/\\\/radioljubuski.ba\\\/\",\"name\":\"Radio Ljubu\u0161ki\",\"description\":\"Sun\u010dana frekvencija Hercegovine\",\"publisher\":{\"@id\":\"https:\\\/\\\/radioljubuski.ba\\\/#organization\"},\"potentialAction\":[{\"@type\":\"SearchAction\",\"target\":{\"@type\":\"EntryPoint\",\"urlTemplate\":\"https:\\\/\\\/radioljubuski.ba\\\/?s={search_term_string}\"},\"query-input\":{\"@type\":\"PropertyValueSpecification\",\"valueRequired\":true,\"valueName\":\"search_term_string\"}}],\"inLanguage\":\"hr\"},{\"@type\":\"Organization\",\"@id\":\"https:\\\/\\\/radioljubuski.ba\\\/#organization\",\"name\":\"Radio Ljubu\u0161ki\",\"url\":\"https:\\\/\\\/radioljubuski.ba\\\/\",\"logo\":{\"@type\":\"ImageObject\",\"inLanguage\":\"hr\",\"@id\":\"https:\\\/\\\/radioljubuski.ba\\\/#\\\/schema\\\/logo\\\/image\\\/\",\"url\":\"https:\\\/\\\/radioljubuski.ba\\\/wp-content\\\/uploads\\\/2021\\\/02\\\/cropped-Radio_Ljubuski_logo1.jpg\",\"contentUrl\":\"https:\\\/\\\/radioljubuski.ba\\\/wp-content\\\/uploads\\\/2021\\\/02\\\/cropped-Radio_Ljubuski_logo1.jpg\",\"width\":512,\"height\":512,\"caption\":\"Radio Ljubu\u0161ki\"},\"image\":{\"@id\":\"https:\\\/\\\/radioljubuski.ba\\\/#\\\/schema\\\/logo\\\/image\\\/\"},\"sameAs\":[\"https:\\\/\\\/www.facebook.com\\\/Radiio-Ljubuski-1490835324566332\",\"https:\\\/\\\/x.com\\\/radioljubuski\",\"https:\\\/\\\/hr.linkedin.com\\\/company\\\/radio-ljubuski\",\"https:\\\/\\\/www.youtube.com\\\/channel\\\/UCHYaeO_n0Db3tjNGudGpXyw\"]},{\"@type\":\"Person\",\"@id\":\"https:\\\/\\\/radioljubuski.ba\\\/#\\\/schema\\\/person\\\/19fc700381a780f69665d7956c469e3b\",\"name\":\"Radio Ljubu\u0161ki\"}]}<\/script>\n<!-- \/ Yoast SEO plugin. -->","yoast_head_json":{"title":"Dambrauskas: Va\u017ean tjedan je pred nama, a atmosfera je savr\u0161ena - RADIO LJUBU\u0160KI","robots":{"index":"index","follow":"follow","max-snippet":"max-snippet:-1","max-image-preview":"max-image-preview:large","max-video-preview":"max-video-preview:-1"},"canonical":"https:\/\/radioljubuski.ba\/index.php\/2022\/04\/15\/dambrauskas-vazan-tjedan-je-pred-nama-a-atmosfera-je-savrsena\/","og_locale":"hr_HR","og_type":"article","og_title":"Dambrauskas: Va\u017ean tjedan je pred nama, a atmosfera je savr\u0161ena - RADIO LJUBU\u0160KI","og_description":"Trener Hajduka Valdas Dambrauskas najavio je dvoboj 31. kola Prve HNL koji njegova mom\u010dad igra sutra protiv Gorice na Poljudu. &#8211; Trebamo se koncentrirati na sebe, va\u017ean tjedan je pred nama, imamo tri utakmice. Igramo sutra, pa odmor, i nekoliko dana prije Dinama. Onda opet u subotu protiv Slaven Belupa. Ovaj tjedan je veoma va\u017ean. [&hellip;]","og_url":"https:\/\/radioljubuski.ba\/index.php\/2022\/04\/15\/dambrauskas-vazan-tjedan-je-pred-nama-a-atmosfera-je-savrsena\/","og_site_name":"RADIO LJUBU\u0160KI","article_publisher":"https:\/\/www.facebook.com\/Radiio-Ljubuski-1490835324566332","article_published_time":"2022-04-14T23:31:27+00:00","article_modified_time":"2022-04-14T23:31:28+00:00","og_image":[{"width":1600,"height":906,"url":"https:\/\/radioljubuski.ba\/wp-content\/uploads\/2021\/12\/dambrauskas-valdas-20211204164018.jpg","type":"image\/jpeg"}],"author":"Radio Ljubu\u0161ki","twitter_card":"summary_large_image","twitter_creator":"@radioljubuski","twitter_site":"@radioljubuski","twitter_misc":{"Napisao\/la":"Radio Ljubu\u0161ki","Procijenjeno vrijeme \u010ditanja":"2 minute"},"schema":{"@context":"https:\/\/schema.org","@graph":[{"@type":"Article","@id":"https:\/\/radioljubuski.ba\/index.php\/2022\/04\/15\/dambrauskas-vazan-tjedan-je-pred-nama-a-atmosfera-je-savrsena\/#article","isPartOf":{"@id":"https:\/\/radioljubuski.ba\/index.php\/2022\/04\/15\/dambrauskas-vazan-tjedan-je-pred-nama-a-atmosfera-je-savrsena\/"},"author":{"name":"Radio Ljubu\u0161ki","@id":"https:\/\/radioljubuski.ba\/#\/schema\/person\/19fc700381a780f69665d7956c469e3b"},"headline":"Dambrauskas: Va\u017ean tjedan je pred nama, a atmosfera je savr\u0161ena","datePublished":"2022-04-14T23:31:27+00:00","dateModified":"2022-04-14T23:31:28+00:00","mainEntityOfPage":{"@id":"https:\/\/radioljubuski.ba\/index.php\/2022\/04\/15\/dambrauskas-vazan-tjedan-je-pred-nama-a-atmosfera-je-savrsena\/"},"wordCount":366,"publisher":{"@id":"https:\/\/radioljubuski.ba\/#organization"},"image":{"@id":"https:\/\/radioljubuski.ba\/index.php\/2022\/04\/15\/dambrauskas-vazan-tjedan-je-pred-nama-a-atmosfera-je-savrsena\/#primaryimage"},"thumbnailUrl":"https:\/\/radioljubuski.ba\/wp-content\/uploads\/2021\/12\/dambrauskas-valdas-20211204164018.jpg","articleSection":["\u0160port"],"inLanguage":"hr"},{"@type":"WebPage","@id":"https:\/\/radioljubuski.ba\/index.php\/2022\/04\/15\/dambrauskas-vazan-tjedan-je-pred-nama-a-atmosfera-je-savrsena\/","url":"https:\/\/radioljubuski.ba\/index.php\/2022\/04\/15\/dambrauskas-vazan-tjedan-je-pred-nama-a-atmosfera-je-savrsena\/","name":"Dambrauskas: Va\u017ean tjedan je pred nama, a atmosfera je savr\u0161ena - RADIO LJUBU\u0160KI","isPartOf":{"@id":"https:\/\/radioljubuski.ba\/#website"},"primaryImageOfPage":{"@id":"https:\/\/radioljubuski.ba\/index.php\/2022\/04\/15\/dambrauskas-vazan-tjedan-je-pred-nama-a-atmosfera-je-savrsena\/#primaryimage"},"image":{"@id":"https:\/\/radioljubuski.ba\/index.php\/2022\/04\/15\/dambrauskas-vazan-tjedan-je-pred-nama-a-atmosfera-je-savrsena\/#primaryimage"},"thumbnailUrl":"https:\/\/radioljubuski.ba\/wp-content\/uploads\/2021\/12\/dambrauskas-valdas-20211204164018.jpg","datePublished":"2022-04-14T23:31:27+00:00","dateModified":"2022-04-14T23:31:28+00:00","breadcrumb":{"@id":"https:\/\/radioljubuski.ba\/index.php\/2022\/04\/15\/dambrauskas-vazan-tjedan-je-pred-nama-a-atmosfera-je-savrsena\/#breadcrumb"},"inLanguage":"hr","potentialAction":[{"@type":"ReadAction","target":["https:\/\/radioljubuski.ba\/index.php\/2022\/04\/15\/dambrauskas-vazan-tjedan-je-pred-nama-a-atmosfera-je-savrsena\/"]}]},{"@type":"ImageObject","inLanguage":"hr","@id":"https:\/\/radioljubuski.ba\/index.php\/2022\/04\/15\/dambrauskas-vazan-tjedan-je-pred-nama-a-atmosfera-je-savrsena\/#primaryimage","url":"https:\/\/radioljubuski.ba\/wp-content\/uploads\/2021\/12\/dambrauskas-valdas-20211204164018.jpg","contentUrl":"https:\/\/radioljubuski.ba\/wp-content\/uploads\/2021\/12\/dambrauskas-valdas-20211204164018.jpg","width":1600,"height":906,"caption":"26.11.2021., Split - 17. kolo Hrvatski Telekom Prve HNL: Hajduk-Istra 1961."},{"@type":"BreadcrumbList","@id":"https:\/\/radioljubuski.ba\/index.php\/2022\/04\/15\/dambrauskas-vazan-tjedan-je-pred-nama-a-atmosfera-je-savrsena\/#breadcrumb","itemListElement":[{"@type":"ListItem","position":1,"name":"Po\u010detna stranica","item":"https:\/\/radioljubuski.ba\/"},{"@type":"ListItem","position":2,"name":"Dambrauskas: Va\u017ean tjedan je pred nama, a atmosfera je savr\u0161ena"}]},{"@type":"WebSite","@id":"https:\/\/radioljubuski.ba\/#website","url":"https:\/\/radioljubuski.ba\/","name":"Radio Ljubu\u0161ki","description":"Sun\u010dana frekvencija Hercegovine","publisher":{"@id":"https:\/\/radioljubuski.ba\/#organization"},"potentialAction":[{"@type":"SearchAction","target":{"@type":"EntryPoint","urlTemplate":"https:\/\/radioljubuski.ba\/?s={search_term_string}"},"query-input":{"@type":"PropertyValueSpecification","valueRequired":true,"valueName":"search_term_string"}}],"inLanguage":"hr"},{"@type":"Organization","@id":"https:\/\/radioljubuski.ba\/#organization","name":"Radio Ljubu\u0161ki","url":"https:\/\/radioljubuski.ba\/","logo":{"@type":"ImageObject","inLanguage":"hr","@id":"https:\/\/radioljubuski.ba\/#\/schema\/logo\/image\/","url":"https:\/\/radioljubuski.ba\/wp-content\/uploads\/2021\/02\/cropped-Radio_Ljubuski_logo1.jpg","contentUrl":"https:\/\/radioljubuski.ba\/wp-content\/uploads\/2021\/02\/cropped-Radio_Ljubuski_logo1.jpg","width":512,"height":512,"caption":"Radio Ljubu\u0161ki"},"image":{"@id":"https:\/\/radioljubuski.ba\/#\/schema\/logo\/image\/"},"sameAs":["https:\/\/www.facebook.com\/Radiio-Ljubuski-1490835324566332","https:\/\/x.com\/radioljubuski","https:\/\/hr.linkedin.com\/company\/radio-ljubuski","https:\/\/www.youtube.com\/channel\/UCHYaeO_n0Db3tjNGudGpXyw"]},{"@type":"Person","@id":"https:\/\/radioljubuski.ba\/#\/schema\/person\/19fc700381a780f69665d7956c469e3b","name":"Radio Ljubu\u0161ki"}]}},"_links":{"self":[{"href":"https:\/\/radioljubuski.ba\/index.php\/wp-json\/wp\/v2\/posts\/132722","targetHints":{"allow":["GET"]}}],"collection":[{"href":"https:\/\/radioljubuski.ba\/index.php\/wp-json\/wp\/v2\/posts"}],"about":[{"href":"https:\/\/radioljubuski.ba\/index.php\/wp-json\/wp\/v2\/types\/post"}],"author":[{"embeddable":true,"href":"https:\/\/radioljubuski.ba\/index.php\/wp-json\/wp\/v2\/users\/2"}],"replies":[{"embeddable":true,"href":"https:\/\/radioljubuski.ba\/index.php\/wp-json\/wp\/v2\/comments?post=132722"}],"version-history":[{"count":1,"href":"https:\/\/radioljubuski.ba\/index.php\/wp-json\/wp\/v2\/posts\/132722\/revisions"}],"predecessor-version":[{"id":132723,"href":"https:\/\/radioljubuski.ba\/index.php\/wp-json\/wp\/v2\/posts\/132722\/revisions\/132723"}],"wp:featuredmedia":[{"embeddable":true,"href":"https:\/\/radioljubuski.ba\/index.php\/wp-json\/wp\/v2\/media\/95937"}],"wp:attachment":[{"href":"https:\/\/radioljubuski.ba\/index.php\/wp-json\/wp\/v2\/media?parent=132722"}],"wp:term":[{"taxonomy":"category","embeddable":true,"href":"https:\/\/radioljubuski.ba\/index.php\/wp-json\/wp\/v2\/categories?post=132722"},{"taxonomy":"post_tag","embeddable":true,"href":"https:\/\/radioljubuski.ba\/index.php\/wp-json\/wp\/v2\/tags?post=132722"}],"curies":[{"name":"wp","href":"https:\/\/api.w.org\/{rel}","templated":true}]}}