{"id":132727,"date":"2022-04-15T00:34:26","date_gmt":"2022-04-14T23:34:26","guid":{"rendered":"https:\/\/radioljubuski.ba\/?p=132727"},"modified":"2022-04-15T00:34:28","modified_gmt":"2022-04-14T23:34:28","slug":"hoteli-i-apartmani-vec-otvoreni-u-neumu-ce-ove-sezone-biti-skuplji-smjestaj-poznato-i-za-koliko","status":"publish","type":"post","link":"https:\/\/radioljubuski.ba\/index.php\/2022\/04\/15\/hoteli-i-apartmani-vec-otvoreni-u-neumu-ce-ove-sezone-biti-skuplji-smjestaj-poznato-i-za-koliko\/","title":{"rendered":"Hoteli i apartmani ve\u0107 otvoreni: U Neumu \u0107e ove sezone biti skuplji smje\u0161taj, poznato i za koliko"},"content":{"rendered":"\n<p>Za Neum je turisti\u010dka 2022. godina po\u010dela sa dobrim najavama i predvi\u0111anjima, ali rat u Ukrajini bi u odre\u0111enoj mjeri mogao utjecati na situaciju u predsezoni i sezoni.<\/p>\n\n\n\n<p>Agresija Rusije na Ukrajinu bi mogla imati negativne posljedice na bosanskohercegova\u010dki turisti\u010dki biser na Jadranu, jer je otkazan odre\u0111en broj rezervacija.<\/p>\n\n\n\n<p>Na broj turista u Neumu mogla bi utjecati i poskupljenja, jer \u0107e cijene smje\u0161taja biti izme\u0111u 10 i 15 posto skuplje. Pojedini hoteli ve\u0107 su otvoreni, a jo\u0161 nekoliko svoja vrata bi trebali otvoriti do kraja travnja.<\/p>\n\n\n\n<p>\u2013 Situacija u Ukrajini se ne osjeti previ\u0161e. Kada su u pitanju cijene smje\u0161taja u hotelima, one \u0107e biti najmanje za 10 % skuplje, jer su i ulazni tro\u0161kovi hotela ve\u0107i. Mislimo da \u0107e ova sezona biti na razini prethodne, odnosno \u010dak i malo bolja. Trenutno cijena smje\u0161taja za dvije osobe u hotelima u Neumu iznosi izme\u0111u 140 i 180 KM. Kada je u pitanju sezona, svaki hotel sam formira cijenu smje\u0161taja. I ove godine o\u010dekujemo najvi\u0161e gostiju iz Njema\u010dke, Poljske, Francuske, kao i povratak turista iz Azije koji ve\u0107 rezerviraju smje\u0161taj. Ve\u0107 sada imamo odre\u0111en broj gostiju iz Francuske \u2013 ka\u017ee Branimir Butigan, predsjednik Udru\u017eenja hotelijera Neum, pi\u0161e&nbsp;<a href=\"https:\/\/www.fokus.ba\/biznis\/hoteli-i-apartmani-su-vec-otvoreni-u-neumu-ce-ove-sezone-biti-skuplji-smjestaj-poznato-i-za-koliko\/2302606\/\" target=\"_blank\" rel=\"noreferrer noopener\">Fokus<\/a>.<\/p>\n\n\n\n<p>\u0110emila Tali\u0107 Gabriel, koja u Neumu ima nekoliko nekretnina, me\u0111u kojima je i vila Gabriel, isti\u010de da je u Neumu kapacitet motela i apartmana oko 15.000 le\u017eajeva i da je interes vi\u0161e nego dobar.<\/p>\n\n\n\n<p>\u2013 Turizam u Neumu iz godine u godinu napreduje i sigurno da \u0107e tako biti i u 2022. godini. Raste broj hotela, motela i apartmana, a sve je ve\u0107a i ponuda prate\u0107ih sadr\u017eaja.&nbsp; Neum je ono \u0161to sam prije par godina nazvala Monte Carlo, pa su me ismijali, a sada koriste istu terminologiju, \u0161to me raduje, ka\u017ee \u0110emila Tali\u0107 Gabriel.<\/p>\n\n\n\n<p>Izvor:fokus.ba<\/p>\n","protected":false},"excerpt":{"rendered":"<p>Za Neum je turisti\u010dka 2022. godina po\u010dela sa dobrim najavama i predvi\u0111anjima, ali rat u Ukrajini bi u odre\u0111enoj mjeri mogao utjecati na situaciju u predsezoni i sezoni. Agresija Rusije na Ukrajinu bi mogla imati negativne posljedice na bosanskohercegova\u010dki turisti\u010dki biser na Jadranu, jer je otkazan odre\u0111en broj rezervacija. Na broj turista u Neumu mogla [&hellip;]<\/p>\n","protected":false},"author":2,"featured_media":100079,"comment_status":"closed","ping_status":"closed","sticky":false,"template":"","format":"standard","meta":{"h5ap_radio_sources":[],"footnotes":""},"categories":[1],"tags":[],"class_list":["post-132727","post","type-post","status-publish","format-standard","has-post-thumbnail","hentry","category-bihiregija"],"yoast_head":"<!-- This site is optimized with the Yoast SEO plugin v27.5 - https:\/\/yoast.com\/product\/yoast-seo-wordpress\/ -->\n<title>Hoteli i apartmani ve\u0107 otvoreni: U Neumu \u0107e ove sezone biti skuplji smje\u0161taj, poznato i za koliko - RADIO LJUBU\u0160KI<\/title>\n<meta name=\"robots\" content=\"index, follow, max-snippet:-1, max-image-preview:large, max-video-preview:-1\" \/>\n<link rel=\"canonical\" href=\"https:\/\/radioljubuski.ba\/index.php\/2022\/04\/15\/hoteli-i-apartmani-vec-otvoreni-u-neumu-ce-ove-sezone-biti-skuplji-smjestaj-poznato-i-za-koliko\/\" \/>\n<meta property=\"og:locale\" content=\"hr_HR\" \/>\n<meta property=\"og:type\" content=\"article\" \/>\n<meta property=\"og:title\" content=\"Hoteli i apartmani ve\u0107 otvoreni: U Neumu \u0107e ove sezone biti skuplji smje\u0161taj, poznato i za koliko - RADIO LJUBU\u0160KI\" \/>\n<meta property=\"og:description\" content=\"Za Neum je turisti\u010dka 2022. godina po\u010dela sa dobrim najavama i predvi\u0111anjima, ali rat u Ukrajini bi u odre\u0111enoj mjeri mogao utjecati na situaciju u predsezoni i sezoni. Agresija Rusije na Ukrajinu bi mogla imati negativne posljedice na bosanskohercegova\u010dki turisti\u010dki biser na Jadranu, jer je otkazan odre\u0111en broj rezervacija. Na broj turista u Neumu mogla [&hellip;]\" \/>\n<meta property=\"og:url\" content=\"https:\/\/radioljubuski.ba\/index.php\/2022\/04\/15\/hoteli-i-apartmani-vec-otvoreni-u-neumu-ce-ove-sezone-biti-skuplji-smjestaj-poznato-i-za-koliko\/\" \/>\n<meta property=\"og:site_name\" content=\"RADIO LJUBU\u0160KI\" \/>\n<meta property=\"article:publisher\" content=\"https:\/\/www.facebook.com\/Radiio-Ljubuski-1490835324566332\" \/>\n<meta property=\"article:published_time\" content=\"2022-04-14T23:34:26+00:00\" \/>\n<meta property=\"article:modified_time\" content=\"2022-04-14T23:34:28+00:00\" \/>\n<meta property=\"og:image\" content=\"https:\/\/radioljubuski.ba\/wp-content\/uploads\/2021\/12\/Tx4LZw6s_neum12.jpg\" \/>\n\t<meta property=\"og:image:width\" content=\"1000\" \/>\n\t<meta property=\"og:image:height\" content=\"625\" \/>\n\t<meta property=\"og:image:type\" content=\"image\/jpeg\" \/>\n<meta name=\"author\" content=\"Radio Ljubu\u0161ki\" \/>\n<meta name=\"twitter:card\" content=\"summary_large_image\" \/>\n<meta name=\"twitter:creator\" content=\"@radioljubuski\" \/>\n<meta name=\"twitter:site\" content=\"@radioljubuski\" \/>\n<meta name=\"twitter:label1\" content=\"Napisao\/la\" \/>\n\t<meta name=\"twitter:data1\" content=\"Radio Ljubu\u0161ki\" \/>\n\t<meta name=\"twitter:label2\" content=\"Procijenjeno vrijeme \u010ditanja\" \/>\n\t<meta name=\"twitter:data2\" content=\"2 minute\" \/>\n<script type=\"application\/ld+json\" class=\"yoast-schema-graph\">{\"@context\":\"https:\\\/\\\/schema.org\",\"@graph\":[{\"@type\":\"Article\",\"@id\":\"https:\\\/\\\/radioljubuski.ba\\\/index.php\\\/2022\\\/04\\\/15\\\/hoteli-i-apartmani-vec-otvoreni-u-neumu-ce-ove-sezone-biti-skuplji-smjestaj-poznato-i-za-koliko\\\/#article\",\"isPartOf\":{\"@id\":\"https:\\\/\\\/radioljubuski.ba\\\/index.php\\\/2022\\\/04\\\/15\\\/hoteli-i-apartmani-vec-otvoreni-u-neumu-ce-ove-sezone-biti-skuplji-smjestaj-poznato-i-za-koliko\\\/\"},\"author\":{\"name\":\"Radio Ljubu\u0161ki\",\"@id\":\"https:\\\/\\\/radioljubuski.ba\\\/#\\\/schema\\\/person\\\/19fc700381a780f69665d7956c469e3b\"},\"headline\":\"Hoteli i apartmani ve\u0107 otvoreni: U Neumu \u0107e ove sezone biti skuplji smje\u0161taj, poznato i za koliko\",\"datePublished\":\"2022-04-14T23:34:26+00:00\",\"dateModified\":\"2022-04-14T23:34:28+00:00\",\"mainEntityOfPage\":{\"@id\":\"https:\\\/\\\/radioljubuski.ba\\\/index.php\\\/2022\\\/04\\\/15\\\/hoteli-i-apartmani-vec-otvoreni-u-neumu-ce-ove-sezone-biti-skuplji-smjestaj-poznato-i-za-koliko\\\/\"},\"wordCount\":333,\"publisher\":{\"@id\":\"https:\\\/\\\/radioljubuski.ba\\\/#organization\"},\"image\":{\"@id\":\"https:\\\/\\\/radioljubuski.ba\\\/index.php\\\/2022\\\/04\\\/15\\\/hoteli-i-apartmani-vec-otvoreni-u-neumu-ce-ove-sezone-biti-skuplji-smjestaj-poznato-i-za-koliko\\\/#primaryimage\"},\"thumbnailUrl\":\"https:\\\/\\\/radioljubuski.ba\\\/wp-content\\\/uploads\\\/2021\\\/12\\\/Tx4LZw6s_neum12.jpg\",\"articleSection\":[\"BIH i regija\"],\"inLanguage\":\"hr\"},{\"@type\":\"WebPage\",\"@id\":\"https:\\\/\\\/radioljubuski.ba\\\/index.php\\\/2022\\\/04\\\/15\\\/hoteli-i-apartmani-vec-otvoreni-u-neumu-ce-ove-sezone-biti-skuplji-smjestaj-poznato-i-za-koliko\\\/\",\"url\":\"https:\\\/\\\/radioljubuski.ba\\\/index.php\\\/2022\\\/04\\\/15\\\/hoteli-i-apartmani-vec-otvoreni-u-neumu-ce-ove-sezone-biti-skuplji-smjestaj-poznato-i-za-koliko\\\/\",\"name\":\"Hoteli i apartmani ve\u0107 otvoreni: U Neumu \u0107e ove sezone biti skuplji smje\u0161taj, poznato i za koliko - RADIO LJUBU\u0160KI\",\"isPartOf\":{\"@id\":\"https:\\\/\\\/radioljubuski.ba\\\/#website\"},\"primaryImageOfPage\":{\"@id\":\"https:\\\/\\\/radioljubuski.ba\\\/index.php\\\/2022\\\/04\\\/15\\\/hoteli-i-apartmani-vec-otvoreni-u-neumu-ce-ove-sezone-biti-skuplji-smjestaj-poznato-i-za-koliko\\\/#primaryimage\"},\"image\":{\"@id\":\"https:\\\/\\\/radioljubuski.ba\\\/index.php\\\/2022\\\/04\\\/15\\\/hoteli-i-apartmani-vec-otvoreni-u-neumu-ce-ove-sezone-biti-skuplji-smjestaj-poznato-i-za-koliko\\\/#primaryimage\"},\"thumbnailUrl\":\"https:\\\/\\\/radioljubuski.ba\\\/wp-content\\\/uploads\\\/2021\\\/12\\\/Tx4LZw6s_neum12.jpg\",\"datePublished\":\"2022-04-14T23:34:26+00:00\",\"dateModified\":\"2022-04-14T23:34:28+00:00\",\"breadcrumb\":{\"@id\":\"https:\\\/\\\/radioljubuski.ba\\\/index.php\\\/2022\\\/04\\\/15\\\/hoteli-i-apartmani-vec-otvoreni-u-neumu-ce-ove-sezone-biti-skuplji-smjestaj-poznato-i-za-koliko\\\/#breadcrumb\"},\"inLanguage\":\"hr\",\"potentialAction\":[{\"@type\":\"ReadAction\",\"target\":[\"https:\\\/\\\/radioljubuski.ba\\\/index.php\\\/2022\\\/04\\\/15\\\/hoteli-i-apartmani-vec-otvoreni-u-neumu-ce-ove-sezone-biti-skuplji-smjestaj-poznato-i-za-koliko\\\/\"]}]},{\"@type\":\"ImageObject\",\"inLanguage\":\"hr\",\"@id\":\"https:\\\/\\\/radioljubuski.ba\\\/index.php\\\/2022\\\/04\\\/15\\\/hoteli-i-apartmani-vec-otvoreni-u-neumu-ce-ove-sezone-biti-skuplji-smjestaj-poznato-i-za-koliko\\\/#primaryimage\",\"url\":\"https:\\\/\\\/radioljubuski.ba\\\/wp-content\\\/uploads\\\/2021\\\/12\\\/Tx4LZw6s_neum12.jpg\",\"contentUrl\":\"https:\\\/\\\/radioljubuski.ba\\\/wp-content\\\/uploads\\\/2021\\\/12\\\/Tx4LZw6s_neum12.jpg\",\"width\":1000,\"height\":625},{\"@type\":\"BreadcrumbList\",\"@id\":\"https:\\\/\\\/radioljubuski.ba\\\/index.php\\\/2022\\\/04\\\/15\\\/hoteli-i-apartmani-vec-otvoreni-u-neumu-ce-ove-sezone-biti-skuplji-smjestaj-poznato-i-za-koliko\\\/#breadcrumb\",\"itemListElement\":[{\"@type\":\"ListItem\",\"position\":1,\"name\":\"Po\u010detna stranica\",\"item\":\"https:\\\/\\\/radioljubuski.ba\\\/\"},{\"@type\":\"ListItem\",\"position\":2,\"name\":\"Hoteli i apartmani ve\u0107 otvoreni: U Neumu \u0107e ove sezone biti skuplji smje\u0161taj, poznato i za koliko\"}]},{\"@type\":\"WebSite\",\"@id\":\"https:\\\/\\\/radioljubuski.ba\\\/#website\",\"url\":\"https:\\\/\\\/radioljubuski.ba\\\/\",\"name\":\"Radio Ljubu\u0161ki\",\"description\":\"Sun\u010dana frekvencija Hercegovine\",\"publisher\":{\"@id\":\"https:\\\/\\\/radioljubuski.ba\\\/#organization\"},\"potentialAction\":[{\"@type\":\"SearchAction\",\"target\":{\"@type\":\"EntryPoint\",\"urlTemplate\":\"https:\\\/\\\/radioljubuski.ba\\\/?s={search_term_string}\"},\"query-input\":{\"@type\":\"PropertyValueSpecification\",\"valueRequired\":true,\"valueName\":\"search_term_string\"}}],\"inLanguage\":\"hr\"},{\"@type\":\"Organization\",\"@id\":\"https:\\\/\\\/radioljubuski.ba\\\/#organization\",\"name\":\"Radio Ljubu\u0161ki\",\"url\":\"https:\\\/\\\/radioljubuski.ba\\\/\",\"logo\":{\"@type\":\"ImageObject\",\"inLanguage\":\"hr\",\"@id\":\"https:\\\/\\\/radioljubuski.ba\\\/#\\\/schema\\\/logo\\\/image\\\/\",\"url\":\"https:\\\/\\\/radioljubuski.ba\\\/wp-content\\\/uploads\\\/2021\\\/02\\\/cropped-Radio_Ljubuski_logo1.jpg\",\"contentUrl\":\"https:\\\/\\\/radioljubuski.ba\\\/wp-content\\\/uploads\\\/2021\\\/02\\\/cropped-Radio_Ljubuski_logo1.jpg\",\"width\":512,\"height\":512,\"caption\":\"Radio Ljubu\u0161ki\"},\"image\":{\"@id\":\"https:\\\/\\\/radioljubuski.ba\\\/#\\\/schema\\\/logo\\\/image\\\/\"},\"sameAs\":[\"https:\\\/\\\/www.facebook.com\\\/Radiio-Ljubuski-1490835324566332\",\"https:\\\/\\\/x.com\\\/radioljubuski\",\"https:\\\/\\\/hr.linkedin.com\\\/company\\\/radio-ljubuski\",\"https:\\\/\\\/www.youtube.com\\\/channel\\\/UCHYaeO_n0Db3tjNGudGpXyw\"]},{\"@type\":\"Person\",\"@id\":\"https:\\\/\\\/radioljubuski.ba\\\/#\\\/schema\\\/person\\\/19fc700381a780f69665d7956c469e3b\",\"name\":\"Radio Ljubu\u0161ki\"}]}<\/script>\n<!-- \/ Yoast SEO plugin. -->","yoast_head_json":{"title":"Hoteli i apartmani ve\u0107 otvoreni: U Neumu \u0107e ove sezone biti skuplji smje\u0161taj, poznato i za koliko - RADIO LJUBU\u0160KI","robots":{"index":"index","follow":"follow","max-snippet":"max-snippet:-1","max-image-preview":"max-image-preview:large","max-video-preview":"max-video-preview:-1"},"canonical":"https:\/\/radioljubuski.ba\/index.php\/2022\/04\/15\/hoteli-i-apartmani-vec-otvoreni-u-neumu-ce-ove-sezone-biti-skuplji-smjestaj-poznato-i-za-koliko\/","og_locale":"hr_HR","og_type":"article","og_title":"Hoteli i apartmani ve\u0107 otvoreni: U Neumu \u0107e ove sezone biti skuplji smje\u0161taj, poznato i za koliko - RADIO LJUBU\u0160KI","og_description":"Za Neum je turisti\u010dka 2022. godina po\u010dela sa dobrim najavama i predvi\u0111anjima, ali rat u Ukrajini bi u odre\u0111enoj mjeri mogao utjecati na situaciju u predsezoni i sezoni. Agresija Rusije na Ukrajinu bi mogla imati negativne posljedice na bosanskohercegova\u010dki turisti\u010dki biser na Jadranu, jer je otkazan odre\u0111en broj rezervacija. Na broj turista u Neumu mogla [&hellip;]","og_url":"https:\/\/radioljubuski.ba\/index.php\/2022\/04\/15\/hoteli-i-apartmani-vec-otvoreni-u-neumu-ce-ove-sezone-biti-skuplji-smjestaj-poznato-i-za-koliko\/","og_site_name":"RADIO LJUBU\u0160KI","article_publisher":"https:\/\/www.facebook.com\/Radiio-Ljubuski-1490835324566332","article_published_time":"2022-04-14T23:34:26+00:00","article_modified_time":"2022-04-14T23:34:28+00:00","og_image":[{"width":1000,"height":625,"url":"https:\/\/radioljubuski.ba\/wp-content\/uploads\/2021\/12\/Tx4LZw6s_neum12.jpg","type":"image\/jpeg"}],"author":"Radio Ljubu\u0161ki","twitter_card":"summary_large_image","twitter_creator":"@radioljubuski","twitter_site":"@radioljubuski","twitter_misc":{"Napisao\/la":"Radio Ljubu\u0161ki","Procijenjeno vrijeme \u010ditanja":"2 minute"},"schema":{"@context":"https:\/\/schema.org","@graph":[{"@type":"Article","@id":"https:\/\/radioljubuski.ba\/index.php\/2022\/04\/15\/hoteli-i-apartmani-vec-otvoreni-u-neumu-ce-ove-sezone-biti-skuplji-smjestaj-poznato-i-za-koliko\/#article","isPartOf":{"@id":"https:\/\/radioljubuski.ba\/index.php\/2022\/04\/15\/hoteli-i-apartmani-vec-otvoreni-u-neumu-ce-ove-sezone-biti-skuplji-smjestaj-poznato-i-za-koliko\/"},"author":{"name":"Radio Ljubu\u0161ki","@id":"https:\/\/radioljubuski.ba\/#\/schema\/person\/19fc700381a780f69665d7956c469e3b"},"headline":"Hoteli i apartmani ve\u0107 otvoreni: U Neumu \u0107e ove sezone biti skuplji smje\u0161taj, poznato i za koliko","datePublished":"2022-04-14T23:34:26+00:00","dateModified":"2022-04-14T23:34:28+00:00","mainEntityOfPage":{"@id":"https:\/\/radioljubuski.ba\/index.php\/2022\/04\/15\/hoteli-i-apartmani-vec-otvoreni-u-neumu-ce-ove-sezone-biti-skuplji-smjestaj-poznato-i-za-koliko\/"},"wordCount":333,"publisher":{"@id":"https:\/\/radioljubuski.ba\/#organization"},"image":{"@id":"https:\/\/radioljubuski.ba\/index.php\/2022\/04\/15\/hoteli-i-apartmani-vec-otvoreni-u-neumu-ce-ove-sezone-biti-skuplji-smjestaj-poznato-i-za-koliko\/#primaryimage"},"thumbnailUrl":"https:\/\/radioljubuski.ba\/wp-content\/uploads\/2021\/12\/Tx4LZw6s_neum12.jpg","articleSection":["BIH i regija"],"inLanguage":"hr"},{"@type":"WebPage","@id":"https:\/\/radioljubuski.ba\/index.php\/2022\/04\/15\/hoteli-i-apartmani-vec-otvoreni-u-neumu-ce-ove-sezone-biti-skuplji-smjestaj-poznato-i-za-koliko\/","url":"https:\/\/radioljubuski.ba\/index.php\/2022\/04\/15\/hoteli-i-apartmani-vec-otvoreni-u-neumu-ce-ove-sezone-biti-skuplji-smjestaj-poznato-i-za-koliko\/","name":"Hoteli i apartmani ve\u0107 otvoreni: U Neumu \u0107e ove sezone biti skuplji smje\u0161taj, poznato i za koliko - RADIO LJUBU\u0160KI","isPartOf":{"@id":"https:\/\/radioljubuski.ba\/#website"},"primaryImageOfPage":{"@id":"https:\/\/radioljubuski.ba\/index.php\/2022\/04\/15\/hoteli-i-apartmani-vec-otvoreni-u-neumu-ce-ove-sezone-biti-skuplji-smjestaj-poznato-i-za-koliko\/#primaryimage"},"image":{"@id":"https:\/\/radioljubuski.ba\/index.php\/2022\/04\/15\/hoteli-i-apartmani-vec-otvoreni-u-neumu-ce-ove-sezone-biti-skuplji-smjestaj-poznato-i-za-koliko\/#primaryimage"},"thumbnailUrl":"https:\/\/radioljubuski.ba\/wp-content\/uploads\/2021\/12\/Tx4LZw6s_neum12.jpg","datePublished":"2022-04-14T23:34:26+00:00","dateModified":"2022-04-14T23:34:28+00:00","breadcrumb":{"@id":"https:\/\/radioljubuski.ba\/index.php\/2022\/04\/15\/hoteli-i-apartmani-vec-otvoreni-u-neumu-ce-ove-sezone-biti-skuplji-smjestaj-poznato-i-za-koliko\/#breadcrumb"},"inLanguage":"hr","potentialAction":[{"@type":"ReadAction","target":["https:\/\/radioljubuski.ba\/index.php\/2022\/04\/15\/hoteli-i-apartmani-vec-otvoreni-u-neumu-ce-ove-sezone-biti-skuplji-smjestaj-poznato-i-za-koliko\/"]}]},{"@type":"ImageObject","inLanguage":"hr","@id":"https:\/\/radioljubuski.ba\/index.php\/2022\/04\/15\/hoteli-i-apartmani-vec-otvoreni-u-neumu-ce-ove-sezone-biti-skuplji-smjestaj-poznato-i-za-koliko\/#primaryimage","url":"https:\/\/radioljubuski.ba\/wp-content\/uploads\/2021\/12\/Tx4LZw6s_neum12.jpg","contentUrl":"https:\/\/radioljubuski.ba\/wp-content\/uploads\/2021\/12\/Tx4LZw6s_neum12.jpg","width":1000,"height":625},{"@type":"BreadcrumbList","@id":"https:\/\/radioljubuski.ba\/index.php\/2022\/04\/15\/hoteli-i-apartmani-vec-otvoreni-u-neumu-ce-ove-sezone-biti-skuplji-smjestaj-poznato-i-za-koliko\/#breadcrumb","itemListElement":[{"@type":"ListItem","position":1,"name":"Po\u010detna stranica","item":"https:\/\/radioljubuski.ba\/"},{"@type":"ListItem","position":2,"name":"Hoteli i apartmani ve\u0107 otvoreni: U Neumu \u0107e ove sezone biti skuplji smje\u0161taj, poznato i za koliko"}]},{"@type":"WebSite","@id":"https:\/\/radioljubuski.ba\/#website","url":"https:\/\/radioljubuski.ba\/","name":"Radio Ljubu\u0161ki","description":"Sun\u010dana frekvencija Hercegovine","publisher":{"@id":"https:\/\/radioljubuski.ba\/#organization"},"potentialAction":[{"@type":"SearchAction","target":{"@type":"EntryPoint","urlTemplate":"https:\/\/radioljubuski.ba\/?s={search_term_string}"},"query-input":{"@type":"PropertyValueSpecification","valueRequired":true,"valueName":"search_term_string"}}],"inLanguage":"hr"},{"@type":"Organization","@id":"https:\/\/radioljubuski.ba\/#organization","name":"Radio Ljubu\u0161ki","url":"https:\/\/radioljubuski.ba\/","logo":{"@type":"ImageObject","inLanguage":"hr","@id":"https:\/\/radioljubuski.ba\/#\/schema\/logo\/image\/","url":"https:\/\/radioljubuski.ba\/wp-content\/uploads\/2021\/02\/cropped-Radio_Ljubuski_logo1.jpg","contentUrl":"https:\/\/radioljubuski.ba\/wp-content\/uploads\/2021\/02\/cropped-Radio_Ljubuski_logo1.jpg","width":512,"height":512,"caption":"Radio Ljubu\u0161ki"},"image":{"@id":"https:\/\/radioljubuski.ba\/#\/schema\/logo\/image\/"},"sameAs":["https:\/\/www.facebook.com\/Radiio-Ljubuski-1490835324566332","https:\/\/x.com\/radioljubuski","https:\/\/hr.linkedin.com\/company\/radio-ljubuski","https:\/\/www.youtube.com\/channel\/UCHYaeO_n0Db3tjNGudGpXyw"]},{"@type":"Person","@id":"https:\/\/radioljubuski.ba\/#\/schema\/person\/19fc700381a780f69665d7956c469e3b","name":"Radio Ljubu\u0161ki"}]}},"_links":{"self":[{"href":"https:\/\/radioljubuski.ba\/index.php\/wp-json\/wp\/v2\/posts\/132727","targetHints":{"allow":["GET"]}}],"collection":[{"href":"https:\/\/radioljubuski.ba\/index.php\/wp-json\/wp\/v2\/posts"}],"about":[{"href":"https:\/\/radioljubuski.ba\/index.php\/wp-json\/wp\/v2\/types\/post"}],"author":[{"embeddable":true,"href":"https:\/\/radioljubuski.ba\/index.php\/wp-json\/wp\/v2\/users\/2"}],"replies":[{"embeddable":true,"href":"https:\/\/radioljubuski.ba\/index.php\/wp-json\/wp\/v2\/comments?post=132727"}],"version-history":[{"count":1,"href":"https:\/\/radioljubuski.ba\/index.php\/wp-json\/wp\/v2\/posts\/132727\/revisions"}],"predecessor-version":[{"id":132728,"href":"https:\/\/radioljubuski.ba\/index.php\/wp-json\/wp\/v2\/posts\/132727\/revisions\/132728"}],"wp:featuredmedia":[{"embeddable":true,"href":"https:\/\/radioljubuski.ba\/index.php\/wp-json\/wp\/v2\/media\/100079"}],"wp:attachment":[{"href":"https:\/\/radioljubuski.ba\/index.php\/wp-json\/wp\/v2\/media?parent=132727"}],"wp:term":[{"taxonomy":"category","embeddable":true,"href":"https:\/\/radioljubuski.ba\/index.php\/wp-json\/wp\/v2\/categories?post=132727"},{"taxonomy":"post_tag","embeddable":true,"href":"https:\/\/radioljubuski.ba\/index.php\/wp-json\/wp\/v2\/tags?post=132727"}],"curies":[{"name":"wp","href":"https:\/\/api.w.org\/{rel}","templated":true}]}}