{"id":132737,"date":"2022-04-15T00:38:51","date_gmt":"2022-04-14T23:38:51","guid":{"rendered":"https:\/\/radioljubuski.ba\/?p=132737"},"modified":"2022-04-15T00:38:52","modified_gmt":"2022-04-14T23:38:52","slug":"travnicki-umjetnici-izradili-najvecu-pisanicu-u-ovom-dijelu-europe","status":"publish","type":"post","link":"https:\/\/radioljubuski.ba\/index.php\/2022\/04\/15\/travnicki-umjetnici-izradili-najvecu-pisanicu-u-ovom-dijelu-europe\/","title":{"rendered":"Travni\u010dki umjetnici izradili najve\u0107u pisanicu u ovom dijelu Europe"},"content":{"rendered":"\n<p>Nekoliko travni\u010dkih umjetnika osmislilo je i izradilo veoma zanimljiv projekt, najve\u0107e uskr\u0161nje jaje na podru\u010dju biv\u0161e Jugoslavije.<\/p>\n\n\n\n<p>Naime, pisanica visoka \u010dak 2,64 metra danas je izlo\u017eena na travni\u010dkom sredi\u0161njem trgu.<\/p>\n\n\n\n<p>Akademski kipar Fabijan Tomi\u0107, voditelj \u010ditavog projekta kazao je kako je rije\u010d o najve\u0107em uskr\u0161njem jajetu na podru\u010dju biv\u0161e dr\u017eave.<\/p>\n\n\n\n<p>&#8220;U kiparstvu je forma jajeta jako poznata, bio je izazov napraviti najve\u0107e uskr\u0161nje jaje na podru\u010dju biv\u0161e Jugoslavije. Projekt je ura\u0111en putem udruge &#8216;Na\u0161a zemlja&#8217;, a osim toga, radili smo i figure u prirodnoj veli\u010dini. Oslikavanje nije bilo ni u planu, no s obzirom na to da smo ga zavr\u0161ili u razdoblju Uskrsa, oslikali smo ga. Projekt je trajao od po\u010detka pro\u0161le godine&#8221;, rekao je Tomi\u0107 i dodao da su motivi na jajetu tradicijski.<\/p>\n\n\n\n<p>&#8220;I\u0161li smo s akrilnim bojama, jaje je \u0161uplje, ornamenti na njemu su tradicijski. U BiH je tradicija oslikavanja znatno duga. Od pamtivijeka je poznato da se ukra\u0161avalo gran\u010dicama i simbolima. Uglavnom su to bake ukra\u0161avale s unucima&#8221;, dodao je akademski kipar.&nbsp;<\/p>\n\n\n\n<p>Razmi\u0161ljalo se \u010dak i o obaranju Guinnessovog rekorda.<\/p>\n\n\n\n<p>&#8220;Na\u017ealost, nismo na\u0161li dovoljno \u0161iroka vrata da zavr\u0161eno jaje mo\u017ee iza\u0107i, pa to ostaje za neko drugo vrijeme. Ukupno je ekipa od 12 ljudi utro\u0161ila vi\u0161e od 600 sati volonterskog rada&#8221;, naveo je Tomi\u0107.&nbsp;<\/p>\n\n\n\n<p>Pisanica \u0107e na travni\u010dkom trgu biti izlo\u017eena tjedan dana, odakle \u0107e biti premje\u0161tena ispred \u017eupne crkve u naselju Puti\u0107evo.<\/p>\n\n\n\n<p>Izvor:pogled.ba<\/p>\n","protected":false},"excerpt":{"rendered":"<p>Nekoliko travni\u010dkih umjetnika osmislilo je i izradilo veoma zanimljiv projekt, najve\u0107e uskr\u0161nje jaje na podru\u010dju biv\u0161e Jugoslavije. Naime, pisanica visoka \u010dak 2,64 metra danas je izlo\u017eena na travni\u010dkom sredi\u0161njem trgu. Akademski kipar Fabijan Tomi\u0107, voditelj \u010ditavog projekta kazao je kako je rije\u010d o najve\u0107em uskr\u0161njem jajetu na podru\u010dju biv\u0161e dr\u017eave. &#8220;U kiparstvu je forma jajeta [&hellip;]<\/p>\n","protected":false},"author":2,"featured_media":132738,"comment_status":"closed","ping_status":"closed","sticky":false,"template":"","format":"standard","meta":{"h5ap_radio_sources":[],"footnotes":""},"categories":[1],"tags":[],"class_list":["post-132737","post","type-post","status-publish","format-standard","has-post-thumbnail","hentry","category-bihiregija"],"yoast_head":"<!-- This site is optimized with the Yoast SEO plugin v27.5 - https:\/\/yoast.com\/product\/yoast-seo-wordpress\/ -->\n<title>Travni\u010dki umjetnici izradili najve\u0107u pisanicu u ovom dijelu Europe - RADIO LJUBU\u0160KI<\/title>\n<meta name=\"robots\" content=\"index, follow, max-snippet:-1, max-image-preview:large, max-video-preview:-1\" \/>\n<link rel=\"canonical\" href=\"https:\/\/radioljubuski.ba\/index.php\/2022\/04\/15\/travnicki-umjetnici-izradili-najvecu-pisanicu-u-ovom-dijelu-europe\/\" \/>\n<meta property=\"og:locale\" content=\"hr_HR\" \/>\n<meta property=\"og:type\" content=\"article\" \/>\n<meta property=\"og:title\" content=\"Travni\u010dki umjetnici izradili najve\u0107u pisanicu u ovom dijelu Europe - RADIO LJUBU\u0160KI\" \/>\n<meta property=\"og:description\" content=\"Nekoliko travni\u010dkih umjetnika osmislilo je i izradilo veoma zanimljiv projekt, najve\u0107e uskr\u0161nje jaje na podru\u010dju biv\u0161e Jugoslavije. Naime, pisanica visoka \u010dak 2,64 metra danas je izlo\u017eena na travni\u010dkom sredi\u0161njem trgu. Akademski kipar Fabijan Tomi\u0107, voditelj \u010ditavog projekta kazao je kako je rije\u010d o najve\u0107em uskr\u0161njem jajetu na podru\u010dju biv\u0161e dr\u017eave. &#8220;U kiparstvu je forma jajeta [&hellip;]\" \/>\n<meta property=\"og:url\" content=\"https:\/\/radioljubuski.ba\/index.php\/2022\/04\/15\/travnicki-umjetnici-izradili-najvecu-pisanicu-u-ovom-dijelu-europe\/\" \/>\n<meta property=\"og:site_name\" content=\"RADIO LJUBU\u0160KI\" \/>\n<meta property=\"article:publisher\" content=\"https:\/\/www.facebook.com\/Radiio-Ljubuski-1490835324566332\" \/>\n<meta property=\"article:published_time\" content=\"2022-04-14T23:38:51+00:00\" \/>\n<meta property=\"article:modified_time\" content=\"2022-04-14T23:38:52+00:00\" \/>\n<meta property=\"og:image\" content=\"https:\/\/radioljubuski.ba\/wp-content\/uploads\/2022\/04\/8-2022-04-14-16-58-02-travnik-pisanica.jpg\" \/>\n\t<meta property=\"og:image:width\" content=\"1000\" \/>\n\t<meta property=\"og:image:height\" content=\"625\" \/>\n\t<meta property=\"og:image:type\" content=\"image\/jpeg\" \/>\n<meta name=\"author\" content=\"Radio Ljubu\u0161ki\" \/>\n<meta name=\"twitter:card\" content=\"summary_large_image\" \/>\n<meta name=\"twitter:creator\" content=\"@radioljubuski\" \/>\n<meta name=\"twitter:site\" content=\"@radioljubuski\" \/>\n<meta name=\"twitter:label1\" content=\"Napisao\/la\" \/>\n\t<meta name=\"twitter:data1\" content=\"Radio Ljubu\u0161ki\" \/>\n\t<meta name=\"twitter:label2\" content=\"Procijenjeno vrijeme \u010ditanja\" \/>\n\t<meta name=\"twitter:data2\" content=\"1 minuta\" \/>\n<script type=\"application\/ld+json\" class=\"yoast-schema-graph\">{\"@context\":\"https:\\\/\\\/schema.org\",\"@graph\":[{\"@type\":\"Article\",\"@id\":\"https:\\\/\\\/radioljubuski.ba\\\/index.php\\\/2022\\\/04\\\/15\\\/travnicki-umjetnici-izradili-najvecu-pisanicu-u-ovom-dijelu-europe\\\/#article\",\"isPartOf\":{\"@id\":\"https:\\\/\\\/radioljubuski.ba\\\/index.php\\\/2022\\\/04\\\/15\\\/travnicki-umjetnici-izradili-najvecu-pisanicu-u-ovom-dijelu-europe\\\/\"},\"author\":{\"name\":\"Radio Ljubu\u0161ki\",\"@id\":\"https:\\\/\\\/radioljubuski.ba\\\/#\\\/schema\\\/person\\\/19fc700381a780f69665d7956c469e3b\"},\"headline\":\"Travni\u010dki umjetnici izradili najve\u0107u pisanicu u ovom dijelu Europe\",\"datePublished\":\"2022-04-14T23:38:51+00:00\",\"dateModified\":\"2022-04-14T23:38:52+00:00\",\"mainEntityOfPage\":{\"@id\":\"https:\\\/\\\/radioljubuski.ba\\\/index.php\\\/2022\\\/04\\\/15\\\/travnicki-umjetnici-izradili-najvecu-pisanicu-u-ovom-dijelu-europe\\\/\"},\"wordCount\":278,\"publisher\":{\"@id\":\"https:\\\/\\\/radioljubuski.ba\\\/#organization\"},\"image\":{\"@id\":\"https:\\\/\\\/radioljubuski.ba\\\/index.php\\\/2022\\\/04\\\/15\\\/travnicki-umjetnici-izradili-najvecu-pisanicu-u-ovom-dijelu-europe\\\/#primaryimage\"},\"thumbnailUrl\":\"https:\\\/\\\/radioljubuski.ba\\\/wp-content\\\/uploads\\\/2022\\\/04\\\/8-2022-04-14-16-58-02-travnik-pisanica.jpg\",\"articleSection\":[\"BIH i regija\"],\"inLanguage\":\"hr\"},{\"@type\":\"WebPage\",\"@id\":\"https:\\\/\\\/radioljubuski.ba\\\/index.php\\\/2022\\\/04\\\/15\\\/travnicki-umjetnici-izradili-najvecu-pisanicu-u-ovom-dijelu-europe\\\/\",\"url\":\"https:\\\/\\\/radioljubuski.ba\\\/index.php\\\/2022\\\/04\\\/15\\\/travnicki-umjetnici-izradili-najvecu-pisanicu-u-ovom-dijelu-europe\\\/\",\"name\":\"Travni\u010dki umjetnici izradili najve\u0107u pisanicu u ovom dijelu Europe - RADIO LJUBU\u0160KI\",\"isPartOf\":{\"@id\":\"https:\\\/\\\/radioljubuski.ba\\\/#website\"},\"primaryImageOfPage\":{\"@id\":\"https:\\\/\\\/radioljubuski.ba\\\/index.php\\\/2022\\\/04\\\/15\\\/travnicki-umjetnici-izradili-najvecu-pisanicu-u-ovom-dijelu-europe\\\/#primaryimage\"},\"image\":{\"@id\":\"https:\\\/\\\/radioljubuski.ba\\\/index.php\\\/2022\\\/04\\\/15\\\/travnicki-umjetnici-izradili-najvecu-pisanicu-u-ovom-dijelu-europe\\\/#primaryimage\"},\"thumbnailUrl\":\"https:\\\/\\\/radioljubuski.ba\\\/wp-content\\\/uploads\\\/2022\\\/04\\\/8-2022-04-14-16-58-02-travnik-pisanica.jpg\",\"datePublished\":\"2022-04-14T23:38:51+00:00\",\"dateModified\":\"2022-04-14T23:38:52+00:00\",\"breadcrumb\":{\"@id\":\"https:\\\/\\\/radioljubuski.ba\\\/index.php\\\/2022\\\/04\\\/15\\\/travnicki-umjetnici-izradili-najvecu-pisanicu-u-ovom-dijelu-europe\\\/#breadcrumb\"},\"inLanguage\":\"hr\",\"potentialAction\":[{\"@type\":\"ReadAction\",\"target\":[\"https:\\\/\\\/radioljubuski.ba\\\/index.php\\\/2022\\\/04\\\/15\\\/travnicki-umjetnici-izradili-najvecu-pisanicu-u-ovom-dijelu-europe\\\/\"]}]},{\"@type\":\"ImageObject\",\"inLanguage\":\"hr\",\"@id\":\"https:\\\/\\\/radioljubuski.ba\\\/index.php\\\/2022\\\/04\\\/15\\\/travnicki-umjetnici-izradili-najvecu-pisanicu-u-ovom-dijelu-europe\\\/#primaryimage\",\"url\":\"https:\\\/\\\/radioljubuski.ba\\\/wp-content\\\/uploads\\\/2022\\\/04\\\/8-2022-04-14-16-58-02-travnik-pisanica.jpg\",\"contentUrl\":\"https:\\\/\\\/radioljubuski.ba\\\/wp-content\\\/uploads\\\/2022\\\/04\\\/8-2022-04-14-16-58-02-travnik-pisanica.jpg\",\"width\":1000,\"height\":625},{\"@type\":\"BreadcrumbList\",\"@id\":\"https:\\\/\\\/radioljubuski.ba\\\/index.php\\\/2022\\\/04\\\/15\\\/travnicki-umjetnici-izradili-najvecu-pisanicu-u-ovom-dijelu-europe\\\/#breadcrumb\",\"itemListElement\":[{\"@type\":\"ListItem\",\"position\":1,\"name\":\"Po\u010detna stranica\",\"item\":\"https:\\\/\\\/radioljubuski.ba\\\/\"},{\"@type\":\"ListItem\",\"position\":2,\"name\":\"Travni\u010dki umjetnici izradili najve\u0107u pisanicu u ovom dijelu Europe\"}]},{\"@type\":\"WebSite\",\"@id\":\"https:\\\/\\\/radioljubuski.ba\\\/#website\",\"url\":\"https:\\\/\\\/radioljubuski.ba\\\/\",\"name\":\"Radio Ljubu\u0161ki\",\"description\":\"Sun\u010dana frekvencija Hercegovine\",\"publisher\":{\"@id\":\"https:\\\/\\\/radioljubuski.ba\\\/#organization\"},\"potentialAction\":[{\"@type\":\"SearchAction\",\"target\":{\"@type\":\"EntryPoint\",\"urlTemplate\":\"https:\\\/\\\/radioljubuski.ba\\\/?s={search_term_string}\"},\"query-input\":{\"@type\":\"PropertyValueSpecification\",\"valueRequired\":true,\"valueName\":\"search_term_string\"}}],\"inLanguage\":\"hr\"},{\"@type\":\"Organization\",\"@id\":\"https:\\\/\\\/radioljubuski.ba\\\/#organization\",\"name\":\"Radio Ljubu\u0161ki\",\"url\":\"https:\\\/\\\/radioljubuski.ba\\\/\",\"logo\":{\"@type\":\"ImageObject\",\"inLanguage\":\"hr\",\"@id\":\"https:\\\/\\\/radioljubuski.ba\\\/#\\\/schema\\\/logo\\\/image\\\/\",\"url\":\"https:\\\/\\\/radioljubuski.ba\\\/wp-content\\\/uploads\\\/2021\\\/02\\\/cropped-Radio_Ljubuski_logo1.jpg\",\"contentUrl\":\"https:\\\/\\\/radioljubuski.ba\\\/wp-content\\\/uploads\\\/2021\\\/02\\\/cropped-Radio_Ljubuski_logo1.jpg\",\"width\":512,\"height\":512,\"caption\":\"Radio Ljubu\u0161ki\"},\"image\":{\"@id\":\"https:\\\/\\\/radioljubuski.ba\\\/#\\\/schema\\\/logo\\\/image\\\/\"},\"sameAs\":[\"https:\\\/\\\/www.facebook.com\\\/Radiio-Ljubuski-1490835324566332\",\"https:\\\/\\\/x.com\\\/radioljubuski\",\"https:\\\/\\\/hr.linkedin.com\\\/company\\\/radio-ljubuski\",\"https:\\\/\\\/www.youtube.com\\\/channel\\\/UCHYaeO_n0Db3tjNGudGpXyw\"]},{\"@type\":\"Person\",\"@id\":\"https:\\\/\\\/radioljubuski.ba\\\/#\\\/schema\\\/person\\\/19fc700381a780f69665d7956c469e3b\",\"name\":\"Radio Ljubu\u0161ki\"}]}<\/script>\n<!-- \/ Yoast SEO plugin. -->","yoast_head_json":{"title":"Travni\u010dki umjetnici izradili najve\u0107u pisanicu u ovom dijelu Europe - RADIO LJUBU\u0160KI","robots":{"index":"index","follow":"follow","max-snippet":"max-snippet:-1","max-image-preview":"max-image-preview:large","max-video-preview":"max-video-preview:-1"},"canonical":"https:\/\/radioljubuski.ba\/index.php\/2022\/04\/15\/travnicki-umjetnici-izradili-najvecu-pisanicu-u-ovom-dijelu-europe\/","og_locale":"hr_HR","og_type":"article","og_title":"Travni\u010dki umjetnici izradili najve\u0107u pisanicu u ovom dijelu Europe - RADIO LJUBU\u0160KI","og_description":"Nekoliko travni\u010dkih umjetnika osmislilo je i izradilo veoma zanimljiv projekt, najve\u0107e uskr\u0161nje jaje na podru\u010dju biv\u0161e Jugoslavije. Naime, pisanica visoka \u010dak 2,64 metra danas je izlo\u017eena na travni\u010dkom sredi\u0161njem trgu. Akademski kipar Fabijan Tomi\u0107, voditelj \u010ditavog projekta kazao je kako je rije\u010d o najve\u0107em uskr\u0161njem jajetu na podru\u010dju biv\u0161e dr\u017eave. &#8220;U kiparstvu je forma jajeta [&hellip;]","og_url":"https:\/\/radioljubuski.ba\/index.php\/2022\/04\/15\/travnicki-umjetnici-izradili-najvecu-pisanicu-u-ovom-dijelu-europe\/","og_site_name":"RADIO LJUBU\u0160KI","article_publisher":"https:\/\/www.facebook.com\/Radiio-Ljubuski-1490835324566332","article_published_time":"2022-04-14T23:38:51+00:00","article_modified_time":"2022-04-14T23:38:52+00:00","og_image":[{"width":1000,"height":625,"url":"https:\/\/radioljubuski.ba\/wp-content\/uploads\/2022\/04\/8-2022-04-14-16-58-02-travnik-pisanica.jpg","type":"image\/jpeg"}],"author":"Radio Ljubu\u0161ki","twitter_card":"summary_large_image","twitter_creator":"@radioljubuski","twitter_site":"@radioljubuski","twitter_misc":{"Napisao\/la":"Radio Ljubu\u0161ki","Procijenjeno vrijeme \u010ditanja":"1 minuta"},"schema":{"@context":"https:\/\/schema.org","@graph":[{"@type":"Article","@id":"https:\/\/radioljubuski.ba\/index.php\/2022\/04\/15\/travnicki-umjetnici-izradili-najvecu-pisanicu-u-ovom-dijelu-europe\/#article","isPartOf":{"@id":"https:\/\/radioljubuski.ba\/index.php\/2022\/04\/15\/travnicki-umjetnici-izradili-najvecu-pisanicu-u-ovom-dijelu-europe\/"},"author":{"name":"Radio Ljubu\u0161ki","@id":"https:\/\/radioljubuski.ba\/#\/schema\/person\/19fc700381a780f69665d7956c469e3b"},"headline":"Travni\u010dki umjetnici izradili najve\u0107u pisanicu u ovom dijelu Europe","datePublished":"2022-04-14T23:38:51+00:00","dateModified":"2022-04-14T23:38:52+00:00","mainEntityOfPage":{"@id":"https:\/\/radioljubuski.ba\/index.php\/2022\/04\/15\/travnicki-umjetnici-izradili-najvecu-pisanicu-u-ovom-dijelu-europe\/"},"wordCount":278,"publisher":{"@id":"https:\/\/radioljubuski.ba\/#organization"},"image":{"@id":"https:\/\/radioljubuski.ba\/index.php\/2022\/04\/15\/travnicki-umjetnici-izradili-najvecu-pisanicu-u-ovom-dijelu-europe\/#primaryimage"},"thumbnailUrl":"https:\/\/radioljubuski.ba\/wp-content\/uploads\/2022\/04\/8-2022-04-14-16-58-02-travnik-pisanica.jpg","articleSection":["BIH i regija"],"inLanguage":"hr"},{"@type":"WebPage","@id":"https:\/\/radioljubuski.ba\/index.php\/2022\/04\/15\/travnicki-umjetnici-izradili-najvecu-pisanicu-u-ovom-dijelu-europe\/","url":"https:\/\/radioljubuski.ba\/index.php\/2022\/04\/15\/travnicki-umjetnici-izradili-najvecu-pisanicu-u-ovom-dijelu-europe\/","name":"Travni\u010dki umjetnici izradili najve\u0107u pisanicu u ovom dijelu Europe - RADIO LJUBU\u0160KI","isPartOf":{"@id":"https:\/\/radioljubuski.ba\/#website"},"primaryImageOfPage":{"@id":"https:\/\/radioljubuski.ba\/index.php\/2022\/04\/15\/travnicki-umjetnici-izradili-najvecu-pisanicu-u-ovom-dijelu-europe\/#primaryimage"},"image":{"@id":"https:\/\/radioljubuski.ba\/index.php\/2022\/04\/15\/travnicki-umjetnici-izradili-najvecu-pisanicu-u-ovom-dijelu-europe\/#primaryimage"},"thumbnailUrl":"https:\/\/radioljubuski.ba\/wp-content\/uploads\/2022\/04\/8-2022-04-14-16-58-02-travnik-pisanica.jpg","datePublished":"2022-04-14T23:38:51+00:00","dateModified":"2022-04-14T23:38:52+00:00","breadcrumb":{"@id":"https:\/\/radioljubuski.ba\/index.php\/2022\/04\/15\/travnicki-umjetnici-izradili-najvecu-pisanicu-u-ovom-dijelu-europe\/#breadcrumb"},"inLanguage":"hr","potentialAction":[{"@type":"ReadAction","target":["https:\/\/radioljubuski.ba\/index.php\/2022\/04\/15\/travnicki-umjetnici-izradili-najvecu-pisanicu-u-ovom-dijelu-europe\/"]}]},{"@type":"ImageObject","inLanguage":"hr","@id":"https:\/\/radioljubuski.ba\/index.php\/2022\/04\/15\/travnicki-umjetnici-izradili-najvecu-pisanicu-u-ovom-dijelu-europe\/#primaryimage","url":"https:\/\/radioljubuski.ba\/wp-content\/uploads\/2022\/04\/8-2022-04-14-16-58-02-travnik-pisanica.jpg","contentUrl":"https:\/\/radioljubuski.ba\/wp-content\/uploads\/2022\/04\/8-2022-04-14-16-58-02-travnik-pisanica.jpg","width":1000,"height":625},{"@type":"BreadcrumbList","@id":"https:\/\/radioljubuski.ba\/index.php\/2022\/04\/15\/travnicki-umjetnici-izradili-najvecu-pisanicu-u-ovom-dijelu-europe\/#breadcrumb","itemListElement":[{"@type":"ListItem","position":1,"name":"Po\u010detna stranica","item":"https:\/\/radioljubuski.ba\/"},{"@type":"ListItem","position":2,"name":"Travni\u010dki umjetnici izradili najve\u0107u pisanicu u ovom dijelu Europe"}]},{"@type":"WebSite","@id":"https:\/\/radioljubuski.ba\/#website","url":"https:\/\/radioljubuski.ba\/","name":"Radio Ljubu\u0161ki","description":"Sun\u010dana frekvencija Hercegovine","publisher":{"@id":"https:\/\/radioljubuski.ba\/#organization"},"potentialAction":[{"@type":"SearchAction","target":{"@type":"EntryPoint","urlTemplate":"https:\/\/radioljubuski.ba\/?s={search_term_string}"},"query-input":{"@type":"PropertyValueSpecification","valueRequired":true,"valueName":"search_term_string"}}],"inLanguage":"hr"},{"@type":"Organization","@id":"https:\/\/radioljubuski.ba\/#organization","name":"Radio Ljubu\u0161ki","url":"https:\/\/radioljubuski.ba\/","logo":{"@type":"ImageObject","inLanguage":"hr","@id":"https:\/\/radioljubuski.ba\/#\/schema\/logo\/image\/","url":"https:\/\/radioljubuski.ba\/wp-content\/uploads\/2021\/02\/cropped-Radio_Ljubuski_logo1.jpg","contentUrl":"https:\/\/radioljubuski.ba\/wp-content\/uploads\/2021\/02\/cropped-Radio_Ljubuski_logo1.jpg","width":512,"height":512,"caption":"Radio Ljubu\u0161ki"},"image":{"@id":"https:\/\/radioljubuski.ba\/#\/schema\/logo\/image\/"},"sameAs":["https:\/\/www.facebook.com\/Radiio-Ljubuski-1490835324566332","https:\/\/x.com\/radioljubuski","https:\/\/hr.linkedin.com\/company\/radio-ljubuski","https:\/\/www.youtube.com\/channel\/UCHYaeO_n0Db3tjNGudGpXyw"]},{"@type":"Person","@id":"https:\/\/radioljubuski.ba\/#\/schema\/person\/19fc700381a780f69665d7956c469e3b","name":"Radio Ljubu\u0161ki"}]}},"_links":{"self":[{"href":"https:\/\/radioljubuski.ba\/index.php\/wp-json\/wp\/v2\/posts\/132737","targetHints":{"allow":["GET"]}}],"collection":[{"href":"https:\/\/radioljubuski.ba\/index.php\/wp-json\/wp\/v2\/posts"}],"about":[{"href":"https:\/\/radioljubuski.ba\/index.php\/wp-json\/wp\/v2\/types\/post"}],"author":[{"embeddable":true,"href":"https:\/\/radioljubuski.ba\/index.php\/wp-json\/wp\/v2\/users\/2"}],"replies":[{"embeddable":true,"href":"https:\/\/radioljubuski.ba\/index.php\/wp-json\/wp\/v2\/comments?post=132737"}],"version-history":[{"count":1,"href":"https:\/\/radioljubuski.ba\/index.php\/wp-json\/wp\/v2\/posts\/132737\/revisions"}],"predecessor-version":[{"id":132739,"href":"https:\/\/radioljubuski.ba\/index.php\/wp-json\/wp\/v2\/posts\/132737\/revisions\/132739"}],"wp:featuredmedia":[{"embeddable":true,"href":"https:\/\/radioljubuski.ba\/index.php\/wp-json\/wp\/v2\/media\/132738"}],"wp:attachment":[{"href":"https:\/\/radioljubuski.ba\/index.php\/wp-json\/wp\/v2\/media?parent=132737"}],"wp:term":[{"taxonomy":"category","embeddable":true,"href":"https:\/\/radioljubuski.ba\/index.php\/wp-json\/wp\/v2\/categories?post=132737"},{"taxonomy":"post_tag","embeddable":true,"href":"https:\/\/radioljubuski.ba\/index.php\/wp-json\/wp\/v2\/tags?post=132737"}],"curies":[{"name":"wp","href":"https:\/\/api.w.org\/{rel}","templated":true}]}}