{"id":132748,"date":"2022-04-15T00:44:24","date_gmt":"2022-04-14T23:44:24","guid":{"rendered":"https:\/\/radioljubuski.ba\/?p=132748"},"modified":"2022-04-15T00:44:25","modified_gmt":"2022-04-14T23:44:25","slug":"vucic-se-ne-slaze-s-odlukama-ohr-a-o-imovini-rs-a-u-bih","status":"publish","type":"post","link":"https:\/\/radioljubuski.ba\/index.php\/2022\/04\/15\/vucic-se-ne-slaze-s-odlukama-ohr-a-o-imovini-rs-a-u-bih\/","title":{"rendered":"Vu\u010di\u0107 se ne sla\u017ee s odlukama OHR-a o imovini RS-a u BiH"},"content":{"rendered":"\n<p>Srbijanski predsjednik&nbsp;Aleksandar Vu\u010di\u0107&nbsp;istaknuo je u razgovoru s visokim predstavnikom me\u0111unarodne zajednice u Bosni i Hercegovini (OHR)&nbsp;Christianom Schmidtom&nbsp;jasno neslaganje s posljednjim odlukama i primjenom Bonskih ovlasti u odnosu na Republiku Srpsku (RS), priop\u0107eno je iz Vu\u010di\u0107eva ureda.<\/p>\n\n\n\n<p>Visoki predstavnik za BiH&nbsp;Christian Schmidt&nbsp;u utorak je, prvi put u mandatu zapo\u010detom u kolovozu pro\u0161le godine, iskoristio \u0161iroke ovlasti koje mu stoje na raspolaganju i suspendirao zakon kojim su vlasti RS-a kanile preuzeti nekretnine \u010diji je vlasnik dr\u017eava BiH. Vu\u010di\u0107 dr\u017ei da ta odluka ne doprinosi stabilnosti.<\/p>\n\n\n\n<p>U dana\u0161njem razgovoru Schmidt je Vu\u010di\u0107u iznio svoje vi\u0111enje razloga za primjenu Bonskih ovlasti, a razmotrili su i analizirali situaciju u regiji, posebno u Bosni i Hercegovini, navodi se u kratkom i \u0161turom priop\u0107enju iz Vu\u010di\u0107eva ureda. Schmidt i Vu\u010di\u0107 suglasili su se da je o\u010duvanje mira u BiH i cijeloj regiji od presudnog zna\u010daja za ekonomski napredak zapadnog Balkana, priop\u0107eno je.<\/p>\n\n\n\n<p>Reagiraju\u0107i na susret Vu\u010di\u0107-Schmidt srpski \u010dlan Predsjedni\u0161tva BiH Milorad Dodik&nbsp;ocijenio je njihov sastanak poku\u0161ajem vlastite legitimacije njema\u010dkog diplomata kao visokog predstavnika te njegov dolazak u Beograd nazvao turisti\u010dkim putovanjem. Dodik je naglasio da Schmidt nije izabran za visokog predstavnika sukladno procedurama koje propisuje Aneks 10 Daytonskog sporazuma i da ne vidi destinaciju u koju bi Schmidt mogao oti\u0107i, a da ga to legitimira, objavili su beogradski mediji, pozivaju\u0107i se na Dodikovu izjavu medijima u RS-u.<\/p>\n\n\n\n<p>&#8211; Njegova turisti\u010dka putovanja ne\u0107e ga legitimirati kao visokog predstavnika. To nije pitanje gdje je on bio, s kim se sastao ili gdje je govorio. To je pitanje koje se rje\u0161ava procedurama po kojima su svi visoki predstavnici u BiH dolazili, rekao je Dodik naglasiv\u0161i da Vije\u0107e sigurnosti UN-a nije potvrdio njegovo imenovanje, te da ga to \u010dini jedinom osobom koja tvrdi da je visoki predstavnik, a da se nije na\u0161ao niti u jednoj rezoluciji VS UN.<\/p>\n\n\n\n<p>Dodik je rekao kako je prije sastanka Vu\u010di\u0107a i Schmidta u razgovoru sa srbijanskim predsjednikom ponovio stajali\u0161ta RS-a, rekav\u0161i kako razumije poziciju Srbije. \u010celnik bosanskih Srba poru\u010dio je Schmidtu da se spusti na zemlju na kojoj, ina\u010de, nije visoki predstavnik.<\/p>\n\n\n\n<p>Christian Schmidt je, obrazlo\u017eiv\u0161i primjenu Bonskih ovlasti, u utorak rekao kako je obustavio primjenu zakona o imovini RS-a do odluke Ustavnog suda i pro\u0161irio zabranu raspolaganja dr\u017eavnom imovinom. Tom odlukom, rekao je, jasno se daje do znanja da samo dr\u017eava BiH mo\u017ee raspolagati dr\u017eavnom imovinom odnosno ure\u0111ivati na\u010din raspolaganja dr\u017eavnom imovinom, naglasiv\u0161i da se problem ne mo\u017ee rije\u0161iti nikakvim jednostranim mjerama.<\/p>\n\n\n\n<p>Biv\u0161i visoki predstavnik&nbsp;Paddy Ashdown&nbsp;jo\u0161 je 2005. godine donio obvezuju\u0107u odluku kojom je zabranio raspolaganje dr\u017eavnom imovinom sve dok se to pitanje ne regulira zakonom koji treba donijeti parlament BiH. Unato\u010d tome, Narodna skup\u0161tina RS je na inzistiranje srpskog \u010dlana Predsjedni\u0161tva BiH Milorada Dodika 10. velja\u010de donijela zakon kojim je taj entitet proglasila vlasnikom nekretnina na njegovom teritoriju.<\/p>\n\n\n\n<p>Izvor:pogled.ba<\/p>\n","protected":false},"excerpt":{"rendered":"<p>Srbijanski predsjednik&nbsp;Aleksandar Vu\u010di\u0107&nbsp;istaknuo je u razgovoru s visokim predstavnikom me\u0111unarodne zajednice u Bosni i Hercegovini (OHR)&nbsp;Christianom Schmidtom&nbsp;jasno neslaganje s posljednjim odlukama i primjenom Bonskih ovlasti u odnosu na Republiku Srpsku (RS), priop\u0107eno je iz Vu\u010di\u0107eva ureda. Visoki predstavnik za BiH&nbsp;Christian Schmidt&nbsp;u utorak je, prvi put u mandatu zapo\u010detom u kolovozu pro\u0161le godine, iskoristio \u0161iroke ovlasti [&hellip;]<\/p>\n","protected":false},"author":2,"featured_media":132570,"comment_status":"closed","ping_status":"closed","sticky":false,"template":"","format":"standard","meta":{"h5ap_radio_sources":[],"footnotes":""},"categories":[1],"tags":[],"class_list":["post-132748","post","type-post","status-publish","format-standard","has-post-thumbnail","hentry","category-bihiregija"],"yoast_head":"<!-- This site is optimized with the Yoast SEO plugin v27.5 - https:\/\/yoast.com\/product\/yoast-seo-wordpress\/ -->\n<title>Vu\u010di\u0107 se ne sla\u017ee s odlukama OHR-a o imovini RS-a u BiH - RADIO LJUBU\u0160KI<\/title>\n<meta name=\"robots\" content=\"index, follow, max-snippet:-1, max-image-preview:large, max-video-preview:-1\" \/>\n<link rel=\"canonical\" href=\"https:\/\/radioljubuski.ba\/index.php\/2022\/04\/15\/vucic-se-ne-slaze-s-odlukama-ohr-a-o-imovini-rs-a-u-bih\/\" \/>\n<meta property=\"og:locale\" content=\"hr_HR\" \/>\n<meta property=\"og:type\" content=\"article\" \/>\n<meta property=\"og:title\" content=\"Vu\u010di\u0107 se ne sla\u017ee s odlukama OHR-a o imovini RS-a u BiH - RADIO LJUBU\u0160KI\" \/>\n<meta property=\"og:description\" content=\"Srbijanski predsjednik&nbsp;Aleksandar Vu\u010di\u0107&nbsp;istaknuo je u razgovoru s visokim predstavnikom me\u0111unarodne zajednice u Bosni i Hercegovini (OHR)&nbsp;Christianom Schmidtom&nbsp;jasno neslaganje s posljednjim odlukama i primjenom Bonskih ovlasti u odnosu na Republiku Srpsku (RS), priop\u0107eno je iz Vu\u010di\u0107eva ureda. Visoki predstavnik za BiH&nbsp;Christian Schmidt&nbsp;u utorak je, prvi put u mandatu zapo\u010detom u kolovozu pro\u0161le godine, iskoristio \u0161iroke ovlasti [&hellip;]\" \/>\n<meta property=\"og:url\" content=\"https:\/\/radioljubuski.ba\/index.php\/2022\/04\/15\/vucic-se-ne-slaze-s-odlukama-ohr-a-o-imovini-rs-a-u-bih\/\" \/>\n<meta property=\"og:site_name\" content=\"RADIO LJUBU\u0160KI\" \/>\n<meta property=\"article:publisher\" content=\"https:\/\/www.facebook.com\/Radiio-Ljubuski-1490835324566332\" \/>\n<meta property=\"article:published_time\" content=\"2022-04-14T23:44:24+00:00\" \/>\n<meta property=\"article:modified_time\" content=\"2022-04-14T23:44:25+00:00\" \/>\n<meta property=\"og:image\" content=\"https:\/\/radioljubuski.ba\/wp-content\/uploads\/2022\/04\/vucic-schmidt.jpg\" \/>\n\t<meta property=\"og:image:width\" content=\"750\" \/>\n\t<meta property=\"og:image:height\" content=\"564\" \/>\n\t<meta property=\"og:image:type\" content=\"image\/jpeg\" \/>\n<meta name=\"author\" content=\"Radio Ljubu\u0161ki\" \/>\n<meta name=\"twitter:card\" content=\"summary_large_image\" \/>\n<meta name=\"twitter:creator\" content=\"@radioljubuski\" \/>\n<meta name=\"twitter:site\" content=\"@radioljubuski\" \/>\n<meta name=\"twitter:label1\" content=\"Napisao\/la\" \/>\n\t<meta name=\"twitter:data1\" content=\"Radio Ljubu\u0161ki\" \/>\n\t<meta name=\"twitter:label2\" content=\"Procijenjeno vrijeme \u010ditanja\" \/>\n\t<meta name=\"twitter:data2\" content=\"2 minute\" \/>\n<script type=\"application\/ld+json\" class=\"yoast-schema-graph\">{\"@context\":\"https:\\\/\\\/schema.org\",\"@graph\":[{\"@type\":\"Article\",\"@id\":\"https:\\\/\\\/radioljubuski.ba\\\/index.php\\\/2022\\\/04\\\/15\\\/vucic-se-ne-slaze-s-odlukama-ohr-a-o-imovini-rs-a-u-bih\\\/#article\",\"isPartOf\":{\"@id\":\"https:\\\/\\\/radioljubuski.ba\\\/index.php\\\/2022\\\/04\\\/15\\\/vucic-se-ne-slaze-s-odlukama-ohr-a-o-imovini-rs-a-u-bih\\\/\"},\"author\":{\"name\":\"Radio Ljubu\u0161ki\",\"@id\":\"https:\\\/\\\/radioljubuski.ba\\\/#\\\/schema\\\/person\\\/19fc700381a780f69665d7956c469e3b\"},\"headline\":\"Vu\u010di\u0107 se ne sla\u017ee s odlukama OHR-a o imovini RS-a u BiH\",\"datePublished\":\"2022-04-14T23:44:24+00:00\",\"dateModified\":\"2022-04-14T23:44:25+00:00\",\"mainEntityOfPage\":{\"@id\":\"https:\\\/\\\/radioljubuski.ba\\\/index.php\\\/2022\\\/04\\\/15\\\/vucic-se-ne-slaze-s-odlukama-ohr-a-o-imovini-rs-a-u-bih\\\/\"},\"wordCount\":548,\"publisher\":{\"@id\":\"https:\\\/\\\/radioljubuski.ba\\\/#organization\"},\"image\":{\"@id\":\"https:\\\/\\\/radioljubuski.ba\\\/index.php\\\/2022\\\/04\\\/15\\\/vucic-se-ne-slaze-s-odlukama-ohr-a-o-imovini-rs-a-u-bih\\\/#primaryimage\"},\"thumbnailUrl\":\"https:\\\/\\\/radioljubuski.ba\\\/wp-content\\\/uploads\\\/2022\\\/04\\\/vucic-schmidt.jpg\",\"articleSection\":[\"BIH i regija\"],\"inLanguage\":\"hr\"},{\"@type\":\"WebPage\",\"@id\":\"https:\\\/\\\/radioljubuski.ba\\\/index.php\\\/2022\\\/04\\\/15\\\/vucic-se-ne-slaze-s-odlukama-ohr-a-o-imovini-rs-a-u-bih\\\/\",\"url\":\"https:\\\/\\\/radioljubuski.ba\\\/index.php\\\/2022\\\/04\\\/15\\\/vucic-se-ne-slaze-s-odlukama-ohr-a-o-imovini-rs-a-u-bih\\\/\",\"name\":\"Vu\u010di\u0107 se ne sla\u017ee s odlukama OHR-a o imovini RS-a u BiH - RADIO LJUBU\u0160KI\",\"isPartOf\":{\"@id\":\"https:\\\/\\\/radioljubuski.ba\\\/#website\"},\"primaryImageOfPage\":{\"@id\":\"https:\\\/\\\/radioljubuski.ba\\\/index.php\\\/2022\\\/04\\\/15\\\/vucic-se-ne-slaze-s-odlukama-ohr-a-o-imovini-rs-a-u-bih\\\/#primaryimage\"},\"image\":{\"@id\":\"https:\\\/\\\/radioljubuski.ba\\\/index.php\\\/2022\\\/04\\\/15\\\/vucic-se-ne-slaze-s-odlukama-ohr-a-o-imovini-rs-a-u-bih\\\/#primaryimage\"},\"thumbnailUrl\":\"https:\\\/\\\/radioljubuski.ba\\\/wp-content\\\/uploads\\\/2022\\\/04\\\/vucic-schmidt.jpg\",\"datePublished\":\"2022-04-14T23:44:24+00:00\",\"dateModified\":\"2022-04-14T23:44:25+00:00\",\"breadcrumb\":{\"@id\":\"https:\\\/\\\/radioljubuski.ba\\\/index.php\\\/2022\\\/04\\\/15\\\/vucic-se-ne-slaze-s-odlukama-ohr-a-o-imovini-rs-a-u-bih\\\/#breadcrumb\"},\"inLanguage\":\"hr\",\"potentialAction\":[{\"@type\":\"ReadAction\",\"target\":[\"https:\\\/\\\/radioljubuski.ba\\\/index.php\\\/2022\\\/04\\\/15\\\/vucic-se-ne-slaze-s-odlukama-ohr-a-o-imovini-rs-a-u-bih\\\/\"]}]},{\"@type\":\"ImageObject\",\"inLanguage\":\"hr\",\"@id\":\"https:\\\/\\\/radioljubuski.ba\\\/index.php\\\/2022\\\/04\\\/15\\\/vucic-se-ne-slaze-s-odlukama-ohr-a-o-imovini-rs-a-u-bih\\\/#primaryimage\",\"url\":\"https:\\\/\\\/radioljubuski.ba\\\/wp-content\\\/uploads\\\/2022\\\/04\\\/vucic-schmidt.jpg\",\"contentUrl\":\"https:\\\/\\\/radioljubuski.ba\\\/wp-content\\\/uploads\\\/2022\\\/04\\\/vucic-schmidt.jpg\",\"width\":750,\"height\":564},{\"@type\":\"BreadcrumbList\",\"@id\":\"https:\\\/\\\/radioljubuski.ba\\\/index.php\\\/2022\\\/04\\\/15\\\/vucic-se-ne-slaze-s-odlukama-ohr-a-o-imovini-rs-a-u-bih\\\/#breadcrumb\",\"itemListElement\":[{\"@type\":\"ListItem\",\"position\":1,\"name\":\"Po\u010detna stranica\",\"item\":\"https:\\\/\\\/radioljubuski.ba\\\/\"},{\"@type\":\"ListItem\",\"position\":2,\"name\":\"Vu\u010di\u0107 se ne sla\u017ee s odlukama OHR-a o imovini RS-a u BiH\"}]},{\"@type\":\"WebSite\",\"@id\":\"https:\\\/\\\/radioljubuski.ba\\\/#website\",\"url\":\"https:\\\/\\\/radioljubuski.ba\\\/\",\"name\":\"Radio Ljubu\u0161ki\",\"description\":\"Sun\u010dana frekvencija Hercegovine\",\"publisher\":{\"@id\":\"https:\\\/\\\/radioljubuski.ba\\\/#organization\"},\"potentialAction\":[{\"@type\":\"SearchAction\",\"target\":{\"@type\":\"EntryPoint\",\"urlTemplate\":\"https:\\\/\\\/radioljubuski.ba\\\/?s={search_term_string}\"},\"query-input\":{\"@type\":\"PropertyValueSpecification\",\"valueRequired\":true,\"valueName\":\"search_term_string\"}}],\"inLanguage\":\"hr\"},{\"@type\":\"Organization\",\"@id\":\"https:\\\/\\\/radioljubuski.ba\\\/#organization\",\"name\":\"Radio Ljubu\u0161ki\",\"url\":\"https:\\\/\\\/radioljubuski.ba\\\/\",\"logo\":{\"@type\":\"ImageObject\",\"inLanguage\":\"hr\",\"@id\":\"https:\\\/\\\/radioljubuski.ba\\\/#\\\/schema\\\/logo\\\/image\\\/\",\"url\":\"https:\\\/\\\/radioljubuski.ba\\\/wp-content\\\/uploads\\\/2021\\\/02\\\/cropped-Radio_Ljubuski_logo1.jpg\",\"contentUrl\":\"https:\\\/\\\/radioljubuski.ba\\\/wp-content\\\/uploads\\\/2021\\\/02\\\/cropped-Radio_Ljubuski_logo1.jpg\",\"width\":512,\"height\":512,\"caption\":\"Radio Ljubu\u0161ki\"},\"image\":{\"@id\":\"https:\\\/\\\/radioljubuski.ba\\\/#\\\/schema\\\/logo\\\/image\\\/\"},\"sameAs\":[\"https:\\\/\\\/www.facebook.com\\\/Radiio-Ljubuski-1490835324566332\",\"https:\\\/\\\/x.com\\\/radioljubuski\",\"https:\\\/\\\/hr.linkedin.com\\\/company\\\/radio-ljubuski\",\"https:\\\/\\\/www.youtube.com\\\/channel\\\/UCHYaeO_n0Db3tjNGudGpXyw\"]},{\"@type\":\"Person\",\"@id\":\"https:\\\/\\\/radioljubuski.ba\\\/#\\\/schema\\\/person\\\/19fc700381a780f69665d7956c469e3b\",\"name\":\"Radio Ljubu\u0161ki\"}]}<\/script>\n<!-- \/ Yoast SEO plugin. -->","yoast_head_json":{"title":"Vu\u010di\u0107 se ne sla\u017ee s odlukama OHR-a o imovini RS-a u BiH - RADIO LJUBU\u0160KI","robots":{"index":"index","follow":"follow","max-snippet":"max-snippet:-1","max-image-preview":"max-image-preview:large","max-video-preview":"max-video-preview:-1"},"canonical":"https:\/\/radioljubuski.ba\/index.php\/2022\/04\/15\/vucic-se-ne-slaze-s-odlukama-ohr-a-o-imovini-rs-a-u-bih\/","og_locale":"hr_HR","og_type":"article","og_title":"Vu\u010di\u0107 se ne sla\u017ee s odlukama OHR-a o imovini RS-a u BiH - RADIO LJUBU\u0160KI","og_description":"Srbijanski predsjednik&nbsp;Aleksandar Vu\u010di\u0107&nbsp;istaknuo je u razgovoru s visokim predstavnikom me\u0111unarodne zajednice u Bosni i Hercegovini (OHR)&nbsp;Christianom Schmidtom&nbsp;jasno neslaganje s posljednjim odlukama i primjenom Bonskih ovlasti u odnosu na Republiku Srpsku (RS), priop\u0107eno je iz Vu\u010di\u0107eva ureda. Visoki predstavnik za BiH&nbsp;Christian Schmidt&nbsp;u utorak je, prvi put u mandatu zapo\u010detom u kolovozu pro\u0161le godine, iskoristio \u0161iroke ovlasti [&hellip;]","og_url":"https:\/\/radioljubuski.ba\/index.php\/2022\/04\/15\/vucic-se-ne-slaze-s-odlukama-ohr-a-o-imovini-rs-a-u-bih\/","og_site_name":"RADIO LJUBU\u0160KI","article_publisher":"https:\/\/www.facebook.com\/Radiio-Ljubuski-1490835324566332","article_published_time":"2022-04-14T23:44:24+00:00","article_modified_time":"2022-04-14T23:44:25+00:00","og_image":[{"width":750,"height":564,"url":"https:\/\/radioljubuski.ba\/wp-content\/uploads\/2022\/04\/vucic-schmidt.jpg","type":"image\/jpeg"}],"author":"Radio Ljubu\u0161ki","twitter_card":"summary_large_image","twitter_creator":"@radioljubuski","twitter_site":"@radioljubuski","twitter_misc":{"Napisao\/la":"Radio Ljubu\u0161ki","Procijenjeno vrijeme \u010ditanja":"2 minute"},"schema":{"@context":"https:\/\/schema.org","@graph":[{"@type":"Article","@id":"https:\/\/radioljubuski.ba\/index.php\/2022\/04\/15\/vucic-se-ne-slaze-s-odlukama-ohr-a-o-imovini-rs-a-u-bih\/#article","isPartOf":{"@id":"https:\/\/radioljubuski.ba\/index.php\/2022\/04\/15\/vucic-se-ne-slaze-s-odlukama-ohr-a-o-imovini-rs-a-u-bih\/"},"author":{"name":"Radio Ljubu\u0161ki","@id":"https:\/\/radioljubuski.ba\/#\/schema\/person\/19fc700381a780f69665d7956c469e3b"},"headline":"Vu\u010di\u0107 se ne sla\u017ee s odlukama OHR-a o imovini RS-a u BiH","datePublished":"2022-04-14T23:44:24+00:00","dateModified":"2022-04-14T23:44:25+00:00","mainEntityOfPage":{"@id":"https:\/\/radioljubuski.ba\/index.php\/2022\/04\/15\/vucic-se-ne-slaze-s-odlukama-ohr-a-o-imovini-rs-a-u-bih\/"},"wordCount":548,"publisher":{"@id":"https:\/\/radioljubuski.ba\/#organization"},"image":{"@id":"https:\/\/radioljubuski.ba\/index.php\/2022\/04\/15\/vucic-se-ne-slaze-s-odlukama-ohr-a-o-imovini-rs-a-u-bih\/#primaryimage"},"thumbnailUrl":"https:\/\/radioljubuski.ba\/wp-content\/uploads\/2022\/04\/vucic-schmidt.jpg","articleSection":["BIH i regija"],"inLanguage":"hr"},{"@type":"WebPage","@id":"https:\/\/radioljubuski.ba\/index.php\/2022\/04\/15\/vucic-se-ne-slaze-s-odlukama-ohr-a-o-imovini-rs-a-u-bih\/","url":"https:\/\/radioljubuski.ba\/index.php\/2022\/04\/15\/vucic-se-ne-slaze-s-odlukama-ohr-a-o-imovini-rs-a-u-bih\/","name":"Vu\u010di\u0107 se ne sla\u017ee s odlukama OHR-a o imovini RS-a u BiH - RADIO LJUBU\u0160KI","isPartOf":{"@id":"https:\/\/radioljubuski.ba\/#website"},"primaryImageOfPage":{"@id":"https:\/\/radioljubuski.ba\/index.php\/2022\/04\/15\/vucic-se-ne-slaze-s-odlukama-ohr-a-o-imovini-rs-a-u-bih\/#primaryimage"},"image":{"@id":"https:\/\/radioljubuski.ba\/index.php\/2022\/04\/15\/vucic-se-ne-slaze-s-odlukama-ohr-a-o-imovini-rs-a-u-bih\/#primaryimage"},"thumbnailUrl":"https:\/\/radioljubuski.ba\/wp-content\/uploads\/2022\/04\/vucic-schmidt.jpg","datePublished":"2022-04-14T23:44:24+00:00","dateModified":"2022-04-14T23:44:25+00:00","breadcrumb":{"@id":"https:\/\/radioljubuski.ba\/index.php\/2022\/04\/15\/vucic-se-ne-slaze-s-odlukama-ohr-a-o-imovini-rs-a-u-bih\/#breadcrumb"},"inLanguage":"hr","potentialAction":[{"@type":"ReadAction","target":["https:\/\/radioljubuski.ba\/index.php\/2022\/04\/15\/vucic-se-ne-slaze-s-odlukama-ohr-a-o-imovini-rs-a-u-bih\/"]}]},{"@type":"ImageObject","inLanguage":"hr","@id":"https:\/\/radioljubuski.ba\/index.php\/2022\/04\/15\/vucic-se-ne-slaze-s-odlukama-ohr-a-o-imovini-rs-a-u-bih\/#primaryimage","url":"https:\/\/radioljubuski.ba\/wp-content\/uploads\/2022\/04\/vucic-schmidt.jpg","contentUrl":"https:\/\/radioljubuski.ba\/wp-content\/uploads\/2022\/04\/vucic-schmidt.jpg","width":750,"height":564},{"@type":"BreadcrumbList","@id":"https:\/\/radioljubuski.ba\/index.php\/2022\/04\/15\/vucic-se-ne-slaze-s-odlukama-ohr-a-o-imovini-rs-a-u-bih\/#breadcrumb","itemListElement":[{"@type":"ListItem","position":1,"name":"Po\u010detna stranica","item":"https:\/\/radioljubuski.ba\/"},{"@type":"ListItem","position":2,"name":"Vu\u010di\u0107 se ne sla\u017ee s odlukama OHR-a o imovini RS-a u BiH"}]},{"@type":"WebSite","@id":"https:\/\/radioljubuski.ba\/#website","url":"https:\/\/radioljubuski.ba\/","name":"Radio Ljubu\u0161ki","description":"Sun\u010dana frekvencija Hercegovine","publisher":{"@id":"https:\/\/radioljubuski.ba\/#organization"},"potentialAction":[{"@type":"SearchAction","target":{"@type":"EntryPoint","urlTemplate":"https:\/\/radioljubuski.ba\/?s={search_term_string}"},"query-input":{"@type":"PropertyValueSpecification","valueRequired":true,"valueName":"search_term_string"}}],"inLanguage":"hr"},{"@type":"Organization","@id":"https:\/\/radioljubuski.ba\/#organization","name":"Radio Ljubu\u0161ki","url":"https:\/\/radioljubuski.ba\/","logo":{"@type":"ImageObject","inLanguage":"hr","@id":"https:\/\/radioljubuski.ba\/#\/schema\/logo\/image\/","url":"https:\/\/radioljubuski.ba\/wp-content\/uploads\/2021\/02\/cropped-Radio_Ljubuski_logo1.jpg","contentUrl":"https:\/\/radioljubuski.ba\/wp-content\/uploads\/2021\/02\/cropped-Radio_Ljubuski_logo1.jpg","width":512,"height":512,"caption":"Radio Ljubu\u0161ki"},"image":{"@id":"https:\/\/radioljubuski.ba\/#\/schema\/logo\/image\/"},"sameAs":["https:\/\/www.facebook.com\/Radiio-Ljubuski-1490835324566332","https:\/\/x.com\/radioljubuski","https:\/\/hr.linkedin.com\/company\/radio-ljubuski","https:\/\/www.youtube.com\/channel\/UCHYaeO_n0Db3tjNGudGpXyw"]},{"@type":"Person","@id":"https:\/\/radioljubuski.ba\/#\/schema\/person\/19fc700381a780f69665d7956c469e3b","name":"Radio Ljubu\u0161ki"}]}},"_links":{"self":[{"href":"https:\/\/radioljubuski.ba\/index.php\/wp-json\/wp\/v2\/posts\/132748","targetHints":{"allow":["GET"]}}],"collection":[{"href":"https:\/\/radioljubuski.ba\/index.php\/wp-json\/wp\/v2\/posts"}],"about":[{"href":"https:\/\/radioljubuski.ba\/index.php\/wp-json\/wp\/v2\/types\/post"}],"author":[{"embeddable":true,"href":"https:\/\/radioljubuski.ba\/index.php\/wp-json\/wp\/v2\/users\/2"}],"replies":[{"embeddable":true,"href":"https:\/\/radioljubuski.ba\/index.php\/wp-json\/wp\/v2\/comments?post=132748"}],"version-history":[{"count":1,"href":"https:\/\/radioljubuski.ba\/index.php\/wp-json\/wp\/v2\/posts\/132748\/revisions"}],"predecessor-version":[{"id":132749,"href":"https:\/\/radioljubuski.ba\/index.php\/wp-json\/wp\/v2\/posts\/132748\/revisions\/132749"}],"wp:featuredmedia":[{"embeddable":true,"href":"https:\/\/radioljubuski.ba\/index.php\/wp-json\/wp\/v2\/media\/132570"}],"wp:attachment":[{"href":"https:\/\/radioljubuski.ba\/index.php\/wp-json\/wp\/v2\/media?parent=132748"}],"wp:term":[{"taxonomy":"category","embeddable":true,"href":"https:\/\/radioljubuski.ba\/index.php\/wp-json\/wp\/v2\/categories?post=132748"},{"taxonomy":"post_tag","embeddable":true,"href":"https:\/\/radioljubuski.ba\/index.php\/wp-json\/wp\/v2\/tags?post=132748"}],"curies":[{"name":"wp","href":"https:\/\/api.w.org\/{rel}","templated":true}]}}