{"id":132754,"date":"2022-04-15T00:47:57","date_gmt":"2022-04-14T23:47:57","guid":{"rendered":"https:\/\/radioljubuski.ba\/?p=132754"},"modified":"2022-04-15T00:47:58","modified_gmt":"2022-04-14T23:47:58","slug":"pocela-podjela-dizelskog-goriva-poljoprivrednicima-u-federaciji-bih","status":"publish","type":"post","link":"https:\/\/radioljubuski.ba\/index.php\/2022\/04\/15\/pocela-podjela-dizelskog-goriva-poljoprivrednicima-u-federaciji-bih\/","title":{"rendered":"Po\u010dela podjela dizelskog goriva poljoprivrednicima u Federaciji BiH"},"content":{"rendered":"\n<p>Poljoprivrednicima u Federaciji po\u010dela je podjela dizelskog goriva, rekao je za Faktor Ned\u017ead Bi\u0107o, predsjednik Udruge poljoprivrednika FBiH. Vlada FBiH je kao hitnu intervenciju izazvanu rastom cijena energenata odobrila jo\u0161 24. o\u017eujka, da se trajno da na kori\u0161tenje, bez naknade, dizelsko gorivo u koli\u010dini od 1,400.000 litara poljoprivrednim proizvo\u0111a\u010dima iz postoje\u0107ih zaliha federalnih robnih rezervi.<\/p>\n\n\n\n<p>&#8211; Po\u010dela je podjela goriva poljoprivrednim proizvo\u0111a\u010dima u Posavini i T\u017d-u. To su informacije koje ja imam, a po principu da \u0107e cisterna s gorivom biti parkirana na odre\u0111enoj lokaciji gdje \u0107e do\u0107i poljoprivrednici. O\u010dekujemo da podjela goriva bude zavr\u0161ena do kraja travnja, a kako je ranije kazao i na\u0161 federalni ministar poljoprivrede, vodoprivrede i \u0161umarstva \u0160emsudin Dedi\u0107 &#8211; ka\u017ee Bi\u0107o.<\/p>\n\n\n\n<p>Ina\u010de, za raspodjelu goriva zadu\u017eena je Federalna direkcija za robne rezerve. Maksimalan iznos potpore u gorivu ne mo\u017ee biti ve\u0107i od ostvarene potpore za broj hektara obra\u0111ene povr\u0161ine u 2021. Primjera radi, na 10 duluma ide 50 litara goriva donacije, a ako ima pet duluma, onda poljoprivredni proizvo\u0111a\u010d dobiva 25 l. Bi\u0107o se osvrnuo i na poticaje Vlade za proljetnu sjetvu koju o\u010dekuju poljoprivredni proizvo\u0111a\u010di.<\/p>\n\n\n\n<p>&#8211; Federalni prora\u010dun za ovu godinu je usvojen. Prijedlog programa poticaja je ura\u0111en. Javna rasprava je u tijeku, par dana treba da program ode na Vladu FBiH na usvajanje i odmah idu poticaji. Proljetna sjetva polako ide, koliko ljudi imaju novca, toliko i rade, to je tako. Poticaji \u0107e itekako pomo\u0107i i ljudi ih \u010dekaju kao ozebli sunce &#8211; ka\u017ee Bi\u0107o.<\/p>\n\n\n\n<p>Izvor:pogled.ba<\/p>\n","protected":false},"excerpt":{"rendered":"<p>Poljoprivrednicima u Federaciji po\u010dela je podjela dizelskog goriva, rekao je za Faktor Ned\u017ead Bi\u0107o, predsjednik Udruge poljoprivrednika FBiH. Vlada FBiH je kao hitnu intervenciju izazvanu rastom cijena energenata odobrila jo\u0161 24. o\u017eujka, da se trajno da na kori\u0161tenje, bez naknade, dizelsko gorivo u koli\u010dini od 1,400.000 litara poljoprivrednim proizvo\u0111a\u010dima iz postoje\u0107ih zaliha federalnih robnih rezervi. [&hellip;]<\/p>\n","protected":false},"author":2,"featured_media":132755,"comment_status":"closed","ping_status":"closed","sticky":false,"template":"","format":"standard","meta":{"h5ap_radio_sources":[],"footnotes":""},"categories":[1],"tags":[],"class_list":["post-132754","post","type-post","status-publish","format-standard","has-post-thumbnail","hentry","category-bihiregija"],"yoast_head":"<!-- This site is optimized with the Yoast SEO plugin v27.5 - https:\/\/yoast.com\/product\/yoast-seo-wordpress\/ -->\n<title>Po\u010dela podjela dizelskog goriva poljoprivrednicima u Federaciji BiH - RADIO LJUBU\u0160KI<\/title>\n<meta name=\"robots\" content=\"index, follow, max-snippet:-1, max-image-preview:large, max-video-preview:-1\" \/>\n<link rel=\"canonical\" href=\"https:\/\/radioljubuski.ba\/index.php\/2022\/04\/15\/pocela-podjela-dizelskog-goriva-poljoprivrednicima-u-federaciji-bih\/\" \/>\n<meta property=\"og:locale\" content=\"hr_HR\" \/>\n<meta property=\"og:type\" content=\"article\" \/>\n<meta property=\"og:title\" content=\"Po\u010dela podjela dizelskog goriva poljoprivrednicima u Federaciji BiH - RADIO LJUBU\u0160KI\" \/>\n<meta property=\"og:description\" content=\"Poljoprivrednicima u Federaciji po\u010dela je podjela dizelskog goriva, rekao je za Faktor Ned\u017ead Bi\u0107o, predsjednik Udruge poljoprivrednika FBiH. Vlada FBiH je kao hitnu intervenciju izazvanu rastom cijena energenata odobrila jo\u0161 24. o\u017eujka, da se trajno da na kori\u0161tenje, bez naknade, dizelsko gorivo u koli\u010dini od 1,400.000 litara poljoprivrednim proizvo\u0111a\u010dima iz postoje\u0107ih zaliha federalnih robnih rezervi. [&hellip;]\" \/>\n<meta property=\"og:url\" content=\"https:\/\/radioljubuski.ba\/index.php\/2022\/04\/15\/pocela-podjela-dizelskog-goriva-poljoprivrednicima-u-federaciji-bih\/\" \/>\n<meta property=\"og:site_name\" content=\"RADIO LJUBU\u0160KI\" \/>\n<meta property=\"article:publisher\" content=\"https:\/\/www.facebook.com\/Radiio-Ljubuski-1490835324566332\" \/>\n<meta property=\"article:published_time\" content=\"2022-04-14T23:47:57+00:00\" \/>\n<meta property=\"article:modified_time\" content=\"2022-04-14T23:47:58+00:00\" \/>\n<meta property=\"og:image\" content=\"https:\/\/radioljubuski.ba\/wp-content\/uploads\/2022\/04\/10-2022-04-14-17-51-08-thumbs_b_c_29692e1dae0628c281a5424f4639a86f.jpg\" \/>\n\t<meta property=\"og:image:width\" content=\"1000\" \/>\n\t<meta property=\"og:image:height\" content=\"625\" \/>\n\t<meta property=\"og:image:type\" content=\"image\/jpeg\" \/>\n<meta name=\"author\" content=\"Radio Ljubu\u0161ki\" \/>\n<meta name=\"twitter:card\" content=\"summary_large_image\" \/>\n<meta name=\"twitter:creator\" content=\"@radioljubuski\" \/>\n<meta name=\"twitter:site\" content=\"@radioljubuski\" \/>\n<meta name=\"twitter:label1\" content=\"Napisao\/la\" \/>\n\t<meta name=\"twitter:data1\" content=\"Radio Ljubu\u0161ki\" \/>\n\t<meta name=\"twitter:label2\" content=\"Procijenjeno vrijeme \u010ditanja\" \/>\n\t<meta name=\"twitter:data2\" content=\"2 minute\" \/>\n<script type=\"application\/ld+json\" class=\"yoast-schema-graph\">{\"@context\":\"https:\\\/\\\/schema.org\",\"@graph\":[{\"@type\":\"Article\",\"@id\":\"https:\\\/\\\/radioljubuski.ba\\\/index.php\\\/2022\\\/04\\\/15\\\/pocela-podjela-dizelskog-goriva-poljoprivrednicima-u-federaciji-bih\\\/#article\",\"isPartOf\":{\"@id\":\"https:\\\/\\\/radioljubuski.ba\\\/index.php\\\/2022\\\/04\\\/15\\\/pocela-podjela-dizelskog-goriva-poljoprivrednicima-u-federaciji-bih\\\/\"},\"author\":{\"name\":\"Radio Ljubu\u0161ki\",\"@id\":\"https:\\\/\\\/radioljubuski.ba\\\/#\\\/schema\\\/person\\\/19fc700381a780f69665d7956c469e3b\"},\"headline\":\"Po\u010dela podjela dizelskog goriva poljoprivrednicima u Federaciji BiH\",\"datePublished\":\"2022-04-14T23:47:57+00:00\",\"dateModified\":\"2022-04-14T23:47:58+00:00\",\"mainEntityOfPage\":{\"@id\":\"https:\\\/\\\/radioljubuski.ba\\\/index.php\\\/2022\\\/04\\\/15\\\/pocela-podjela-dizelskog-goriva-poljoprivrednicima-u-federaciji-bih\\\/\"},\"wordCount\":283,\"publisher\":{\"@id\":\"https:\\\/\\\/radioljubuski.ba\\\/#organization\"},\"image\":{\"@id\":\"https:\\\/\\\/radioljubuski.ba\\\/index.php\\\/2022\\\/04\\\/15\\\/pocela-podjela-dizelskog-goriva-poljoprivrednicima-u-federaciji-bih\\\/#primaryimage\"},\"thumbnailUrl\":\"https:\\\/\\\/radioljubuski.ba\\\/wp-content\\\/uploads\\\/2022\\\/04\\\/10-2022-04-14-17-51-08-thumbs_b_c_29692e1dae0628c281a5424f4639a86f.jpg\",\"articleSection\":[\"BIH i regija\"],\"inLanguage\":\"hr\"},{\"@type\":\"WebPage\",\"@id\":\"https:\\\/\\\/radioljubuski.ba\\\/index.php\\\/2022\\\/04\\\/15\\\/pocela-podjela-dizelskog-goriva-poljoprivrednicima-u-federaciji-bih\\\/\",\"url\":\"https:\\\/\\\/radioljubuski.ba\\\/index.php\\\/2022\\\/04\\\/15\\\/pocela-podjela-dizelskog-goriva-poljoprivrednicima-u-federaciji-bih\\\/\",\"name\":\"Po\u010dela podjela dizelskog goriva poljoprivrednicima u Federaciji BiH - RADIO LJUBU\u0160KI\",\"isPartOf\":{\"@id\":\"https:\\\/\\\/radioljubuski.ba\\\/#website\"},\"primaryImageOfPage\":{\"@id\":\"https:\\\/\\\/radioljubuski.ba\\\/index.php\\\/2022\\\/04\\\/15\\\/pocela-podjela-dizelskog-goriva-poljoprivrednicima-u-federaciji-bih\\\/#primaryimage\"},\"image\":{\"@id\":\"https:\\\/\\\/radioljubuski.ba\\\/index.php\\\/2022\\\/04\\\/15\\\/pocela-podjela-dizelskog-goriva-poljoprivrednicima-u-federaciji-bih\\\/#primaryimage\"},\"thumbnailUrl\":\"https:\\\/\\\/radioljubuski.ba\\\/wp-content\\\/uploads\\\/2022\\\/04\\\/10-2022-04-14-17-51-08-thumbs_b_c_29692e1dae0628c281a5424f4639a86f.jpg\",\"datePublished\":\"2022-04-14T23:47:57+00:00\",\"dateModified\":\"2022-04-14T23:47:58+00:00\",\"breadcrumb\":{\"@id\":\"https:\\\/\\\/radioljubuski.ba\\\/index.php\\\/2022\\\/04\\\/15\\\/pocela-podjela-dizelskog-goriva-poljoprivrednicima-u-federaciji-bih\\\/#breadcrumb\"},\"inLanguage\":\"hr\",\"potentialAction\":[{\"@type\":\"ReadAction\",\"target\":[\"https:\\\/\\\/radioljubuski.ba\\\/index.php\\\/2022\\\/04\\\/15\\\/pocela-podjela-dizelskog-goriva-poljoprivrednicima-u-federaciji-bih\\\/\"]}]},{\"@type\":\"ImageObject\",\"inLanguage\":\"hr\",\"@id\":\"https:\\\/\\\/radioljubuski.ba\\\/index.php\\\/2022\\\/04\\\/15\\\/pocela-podjela-dizelskog-goriva-poljoprivrednicima-u-federaciji-bih\\\/#primaryimage\",\"url\":\"https:\\\/\\\/radioljubuski.ba\\\/wp-content\\\/uploads\\\/2022\\\/04\\\/10-2022-04-14-17-51-08-thumbs_b_c_29692e1dae0628c281a5424f4639a86f.jpg\",\"contentUrl\":\"https:\\\/\\\/radioljubuski.ba\\\/wp-content\\\/uploads\\\/2022\\\/04\\\/10-2022-04-14-17-51-08-thumbs_b_c_29692e1dae0628c281a5424f4639a86f.jpg\",\"width\":1000,\"height\":625},{\"@type\":\"BreadcrumbList\",\"@id\":\"https:\\\/\\\/radioljubuski.ba\\\/index.php\\\/2022\\\/04\\\/15\\\/pocela-podjela-dizelskog-goriva-poljoprivrednicima-u-federaciji-bih\\\/#breadcrumb\",\"itemListElement\":[{\"@type\":\"ListItem\",\"position\":1,\"name\":\"Po\u010detna stranica\",\"item\":\"https:\\\/\\\/radioljubuski.ba\\\/\"},{\"@type\":\"ListItem\",\"position\":2,\"name\":\"Po\u010dela podjela dizelskog goriva poljoprivrednicima u Federaciji BiH\"}]},{\"@type\":\"WebSite\",\"@id\":\"https:\\\/\\\/radioljubuski.ba\\\/#website\",\"url\":\"https:\\\/\\\/radioljubuski.ba\\\/\",\"name\":\"Radio Ljubu\u0161ki\",\"description\":\"Sun\u010dana frekvencija Hercegovine\",\"publisher\":{\"@id\":\"https:\\\/\\\/radioljubuski.ba\\\/#organization\"},\"potentialAction\":[{\"@type\":\"SearchAction\",\"target\":{\"@type\":\"EntryPoint\",\"urlTemplate\":\"https:\\\/\\\/radioljubuski.ba\\\/?s={search_term_string}\"},\"query-input\":{\"@type\":\"PropertyValueSpecification\",\"valueRequired\":true,\"valueName\":\"search_term_string\"}}],\"inLanguage\":\"hr\"},{\"@type\":\"Organization\",\"@id\":\"https:\\\/\\\/radioljubuski.ba\\\/#organization\",\"name\":\"Radio Ljubu\u0161ki\",\"url\":\"https:\\\/\\\/radioljubuski.ba\\\/\",\"logo\":{\"@type\":\"ImageObject\",\"inLanguage\":\"hr\",\"@id\":\"https:\\\/\\\/radioljubuski.ba\\\/#\\\/schema\\\/logo\\\/image\\\/\",\"url\":\"https:\\\/\\\/radioljubuski.ba\\\/wp-content\\\/uploads\\\/2021\\\/02\\\/cropped-Radio_Ljubuski_logo1.jpg\",\"contentUrl\":\"https:\\\/\\\/radioljubuski.ba\\\/wp-content\\\/uploads\\\/2021\\\/02\\\/cropped-Radio_Ljubuski_logo1.jpg\",\"width\":512,\"height\":512,\"caption\":\"Radio Ljubu\u0161ki\"},\"image\":{\"@id\":\"https:\\\/\\\/radioljubuski.ba\\\/#\\\/schema\\\/logo\\\/image\\\/\"},\"sameAs\":[\"https:\\\/\\\/www.facebook.com\\\/Radiio-Ljubuski-1490835324566332\",\"https:\\\/\\\/x.com\\\/radioljubuski\",\"https:\\\/\\\/hr.linkedin.com\\\/company\\\/radio-ljubuski\",\"https:\\\/\\\/www.youtube.com\\\/channel\\\/UCHYaeO_n0Db3tjNGudGpXyw\"]},{\"@type\":\"Person\",\"@id\":\"https:\\\/\\\/radioljubuski.ba\\\/#\\\/schema\\\/person\\\/19fc700381a780f69665d7956c469e3b\",\"name\":\"Radio Ljubu\u0161ki\"}]}<\/script>\n<!-- \/ Yoast SEO plugin. -->","yoast_head_json":{"title":"Po\u010dela podjela dizelskog goriva poljoprivrednicima u Federaciji BiH - RADIO LJUBU\u0160KI","robots":{"index":"index","follow":"follow","max-snippet":"max-snippet:-1","max-image-preview":"max-image-preview:large","max-video-preview":"max-video-preview:-1"},"canonical":"https:\/\/radioljubuski.ba\/index.php\/2022\/04\/15\/pocela-podjela-dizelskog-goriva-poljoprivrednicima-u-federaciji-bih\/","og_locale":"hr_HR","og_type":"article","og_title":"Po\u010dela podjela dizelskog goriva poljoprivrednicima u Federaciji BiH - RADIO LJUBU\u0160KI","og_description":"Poljoprivrednicima u Federaciji po\u010dela je podjela dizelskog goriva, rekao je za Faktor Ned\u017ead Bi\u0107o, predsjednik Udruge poljoprivrednika FBiH. Vlada FBiH je kao hitnu intervenciju izazvanu rastom cijena energenata odobrila jo\u0161 24. o\u017eujka, da se trajno da na kori\u0161tenje, bez naknade, dizelsko gorivo u koli\u010dini od 1,400.000 litara poljoprivrednim proizvo\u0111a\u010dima iz postoje\u0107ih zaliha federalnih robnih rezervi. [&hellip;]","og_url":"https:\/\/radioljubuski.ba\/index.php\/2022\/04\/15\/pocela-podjela-dizelskog-goriva-poljoprivrednicima-u-federaciji-bih\/","og_site_name":"RADIO LJUBU\u0160KI","article_publisher":"https:\/\/www.facebook.com\/Radiio-Ljubuski-1490835324566332","article_published_time":"2022-04-14T23:47:57+00:00","article_modified_time":"2022-04-14T23:47:58+00:00","og_image":[{"width":1000,"height":625,"url":"https:\/\/radioljubuski.ba\/wp-content\/uploads\/2022\/04\/10-2022-04-14-17-51-08-thumbs_b_c_29692e1dae0628c281a5424f4639a86f.jpg","type":"image\/jpeg"}],"author":"Radio Ljubu\u0161ki","twitter_card":"summary_large_image","twitter_creator":"@radioljubuski","twitter_site":"@radioljubuski","twitter_misc":{"Napisao\/la":"Radio Ljubu\u0161ki","Procijenjeno vrijeme \u010ditanja":"2 minute"},"schema":{"@context":"https:\/\/schema.org","@graph":[{"@type":"Article","@id":"https:\/\/radioljubuski.ba\/index.php\/2022\/04\/15\/pocela-podjela-dizelskog-goriva-poljoprivrednicima-u-federaciji-bih\/#article","isPartOf":{"@id":"https:\/\/radioljubuski.ba\/index.php\/2022\/04\/15\/pocela-podjela-dizelskog-goriva-poljoprivrednicima-u-federaciji-bih\/"},"author":{"name":"Radio Ljubu\u0161ki","@id":"https:\/\/radioljubuski.ba\/#\/schema\/person\/19fc700381a780f69665d7956c469e3b"},"headline":"Po\u010dela podjela dizelskog goriva poljoprivrednicima u Federaciji BiH","datePublished":"2022-04-14T23:47:57+00:00","dateModified":"2022-04-14T23:47:58+00:00","mainEntityOfPage":{"@id":"https:\/\/radioljubuski.ba\/index.php\/2022\/04\/15\/pocela-podjela-dizelskog-goriva-poljoprivrednicima-u-federaciji-bih\/"},"wordCount":283,"publisher":{"@id":"https:\/\/radioljubuski.ba\/#organization"},"image":{"@id":"https:\/\/radioljubuski.ba\/index.php\/2022\/04\/15\/pocela-podjela-dizelskog-goriva-poljoprivrednicima-u-federaciji-bih\/#primaryimage"},"thumbnailUrl":"https:\/\/radioljubuski.ba\/wp-content\/uploads\/2022\/04\/10-2022-04-14-17-51-08-thumbs_b_c_29692e1dae0628c281a5424f4639a86f.jpg","articleSection":["BIH i regija"],"inLanguage":"hr"},{"@type":"WebPage","@id":"https:\/\/radioljubuski.ba\/index.php\/2022\/04\/15\/pocela-podjela-dizelskog-goriva-poljoprivrednicima-u-federaciji-bih\/","url":"https:\/\/radioljubuski.ba\/index.php\/2022\/04\/15\/pocela-podjela-dizelskog-goriva-poljoprivrednicima-u-federaciji-bih\/","name":"Po\u010dela podjela dizelskog goriva poljoprivrednicima u Federaciji BiH - RADIO LJUBU\u0160KI","isPartOf":{"@id":"https:\/\/radioljubuski.ba\/#website"},"primaryImageOfPage":{"@id":"https:\/\/radioljubuski.ba\/index.php\/2022\/04\/15\/pocela-podjela-dizelskog-goriva-poljoprivrednicima-u-federaciji-bih\/#primaryimage"},"image":{"@id":"https:\/\/radioljubuski.ba\/index.php\/2022\/04\/15\/pocela-podjela-dizelskog-goriva-poljoprivrednicima-u-federaciji-bih\/#primaryimage"},"thumbnailUrl":"https:\/\/radioljubuski.ba\/wp-content\/uploads\/2022\/04\/10-2022-04-14-17-51-08-thumbs_b_c_29692e1dae0628c281a5424f4639a86f.jpg","datePublished":"2022-04-14T23:47:57+00:00","dateModified":"2022-04-14T23:47:58+00:00","breadcrumb":{"@id":"https:\/\/radioljubuski.ba\/index.php\/2022\/04\/15\/pocela-podjela-dizelskog-goriva-poljoprivrednicima-u-federaciji-bih\/#breadcrumb"},"inLanguage":"hr","potentialAction":[{"@type":"ReadAction","target":["https:\/\/radioljubuski.ba\/index.php\/2022\/04\/15\/pocela-podjela-dizelskog-goriva-poljoprivrednicima-u-federaciji-bih\/"]}]},{"@type":"ImageObject","inLanguage":"hr","@id":"https:\/\/radioljubuski.ba\/index.php\/2022\/04\/15\/pocela-podjela-dizelskog-goriva-poljoprivrednicima-u-federaciji-bih\/#primaryimage","url":"https:\/\/radioljubuski.ba\/wp-content\/uploads\/2022\/04\/10-2022-04-14-17-51-08-thumbs_b_c_29692e1dae0628c281a5424f4639a86f.jpg","contentUrl":"https:\/\/radioljubuski.ba\/wp-content\/uploads\/2022\/04\/10-2022-04-14-17-51-08-thumbs_b_c_29692e1dae0628c281a5424f4639a86f.jpg","width":1000,"height":625},{"@type":"BreadcrumbList","@id":"https:\/\/radioljubuski.ba\/index.php\/2022\/04\/15\/pocela-podjela-dizelskog-goriva-poljoprivrednicima-u-federaciji-bih\/#breadcrumb","itemListElement":[{"@type":"ListItem","position":1,"name":"Po\u010detna stranica","item":"https:\/\/radioljubuski.ba\/"},{"@type":"ListItem","position":2,"name":"Po\u010dela podjela dizelskog goriva poljoprivrednicima u Federaciji BiH"}]},{"@type":"WebSite","@id":"https:\/\/radioljubuski.ba\/#website","url":"https:\/\/radioljubuski.ba\/","name":"Radio Ljubu\u0161ki","description":"Sun\u010dana frekvencija Hercegovine","publisher":{"@id":"https:\/\/radioljubuski.ba\/#organization"},"potentialAction":[{"@type":"SearchAction","target":{"@type":"EntryPoint","urlTemplate":"https:\/\/radioljubuski.ba\/?s={search_term_string}"},"query-input":{"@type":"PropertyValueSpecification","valueRequired":true,"valueName":"search_term_string"}}],"inLanguage":"hr"},{"@type":"Organization","@id":"https:\/\/radioljubuski.ba\/#organization","name":"Radio Ljubu\u0161ki","url":"https:\/\/radioljubuski.ba\/","logo":{"@type":"ImageObject","inLanguage":"hr","@id":"https:\/\/radioljubuski.ba\/#\/schema\/logo\/image\/","url":"https:\/\/radioljubuski.ba\/wp-content\/uploads\/2021\/02\/cropped-Radio_Ljubuski_logo1.jpg","contentUrl":"https:\/\/radioljubuski.ba\/wp-content\/uploads\/2021\/02\/cropped-Radio_Ljubuski_logo1.jpg","width":512,"height":512,"caption":"Radio Ljubu\u0161ki"},"image":{"@id":"https:\/\/radioljubuski.ba\/#\/schema\/logo\/image\/"},"sameAs":["https:\/\/www.facebook.com\/Radiio-Ljubuski-1490835324566332","https:\/\/x.com\/radioljubuski","https:\/\/hr.linkedin.com\/company\/radio-ljubuski","https:\/\/www.youtube.com\/channel\/UCHYaeO_n0Db3tjNGudGpXyw"]},{"@type":"Person","@id":"https:\/\/radioljubuski.ba\/#\/schema\/person\/19fc700381a780f69665d7956c469e3b","name":"Radio Ljubu\u0161ki"}]}},"_links":{"self":[{"href":"https:\/\/radioljubuski.ba\/index.php\/wp-json\/wp\/v2\/posts\/132754","targetHints":{"allow":["GET"]}}],"collection":[{"href":"https:\/\/radioljubuski.ba\/index.php\/wp-json\/wp\/v2\/posts"}],"about":[{"href":"https:\/\/radioljubuski.ba\/index.php\/wp-json\/wp\/v2\/types\/post"}],"author":[{"embeddable":true,"href":"https:\/\/radioljubuski.ba\/index.php\/wp-json\/wp\/v2\/users\/2"}],"replies":[{"embeddable":true,"href":"https:\/\/radioljubuski.ba\/index.php\/wp-json\/wp\/v2\/comments?post=132754"}],"version-history":[{"count":1,"href":"https:\/\/radioljubuski.ba\/index.php\/wp-json\/wp\/v2\/posts\/132754\/revisions"}],"predecessor-version":[{"id":132756,"href":"https:\/\/radioljubuski.ba\/index.php\/wp-json\/wp\/v2\/posts\/132754\/revisions\/132756"}],"wp:featuredmedia":[{"embeddable":true,"href":"https:\/\/radioljubuski.ba\/index.php\/wp-json\/wp\/v2\/media\/132755"}],"wp:attachment":[{"href":"https:\/\/radioljubuski.ba\/index.php\/wp-json\/wp\/v2\/media?parent=132754"}],"wp:term":[{"taxonomy":"category","embeddable":true,"href":"https:\/\/radioljubuski.ba\/index.php\/wp-json\/wp\/v2\/categories?post=132754"},{"taxonomy":"post_tag","embeddable":true,"href":"https:\/\/radioljubuski.ba\/index.php\/wp-json\/wp\/v2\/tags?post=132754"}],"curies":[{"name":"wp","href":"https:\/\/api.w.org\/{rel}","templated":true}]}}